{"id":120944,"date":"2025-11-05T09:23:00","date_gmt":"2025-11-05T16:23:00","guid":{"rendered":"https:\/\/fuentesfidedignas.com.mx\/?p=120944"},"modified":"2025-11-05T09:44:14","modified_gmt":"2025-11-05T16:44:14","slug":"al-menos-7-muertos-al-estrellarse-un-avion-de-carga-mientras-despegaba-en-kentucky-eu","status":"publish","type":"post","link":"https:\/\/fuentesfidedignas.com.mx\/index.php\/2025\/11\/05\/al-menos-7-muertos-al-estrellarse-un-avion-de-carga-mientras-despegaba-en-kentucky-eu\/","title":{"rendered":"Al menos 7 muertos al estrellarse un avi\u00f3n de carga mientras despegaba en Kentucky, EU"},"content":{"rendered":"\n<p><strong><em>Al menos siete personas murieron cuando un avi\u00f3n de carga de UPS (United Parcel Service), una empresa de mensajer\u00eda, se estrell\u00f3 al despegar de un aeropuerto en Louisville, Kentucky, el martes por la noche, seg\u00fan inform\u00f3 el gobernador del estado.<\/em><\/strong><\/p>\n\n\n\n<p>Andy Beshear afirm\u00f3 que los tres miembros de la tripulaci\u00f3n del avi\u00f3n probablemente se encontraban entre los fallecidos despu\u00e9s de que el avi\u00f3n de carga explotara al despegar del Aeropuerto Internacional Muhammad Ali de Louisville alrededor de las 17:15 hora local (22:15 GMT).<\/p>\n\n\n\n<p>No est\u00e1 claro si la cifra de v\u00edctimas mortales incluye a los tres miembros de la tripulaci\u00f3n que iban a bordo del avi\u00f3n.<\/p>\n\n\n\n<p>Al menos otras 11 personas resultaron heridas cuando el avi\u00f3n se estrell\u00f3, lo que provoc\u00f3 una espesa columna de humo negro en el cielo.<\/p>\n\n\n\n<p>Las autoridades advirtieron de que el accidente caus\u00f3 lesiones &#8220;muy graves&#8221; a varias personas y que el n\u00famero de v\u00edctimas mortales podr\u00eda aumentar.<\/p>\n\n\n\n<p>Dos trabajadores de la empresa de autopartes donde el avi\u00f3n se estrell\u00f3 segu\u00edan desaparecidos el martes por la tarde, y se desconoce cu\u00e1ntos clientes se encontraban en las instalaciones cuando se produjo el accidente.<\/p>\n\n\n\n<p>En un comunicado, UPS afirm\u00f3 que hab\u00eda tres miembros de la tripulaci\u00f3n a bordo y a\u00f1adi\u00f3 que &#8220;no hemos confirmado ning\u00fan herido ni v\u00edctima mortal&#8221;.<\/p>\n\n\n\n<p>Se est\u00e1 llevando a cabo una investigaci\u00f3n preliminar, pero las autoridades han afirmado que es demasiado pronto para determinar la causa del accidente.<\/p>\n\n\n\n<p>Sin embargo, las autoridades se\u00f1alaron que el enorme incendio se debi\u00f3 a la cantidad de combustible que transportaba el avi\u00f3n, que estaba iniciando un viaje de unos 6.920 km hasta Haw\u00e1i.<\/p>\n\n\n\n<p>El avi\u00f3n transportaba 144.000 litros de combustible cuando se estrell\u00f3.<\/p>\n\n\n\n<p>No se ha confirmado qu\u00e9 carga llevaba a bordo, aunque las autoridades han afirmado que el avi\u00f3n no transportaba nada que pudiera suponer un riesgo elevado de contaminaci\u00f3n.<\/p>\n\n\n\n<p>La explosi\u00f3n afect\u00f3 al menos a dos negocios cercanos, entre ellos una empresa de reciclaje de petr\u00f3leo. Inicialmente se emiti\u00f3 una orden de refugiarse dentro de un radio de cinco millas del aeropuerto debido a la preocupaci\u00f3n por nuevas explosiones y contaminaci\u00f3n atmosf\u00e9rica, pero posteriormente se redujo a solo una milla.<\/p>\n\n\n\n<p>Todos los vuelos de salida del martes por la noche fueron cancelados, seg\u00fan inform\u00f3 el aeropuerto en un comunicado en X.<\/p>\n\n\n\n<p>El jefe del Departamento de Bomberos de Louisville, Brian O&#8217;Neal, dijo que la cantidad de combustible derramado en el lugar del accidente lo convert\u00eda en una &#8220;situaci\u00f3n muy peligrosa&#8221;.<\/p>\n\n\n\n<p>En una rueda de prensa, Beshear alert\u00f3 a la poblaci\u00f3n para que no se acercara al lugar del accidente.<\/p>\n\n\n\n<p>&#8220;Cualquiera que haya visto las im\u00e1genes y el video sabe lo violento que ha sido este accidente&#8221;, afirm\u00f3.<\/p>\n\n\n\n<p>&#8220;Todav\u00eda hay elementos peligrosos que son inflamables y potencialmente explosivos&#8221;.<\/p>\n\n\n\n<p>Beshear dijo que no iba a &#8220;especular&#8221; sobre las causas del incidente y a\u00f1adi\u00f3 que la Oficina Nacional de Seguridad en el Transporte (NTSB) se encargar\u00eda de la investigaci\u00f3n.<\/p>\n\n\n\n<p>El equipo de investigaci\u00f3n de la NTSB tiene previsto llegar a Kentucky este mi\u00e9rcoles.<\/p>\n\n\n\n<p>El jefe del Departamento de Polic\u00eda Metropolitana de Louisville, Paul Humphrey, afirm\u00f3 que el lugar del accidente seguir\u00e1 siendo &#8220;un escenario en activo durante los pr\u00f3ximos d\u00edas&#8221;.<\/p>\n\n\n\n<p>&#8220;No sabemos cu\u00e1nto tiempo llevar\u00e1 garantizar la seguridad del lugar para que se pueda llevar a cabo la investigaci\u00f3n&#8221;, a\u00f1adi\u00f3.<\/p>\n\n\n\n<p>El modelo de avi\u00f3n implicado era un MD-11F de tres motores, que entr\u00f3 en servicio hace 34 a\u00f1os con Thai Airways como avi\u00f3n de pasajeros, pero que fue transferido a UPS en 2006.<\/p>\n\n\n\n<p>El avi\u00f3n fue fabricado originalmente por McDonnell Douglas, que se fusion\u00f3 con Boeing en 1997.<\/p>\n\n\n\n<p>En 2023, FedEx y UPS anunciaron sus planes de retirar sus flotas de MD-11 durante la pr\u00f3xima d\u00e9cada como parte de sus planes de modernizaci\u00f3n.<\/p>\n\n\n\n<p>En un comunicado, Boeing afirm\u00f3 que est\u00e1 &#8220;dispuesta a apoyar a nuestros clientes&#8221; y que &#8220;nuestra preocupaci\u00f3n es la seguridad y el bienestar de todos los afectados&#8221;.<\/p>\n\n\n\n<p>A\u00f1adi\u00f3 que ofrecer\u00e1 asistencia t\u00e9cnica a la NTSB.<\/p>\n\n\n\n<p>Louisville es la sede de UPS Worldport, un centro global para las operaciones de carga a\u00e9rea de la empresa de mensajer\u00eda y su mayor instalaci\u00f3n de manipulaci\u00f3n de paquetes del mundo.<\/p>\n\n\n\n<p>Durante la rueda de prensa, Betsy Ruhe, miembro del Consejo Metropolitano de Louisville, afirm\u00f3 que la ciudad es una &#8220;ciudad UPS&#8221; y que todos los residentes conocen a alguien que trabaja para la empresa.<\/p>\n\n\n\n<p>&#8220;Todos est\u00e1n enviando mensajes de texto a sus amigos y familiares para asegurarse de que todos est\u00e1n bien&#8221;, afirm\u00f3.<\/p>\n\n\n\n<p>En un comunicado, UPS declar\u00f3 que estaba &#8220;profundamente entristecida&#8221; por el incidente y que suspender\u00eda las operaciones de clasificaci\u00f3n de paquetes en Worldport el martes por la noche.<\/p>\n\n\n\n<p>&#8220;UPS est\u00e1 comprometida con la seguridad de nuestros empleados, clientes y las comunidades a las que prestamos servicio. Esto es especialmente cierto en Louisville, sede de nuestra aerol\u00ednea y de miles de empleados de UPS&#8221;, a\u00f1adi\u00f3.<\/p>\n\n\n\n<p>La senadora estatal Keturah Herron afirm\u00f3 que &#8220;muchos de nosotros vemos a nuestros familiares y seres queridos pasar por (el aeropuerto de Louisville) con regularidad&#8221;.<\/p>\n\n\n\n<p>En una publicaci\u00f3n en X, el alcalde de Louisville, Craig Greenberg, asegur\u00f3 que el accidente a\u00e9reo es una &#8220;tragedia incre\u00edble que nuestra comunidad nunca olvidar\u00e1&#8221;.<\/p>\n\n\n\n<p>&#8220;Estamos muy agradecidos a nuestros valientes equipos de respuesta r\u00e1pida, que han acudido en masa al lugar para ayudar a controlar el incendio y prestar apoyo a las v\u00edctimas en tierra&#8221;, agreg\u00f3.<\/p>\n","protected":false},"excerpt":{"rendered":"<p>Al menos siete personas murieron cuando un avi\u00f3n de carga de UPS (United Parcel Service), una empresa de mensajer\u00eda, se estrell\u00f3 al despegar de un aeropuerto en Louisville, Kentucky, el martes por la noche, seg\u00fan inform\u00f3 el gobernador del estado. Andy Beshear afirm\u00f3 que los tres miembros de la tripulaci\u00f3n del avi\u00f3n probablemente se encontraban [&hellip;]<\/p>\n","protected":false},"author":189,"featured_media":120945,"comment_status":"open","ping_status":"open","sticky":false,"template":"","format":"standard","meta":{"tdm_status":"","tdm_grid_status":"","footnotes":""},"categories":[39],"tags":[],"class_list":{"0":"post-120944","1":"post","2":"type-post","3":"status-publish","4":"format-standard","5":"has-post-thumbnail","7":"category-noticias-nacionales"},"yoast_head":"<!-- This site is optimized with the Yoast SEO plugin v27.4 - https:\/\/yoast.com\/product\/yoast-seo-wordpress\/ -->\n<title>Al menos 7 muertos al estrellarse un avi\u00f3n de carga mientras despegaba en Kentucky, EU - Fuentes Fidedignas<\/title>\n<meta name=\"robots\" content=\"index, follow, max-snippet:-1, max-image-preview:large, max-video-preview:-1\" \/>\n<link rel=\"canonical\" href=\"https:\/\/fuentesfidedignas.com.mx\/index.php\/2025\/11\/05\/al-menos-7-muertos-al-estrellarse-un-avion-de-carga-mientras-despegaba-en-kentucky-eu\/\" \/>\n<meta property=\"og:locale\" content=\"es_MX\" \/>\n<meta property=\"og:type\" content=\"article\" \/>\n<meta property=\"og:title\" content=\"Al menos 7 muertos al estrellarse un avi\u00f3n de carga mientras despegaba en Kentucky, EU - Fuentes Fidedignas\" \/>\n<meta property=\"og:description\" content=\"Al menos siete personas murieron cuando un avi\u00f3n de carga de UPS (United Parcel Service), una empresa de mensajer\u00eda, se estrell\u00f3 al despegar de un aeropuerto en Louisville, Kentucky, el martes por la noche, seg\u00fan inform\u00f3 el gobernador del estado. Andy Beshear afirm\u00f3 que los tres miembros de la tripulaci\u00f3n del avi\u00f3n probablemente se encontraban [&hellip;]\" \/>\n<meta property=\"og:url\" content=\"https:\/\/fuentesfidedignas.com.mx\/index.php\/2025\/11\/05\/al-menos-7-muertos-al-estrellarse-un-avion-de-carga-mientras-despegaba-en-kentucky-eu\/\" \/>\n<meta property=\"og:site_name\" content=\"Fuentes Fidedignas\" \/>\n<meta property=\"article:publisher\" content=\"https:\/\/www.facebook.com\/Fuentes-Fidedignas-368234489921644\" \/>\n<meta property=\"article:published_time\" content=\"2025-11-05T16:23:00+00:00\" \/>\n<meta property=\"article:modified_time\" content=\"2025-11-05T16:44:14+00:00\" \/>\n<meta property=\"og:image\" content=\"https:\/\/fuentesfidedignas.com.mx\/wp-content\/uploads\/2025\/11\/incendio_avion.jpg\" \/>\n\t<meta property=\"og:image:width\" content=\"500\" \/>\n\t<meta property=\"og:image:height\" content=\"330\" \/>\n\t<meta property=\"og:image:type\" content=\"image\/jpeg\" \/>\n<meta name=\"author\" content=\"BBC\" \/>\n<meta name=\"twitter:card\" content=\"summary_large_image\" \/>\n<meta name=\"twitter:creator\" content=\"@fidedignas\" \/>\n<meta name=\"twitter:site\" content=\"@fidedignas\" \/>\n<meta name=\"twitter:label1\" content=\"Escrito por\" \/>\n\t<meta name=\"twitter:data1\" content=\"BBC\" \/>\n\t<meta name=\"twitter:label2\" content=\"Tiempo de lectura\" \/>\n\t<meta name=\"twitter:data2\" content=\"5 minutos\" \/>\n<script type=\"application\/ld+json\" class=\"yoast-schema-graph\">{\"@context\":\"https:\\\/\\\/schema.org\",\"@graph\":[{\"@type\":\"Article\",\"@id\":\"https:\\\/\\\/fuentesfidedignas.com.mx\\\/index.php\\\/2025\\\/11\\\/05\\\/al-menos-7-muertos-al-estrellarse-un-avion-de-carga-mientras-despegaba-en-kentucky-eu\\\/#article\",\"isPartOf\":{\"@id\":\"https:\\\/\\\/fuentesfidedignas.com.mx\\\/index.php\\\/2025\\\/11\\\/05\\\/al-menos-7-muertos-al-estrellarse-un-avion-de-carga-mientras-despegaba-en-kentucky-eu\\\/\"},\"author\":{\"name\":\"BBC\",\"@id\":\"https:\\\/\\\/fuentesfidedignas.com.mx\\\/#\\\/schema\\\/person\\\/874366b19094b92b0e7c9d80d27339b9\"},\"headline\":\"Al menos 7 muertos al estrellarse un avi\u00f3n de carga mientras despegaba en Kentucky, EU\",\"datePublished\":\"2025-11-05T16:23:00+00:00\",\"dateModified\":\"2025-11-05T16:44:14+00:00\",\"mainEntityOfPage\":{\"@id\":\"https:\\\/\\\/fuentesfidedignas.com.mx\\\/index.php\\\/2025\\\/11\\\/05\\\/al-menos-7-muertos-al-estrellarse-un-avion-de-carga-mientras-despegaba-en-kentucky-eu\\\/\"},\"wordCount\":964,\"commentCount\":0,\"publisher\":{\"@id\":\"https:\\\/\\\/fuentesfidedignas.com.mx\\\/#organization\"},\"image\":{\"@id\":\"https:\\\/\\\/fuentesfidedignas.com.mx\\\/index.php\\\/2025\\\/11\\\/05\\\/al-menos-7-muertos-al-estrellarse-un-avion-de-carga-mientras-despegaba-en-kentucky-eu\\\/#primaryimage\"},\"thumbnailUrl\":\"https:\\\/\\\/fuentesfidedignas.com.mx\\\/wp-content\\\/uploads\\\/2025\\\/11\\\/incendio_avion.jpg\",\"articleSection\":[\"NOTICIAS NACIONALES\"],\"inLanguage\":\"es\",\"potentialAction\":[{\"@type\":\"CommentAction\",\"name\":\"Comment\",\"target\":[\"https:\\\/\\\/fuentesfidedignas.com.mx\\\/index.php\\\/2025\\\/11\\\/05\\\/al-menos-7-muertos-al-estrellarse-un-avion-de-carga-mientras-despegaba-en-kentucky-eu\\\/#respond\"]}]},{\"@type\":\"WebPage\",\"@id\":\"https:\\\/\\\/fuentesfidedignas.com.mx\\\/index.php\\\/2025\\\/11\\\/05\\\/al-menos-7-muertos-al-estrellarse-un-avion-de-carga-mientras-despegaba-en-kentucky-eu\\\/\",\"url\":\"https:\\\/\\\/fuentesfidedignas.com.mx\\\/index.php\\\/2025\\\/11\\\/05\\\/al-menos-7-muertos-al-estrellarse-un-avion-de-carga-mientras-despegaba-en-kentucky-eu\\\/\",\"name\":\"Al menos 7 muertos al estrellarse un avi\u00f3n de carga mientras despegaba en Kentucky, EU - Fuentes Fidedignas\",\"isPartOf\":{\"@id\":\"https:\\\/\\\/fuentesfidedignas.com.mx\\\/#website\"},\"primaryImageOfPage\":{\"@id\":\"https:\\\/\\\/fuentesfidedignas.com.mx\\\/index.php\\\/2025\\\/11\\\/05\\\/al-menos-7-muertos-al-estrellarse-un-avion-de-carga-mientras-despegaba-en-kentucky-eu\\\/#primaryimage\"},\"image\":{\"@id\":\"https:\\\/\\\/fuentesfidedignas.com.mx\\\/index.php\\\/2025\\\/11\\\/05\\\/al-menos-7-muertos-al-estrellarse-un-avion-de-carga-mientras-despegaba-en-kentucky-eu\\\/#primaryimage\"},\"thumbnailUrl\":\"https:\\\/\\\/fuentesfidedignas.com.mx\\\/wp-content\\\/uploads\\\/2025\\\/11\\\/incendio_avion.jpg\",\"datePublished\":\"2025-11-05T16:23:00+00:00\",\"dateModified\":\"2025-11-05T16:44:14+00:00\",\"breadcrumb\":{\"@id\":\"https:\\\/\\\/fuentesfidedignas.com.mx\\\/index.php\\\/2025\\\/11\\\/05\\\/al-menos-7-muertos-al-estrellarse-un-avion-de-carga-mientras-despegaba-en-kentucky-eu\\\/#breadcrumb\"},\"inLanguage\":\"es\",\"potentialAction\":[{\"@type\":\"ReadAction\",\"target\":[\"https:\\\/\\\/fuentesfidedignas.com.mx\\\/index.php\\\/2025\\\/11\\\/05\\\/al-menos-7-muertos-al-estrellarse-un-avion-de-carga-mientras-despegaba-en-kentucky-eu\\\/\"]}]},{\"@type\":\"ImageObject\",\"inLanguage\":\"es\",\"@id\":\"https:\\\/\\\/fuentesfidedignas.com.mx\\\/index.php\\\/2025\\\/11\\\/05\\\/al-menos-7-muertos-al-estrellarse-un-avion-de-carga-mientras-despegaba-en-kentucky-eu\\\/#primaryimage\",\"url\":\"https:\\\/\\\/fuentesfidedignas.com.mx\\\/wp-content\\\/uploads\\\/2025\\\/11\\\/incendio_avion.jpg\",\"contentUrl\":\"https:\\\/\\\/fuentesfidedignas.com.mx\\\/wp-content\\\/uploads\\\/2025\\\/11\\\/incendio_avion.jpg\",\"width\":500,\"height\":330},{\"@type\":\"BreadcrumbList\",\"@id\":\"https:\\\/\\\/fuentesfidedignas.com.mx\\\/index.php\\\/2025\\\/11\\\/05\\\/al-menos-7-muertos-al-estrellarse-un-avion-de-carga-mientras-despegaba-en-kentucky-eu\\\/#breadcrumb\",\"itemListElement\":[{\"@type\":\"ListItem\",\"position\":1,\"name\":\"Inicio\",\"item\":\"https:\\\/\\\/fuentesfidedignas.com.mx\\\/\"},{\"@type\":\"ListItem\",\"position\":2,\"name\":\"Al menos 7 muertos al estrellarse un avi\u00f3n de carga mientras despegaba en Kentucky, EU\"}]},{\"@type\":\"WebSite\",\"@id\":\"https:\\\/\\\/fuentesfidedignas.com.mx\\\/#website\",\"url\":\"https:\\\/\\\/fuentesfidedignas.com.mx\\\/\",\"name\":\"Fuentes Fidedignas\",\"description\":\"Otro sitio realizado con WordPress\",\"publisher\":{\"@id\":\"https:\\\/\\\/fuentesfidedignas.com.mx\\\/#organization\"},\"potentialAction\":[{\"@type\":\"SearchAction\",\"target\":{\"@type\":\"EntryPoint\",\"urlTemplate\":\"https:\\\/\\\/fuentesfidedignas.com.mx\\\/?s={search_term_string}\"},\"query-input\":{\"@type\":\"PropertyValueSpecification\",\"valueRequired\":true,\"valueName\":\"search_term_string\"}}],\"inLanguage\":\"es\"},{\"@type\":\"Organization\",\"@id\":\"https:\\\/\\\/fuentesfidedignas.com.mx\\\/#organization\",\"name\":\"Fuentes Fidedignas\",\"url\":\"https:\\\/\\\/fuentesfidedignas.com.mx\\\/\",\"logo\":{\"@type\":\"ImageObject\",\"inLanguage\":\"es\",\"@id\":\"https:\\\/\\\/fuentesfidedignas.com.mx\\\/#\\\/schema\\\/logo\\\/image\\\/\",\"url\":\"https:\\\/\\\/fuentesfidedignas.com.mx\\\/wp-content\\\/uploads\\\/2021\\\/04\\\/logo-retina.png\",\"contentUrl\":\"https:\\\/\\\/fuentesfidedignas.com.mx\\\/wp-content\\\/uploads\\\/2021\\\/04\\\/logo-retina.png\",\"width\":280,\"height\":51,\"caption\":\"Fuentes Fidedignas\"},\"image\":{\"@id\":\"https:\\\/\\\/fuentesfidedignas.com.mx\\\/#\\\/schema\\\/logo\\\/image\\\/\"},\"sameAs\":[\"https:\\\/\\\/www.facebook.com\\\/Fuentes-Fidedignas-368234489921644\",\"https:\\\/\\\/x.com\\\/fidedignas\"]},{\"@type\":\"Person\",\"@id\":\"https:\\\/\\\/fuentesfidedignas.com.mx\\\/#\\\/schema\\\/person\\\/874366b19094b92b0e7c9d80d27339b9\",\"name\":\"BBC\",\"image\":{\"@type\":\"ImageObject\",\"inLanguage\":\"es\",\"@id\":\"https:\\\/\\\/secure.gravatar.com\\\/avatar\\\/2cafd9173802e9d6b4378fcc6212f6ae8d73e05f11a41597a7348804540b78d6?s=96&d=mm&r=g\",\"url\":\"https:\\\/\\\/secure.gravatar.com\\\/avatar\\\/2cafd9173802e9d6b4378fcc6212f6ae8d73e05f11a41597a7348804540b78d6?s=96&d=mm&r=g\",\"contentUrl\":\"https:\\\/\\\/secure.gravatar.com\\\/avatar\\\/2cafd9173802e9d6b4378fcc6212f6ae8d73e05f11a41597a7348804540b78d6?s=96&d=mm&r=g\",\"caption\":\"BBC\"},\"url\":\"https:\\\/\\\/fuentesfidedignas.com.mx\\\/index.php\\\/author\\\/bbc\\\/\"}]}<\/script>\n<!-- \/ Yoast SEO plugin. -->","yoast_head_json":{"title":"Al menos 7 muertos al estrellarse un avi\u00f3n de carga mientras despegaba en Kentucky, EU - Fuentes Fidedignas","robots":{"index":"index","follow":"follow","max-snippet":"max-snippet:-1","max-image-preview":"max-image-preview:large","max-video-preview":"max-video-preview:-1"},"canonical":"https:\/\/fuentesfidedignas.com.mx\/index.php\/2025\/11\/05\/al-menos-7-muertos-al-estrellarse-un-avion-de-carga-mientras-despegaba-en-kentucky-eu\/","og_locale":"es_MX","og_type":"article","og_title":"Al menos 7 muertos al estrellarse un avi\u00f3n de carga mientras despegaba en Kentucky, EU - Fuentes Fidedignas","og_description":"Al menos siete personas murieron cuando un avi\u00f3n de carga de UPS (United Parcel Service), una empresa de mensajer\u00eda, se estrell\u00f3 al despegar de un aeropuerto en Louisville, Kentucky, el martes por la noche, seg\u00fan inform\u00f3 el gobernador del estado. Andy Beshear afirm\u00f3 que los tres miembros de la tripulaci\u00f3n del avi\u00f3n probablemente se encontraban [&hellip;]","og_url":"https:\/\/fuentesfidedignas.com.mx\/index.php\/2025\/11\/05\/al-menos-7-muertos-al-estrellarse-un-avion-de-carga-mientras-despegaba-en-kentucky-eu\/","og_site_name":"Fuentes Fidedignas","article_publisher":"https:\/\/www.facebook.com\/Fuentes-Fidedignas-368234489921644","article_published_time":"2025-11-05T16:23:00+00:00","article_modified_time":"2025-11-05T16:44:14+00:00","og_image":[{"width":500,"height":330,"url":"https:\/\/fuentesfidedignas.com.mx\/wp-content\/uploads\/2025\/11\/incendio_avion.jpg","type":"image\/jpeg"}],"author":"BBC","twitter_card":"summary_large_image","twitter_creator":"@fidedignas","twitter_site":"@fidedignas","twitter_misc":{"Escrito por":"BBC","Tiempo de lectura":"5 minutos"},"schema":{"@context":"https:\/\/schema.org","@graph":[{"@type":"Article","@id":"https:\/\/fuentesfidedignas.com.mx\/index.php\/2025\/11\/05\/al-menos-7-muertos-al-estrellarse-un-avion-de-carga-mientras-despegaba-en-kentucky-eu\/#article","isPartOf":{"@id":"https:\/\/fuentesfidedignas.com.mx\/index.php\/2025\/11\/05\/al-menos-7-muertos-al-estrellarse-un-avion-de-carga-mientras-despegaba-en-kentucky-eu\/"},"author":{"name":"BBC","@id":"https:\/\/fuentesfidedignas.com.mx\/#\/schema\/person\/874366b19094b92b0e7c9d80d27339b9"},"headline":"Al menos 7 muertos al estrellarse un avi\u00f3n de carga mientras despegaba en Kentucky, EU","datePublished":"2025-11-05T16:23:00+00:00","dateModified":"2025-11-05T16:44:14+00:00","mainEntityOfPage":{"@id":"https:\/\/fuentesfidedignas.com.mx\/index.php\/2025\/11\/05\/al-menos-7-muertos-al-estrellarse-un-avion-de-carga-mientras-despegaba-en-kentucky-eu\/"},"wordCount":964,"commentCount":0,"publisher":{"@id":"https:\/\/fuentesfidedignas.com.mx\/#organization"},"image":{"@id":"https:\/\/fuentesfidedignas.com.mx\/index.php\/2025\/11\/05\/al-menos-7-muertos-al-estrellarse-un-avion-de-carga-mientras-despegaba-en-kentucky-eu\/#primaryimage"},"thumbnailUrl":"https:\/\/fuentesfidedignas.com.mx\/wp-content\/uploads\/2025\/11\/incendio_avion.jpg","articleSection":["NOTICIAS NACIONALES"],"inLanguage":"es","potentialAction":[{"@type":"CommentAction","name":"Comment","target":["https:\/\/fuentesfidedignas.com.mx\/index.php\/2025\/11\/05\/al-menos-7-muertos-al-estrellarse-un-avion-de-carga-mientras-despegaba-en-kentucky-eu\/#respond"]}]},{"@type":"WebPage","@id":"https:\/\/fuentesfidedignas.com.mx\/index.php\/2025\/11\/05\/al-menos-7-muertos-al-estrellarse-un-avion-de-carga-mientras-despegaba-en-kentucky-eu\/","url":"https:\/\/fuentesfidedignas.com.mx\/index.php\/2025\/11\/05\/al-menos-7-muertos-al-estrellarse-un-avion-de-carga-mientras-despegaba-en-kentucky-eu\/","name":"Al menos 7 muertos al estrellarse un avi\u00f3n de carga mientras despegaba en Kentucky, EU - Fuentes Fidedignas","isPartOf":{"@id":"https:\/\/fuentesfidedignas.com.mx\/#website"},"primaryImageOfPage":{"@id":"https:\/\/fuentesfidedignas.com.mx\/index.php\/2025\/11\/05\/al-menos-7-muertos-al-estrellarse-un-avion-de-carga-mientras-despegaba-en-kentucky-eu\/#primaryimage"},"image":{"@id":"https:\/\/fuentesfidedignas.com.mx\/index.php\/2025\/11\/05\/al-menos-7-muertos-al-estrellarse-un-avion-de-carga-mientras-despegaba-en-kentucky-eu\/#primaryimage"},"thumbnailUrl":"https:\/\/fuentesfidedignas.com.mx\/wp-content\/uploads\/2025\/11\/incendio_avion.jpg","datePublished":"2025-11-05T16:23:00+00:00","dateModified":"2025-11-05T16:44:14+00:00","breadcrumb":{"@id":"https:\/\/fuentesfidedignas.com.mx\/index.php\/2025\/11\/05\/al-menos-7-muertos-al-estrellarse-un-avion-de-carga-mientras-despegaba-en-kentucky-eu\/#breadcrumb"},"inLanguage":"es","potentialAction":[{"@type":"ReadAction","target":["https:\/\/fuentesfidedignas.com.mx\/index.php\/2025\/11\/05\/al-menos-7-muertos-al-estrellarse-un-avion-de-carga-mientras-despegaba-en-kentucky-eu\/"]}]},{"@type":"ImageObject","inLanguage":"es","@id":"https:\/\/fuentesfidedignas.com.mx\/index.php\/2025\/11\/05\/al-menos-7-muertos-al-estrellarse-un-avion-de-carga-mientras-despegaba-en-kentucky-eu\/#primaryimage","url":"https:\/\/fuentesfidedignas.com.mx\/wp-content\/uploads\/2025\/11\/incendio_avion.jpg","contentUrl":"https:\/\/fuentesfidedignas.com.mx\/wp-content\/uploads\/2025\/11\/incendio_avion.jpg","width":500,"height":330},{"@type":"BreadcrumbList","@id":"https:\/\/fuentesfidedignas.com.mx\/index.php\/2025\/11\/05\/al-menos-7-muertos-al-estrellarse-un-avion-de-carga-mientras-despegaba-en-kentucky-eu\/#breadcrumb","itemListElement":[{"@type":"ListItem","position":1,"name":"Inicio","item":"https:\/\/fuentesfidedignas.com.mx\/"},{"@type":"ListItem","position":2,"name":"Al menos 7 muertos al estrellarse un avi\u00f3n de carga mientras despegaba en Kentucky, EU"}]},{"@type":"WebSite","@id":"https:\/\/fuentesfidedignas.com.mx\/#website","url":"https:\/\/fuentesfidedignas.com.mx\/","name":"Fuentes Fidedignas","description":"Otro sitio realizado con WordPress","publisher":{"@id":"https:\/\/fuentesfidedignas.com.mx\/#organization"},"potentialAction":[{"@type":"SearchAction","target":{"@type":"EntryPoint","urlTemplate":"https:\/\/fuentesfidedignas.com.mx\/?s={search_term_string}"},"query-input":{"@type":"PropertyValueSpecification","valueRequired":true,"valueName":"search_term_string"}}],"inLanguage":"es"},{"@type":"Organization","@id":"https:\/\/fuentesfidedignas.com.mx\/#organization","name":"Fuentes Fidedignas","url":"https:\/\/fuentesfidedignas.com.mx\/","logo":{"@type":"ImageObject","inLanguage":"es","@id":"https:\/\/fuentesfidedignas.com.mx\/#\/schema\/logo\/image\/","url":"https:\/\/fuentesfidedignas.com.mx\/wp-content\/uploads\/2021\/04\/logo-retina.png","contentUrl":"https:\/\/fuentesfidedignas.com.mx\/wp-content\/uploads\/2021\/04\/logo-retina.png","width":280,"height":51,"caption":"Fuentes Fidedignas"},"image":{"@id":"https:\/\/fuentesfidedignas.com.mx\/#\/schema\/logo\/image\/"},"sameAs":["https:\/\/www.facebook.com\/Fuentes-Fidedignas-368234489921644","https:\/\/x.com\/fidedignas"]},{"@type":"Person","@id":"https:\/\/fuentesfidedignas.com.mx\/#\/schema\/person\/874366b19094b92b0e7c9d80d27339b9","name":"BBC","image":{"@type":"ImageObject","inLanguage":"es","@id":"https:\/\/secure.gravatar.com\/avatar\/2cafd9173802e9d6b4378fcc6212f6ae8d73e05f11a41597a7348804540b78d6?s=96&d=mm&r=g","url":"https:\/\/secure.gravatar.com\/avatar\/2cafd9173802e9d6b4378fcc6212f6ae8d73e05f11a41597a7348804540b78d6?s=96&d=mm&r=g","contentUrl":"https:\/\/secure.gravatar.com\/avatar\/2cafd9173802e9d6b4378fcc6212f6ae8d73e05f11a41597a7348804540b78d6?s=96&d=mm&r=g","caption":"BBC"},"url":"https:\/\/fuentesfidedignas.com.mx\/index.php\/author\/bbc\/"}]}},"_links":{"self":[{"href":"https:\/\/fuentesfidedignas.com.mx\/index.php\/wp-json\/wp\/v2\/posts\/120944","targetHints":{"allow":["GET"]}}],"collection":[{"href":"https:\/\/fuentesfidedignas.com.mx\/index.php\/wp-json\/wp\/v2\/posts"}],"about":[{"href":"https:\/\/fuentesfidedignas.com.mx\/index.php\/wp-json\/wp\/v2\/types\/post"}],"author":[{"embeddable":true,"href":"https:\/\/fuentesfidedignas.com.mx\/index.php\/wp-json\/wp\/v2\/users\/189"}],"replies":[{"embeddable":true,"href":"https:\/\/fuentesfidedignas.com.mx\/index.php\/wp-json\/wp\/v2\/comments?post=120944"}],"version-history":[{"count":1,"href":"https:\/\/fuentesfidedignas.com.mx\/index.php\/wp-json\/wp\/v2\/posts\/120944\/revisions"}],"predecessor-version":[{"id":120946,"href":"https:\/\/fuentesfidedignas.com.mx\/index.php\/wp-json\/wp\/v2\/posts\/120944\/revisions\/120946"}],"wp:featuredmedia":[{"embeddable":true,"href":"https:\/\/fuentesfidedignas.com.mx\/index.php\/wp-json\/wp\/v2\/media\/120945"}],"wp:attachment":[{"href":"https:\/\/fuentesfidedignas.com.mx\/index.php\/wp-json\/wp\/v2\/media?parent=120944"}],"wp:term":[{"taxonomy":"category","embeddable":true,"href":"https:\/\/fuentesfidedignas.com.mx\/index.php\/wp-json\/wp\/v2\/categories?post=120944"},{"taxonomy":"post_tag","embeddable":true,"href":"https:\/\/fuentesfidedignas.com.mx\/index.php\/wp-json\/wp\/v2\/tags?post=120944"}],"curies":[{"name":"wp","href":"https:\/\/api.w.org\/{rel}","templated":true}]}}