{"id":120915,"date":"2025-11-04T16:59:27","date_gmt":"2025-11-04T23:59:27","guid":{"rendered":"https:\/\/fuentesfidedignas.com.mx\/?p=120915"},"modified":"2025-11-04T17:08:12","modified_gmt":"2025-11-05T00:08:12","slug":"sheinbaum-sufre-toqueteos-por-parte-de-un-hombre-mientras-caminaba-en-el-centro-historico-de-la-cdmx","status":"publish","type":"post","link":"https:\/\/fuentesfidedignas.com.mx\/index.php\/2025\/11\/04\/sheinbaum-sufre-toqueteos-por-parte-de-un-hombre-mientras-caminaba-en-el-centro-historico-de-la-cdmx\/","title":{"rendered":"Sheinbaum sufre toqueteos y acoso mientras caminaba en el Centro Hist\u00f3rico de la CDMX"},"content":{"rendered":"\n<p>La presidenta Claudia Sheinbaum fue v\u00edctima de acoso sexual de parte de un hombre mientras caminaba por la calle Rep\u00fablica de Argentina, en el Centro Hist\u00f3rico de la Ciudad de M\u00e9xico.<\/p>\n\n\n\n<p>El video del inc\u00f3modo momento en el que la mandataria mexicana sufre hostigamiento y toqueteos circul\u00f3 en redes sociales y de acuerdo con informaci\u00f3n del portal digital del Diario Reforma, ocurri\u00f3 cuando Sheinbaum iba a pie desde Palacio Nacional a la sede de la SEP.<\/p>\n\n\n\n<p>El agresor se le acerc\u00f3 e intent\u00f3 besarla en el cuello, luego la abrazo por detr\u00e1s realizando tocamientos indebidos.<\/p>\n\n\n\n<p>Ante esto, la presidenta Sheinbaum logr\u00f3 quitar las manos del individuo y luego personal de la ayudant\u00eda reaccion\u00f3 para detenerlo.<\/p>\n\n\n\n<figure class=\"wp-block-embed is-type-rich is-provider-twitter wp-block-embed-twitter\"><div class=\"wp-block-embed__wrapper\">\n<blockquote class=\"twitter-tweet\" data-width=\"550\" data-dnt=\"true\"><p lang=\"es\" dir=\"ltr\">Un sujeto manose\u00f3 a la presidenta de M\u00e9xico <a href=\"https:\/\/twitter.com\/Claudiashein?ref_src=twsrc%5Etfw\">@Claudiashein<\/a> <br><br>Esto es suficiente para despedir a su equipo de seguridad. <a href=\"https:\/\/t.co\/W0LE0z8JCs\">pic.twitter.com\/W0LE0z8JCs<\/a><\/p>&mdash; Libro Negro (@Libro_negro_) <a href=\"https:\/\/twitter.com\/Libro_negro_\/status\/1985813080790425838?ref_src=twsrc%5Etfw\">November 4, 2025<\/a><\/blockquote><script async src=\"https:\/\/platform.twitter.com\/widgets.js\" charset=\"utf-8\"><\/script>\n<\/div><\/figure>\n","protected":false},"excerpt":{"rendered":"<p>La presidenta Claudia Sheinbaum fue v\u00edctima de acoso sexual de parte de un hombre mientras caminaba por la calle Rep\u00fablica de Argentina, en el Centro Hist\u00f3rico de la Ciudad de M\u00e9xico. El video del inc\u00f3modo momento en el que la mandataria mexicana sufre hostigamiento y toqueteos circul\u00f3 en redes sociales y de acuerdo con informaci\u00f3n [&hellip;]<\/p>\n","protected":false},"author":40,"featured_media":120914,"comment_status":"closed","ping_status":"open","sticky":false,"template":"","format":"standard","meta":{"tdm_status":"","tdm_grid_status":"","footnotes":""},"categories":[39],"tags":[],"class_list":{"0":"post-120915","1":"post","2":"type-post","3":"status-publish","4":"format-standard","5":"has-post-thumbnail","7":"category-noticias-nacionales"},"yoast_head":"<!-- This site is optimized with the Yoast SEO plugin v27.5 - https:\/\/yoast.com\/product\/yoast-seo-wordpress\/ -->\n<title>Sheinbaum sufre toqueteos y acoso mientras caminaba en el Centro Hist\u00f3rico de la CDMX - Fuentes Fidedignas<\/title>\n<meta name=\"robots\" content=\"index, follow, max-snippet:-1, max-image-preview:large, max-video-preview:-1\" \/>\n<link rel=\"canonical\" href=\"https:\/\/fuentesfidedignas.com.mx\/index.php\/2025\/11\/04\/sheinbaum-sufre-toqueteos-por-parte-de-un-hombre-mientras-caminaba-en-el-centro-historico-de-la-cdmx\/\" \/>\n<meta property=\"og:locale\" content=\"es_MX\" \/>\n<meta property=\"og:type\" content=\"article\" \/>\n<meta property=\"og:title\" content=\"Sheinbaum sufre toqueteos y acoso mientras caminaba en el Centro Hist\u00f3rico de la CDMX - Fuentes Fidedignas\" \/>\n<meta property=\"og:description\" content=\"La presidenta Claudia Sheinbaum fue v\u00edctima de acoso sexual de parte de un hombre mientras caminaba por la calle Rep\u00fablica de Argentina, en el Centro Hist\u00f3rico de la Ciudad de M\u00e9xico. El video del inc\u00f3modo momento en el que la mandataria mexicana sufre hostigamiento y toqueteos circul\u00f3 en redes sociales y de acuerdo con informaci\u00f3n [&hellip;]\" \/>\n<meta property=\"og:url\" content=\"https:\/\/fuentesfidedignas.com.mx\/index.php\/2025\/11\/04\/sheinbaum-sufre-toqueteos-por-parte-de-un-hombre-mientras-caminaba-en-el-centro-historico-de-la-cdmx\/\" \/>\n<meta property=\"og:site_name\" content=\"Fuentes Fidedignas\" \/>\n<meta property=\"article:publisher\" content=\"https:\/\/www.facebook.com\/Fuentes-Fidedignas-368234489921644\" \/>\n<meta property=\"article:published_time\" content=\"2025-11-04T23:59:27+00:00\" \/>\n<meta property=\"article:modified_time\" content=\"2025-11-05T00:08:12+00:00\" \/>\n<meta property=\"og:image\" content=\"https:\/\/fuentesfidedignas.com.mx\/wp-content\/uploads\/2025\/11\/img_4920.jpg\" \/>\n\t<meta property=\"og:image:width\" content=\"768\" \/>\n\t<meta property=\"og:image:height\" content=\"512\" \/>\n\t<meta property=\"og:image:type\" content=\"image\/png\" \/>\n<meta name=\"author\" content=\"El Imparcial\" \/>\n<meta name=\"twitter:card\" content=\"summary_large_image\" \/>\n<meta name=\"twitter:creator\" content=\"@fidedignas\" \/>\n<meta name=\"twitter:site\" content=\"@fidedignas\" \/>\n<meta name=\"twitter:label1\" content=\"Escrito por\" \/>\n\t<meta name=\"twitter:data1\" content=\"El Imparcial\" \/>\n\t<meta name=\"twitter:label2\" content=\"Tiempo de lectura\" \/>\n\t<meta name=\"twitter:data2\" content=\"1 minuto\" \/>\n<script type=\"application\/ld+json\" class=\"yoast-schema-graph\">{\"@context\":\"https:\\\/\\\/schema.org\",\"@graph\":[{\"@type\":\"Article\",\"@id\":\"https:\\\/\\\/fuentesfidedignas.com.mx\\\/index.php\\\/2025\\\/11\\\/04\\\/sheinbaum-sufre-toqueteos-por-parte-de-un-hombre-mientras-caminaba-en-el-centro-historico-de-la-cdmx\\\/#article\",\"isPartOf\":{\"@id\":\"https:\\\/\\\/fuentesfidedignas.com.mx\\\/index.php\\\/2025\\\/11\\\/04\\\/sheinbaum-sufre-toqueteos-por-parte-de-un-hombre-mientras-caminaba-en-el-centro-historico-de-la-cdmx\\\/\"},\"author\":{\"name\":\"El Imparcial\",\"@id\":\"https:\\\/\\\/fuentesfidedignas.com.mx\\\/#\\\/schema\\\/person\\\/ff4db17f8fd9c584e0cfc2a0c436b8a1\"},\"headline\":\"Sheinbaum sufre toqueteos y acoso mientras caminaba en el Centro Hist\u00f3rico de la CDMX\",\"datePublished\":\"2025-11-04T23:59:27+00:00\",\"dateModified\":\"2025-11-05T00:08:12+00:00\",\"mainEntityOfPage\":{\"@id\":\"https:\\\/\\\/fuentesfidedignas.com.mx\\\/index.php\\\/2025\\\/11\\\/04\\\/sheinbaum-sufre-toqueteos-por-parte-de-un-hombre-mientras-caminaba-en-el-centro-historico-de-la-cdmx\\\/\"},\"wordCount\":176,\"publisher\":{\"@id\":\"https:\\\/\\\/fuentesfidedignas.com.mx\\\/#organization\"},\"image\":{\"@id\":\"https:\\\/\\\/fuentesfidedignas.com.mx\\\/index.php\\\/2025\\\/11\\\/04\\\/sheinbaum-sufre-toqueteos-por-parte-de-un-hombre-mientras-caminaba-en-el-centro-historico-de-la-cdmx\\\/#primaryimage\"},\"thumbnailUrl\":\"https:\\\/\\\/fuentesfidedignas.com.mx\\\/wp-content\\\/uploads\\\/2025\\\/11\\\/img_4920.jpg\",\"articleSection\":[\"NOTICIAS NACIONALES\"],\"inLanguage\":\"es\"},{\"@type\":\"WebPage\",\"@id\":\"https:\\\/\\\/fuentesfidedignas.com.mx\\\/index.php\\\/2025\\\/11\\\/04\\\/sheinbaum-sufre-toqueteos-por-parte-de-un-hombre-mientras-caminaba-en-el-centro-historico-de-la-cdmx\\\/\",\"url\":\"https:\\\/\\\/fuentesfidedignas.com.mx\\\/index.php\\\/2025\\\/11\\\/04\\\/sheinbaum-sufre-toqueteos-por-parte-de-un-hombre-mientras-caminaba-en-el-centro-historico-de-la-cdmx\\\/\",\"name\":\"Sheinbaum sufre toqueteos y acoso mientras caminaba en el Centro Hist\u00f3rico de la CDMX - Fuentes Fidedignas\",\"isPartOf\":{\"@id\":\"https:\\\/\\\/fuentesfidedignas.com.mx\\\/#website\"},\"primaryImageOfPage\":{\"@id\":\"https:\\\/\\\/fuentesfidedignas.com.mx\\\/index.php\\\/2025\\\/11\\\/04\\\/sheinbaum-sufre-toqueteos-por-parte-de-un-hombre-mientras-caminaba-en-el-centro-historico-de-la-cdmx\\\/#primaryimage\"},\"image\":{\"@id\":\"https:\\\/\\\/fuentesfidedignas.com.mx\\\/index.php\\\/2025\\\/11\\\/04\\\/sheinbaum-sufre-toqueteos-por-parte-de-un-hombre-mientras-caminaba-en-el-centro-historico-de-la-cdmx\\\/#primaryimage\"},\"thumbnailUrl\":\"https:\\\/\\\/fuentesfidedignas.com.mx\\\/wp-content\\\/uploads\\\/2025\\\/11\\\/img_4920.jpg\",\"datePublished\":\"2025-11-04T23:59:27+00:00\",\"dateModified\":\"2025-11-05T00:08:12+00:00\",\"breadcrumb\":{\"@id\":\"https:\\\/\\\/fuentesfidedignas.com.mx\\\/index.php\\\/2025\\\/11\\\/04\\\/sheinbaum-sufre-toqueteos-por-parte-de-un-hombre-mientras-caminaba-en-el-centro-historico-de-la-cdmx\\\/#breadcrumb\"},\"inLanguage\":\"es\",\"potentialAction\":[{\"@type\":\"ReadAction\",\"target\":[\"https:\\\/\\\/fuentesfidedignas.com.mx\\\/index.php\\\/2025\\\/11\\\/04\\\/sheinbaum-sufre-toqueteos-por-parte-de-un-hombre-mientras-caminaba-en-el-centro-historico-de-la-cdmx\\\/\"]}]},{\"@type\":\"ImageObject\",\"inLanguage\":\"es\",\"@id\":\"https:\\\/\\\/fuentesfidedignas.com.mx\\\/index.php\\\/2025\\\/11\\\/04\\\/sheinbaum-sufre-toqueteos-por-parte-de-un-hombre-mientras-caminaba-en-el-centro-historico-de-la-cdmx\\\/#primaryimage\",\"url\":\"https:\\\/\\\/fuentesfidedignas.com.mx\\\/wp-content\\\/uploads\\\/2025\\\/11\\\/img_4920.jpg\",\"contentUrl\":\"https:\\\/\\\/fuentesfidedignas.com.mx\\\/wp-content\\\/uploads\\\/2025\\\/11\\\/img_4920.jpg\",\"width\":768,\"height\":512},{\"@type\":\"BreadcrumbList\",\"@id\":\"https:\\\/\\\/fuentesfidedignas.com.mx\\\/index.php\\\/2025\\\/11\\\/04\\\/sheinbaum-sufre-toqueteos-por-parte-de-un-hombre-mientras-caminaba-en-el-centro-historico-de-la-cdmx\\\/#breadcrumb\",\"itemListElement\":[{\"@type\":\"ListItem\",\"position\":1,\"name\":\"Inicio\",\"item\":\"https:\\\/\\\/fuentesfidedignas.com.mx\\\/\"},{\"@type\":\"ListItem\",\"position\":2,\"name\":\"Sheinbaum sufre toqueteos y acoso mientras caminaba en el Centro Hist\u00f3rico de la CDMX\"}]},{\"@type\":\"WebSite\",\"@id\":\"https:\\\/\\\/fuentesfidedignas.com.mx\\\/#website\",\"url\":\"https:\\\/\\\/fuentesfidedignas.com.mx\\\/\",\"name\":\"Fuentes Fidedignas\",\"description\":\"Otro sitio realizado con WordPress\",\"publisher\":{\"@id\":\"https:\\\/\\\/fuentesfidedignas.com.mx\\\/#organization\"},\"potentialAction\":[{\"@type\":\"SearchAction\",\"target\":{\"@type\":\"EntryPoint\",\"urlTemplate\":\"https:\\\/\\\/fuentesfidedignas.com.mx\\\/?s={search_term_string}\"},\"query-input\":{\"@type\":\"PropertyValueSpecification\",\"valueRequired\":true,\"valueName\":\"search_term_string\"}}],\"inLanguage\":\"es\"},{\"@type\":\"Organization\",\"@id\":\"https:\\\/\\\/fuentesfidedignas.com.mx\\\/#organization\",\"name\":\"Fuentes Fidedignas\",\"url\":\"https:\\\/\\\/fuentesfidedignas.com.mx\\\/\",\"logo\":{\"@type\":\"ImageObject\",\"inLanguage\":\"es\",\"@id\":\"https:\\\/\\\/fuentesfidedignas.com.mx\\\/#\\\/schema\\\/logo\\\/image\\\/\",\"url\":\"https:\\\/\\\/fuentesfidedignas.com.mx\\\/wp-content\\\/uploads\\\/2021\\\/04\\\/logo-retina.png\",\"contentUrl\":\"https:\\\/\\\/fuentesfidedignas.com.mx\\\/wp-content\\\/uploads\\\/2021\\\/04\\\/logo-retina.png\",\"width\":280,\"height\":51,\"caption\":\"Fuentes Fidedignas\"},\"image\":{\"@id\":\"https:\\\/\\\/fuentesfidedignas.com.mx\\\/#\\\/schema\\\/logo\\\/image\\\/\"},\"sameAs\":[\"https:\\\/\\\/www.facebook.com\\\/Fuentes-Fidedignas-368234489921644\",\"https:\\\/\\\/x.com\\\/fidedignas\"]},{\"@type\":\"Person\",\"@id\":\"https:\\\/\\\/fuentesfidedignas.com.mx\\\/#\\\/schema\\\/person\\\/ff4db17f8fd9c584e0cfc2a0c436b8a1\",\"name\":\"El Imparcial\",\"image\":{\"@type\":\"ImageObject\",\"inLanguage\":\"es\",\"@id\":\"https:\\\/\\\/secure.gravatar.com\\\/avatar\\\/accd6807585a75316c237ee783498317be6f66ab34c47c940966f26a3f613161?s=96&d=mm&r=g\",\"url\":\"https:\\\/\\\/secure.gravatar.com\\\/avatar\\\/accd6807585a75316c237ee783498317be6f66ab34c47c940966f26a3f613161?s=96&d=mm&r=g\",\"contentUrl\":\"https:\\\/\\\/secure.gravatar.com\\\/avatar\\\/accd6807585a75316c237ee783498317be6f66ab34c47c940966f26a3f613161?s=96&d=mm&r=g\",\"caption\":\"El Imparcial\"},\"url\":\"https:\\\/\\\/fuentesfidedignas.com.mx\\\/index.php\\\/author\\\/imparcial\\\/\"}]}<\/script>\n<!-- \/ Yoast SEO plugin. -->","yoast_head_json":{"title":"Sheinbaum sufre toqueteos y acoso mientras caminaba en el Centro Hist\u00f3rico de la CDMX - Fuentes Fidedignas","robots":{"index":"index","follow":"follow","max-snippet":"max-snippet:-1","max-image-preview":"max-image-preview:large","max-video-preview":"max-video-preview:-1"},"canonical":"https:\/\/fuentesfidedignas.com.mx\/index.php\/2025\/11\/04\/sheinbaum-sufre-toqueteos-por-parte-de-un-hombre-mientras-caminaba-en-el-centro-historico-de-la-cdmx\/","og_locale":"es_MX","og_type":"article","og_title":"Sheinbaum sufre toqueteos y acoso mientras caminaba en el Centro Hist\u00f3rico de la CDMX - Fuentes Fidedignas","og_description":"La presidenta Claudia Sheinbaum fue v\u00edctima de acoso sexual de parte de un hombre mientras caminaba por la calle Rep\u00fablica de Argentina, en el Centro Hist\u00f3rico de la Ciudad de M\u00e9xico. El video del inc\u00f3modo momento en el que la mandataria mexicana sufre hostigamiento y toqueteos circul\u00f3 en redes sociales y de acuerdo con informaci\u00f3n [&hellip;]","og_url":"https:\/\/fuentesfidedignas.com.mx\/index.php\/2025\/11\/04\/sheinbaum-sufre-toqueteos-por-parte-de-un-hombre-mientras-caminaba-en-el-centro-historico-de-la-cdmx\/","og_site_name":"Fuentes Fidedignas","article_publisher":"https:\/\/www.facebook.com\/Fuentes-Fidedignas-368234489921644","article_published_time":"2025-11-04T23:59:27+00:00","article_modified_time":"2025-11-05T00:08:12+00:00","og_image":[{"width":768,"height":512,"url":"https:\/\/fuentesfidedignas.com.mx\/wp-content\/uploads\/2025\/11\/img_4920.jpg","type":"image\/png"}],"author":"El Imparcial","twitter_card":"summary_large_image","twitter_creator":"@fidedignas","twitter_site":"@fidedignas","twitter_misc":{"Escrito por":"El Imparcial","Tiempo de lectura":"1 minuto"},"schema":{"@context":"https:\/\/schema.org","@graph":[{"@type":"Article","@id":"https:\/\/fuentesfidedignas.com.mx\/index.php\/2025\/11\/04\/sheinbaum-sufre-toqueteos-por-parte-de-un-hombre-mientras-caminaba-en-el-centro-historico-de-la-cdmx\/#article","isPartOf":{"@id":"https:\/\/fuentesfidedignas.com.mx\/index.php\/2025\/11\/04\/sheinbaum-sufre-toqueteos-por-parte-de-un-hombre-mientras-caminaba-en-el-centro-historico-de-la-cdmx\/"},"author":{"name":"El Imparcial","@id":"https:\/\/fuentesfidedignas.com.mx\/#\/schema\/person\/ff4db17f8fd9c584e0cfc2a0c436b8a1"},"headline":"Sheinbaum sufre toqueteos y acoso mientras caminaba en el Centro Hist\u00f3rico de la CDMX","datePublished":"2025-11-04T23:59:27+00:00","dateModified":"2025-11-05T00:08:12+00:00","mainEntityOfPage":{"@id":"https:\/\/fuentesfidedignas.com.mx\/index.php\/2025\/11\/04\/sheinbaum-sufre-toqueteos-por-parte-de-un-hombre-mientras-caminaba-en-el-centro-historico-de-la-cdmx\/"},"wordCount":176,"publisher":{"@id":"https:\/\/fuentesfidedignas.com.mx\/#organization"},"image":{"@id":"https:\/\/fuentesfidedignas.com.mx\/index.php\/2025\/11\/04\/sheinbaum-sufre-toqueteos-por-parte-de-un-hombre-mientras-caminaba-en-el-centro-historico-de-la-cdmx\/#primaryimage"},"thumbnailUrl":"https:\/\/fuentesfidedignas.com.mx\/wp-content\/uploads\/2025\/11\/img_4920.jpg","articleSection":["NOTICIAS NACIONALES"],"inLanguage":"es"},{"@type":"WebPage","@id":"https:\/\/fuentesfidedignas.com.mx\/index.php\/2025\/11\/04\/sheinbaum-sufre-toqueteos-por-parte-de-un-hombre-mientras-caminaba-en-el-centro-historico-de-la-cdmx\/","url":"https:\/\/fuentesfidedignas.com.mx\/index.php\/2025\/11\/04\/sheinbaum-sufre-toqueteos-por-parte-de-un-hombre-mientras-caminaba-en-el-centro-historico-de-la-cdmx\/","name":"Sheinbaum sufre toqueteos y acoso mientras caminaba en el Centro Hist\u00f3rico de la CDMX - Fuentes Fidedignas","isPartOf":{"@id":"https:\/\/fuentesfidedignas.com.mx\/#website"},"primaryImageOfPage":{"@id":"https:\/\/fuentesfidedignas.com.mx\/index.php\/2025\/11\/04\/sheinbaum-sufre-toqueteos-por-parte-de-un-hombre-mientras-caminaba-en-el-centro-historico-de-la-cdmx\/#primaryimage"},"image":{"@id":"https:\/\/fuentesfidedignas.com.mx\/index.php\/2025\/11\/04\/sheinbaum-sufre-toqueteos-por-parte-de-un-hombre-mientras-caminaba-en-el-centro-historico-de-la-cdmx\/#primaryimage"},"thumbnailUrl":"https:\/\/fuentesfidedignas.com.mx\/wp-content\/uploads\/2025\/11\/img_4920.jpg","datePublished":"2025-11-04T23:59:27+00:00","dateModified":"2025-11-05T00:08:12+00:00","breadcrumb":{"@id":"https:\/\/fuentesfidedignas.com.mx\/index.php\/2025\/11\/04\/sheinbaum-sufre-toqueteos-por-parte-de-un-hombre-mientras-caminaba-en-el-centro-historico-de-la-cdmx\/#breadcrumb"},"inLanguage":"es","potentialAction":[{"@type":"ReadAction","target":["https:\/\/fuentesfidedignas.com.mx\/index.php\/2025\/11\/04\/sheinbaum-sufre-toqueteos-por-parte-de-un-hombre-mientras-caminaba-en-el-centro-historico-de-la-cdmx\/"]}]},{"@type":"ImageObject","inLanguage":"es","@id":"https:\/\/fuentesfidedignas.com.mx\/index.php\/2025\/11\/04\/sheinbaum-sufre-toqueteos-por-parte-de-un-hombre-mientras-caminaba-en-el-centro-historico-de-la-cdmx\/#primaryimage","url":"https:\/\/fuentesfidedignas.com.mx\/wp-content\/uploads\/2025\/11\/img_4920.jpg","contentUrl":"https:\/\/fuentesfidedignas.com.mx\/wp-content\/uploads\/2025\/11\/img_4920.jpg","width":768,"height":512},{"@type":"BreadcrumbList","@id":"https:\/\/fuentesfidedignas.com.mx\/index.php\/2025\/11\/04\/sheinbaum-sufre-toqueteos-por-parte-de-un-hombre-mientras-caminaba-en-el-centro-historico-de-la-cdmx\/#breadcrumb","itemListElement":[{"@type":"ListItem","position":1,"name":"Inicio","item":"https:\/\/fuentesfidedignas.com.mx\/"},{"@type":"ListItem","position":2,"name":"Sheinbaum sufre toqueteos y acoso mientras caminaba en el Centro Hist\u00f3rico de la CDMX"}]},{"@type":"WebSite","@id":"https:\/\/fuentesfidedignas.com.mx\/#website","url":"https:\/\/fuentesfidedignas.com.mx\/","name":"Fuentes Fidedignas","description":"Otro sitio realizado con WordPress","publisher":{"@id":"https:\/\/fuentesfidedignas.com.mx\/#organization"},"potentialAction":[{"@type":"SearchAction","target":{"@type":"EntryPoint","urlTemplate":"https:\/\/fuentesfidedignas.com.mx\/?s={search_term_string}"},"query-input":{"@type":"PropertyValueSpecification","valueRequired":true,"valueName":"search_term_string"}}],"inLanguage":"es"},{"@type":"Organization","@id":"https:\/\/fuentesfidedignas.com.mx\/#organization","name":"Fuentes Fidedignas","url":"https:\/\/fuentesfidedignas.com.mx\/","logo":{"@type":"ImageObject","inLanguage":"es","@id":"https:\/\/fuentesfidedignas.com.mx\/#\/schema\/logo\/image\/","url":"https:\/\/fuentesfidedignas.com.mx\/wp-content\/uploads\/2021\/04\/logo-retina.png","contentUrl":"https:\/\/fuentesfidedignas.com.mx\/wp-content\/uploads\/2021\/04\/logo-retina.png","width":280,"height":51,"caption":"Fuentes Fidedignas"},"image":{"@id":"https:\/\/fuentesfidedignas.com.mx\/#\/schema\/logo\/image\/"},"sameAs":["https:\/\/www.facebook.com\/Fuentes-Fidedignas-368234489921644","https:\/\/x.com\/fidedignas"]},{"@type":"Person","@id":"https:\/\/fuentesfidedignas.com.mx\/#\/schema\/person\/ff4db17f8fd9c584e0cfc2a0c436b8a1","name":"El Imparcial","image":{"@type":"ImageObject","inLanguage":"es","@id":"https:\/\/secure.gravatar.com\/avatar\/accd6807585a75316c237ee783498317be6f66ab34c47c940966f26a3f613161?s=96&d=mm&r=g","url":"https:\/\/secure.gravatar.com\/avatar\/accd6807585a75316c237ee783498317be6f66ab34c47c940966f26a3f613161?s=96&d=mm&r=g","contentUrl":"https:\/\/secure.gravatar.com\/avatar\/accd6807585a75316c237ee783498317be6f66ab34c47c940966f26a3f613161?s=96&d=mm&r=g","caption":"El Imparcial"},"url":"https:\/\/fuentesfidedignas.com.mx\/index.php\/author\/imparcial\/"}]}},"_links":{"self":[{"href":"https:\/\/fuentesfidedignas.com.mx\/index.php\/wp-json\/wp\/v2\/posts\/120915","targetHints":{"allow":["GET"]}}],"collection":[{"href":"https:\/\/fuentesfidedignas.com.mx\/index.php\/wp-json\/wp\/v2\/posts"}],"about":[{"href":"https:\/\/fuentesfidedignas.com.mx\/index.php\/wp-json\/wp\/v2\/types\/post"}],"author":[{"embeddable":true,"href":"https:\/\/fuentesfidedignas.com.mx\/index.php\/wp-json\/wp\/v2\/users\/40"}],"replies":[{"embeddable":true,"href":"https:\/\/fuentesfidedignas.com.mx\/index.php\/wp-json\/wp\/v2\/comments?post=120915"}],"version-history":[{"count":2,"href":"https:\/\/fuentesfidedignas.com.mx\/index.php\/wp-json\/wp\/v2\/posts\/120915\/revisions"}],"predecessor-version":[{"id":120917,"href":"https:\/\/fuentesfidedignas.com.mx\/index.php\/wp-json\/wp\/v2\/posts\/120915\/revisions\/120917"}],"wp:featuredmedia":[{"embeddable":true,"href":"https:\/\/fuentesfidedignas.com.mx\/index.php\/wp-json\/wp\/v2\/media\/120914"}],"wp:attachment":[{"href":"https:\/\/fuentesfidedignas.com.mx\/index.php\/wp-json\/wp\/v2\/media?parent=120915"}],"wp:term":[{"taxonomy":"category","embeddable":true,"href":"https:\/\/fuentesfidedignas.com.mx\/index.php\/wp-json\/wp\/v2\/categories?post=120915"},{"taxonomy":"post_tag","embeddable":true,"href":"https:\/\/fuentesfidedignas.com.mx\/index.php\/wp-json\/wp\/v2\/tags?post=120915"}],"curies":[{"name":"wp","href":"https:\/\/api.w.org\/{rel}","templated":true}]}}