{"id":120891,"date":"2025-11-04T12:50:33","date_gmt":"2025-11-04T19:50:33","guid":{"rendered":"https:\/\/fuentesfidedignas.com.mx\/?p=120891"},"modified":"2025-11-04T14:47:52","modified_gmt":"2025-11-04T21:47:52","slug":"sinaloa-arranca-con-oro-en-el-nacional-popular-2025-de-artes-marciales","status":"publish","type":"post","link":"https:\/\/fuentesfidedignas.com.mx\/index.php\/2025\/11\/04\/sinaloa-arranca-con-oro-en-el-nacional-popular-2025-de-artes-marciales\/","title":{"rendered":"Sinaloa arranca con oro en el Nacional Popular 2025 de Artes Marciales"},"content":{"rendered":"\n<p><strong><em>La delegaci\u00f3n sinaloense est\u00e1 conformada por 30 atletas, 4 entrenadores y 3 jueces, quienes han iniciado con excelentes resultados que colocan al estado en los primeros planos de la justa nacional.<\/em><\/strong><\/p>\n\n\n\n<p>Oaxtepec, Morelos.- Con el apoyo del gobernador Rub\u00e9n Rocha Moya, la delegaci\u00f3n de Sinaloa inici\u00f3 con una destacada actuaci\u00f3n su participaci\u00f3n en el Campeonato Nacional de Artes Marciales, evento que re\u00fane a 857 campeones estatales provenientes de 28 estados del pa\u00eds, distribuidos en 48 categor\u00edas, demostrando el nivel competitivo y la preparaci\u00f3n de los atletas sinaloenses que representan al estado con orgullo.<\/p>\n\n\n\n<p>Alexander Camacho S\u00e1nchez, en Principiante Varonil 13-14 a\u00f1os, tuvo una jornada dorada al conquistar tres medallas de oro en manos libres, arma corta y arma larga, consolid\u00e1ndose como uno de los grandes exponentes del certamen.<\/p>\n\n\n\n<p>&#8220;Vengo con la actitud de ganar y se logr\u00f3. Ya estoy cansado, pero muy agradecido con mi familia y mi sifu que me apoy\u00f3, igual con todo mi equipo de Sinaloa que me estuvo ayudando. Nunca me imagin\u00e9 ganar los tres primeros lugares, pero s\u00ed, yo ven\u00eda a ganar. Mi familia vino desde Sinaloa para apoyarme y tambi\u00e9n estoy agradecido con el gobernador que nos dio los sacos, los pants y el apoyo que nos brindan\u201d, se\u00f1al\u00f3 el joven atleta.<\/p>\n\n\n\n<p>Con estas primeras medallas de oro, plata y bronce, Sinaloa demuestra su gran inicio en este campeonato nacional, dejando claro que el estado est\u00e1 preparado para ser protagonista y continuar sumando triunfos a lo largo de la competencia.<\/p>\n\n\n\n<p>Todo ello es posible gracias al firme respaldo del Gobernador Rub\u00e9n Rocha Moya y al compromiso que tiene con el deporte sinaloense y la preocupaci\u00f3n constante por el bienestar y desarrollo de los atletas.<\/p>\n\n\n\n<p>La delegaci\u00f3n sinaloense est\u00e1 conformada por 30 atletas, 4 entrenadores y 3 jueces, quienes han iniciado con excelentes resultados que colocan al estado en los primeros planos de la justa nacional. Desde el primer d\u00eda, los deportistas del estado cosecharon medallas de oro, plata y bronce, reflejando el compromiso, disciplina y la calidad deportiva que caracteriza a los talentos sinaloenses.<\/p>\n\n\n\n<p>Entre los resultados m\u00e1s destacados, Mar\u00eda Fernanda Rivera Barrag\u00e1n, en la categor\u00eda Principiante Femenil 10-12 a\u00f1os, se llev\u00f3 la medalla de oro en arma corta.<\/p>\n\n\n\n<p>Por su parte, L\u00eda Madai Ar\u00e1mburo F\u00e9lix, en la categor\u00eda Intermedios 13-14 Femenil, obtuvo tambi\u00e9n oro en manos libres, reafirmando el poder y la t\u00e9cnica de los representantes sinaloenses.<\/p>\n\n\n\n<p>Otros atletas destacados fueron Said Emmanuel Picos Orona, quien consigui\u00f3 plata en arma larga y bronce en arma corta dentro de la categor\u00eda Intermedios 13-14 Varonil, as\u00ed como David Isaac Torres Flores, quien logr\u00f3 bronce en arma corta en la divisi\u00f3n Junior Avanzado Varonil.<\/p>\n\n\n\n<p>Estos resultados demuestran el excelente trabajo de preparaci\u00f3n previo a la competencia y la entrega de cada atleta en el tatami.<\/p>\n\n\n\n<p>La entrenadora estatal de artes marciales, Miriam L\u00f3pez Verdugo, se mostr\u00f3 emocionada por el inicio dorado del representativo sinaloense y destac\u00f3 la evoluci\u00f3n de su equipo. &#8220;El a\u00f1o pasado traje a una alumna y quedamos en cuarto lugar; este a\u00f1o, gracias a Dios, nos llevamos oro en una categor\u00eda. Estoy muy feliz y muy contenta. De hecho, traigo ahora cinco alumnos y hasta el momento los que han competido han ganado medalla\u201d, expres\u00f3 la maestra, satisfecha por los avances obtenidos y el esfuerzo de sus atletas.<\/p>\n","protected":false},"excerpt":{"rendered":"<p>La delegaci\u00f3n sinaloense est\u00e1 conformada por 30 atletas, 4 entrenadores y 3 jueces, quienes han iniciado con excelentes resultados que colocan al estado en los primeros planos de la justa nacional. Oaxtepec, Morelos.- Con el apoyo del gobernador Rub\u00e9n Rocha Moya, la delegaci\u00f3n de Sinaloa inici\u00f3 con una destacada actuaci\u00f3n su participaci\u00f3n en el Campeonato [&hellip;]<\/p>\n","protected":false},"author":4,"featured_media":120892,"comment_status":"open","ping_status":"open","sticky":false,"template":"","format":"standard","meta":{"tdm_status":"","tdm_grid_status":"","footnotes":""},"categories":[38],"tags":[],"class_list":{"0":"post-120891","1":"post","2":"type-post","3":"status-publish","4":"format-standard","5":"has-post-thumbnail","7":"category-noticias-locales"},"yoast_head":"<!-- This site is optimized with the Yoast SEO plugin v27.5 - https:\/\/yoast.com\/product\/yoast-seo-wordpress\/ -->\n<title>Sinaloa arranca con oro en el Nacional Popular 2025 de Artes Marciales - Fuentes Fidedignas<\/title>\n<meta name=\"robots\" content=\"index, follow, max-snippet:-1, max-image-preview:large, max-video-preview:-1\" \/>\n<link rel=\"canonical\" href=\"https:\/\/fuentesfidedignas.com.mx\/index.php\/2025\/11\/04\/sinaloa-arranca-con-oro-en-el-nacional-popular-2025-de-artes-marciales\/\" \/>\n<meta property=\"og:locale\" content=\"es_MX\" \/>\n<meta property=\"og:type\" content=\"article\" \/>\n<meta property=\"og:title\" content=\"Sinaloa arranca con oro en el Nacional Popular 2025 de Artes Marciales - Fuentes Fidedignas\" \/>\n<meta property=\"og:description\" content=\"La delegaci\u00f3n sinaloense est\u00e1 conformada por 30 atletas, 4 entrenadores y 3 jueces, quienes han iniciado con excelentes resultados que colocan al estado en los primeros planos de la justa nacional. Oaxtepec, Morelos.- Con el apoyo del gobernador Rub\u00e9n Rocha Moya, la delegaci\u00f3n de Sinaloa inici\u00f3 con una destacada actuaci\u00f3n su participaci\u00f3n en el Campeonato [&hellip;]\" \/>\n<meta property=\"og:url\" content=\"https:\/\/fuentesfidedignas.com.mx\/index.php\/2025\/11\/04\/sinaloa-arranca-con-oro-en-el-nacional-popular-2025-de-artes-marciales\/\" \/>\n<meta property=\"og:site_name\" content=\"Fuentes Fidedignas\" \/>\n<meta property=\"article:publisher\" content=\"https:\/\/www.facebook.com\/Fuentes-Fidedignas-368234489921644\" \/>\n<meta property=\"article:published_time\" content=\"2025-11-04T19:50:33+00:00\" \/>\n<meta property=\"article:modified_time\" content=\"2025-11-04T21:47:52+00:00\" \/>\n<meta property=\"og:image\" content=\"https:\/\/fuentesfidedignas.com.mx\/wp-content\/uploads\/2025\/11\/WhatsApp-Image-2025-11-04-at-12.19.12-PM.jpeg\" \/>\n\t<meta property=\"og:image:width\" content=\"500\" \/>\n\t<meta property=\"og:image:height\" content=\"333\" \/>\n\t<meta property=\"og:image:type\" content=\"image\/jpeg\" \/>\n<meta name=\"author\" content=\"Redacci\u00f3n\" \/>\n<meta name=\"twitter:card\" content=\"summary_large_image\" \/>\n<meta name=\"twitter:creator\" content=\"@fidedignas\" \/>\n<meta name=\"twitter:site\" content=\"@fidedignas\" \/>\n<meta name=\"twitter:label1\" content=\"Escrito por\" \/>\n\t<meta name=\"twitter:data1\" content=\"Redacci\u00f3n\" \/>\n\t<meta name=\"twitter:label2\" content=\"Tiempo de lectura\" \/>\n\t<meta name=\"twitter:data2\" content=\"3 minutos\" \/>\n<script type=\"application\/ld+json\" class=\"yoast-schema-graph\">{\"@context\":\"https:\\\/\\\/schema.org\",\"@graph\":[{\"@type\":\"Article\",\"@id\":\"https:\\\/\\\/fuentesfidedignas.com.mx\\\/index.php\\\/2025\\\/11\\\/04\\\/sinaloa-arranca-con-oro-en-el-nacional-popular-2025-de-artes-marciales\\\/#article\",\"isPartOf\":{\"@id\":\"https:\\\/\\\/fuentesfidedignas.com.mx\\\/index.php\\\/2025\\\/11\\\/04\\\/sinaloa-arranca-con-oro-en-el-nacional-popular-2025-de-artes-marciales\\\/\"},\"author\":{\"name\":\"Redacci\u00f3n\",\"@id\":\"https:\\\/\\\/fuentesfidedignas.com.mx\\\/#\\\/schema\\\/person\\\/331be9283d37198e2acd5750279085b0\"},\"headline\":\"Sinaloa arranca con oro en el Nacional Popular 2025 de Artes Marciales\",\"datePublished\":\"2025-11-04T19:50:33+00:00\",\"dateModified\":\"2025-11-04T21:47:52+00:00\",\"mainEntityOfPage\":{\"@id\":\"https:\\\/\\\/fuentesfidedignas.com.mx\\\/index.php\\\/2025\\\/11\\\/04\\\/sinaloa-arranca-con-oro-en-el-nacional-popular-2025-de-artes-marciales\\\/\"},\"wordCount\":586,\"commentCount\":0,\"publisher\":{\"@id\":\"https:\\\/\\\/fuentesfidedignas.com.mx\\\/#organization\"},\"image\":{\"@id\":\"https:\\\/\\\/fuentesfidedignas.com.mx\\\/index.php\\\/2025\\\/11\\\/04\\\/sinaloa-arranca-con-oro-en-el-nacional-popular-2025-de-artes-marciales\\\/#primaryimage\"},\"thumbnailUrl\":\"https:\\\/\\\/fuentesfidedignas.com.mx\\\/wp-content\\\/uploads\\\/2025\\\/11\\\/WhatsApp-Image-2025-11-04-at-12.19.12-PM.jpeg\",\"articleSection\":[\"NOTICIAS LOCALES\"],\"inLanguage\":\"es\",\"potentialAction\":[{\"@type\":\"CommentAction\",\"name\":\"Comment\",\"target\":[\"https:\\\/\\\/fuentesfidedignas.com.mx\\\/index.php\\\/2025\\\/11\\\/04\\\/sinaloa-arranca-con-oro-en-el-nacional-popular-2025-de-artes-marciales\\\/#respond\"]}]},{\"@type\":\"WebPage\",\"@id\":\"https:\\\/\\\/fuentesfidedignas.com.mx\\\/index.php\\\/2025\\\/11\\\/04\\\/sinaloa-arranca-con-oro-en-el-nacional-popular-2025-de-artes-marciales\\\/\",\"url\":\"https:\\\/\\\/fuentesfidedignas.com.mx\\\/index.php\\\/2025\\\/11\\\/04\\\/sinaloa-arranca-con-oro-en-el-nacional-popular-2025-de-artes-marciales\\\/\",\"name\":\"Sinaloa arranca con oro en el Nacional Popular 2025 de Artes Marciales - Fuentes Fidedignas\",\"isPartOf\":{\"@id\":\"https:\\\/\\\/fuentesfidedignas.com.mx\\\/#website\"},\"primaryImageOfPage\":{\"@id\":\"https:\\\/\\\/fuentesfidedignas.com.mx\\\/index.php\\\/2025\\\/11\\\/04\\\/sinaloa-arranca-con-oro-en-el-nacional-popular-2025-de-artes-marciales\\\/#primaryimage\"},\"image\":{\"@id\":\"https:\\\/\\\/fuentesfidedignas.com.mx\\\/index.php\\\/2025\\\/11\\\/04\\\/sinaloa-arranca-con-oro-en-el-nacional-popular-2025-de-artes-marciales\\\/#primaryimage\"},\"thumbnailUrl\":\"https:\\\/\\\/fuentesfidedignas.com.mx\\\/wp-content\\\/uploads\\\/2025\\\/11\\\/WhatsApp-Image-2025-11-04-at-12.19.12-PM.jpeg\",\"datePublished\":\"2025-11-04T19:50:33+00:00\",\"dateModified\":\"2025-11-04T21:47:52+00:00\",\"breadcrumb\":{\"@id\":\"https:\\\/\\\/fuentesfidedignas.com.mx\\\/index.php\\\/2025\\\/11\\\/04\\\/sinaloa-arranca-con-oro-en-el-nacional-popular-2025-de-artes-marciales\\\/#breadcrumb\"},\"inLanguage\":\"es\",\"potentialAction\":[{\"@type\":\"ReadAction\",\"target\":[\"https:\\\/\\\/fuentesfidedignas.com.mx\\\/index.php\\\/2025\\\/11\\\/04\\\/sinaloa-arranca-con-oro-en-el-nacional-popular-2025-de-artes-marciales\\\/\"]}]},{\"@type\":\"ImageObject\",\"inLanguage\":\"es\",\"@id\":\"https:\\\/\\\/fuentesfidedignas.com.mx\\\/index.php\\\/2025\\\/11\\\/04\\\/sinaloa-arranca-con-oro-en-el-nacional-popular-2025-de-artes-marciales\\\/#primaryimage\",\"url\":\"https:\\\/\\\/fuentesfidedignas.com.mx\\\/wp-content\\\/uploads\\\/2025\\\/11\\\/WhatsApp-Image-2025-11-04-at-12.19.12-PM.jpeg\",\"contentUrl\":\"https:\\\/\\\/fuentesfidedignas.com.mx\\\/wp-content\\\/uploads\\\/2025\\\/11\\\/WhatsApp-Image-2025-11-04-at-12.19.12-PM.jpeg\",\"width\":500,\"height\":333},{\"@type\":\"BreadcrumbList\",\"@id\":\"https:\\\/\\\/fuentesfidedignas.com.mx\\\/index.php\\\/2025\\\/11\\\/04\\\/sinaloa-arranca-con-oro-en-el-nacional-popular-2025-de-artes-marciales\\\/#breadcrumb\",\"itemListElement\":[{\"@type\":\"ListItem\",\"position\":1,\"name\":\"Inicio\",\"item\":\"https:\\\/\\\/fuentesfidedignas.com.mx\\\/\"},{\"@type\":\"ListItem\",\"position\":2,\"name\":\"Sinaloa arranca con oro en el Nacional Popular 2025 de Artes Marciales\"}]},{\"@type\":\"WebSite\",\"@id\":\"https:\\\/\\\/fuentesfidedignas.com.mx\\\/#website\",\"url\":\"https:\\\/\\\/fuentesfidedignas.com.mx\\\/\",\"name\":\"Fuentes Fidedignas\",\"description\":\"Otro sitio realizado con WordPress\",\"publisher\":{\"@id\":\"https:\\\/\\\/fuentesfidedignas.com.mx\\\/#organization\"},\"potentialAction\":[{\"@type\":\"SearchAction\",\"target\":{\"@type\":\"EntryPoint\",\"urlTemplate\":\"https:\\\/\\\/fuentesfidedignas.com.mx\\\/?s={search_term_string}\"},\"query-input\":{\"@type\":\"PropertyValueSpecification\",\"valueRequired\":true,\"valueName\":\"search_term_string\"}}],\"inLanguage\":\"es\"},{\"@type\":\"Organization\",\"@id\":\"https:\\\/\\\/fuentesfidedignas.com.mx\\\/#organization\",\"name\":\"Fuentes Fidedignas\",\"url\":\"https:\\\/\\\/fuentesfidedignas.com.mx\\\/\",\"logo\":{\"@type\":\"ImageObject\",\"inLanguage\":\"es\",\"@id\":\"https:\\\/\\\/fuentesfidedignas.com.mx\\\/#\\\/schema\\\/logo\\\/image\\\/\",\"url\":\"https:\\\/\\\/fuentesfidedignas.com.mx\\\/wp-content\\\/uploads\\\/2021\\\/04\\\/logo-retina.png\",\"contentUrl\":\"https:\\\/\\\/fuentesfidedignas.com.mx\\\/wp-content\\\/uploads\\\/2021\\\/04\\\/logo-retina.png\",\"width\":280,\"height\":51,\"caption\":\"Fuentes Fidedignas\"},\"image\":{\"@id\":\"https:\\\/\\\/fuentesfidedignas.com.mx\\\/#\\\/schema\\\/logo\\\/image\\\/\"},\"sameAs\":[\"https:\\\/\\\/www.facebook.com\\\/Fuentes-Fidedignas-368234489921644\",\"https:\\\/\\\/x.com\\\/fidedignas\"]},{\"@type\":\"Person\",\"@id\":\"https:\\\/\\\/fuentesfidedignas.com.mx\\\/#\\\/schema\\\/person\\\/331be9283d37198e2acd5750279085b0\",\"name\":\"Redacci\u00f3n\",\"image\":{\"@type\":\"ImageObject\",\"inLanguage\":\"es\",\"@id\":\"https:\\\/\\\/secure.gravatar.com\\\/avatar\\\/f6d8782c11d12b2d4ad3fbb6931aeab5309937a4d6cd2fc9cfaa28a6396a5aec?s=96&d=mm&r=g\",\"url\":\"https:\\\/\\\/secure.gravatar.com\\\/avatar\\\/f6d8782c11d12b2d4ad3fbb6931aeab5309937a4d6cd2fc9cfaa28a6396a5aec?s=96&d=mm&r=g\",\"contentUrl\":\"https:\\\/\\\/secure.gravatar.com\\\/avatar\\\/f6d8782c11d12b2d4ad3fbb6931aeab5309937a4d6cd2fc9cfaa28a6396a5aec?s=96&d=mm&r=g\",\"caption\":\"Redacci\u00f3n\"},\"url\":\"https:\\\/\\\/fuentesfidedignas.com.mx\\\/index.php\\\/author\\\/redaccion\\\/\"}]}<\/script>\n<!-- \/ Yoast SEO plugin. -->","yoast_head_json":{"title":"Sinaloa arranca con oro en el Nacional Popular 2025 de Artes Marciales - Fuentes Fidedignas","robots":{"index":"index","follow":"follow","max-snippet":"max-snippet:-1","max-image-preview":"max-image-preview:large","max-video-preview":"max-video-preview:-1"},"canonical":"https:\/\/fuentesfidedignas.com.mx\/index.php\/2025\/11\/04\/sinaloa-arranca-con-oro-en-el-nacional-popular-2025-de-artes-marciales\/","og_locale":"es_MX","og_type":"article","og_title":"Sinaloa arranca con oro en el Nacional Popular 2025 de Artes Marciales - Fuentes Fidedignas","og_description":"La delegaci\u00f3n sinaloense est\u00e1 conformada por 30 atletas, 4 entrenadores y 3 jueces, quienes han iniciado con excelentes resultados que colocan al estado en los primeros planos de la justa nacional. Oaxtepec, Morelos.- Con el apoyo del gobernador Rub\u00e9n Rocha Moya, la delegaci\u00f3n de Sinaloa inici\u00f3 con una destacada actuaci\u00f3n su participaci\u00f3n en el Campeonato [&hellip;]","og_url":"https:\/\/fuentesfidedignas.com.mx\/index.php\/2025\/11\/04\/sinaloa-arranca-con-oro-en-el-nacional-popular-2025-de-artes-marciales\/","og_site_name":"Fuentes Fidedignas","article_publisher":"https:\/\/www.facebook.com\/Fuentes-Fidedignas-368234489921644","article_published_time":"2025-11-04T19:50:33+00:00","article_modified_time":"2025-11-04T21:47:52+00:00","og_image":[{"width":500,"height":333,"url":"https:\/\/fuentesfidedignas.com.mx\/wp-content\/uploads\/2025\/11\/WhatsApp-Image-2025-11-04-at-12.19.12-PM.jpeg","type":"image\/jpeg"}],"author":"Redacci\u00f3n","twitter_card":"summary_large_image","twitter_creator":"@fidedignas","twitter_site":"@fidedignas","twitter_misc":{"Escrito por":"Redacci\u00f3n","Tiempo de lectura":"3 minutos"},"schema":{"@context":"https:\/\/schema.org","@graph":[{"@type":"Article","@id":"https:\/\/fuentesfidedignas.com.mx\/index.php\/2025\/11\/04\/sinaloa-arranca-con-oro-en-el-nacional-popular-2025-de-artes-marciales\/#article","isPartOf":{"@id":"https:\/\/fuentesfidedignas.com.mx\/index.php\/2025\/11\/04\/sinaloa-arranca-con-oro-en-el-nacional-popular-2025-de-artes-marciales\/"},"author":{"name":"Redacci\u00f3n","@id":"https:\/\/fuentesfidedignas.com.mx\/#\/schema\/person\/331be9283d37198e2acd5750279085b0"},"headline":"Sinaloa arranca con oro en el Nacional Popular 2025 de Artes Marciales","datePublished":"2025-11-04T19:50:33+00:00","dateModified":"2025-11-04T21:47:52+00:00","mainEntityOfPage":{"@id":"https:\/\/fuentesfidedignas.com.mx\/index.php\/2025\/11\/04\/sinaloa-arranca-con-oro-en-el-nacional-popular-2025-de-artes-marciales\/"},"wordCount":586,"commentCount":0,"publisher":{"@id":"https:\/\/fuentesfidedignas.com.mx\/#organization"},"image":{"@id":"https:\/\/fuentesfidedignas.com.mx\/index.php\/2025\/11\/04\/sinaloa-arranca-con-oro-en-el-nacional-popular-2025-de-artes-marciales\/#primaryimage"},"thumbnailUrl":"https:\/\/fuentesfidedignas.com.mx\/wp-content\/uploads\/2025\/11\/WhatsApp-Image-2025-11-04-at-12.19.12-PM.jpeg","articleSection":["NOTICIAS LOCALES"],"inLanguage":"es","potentialAction":[{"@type":"CommentAction","name":"Comment","target":["https:\/\/fuentesfidedignas.com.mx\/index.php\/2025\/11\/04\/sinaloa-arranca-con-oro-en-el-nacional-popular-2025-de-artes-marciales\/#respond"]}]},{"@type":"WebPage","@id":"https:\/\/fuentesfidedignas.com.mx\/index.php\/2025\/11\/04\/sinaloa-arranca-con-oro-en-el-nacional-popular-2025-de-artes-marciales\/","url":"https:\/\/fuentesfidedignas.com.mx\/index.php\/2025\/11\/04\/sinaloa-arranca-con-oro-en-el-nacional-popular-2025-de-artes-marciales\/","name":"Sinaloa arranca con oro en el Nacional Popular 2025 de Artes Marciales - Fuentes Fidedignas","isPartOf":{"@id":"https:\/\/fuentesfidedignas.com.mx\/#website"},"primaryImageOfPage":{"@id":"https:\/\/fuentesfidedignas.com.mx\/index.php\/2025\/11\/04\/sinaloa-arranca-con-oro-en-el-nacional-popular-2025-de-artes-marciales\/#primaryimage"},"image":{"@id":"https:\/\/fuentesfidedignas.com.mx\/index.php\/2025\/11\/04\/sinaloa-arranca-con-oro-en-el-nacional-popular-2025-de-artes-marciales\/#primaryimage"},"thumbnailUrl":"https:\/\/fuentesfidedignas.com.mx\/wp-content\/uploads\/2025\/11\/WhatsApp-Image-2025-11-04-at-12.19.12-PM.jpeg","datePublished":"2025-11-04T19:50:33+00:00","dateModified":"2025-11-04T21:47:52+00:00","breadcrumb":{"@id":"https:\/\/fuentesfidedignas.com.mx\/index.php\/2025\/11\/04\/sinaloa-arranca-con-oro-en-el-nacional-popular-2025-de-artes-marciales\/#breadcrumb"},"inLanguage":"es","potentialAction":[{"@type":"ReadAction","target":["https:\/\/fuentesfidedignas.com.mx\/index.php\/2025\/11\/04\/sinaloa-arranca-con-oro-en-el-nacional-popular-2025-de-artes-marciales\/"]}]},{"@type":"ImageObject","inLanguage":"es","@id":"https:\/\/fuentesfidedignas.com.mx\/index.php\/2025\/11\/04\/sinaloa-arranca-con-oro-en-el-nacional-popular-2025-de-artes-marciales\/#primaryimage","url":"https:\/\/fuentesfidedignas.com.mx\/wp-content\/uploads\/2025\/11\/WhatsApp-Image-2025-11-04-at-12.19.12-PM.jpeg","contentUrl":"https:\/\/fuentesfidedignas.com.mx\/wp-content\/uploads\/2025\/11\/WhatsApp-Image-2025-11-04-at-12.19.12-PM.jpeg","width":500,"height":333},{"@type":"BreadcrumbList","@id":"https:\/\/fuentesfidedignas.com.mx\/index.php\/2025\/11\/04\/sinaloa-arranca-con-oro-en-el-nacional-popular-2025-de-artes-marciales\/#breadcrumb","itemListElement":[{"@type":"ListItem","position":1,"name":"Inicio","item":"https:\/\/fuentesfidedignas.com.mx\/"},{"@type":"ListItem","position":2,"name":"Sinaloa arranca con oro en el Nacional Popular 2025 de Artes Marciales"}]},{"@type":"WebSite","@id":"https:\/\/fuentesfidedignas.com.mx\/#website","url":"https:\/\/fuentesfidedignas.com.mx\/","name":"Fuentes Fidedignas","description":"Otro sitio realizado con WordPress","publisher":{"@id":"https:\/\/fuentesfidedignas.com.mx\/#organization"},"potentialAction":[{"@type":"SearchAction","target":{"@type":"EntryPoint","urlTemplate":"https:\/\/fuentesfidedignas.com.mx\/?s={search_term_string}"},"query-input":{"@type":"PropertyValueSpecification","valueRequired":true,"valueName":"search_term_string"}}],"inLanguage":"es"},{"@type":"Organization","@id":"https:\/\/fuentesfidedignas.com.mx\/#organization","name":"Fuentes Fidedignas","url":"https:\/\/fuentesfidedignas.com.mx\/","logo":{"@type":"ImageObject","inLanguage":"es","@id":"https:\/\/fuentesfidedignas.com.mx\/#\/schema\/logo\/image\/","url":"https:\/\/fuentesfidedignas.com.mx\/wp-content\/uploads\/2021\/04\/logo-retina.png","contentUrl":"https:\/\/fuentesfidedignas.com.mx\/wp-content\/uploads\/2021\/04\/logo-retina.png","width":280,"height":51,"caption":"Fuentes Fidedignas"},"image":{"@id":"https:\/\/fuentesfidedignas.com.mx\/#\/schema\/logo\/image\/"},"sameAs":["https:\/\/www.facebook.com\/Fuentes-Fidedignas-368234489921644","https:\/\/x.com\/fidedignas"]},{"@type":"Person","@id":"https:\/\/fuentesfidedignas.com.mx\/#\/schema\/person\/331be9283d37198e2acd5750279085b0","name":"Redacci\u00f3n","image":{"@type":"ImageObject","inLanguage":"es","@id":"https:\/\/secure.gravatar.com\/avatar\/f6d8782c11d12b2d4ad3fbb6931aeab5309937a4d6cd2fc9cfaa28a6396a5aec?s=96&d=mm&r=g","url":"https:\/\/secure.gravatar.com\/avatar\/f6d8782c11d12b2d4ad3fbb6931aeab5309937a4d6cd2fc9cfaa28a6396a5aec?s=96&d=mm&r=g","contentUrl":"https:\/\/secure.gravatar.com\/avatar\/f6d8782c11d12b2d4ad3fbb6931aeab5309937a4d6cd2fc9cfaa28a6396a5aec?s=96&d=mm&r=g","caption":"Redacci\u00f3n"},"url":"https:\/\/fuentesfidedignas.com.mx\/index.php\/author\/redaccion\/"}]}},"_links":{"self":[{"href":"https:\/\/fuentesfidedignas.com.mx\/index.php\/wp-json\/wp\/v2\/posts\/120891","targetHints":{"allow":["GET"]}}],"collection":[{"href":"https:\/\/fuentesfidedignas.com.mx\/index.php\/wp-json\/wp\/v2\/posts"}],"about":[{"href":"https:\/\/fuentesfidedignas.com.mx\/index.php\/wp-json\/wp\/v2\/types\/post"}],"author":[{"embeddable":true,"href":"https:\/\/fuentesfidedignas.com.mx\/index.php\/wp-json\/wp\/v2\/users\/4"}],"replies":[{"embeddable":true,"href":"https:\/\/fuentesfidedignas.com.mx\/index.php\/wp-json\/wp\/v2\/comments?post=120891"}],"version-history":[{"count":1,"href":"https:\/\/fuentesfidedignas.com.mx\/index.php\/wp-json\/wp\/v2\/posts\/120891\/revisions"}],"predecessor-version":[{"id":120893,"href":"https:\/\/fuentesfidedignas.com.mx\/index.php\/wp-json\/wp\/v2\/posts\/120891\/revisions\/120893"}],"wp:featuredmedia":[{"embeddable":true,"href":"https:\/\/fuentesfidedignas.com.mx\/index.php\/wp-json\/wp\/v2\/media\/120892"}],"wp:attachment":[{"href":"https:\/\/fuentesfidedignas.com.mx\/index.php\/wp-json\/wp\/v2\/media?parent=120891"}],"wp:term":[{"taxonomy":"category","embeddable":true,"href":"https:\/\/fuentesfidedignas.com.mx\/index.php\/wp-json\/wp\/v2\/categories?post=120891"},{"taxonomy":"post_tag","embeddable":true,"href":"https:\/\/fuentesfidedignas.com.mx\/index.php\/wp-json\/wp\/v2\/tags?post=120891"}],"curies":[{"name":"wp","href":"https:\/\/api.w.org\/{rel}","templated":true}]}}