{"id":120876,"date":"2025-11-04T10:38:00","date_gmt":"2025-11-04T17:38:00","guid":{"rendered":"https:\/\/fuentesfidedignas.com.mx\/?p=120876"},"modified":"2025-11-04T12:15:51","modified_gmt":"2025-11-04T19:15:51","slug":"juan-hermano-de-carlos-manzo-se-baja-para-ser-alcalde-de-uruapan-hay-perfiles-que-pueden-hacerlo","status":"publish","type":"post","link":"https:\/\/fuentesfidedignas.com.mx\/index.php\/2025\/11\/04\/juan-hermano-de-carlos-manzo-se-baja-para-ser-alcalde-de-uruapan-hay-perfiles-que-pueden-hacerlo\/","title":{"rendered":"Juan, hermano de Carlos Manzo, \u2018se baja\u2019 para ser alcalde de Uruapan: \u2018Hay perfiles que pueden hacerlo\u2019"},"content":{"rendered":"\n<p><strong><em>Juan Manzo asegur\u00f3 que existen otros perfiles capacitados para asumir la presidencia de Uruapan, tras el asesinato de su hermano Carlos Manzo.<\/em><\/strong><\/p>\n\n\n\n<p>Tras el asesinato de su hermano, Juan Manzo, subsecretario de Gobierno de Michoac\u00e1n, descart\u00f3 participar como candidato a la presidencia municipal de Uruapan a trav\u00e9s del movimiento independiente que encabezaba Carlos Manzo.<\/p>\n\n\n\n<p>Juan Manzo, en entrevista con Ciro G\u00f3mez Leyva, asegur\u00f3 este martes 4 de noviembre que existen otros perfiles capacitados para asumir la presidencia de Uruapan.<\/p>\n\n\n\n<p>\u201cPol\u00edticamente yo no militaba en el movimiento, ten\u00eda una coincidencia y son amigos m\u00edos muchos de ellos\u201d, explic\u00f3 el funcionario estatal.<\/p>\n\n\n\n<p>Sin embargo, Manzo subray\u00f3 que la decisi\u00f3n sobre qui\u00e9n encabezar\u00e1 la candidatura ser\u00e1 tomada directamente por el Movimiento del Sombrero: \u201cLa decisi\u00f3n va a emitirse directamente de ah\u00ed, del movimiento independiente\u201d.<\/p>\n\n\n\n<p>Por esta raz\u00f3n, el hermano del alcalde asesinado en Uruapan enfatiz\u00f3 que su lugar no est\u00e1 en la contienda electoral:<\/p>\n\n\n\n<p>\u201cHay perfiles que pueden hacerlo; la verdad es que no estar\u00eda yo en esa posici\u00f3n. Yo prefiero respetar a los compa\u00f1eros y amigos que fundaron su movimiento y sean quienes decidan esto\u201d, declar\u00f3 en entrevista.<\/p>\n\n\n\n<p>Sobre la relaci\u00f3n entre el Gobierno estatal y municipal, Juan Manzo, cercano al gobernador Alfredo Ram\u00edrez Bedolla, reconoci\u00f3 que \u201chay tensi\u00f3n, hay molestia\u201d, pero institucionalmente \u201chay una buana relaci\u00f3n con todos ellos, con el equipo cercano de Carlos Manzo\u201d.<\/p>\n\n\n\n<p>\u201cA nadie m\u00e1s le puede doler la muerte de Carlos Manzo que a su familia, entre ellos a m\u00ed y a muchos m\u00e1s\u201d, a\u00f1adi\u00f3.<\/p>\n\n\n\n<p><strong>\u00bfQui\u00e9n ser\u00e1 el pr\u00f3ximo alcalde de Uruapan? Este nombre \u2018suena\u2019<\/strong><br>La jefa de Gabinete en Uruapan, Mary D\u00f3ddoli, inform\u00f3 que el proceso para elegir al nuevo alcalde se llevar\u00e1 a cabo conforme lo marca la Ley Org\u00e1nica Municipal, iniciando con una convocatoria al cabildo.<\/p>\n\n\n\n<p>\u201cSe va a hacer una convocatoria al cabildo; por la Ley Org\u00e1nica Municipal, va a quedar al frente por unos 30 d\u00edas la s\u00edndica municipal, Flor Maldonado\u201d, explic\u00f3 D\u00f3ddoli.<\/p>\n\n\n\n<p>Durante ese lapso, el cabildo \u2014integradopor miembros del Movimiento del Sombrero, al que pertenec\u00eda el alcalde fallecido\u2014 deber\u00e1 elegir a la nueva presidente o presidenta municipal.<\/p>\n\n\n\n<p>\u201cVan a permitir que en el cabildo, que pertenece al Movimiento del Sombrero en Uruapan, elija a la presidenta\u201d, agreg\u00f3.<\/p>\n\n\n\n<p>De acuerdo con la funcionaria, ya existen nombres que suenan con fuerza para ocupar el cargo, como el de Gracia Quiroz, viuda del alcalde Carlos Manzo.<\/p>\n\n\n\n<p>\u201cLa votaci\u00f3n est\u00e1 anticipada; se est\u00e1 viendo que est\u00e1 la se\u00f1ora Grecia, la viuda del expresidente\u201d, se\u00f1al\u00f3 D\u00f3ddoli.<\/p>\n","protected":false},"excerpt":{"rendered":"<p>Juan Manzo asegur\u00f3 que existen otros perfiles capacitados para asumir la presidencia de Uruapan, tras el asesinato de su hermano Carlos Manzo. Tras el asesinato de su hermano, Juan Manzo, subsecretario de Gobierno de Michoac\u00e1n, descart\u00f3 participar como candidato a la presidencia municipal de Uruapan a trav\u00e9s del movimiento independiente que encabezaba Carlos Manzo. Juan [&hellip;]<\/p>\n","protected":false},"author":21,"featured_media":120879,"comment_status":"open","ping_status":"open","sticky":false,"template":"","format":"standard","meta":{"tdm_status":"","tdm_grid_status":"","footnotes":""},"categories":[39],"tags":[],"class_list":{"0":"post-120876","1":"post","2":"type-post","3":"status-publish","4":"format-standard","5":"has-post-thumbnail","7":"category-noticias-nacionales"},"yoast_head":"<!-- This site is optimized with the Yoast SEO plugin v27.5 - https:\/\/yoast.com\/product\/yoast-seo-wordpress\/ -->\n<title>Juan, hermano de Carlos Manzo, \u2018se baja\u2019 para ser alcalde de Uruapan: \u2018Hay perfiles que pueden hacerlo\u2019 - Fuentes Fidedignas<\/title>\n<meta name=\"robots\" content=\"index, follow, max-snippet:-1, max-image-preview:large, max-video-preview:-1\" \/>\n<link rel=\"canonical\" href=\"https:\/\/fuentesfidedignas.com.mx\/index.php\/2025\/11\/04\/juan-hermano-de-carlos-manzo-se-baja-para-ser-alcalde-de-uruapan-hay-perfiles-que-pueden-hacerlo\/\" \/>\n<meta property=\"og:locale\" content=\"es_MX\" \/>\n<meta property=\"og:type\" content=\"article\" \/>\n<meta property=\"og:title\" content=\"Juan, hermano de Carlos Manzo, \u2018se baja\u2019 para ser alcalde de Uruapan: \u2018Hay perfiles que pueden hacerlo\u2019 - Fuentes Fidedignas\" \/>\n<meta property=\"og:description\" content=\"Juan Manzo asegur\u00f3 que existen otros perfiles capacitados para asumir la presidencia de Uruapan, tras el asesinato de su hermano Carlos Manzo. Tras el asesinato de su hermano, Juan Manzo, subsecretario de Gobierno de Michoac\u00e1n, descart\u00f3 participar como candidato a la presidencia municipal de Uruapan a trav\u00e9s del movimiento independiente que encabezaba Carlos Manzo. Juan [&hellip;]\" \/>\n<meta property=\"og:url\" content=\"https:\/\/fuentesfidedignas.com.mx\/index.php\/2025\/11\/04\/juan-hermano-de-carlos-manzo-se-baja-para-ser-alcalde-de-uruapan-hay-perfiles-que-pueden-hacerlo\/\" \/>\n<meta property=\"og:site_name\" content=\"Fuentes Fidedignas\" \/>\n<meta property=\"article:publisher\" content=\"https:\/\/www.facebook.com\/Fuentes-Fidedignas-368234489921644\" \/>\n<meta property=\"article:published_time\" content=\"2025-11-04T17:38:00+00:00\" \/>\n<meta property=\"article:modified_time\" content=\"2025-11-04T19:15:51+00:00\" \/>\n<meta property=\"og:image\" content=\"https:\/\/fuentesfidedignas.com.mx\/wp-content\/uploads\/2025\/11\/Juan-Manzo.jpg\" \/>\n\t<meta property=\"og:image:width\" content=\"500\" \/>\n\t<meta property=\"og:image:height\" content=\"281\" \/>\n\t<meta property=\"og:image:type\" content=\"image\/jpeg\" \/>\n<meta name=\"author\" content=\"El Financiero\" \/>\n<meta name=\"twitter:card\" content=\"summary_large_image\" \/>\n<meta name=\"twitter:creator\" content=\"@fidedignas\" \/>\n<meta name=\"twitter:site\" content=\"@fidedignas\" \/>\n<meta name=\"twitter:label1\" content=\"Escrito por\" \/>\n\t<meta name=\"twitter:data1\" content=\"El Financiero\" \/>\n\t<meta name=\"twitter:label2\" content=\"Tiempo de lectura\" \/>\n\t<meta name=\"twitter:data2\" content=\"3 minutos\" \/>\n<script type=\"application\/ld+json\" class=\"yoast-schema-graph\">{\"@context\":\"https:\\\/\\\/schema.org\",\"@graph\":[{\"@type\":\"Article\",\"@id\":\"https:\\\/\\\/fuentesfidedignas.com.mx\\\/index.php\\\/2025\\\/11\\\/04\\\/juan-hermano-de-carlos-manzo-se-baja-para-ser-alcalde-de-uruapan-hay-perfiles-que-pueden-hacerlo\\\/#article\",\"isPartOf\":{\"@id\":\"https:\\\/\\\/fuentesfidedignas.com.mx\\\/index.php\\\/2025\\\/11\\\/04\\\/juan-hermano-de-carlos-manzo-se-baja-para-ser-alcalde-de-uruapan-hay-perfiles-que-pueden-hacerlo\\\/\"},\"author\":{\"name\":\"El Financiero\",\"@id\":\"https:\\\/\\\/fuentesfidedignas.com.mx\\\/#\\\/schema\\\/person\\\/494f7e0dce8dfaaec5b64f16615b78e9\"},\"headline\":\"Juan, hermano de Carlos Manzo, \u2018se baja\u2019 para ser alcalde de Uruapan: \u2018Hay perfiles que pueden hacerlo\u2019\",\"datePublished\":\"2025-11-04T17:38:00+00:00\",\"dateModified\":\"2025-11-04T19:15:51+00:00\",\"mainEntityOfPage\":{\"@id\":\"https:\\\/\\\/fuentesfidedignas.com.mx\\\/index.php\\\/2025\\\/11\\\/04\\\/juan-hermano-de-carlos-manzo-se-baja-para-ser-alcalde-de-uruapan-hay-perfiles-que-pueden-hacerlo\\\/\"},\"wordCount\":460,\"commentCount\":0,\"publisher\":{\"@id\":\"https:\\\/\\\/fuentesfidedignas.com.mx\\\/#organization\"},\"image\":{\"@id\":\"https:\\\/\\\/fuentesfidedignas.com.mx\\\/index.php\\\/2025\\\/11\\\/04\\\/juan-hermano-de-carlos-manzo-se-baja-para-ser-alcalde-de-uruapan-hay-perfiles-que-pueden-hacerlo\\\/#primaryimage\"},\"thumbnailUrl\":\"https:\\\/\\\/fuentesfidedignas.com.mx\\\/wp-content\\\/uploads\\\/2025\\\/11\\\/Juan-Manzo.jpg\",\"articleSection\":[\"NOTICIAS NACIONALES\"],\"inLanguage\":\"es\",\"potentialAction\":[{\"@type\":\"CommentAction\",\"name\":\"Comment\",\"target\":[\"https:\\\/\\\/fuentesfidedignas.com.mx\\\/index.php\\\/2025\\\/11\\\/04\\\/juan-hermano-de-carlos-manzo-se-baja-para-ser-alcalde-de-uruapan-hay-perfiles-que-pueden-hacerlo\\\/#respond\"]}]},{\"@type\":\"WebPage\",\"@id\":\"https:\\\/\\\/fuentesfidedignas.com.mx\\\/index.php\\\/2025\\\/11\\\/04\\\/juan-hermano-de-carlos-manzo-se-baja-para-ser-alcalde-de-uruapan-hay-perfiles-que-pueden-hacerlo\\\/\",\"url\":\"https:\\\/\\\/fuentesfidedignas.com.mx\\\/index.php\\\/2025\\\/11\\\/04\\\/juan-hermano-de-carlos-manzo-se-baja-para-ser-alcalde-de-uruapan-hay-perfiles-que-pueden-hacerlo\\\/\",\"name\":\"Juan, hermano de Carlos Manzo, \u2018se baja\u2019 para ser alcalde de Uruapan: \u2018Hay perfiles que pueden hacerlo\u2019 - Fuentes Fidedignas\",\"isPartOf\":{\"@id\":\"https:\\\/\\\/fuentesfidedignas.com.mx\\\/#website\"},\"primaryImageOfPage\":{\"@id\":\"https:\\\/\\\/fuentesfidedignas.com.mx\\\/index.php\\\/2025\\\/11\\\/04\\\/juan-hermano-de-carlos-manzo-se-baja-para-ser-alcalde-de-uruapan-hay-perfiles-que-pueden-hacerlo\\\/#primaryimage\"},\"image\":{\"@id\":\"https:\\\/\\\/fuentesfidedignas.com.mx\\\/index.php\\\/2025\\\/11\\\/04\\\/juan-hermano-de-carlos-manzo-se-baja-para-ser-alcalde-de-uruapan-hay-perfiles-que-pueden-hacerlo\\\/#primaryimage\"},\"thumbnailUrl\":\"https:\\\/\\\/fuentesfidedignas.com.mx\\\/wp-content\\\/uploads\\\/2025\\\/11\\\/Juan-Manzo.jpg\",\"datePublished\":\"2025-11-04T17:38:00+00:00\",\"dateModified\":\"2025-11-04T19:15:51+00:00\",\"breadcrumb\":{\"@id\":\"https:\\\/\\\/fuentesfidedignas.com.mx\\\/index.php\\\/2025\\\/11\\\/04\\\/juan-hermano-de-carlos-manzo-se-baja-para-ser-alcalde-de-uruapan-hay-perfiles-que-pueden-hacerlo\\\/#breadcrumb\"},\"inLanguage\":\"es\",\"potentialAction\":[{\"@type\":\"ReadAction\",\"target\":[\"https:\\\/\\\/fuentesfidedignas.com.mx\\\/index.php\\\/2025\\\/11\\\/04\\\/juan-hermano-de-carlos-manzo-se-baja-para-ser-alcalde-de-uruapan-hay-perfiles-que-pueden-hacerlo\\\/\"]}]},{\"@type\":\"ImageObject\",\"inLanguage\":\"es\",\"@id\":\"https:\\\/\\\/fuentesfidedignas.com.mx\\\/index.php\\\/2025\\\/11\\\/04\\\/juan-hermano-de-carlos-manzo-se-baja-para-ser-alcalde-de-uruapan-hay-perfiles-que-pueden-hacerlo\\\/#primaryimage\",\"url\":\"https:\\\/\\\/fuentesfidedignas.com.mx\\\/wp-content\\\/uploads\\\/2025\\\/11\\\/Juan-Manzo.jpg\",\"contentUrl\":\"https:\\\/\\\/fuentesfidedignas.com.mx\\\/wp-content\\\/uploads\\\/2025\\\/11\\\/Juan-Manzo.jpg\",\"width\":500,\"height\":281},{\"@type\":\"BreadcrumbList\",\"@id\":\"https:\\\/\\\/fuentesfidedignas.com.mx\\\/index.php\\\/2025\\\/11\\\/04\\\/juan-hermano-de-carlos-manzo-se-baja-para-ser-alcalde-de-uruapan-hay-perfiles-que-pueden-hacerlo\\\/#breadcrumb\",\"itemListElement\":[{\"@type\":\"ListItem\",\"position\":1,\"name\":\"Inicio\",\"item\":\"https:\\\/\\\/fuentesfidedignas.com.mx\\\/\"},{\"@type\":\"ListItem\",\"position\":2,\"name\":\"Juan, hermano de Carlos Manzo, \u2018se baja\u2019 para ser alcalde de Uruapan: \u2018Hay perfiles que pueden hacerlo\u2019\"}]},{\"@type\":\"WebSite\",\"@id\":\"https:\\\/\\\/fuentesfidedignas.com.mx\\\/#website\",\"url\":\"https:\\\/\\\/fuentesfidedignas.com.mx\\\/\",\"name\":\"Fuentes Fidedignas\",\"description\":\"Otro sitio realizado con WordPress\",\"publisher\":{\"@id\":\"https:\\\/\\\/fuentesfidedignas.com.mx\\\/#organization\"},\"potentialAction\":[{\"@type\":\"SearchAction\",\"target\":{\"@type\":\"EntryPoint\",\"urlTemplate\":\"https:\\\/\\\/fuentesfidedignas.com.mx\\\/?s={search_term_string}\"},\"query-input\":{\"@type\":\"PropertyValueSpecification\",\"valueRequired\":true,\"valueName\":\"search_term_string\"}}],\"inLanguage\":\"es\"},{\"@type\":\"Organization\",\"@id\":\"https:\\\/\\\/fuentesfidedignas.com.mx\\\/#organization\",\"name\":\"Fuentes Fidedignas\",\"url\":\"https:\\\/\\\/fuentesfidedignas.com.mx\\\/\",\"logo\":{\"@type\":\"ImageObject\",\"inLanguage\":\"es\",\"@id\":\"https:\\\/\\\/fuentesfidedignas.com.mx\\\/#\\\/schema\\\/logo\\\/image\\\/\",\"url\":\"https:\\\/\\\/fuentesfidedignas.com.mx\\\/wp-content\\\/uploads\\\/2021\\\/04\\\/logo-retina.png\",\"contentUrl\":\"https:\\\/\\\/fuentesfidedignas.com.mx\\\/wp-content\\\/uploads\\\/2021\\\/04\\\/logo-retina.png\",\"width\":280,\"height\":51,\"caption\":\"Fuentes Fidedignas\"},\"image\":{\"@id\":\"https:\\\/\\\/fuentesfidedignas.com.mx\\\/#\\\/schema\\\/logo\\\/image\\\/\"},\"sameAs\":[\"https:\\\/\\\/www.facebook.com\\\/Fuentes-Fidedignas-368234489921644\",\"https:\\\/\\\/x.com\\\/fidedignas\"]},{\"@type\":\"Person\",\"@id\":\"https:\\\/\\\/fuentesfidedignas.com.mx\\\/#\\\/schema\\\/person\\\/494f7e0dce8dfaaec5b64f16615b78e9\",\"name\":\"El Financiero\",\"image\":{\"@type\":\"ImageObject\",\"inLanguage\":\"es\",\"@id\":\"https:\\\/\\\/secure.gravatar.com\\\/avatar\\\/88c0f3f2079389318ef8dd35c22cb997212aa89646e357ba59b318db26ed91a9?s=96&d=mm&r=g\",\"url\":\"https:\\\/\\\/secure.gravatar.com\\\/avatar\\\/88c0f3f2079389318ef8dd35c22cb997212aa89646e357ba59b318db26ed91a9?s=96&d=mm&r=g\",\"contentUrl\":\"https:\\\/\\\/secure.gravatar.com\\\/avatar\\\/88c0f3f2079389318ef8dd35c22cb997212aa89646e357ba59b318db26ed91a9?s=96&d=mm&r=g\",\"caption\":\"El Financiero\"},\"url\":\"https:\\\/\\\/fuentesfidedignas.com.mx\\\/index.php\\\/author\\\/financiero\\\/\"}]}<\/script>\n<!-- \/ Yoast SEO plugin. -->","yoast_head_json":{"title":"Juan, hermano de Carlos Manzo, \u2018se baja\u2019 para ser alcalde de Uruapan: \u2018Hay perfiles que pueden hacerlo\u2019 - Fuentes Fidedignas","robots":{"index":"index","follow":"follow","max-snippet":"max-snippet:-1","max-image-preview":"max-image-preview:large","max-video-preview":"max-video-preview:-1"},"canonical":"https:\/\/fuentesfidedignas.com.mx\/index.php\/2025\/11\/04\/juan-hermano-de-carlos-manzo-se-baja-para-ser-alcalde-de-uruapan-hay-perfiles-que-pueden-hacerlo\/","og_locale":"es_MX","og_type":"article","og_title":"Juan, hermano de Carlos Manzo, \u2018se baja\u2019 para ser alcalde de Uruapan: \u2018Hay perfiles que pueden hacerlo\u2019 - Fuentes Fidedignas","og_description":"Juan Manzo asegur\u00f3 que existen otros perfiles capacitados para asumir la presidencia de Uruapan, tras el asesinato de su hermano Carlos Manzo. Tras el asesinato de su hermano, Juan Manzo, subsecretario de Gobierno de Michoac\u00e1n, descart\u00f3 participar como candidato a la presidencia municipal de Uruapan a trav\u00e9s del movimiento independiente que encabezaba Carlos Manzo. Juan [&hellip;]","og_url":"https:\/\/fuentesfidedignas.com.mx\/index.php\/2025\/11\/04\/juan-hermano-de-carlos-manzo-se-baja-para-ser-alcalde-de-uruapan-hay-perfiles-que-pueden-hacerlo\/","og_site_name":"Fuentes Fidedignas","article_publisher":"https:\/\/www.facebook.com\/Fuentes-Fidedignas-368234489921644","article_published_time":"2025-11-04T17:38:00+00:00","article_modified_time":"2025-11-04T19:15:51+00:00","og_image":[{"width":500,"height":281,"url":"https:\/\/fuentesfidedignas.com.mx\/wp-content\/uploads\/2025\/11\/Juan-Manzo.jpg","type":"image\/jpeg"}],"author":"El Financiero","twitter_card":"summary_large_image","twitter_creator":"@fidedignas","twitter_site":"@fidedignas","twitter_misc":{"Escrito por":"El Financiero","Tiempo de lectura":"3 minutos"},"schema":{"@context":"https:\/\/schema.org","@graph":[{"@type":"Article","@id":"https:\/\/fuentesfidedignas.com.mx\/index.php\/2025\/11\/04\/juan-hermano-de-carlos-manzo-se-baja-para-ser-alcalde-de-uruapan-hay-perfiles-que-pueden-hacerlo\/#article","isPartOf":{"@id":"https:\/\/fuentesfidedignas.com.mx\/index.php\/2025\/11\/04\/juan-hermano-de-carlos-manzo-se-baja-para-ser-alcalde-de-uruapan-hay-perfiles-que-pueden-hacerlo\/"},"author":{"name":"El Financiero","@id":"https:\/\/fuentesfidedignas.com.mx\/#\/schema\/person\/494f7e0dce8dfaaec5b64f16615b78e9"},"headline":"Juan, hermano de Carlos Manzo, \u2018se baja\u2019 para ser alcalde de Uruapan: \u2018Hay perfiles que pueden hacerlo\u2019","datePublished":"2025-11-04T17:38:00+00:00","dateModified":"2025-11-04T19:15:51+00:00","mainEntityOfPage":{"@id":"https:\/\/fuentesfidedignas.com.mx\/index.php\/2025\/11\/04\/juan-hermano-de-carlos-manzo-se-baja-para-ser-alcalde-de-uruapan-hay-perfiles-que-pueden-hacerlo\/"},"wordCount":460,"commentCount":0,"publisher":{"@id":"https:\/\/fuentesfidedignas.com.mx\/#organization"},"image":{"@id":"https:\/\/fuentesfidedignas.com.mx\/index.php\/2025\/11\/04\/juan-hermano-de-carlos-manzo-se-baja-para-ser-alcalde-de-uruapan-hay-perfiles-que-pueden-hacerlo\/#primaryimage"},"thumbnailUrl":"https:\/\/fuentesfidedignas.com.mx\/wp-content\/uploads\/2025\/11\/Juan-Manzo.jpg","articleSection":["NOTICIAS NACIONALES"],"inLanguage":"es","potentialAction":[{"@type":"CommentAction","name":"Comment","target":["https:\/\/fuentesfidedignas.com.mx\/index.php\/2025\/11\/04\/juan-hermano-de-carlos-manzo-se-baja-para-ser-alcalde-de-uruapan-hay-perfiles-que-pueden-hacerlo\/#respond"]}]},{"@type":"WebPage","@id":"https:\/\/fuentesfidedignas.com.mx\/index.php\/2025\/11\/04\/juan-hermano-de-carlos-manzo-se-baja-para-ser-alcalde-de-uruapan-hay-perfiles-que-pueden-hacerlo\/","url":"https:\/\/fuentesfidedignas.com.mx\/index.php\/2025\/11\/04\/juan-hermano-de-carlos-manzo-se-baja-para-ser-alcalde-de-uruapan-hay-perfiles-que-pueden-hacerlo\/","name":"Juan, hermano de Carlos Manzo, \u2018se baja\u2019 para ser alcalde de Uruapan: \u2018Hay perfiles que pueden hacerlo\u2019 - Fuentes Fidedignas","isPartOf":{"@id":"https:\/\/fuentesfidedignas.com.mx\/#website"},"primaryImageOfPage":{"@id":"https:\/\/fuentesfidedignas.com.mx\/index.php\/2025\/11\/04\/juan-hermano-de-carlos-manzo-se-baja-para-ser-alcalde-de-uruapan-hay-perfiles-que-pueden-hacerlo\/#primaryimage"},"image":{"@id":"https:\/\/fuentesfidedignas.com.mx\/index.php\/2025\/11\/04\/juan-hermano-de-carlos-manzo-se-baja-para-ser-alcalde-de-uruapan-hay-perfiles-que-pueden-hacerlo\/#primaryimage"},"thumbnailUrl":"https:\/\/fuentesfidedignas.com.mx\/wp-content\/uploads\/2025\/11\/Juan-Manzo.jpg","datePublished":"2025-11-04T17:38:00+00:00","dateModified":"2025-11-04T19:15:51+00:00","breadcrumb":{"@id":"https:\/\/fuentesfidedignas.com.mx\/index.php\/2025\/11\/04\/juan-hermano-de-carlos-manzo-se-baja-para-ser-alcalde-de-uruapan-hay-perfiles-que-pueden-hacerlo\/#breadcrumb"},"inLanguage":"es","potentialAction":[{"@type":"ReadAction","target":["https:\/\/fuentesfidedignas.com.mx\/index.php\/2025\/11\/04\/juan-hermano-de-carlos-manzo-se-baja-para-ser-alcalde-de-uruapan-hay-perfiles-que-pueden-hacerlo\/"]}]},{"@type":"ImageObject","inLanguage":"es","@id":"https:\/\/fuentesfidedignas.com.mx\/index.php\/2025\/11\/04\/juan-hermano-de-carlos-manzo-se-baja-para-ser-alcalde-de-uruapan-hay-perfiles-que-pueden-hacerlo\/#primaryimage","url":"https:\/\/fuentesfidedignas.com.mx\/wp-content\/uploads\/2025\/11\/Juan-Manzo.jpg","contentUrl":"https:\/\/fuentesfidedignas.com.mx\/wp-content\/uploads\/2025\/11\/Juan-Manzo.jpg","width":500,"height":281},{"@type":"BreadcrumbList","@id":"https:\/\/fuentesfidedignas.com.mx\/index.php\/2025\/11\/04\/juan-hermano-de-carlos-manzo-se-baja-para-ser-alcalde-de-uruapan-hay-perfiles-que-pueden-hacerlo\/#breadcrumb","itemListElement":[{"@type":"ListItem","position":1,"name":"Inicio","item":"https:\/\/fuentesfidedignas.com.mx\/"},{"@type":"ListItem","position":2,"name":"Juan, hermano de Carlos Manzo, \u2018se baja\u2019 para ser alcalde de Uruapan: \u2018Hay perfiles que pueden hacerlo\u2019"}]},{"@type":"WebSite","@id":"https:\/\/fuentesfidedignas.com.mx\/#website","url":"https:\/\/fuentesfidedignas.com.mx\/","name":"Fuentes Fidedignas","description":"Otro sitio realizado con WordPress","publisher":{"@id":"https:\/\/fuentesfidedignas.com.mx\/#organization"},"potentialAction":[{"@type":"SearchAction","target":{"@type":"EntryPoint","urlTemplate":"https:\/\/fuentesfidedignas.com.mx\/?s={search_term_string}"},"query-input":{"@type":"PropertyValueSpecification","valueRequired":true,"valueName":"search_term_string"}}],"inLanguage":"es"},{"@type":"Organization","@id":"https:\/\/fuentesfidedignas.com.mx\/#organization","name":"Fuentes Fidedignas","url":"https:\/\/fuentesfidedignas.com.mx\/","logo":{"@type":"ImageObject","inLanguage":"es","@id":"https:\/\/fuentesfidedignas.com.mx\/#\/schema\/logo\/image\/","url":"https:\/\/fuentesfidedignas.com.mx\/wp-content\/uploads\/2021\/04\/logo-retina.png","contentUrl":"https:\/\/fuentesfidedignas.com.mx\/wp-content\/uploads\/2021\/04\/logo-retina.png","width":280,"height":51,"caption":"Fuentes Fidedignas"},"image":{"@id":"https:\/\/fuentesfidedignas.com.mx\/#\/schema\/logo\/image\/"},"sameAs":["https:\/\/www.facebook.com\/Fuentes-Fidedignas-368234489921644","https:\/\/x.com\/fidedignas"]},{"@type":"Person","@id":"https:\/\/fuentesfidedignas.com.mx\/#\/schema\/person\/494f7e0dce8dfaaec5b64f16615b78e9","name":"El Financiero","image":{"@type":"ImageObject","inLanguage":"es","@id":"https:\/\/secure.gravatar.com\/avatar\/88c0f3f2079389318ef8dd35c22cb997212aa89646e357ba59b318db26ed91a9?s=96&d=mm&r=g","url":"https:\/\/secure.gravatar.com\/avatar\/88c0f3f2079389318ef8dd35c22cb997212aa89646e357ba59b318db26ed91a9?s=96&d=mm&r=g","contentUrl":"https:\/\/secure.gravatar.com\/avatar\/88c0f3f2079389318ef8dd35c22cb997212aa89646e357ba59b318db26ed91a9?s=96&d=mm&r=g","caption":"El Financiero"},"url":"https:\/\/fuentesfidedignas.com.mx\/index.php\/author\/financiero\/"}]}},"_links":{"self":[{"href":"https:\/\/fuentesfidedignas.com.mx\/index.php\/wp-json\/wp\/v2\/posts\/120876","targetHints":{"allow":["GET"]}}],"collection":[{"href":"https:\/\/fuentesfidedignas.com.mx\/index.php\/wp-json\/wp\/v2\/posts"}],"about":[{"href":"https:\/\/fuentesfidedignas.com.mx\/index.php\/wp-json\/wp\/v2\/types\/post"}],"author":[{"embeddable":true,"href":"https:\/\/fuentesfidedignas.com.mx\/index.php\/wp-json\/wp\/v2\/users\/21"}],"replies":[{"embeddable":true,"href":"https:\/\/fuentesfidedignas.com.mx\/index.php\/wp-json\/wp\/v2\/comments?post=120876"}],"version-history":[{"count":1,"href":"https:\/\/fuentesfidedignas.com.mx\/index.php\/wp-json\/wp\/v2\/posts\/120876\/revisions"}],"predecessor-version":[{"id":120881,"href":"https:\/\/fuentesfidedignas.com.mx\/index.php\/wp-json\/wp\/v2\/posts\/120876\/revisions\/120881"}],"wp:featuredmedia":[{"embeddable":true,"href":"https:\/\/fuentesfidedignas.com.mx\/index.php\/wp-json\/wp\/v2\/media\/120879"}],"wp:attachment":[{"href":"https:\/\/fuentesfidedignas.com.mx\/index.php\/wp-json\/wp\/v2\/media?parent=120876"}],"wp:term":[{"taxonomy":"category","embeddable":true,"href":"https:\/\/fuentesfidedignas.com.mx\/index.php\/wp-json\/wp\/v2\/categories?post=120876"},{"taxonomy":"post_tag","embeddable":true,"href":"https:\/\/fuentesfidedignas.com.mx\/index.php\/wp-json\/wp\/v2\/tags?post=120876"}],"curies":[{"name":"wp","href":"https:\/\/api.w.org\/{rel}","templated":true}]}}