{"id":120850,"date":"2025-11-04T06:10:18","date_gmt":"2025-11-04T13:10:18","guid":{"rendered":"https:\/\/fuentesfidedignas.com.mx\/?p=120850"},"modified":"2025-11-04T06:10:18","modified_gmt":"2025-11-04T13:10:18","slug":"el-bienestar-que-se-construye-desde-abajo-la-entrevista-con-ruben-beltran-juarez","status":"publish","type":"post","link":"https:\/\/fuentesfidedignas.com.mx\/index.php\/2025\/11\/04\/el-bienestar-que-se-construye-desde-abajo-la-entrevista-con-ruben-beltran-juarez\/","title":{"rendered":"El bienestar que se construye desde abajo; la entrevista con Rub\u00e9n Beltr\u00e1n Ju\u00e1rez"},"content":{"rendered":"\n<p>En ocasiones, la conversaci\u00f3n p\u00fablica se queda atrapada en los discursos, en los grandes conceptos que se dicen con solemnidad, pero que no alcanzan a tocar la realidad inmediata de la gente. <\/p>\n\n\n\n<p>\u201cBienestar\u201d, \u201cdemocracia\u201d, \u201cparticipaci\u00f3n ciudadana\u201d: palabras amplias, importantes, pero que a veces parecen alejarse de la vida cotidiana.<\/p>\n\n\n\n<p>Por eso, el di\u00e1logo que sostuvimos en LogoC\u00f3mic con Rub\u00e9n Beltr\u00e1n Ju\u00e1rez, transmitido por Radio Artesana 106.5 FM y en colaboraci\u00f3n con Fuentes Fidedignas y Agenda Sinaloa, signific\u00f3 una oportunidad para volver a habitar estas palabras desde un lugar distinto: el de las personas, el territorio, la comunidad.<\/p>\n\n\n\n<p>Rub\u00e9n plantea algo esencial: el bienestar social no es solo una meta del Estado, sino una tarea colectiva. No se decreta desde arriba; se cultiva desde la base. Implica mirar c\u00f3mo vivimos, c\u00f3mo nos relacionamos, c\u00f3mo tomamos decisiones que afectan a otros y c\u00f3mo entendemos nuestro papel dentro del entramado social.<\/p>\n\n\n\n<p>La democracia, dice, no termina en la urna, ni se limita a votar cada cierto tiempo. La democracia se vuelve real cuando la ciudadan\u00eda participa en la toma de decisiones, cuando opina, propone, cuestiona, acompa\u00f1a y construye. Cuando ejerce su derecho a ser parte activa de la vida p\u00fablica.<\/p>\n\n\n\n<p>Pero para llegar ah\u00ed, hace falta algo m\u00e1s que mecanismos.<br>Hace falta cultura democr\u00e1tica.<br>Hace falta comunidad.<br>Hace falta la certeza de que nuestra voz no solo cuenta, sino que transforma.<\/p>\n\n\n\n<p>En la conversaci\u00f3n, Rub\u00e9n nos recuerda que el bienestar no es solo un indicador econ\u00f3mico ni una pol\u00edtica social asistencialista. Es la posibilidad de que las personas se sientan parte de algo m\u00e1s grande, de que vivan con dignidad, con acceso a derechos, con oportunidades reales. Y eso no se logra sin di\u00e1logo, sin escucha, sin organizaci\u00f3n.<\/p>\n\n\n\n<p>En un tiempo donde la polarizaci\u00f3n amenaza con convertirse en norma, Rub\u00e9n propone algo distinto: hablar con calma, debatir con argumentos, construir con acuerdos. Su visi\u00f3n no idealiza la pol\u00edtica, pero tampoco renuncia a ella; la entiende como espacio de encuentro y responsabilidad compartida.<\/p>\n\n\n\n<p>LogoC\u00f3mic, fiel a su esp\u00edritu, abre micr\u00f3fonos y ventanas para que estas ideas respiren y se discutan. No como consigna ni como consuelo, sino como invitaci\u00f3n a pensarnos. A imaginarnos mejores. A involucrarnos.<\/p>\n\n\n\n<p>Porque si algo qued\u00f3 claro en esta edici\u00f3n especial es que la democracia participativa no se espera, se ejerce.<\/p>\n\n\n\n<p>Y el bienestar social no se recibe, se construye.<br>Desde el barrio.<br>Desde la esquina.<br>Desde la conversaci\u00f3n con el otro.<br>Y, sobre todo, desde la convicci\u00f3n de que todos somos responsables del futuro que estamos creando.<\/p>\n\n\n\n<p>Enlace del video:<\/p>\n\n\n\n<figure class=\"wp-block-embed\"><div class=\"wp-block-embed__wrapper\">\n<div class=\"youtube-embed\" data-video_id=\"z_TQRjacn8I\"><iframe loading=\"lazy\" title=\"Bienestar Social y Democracia Participativa. Entrevista Exclusiva Rub\u00e9n Beltr\u00e1n \/ LogoC\u00f3mic 106.5 FM\" width=\"696\" height=\"392\" src=\"https:\/\/www.youtube.com\/embed\/z_TQRjacn8I?feature=oembed&#038;enablejsapi=1\" frameborder=\"0\" allow=\"accelerometer; autoplay; clipboard-write; encrypted-media; gyroscope; picture-in-picture; web-share\" referrerpolicy=\"strict-origin-when-cross-origin\" allowfullscreen><\/iframe><\/div>\n<\/div><\/figure>\n","protected":false},"excerpt":{"rendered":"<p>En ocasiones, la conversaci\u00f3n p\u00fablica se queda atrapada en los discursos, en los grandes conceptos que se dicen con solemnidad, pero que no alcanzan a tocar la realidad inmediata de la gente. \u201cBienestar\u201d, \u201cdemocracia\u201d, \u201cparticipaci\u00f3n ciudadana\u201d: palabras amplias, importantes, pero que a veces parecen alejarse de la vida cotidiana. Por eso, el di\u00e1logo que sostuvimos [&hellip;]<\/p>\n","protected":false},"author":139,"featured_media":120849,"comment_status":"closed","ping_status":"open","sticky":false,"template":"","format":"standard","meta":{"tdm_status":"","tdm_grid_status":"","footnotes":""},"categories":[307],"tags":[],"class_list":{"0":"post-120850","1":"post","2":"type-post","3":"status-publish","4":"format-standard","5":"has-post-thumbnail","7":"category-ruleteando"},"yoast_head":"<!-- This site is optimized with the Yoast SEO plugin v27.5 - https:\/\/yoast.com\/product\/yoast-seo-wordpress\/ -->\n<title>El bienestar que se construye desde abajo; la entrevista con Rub\u00e9n Beltr\u00e1n Ju\u00e1rez - Fuentes Fidedignas<\/title>\n<meta name=\"robots\" content=\"index, follow, max-snippet:-1, max-image-preview:large, max-video-preview:-1\" \/>\n<link rel=\"canonical\" href=\"https:\/\/fuentesfidedignas.com.mx\/index.php\/2025\/11\/04\/el-bienestar-que-se-construye-desde-abajo-la-entrevista-con-ruben-beltran-juarez\/\" \/>\n<meta property=\"og:locale\" content=\"es_MX\" \/>\n<meta property=\"og:type\" content=\"article\" \/>\n<meta property=\"og:title\" content=\"El bienestar que se construye desde abajo; la entrevista con Rub\u00e9n Beltr\u00e1n Ju\u00e1rez - Fuentes Fidedignas\" \/>\n<meta property=\"og:description\" content=\"En ocasiones, la conversaci\u00f3n p\u00fablica se queda atrapada en los discursos, en los grandes conceptos que se dicen con solemnidad, pero que no alcanzan a tocar la realidad inmediata de la gente. \u201cBienestar\u201d, \u201cdemocracia\u201d, \u201cparticipaci\u00f3n ciudadana\u201d: palabras amplias, importantes, pero que a veces parecen alejarse de la vida cotidiana. Por eso, el di\u00e1logo que sostuvimos [&hellip;]\" \/>\n<meta property=\"og:url\" content=\"https:\/\/fuentesfidedignas.com.mx\/index.php\/2025\/11\/04\/el-bienestar-que-se-construye-desde-abajo-la-entrevista-con-ruben-beltran-juarez\/\" \/>\n<meta property=\"og:site_name\" content=\"Fuentes Fidedignas\" \/>\n<meta property=\"article:publisher\" content=\"https:\/\/www.facebook.com\/Fuentes-Fidedignas-368234489921644\" \/>\n<meta property=\"article:published_time\" content=\"2025-11-04T13:10:18+00:00\" \/>\n<meta property=\"og:image\" content=\"https:\/\/fuentesfidedignas.com.mx\/wp-content\/uploads\/2025\/11\/img_4818.jpg\" \/>\n\t<meta property=\"og:image:width\" content=\"751\" \/>\n\t<meta property=\"og:image:height\" content=\"474\" \/>\n\t<meta property=\"og:image:type\" content=\"image\/jpeg\" \/>\n<meta name=\"author\" content=\"Luis \u00c1ngel Rivera Ayala\" \/>\n<meta name=\"twitter:card\" content=\"summary_large_image\" \/>\n<meta name=\"twitter:creator\" content=\"@fidedignas\" \/>\n<meta name=\"twitter:site\" content=\"@fidedignas\" \/>\n<meta name=\"twitter:label1\" content=\"Escrito por\" \/>\n\t<meta name=\"twitter:data1\" content=\"Luis \u00c1ngel Rivera Ayala\" \/>\n\t<meta name=\"twitter:label2\" content=\"Tiempo de lectura\" \/>\n\t<meta name=\"twitter:data2\" content=\"2 minutos\" \/>\n<script type=\"application\/ld+json\" class=\"yoast-schema-graph\">{\"@context\":\"https:\\\/\\\/schema.org\",\"@graph\":[{\"@type\":\"Article\",\"@id\":\"https:\\\/\\\/fuentesfidedignas.com.mx\\\/index.php\\\/2025\\\/11\\\/04\\\/el-bienestar-que-se-construye-desde-abajo-la-entrevista-con-ruben-beltran-juarez\\\/#article\",\"isPartOf\":{\"@id\":\"https:\\\/\\\/fuentesfidedignas.com.mx\\\/index.php\\\/2025\\\/11\\\/04\\\/el-bienestar-que-se-construye-desde-abajo-la-entrevista-con-ruben-beltran-juarez\\\/\"},\"author\":{\"name\":\"Luis \u00c1ngel Rivera Ayala\",\"@id\":\"https:\\\/\\\/fuentesfidedignas.com.mx\\\/#\\\/schema\\\/person\\\/a4e2898d4dca7bbeb0a2f77bb90f4817\"},\"headline\":\"El bienestar que se construye desde abajo; la entrevista con Rub\u00e9n Beltr\u00e1n Ju\u00e1rez\",\"datePublished\":\"2025-11-04T13:10:18+00:00\",\"mainEntityOfPage\":{\"@id\":\"https:\\\/\\\/fuentesfidedignas.com.mx\\\/index.php\\\/2025\\\/11\\\/04\\\/el-bienestar-que-se-construye-desde-abajo-la-entrevista-con-ruben-beltran-juarez\\\/\"},\"wordCount\":482,\"publisher\":{\"@id\":\"https:\\\/\\\/fuentesfidedignas.com.mx\\\/#organization\"},\"image\":{\"@id\":\"https:\\\/\\\/fuentesfidedignas.com.mx\\\/index.php\\\/2025\\\/11\\\/04\\\/el-bienestar-que-se-construye-desde-abajo-la-entrevista-con-ruben-beltran-juarez\\\/#primaryimage\"},\"thumbnailUrl\":\"https:\\\/\\\/fuentesfidedignas.com.mx\\\/wp-content\\\/uploads\\\/2025\\\/11\\\/img_4818.jpg\",\"articleSection\":[\"RULETEANDO\"],\"inLanguage\":\"es\"},{\"@type\":\"WebPage\",\"@id\":\"https:\\\/\\\/fuentesfidedignas.com.mx\\\/index.php\\\/2025\\\/11\\\/04\\\/el-bienestar-que-se-construye-desde-abajo-la-entrevista-con-ruben-beltran-juarez\\\/\",\"url\":\"https:\\\/\\\/fuentesfidedignas.com.mx\\\/index.php\\\/2025\\\/11\\\/04\\\/el-bienestar-que-se-construye-desde-abajo-la-entrevista-con-ruben-beltran-juarez\\\/\",\"name\":\"El bienestar que se construye desde abajo; la entrevista con Rub\u00e9n Beltr\u00e1n Ju\u00e1rez - Fuentes Fidedignas\",\"isPartOf\":{\"@id\":\"https:\\\/\\\/fuentesfidedignas.com.mx\\\/#website\"},\"primaryImageOfPage\":{\"@id\":\"https:\\\/\\\/fuentesfidedignas.com.mx\\\/index.php\\\/2025\\\/11\\\/04\\\/el-bienestar-que-se-construye-desde-abajo-la-entrevista-con-ruben-beltran-juarez\\\/#primaryimage\"},\"image\":{\"@id\":\"https:\\\/\\\/fuentesfidedignas.com.mx\\\/index.php\\\/2025\\\/11\\\/04\\\/el-bienestar-que-se-construye-desde-abajo-la-entrevista-con-ruben-beltran-juarez\\\/#primaryimage\"},\"thumbnailUrl\":\"https:\\\/\\\/fuentesfidedignas.com.mx\\\/wp-content\\\/uploads\\\/2025\\\/11\\\/img_4818.jpg\",\"datePublished\":\"2025-11-04T13:10:18+00:00\",\"breadcrumb\":{\"@id\":\"https:\\\/\\\/fuentesfidedignas.com.mx\\\/index.php\\\/2025\\\/11\\\/04\\\/el-bienestar-que-se-construye-desde-abajo-la-entrevista-con-ruben-beltran-juarez\\\/#breadcrumb\"},\"inLanguage\":\"es\",\"potentialAction\":[{\"@type\":\"ReadAction\",\"target\":[\"https:\\\/\\\/fuentesfidedignas.com.mx\\\/index.php\\\/2025\\\/11\\\/04\\\/el-bienestar-que-se-construye-desde-abajo-la-entrevista-con-ruben-beltran-juarez\\\/\"]}]},{\"@type\":\"ImageObject\",\"inLanguage\":\"es\",\"@id\":\"https:\\\/\\\/fuentesfidedignas.com.mx\\\/index.php\\\/2025\\\/11\\\/04\\\/el-bienestar-que-se-construye-desde-abajo-la-entrevista-con-ruben-beltran-juarez\\\/#primaryimage\",\"url\":\"https:\\\/\\\/fuentesfidedignas.com.mx\\\/wp-content\\\/uploads\\\/2025\\\/11\\\/img_4818.jpg\",\"contentUrl\":\"https:\\\/\\\/fuentesfidedignas.com.mx\\\/wp-content\\\/uploads\\\/2025\\\/11\\\/img_4818.jpg\",\"width\":751,\"height\":474},{\"@type\":\"BreadcrumbList\",\"@id\":\"https:\\\/\\\/fuentesfidedignas.com.mx\\\/index.php\\\/2025\\\/11\\\/04\\\/el-bienestar-que-se-construye-desde-abajo-la-entrevista-con-ruben-beltran-juarez\\\/#breadcrumb\",\"itemListElement\":[{\"@type\":\"ListItem\",\"position\":1,\"name\":\"Inicio\",\"item\":\"https:\\\/\\\/fuentesfidedignas.com.mx\\\/\"},{\"@type\":\"ListItem\",\"position\":2,\"name\":\"El bienestar que se construye desde abajo; la entrevista con Rub\u00e9n Beltr\u00e1n Ju\u00e1rez\"}]},{\"@type\":\"WebSite\",\"@id\":\"https:\\\/\\\/fuentesfidedignas.com.mx\\\/#website\",\"url\":\"https:\\\/\\\/fuentesfidedignas.com.mx\\\/\",\"name\":\"Fuentes Fidedignas\",\"description\":\"Otro sitio realizado con WordPress\",\"publisher\":{\"@id\":\"https:\\\/\\\/fuentesfidedignas.com.mx\\\/#organization\"},\"potentialAction\":[{\"@type\":\"SearchAction\",\"target\":{\"@type\":\"EntryPoint\",\"urlTemplate\":\"https:\\\/\\\/fuentesfidedignas.com.mx\\\/?s={search_term_string}\"},\"query-input\":{\"@type\":\"PropertyValueSpecification\",\"valueRequired\":true,\"valueName\":\"search_term_string\"}}],\"inLanguage\":\"es\"},{\"@type\":\"Organization\",\"@id\":\"https:\\\/\\\/fuentesfidedignas.com.mx\\\/#organization\",\"name\":\"Fuentes Fidedignas\",\"url\":\"https:\\\/\\\/fuentesfidedignas.com.mx\\\/\",\"logo\":{\"@type\":\"ImageObject\",\"inLanguage\":\"es\",\"@id\":\"https:\\\/\\\/fuentesfidedignas.com.mx\\\/#\\\/schema\\\/logo\\\/image\\\/\",\"url\":\"https:\\\/\\\/fuentesfidedignas.com.mx\\\/wp-content\\\/uploads\\\/2021\\\/04\\\/logo-retina.png\",\"contentUrl\":\"https:\\\/\\\/fuentesfidedignas.com.mx\\\/wp-content\\\/uploads\\\/2021\\\/04\\\/logo-retina.png\",\"width\":280,\"height\":51,\"caption\":\"Fuentes Fidedignas\"},\"image\":{\"@id\":\"https:\\\/\\\/fuentesfidedignas.com.mx\\\/#\\\/schema\\\/logo\\\/image\\\/\"},\"sameAs\":[\"https:\\\/\\\/www.facebook.com\\\/Fuentes-Fidedignas-368234489921644\",\"https:\\\/\\\/x.com\\\/fidedignas\"]},{\"@type\":\"Person\",\"@id\":\"https:\\\/\\\/fuentesfidedignas.com.mx\\\/#\\\/schema\\\/person\\\/a4e2898d4dca7bbeb0a2f77bb90f4817\",\"name\":\"Luis \u00c1ngel Rivera Ayala\",\"image\":{\"@type\":\"ImageObject\",\"inLanguage\":\"es\",\"@id\":\"https:\\\/\\\/fuentesfidedignas.com.mx\\\/wp-content\\\/uploads\\\/2025\\\/02\\\/Luis_Angel-2025-removebg-preview-150x150.png\",\"url\":\"https:\\\/\\\/fuentesfidedignas.com.mx\\\/wp-content\\\/uploads\\\/2025\\\/02\\\/Luis_Angel-2025-removebg-preview-150x150.png\",\"contentUrl\":\"https:\\\/\\\/fuentesfidedignas.com.mx\\\/wp-content\\\/uploads\\\/2025\\\/02\\\/Luis_Angel-2025-removebg-preview-150x150.png\",\"caption\":\"Luis \u00c1ngel Rivera Ayala\"},\"url\":\"https:\\\/\\\/fuentesfidedignas.com.mx\\\/index.php\\\/author\\\/luisar\\\/\"}]}<\/script>\n<!-- \/ Yoast SEO plugin. -->","yoast_head_json":{"title":"El bienestar que se construye desde abajo; la entrevista con Rub\u00e9n Beltr\u00e1n Ju\u00e1rez - Fuentes Fidedignas","robots":{"index":"index","follow":"follow","max-snippet":"max-snippet:-1","max-image-preview":"max-image-preview:large","max-video-preview":"max-video-preview:-1"},"canonical":"https:\/\/fuentesfidedignas.com.mx\/index.php\/2025\/11\/04\/el-bienestar-que-se-construye-desde-abajo-la-entrevista-con-ruben-beltran-juarez\/","og_locale":"es_MX","og_type":"article","og_title":"El bienestar que se construye desde abajo; la entrevista con Rub\u00e9n Beltr\u00e1n Ju\u00e1rez - Fuentes Fidedignas","og_description":"En ocasiones, la conversaci\u00f3n p\u00fablica se queda atrapada en los discursos, en los grandes conceptos que se dicen con solemnidad, pero que no alcanzan a tocar la realidad inmediata de la gente. \u201cBienestar\u201d, \u201cdemocracia\u201d, \u201cparticipaci\u00f3n ciudadana\u201d: palabras amplias, importantes, pero que a veces parecen alejarse de la vida cotidiana. Por eso, el di\u00e1logo que sostuvimos [&hellip;]","og_url":"https:\/\/fuentesfidedignas.com.mx\/index.php\/2025\/11\/04\/el-bienestar-que-se-construye-desde-abajo-la-entrevista-con-ruben-beltran-juarez\/","og_site_name":"Fuentes Fidedignas","article_publisher":"https:\/\/www.facebook.com\/Fuentes-Fidedignas-368234489921644","article_published_time":"2025-11-04T13:10:18+00:00","og_image":[{"width":751,"height":474,"url":"https:\/\/fuentesfidedignas.com.mx\/wp-content\/uploads\/2025\/11\/img_4818.jpg","type":"image\/jpeg"}],"author":"Luis \u00c1ngel Rivera Ayala","twitter_card":"summary_large_image","twitter_creator":"@fidedignas","twitter_site":"@fidedignas","twitter_misc":{"Escrito por":"Luis \u00c1ngel Rivera Ayala","Tiempo de lectura":"2 minutos"},"schema":{"@context":"https:\/\/schema.org","@graph":[{"@type":"Article","@id":"https:\/\/fuentesfidedignas.com.mx\/index.php\/2025\/11\/04\/el-bienestar-que-se-construye-desde-abajo-la-entrevista-con-ruben-beltran-juarez\/#article","isPartOf":{"@id":"https:\/\/fuentesfidedignas.com.mx\/index.php\/2025\/11\/04\/el-bienestar-que-se-construye-desde-abajo-la-entrevista-con-ruben-beltran-juarez\/"},"author":{"name":"Luis \u00c1ngel Rivera Ayala","@id":"https:\/\/fuentesfidedignas.com.mx\/#\/schema\/person\/a4e2898d4dca7bbeb0a2f77bb90f4817"},"headline":"El bienestar que se construye desde abajo; la entrevista con Rub\u00e9n Beltr\u00e1n Ju\u00e1rez","datePublished":"2025-11-04T13:10:18+00:00","mainEntityOfPage":{"@id":"https:\/\/fuentesfidedignas.com.mx\/index.php\/2025\/11\/04\/el-bienestar-que-se-construye-desde-abajo-la-entrevista-con-ruben-beltran-juarez\/"},"wordCount":482,"publisher":{"@id":"https:\/\/fuentesfidedignas.com.mx\/#organization"},"image":{"@id":"https:\/\/fuentesfidedignas.com.mx\/index.php\/2025\/11\/04\/el-bienestar-que-se-construye-desde-abajo-la-entrevista-con-ruben-beltran-juarez\/#primaryimage"},"thumbnailUrl":"https:\/\/fuentesfidedignas.com.mx\/wp-content\/uploads\/2025\/11\/img_4818.jpg","articleSection":["RULETEANDO"],"inLanguage":"es"},{"@type":"WebPage","@id":"https:\/\/fuentesfidedignas.com.mx\/index.php\/2025\/11\/04\/el-bienestar-que-se-construye-desde-abajo-la-entrevista-con-ruben-beltran-juarez\/","url":"https:\/\/fuentesfidedignas.com.mx\/index.php\/2025\/11\/04\/el-bienestar-que-se-construye-desde-abajo-la-entrevista-con-ruben-beltran-juarez\/","name":"El bienestar que se construye desde abajo; la entrevista con Rub\u00e9n Beltr\u00e1n Ju\u00e1rez - Fuentes Fidedignas","isPartOf":{"@id":"https:\/\/fuentesfidedignas.com.mx\/#website"},"primaryImageOfPage":{"@id":"https:\/\/fuentesfidedignas.com.mx\/index.php\/2025\/11\/04\/el-bienestar-que-se-construye-desde-abajo-la-entrevista-con-ruben-beltran-juarez\/#primaryimage"},"image":{"@id":"https:\/\/fuentesfidedignas.com.mx\/index.php\/2025\/11\/04\/el-bienestar-que-se-construye-desde-abajo-la-entrevista-con-ruben-beltran-juarez\/#primaryimage"},"thumbnailUrl":"https:\/\/fuentesfidedignas.com.mx\/wp-content\/uploads\/2025\/11\/img_4818.jpg","datePublished":"2025-11-04T13:10:18+00:00","breadcrumb":{"@id":"https:\/\/fuentesfidedignas.com.mx\/index.php\/2025\/11\/04\/el-bienestar-que-se-construye-desde-abajo-la-entrevista-con-ruben-beltran-juarez\/#breadcrumb"},"inLanguage":"es","potentialAction":[{"@type":"ReadAction","target":["https:\/\/fuentesfidedignas.com.mx\/index.php\/2025\/11\/04\/el-bienestar-que-se-construye-desde-abajo-la-entrevista-con-ruben-beltran-juarez\/"]}]},{"@type":"ImageObject","inLanguage":"es","@id":"https:\/\/fuentesfidedignas.com.mx\/index.php\/2025\/11\/04\/el-bienestar-que-se-construye-desde-abajo-la-entrevista-con-ruben-beltran-juarez\/#primaryimage","url":"https:\/\/fuentesfidedignas.com.mx\/wp-content\/uploads\/2025\/11\/img_4818.jpg","contentUrl":"https:\/\/fuentesfidedignas.com.mx\/wp-content\/uploads\/2025\/11\/img_4818.jpg","width":751,"height":474},{"@type":"BreadcrumbList","@id":"https:\/\/fuentesfidedignas.com.mx\/index.php\/2025\/11\/04\/el-bienestar-que-se-construye-desde-abajo-la-entrevista-con-ruben-beltran-juarez\/#breadcrumb","itemListElement":[{"@type":"ListItem","position":1,"name":"Inicio","item":"https:\/\/fuentesfidedignas.com.mx\/"},{"@type":"ListItem","position":2,"name":"El bienestar que se construye desde abajo; la entrevista con Rub\u00e9n Beltr\u00e1n Ju\u00e1rez"}]},{"@type":"WebSite","@id":"https:\/\/fuentesfidedignas.com.mx\/#website","url":"https:\/\/fuentesfidedignas.com.mx\/","name":"Fuentes Fidedignas","description":"Otro sitio realizado con WordPress","publisher":{"@id":"https:\/\/fuentesfidedignas.com.mx\/#organization"},"potentialAction":[{"@type":"SearchAction","target":{"@type":"EntryPoint","urlTemplate":"https:\/\/fuentesfidedignas.com.mx\/?s={search_term_string}"},"query-input":{"@type":"PropertyValueSpecification","valueRequired":true,"valueName":"search_term_string"}}],"inLanguage":"es"},{"@type":"Organization","@id":"https:\/\/fuentesfidedignas.com.mx\/#organization","name":"Fuentes Fidedignas","url":"https:\/\/fuentesfidedignas.com.mx\/","logo":{"@type":"ImageObject","inLanguage":"es","@id":"https:\/\/fuentesfidedignas.com.mx\/#\/schema\/logo\/image\/","url":"https:\/\/fuentesfidedignas.com.mx\/wp-content\/uploads\/2021\/04\/logo-retina.png","contentUrl":"https:\/\/fuentesfidedignas.com.mx\/wp-content\/uploads\/2021\/04\/logo-retina.png","width":280,"height":51,"caption":"Fuentes Fidedignas"},"image":{"@id":"https:\/\/fuentesfidedignas.com.mx\/#\/schema\/logo\/image\/"},"sameAs":["https:\/\/www.facebook.com\/Fuentes-Fidedignas-368234489921644","https:\/\/x.com\/fidedignas"]},{"@type":"Person","@id":"https:\/\/fuentesfidedignas.com.mx\/#\/schema\/person\/a4e2898d4dca7bbeb0a2f77bb90f4817","name":"Luis \u00c1ngel Rivera Ayala","image":{"@type":"ImageObject","inLanguage":"es","@id":"https:\/\/fuentesfidedignas.com.mx\/wp-content\/uploads\/2025\/02\/Luis_Angel-2025-removebg-preview-150x150.png","url":"https:\/\/fuentesfidedignas.com.mx\/wp-content\/uploads\/2025\/02\/Luis_Angel-2025-removebg-preview-150x150.png","contentUrl":"https:\/\/fuentesfidedignas.com.mx\/wp-content\/uploads\/2025\/02\/Luis_Angel-2025-removebg-preview-150x150.png","caption":"Luis \u00c1ngel Rivera Ayala"},"url":"https:\/\/fuentesfidedignas.com.mx\/index.php\/author\/luisar\/"}]}},"_links":{"self":[{"href":"https:\/\/fuentesfidedignas.com.mx\/index.php\/wp-json\/wp\/v2\/posts\/120850","targetHints":{"allow":["GET"]}}],"collection":[{"href":"https:\/\/fuentesfidedignas.com.mx\/index.php\/wp-json\/wp\/v2\/posts"}],"about":[{"href":"https:\/\/fuentesfidedignas.com.mx\/index.php\/wp-json\/wp\/v2\/types\/post"}],"author":[{"embeddable":true,"href":"https:\/\/fuentesfidedignas.com.mx\/index.php\/wp-json\/wp\/v2\/users\/139"}],"replies":[{"embeddable":true,"href":"https:\/\/fuentesfidedignas.com.mx\/index.php\/wp-json\/wp\/v2\/comments?post=120850"}],"version-history":[{"count":1,"href":"https:\/\/fuentesfidedignas.com.mx\/index.php\/wp-json\/wp\/v2\/posts\/120850\/revisions"}],"predecessor-version":[{"id":120851,"href":"https:\/\/fuentesfidedignas.com.mx\/index.php\/wp-json\/wp\/v2\/posts\/120850\/revisions\/120851"}],"wp:featuredmedia":[{"embeddable":true,"href":"https:\/\/fuentesfidedignas.com.mx\/index.php\/wp-json\/wp\/v2\/media\/120849"}],"wp:attachment":[{"href":"https:\/\/fuentesfidedignas.com.mx\/index.php\/wp-json\/wp\/v2\/media?parent=120850"}],"wp:term":[{"taxonomy":"category","embeddable":true,"href":"https:\/\/fuentesfidedignas.com.mx\/index.php\/wp-json\/wp\/v2\/categories?post=120850"},{"taxonomy":"post_tag","embeddable":true,"href":"https:\/\/fuentesfidedignas.com.mx\/index.php\/wp-json\/wp\/v2\/tags?post=120850"}],"curies":[{"name":"wp","href":"https:\/\/api.w.org\/{rel}","templated":true}]}}