{"id":120829,"date":"2025-11-03T17:52:25","date_gmt":"2025-11-04T00:52:25","guid":{"rendered":"https:\/\/fuentesfidedignas.com.mx\/?p=120829"},"modified":"2025-11-03T17:52:25","modified_gmt":"2025-11-04T00:52:25","slug":"peru-rompe-relaciones-diplomaticas-con-mexico-por-asilo-a-exprimera-ministra-de-castillo","status":"publish","type":"post","link":"https:\/\/fuentesfidedignas.com.mx\/index.php\/2025\/11\/03\/peru-rompe-relaciones-diplomaticas-con-mexico-por-asilo-a-exprimera-ministra-de-castillo\/","title":{"rendered":"Per\u00fa rompe relaciones diplom\u00e1ticas con M\u00e9xico por asilo a exprimera ministra de Castillo"},"content":{"rendered":"\n<p><br><strong><em>La decisi\u00f3n se toma frente a ese &#8220;acto inamistoso&#8221; y tras las reiteradas acciones en que el actual y el anterior gobierno de M\u00e9xico han intervenido en asuntos internos de Per\u00fa, dice el canciller de ese pa\u00eds.<\/em><\/strong><\/p>\n\n\n\n<p>El gobierno de Per\u00fa anunci\u00f3 este lunes que decidi\u00f3 romper relaciones diplom\u00e1ticas con M\u00e9xico, tras informar que la expresidenta del Consejo de Ministros, Betssy Ch\u00e1vez, \u201cest\u00e1 siendo asilada en la residencia de la embajada\u201d mexicana en Lima.<\/p>\n\n\n\n<p>\u201cEl Gobierno peruano ha decidido romper relaciones diplom\u00e1ticas con M\u00e9xico\u201d, inform\u00f3 en una rueda de prensa el ministro peruano de Relaciones Exteriores, Hugo de Zela.<\/p>\n\n\n\n<p>El ministro explic\u00f3 que esta decisi\u00f3n se ha tomado \u201cfrente a este acto inamistoso y teniendo en cuenta las reiteradas acciones en que el actual y el anterior presidente de ese pa\u00eds han intervenido en los asuntos internos del Per\u00fa\u201d.<\/p>\n\n\n\n<p class=\"fi-aic_250\">Tanto Ch\u00e1vez como el expresidente, Pedro Castillo, son procesados por el intento de golpe sucedido el 7 de diciembre de 2022, que deriv\u00f3 en la destituci\u00f3n del exmandatario, y afrontan solicitudes de penas por parte de Fiscal\u00eda de 25 y 34 a\u00f1os de c\u00e1rcel, respectivamente.<\/p>\n\n\n\n<p>Castillo dio un mensaje a la naci\u00f3n donde anunciaba el cierre del Congreso y la intervenci\u00f3n de la Judicatura para gobernar a trav\u00e9s de decretos, ante la posibilidad de que el Parlamento votase ese d\u00eda una moci\u00f3n de vacancia (destituci\u00f3n presidencial) contra \u00e9l.<\/p>\n\n\n\n<p>Su mensaje no surti\u00f3 efecto, ya que minutos despu\u00e9s fue detenido por la Polic\u00eda cuando se dirig\u00eda a la Embajada de M\u00e9xico en Lima, mientras el Congreso vot\u00f3 inmediatamente su destituci\u00f3n y la sucesi\u00f3n en el cargo de su entonces vicepresidenta, Dina Boluarte.<\/p>\n","protected":false},"excerpt":{"rendered":"<p>La decisi\u00f3n se toma frente a ese &#8220;acto inamistoso&#8221; y tras las reiteradas acciones en que el actual y el anterior gobierno de M\u00e9xico han intervenido en asuntos internos de Per\u00fa, dice el canciller de ese pa\u00eds. El gobierno de Per\u00fa anunci\u00f3 este lunes que decidi\u00f3 romper relaciones diplom\u00e1ticas con M\u00e9xico, tras informar que la [&hellip;]<\/p>\n","protected":false},"author":22,"featured_media":120828,"comment_status":"closed","ping_status":"open","sticky":false,"template":"","format":"standard","meta":{"tdm_status":"","tdm_grid_status":"","footnotes":""},"categories":[39],"tags":[],"class_list":{"0":"post-120829","1":"post","2":"type-post","3":"status-publish","4":"format-standard","5":"has-post-thumbnail","7":"category-noticias-nacionales"},"yoast_head":"<!-- This site is optimized with the Yoast SEO plugin v27.5 - https:\/\/yoast.com\/product\/yoast-seo-wordpress\/ -->\n<title>Per\u00fa rompe relaciones diplom\u00e1ticas con M\u00e9xico por asilo a exprimera ministra de Castillo - Fuentes Fidedignas<\/title>\n<meta name=\"robots\" content=\"index, follow, max-snippet:-1, max-image-preview:large, max-video-preview:-1\" \/>\n<link rel=\"canonical\" href=\"https:\/\/fuentesfidedignas.com.mx\/index.php\/2025\/11\/03\/peru-rompe-relaciones-diplomaticas-con-mexico-por-asilo-a-exprimera-ministra-de-castillo\/\" \/>\n<meta property=\"og:locale\" content=\"es_MX\" \/>\n<meta property=\"og:type\" content=\"article\" \/>\n<meta property=\"og:title\" content=\"Per\u00fa rompe relaciones diplom\u00e1ticas con M\u00e9xico por asilo a exprimera ministra de Castillo - Fuentes Fidedignas\" \/>\n<meta property=\"og:description\" content=\"La decisi\u00f3n se toma frente a ese &#8220;acto inamistoso&#8221; y tras las reiteradas acciones en que el actual y el anterior gobierno de M\u00e9xico han intervenido en asuntos internos de Per\u00fa, dice el canciller de ese pa\u00eds. El gobierno de Per\u00fa anunci\u00f3 este lunes que decidi\u00f3 romper relaciones diplom\u00e1ticas con M\u00e9xico, tras informar que la [&hellip;]\" \/>\n<meta property=\"og:url\" content=\"https:\/\/fuentesfidedignas.com.mx\/index.php\/2025\/11\/03\/peru-rompe-relaciones-diplomaticas-con-mexico-por-asilo-a-exprimera-ministra-de-castillo\/\" \/>\n<meta property=\"og:site_name\" content=\"Fuentes Fidedignas\" \/>\n<meta property=\"article:publisher\" content=\"https:\/\/www.facebook.com\/Fuentes-Fidedignas-368234489921644\" \/>\n<meta property=\"article:published_time\" content=\"2025-11-04T00:52:25+00:00\" \/>\n<meta property=\"og:image\" content=\"https:\/\/fuentesfidedignas.com.mx\/wp-content\/uploads\/2025\/11\/img_4797.jpg\" \/>\n\t<meta property=\"og:image:width\" content=\"1280\" \/>\n\t<meta property=\"og:image:height\" content=\"720\" \/>\n\t<meta property=\"og:image:type\" content=\"image\/jpeg\" \/>\n<meta name=\"author\" content=\"EFE\" \/>\n<meta name=\"twitter:card\" content=\"summary_large_image\" \/>\n<meta name=\"twitter:creator\" content=\"@fidedignas\" \/>\n<meta name=\"twitter:site\" content=\"@fidedignas\" \/>\n<meta name=\"twitter:label1\" content=\"Escrito por\" \/>\n\t<meta name=\"twitter:data1\" content=\"EFE\" \/>\n\t<meta name=\"twitter:label2\" content=\"Tiempo de lectura\" \/>\n\t<meta name=\"twitter:data2\" content=\"1 minuto\" \/>\n<script type=\"application\/ld+json\" class=\"yoast-schema-graph\">{\"@context\":\"https:\\\/\\\/schema.org\",\"@graph\":[{\"@type\":\"Article\",\"@id\":\"https:\\\/\\\/fuentesfidedignas.com.mx\\\/index.php\\\/2025\\\/11\\\/03\\\/peru-rompe-relaciones-diplomaticas-con-mexico-por-asilo-a-exprimera-ministra-de-castillo\\\/#article\",\"isPartOf\":{\"@id\":\"https:\\\/\\\/fuentesfidedignas.com.mx\\\/index.php\\\/2025\\\/11\\\/03\\\/peru-rompe-relaciones-diplomaticas-con-mexico-por-asilo-a-exprimera-ministra-de-castillo\\\/\"},\"author\":{\"name\":\"EFE\",\"@id\":\"https:\\\/\\\/fuentesfidedignas.com.mx\\\/#\\\/schema\\\/person\\\/0d44615087b5a626d5d3f13afe31ac41\"},\"headline\":\"Per\u00fa rompe relaciones diplom\u00e1ticas con M\u00e9xico por asilo a exprimera ministra de Castillo\",\"datePublished\":\"2025-11-04T00:52:25+00:00\",\"mainEntityOfPage\":{\"@id\":\"https:\\\/\\\/fuentesfidedignas.com.mx\\\/index.php\\\/2025\\\/11\\\/03\\\/peru-rompe-relaciones-diplomaticas-con-mexico-por-asilo-a-exprimera-ministra-de-castillo\\\/\"},\"wordCount\":308,\"publisher\":{\"@id\":\"https:\\\/\\\/fuentesfidedignas.com.mx\\\/#organization\"},\"image\":{\"@id\":\"https:\\\/\\\/fuentesfidedignas.com.mx\\\/index.php\\\/2025\\\/11\\\/03\\\/peru-rompe-relaciones-diplomaticas-con-mexico-por-asilo-a-exprimera-ministra-de-castillo\\\/#primaryimage\"},\"thumbnailUrl\":\"https:\\\/\\\/fuentesfidedignas.com.mx\\\/wp-content\\\/uploads\\\/2025\\\/11\\\/img_4797.jpg\",\"articleSection\":[\"NOTICIAS NACIONALES\"],\"inLanguage\":\"es\"},{\"@type\":\"WebPage\",\"@id\":\"https:\\\/\\\/fuentesfidedignas.com.mx\\\/index.php\\\/2025\\\/11\\\/03\\\/peru-rompe-relaciones-diplomaticas-con-mexico-por-asilo-a-exprimera-ministra-de-castillo\\\/\",\"url\":\"https:\\\/\\\/fuentesfidedignas.com.mx\\\/index.php\\\/2025\\\/11\\\/03\\\/peru-rompe-relaciones-diplomaticas-con-mexico-por-asilo-a-exprimera-ministra-de-castillo\\\/\",\"name\":\"Per\u00fa rompe relaciones diplom\u00e1ticas con M\u00e9xico por asilo a exprimera ministra de Castillo - Fuentes Fidedignas\",\"isPartOf\":{\"@id\":\"https:\\\/\\\/fuentesfidedignas.com.mx\\\/#website\"},\"primaryImageOfPage\":{\"@id\":\"https:\\\/\\\/fuentesfidedignas.com.mx\\\/index.php\\\/2025\\\/11\\\/03\\\/peru-rompe-relaciones-diplomaticas-con-mexico-por-asilo-a-exprimera-ministra-de-castillo\\\/#primaryimage\"},\"image\":{\"@id\":\"https:\\\/\\\/fuentesfidedignas.com.mx\\\/index.php\\\/2025\\\/11\\\/03\\\/peru-rompe-relaciones-diplomaticas-con-mexico-por-asilo-a-exprimera-ministra-de-castillo\\\/#primaryimage\"},\"thumbnailUrl\":\"https:\\\/\\\/fuentesfidedignas.com.mx\\\/wp-content\\\/uploads\\\/2025\\\/11\\\/img_4797.jpg\",\"datePublished\":\"2025-11-04T00:52:25+00:00\",\"breadcrumb\":{\"@id\":\"https:\\\/\\\/fuentesfidedignas.com.mx\\\/index.php\\\/2025\\\/11\\\/03\\\/peru-rompe-relaciones-diplomaticas-con-mexico-por-asilo-a-exprimera-ministra-de-castillo\\\/#breadcrumb\"},\"inLanguage\":\"es\",\"potentialAction\":[{\"@type\":\"ReadAction\",\"target\":[\"https:\\\/\\\/fuentesfidedignas.com.mx\\\/index.php\\\/2025\\\/11\\\/03\\\/peru-rompe-relaciones-diplomaticas-con-mexico-por-asilo-a-exprimera-ministra-de-castillo\\\/\"]}]},{\"@type\":\"ImageObject\",\"inLanguage\":\"es\",\"@id\":\"https:\\\/\\\/fuentesfidedignas.com.mx\\\/index.php\\\/2025\\\/11\\\/03\\\/peru-rompe-relaciones-diplomaticas-con-mexico-por-asilo-a-exprimera-ministra-de-castillo\\\/#primaryimage\",\"url\":\"https:\\\/\\\/fuentesfidedignas.com.mx\\\/wp-content\\\/uploads\\\/2025\\\/11\\\/img_4797.jpg\",\"contentUrl\":\"https:\\\/\\\/fuentesfidedignas.com.mx\\\/wp-content\\\/uploads\\\/2025\\\/11\\\/img_4797.jpg\",\"width\":1280,\"height\":720},{\"@type\":\"BreadcrumbList\",\"@id\":\"https:\\\/\\\/fuentesfidedignas.com.mx\\\/index.php\\\/2025\\\/11\\\/03\\\/peru-rompe-relaciones-diplomaticas-con-mexico-por-asilo-a-exprimera-ministra-de-castillo\\\/#breadcrumb\",\"itemListElement\":[{\"@type\":\"ListItem\",\"position\":1,\"name\":\"Inicio\",\"item\":\"https:\\\/\\\/fuentesfidedignas.com.mx\\\/\"},{\"@type\":\"ListItem\",\"position\":2,\"name\":\"Per\u00fa rompe relaciones diplom\u00e1ticas con M\u00e9xico por asilo a exprimera ministra de Castillo\"}]},{\"@type\":\"WebSite\",\"@id\":\"https:\\\/\\\/fuentesfidedignas.com.mx\\\/#website\",\"url\":\"https:\\\/\\\/fuentesfidedignas.com.mx\\\/\",\"name\":\"Fuentes Fidedignas\",\"description\":\"Otro sitio realizado con WordPress\",\"publisher\":{\"@id\":\"https:\\\/\\\/fuentesfidedignas.com.mx\\\/#organization\"},\"potentialAction\":[{\"@type\":\"SearchAction\",\"target\":{\"@type\":\"EntryPoint\",\"urlTemplate\":\"https:\\\/\\\/fuentesfidedignas.com.mx\\\/?s={search_term_string}\"},\"query-input\":{\"@type\":\"PropertyValueSpecification\",\"valueRequired\":true,\"valueName\":\"search_term_string\"}}],\"inLanguage\":\"es\"},{\"@type\":\"Organization\",\"@id\":\"https:\\\/\\\/fuentesfidedignas.com.mx\\\/#organization\",\"name\":\"Fuentes Fidedignas\",\"url\":\"https:\\\/\\\/fuentesfidedignas.com.mx\\\/\",\"logo\":{\"@type\":\"ImageObject\",\"inLanguage\":\"es\",\"@id\":\"https:\\\/\\\/fuentesfidedignas.com.mx\\\/#\\\/schema\\\/logo\\\/image\\\/\",\"url\":\"https:\\\/\\\/fuentesfidedignas.com.mx\\\/wp-content\\\/uploads\\\/2021\\\/04\\\/logo-retina.png\",\"contentUrl\":\"https:\\\/\\\/fuentesfidedignas.com.mx\\\/wp-content\\\/uploads\\\/2021\\\/04\\\/logo-retina.png\",\"width\":280,\"height\":51,\"caption\":\"Fuentes Fidedignas\"},\"image\":{\"@id\":\"https:\\\/\\\/fuentesfidedignas.com.mx\\\/#\\\/schema\\\/logo\\\/image\\\/\"},\"sameAs\":[\"https:\\\/\\\/www.facebook.com\\\/Fuentes-Fidedignas-368234489921644\",\"https:\\\/\\\/x.com\\\/fidedignas\"]},{\"@type\":\"Person\",\"@id\":\"https:\\\/\\\/fuentesfidedignas.com.mx\\\/#\\\/schema\\\/person\\\/0d44615087b5a626d5d3f13afe31ac41\",\"name\":\"EFE\",\"image\":{\"@type\":\"ImageObject\",\"inLanguage\":\"es\",\"@id\":\"https:\\\/\\\/secure.gravatar.com\\\/avatar\\\/7048c2d9b569d9bed55bb53ad23821e6e047aa66338fb6ea9868627bbb9f54e8?s=96&d=mm&r=g\",\"url\":\"https:\\\/\\\/secure.gravatar.com\\\/avatar\\\/7048c2d9b569d9bed55bb53ad23821e6e047aa66338fb6ea9868627bbb9f54e8?s=96&d=mm&r=g\",\"contentUrl\":\"https:\\\/\\\/secure.gravatar.com\\\/avatar\\\/7048c2d9b569d9bed55bb53ad23821e6e047aa66338fb6ea9868627bbb9f54e8?s=96&d=mm&r=g\",\"caption\":\"EFE\"},\"url\":\"https:\\\/\\\/fuentesfidedignas.com.mx\\\/index.php\\\/author\\\/efe\\\/\"}]}<\/script>\n<!-- \/ Yoast SEO plugin. -->","yoast_head_json":{"title":"Per\u00fa rompe relaciones diplom\u00e1ticas con M\u00e9xico por asilo a exprimera ministra de Castillo - Fuentes Fidedignas","robots":{"index":"index","follow":"follow","max-snippet":"max-snippet:-1","max-image-preview":"max-image-preview:large","max-video-preview":"max-video-preview:-1"},"canonical":"https:\/\/fuentesfidedignas.com.mx\/index.php\/2025\/11\/03\/peru-rompe-relaciones-diplomaticas-con-mexico-por-asilo-a-exprimera-ministra-de-castillo\/","og_locale":"es_MX","og_type":"article","og_title":"Per\u00fa rompe relaciones diplom\u00e1ticas con M\u00e9xico por asilo a exprimera ministra de Castillo - Fuentes Fidedignas","og_description":"La decisi\u00f3n se toma frente a ese &#8220;acto inamistoso&#8221; y tras las reiteradas acciones en que el actual y el anterior gobierno de M\u00e9xico han intervenido en asuntos internos de Per\u00fa, dice el canciller de ese pa\u00eds. El gobierno de Per\u00fa anunci\u00f3 este lunes que decidi\u00f3 romper relaciones diplom\u00e1ticas con M\u00e9xico, tras informar que la [&hellip;]","og_url":"https:\/\/fuentesfidedignas.com.mx\/index.php\/2025\/11\/03\/peru-rompe-relaciones-diplomaticas-con-mexico-por-asilo-a-exprimera-ministra-de-castillo\/","og_site_name":"Fuentes Fidedignas","article_publisher":"https:\/\/www.facebook.com\/Fuentes-Fidedignas-368234489921644","article_published_time":"2025-11-04T00:52:25+00:00","og_image":[{"width":1280,"height":720,"url":"https:\/\/fuentesfidedignas.com.mx\/wp-content\/uploads\/2025\/11\/img_4797.jpg","type":"image\/jpeg"}],"author":"EFE","twitter_card":"summary_large_image","twitter_creator":"@fidedignas","twitter_site":"@fidedignas","twitter_misc":{"Escrito por":"EFE","Tiempo de lectura":"1 minuto"},"schema":{"@context":"https:\/\/schema.org","@graph":[{"@type":"Article","@id":"https:\/\/fuentesfidedignas.com.mx\/index.php\/2025\/11\/03\/peru-rompe-relaciones-diplomaticas-con-mexico-por-asilo-a-exprimera-ministra-de-castillo\/#article","isPartOf":{"@id":"https:\/\/fuentesfidedignas.com.mx\/index.php\/2025\/11\/03\/peru-rompe-relaciones-diplomaticas-con-mexico-por-asilo-a-exprimera-ministra-de-castillo\/"},"author":{"name":"EFE","@id":"https:\/\/fuentesfidedignas.com.mx\/#\/schema\/person\/0d44615087b5a626d5d3f13afe31ac41"},"headline":"Per\u00fa rompe relaciones diplom\u00e1ticas con M\u00e9xico por asilo a exprimera ministra de Castillo","datePublished":"2025-11-04T00:52:25+00:00","mainEntityOfPage":{"@id":"https:\/\/fuentesfidedignas.com.mx\/index.php\/2025\/11\/03\/peru-rompe-relaciones-diplomaticas-con-mexico-por-asilo-a-exprimera-ministra-de-castillo\/"},"wordCount":308,"publisher":{"@id":"https:\/\/fuentesfidedignas.com.mx\/#organization"},"image":{"@id":"https:\/\/fuentesfidedignas.com.mx\/index.php\/2025\/11\/03\/peru-rompe-relaciones-diplomaticas-con-mexico-por-asilo-a-exprimera-ministra-de-castillo\/#primaryimage"},"thumbnailUrl":"https:\/\/fuentesfidedignas.com.mx\/wp-content\/uploads\/2025\/11\/img_4797.jpg","articleSection":["NOTICIAS NACIONALES"],"inLanguage":"es"},{"@type":"WebPage","@id":"https:\/\/fuentesfidedignas.com.mx\/index.php\/2025\/11\/03\/peru-rompe-relaciones-diplomaticas-con-mexico-por-asilo-a-exprimera-ministra-de-castillo\/","url":"https:\/\/fuentesfidedignas.com.mx\/index.php\/2025\/11\/03\/peru-rompe-relaciones-diplomaticas-con-mexico-por-asilo-a-exprimera-ministra-de-castillo\/","name":"Per\u00fa rompe relaciones diplom\u00e1ticas con M\u00e9xico por asilo a exprimera ministra de Castillo - Fuentes Fidedignas","isPartOf":{"@id":"https:\/\/fuentesfidedignas.com.mx\/#website"},"primaryImageOfPage":{"@id":"https:\/\/fuentesfidedignas.com.mx\/index.php\/2025\/11\/03\/peru-rompe-relaciones-diplomaticas-con-mexico-por-asilo-a-exprimera-ministra-de-castillo\/#primaryimage"},"image":{"@id":"https:\/\/fuentesfidedignas.com.mx\/index.php\/2025\/11\/03\/peru-rompe-relaciones-diplomaticas-con-mexico-por-asilo-a-exprimera-ministra-de-castillo\/#primaryimage"},"thumbnailUrl":"https:\/\/fuentesfidedignas.com.mx\/wp-content\/uploads\/2025\/11\/img_4797.jpg","datePublished":"2025-11-04T00:52:25+00:00","breadcrumb":{"@id":"https:\/\/fuentesfidedignas.com.mx\/index.php\/2025\/11\/03\/peru-rompe-relaciones-diplomaticas-con-mexico-por-asilo-a-exprimera-ministra-de-castillo\/#breadcrumb"},"inLanguage":"es","potentialAction":[{"@type":"ReadAction","target":["https:\/\/fuentesfidedignas.com.mx\/index.php\/2025\/11\/03\/peru-rompe-relaciones-diplomaticas-con-mexico-por-asilo-a-exprimera-ministra-de-castillo\/"]}]},{"@type":"ImageObject","inLanguage":"es","@id":"https:\/\/fuentesfidedignas.com.mx\/index.php\/2025\/11\/03\/peru-rompe-relaciones-diplomaticas-con-mexico-por-asilo-a-exprimera-ministra-de-castillo\/#primaryimage","url":"https:\/\/fuentesfidedignas.com.mx\/wp-content\/uploads\/2025\/11\/img_4797.jpg","contentUrl":"https:\/\/fuentesfidedignas.com.mx\/wp-content\/uploads\/2025\/11\/img_4797.jpg","width":1280,"height":720},{"@type":"BreadcrumbList","@id":"https:\/\/fuentesfidedignas.com.mx\/index.php\/2025\/11\/03\/peru-rompe-relaciones-diplomaticas-con-mexico-por-asilo-a-exprimera-ministra-de-castillo\/#breadcrumb","itemListElement":[{"@type":"ListItem","position":1,"name":"Inicio","item":"https:\/\/fuentesfidedignas.com.mx\/"},{"@type":"ListItem","position":2,"name":"Per\u00fa rompe relaciones diplom\u00e1ticas con M\u00e9xico por asilo a exprimera ministra de Castillo"}]},{"@type":"WebSite","@id":"https:\/\/fuentesfidedignas.com.mx\/#website","url":"https:\/\/fuentesfidedignas.com.mx\/","name":"Fuentes Fidedignas","description":"Otro sitio realizado con WordPress","publisher":{"@id":"https:\/\/fuentesfidedignas.com.mx\/#organization"},"potentialAction":[{"@type":"SearchAction","target":{"@type":"EntryPoint","urlTemplate":"https:\/\/fuentesfidedignas.com.mx\/?s={search_term_string}"},"query-input":{"@type":"PropertyValueSpecification","valueRequired":true,"valueName":"search_term_string"}}],"inLanguage":"es"},{"@type":"Organization","@id":"https:\/\/fuentesfidedignas.com.mx\/#organization","name":"Fuentes Fidedignas","url":"https:\/\/fuentesfidedignas.com.mx\/","logo":{"@type":"ImageObject","inLanguage":"es","@id":"https:\/\/fuentesfidedignas.com.mx\/#\/schema\/logo\/image\/","url":"https:\/\/fuentesfidedignas.com.mx\/wp-content\/uploads\/2021\/04\/logo-retina.png","contentUrl":"https:\/\/fuentesfidedignas.com.mx\/wp-content\/uploads\/2021\/04\/logo-retina.png","width":280,"height":51,"caption":"Fuentes Fidedignas"},"image":{"@id":"https:\/\/fuentesfidedignas.com.mx\/#\/schema\/logo\/image\/"},"sameAs":["https:\/\/www.facebook.com\/Fuentes-Fidedignas-368234489921644","https:\/\/x.com\/fidedignas"]},{"@type":"Person","@id":"https:\/\/fuentesfidedignas.com.mx\/#\/schema\/person\/0d44615087b5a626d5d3f13afe31ac41","name":"EFE","image":{"@type":"ImageObject","inLanguage":"es","@id":"https:\/\/secure.gravatar.com\/avatar\/7048c2d9b569d9bed55bb53ad23821e6e047aa66338fb6ea9868627bbb9f54e8?s=96&d=mm&r=g","url":"https:\/\/secure.gravatar.com\/avatar\/7048c2d9b569d9bed55bb53ad23821e6e047aa66338fb6ea9868627bbb9f54e8?s=96&d=mm&r=g","contentUrl":"https:\/\/secure.gravatar.com\/avatar\/7048c2d9b569d9bed55bb53ad23821e6e047aa66338fb6ea9868627bbb9f54e8?s=96&d=mm&r=g","caption":"EFE"},"url":"https:\/\/fuentesfidedignas.com.mx\/index.php\/author\/efe\/"}]}},"_links":{"self":[{"href":"https:\/\/fuentesfidedignas.com.mx\/index.php\/wp-json\/wp\/v2\/posts\/120829","targetHints":{"allow":["GET"]}}],"collection":[{"href":"https:\/\/fuentesfidedignas.com.mx\/index.php\/wp-json\/wp\/v2\/posts"}],"about":[{"href":"https:\/\/fuentesfidedignas.com.mx\/index.php\/wp-json\/wp\/v2\/types\/post"}],"author":[{"embeddable":true,"href":"https:\/\/fuentesfidedignas.com.mx\/index.php\/wp-json\/wp\/v2\/users\/22"}],"replies":[{"embeddable":true,"href":"https:\/\/fuentesfidedignas.com.mx\/index.php\/wp-json\/wp\/v2\/comments?post=120829"}],"version-history":[{"count":1,"href":"https:\/\/fuentesfidedignas.com.mx\/index.php\/wp-json\/wp\/v2\/posts\/120829\/revisions"}],"predecessor-version":[{"id":120830,"href":"https:\/\/fuentesfidedignas.com.mx\/index.php\/wp-json\/wp\/v2\/posts\/120829\/revisions\/120830"}],"wp:featuredmedia":[{"embeddable":true,"href":"https:\/\/fuentesfidedignas.com.mx\/index.php\/wp-json\/wp\/v2\/media\/120828"}],"wp:attachment":[{"href":"https:\/\/fuentesfidedignas.com.mx\/index.php\/wp-json\/wp\/v2\/media?parent=120829"}],"wp:term":[{"taxonomy":"category","embeddable":true,"href":"https:\/\/fuentesfidedignas.com.mx\/index.php\/wp-json\/wp\/v2\/categories?post=120829"},{"taxonomy":"post_tag","embeddable":true,"href":"https:\/\/fuentesfidedignas.com.mx\/index.php\/wp-json\/wp\/v2\/tags?post=120829"}],"curies":[{"name":"wp","href":"https:\/\/api.w.org\/{rel}","templated":true}]}}