{"id":120801,"date":"2025-11-05T02:11:00","date_gmt":"2025-11-05T09:11:00","guid":{"rendered":"https:\/\/fuentesfidedignas.com.mx\/?p=120801"},"modified":"2025-11-03T14:58:19","modified_gmt":"2025-11-03T21:58:19","slug":"que-es-la-igualdad-sustantiva-una-obligacion-laboral","status":"publish","type":"post","link":"https:\/\/fuentesfidedignas.com.mx\/index.php\/2025\/11\/05\/que-es-la-igualdad-sustantiva-una-obligacion-laboral\/","title":{"rendered":"\u00bfQu\u00e9 es la Igualdad sustantiva? Una obligaci\u00f3n laboral"},"content":{"rendered":"\n<p><strong><em>Solo 22% de los trabajadores percibe igualdad sustantiva en su empleo, pese que la LFT obliga a promoverla como principio b\u00e1sico en toda relaci\u00f3n laboral<\/em><\/strong><\/p>\n\n\n\n<p>En M\u00e9xico, la &#8220;<strong>igualdad sustantiva<\/strong>&#8221; a\u00fan se percibe m\u00e1s como un\u00a0<strong>discurso laboral<\/strong>,\u00a0 que una pr\u00e1ctica obligatoria en los centros de trabajo. De acuerdo con una encuesta elaborada por OCC, \u00fanicamente 22% de los empleados considera que en su empleo actual existe\u00a0<strong>igualdad sustantiva<\/strong>, por otra parte, 34% percibe que s\u00ed existe pero con excepciones, mientras que 38% afirma que persisten desigualdades evidentes y 6% no tiene una opini\u00f3n definida.<\/p>\n\n\n\n<h2 class=\"wp-block-heading\">La mitad de trabajadores desconoce el significado de&nbsp;<strong>igualdad sustantiva<\/strong><\/h2>\n\n\n\n<p>El estudio revel\u00f3 que 50% de los participantes s\u00ed reconoce el t\u00e9rmino de \u201c<strong>igualdad sustantiva<\/strong>\u201d, mientras que el otro 50% admite no entenderlo o nunca haberlo escuchado. Esta falta de conocimiento limita la implementaci\u00f3n de&nbsp;<strong>pol\u00edticas efectivas<\/strong>, pues sin comprensi\u00f3n de la norma es dif\u00edcil traducir la equidad en acciones concretas dentro de las organizaciones, de acuerdo al an\u00e1lisis.<\/p>\n\n\n\n<p>Si bien, muchas empresas abordan el tema como una pol\u00edtica de&nbsp;<strong>responsabilidad social<\/strong>, la realidad es que se trata de una obligaci\u00f3n legal establecida en el art\u00edculo 2 de la&nbsp;<strong>Ley Federal del Trabajo<\/strong>, el cual menciona lo siguiente:<\/p>\n\n\n\n<p>\u201cLas normas del trabajo tienden a conseguir el equilibrio (\u2026) y la justicia social en las relaciones entre trabajadores y patrones. Se entiende por trabajo digno o decente aqu\u00e9l en el que se respeta plenamente la dignidad humana del trabajador; no existe discriminaci\u00f3n por origen \u00e9tnico o nacional, g\u00e9nero, edad, discapacidad, condici\u00f3n social, condiciones de salud, religi\u00f3n, condici\u00f3n migratoria, opiniones, preferencias sexuales o estado civil. Se tutela la&nbsp;<strong>igualdad sustantiva<\/strong>&nbsp;o de hecho de trabajadores y trabajadoras frente al patr\u00f3n\u201d.<\/p>\n\n\n\n<p>Por su parte, el art\u00edculo 3 dispone lo siguiente:<\/p>\n\n\n\n<p>\u201cEl trabajo es un derecho y un deber social. No es art\u00edculo de comercio y exige respeto para las libertades y dignidad de quien lo presta (\u2026) Debe efectuarse en condiciones que aseguren la vida digna, la salud para el trabajador y su familia. No podr\u00e1n establecerse distinciones entre los trabajadores por motivo de raza, nacionalidad, sexo, edad, credo religioso, doctrina pol\u00edtica o condici\u00f3n social\u201d.<\/p>\n\n\n\n<p>De esta manera, las autoridades establecen la&nbsp;<strong>igualdad sustantiva<\/strong>&nbsp;como una&nbsp;<strong>obligaci\u00f3n patronal<\/strong>&nbsp;y no s\u00f3lo un acto de car\u00e1cter \u00e9tico y moral.<\/p>\n\n\n\n<h2 class=\"wp-block-heading\">Principales obst\u00e1culos para garantizar la&nbsp;<strong>igualdad sustantiva<\/strong><\/h2>\n\n\n\n<p>De acuerdo al estudio, los trabajadores identificaron los siguientes obst\u00e1culos para garantizar la&nbsp;<strong>igualdad sustantiva<\/strong>:<\/p>\n\n\n\n<ul class=\"wp-block-list\">\n<li>Falta de oportunidades de crecimiento equitativas (39%)<\/li>\n\n\n\n<li>Ausencia de transparencia en los procesos de promoci\u00f3n y ascenso (37%)<\/li>\n\n\n\n<li>Carencia de liderazgo comprometido con la equidad (30%)<\/li>\n\n\n\n<li>Cultura organizacional con enfoques desiguales (24%)<\/li>\n\n\n\n<li>Diferencias salariales por g\u00e9nero u otros factores (23%)<\/li>\n\n\n\n<li>Sesgos inconscientes en contrataci\u00f3n o evaluaci\u00f3n (23%)<\/li>\n\n\n\n<li>Estereotipos de g\u00e9nero persistente (19%)<\/li>\n\n\n\n<li>Ausencia de pol\u00edticas de equidad (16%)<\/li>\n<\/ul>\n\n\n\n<h2 class=\"wp-block-heading\">Acciones clave para cumplir la ley y fortalecer el talento<\/h2>\n\n\n\n<p>M\u00e1s de la mitad de los participantes indic\u00f3 que garantizar la igualdad en las oportunidades de&nbsp;<strong>desarrollo profesional<\/strong>&nbsp;debe ser el punto de partida. Tambi\u00e9n destacaron la necesidad de evaluaciones de desempe\u00f1o objetivas en 48%, la medici\u00f3n de brechas salariales en 26% y protocolos contra la discriminaci\u00f3n y el acoso fue mencionada por 24%.<\/p>\n\n\n\n<p>Otras medidas sugeridas fueron pol\u00edticas de&nbsp;<strong>conciliaci\u00f3n laboral<\/strong>&nbsp;y personal en 23%, representaci\u00f3n equilibrada en puestos directivos con 21% y programas de liderazgo inclusivo se destac\u00f3 en 14%.<\/p>\n\n\n\n<p>El 68% de los encuestados coincidi\u00f3 en que promover la&nbsp;<strong>igualdad sustantiva<\/strong>&nbsp;mejora el desempe\u00f1o y el clima laboral, mientras que solo 3% consider\u00f3 que no genera cambios relevantes.<\/p>\n\n\n\n<p>Por esta raz\u00f3n, fomentar la&nbsp;<strong>igualdad sustantiva<\/strong>&nbsp;no solo mejora la reputaci\u00f3n y productividad, sino que tambi\u00e9n evita&nbsp;<strong>riesgos legales<\/strong>&nbsp;y laborales frente a la LFT que establece que toda empresa debe garantizar condiciones equitativas y no discriminatorias.<\/p>\n","protected":false},"excerpt":{"rendered":"<p>Solo 22% de los trabajadores percibe igualdad sustantiva en su empleo, pese que la LFT obliga a promoverla como principio b\u00e1sico en toda relaci\u00f3n laboral En M\u00e9xico, la &#8220;igualdad sustantiva&#8221; a\u00fan se percibe m\u00e1s como un\u00a0discurso laboral,\u00a0 que una pr\u00e1ctica obligatoria en los centros de trabajo. De acuerdo con una encuesta elaborada por OCC, \u00fanicamente [&hellip;]<\/p>\n","protected":false},"author":204,"featured_media":99882,"comment_status":"open","ping_status":"open","sticky":false,"template":"","format":"standard","meta":{"tdm_status":"","tdm_grid_status":"","footnotes":""},"categories":[33,36],"tags":[],"class_list":{"0":"post-120801","1":"post","2":"type-post","3":"status-publish","4":"format-standard","5":"has-post-thumbnail","7":"category-igualdad-sustantiva","8":"category-semanales"},"yoast_head":"<!-- This site is optimized with the Yoast SEO plugin v27.5 - https:\/\/yoast.com\/product\/yoast-seo-wordpress\/ -->\n<title>\u00bfQu\u00e9 es la Igualdad sustantiva? Una obligaci\u00f3n laboral - Fuentes Fidedignas<\/title>\n<meta name=\"robots\" content=\"index, follow, max-snippet:-1, max-image-preview:large, max-video-preview:-1\" \/>\n<link rel=\"canonical\" href=\"https:\/\/fuentesfidedignas.com.mx\/index.php\/2025\/11\/05\/que-es-la-igualdad-sustantiva-una-obligacion-laboral\/\" \/>\n<meta property=\"og:locale\" content=\"es_MX\" \/>\n<meta property=\"og:type\" content=\"article\" \/>\n<meta property=\"og:title\" content=\"\u00bfQu\u00e9 es la Igualdad sustantiva? Una obligaci\u00f3n laboral - Fuentes Fidedignas\" \/>\n<meta property=\"og:description\" content=\"Solo 22% de los trabajadores percibe igualdad sustantiva en su empleo, pese que la LFT obliga a promoverla como principio b\u00e1sico en toda relaci\u00f3n laboral En M\u00e9xico, la &#8220;igualdad sustantiva&#8221; a\u00fan se percibe m\u00e1s como un\u00a0discurso laboral,\u00a0 que una pr\u00e1ctica obligatoria en los centros de trabajo. De acuerdo con una encuesta elaborada por OCC, \u00fanicamente [&hellip;]\" \/>\n<meta property=\"og:url\" content=\"https:\/\/fuentesfidedignas.com.mx\/index.php\/2025\/11\/05\/que-es-la-igualdad-sustantiva-una-obligacion-laboral\/\" \/>\n<meta property=\"og:site_name\" content=\"Fuentes Fidedignas\" \/>\n<meta property=\"article:publisher\" content=\"https:\/\/www.facebook.com\/Fuentes-Fidedignas-368234489921644\" \/>\n<meta property=\"article:published_time\" content=\"2025-11-05T09:11:00+00:00\" \/>\n<meta property=\"og:image\" content=\"https:\/\/fuentesfidedignas.com.mx\/wp-content\/uploads\/2025\/01\/igualdad-de-genero.jpg\" \/>\n\t<meta property=\"og:image:width\" content=\"600\" \/>\n\t<meta property=\"og:image:height\" content=\"334\" \/>\n\t<meta property=\"og:image:type\" content=\"image\/jpeg\" \/>\n<meta name=\"author\" content=\"IDC Online\" \/>\n<meta name=\"twitter:card\" content=\"summary_large_image\" \/>\n<meta name=\"twitter:creator\" content=\"@fidedignas\" \/>\n<meta name=\"twitter:site\" content=\"@fidedignas\" \/>\n<meta name=\"twitter:label1\" content=\"Escrito por\" \/>\n\t<meta name=\"twitter:data1\" content=\"IDC Online\" \/>\n\t<meta name=\"twitter:label2\" content=\"Tiempo de lectura\" \/>\n\t<meta name=\"twitter:data2\" content=\"4 minutos\" \/>\n<script type=\"application\/ld+json\" class=\"yoast-schema-graph\">{\"@context\":\"https:\\\/\\\/schema.org\",\"@graph\":[{\"@type\":\"Article\",\"@id\":\"https:\\\/\\\/fuentesfidedignas.com.mx\\\/index.php\\\/2025\\\/11\\\/05\\\/que-es-la-igualdad-sustantiva-una-obligacion-laboral\\\/#article\",\"isPartOf\":{\"@id\":\"https:\\\/\\\/fuentesfidedignas.com.mx\\\/index.php\\\/2025\\\/11\\\/05\\\/que-es-la-igualdad-sustantiva-una-obligacion-laboral\\\/\"},\"author\":{\"name\":\"IDC Online\",\"@id\":\"https:\\\/\\\/fuentesfidedignas.com.mx\\\/#\\\/schema\\\/person\\\/aa9ff3c7aeceb96bc70ee2b9c34240fe\"},\"headline\":\"\u00bfQu\u00e9 es la Igualdad sustantiva? Una obligaci\u00f3n laboral\",\"datePublished\":\"2025-11-05T09:11:00+00:00\",\"mainEntityOfPage\":{\"@id\":\"https:\\\/\\\/fuentesfidedignas.com.mx\\\/index.php\\\/2025\\\/11\\\/05\\\/que-es-la-igualdad-sustantiva-una-obligacion-laboral\\\/\"},\"wordCount\":674,\"commentCount\":0,\"publisher\":{\"@id\":\"https:\\\/\\\/fuentesfidedignas.com.mx\\\/#organization\"},\"image\":{\"@id\":\"https:\\\/\\\/fuentesfidedignas.com.mx\\\/index.php\\\/2025\\\/11\\\/05\\\/que-es-la-igualdad-sustantiva-una-obligacion-laboral\\\/#primaryimage\"},\"thumbnailUrl\":\"https:\\\/\\\/fuentesfidedignas.com.mx\\\/wp-content\\\/uploads\\\/2025\\\/01\\\/igualdad-de-genero.jpg\",\"articleSection\":[\"IGUALDAD SUSTANTIVA\",\"SEMANALES\"],\"inLanguage\":\"es\",\"potentialAction\":[{\"@type\":\"CommentAction\",\"name\":\"Comment\",\"target\":[\"https:\\\/\\\/fuentesfidedignas.com.mx\\\/index.php\\\/2025\\\/11\\\/05\\\/que-es-la-igualdad-sustantiva-una-obligacion-laboral\\\/#respond\"]}]},{\"@type\":\"WebPage\",\"@id\":\"https:\\\/\\\/fuentesfidedignas.com.mx\\\/index.php\\\/2025\\\/11\\\/05\\\/que-es-la-igualdad-sustantiva-una-obligacion-laboral\\\/\",\"url\":\"https:\\\/\\\/fuentesfidedignas.com.mx\\\/index.php\\\/2025\\\/11\\\/05\\\/que-es-la-igualdad-sustantiva-una-obligacion-laboral\\\/\",\"name\":\"\u00bfQu\u00e9 es la Igualdad sustantiva? Una obligaci\u00f3n laboral - Fuentes Fidedignas\",\"isPartOf\":{\"@id\":\"https:\\\/\\\/fuentesfidedignas.com.mx\\\/#website\"},\"primaryImageOfPage\":{\"@id\":\"https:\\\/\\\/fuentesfidedignas.com.mx\\\/index.php\\\/2025\\\/11\\\/05\\\/que-es-la-igualdad-sustantiva-una-obligacion-laboral\\\/#primaryimage\"},\"image\":{\"@id\":\"https:\\\/\\\/fuentesfidedignas.com.mx\\\/index.php\\\/2025\\\/11\\\/05\\\/que-es-la-igualdad-sustantiva-una-obligacion-laboral\\\/#primaryimage\"},\"thumbnailUrl\":\"https:\\\/\\\/fuentesfidedignas.com.mx\\\/wp-content\\\/uploads\\\/2025\\\/01\\\/igualdad-de-genero.jpg\",\"datePublished\":\"2025-11-05T09:11:00+00:00\",\"breadcrumb\":{\"@id\":\"https:\\\/\\\/fuentesfidedignas.com.mx\\\/index.php\\\/2025\\\/11\\\/05\\\/que-es-la-igualdad-sustantiva-una-obligacion-laboral\\\/#breadcrumb\"},\"inLanguage\":\"es\",\"potentialAction\":[{\"@type\":\"ReadAction\",\"target\":[\"https:\\\/\\\/fuentesfidedignas.com.mx\\\/index.php\\\/2025\\\/11\\\/05\\\/que-es-la-igualdad-sustantiva-una-obligacion-laboral\\\/\"]}]},{\"@type\":\"ImageObject\",\"inLanguage\":\"es\",\"@id\":\"https:\\\/\\\/fuentesfidedignas.com.mx\\\/index.php\\\/2025\\\/11\\\/05\\\/que-es-la-igualdad-sustantiva-una-obligacion-laboral\\\/#primaryimage\",\"url\":\"https:\\\/\\\/fuentesfidedignas.com.mx\\\/wp-content\\\/uploads\\\/2025\\\/01\\\/igualdad-de-genero.jpg\",\"contentUrl\":\"https:\\\/\\\/fuentesfidedignas.com.mx\\\/wp-content\\\/uploads\\\/2025\\\/01\\\/igualdad-de-genero.jpg\",\"width\":600,\"height\":334},{\"@type\":\"BreadcrumbList\",\"@id\":\"https:\\\/\\\/fuentesfidedignas.com.mx\\\/index.php\\\/2025\\\/11\\\/05\\\/que-es-la-igualdad-sustantiva-una-obligacion-laboral\\\/#breadcrumb\",\"itemListElement\":[{\"@type\":\"ListItem\",\"position\":1,\"name\":\"Inicio\",\"item\":\"https:\\\/\\\/fuentesfidedignas.com.mx\\\/\"},{\"@type\":\"ListItem\",\"position\":2,\"name\":\"\u00bfQu\u00e9 es la Igualdad sustantiva? Una obligaci\u00f3n laboral\"}]},{\"@type\":\"WebSite\",\"@id\":\"https:\\\/\\\/fuentesfidedignas.com.mx\\\/#website\",\"url\":\"https:\\\/\\\/fuentesfidedignas.com.mx\\\/\",\"name\":\"Fuentes Fidedignas\",\"description\":\"Otro sitio realizado con WordPress\",\"publisher\":{\"@id\":\"https:\\\/\\\/fuentesfidedignas.com.mx\\\/#organization\"},\"potentialAction\":[{\"@type\":\"SearchAction\",\"target\":{\"@type\":\"EntryPoint\",\"urlTemplate\":\"https:\\\/\\\/fuentesfidedignas.com.mx\\\/?s={search_term_string}\"},\"query-input\":{\"@type\":\"PropertyValueSpecification\",\"valueRequired\":true,\"valueName\":\"search_term_string\"}}],\"inLanguage\":\"es\"},{\"@type\":\"Organization\",\"@id\":\"https:\\\/\\\/fuentesfidedignas.com.mx\\\/#organization\",\"name\":\"Fuentes Fidedignas\",\"url\":\"https:\\\/\\\/fuentesfidedignas.com.mx\\\/\",\"logo\":{\"@type\":\"ImageObject\",\"inLanguage\":\"es\",\"@id\":\"https:\\\/\\\/fuentesfidedignas.com.mx\\\/#\\\/schema\\\/logo\\\/image\\\/\",\"url\":\"https:\\\/\\\/fuentesfidedignas.com.mx\\\/wp-content\\\/uploads\\\/2021\\\/04\\\/logo-retina.png\",\"contentUrl\":\"https:\\\/\\\/fuentesfidedignas.com.mx\\\/wp-content\\\/uploads\\\/2021\\\/04\\\/logo-retina.png\",\"width\":280,\"height\":51,\"caption\":\"Fuentes Fidedignas\"},\"image\":{\"@id\":\"https:\\\/\\\/fuentesfidedignas.com.mx\\\/#\\\/schema\\\/logo\\\/image\\\/\"},\"sameAs\":[\"https:\\\/\\\/www.facebook.com\\\/Fuentes-Fidedignas-368234489921644\",\"https:\\\/\\\/x.com\\\/fidedignas\"]},{\"@type\":\"Person\",\"@id\":\"https:\\\/\\\/fuentesfidedignas.com.mx\\\/#\\\/schema\\\/person\\\/aa9ff3c7aeceb96bc70ee2b9c34240fe\",\"name\":\"IDC Online\",\"image\":{\"@type\":\"ImageObject\",\"inLanguage\":\"es\",\"@id\":\"https:\\\/\\\/secure.gravatar.com\\\/avatar\\\/04ceefe37af39a7ecfb79aa74d2e2a84c3f962bea16ca48c19119adbff717ff3?s=96&d=mm&r=g\",\"url\":\"https:\\\/\\\/secure.gravatar.com\\\/avatar\\\/04ceefe37af39a7ecfb79aa74d2e2a84c3f962bea16ca48c19119adbff717ff3?s=96&d=mm&r=g\",\"contentUrl\":\"https:\\\/\\\/secure.gravatar.com\\\/avatar\\\/04ceefe37af39a7ecfb79aa74d2e2a84c3f962bea16ca48c19119adbff717ff3?s=96&d=mm&r=g\",\"caption\":\"IDC Online\"},\"url\":\"https:\\\/\\\/fuentesfidedignas.com.mx\\\/index.php\\\/author\\\/idc\\\/\"}]}<\/script>\n<!-- \/ Yoast SEO plugin. -->","yoast_head_json":{"title":"\u00bfQu\u00e9 es la Igualdad sustantiva? Una obligaci\u00f3n laboral - Fuentes Fidedignas","robots":{"index":"index","follow":"follow","max-snippet":"max-snippet:-1","max-image-preview":"max-image-preview:large","max-video-preview":"max-video-preview:-1"},"canonical":"https:\/\/fuentesfidedignas.com.mx\/index.php\/2025\/11\/05\/que-es-la-igualdad-sustantiva-una-obligacion-laboral\/","og_locale":"es_MX","og_type":"article","og_title":"\u00bfQu\u00e9 es la Igualdad sustantiva? Una obligaci\u00f3n laboral - Fuentes Fidedignas","og_description":"Solo 22% de los trabajadores percibe igualdad sustantiva en su empleo, pese que la LFT obliga a promoverla como principio b\u00e1sico en toda relaci\u00f3n laboral En M\u00e9xico, la &#8220;igualdad sustantiva&#8221; a\u00fan se percibe m\u00e1s como un\u00a0discurso laboral,\u00a0 que una pr\u00e1ctica obligatoria en los centros de trabajo. De acuerdo con una encuesta elaborada por OCC, \u00fanicamente [&hellip;]","og_url":"https:\/\/fuentesfidedignas.com.mx\/index.php\/2025\/11\/05\/que-es-la-igualdad-sustantiva-una-obligacion-laboral\/","og_site_name":"Fuentes Fidedignas","article_publisher":"https:\/\/www.facebook.com\/Fuentes-Fidedignas-368234489921644","article_published_time":"2025-11-05T09:11:00+00:00","og_image":[{"width":600,"height":334,"url":"https:\/\/fuentesfidedignas.com.mx\/wp-content\/uploads\/2025\/01\/igualdad-de-genero.jpg","type":"image\/jpeg"}],"author":"IDC Online","twitter_card":"summary_large_image","twitter_creator":"@fidedignas","twitter_site":"@fidedignas","twitter_misc":{"Escrito por":"IDC Online","Tiempo de lectura":"4 minutos"},"schema":{"@context":"https:\/\/schema.org","@graph":[{"@type":"Article","@id":"https:\/\/fuentesfidedignas.com.mx\/index.php\/2025\/11\/05\/que-es-la-igualdad-sustantiva-una-obligacion-laboral\/#article","isPartOf":{"@id":"https:\/\/fuentesfidedignas.com.mx\/index.php\/2025\/11\/05\/que-es-la-igualdad-sustantiva-una-obligacion-laboral\/"},"author":{"name":"IDC Online","@id":"https:\/\/fuentesfidedignas.com.mx\/#\/schema\/person\/aa9ff3c7aeceb96bc70ee2b9c34240fe"},"headline":"\u00bfQu\u00e9 es la Igualdad sustantiva? Una obligaci\u00f3n laboral","datePublished":"2025-11-05T09:11:00+00:00","mainEntityOfPage":{"@id":"https:\/\/fuentesfidedignas.com.mx\/index.php\/2025\/11\/05\/que-es-la-igualdad-sustantiva-una-obligacion-laboral\/"},"wordCount":674,"commentCount":0,"publisher":{"@id":"https:\/\/fuentesfidedignas.com.mx\/#organization"},"image":{"@id":"https:\/\/fuentesfidedignas.com.mx\/index.php\/2025\/11\/05\/que-es-la-igualdad-sustantiva-una-obligacion-laboral\/#primaryimage"},"thumbnailUrl":"https:\/\/fuentesfidedignas.com.mx\/wp-content\/uploads\/2025\/01\/igualdad-de-genero.jpg","articleSection":["IGUALDAD SUSTANTIVA","SEMANALES"],"inLanguage":"es","potentialAction":[{"@type":"CommentAction","name":"Comment","target":["https:\/\/fuentesfidedignas.com.mx\/index.php\/2025\/11\/05\/que-es-la-igualdad-sustantiva-una-obligacion-laboral\/#respond"]}]},{"@type":"WebPage","@id":"https:\/\/fuentesfidedignas.com.mx\/index.php\/2025\/11\/05\/que-es-la-igualdad-sustantiva-una-obligacion-laboral\/","url":"https:\/\/fuentesfidedignas.com.mx\/index.php\/2025\/11\/05\/que-es-la-igualdad-sustantiva-una-obligacion-laboral\/","name":"\u00bfQu\u00e9 es la Igualdad sustantiva? Una obligaci\u00f3n laboral - Fuentes Fidedignas","isPartOf":{"@id":"https:\/\/fuentesfidedignas.com.mx\/#website"},"primaryImageOfPage":{"@id":"https:\/\/fuentesfidedignas.com.mx\/index.php\/2025\/11\/05\/que-es-la-igualdad-sustantiva-una-obligacion-laboral\/#primaryimage"},"image":{"@id":"https:\/\/fuentesfidedignas.com.mx\/index.php\/2025\/11\/05\/que-es-la-igualdad-sustantiva-una-obligacion-laboral\/#primaryimage"},"thumbnailUrl":"https:\/\/fuentesfidedignas.com.mx\/wp-content\/uploads\/2025\/01\/igualdad-de-genero.jpg","datePublished":"2025-11-05T09:11:00+00:00","breadcrumb":{"@id":"https:\/\/fuentesfidedignas.com.mx\/index.php\/2025\/11\/05\/que-es-la-igualdad-sustantiva-una-obligacion-laboral\/#breadcrumb"},"inLanguage":"es","potentialAction":[{"@type":"ReadAction","target":["https:\/\/fuentesfidedignas.com.mx\/index.php\/2025\/11\/05\/que-es-la-igualdad-sustantiva-una-obligacion-laboral\/"]}]},{"@type":"ImageObject","inLanguage":"es","@id":"https:\/\/fuentesfidedignas.com.mx\/index.php\/2025\/11\/05\/que-es-la-igualdad-sustantiva-una-obligacion-laboral\/#primaryimage","url":"https:\/\/fuentesfidedignas.com.mx\/wp-content\/uploads\/2025\/01\/igualdad-de-genero.jpg","contentUrl":"https:\/\/fuentesfidedignas.com.mx\/wp-content\/uploads\/2025\/01\/igualdad-de-genero.jpg","width":600,"height":334},{"@type":"BreadcrumbList","@id":"https:\/\/fuentesfidedignas.com.mx\/index.php\/2025\/11\/05\/que-es-la-igualdad-sustantiva-una-obligacion-laboral\/#breadcrumb","itemListElement":[{"@type":"ListItem","position":1,"name":"Inicio","item":"https:\/\/fuentesfidedignas.com.mx\/"},{"@type":"ListItem","position":2,"name":"\u00bfQu\u00e9 es la Igualdad sustantiva? Una obligaci\u00f3n laboral"}]},{"@type":"WebSite","@id":"https:\/\/fuentesfidedignas.com.mx\/#website","url":"https:\/\/fuentesfidedignas.com.mx\/","name":"Fuentes Fidedignas","description":"Otro sitio realizado con WordPress","publisher":{"@id":"https:\/\/fuentesfidedignas.com.mx\/#organization"},"potentialAction":[{"@type":"SearchAction","target":{"@type":"EntryPoint","urlTemplate":"https:\/\/fuentesfidedignas.com.mx\/?s={search_term_string}"},"query-input":{"@type":"PropertyValueSpecification","valueRequired":true,"valueName":"search_term_string"}}],"inLanguage":"es"},{"@type":"Organization","@id":"https:\/\/fuentesfidedignas.com.mx\/#organization","name":"Fuentes Fidedignas","url":"https:\/\/fuentesfidedignas.com.mx\/","logo":{"@type":"ImageObject","inLanguage":"es","@id":"https:\/\/fuentesfidedignas.com.mx\/#\/schema\/logo\/image\/","url":"https:\/\/fuentesfidedignas.com.mx\/wp-content\/uploads\/2021\/04\/logo-retina.png","contentUrl":"https:\/\/fuentesfidedignas.com.mx\/wp-content\/uploads\/2021\/04\/logo-retina.png","width":280,"height":51,"caption":"Fuentes Fidedignas"},"image":{"@id":"https:\/\/fuentesfidedignas.com.mx\/#\/schema\/logo\/image\/"},"sameAs":["https:\/\/www.facebook.com\/Fuentes-Fidedignas-368234489921644","https:\/\/x.com\/fidedignas"]},{"@type":"Person","@id":"https:\/\/fuentesfidedignas.com.mx\/#\/schema\/person\/aa9ff3c7aeceb96bc70ee2b9c34240fe","name":"IDC Online","image":{"@type":"ImageObject","inLanguage":"es","@id":"https:\/\/secure.gravatar.com\/avatar\/04ceefe37af39a7ecfb79aa74d2e2a84c3f962bea16ca48c19119adbff717ff3?s=96&d=mm&r=g","url":"https:\/\/secure.gravatar.com\/avatar\/04ceefe37af39a7ecfb79aa74d2e2a84c3f962bea16ca48c19119adbff717ff3?s=96&d=mm&r=g","contentUrl":"https:\/\/secure.gravatar.com\/avatar\/04ceefe37af39a7ecfb79aa74d2e2a84c3f962bea16ca48c19119adbff717ff3?s=96&d=mm&r=g","caption":"IDC Online"},"url":"https:\/\/fuentesfidedignas.com.mx\/index.php\/author\/idc\/"}]}},"_links":{"self":[{"href":"https:\/\/fuentesfidedignas.com.mx\/index.php\/wp-json\/wp\/v2\/posts\/120801","targetHints":{"allow":["GET"]}}],"collection":[{"href":"https:\/\/fuentesfidedignas.com.mx\/index.php\/wp-json\/wp\/v2\/posts"}],"about":[{"href":"https:\/\/fuentesfidedignas.com.mx\/index.php\/wp-json\/wp\/v2\/types\/post"}],"author":[{"embeddable":true,"href":"https:\/\/fuentesfidedignas.com.mx\/index.php\/wp-json\/wp\/v2\/users\/204"}],"replies":[{"embeddable":true,"href":"https:\/\/fuentesfidedignas.com.mx\/index.php\/wp-json\/wp\/v2\/comments?post=120801"}],"version-history":[{"count":1,"href":"https:\/\/fuentesfidedignas.com.mx\/index.php\/wp-json\/wp\/v2\/posts\/120801\/revisions"}],"predecessor-version":[{"id":120803,"href":"https:\/\/fuentesfidedignas.com.mx\/index.php\/wp-json\/wp\/v2\/posts\/120801\/revisions\/120803"}],"wp:featuredmedia":[{"embeddable":true,"href":"https:\/\/fuentesfidedignas.com.mx\/index.php\/wp-json\/wp\/v2\/media\/99882"}],"wp:attachment":[{"href":"https:\/\/fuentesfidedignas.com.mx\/index.php\/wp-json\/wp\/v2\/media?parent=120801"}],"wp:term":[{"taxonomy":"category","embeddable":true,"href":"https:\/\/fuentesfidedignas.com.mx\/index.php\/wp-json\/wp\/v2\/categories?post=120801"},{"taxonomy":"post_tag","embeddable":true,"href":"https:\/\/fuentesfidedignas.com.mx\/index.php\/wp-json\/wp\/v2\/tags?post=120801"}],"curies":[{"name":"wp","href":"https:\/\/api.w.org\/{rel}","templated":true}]}}