{"id":12078,"date":"2021-09-08T17:09:49","date_gmt":"2021-09-09T00:09:49","guid":{"rendered":"https:\/\/fuentesfidedignas.com.mx\/?p=12078"},"modified":"2021-09-08T17:09:50","modified_gmt":"2021-09-09T00:09:50","slug":"no-sale-ni-en-rifa-el-avion-presidencial-todavia-representara-un-gasto-de-331-mdp-en-2022","status":"publish","type":"post","link":"https:\/\/fuentesfidedignas.com.mx\/index.php\/2021\/09\/08\/no-sale-ni-en-rifa-el-avion-presidencial-todavia-representara-un-gasto-de-331-mdp-en-2022\/","title":{"rendered":"No sale ni en rifa: El avi\u00f3n presidencial (todav\u00eda) representar\u00e1 un gasto de 331 mdp en 2022"},"content":{"rendered":"\n<p><strong><em>El arrendamiento de 15 a\u00f1os considera pagos anuales, en promedio, de 45 millones de pesos.<\/em><\/strong><\/p>\n\n\n\n<p>Ciudad de M\u00e9xico.- Pese a la rifa realizada en 2020, el avi\u00f3n presidencial adquirido en 2012 por el gobierno mexicano seguir\u00e1 representando un gasto en el presupuesto de 2022.<\/p>\n\n\n\n<p>De acuerdo con el proyecto de presupuesto de egresos presentado este martes por el secretario de Hacienda, Rogelio Ram\u00edrez de la O, el rubro 12071320003 correspondiente a la Adquisici\u00f3n de una Aeronave de Transporte Estrat\u00e9gico para uso Presidencial y del Estado Mayor a\u00fan representa una inversi\u00f3n por un valor de 5,792 millones de pesos, de los cuales, se asignar\u00edan 331.4 millones para erogar en el ejercicio 2022.<\/p>\n\n\n\n<p>Seg\u00fan la autoridad hacendaria, el avi\u00f3n y equipo tuvieron un costo estimado del flujo amortizado que a valor actual alcanza 637.1 mdp para el avi\u00f3n y 560.7 mdp para el equipo.<\/p>\n\n\n\n<p>El horizonte del arrendamiento (15 a\u00f1os) considera pagos anuales promedio de 45 mdp en operaci\u00f3n y mantenimiento, m\u00e1s pagos anuales de arrendamiento entre 4.6 mdp y 451.4 mdp.<\/p>\n\n\n\n<p>En septiembre de 2020, se realiz\u00f3 un sorteo de loter\u00eda que simb\u00f3licamente otorgaba el avi\u00f3n presidencial como premio, en el cual, el gobierno gast\u00f3 121 millones de pesos.<\/p>\n\n\n\n<p>La Loter\u00eda Nacional detall\u00f3 que el sorteo implic\u00f3 6 millones de boletos para el sorteo 235, de los cuales se vendieron 4.6 millones por 2,342 millones millones de pesos.<\/p>\n\n\n\n<p>Al cierre de 2020, se han pagado m\u00e1s de 5 mil 792 millones de pesos a Banobras por la compra del avi\u00f3n presidencial Jos\u00e9 Mar\u00eda Morelos y Pav\u00f3n, que fue encargado en sus \u00faltimos d\u00edas de gobierno por Felipe Calder\u00f3n.<\/p>\n\n\n\n<p>En 2021, la Sedena\u200b recibi\u00f3 m\u00e1s de 460 millones de pesos para pagar el arrendamiento financiero, que fue creado por Alejandro D\u00edaz de Le\u00f3n Carrillo, cuando fue titular de la Unidad de Cr\u00e9dito P\u00fablico en el gobierno de Felipe Calder\u00f3n. Para 2023 se tiene previsto destinar 456 millones de pesos al pago del avi\u00f3n presidencial.<\/p>\n\n\n\n<p>El actual gobernador del Banco de M\u00e9xico dise\u00f1\u00f3 la estrategia para arrendar el avi\u00f3n Jos\u00e9 Mar\u00eda Morelos y Pav\u00f3n, el cual fue usado por el expresidente de la Rep\u00fablica, Enrique Pe\u00f1a Nieto, para realizar viajes por diferentes estados de la Rep\u00fablica Mexicana y el extranjero.<\/p>\n\n\n\n<p><strong>La compra del avi\u00f3n presidencial<\/strong><br>Alejandro D\u00edaz de Le\u00f3n Carrillo, Augusto Mois\u00e9s Garc\u00eda Ochoa y Enrique Lara di Lauro, apoderado legal de Banobras, acordaron el 1 de noviembre de 2012 suscribir el arrendamiento financiero del avi\u00f3n Jos\u00e9 Mar\u00eda Morelos y Pav\u00f3n.<\/p>\n\n\n\n<p>Ese mismo d\u00eda y en la Ciudad de M\u00e9xico, Banobras firm\u00f3 un contrato por 127 millones 348 mil 857 d\u00f3lares para comprar una aeronave de Transporte Estrat\u00e9gico para uso Presidencial y del Estado Mayor, modelo Boeing 787-8, MSN. En esa operaci\u00f3n solo participaron funcionarios de Banobras, Sedena y una directiva de la fabricante de aviones estadounidense The Boeing Company.<\/p>\n\n\n\n<p>El 18 de diciembre de 2013, el banco de desarrollo adquiri\u00f3 en 81 millones de d\u00f3lares el equipamiento de cabina del avi\u00f3n presidencial a la empresa Associated Air Center.<\/p>\n\n\n\n<p>El 2 de mayo de 2014, la entidad financiera del gobierno pag\u00f3 23 millones 046 mil 718 d\u00f3lares por refacciones y accesorios para la aeronave y motores, as\u00ed como un equipo de soporte de rampa y terrestre para la entrada en servicio, as\u00ed como consumibles a The Boeing Company.<\/p>\n\n\n\n<p>La madrugada del 3 de febrero de 2016, el avi\u00f3n presidencial lleg\u00f3 a tierras mexicanas, luego de un vuelo de m\u00e1s de dos horas.<\/p>\n\n\n\n<p>Unos minutos despu\u00e9s el Boeing Dreamliner 787 fue trasladado al hangar presidencial, ubicado en el Aeropuerto de la Ciudad de M\u00e9xico, en donde fue recibido por integrantes del Estado Mayor.<\/p>\n\n\n\n<p>El avi\u00f3n cumpli\u00f3 con otras pruebas antes de que fuera usado de manera formal por el expresidente Enrique Pe\u00f1a Nieto.<\/p>\n\n\n\n<p>Pe\u00f1a Nieto hizo siete d\u00edas despu\u00e9s su primer viaje en avi\u00f3n presidencial a Hermosillo, Sonora, en donde estuvo acompa\u00f1ado por algunos estudiantes destacados de primaria y secundaria.<\/p>\n\n\n\n<p>L\u00f3pez Obrador cumpli\u00f3 a cabalidad su promesa de campa\u00f1a de no subirse y vender el avi\u00f3n presidencial, ya que la primera vez que pidi\u00f3 a la Secretar\u00eda de Hacienda y Cr\u00e9dito P\u00fablico que lo subastara fue en septiembre de 2015.<\/p>\n\n\n\n<p>El Boeing 787 en su actividad oficial realiz\u00f3 214 viajes para el expresidente Enrique Pe\u00f1a Nieto.<\/p>\n","protected":false},"excerpt":{"rendered":"<p>El arrendamiento de 15 a\u00f1os considera pagos anuales, en promedio, de 45 millones de pesos. Ciudad de M\u00e9xico.- Pese a la rifa realizada en 2020, el avi\u00f3n presidencial adquirido en 2012 por el gobierno mexicano seguir\u00e1 representando un gasto en el presupuesto de 2022. De acuerdo con el proyecto de presupuesto de egresos presentado este [&hellip;]<\/p>\n","protected":false},"author":5,"featured_media":12079,"comment_status":"open","ping_status":"open","sticky":false,"template":"","format":"standard","meta":{"tdm_status":"","tdm_grid_status":"","footnotes":""},"categories":[39],"tags":[247,297,450],"class_list":{"0":"post-12078","1":"post","2":"type-post","3":"status-publish","4":"format-standard","5":"has-post-thumbnail","7":"category-noticias-nacionales","8":"tag-amlo","9":"tag-andres-manuel-lopez-obrador","10":"tag-avion-presidencial"},"yoast_head":"<!-- This site is optimized with the Yoast SEO plugin v27.5 - https:\/\/yoast.com\/product\/yoast-seo-wordpress\/ -->\n<title>No sale ni en rifa: El avi\u00f3n presidencial (todav\u00eda) representar\u00e1 un gasto de 331 mdp en 2022 - Fuentes Fidedignas<\/title>\n<meta name=\"robots\" content=\"index, follow, max-snippet:-1, max-image-preview:large, max-video-preview:-1\" \/>\n<link rel=\"canonical\" href=\"https:\/\/fuentesfidedignas.com.mx\/index.php\/2021\/09\/08\/no-sale-ni-en-rifa-el-avion-presidencial-todavia-representara-un-gasto-de-331-mdp-en-2022\/\" \/>\n<meta property=\"og:locale\" content=\"es_MX\" \/>\n<meta property=\"og:type\" content=\"article\" \/>\n<meta property=\"og:title\" content=\"No sale ni en rifa: El avi\u00f3n presidencial (todav\u00eda) representar\u00e1 un gasto de 331 mdp en 2022 - Fuentes Fidedignas\" \/>\n<meta property=\"og:description\" content=\"El arrendamiento de 15 a\u00f1os considera pagos anuales, en promedio, de 45 millones de pesos. Ciudad de M\u00e9xico.- Pese a la rifa realizada en 2020, el avi\u00f3n presidencial adquirido en 2012 por el gobierno mexicano seguir\u00e1 representando un gasto en el presupuesto de 2022. De acuerdo con el proyecto de presupuesto de egresos presentado este [&hellip;]\" \/>\n<meta property=\"og:url\" content=\"https:\/\/fuentesfidedignas.com.mx\/index.php\/2021\/09\/08\/no-sale-ni-en-rifa-el-avion-presidencial-todavia-representara-un-gasto-de-331-mdp-en-2022\/\" \/>\n<meta property=\"og:site_name\" content=\"Fuentes Fidedignas\" \/>\n<meta property=\"article:publisher\" content=\"https:\/\/www.facebook.com\/Fuentes-Fidedignas-368234489921644\" \/>\n<meta property=\"article:published_time\" content=\"2021-09-09T00:09:49+00:00\" \/>\n<meta property=\"article:modified_time\" content=\"2021-09-09T00:09:50+00:00\" \/>\n<meta property=\"og:image\" content=\"https:\/\/fuentesfidedignas.com.mx\/wp-content\/uploads\/2021\/09\/Avion-presidencial-04-1536x864-1.jpg\" \/>\n\t<meta property=\"og:image:width\" content=\"1536\" \/>\n\t<meta property=\"og:image:height\" content=\"864\" \/>\n\t<meta property=\"og:image:type\" content=\"image\/jpeg\" \/>\n<meta name=\"author\" content=\"Forbes\" \/>\n<meta name=\"twitter:card\" content=\"summary_large_image\" \/>\n<meta name=\"twitter:creator\" content=\"@fidedignas\" \/>\n<meta name=\"twitter:site\" content=\"@fidedignas\" \/>\n<meta name=\"twitter:label1\" content=\"Escrito por\" \/>\n\t<meta name=\"twitter:data1\" content=\"Forbes\" \/>\n\t<meta name=\"twitter:label2\" content=\"Tiempo de lectura\" \/>\n\t<meta name=\"twitter:data2\" content=\"4 minutos\" \/>\n<script type=\"application\/ld+json\" class=\"yoast-schema-graph\">{\"@context\":\"https:\\\/\\\/schema.org\",\"@graph\":[{\"@type\":\"Article\",\"@id\":\"https:\\\/\\\/fuentesfidedignas.com.mx\\\/index.php\\\/2021\\\/09\\\/08\\\/no-sale-ni-en-rifa-el-avion-presidencial-todavia-representara-un-gasto-de-331-mdp-en-2022\\\/#article\",\"isPartOf\":{\"@id\":\"https:\\\/\\\/fuentesfidedignas.com.mx\\\/index.php\\\/2021\\\/09\\\/08\\\/no-sale-ni-en-rifa-el-avion-presidencial-todavia-representara-un-gasto-de-331-mdp-en-2022\\\/\"},\"author\":{\"name\":\"Forbes\",\"@id\":\"https:\\\/\\\/fuentesfidedignas.com.mx\\\/#\\\/schema\\\/person\\\/5623d53fe2e579d825b1679734abcc44\"},\"headline\":\"No sale ni en rifa: El avi\u00f3n presidencial (todav\u00eda) representar\u00e1 un gasto de 331 mdp en 2022\",\"datePublished\":\"2021-09-09T00:09:49+00:00\",\"dateModified\":\"2021-09-09T00:09:50+00:00\",\"mainEntityOfPage\":{\"@id\":\"https:\\\/\\\/fuentesfidedignas.com.mx\\\/index.php\\\/2021\\\/09\\\/08\\\/no-sale-ni-en-rifa-el-avion-presidencial-todavia-representara-un-gasto-de-331-mdp-en-2022\\\/\"},\"wordCount\":746,\"commentCount\":0,\"publisher\":{\"@id\":\"https:\\\/\\\/fuentesfidedignas.com.mx\\\/#organization\"},\"image\":{\"@id\":\"https:\\\/\\\/fuentesfidedignas.com.mx\\\/index.php\\\/2021\\\/09\\\/08\\\/no-sale-ni-en-rifa-el-avion-presidencial-todavia-representara-un-gasto-de-331-mdp-en-2022\\\/#primaryimage\"},\"thumbnailUrl\":\"https:\\\/\\\/fuentesfidedignas.com.mx\\\/wp-content\\\/uploads\\\/2021\\\/09\\\/Avion-presidencial-04-1536x864-1.jpg\",\"keywords\":[\"AMLO\",\"Andr\u00e9s Manuel L\u00f3pez Obrador\",\"Avi\u00f3n presidencial\"],\"articleSection\":[\"NOTICIAS NACIONALES\"],\"inLanguage\":\"es\",\"potentialAction\":[{\"@type\":\"CommentAction\",\"name\":\"Comment\",\"target\":[\"https:\\\/\\\/fuentesfidedignas.com.mx\\\/index.php\\\/2021\\\/09\\\/08\\\/no-sale-ni-en-rifa-el-avion-presidencial-todavia-representara-un-gasto-de-331-mdp-en-2022\\\/#respond\"]}]},{\"@type\":\"WebPage\",\"@id\":\"https:\\\/\\\/fuentesfidedignas.com.mx\\\/index.php\\\/2021\\\/09\\\/08\\\/no-sale-ni-en-rifa-el-avion-presidencial-todavia-representara-un-gasto-de-331-mdp-en-2022\\\/\",\"url\":\"https:\\\/\\\/fuentesfidedignas.com.mx\\\/index.php\\\/2021\\\/09\\\/08\\\/no-sale-ni-en-rifa-el-avion-presidencial-todavia-representara-un-gasto-de-331-mdp-en-2022\\\/\",\"name\":\"No sale ni en rifa: El avi\u00f3n presidencial (todav\u00eda) representar\u00e1 un gasto de 331 mdp en 2022 - Fuentes Fidedignas\",\"isPartOf\":{\"@id\":\"https:\\\/\\\/fuentesfidedignas.com.mx\\\/#website\"},\"primaryImageOfPage\":{\"@id\":\"https:\\\/\\\/fuentesfidedignas.com.mx\\\/index.php\\\/2021\\\/09\\\/08\\\/no-sale-ni-en-rifa-el-avion-presidencial-todavia-representara-un-gasto-de-331-mdp-en-2022\\\/#primaryimage\"},\"image\":{\"@id\":\"https:\\\/\\\/fuentesfidedignas.com.mx\\\/index.php\\\/2021\\\/09\\\/08\\\/no-sale-ni-en-rifa-el-avion-presidencial-todavia-representara-un-gasto-de-331-mdp-en-2022\\\/#primaryimage\"},\"thumbnailUrl\":\"https:\\\/\\\/fuentesfidedignas.com.mx\\\/wp-content\\\/uploads\\\/2021\\\/09\\\/Avion-presidencial-04-1536x864-1.jpg\",\"datePublished\":\"2021-09-09T00:09:49+00:00\",\"dateModified\":\"2021-09-09T00:09:50+00:00\",\"breadcrumb\":{\"@id\":\"https:\\\/\\\/fuentesfidedignas.com.mx\\\/index.php\\\/2021\\\/09\\\/08\\\/no-sale-ni-en-rifa-el-avion-presidencial-todavia-representara-un-gasto-de-331-mdp-en-2022\\\/#breadcrumb\"},\"inLanguage\":\"es\",\"potentialAction\":[{\"@type\":\"ReadAction\",\"target\":[\"https:\\\/\\\/fuentesfidedignas.com.mx\\\/index.php\\\/2021\\\/09\\\/08\\\/no-sale-ni-en-rifa-el-avion-presidencial-todavia-representara-un-gasto-de-331-mdp-en-2022\\\/\"]}]},{\"@type\":\"ImageObject\",\"inLanguage\":\"es\",\"@id\":\"https:\\\/\\\/fuentesfidedignas.com.mx\\\/index.php\\\/2021\\\/09\\\/08\\\/no-sale-ni-en-rifa-el-avion-presidencial-todavia-representara-un-gasto-de-331-mdp-en-2022\\\/#primaryimage\",\"url\":\"https:\\\/\\\/fuentesfidedignas.com.mx\\\/wp-content\\\/uploads\\\/2021\\\/09\\\/Avion-presidencial-04-1536x864-1.jpg\",\"contentUrl\":\"https:\\\/\\\/fuentesfidedignas.com.mx\\\/wp-content\\\/uploads\\\/2021\\\/09\\\/Avion-presidencial-04-1536x864-1.jpg\",\"width\":1536,\"height\":864},{\"@type\":\"BreadcrumbList\",\"@id\":\"https:\\\/\\\/fuentesfidedignas.com.mx\\\/index.php\\\/2021\\\/09\\\/08\\\/no-sale-ni-en-rifa-el-avion-presidencial-todavia-representara-un-gasto-de-331-mdp-en-2022\\\/#breadcrumb\",\"itemListElement\":[{\"@type\":\"ListItem\",\"position\":1,\"name\":\"Inicio\",\"item\":\"https:\\\/\\\/fuentesfidedignas.com.mx\\\/\"},{\"@type\":\"ListItem\",\"position\":2,\"name\":\"No sale ni en rifa: El avi\u00f3n presidencial (todav\u00eda) representar\u00e1 un gasto de 331 mdp en 2022\"}]},{\"@type\":\"WebSite\",\"@id\":\"https:\\\/\\\/fuentesfidedignas.com.mx\\\/#website\",\"url\":\"https:\\\/\\\/fuentesfidedignas.com.mx\\\/\",\"name\":\"Fuentes Fidedignas\",\"description\":\"Otro sitio realizado con WordPress\",\"publisher\":{\"@id\":\"https:\\\/\\\/fuentesfidedignas.com.mx\\\/#organization\"},\"potentialAction\":[{\"@type\":\"SearchAction\",\"target\":{\"@type\":\"EntryPoint\",\"urlTemplate\":\"https:\\\/\\\/fuentesfidedignas.com.mx\\\/?s={search_term_string}\"},\"query-input\":{\"@type\":\"PropertyValueSpecification\",\"valueRequired\":true,\"valueName\":\"search_term_string\"}}],\"inLanguage\":\"es\"},{\"@type\":\"Organization\",\"@id\":\"https:\\\/\\\/fuentesfidedignas.com.mx\\\/#organization\",\"name\":\"Fuentes Fidedignas\",\"url\":\"https:\\\/\\\/fuentesfidedignas.com.mx\\\/\",\"logo\":{\"@type\":\"ImageObject\",\"inLanguage\":\"es\",\"@id\":\"https:\\\/\\\/fuentesfidedignas.com.mx\\\/#\\\/schema\\\/logo\\\/image\\\/\",\"url\":\"https:\\\/\\\/fuentesfidedignas.com.mx\\\/wp-content\\\/uploads\\\/2021\\\/04\\\/logo-retina.png\",\"contentUrl\":\"https:\\\/\\\/fuentesfidedignas.com.mx\\\/wp-content\\\/uploads\\\/2021\\\/04\\\/logo-retina.png\",\"width\":280,\"height\":51,\"caption\":\"Fuentes Fidedignas\"},\"image\":{\"@id\":\"https:\\\/\\\/fuentesfidedignas.com.mx\\\/#\\\/schema\\\/logo\\\/image\\\/\"},\"sameAs\":[\"https:\\\/\\\/www.facebook.com\\\/Fuentes-Fidedignas-368234489921644\",\"https:\\\/\\\/x.com\\\/fidedignas\"]},{\"@type\":\"Person\",\"@id\":\"https:\\\/\\\/fuentesfidedignas.com.mx\\\/#\\\/schema\\\/person\\\/5623d53fe2e579d825b1679734abcc44\",\"name\":\"Forbes\",\"image\":{\"@type\":\"ImageObject\",\"inLanguage\":\"es\",\"@id\":\"https:\\\/\\\/secure.gravatar.com\\\/avatar\\\/87ce3dd4e41e60c22a79c758614f01a6bc2469255fc936ec7b15efb9bb5cb66f?s=96&d=mm&r=g\",\"url\":\"https:\\\/\\\/secure.gravatar.com\\\/avatar\\\/87ce3dd4e41e60c22a79c758614f01a6bc2469255fc936ec7b15efb9bb5cb66f?s=96&d=mm&r=g\",\"contentUrl\":\"https:\\\/\\\/secure.gravatar.com\\\/avatar\\\/87ce3dd4e41e60c22a79c758614f01a6bc2469255fc936ec7b15efb9bb5cb66f?s=96&d=mm&r=g\",\"caption\":\"Forbes\"},\"url\":\"https:\\\/\\\/fuentesfidedignas.com.mx\\\/index.php\\\/author\\\/forbes\\\/\"}]}<\/script>\n<!-- \/ Yoast SEO plugin. -->","yoast_head_json":{"title":"No sale ni en rifa: El avi\u00f3n presidencial (todav\u00eda) representar\u00e1 un gasto de 331 mdp en 2022 - Fuentes Fidedignas","robots":{"index":"index","follow":"follow","max-snippet":"max-snippet:-1","max-image-preview":"max-image-preview:large","max-video-preview":"max-video-preview:-1"},"canonical":"https:\/\/fuentesfidedignas.com.mx\/index.php\/2021\/09\/08\/no-sale-ni-en-rifa-el-avion-presidencial-todavia-representara-un-gasto-de-331-mdp-en-2022\/","og_locale":"es_MX","og_type":"article","og_title":"No sale ni en rifa: El avi\u00f3n presidencial (todav\u00eda) representar\u00e1 un gasto de 331 mdp en 2022 - Fuentes Fidedignas","og_description":"El arrendamiento de 15 a\u00f1os considera pagos anuales, en promedio, de 45 millones de pesos. Ciudad de M\u00e9xico.- Pese a la rifa realizada en 2020, el avi\u00f3n presidencial adquirido en 2012 por el gobierno mexicano seguir\u00e1 representando un gasto en el presupuesto de 2022. De acuerdo con el proyecto de presupuesto de egresos presentado este [&hellip;]","og_url":"https:\/\/fuentesfidedignas.com.mx\/index.php\/2021\/09\/08\/no-sale-ni-en-rifa-el-avion-presidencial-todavia-representara-un-gasto-de-331-mdp-en-2022\/","og_site_name":"Fuentes Fidedignas","article_publisher":"https:\/\/www.facebook.com\/Fuentes-Fidedignas-368234489921644","article_published_time":"2021-09-09T00:09:49+00:00","article_modified_time":"2021-09-09T00:09:50+00:00","og_image":[{"width":1536,"height":864,"url":"https:\/\/fuentesfidedignas.com.mx\/wp-content\/uploads\/2021\/09\/Avion-presidencial-04-1536x864-1.jpg","type":"image\/jpeg"}],"author":"Forbes","twitter_card":"summary_large_image","twitter_creator":"@fidedignas","twitter_site":"@fidedignas","twitter_misc":{"Escrito por":"Forbes","Tiempo de lectura":"4 minutos"},"schema":{"@context":"https:\/\/schema.org","@graph":[{"@type":"Article","@id":"https:\/\/fuentesfidedignas.com.mx\/index.php\/2021\/09\/08\/no-sale-ni-en-rifa-el-avion-presidencial-todavia-representara-un-gasto-de-331-mdp-en-2022\/#article","isPartOf":{"@id":"https:\/\/fuentesfidedignas.com.mx\/index.php\/2021\/09\/08\/no-sale-ni-en-rifa-el-avion-presidencial-todavia-representara-un-gasto-de-331-mdp-en-2022\/"},"author":{"name":"Forbes","@id":"https:\/\/fuentesfidedignas.com.mx\/#\/schema\/person\/5623d53fe2e579d825b1679734abcc44"},"headline":"No sale ni en rifa: El avi\u00f3n presidencial (todav\u00eda) representar\u00e1 un gasto de 331 mdp en 2022","datePublished":"2021-09-09T00:09:49+00:00","dateModified":"2021-09-09T00:09:50+00:00","mainEntityOfPage":{"@id":"https:\/\/fuentesfidedignas.com.mx\/index.php\/2021\/09\/08\/no-sale-ni-en-rifa-el-avion-presidencial-todavia-representara-un-gasto-de-331-mdp-en-2022\/"},"wordCount":746,"commentCount":0,"publisher":{"@id":"https:\/\/fuentesfidedignas.com.mx\/#organization"},"image":{"@id":"https:\/\/fuentesfidedignas.com.mx\/index.php\/2021\/09\/08\/no-sale-ni-en-rifa-el-avion-presidencial-todavia-representara-un-gasto-de-331-mdp-en-2022\/#primaryimage"},"thumbnailUrl":"https:\/\/fuentesfidedignas.com.mx\/wp-content\/uploads\/2021\/09\/Avion-presidencial-04-1536x864-1.jpg","keywords":["AMLO","Andr\u00e9s Manuel L\u00f3pez Obrador","Avi\u00f3n presidencial"],"articleSection":["NOTICIAS NACIONALES"],"inLanguage":"es","potentialAction":[{"@type":"CommentAction","name":"Comment","target":["https:\/\/fuentesfidedignas.com.mx\/index.php\/2021\/09\/08\/no-sale-ni-en-rifa-el-avion-presidencial-todavia-representara-un-gasto-de-331-mdp-en-2022\/#respond"]}]},{"@type":"WebPage","@id":"https:\/\/fuentesfidedignas.com.mx\/index.php\/2021\/09\/08\/no-sale-ni-en-rifa-el-avion-presidencial-todavia-representara-un-gasto-de-331-mdp-en-2022\/","url":"https:\/\/fuentesfidedignas.com.mx\/index.php\/2021\/09\/08\/no-sale-ni-en-rifa-el-avion-presidencial-todavia-representara-un-gasto-de-331-mdp-en-2022\/","name":"No sale ni en rifa: El avi\u00f3n presidencial (todav\u00eda) representar\u00e1 un gasto de 331 mdp en 2022 - Fuentes Fidedignas","isPartOf":{"@id":"https:\/\/fuentesfidedignas.com.mx\/#website"},"primaryImageOfPage":{"@id":"https:\/\/fuentesfidedignas.com.mx\/index.php\/2021\/09\/08\/no-sale-ni-en-rifa-el-avion-presidencial-todavia-representara-un-gasto-de-331-mdp-en-2022\/#primaryimage"},"image":{"@id":"https:\/\/fuentesfidedignas.com.mx\/index.php\/2021\/09\/08\/no-sale-ni-en-rifa-el-avion-presidencial-todavia-representara-un-gasto-de-331-mdp-en-2022\/#primaryimage"},"thumbnailUrl":"https:\/\/fuentesfidedignas.com.mx\/wp-content\/uploads\/2021\/09\/Avion-presidencial-04-1536x864-1.jpg","datePublished":"2021-09-09T00:09:49+00:00","dateModified":"2021-09-09T00:09:50+00:00","breadcrumb":{"@id":"https:\/\/fuentesfidedignas.com.mx\/index.php\/2021\/09\/08\/no-sale-ni-en-rifa-el-avion-presidencial-todavia-representara-un-gasto-de-331-mdp-en-2022\/#breadcrumb"},"inLanguage":"es","potentialAction":[{"@type":"ReadAction","target":["https:\/\/fuentesfidedignas.com.mx\/index.php\/2021\/09\/08\/no-sale-ni-en-rifa-el-avion-presidencial-todavia-representara-un-gasto-de-331-mdp-en-2022\/"]}]},{"@type":"ImageObject","inLanguage":"es","@id":"https:\/\/fuentesfidedignas.com.mx\/index.php\/2021\/09\/08\/no-sale-ni-en-rifa-el-avion-presidencial-todavia-representara-un-gasto-de-331-mdp-en-2022\/#primaryimage","url":"https:\/\/fuentesfidedignas.com.mx\/wp-content\/uploads\/2021\/09\/Avion-presidencial-04-1536x864-1.jpg","contentUrl":"https:\/\/fuentesfidedignas.com.mx\/wp-content\/uploads\/2021\/09\/Avion-presidencial-04-1536x864-1.jpg","width":1536,"height":864},{"@type":"BreadcrumbList","@id":"https:\/\/fuentesfidedignas.com.mx\/index.php\/2021\/09\/08\/no-sale-ni-en-rifa-el-avion-presidencial-todavia-representara-un-gasto-de-331-mdp-en-2022\/#breadcrumb","itemListElement":[{"@type":"ListItem","position":1,"name":"Inicio","item":"https:\/\/fuentesfidedignas.com.mx\/"},{"@type":"ListItem","position":2,"name":"No sale ni en rifa: El avi\u00f3n presidencial (todav\u00eda) representar\u00e1 un gasto de 331 mdp en 2022"}]},{"@type":"WebSite","@id":"https:\/\/fuentesfidedignas.com.mx\/#website","url":"https:\/\/fuentesfidedignas.com.mx\/","name":"Fuentes Fidedignas","description":"Otro sitio realizado con WordPress","publisher":{"@id":"https:\/\/fuentesfidedignas.com.mx\/#organization"},"potentialAction":[{"@type":"SearchAction","target":{"@type":"EntryPoint","urlTemplate":"https:\/\/fuentesfidedignas.com.mx\/?s={search_term_string}"},"query-input":{"@type":"PropertyValueSpecification","valueRequired":true,"valueName":"search_term_string"}}],"inLanguage":"es"},{"@type":"Organization","@id":"https:\/\/fuentesfidedignas.com.mx\/#organization","name":"Fuentes Fidedignas","url":"https:\/\/fuentesfidedignas.com.mx\/","logo":{"@type":"ImageObject","inLanguage":"es","@id":"https:\/\/fuentesfidedignas.com.mx\/#\/schema\/logo\/image\/","url":"https:\/\/fuentesfidedignas.com.mx\/wp-content\/uploads\/2021\/04\/logo-retina.png","contentUrl":"https:\/\/fuentesfidedignas.com.mx\/wp-content\/uploads\/2021\/04\/logo-retina.png","width":280,"height":51,"caption":"Fuentes Fidedignas"},"image":{"@id":"https:\/\/fuentesfidedignas.com.mx\/#\/schema\/logo\/image\/"},"sameAs":["https:\/\/www.facebook.com\/Fuentes-Fidedignas-368234489921644","https:\/\/x.com\/fidedignas"]},{"@type":"Person","@id":"https:\/\/fuentesfidedignas.com.mx\/#\/schema\/person\/5623d53fe2e579d825b1679734abcc44","name":"Forbes","image":{"@type":"ImageObject","inLanguage":"es","@id":"https:\/\/secure.gravatar.com\/avatar\/87ce3dd4e41e60c22a79c758614f01a6bc2469255fc936ec7b15efb9bb5cb66f?s=96&d=mm&r=g","url":"https:\/\/secure.gravatar.com\/avatar\/87ce3dd4e41e60c22a79c758614f01a6bc2469255fc936ec7b15efb9bb5cb66f?s=96&d=mm&r=g","contentUrl":"https:\/\/secure.gravatar.com\/avatar\/87ce3dd4e41e60c22a79c758614f01a6bc2469255fc936ec7b15efb9bb5cb66f?s=96&d=mm&r=g","caption":"Forbes"},"url":"https:\/\/fuentesfidedignas.com.mx\/index.php\/author\/forbes\/"}]}},"_links":{"self":[{"href":"https:\/\/fuentesfidedignas.com.mx\/index.php\/wp-json\/wp\/v2\/posts\/12078","targetHints":{"allow":["GET"]}}],"collection":[{"href":"https:\/\/fuentesfidedignas.com.mx\/index.php\/wp-json\/wp\/v2\/posts"}],"about":[{"href":"https:\/\/fuentesfidedignas.com.mx\/index.php\/wp-json\/wp\/v2\/types\/post"}],"author":[{"embeddable":true,"href":"https:\/\/fuentesfidedignas.com.mx\/index.php\/wp-json\/wp\/v2\/users\/5"}],"replies":[{"embeddable":true,"href":"https:\/\/fuentesfidedignas.com.mx\/index.php\/wp-json\/wp\/v2\/comments?post=12078"}],"version-history":[{"count":1,"href":"https:\/\/fuentesfidedignas.com.mx\/index.php\/wp-json\/wp\/v2\/posts\/12078\/revisions"}],"predecessor-version":[{"id":12080,"href":"https:\/\/fuentesfidedignas.com.mx\/index.php\/wp-json\/wp\/v2\/posts\/12078\/revisions\/12080"}],"wp:featuredmedia":[{"embeddable":true,"href":"https:\/\/fuentesfidedignas.com.mx\/index.php\/wp-json\/wp\/v2\/media\/12079"}],"wp:attachment":[{"href":"https:\/\/fuentesfidedignas.com.mx\/index.php\/wp-json\/wp\/v2\/media?parent=12078"}],"wp:term":[{"taxonomy":"category","embeddable":true,"href":"https:\/\/fuentesfidedignas.com.mx\/index.php\/wp-json\/wp\/v2\/categories?post=12078"},{"taxonomy":"post_tag","embeddable":true,"href":"https:\/\/fuentesfidedignas.com.mx\/index.php\/wp-json\/wp\/v2\/tags?post=12078"}],"curies":[{"name":"wp","href":"https:\/\/api.w.org\/{rel}","templated":true}]}}