{"id":120751,"date":"2025-11-03T10:44:49","date_gmt":"2025-11-03T17:44:49","guid":{"rendered":"https:\/\/fuentesfidedignas.com.mx\/?p=120751"},"modified":"2025-11-03T10:44:54","modified_gmt":"2025-11-03T17:44:54","slug":"promoveran-la-cultura-de-paz-y-los-derechos-humanos-la-cedh-y-el-cepoc-firman-convenio","status":"publish","type":"post","link":"https:\/\/fuentesfidedignas.com.mx\/index.php\/2025\/11\/03\/promoveran-la-cultura-de-paz-y-los-derechos-humanos-la-cedh-y-el-cepoc-firman-convenio\/","title":{"rendered":"Promover\u00e1n la cultura de paz y los derechos humanos, la CEDH y el CEPOC firman convenio"},"content":{"rendered":"\n<p><strong><em>La Comisi\u00f3n Estatal de los Derechos Humanos de Sinaloa y el Centro de Estudios de Pol\u00edtica Cultural (CEPOC), firmaron un convenio de colaboraci\u00f3n para impulsar proyectos de investigaci\u00f3n, formaci\u00f3n y divulgaci\u00f3n orientados a la promoci\u00f3n de los derechos humanos, la cultura de paz y la participaci\u00f3n ciudadana en Sinaloa.<\/em><\/strong><\/p>\n\n\n\n<p>Culiac\u00e1n, Sin.- La Comisi\u00f3n Estatal de los Derechos Humanos de Sinaloa (CEDH) el Centro de Estudios de Pol\u00edtica Cultural (CEPOC) firmaron un convenio de colaboraci\u00f3n con el prop\u00f3sito de conjuntar esfuerzos para impulsar acciones en materia de investigaci\u00f3n, formaci\u00f3n, divulgaci\u00f3n y an\u00e1lisis de pol\u00edticas culturales orientadas a la promoci\u00f3n y protecci\u00f3n de los derechos humanos de las y los sinaloenses.<\/p>\n\n\n\n<p>Durante la firma, el presidente de la CEDH, Profr. Oscar Loza Ochoa destac\u00f3 que este tipo de alianzas contribuyen a enriquecer el trabajo institucional desde la reflexi\u00f3n y el conocimiento especializado, destacando como un hecho hist\u00f3rico, la firma de este convenio.<\/p>\n\n\n\n<p>\u201cLa cultura tambi\u00e9n es un camino para la defensa y promoci\u00f3n de los derechos humanos; comprendernos como sociedad desde nuestra identidad y nuestras pr\u00e1cticas culturales nos acerca a una convivencia m\u00e1s justa y humana\u201d, expres\u00f3.<\/p>\n\n\n\n<p>Por su parte, el presidente del CEPOC, el Dr. Vladimir Cuitl\u00e1huac Ram\u00edrez Aldapa subray\u00f3 que el convenio abre una ruta de trabajo conjunto para la generaci\u00f3n de investigaciones, diagn\u00f3sticos y propuestas que fortalezcan el respeto a los derechos humanos desde una mirada cultural y social.<\/p>\n\n\n\n<p>Ambos coincidieron en la importancia de fortalecer los v\u00ednculos entre las instituciones p\u00fablicas y los espacios acad\u00e9micos para fomentar una cultura de paz y participaci\u00f3n ciudadana.<\/p>\n\n\n\n<p>Es importante se\u00f1alar que, entre las acciones que contempla el acuerdo se encuentran el desarrollo de proyectos de investigaci\u00f3n, talleres, conferencias, publicaciones y actividades acad\u00e9micas, as\u00ed como el uso de espacios institucionales para la realizaci\u00f3n de iniciativas orientadas a la formaci\u00f3n y sensibilizaci\u00f3n en materia de derechos&nbsp;humanos.<\/p>\n","protected":false},"excerpt":{"rendered":"<p>La Comisi\u00f3n Estatal de los Derechos Humanos de Sinaloa y el Centro de Estudios de Pol\u00edtica Cultural (CEPOC), firmaron un convenio de colaboraci\u00f3n para impulsar proyectos de investigaci\u00f3n, formaci\u00f3n y divulgaci\u00f3n orientados a la promoci\u00f3n de los derechos humanos, la cultura de paz y la participaci\u00f3n ciudadana en Sinaloa. Culiac\u00e1n, Sin.- La Comisi\u00f3n Estatal de [&hellip;]<\/p>\n","protected":false},"author":4,"featured_media":120752,"comment_status":"open","ping_status":"open","sticky":false,"template":"","format":"standard","meta":{"tdm_status":"","tdm_grid_status":"","footnotes":""},"categories":[37],"tags":[],"class_list":{"0":"post-120751","1":"post","2":"type-post","3":"status-publish","4":"format-standard","5":"has-post-thumbnail","7":"category-nota-principal"},"yoast_head":"<!-- This site is optimized with the Yoast SEO plugin v27.5 - https:\/\/yoast.com\/product\/yoast-seo-wordpress\/ -->\n<title>Promover\u00e1n la cultura de paz y los derechos humanos, la CEDH y el CEPOC firman convenio - Fuentes Fidedignas<\/title>\n<meta name=\"robots\" content=\"index, follow, max-snippet:-1, max-image-preview:large, max-video-preview:-1\" \/>\n<link rel=\"canonical\" href=\"https:\/\/fuentesfidedignas.com.mx\/index.php\/2025\/11\/03\/promoveran-la-cultura-de-paz-y-los-derechos-humanos-la-cedh-y-el-cepoc-firman-convenio\/\" \/>\n<meta property=\"og:locale\" content=\"es_MX\" \/>\n<meta property=\"og:type\" content=\"article\" \/>\n<meta property=\"og:title\" content=\"Promover\u00e1n la cultura de paz y los derechos humanos, la CEDH y el CEPOC firman convenio - Fuentes Fidedignas\" \/>\n<meta property=\"og:description\" content=\"La Comisi\u00f3n Estatal de los Derechos Humanos de Sinaloa y el Centro de Estudios de Pol\u00edtica Cultural (CEPOC), firmaron un convenio de colaboraci\u00f3n para impulsar proyectos de investigaci\u00f3n, formaci\u00f3n y divulgaci\u00f3n orientados a la promoci\u00f3n de los derechos humanos, la cultura de paz y la participaci\u00f3n ciudadana en Sinaloa. Culiac\u00e1n, Sin.- La Comisi\u00f3n Estatal de [&hellip;]\" \/>\n<meta property=\"og:url\" content=\"https:\/\/fuentesfidedignas.com.mx\/index.php\/2025\/11\/03\/promoveran-la-cultura-de-paz-y-los-derechos-humanos-la-cedh-y-el-cepoc-firman-convenio\/\" \/>\n<meta property=\"og:site_name\" content=\"Fuentes Fidedignas\" \/>\n<meta property=\"article:publisher\" content=\"https:\/\/www.facebook.com\/Fuentes-Fidedignas-368234489921644\" \/>\n<meta property=\"article:published_time\" content=\"2025-11-03T17:44:49+00:00\" \/>\n<meta property=\"article:modified_time\" content=\"2025-11-03T17:44:54+00:00\" \/>\n<meta property=\"og:image\" content=\"https:\/\/fuentesfidedignas.com.mx\/wp-content\/uploads\/2025\/11\/WhatsApp-Image-2025-11-03-at-10.35.39-AM.jpeg\" \/>\n\t<meta property=\"og:image:width\" content=\"500\" \/>\n\t<meta property=\"og:image:height\" content=\"333\" \/>\n\t<meta property=\"og:image:type\" content=\"image\/jpeg\" \/>\n<meta name=\"author\" content=\"Redacci\u00f3n\" \/>\n<meta name=\"twitter:card\" content=\"summary_large_image\" \/>\n<meta name=\"twitter:creator\" content=\"@fidedignas\" \/>\n<meta name=\"twitter:site\" content=\"@fidedignas\" \/>\n<meta name=\"twitter:label1\" content=\"Escrito por\" \/>\n\t<meta name=\"twitter:data1\" content=\"Redacci\u00f3n\" \/>\n\t<meta name=\"twitter:label2\" content=\"Tiempo de lectura\" \/>\n\t<meta name=\"twitter:data2\" content=\"2 minutos\" \/>\n<script type=\"application\/ld+json\" class=\"yoast-schema-graph\">{\"@context\":\"https:\\\/\\\/schema.org\",\"@graph\":[{\"@type\":\"Article\",\"@id\":\"https:\\\/\\\/fuentesfidedignas.com.mx\\\/index.php\\\/2025\\\/11\\\/03\\\/promoveran-la-cultura-de-paz-y-los-derechos-humanos-la-cedh-y-el-cepoc-firman-convenio\\\/#article\",\"isPartOf\":{\"@id\":\"https:\\\/\\\/fuentesfidedignas.com.mx\\\/index.php\\\/2025\\\/11\\\/03\\\/promoveran-la-cultura-de-paz-y-los-derechos-humanos-la-cedh-y-el-cepoc-firman-convenio\\\/\"},\"author\":{\"name\":\"Redacci\u00f3n\",\"@id\":\"https:\\\/\\\/fuentesfidedignas.com.mx\\\/#\\\/schema\\\/person\\\/331be9283d37198e2acd5750279085b0\"},\"headline\":\"Promover\u00e1n la cultura de paz y los derechos humanos, la CEDH y el CEPOC firman convenio\",\"datePublished\":\"2025-11-03T17:44:49+00:00\",\"dateModified\":\"2025-11-03T17:44:54+00:00\",\"mainEntityOfPage\":{\"@id\":\"https:\\\/\\\/fuentesfidedignas.com.mx\\\/index.php\\\/2025\\\/11\\\/03\\\/promoveran-la-cultura-de-paz-y-los-derechos-humanos-la-cedh-y-el-cepoc-firman-convenio\\\/\"},\"wordCount\":363,\"commentCount\":0,\"publisher\":{\"@id\":\"https:\\\/\\\/fuentesfidedignas.com.mx\\\/#organization\"},\"image\":{\"@id\":\"https:\\\/\\\/fuentesfidedignas.com.mx\\\/index.php\\\/2025\\\/11\\\/03\\\/promoveran-la-cultura-de-paz-y-los-derechos-humanos-la-cedh-y-el-cepoc-firman-convenio\\\/#primaryimage\"},\"thumbnailUrl\":\"https:\\\/\\\/fuentesfidedignas.com.mx\\\/wp-content\\\/uploads\\\/2025\\\/11\\\/WhatsApp-Image-2025-11-03-at-10.35.39-AM.jpeg\",\"articleSection\":[\"NOTA PRINCIPAL\"],\"inLanguage\":\"es\",\"potentialAction\":[{\"@type\":\"CommentAction\",\"name\":\"Comment\",\"target\":[\"https:\\\/\\\/fuentesfidedignas.com.mx\\\/index.php\\\/2025\\\/11\\\/03\\\/promoveran-la-cultura-de-paz-y-los-derechos-humanos-la-cedh-y-el-cepoc-firman-convenio\\\/#respond\"]}]},{\"@type\":\"WebPage\",\"@id\":\"https:\\\/\\\/fuentesfidedignas.com.mx\\\/index.php\\\/2025\\\/11\\\/03\\\/promoveran-la-cultura-de-paz-y-los-derechos-humanos-la-cedh-y-el-cepoc-firman-convenio\\\/\",\"url\":\"https:\\\/\\\/fuentesfidedignas.com.mx\\\/index.php\\\/2025\\\/11\\\/03\\\/promoveran-la-cultura-de-paz-y-los-derechos-humanos-la-cedh-y-el-cepoc-firman-convenio\\\/\",\"name\":\"Promover\u00e1n la cultura de paz y los derechos humanos, la CEDH y el CEPOC firman convenio - Fuentes Fidedignas\",\"isPartOf\":{\"@id\":\"https:\\\/\\\/fuentesfidedignas.com.mx\\\/#website\"},\"primaryImageOfPage\":{\"@id\":\"https:\\\/\\\/fuentesfidedignas.com.mx\\\/index.php\\\/2025\\\/11\\\/03\\\/promoveran-la-cultura-de-paz-y-los-derechos-humanos-la-cedh-y-el-cepoc-firman-convenio\\\/#primaryimage\"},\"image\":{\"@id\":\"https:\\\/\\\/fuentesfidedignas.com.mx\\\/index.php\\\/2025\\\/11\\\/03\\\/promoveran-la-cultura-de-paz-y-los-derechos-humanos-la-cedh-y-el-cepoc-firman-convenio\\\/#primaryimage\"},\"thumbnailUrl\":\"https:\\\/\\\/fuentesfidedignas.com.mx\\\/wp-content\\\/uploads\\\/2025\\\/11\\\/WhatsApp-Image-2025-11-03-at-10.35.39-AM.jpeg\",\"datePublished\":\"2025-11-03T17:44:49+00:00\",\"dateModified\":\"2025-11-03T17:44:54+00:00\",\"breadcrumb\":{\"@id\":\"https:\\\/\\\/fuentesfidedignas.com.mx\\\/index.php\\\/2025\\\/11\\\/03\\\/promoveran-la-cultura-de-paz-y-los-derechos-humanos-la-cedh-y-el-cepoc-firman-convenio\\\/#breadcrumb\"},\"inLanguage\":\"es\",\"potentialAction\":[{\"@type\":\"ReadAction\",\"target\":[\"https:\\\/\\\/fuentesfidedignas.com.mx\\\/index.php\\\/2025\\\/11\\\/03\\\/promoveran-la-cultura-de-paz-y-los-derechos-humanos-la-cedh-y-el-cepoc-firman-convenio\\\/\"]}]},{\"@type\":\"ImageObject\",\"inLanguage\":\"es\",\"@id\":\"https:\\\/\\\/fuentesfidedignas.com.mx\\\/index.php\\\/2025\\\/11\\\/03\\\/promoveran-la-cultura-de-paz-y-los-derechos-humanos-la-cedh-y-el-cepoc-firman-convenio\\\/#primaryimage\",\"url\":\"https:\\\/\\\/fuentesfidedignas.com.mx\\\/wp-content\\\/uploads\\\/2025\\\/11\\\/WhatsApp-Image-2025-11-03-at-10.35.39-AM.jpeg\",\"contentUrl\":\"https:\\\/\\\/fuentesfidedignas.com.mx\\\/wp-content\\\/uploads\\\/2025\\\/11\\\/WhatsApp-Image-2025-11-03-at-10.35.39-AM.jpeg\",\"width\":500,\"height\":333},{\"@type\":\"BreadcrumbList\",\"@id\":\"https:\\\/\\\/fuentesfidedignas.com.mx\\\/index.php\\\/2025\\\/11\\\/03\\\/promoveran-la-cultura-de-paz-y-los-derechos-humanos-la-cedh-y-el-cepoc-firman-convenio\\\/#breadcrumb\",\"itemListElement\":[{\"@type\":\"ListItem\",\"position\":1,\"name\":\"Inicio\",\"item\":\"https:\\\/\\\/fuentesfidedignas.com.mx\\\/\"},{\"@type\":\"ListItem\",\"position\":2,\"name\":\"Promover\u00e1n la cultura de paz y los derechos humanos, la CEDH y el CEPOC firman convenio\"}]},{\"@type\":\"WebSite\",\"@id\":\"https:\\\/\\\/fuentesfidedignas.com.mx\\\/#website\",\"url\":\"https:\\\/\\\/fuentesfidedignas.com.mx\\\/\",\"name\":\"Fuentes Fidedignas\",\"description\":\"Otro sitio realizado con WordPress\",\"publisher\":{\"@id\":\"https:\\\/\\\/fuentesfidedignas.com.mx\\\/#organization\"},\"potentialAction\":[{\"@type\":\"SearchAction\",\"target\":{\"@type\":\"EntryPoint\",\"urlTemplate\":\"https:\\\/\\\/fuentesfidedignas.com.mx\\\/?s={search_term_string}\"},\"query-input\":{\"@type\":\"PropertyValueSpecification\",\"valueRequired\":true,\"valueName\":\"search_term_string\"}}],\"inLanguage\":\"es\"},{\"@type\":\"Organization\",\"@id\":\"https:\\\/\\\/fuentesfidedignas.com.mx\\\/#organization\",\"name\":\"Fuentes Fidedignas\",\"url\":\"https:\\\/\\\/fuentesfidedignas.com.mx\\\/\",\"logo\":{\"@type\":\"ImageObject\",\"inLanguage\":\"es\",\"@id\":\"https:\\\/\\\/fuentesfidedignas.com.mx\\\/#\\\/schema\\\/logo\\\/image\\\/\",\"url\":\"https:\\\/\\\/fuentesfidedignas.com.mx\\\/wp-content\\\/uploads\\\/2021\\\/04\\\/logo-retina.png\",\"contentUrl\":\"https:\\\/\\\/fuentesfidedignas.com.mx\\\/wp-content\\\/uploads\\\/2021\\\/04\\\/logo-retina.png\",\"width\":280,\"height\":51,\"caption\":\"Fuentes Fidedignas\"},\"image\":{\"@id\":\"https:\\\/\\\/fuentesfidedignas.com.mx\\\/#\\\/schema\\\/logo\\\/image\\\/\"},\"sameAs\":[\"https:\\\/\\\/www.facebook.com\\\/Fuentes-Fidedignas-368234489921644\",\"https:\\\/\\\/x.com\\\/fidedignas\"]},{\"@type\":\"Person\",\"@id\":\"https:\\\/\\\/fuentesfidedignas.com.mx\\\/#\\\/schema\\\/person\\\/331be9283d37198e2acd5750279085b0\",\"name\":\"Redacci\u00f3n\",\"image\":{\"@type\":\"ImageObject\",\"inLanguage\":\"es\",\"@id\":\"https:\\\/\\\/secure.gravatar.com\\\/avatar\\\/f6d8782c11d12b2d4ad3fbb6931aeab5309937a4d6cd2fc9cfaa28a6396a5aec?s=96&d=mm&r=g\",\"url\":\"https:\\\/\\\/secure.gravatar.com\\\/avatar\\\/f6d8782c11d12b2d4ad3fbb6931aeab5309937a4d6cd2fc9cfaa28a6396a5aec?s=96&d=mm&r=g\",\"contentUrl\":\"https:\\\/\\\/secure.gravatar.com\\\/avatar\\\/f6d8782c11d12b2d4ad3fbb6931aeab5309937a4d6cd2fc9cfaa28a6396a5aec?s=96&d=mm&r=g\",\"caption\":\"Redacci\u00f3n\"},\"url\":\"https:\\\/\\\/fuentesfidedignas.com.mx\\\/index.php\\\/author\\\/redaccion\\\/\"}]}<\/script>\n<!-- \/ Yoast SEO plugin. -->","yoast_head_json":{"title":"Promover\u00e1n la cultura de paz y los derechos humanos, la CEDH y el CEPOC firman convenio - Fuentes Fidedignas","robots":{"index":"index","follow":"follow","max-snippet":"max-snippet:-1","max-image-preview":"max-image-preview:large","max-video-preview":"max-video-preview:-1"},"canonical":"https:\/\/fuentesfidedignas.com.mx\/index.php\/2025\/11\/03\/promoveran-la-cultura-de-paz-y-los-derechos-humanos-la-cedh-y-el-cepoc-firman-convenio\/","og_locale":"es_MX","og_type":"article","og_title":"Promover\u00e1n la cultura de paz y los derechos humanos, la CEDH y el CEPOC firman convenio - Fuentes Fidedignas","og_description":"La Comisi\u00f3n Estatal de los Derechos Humanos de Sinaloa y el Centro de Estudios de Pol\u00edtica Cultural (CEPOC), firmaron un convenio de colaboraci\u00f3n para impulsar proyectos de investigaci\u00f3n, formaci\u00f3n y divulgaci\u00f3n orientados a la promoci\u00f3n de los derechos humanos, la cultura de paz y la participaci\u00f3n ciudadana en Sinaloa. Culiac\u00e1n, Sin.- La Comisi\u00f3n Estatal de [&hellip;]","og_url":"https:\/\/fuentesfidedignas.com.mx\/index.php\/2025\/11\/03\/promoveran-la-cultura-de-paz-y-los-derechos-humanos-la-cedh-y-el-cepoc-firman-convenio\/","og_site_name":"Fuentes Fidedignas","article_publisher":"https:\/\/www.facebook.com\/Fuentes-Fidedignas-368234489921644","article_published_time":"2025-11-03T17:44:49+00:00","article_modified_time":"2025-11-03T17:44:54+00:00","og_image":[{"width":500,"height":333,"url":"https:\/\/fuentesfidedignas.com.mx\/wp-content\/uploads\/2025\/11\/WhatsApp-Image-2025-11-03-at-10.35.39-AM.jpeg","type":"image\/jpeg"}],"author":"Redacci\u00f3n","twitter_card":"summary_large_image","twitter_creator":"@fidedignas","twitter_site":"@fidedignas","twitter_misc":{"Escrito por":"Redacci\u00f3n","Tiempo de lectura":"2 minutos"},"schema":{"@context":"https:\/\/schema.org","@graph":[{"@type":"Article","@id":"https:\/\/fuentesfidedignas.com.mx\/index.php\/2025\/11\/03\/promoveran-la-cultura-de-paz-y-los-derechos-humanos-la-cedh-y-el-cepoc-firman-convenio\/#article","isPartOf":{"@id":"https:\/\/fuentesfidedignas.com.mx\/index.php\/2025\/11\/03\/promoveran-la-cultura-de-paz-y-los-derechos-humanos-la-cedh-y-el-cepoc-firman-convenio\/"},"author":{"name":"Redacci\u00f3n","@id":"https:\/\/fuentesfidedignas.com.mx\/#\/schema\/person\/331be9283d37198e2acd5750279085b0"},"headline":"Promover\u00e1n la cultura de paz y los derechos humanos, la CEDH y el CEPOC firman convenio","datePublished":"2025-11-03T17:44:49+00:00","dateModified":"2025-11-03T17:44:54+00:00","mainEntityOfPage":{"@id":"https:\/\/fuentesfidedignas.com.mx\/index.php\/2025\/11\/03\/promoveran-la-cultura-de-paz-y-los-derechos-humanos-la-cedh-y-el-cepoc-firman-convenio\/"},"wordCount":363,"commentCount":0,"publisher":{"@id":"https:\/\/fuentesfidedignas.com.mx\/#organization"},"image":{"@id":"https:\/\/fuentesfidedignas.com.mx\/index.php\/2025\/11\/03\/promoveran-la-cultura-de-paz-y-los-derechos-humanos-la-cedh-y-el-cepoc-firman-convenio\/#primaryimage"},"thumbnailUrl":"https:\/\/fuentesfidedignas.com.mx\/wp-content\/uploads\/2025\/11\/WhatsApp-Image-2025-11-03-at-10.35.39-AM.jpeg","articleSection":["NOTA PRINCIPAL"],"inLanguage":"es","potentialAction":[{"@type":"CommentAction","name":"Comment","target":["https:\/\/fuentesfidedignas.com.mx\/index.php\/2025\/11\/03\/promoveran-la-cultura-de-paz-y-los-derechos-humanos-la-cedh-y-el-cepoc-firman-convenio\/#respond"]}]},{"@type":"WebPage","@id":"https:\/\/fuentesfidedignas.com.mx\/index.php\/2025\/11\/03\/promoveran-la-cultura-de-paz-y-los-derechos-humanos-la-cedh-y-el-cepoc-firman-convenio\/","url":"https:\/\/fuentesfidedignas.com.mx\/index.php\/2025\/11\/03\/promoveran-la-cultura-de-paz-y-los-derechos-humanos-la-cedh-y-el-cepoc-firman-convenio\/","name":"Promover\u00e1n la cultura de paz y los derechos humanos, la CEDH y el CEPOC firman convenio - Fuentes Fidedignas","isPartOf":{"@id":"https:\/\/fuentesfidedignas.com.mx\/#website"},"primaryImageOfPage":{"@id":"https:\/\/fuentesfidedignas.com.mx\/index.php\/2025\/11\/03\/promoveran-la-cultura-de-paz-y-los-derechos-humanos-la-cedh-y-el-cepoc-firman-convenio\/#primaryimage"},"image":{"@id":"https:\/\/fuentesfidedignas.com.mx\/index.php\/2025\/11\/03\/promoveran-la-cultura-de-paz-y-los-derechos-humanos-la-cedh-y-el-cepoc-firman-convenio\/#primaryimage"},"thumbnailUrl":"https:\/\/fuentesfidedignas.com.mx\/wp-content\/uploads\/2025\/11\/WhatsApp-Image-2025-11-03-at-10.35.39-AM.jpeg","datePublished":"2025-11-03T17:44:49+00:00","dateModified":"2025-11-03T17:44:54+00:00","breadcrumb":{"@id":"https:\/\/fuentesfidedignas.com.mx\/index.php\/2025\/11\/03\/promoveran-la-cultura-de-paz-y-los-derechos-humanos-la-cedh-y-el-cepoc-firman-convenio\/#breadcrumb"},"inLanguage":"es","potentialAction":[{"@type":"ReadAction","target":["https:\/\/fuentesfidedignas.com.mx\/index.php\/2025\/11\/03\/promoveran-la-cultura-de-paz-y-los-derechos-humanos-la-cedh-y-el-cepoc-firman-convenio\/"]}]},{"@type":"ImageObject","inLanguage":"es","@id":"https:\/\/fuentesfidedignas.com.mx\/index.php\/2025\/11\/03\/promoveran-la-cultura-de-paz-y-los-derechos-humanos-la-cedh-y-el-cepoc-firman-convenio\/#primaryimage","url":"https:\/\/fuentesfidedignas.com.mx\/wp-content\/uploads\/2025\/11\/WhatsApp-Image-2025-11-03-at-10.35.39-AM.jpeg","contentUrl":"https:\/\/fuentesfidedignas.com.mx\/wp-content\/uploads\/2025\/11\/WhatsApp-Image-2025-11-03-at-10.35.39-AM.jpeg","width":500,"height":333},{"@type":"BreadcrumbList","@id":"https:\/\/fuentesfidedignas.com.mx\/index.php\/2025\/11\/03\/promoveran-la-cultura-de-paz-y-los-derechos-humanos-la-cedh-y-el-cepoc-firman-convenio\/#breadcrumb","itemListElement":[{"@type":"ListItem","position":1,"name":"Inicio","item":"https:\/\/fuentesfidedignas.com.mx\/"},{"@type":"ListItem","position":2,"name":"Promover\u00e1n la cultura de paz y los derechos humanos, la CEDH y el CEPOC firman convenio"}]},{"@type":"WebSite","@id":"https:\/\/fuentesfidedignas.com.mx\/#website","url":"https:\/\/fuentesfidedignas.com.mx\/","name":"Fuentes Fidedignas","description":"Otro sitio realizado con WordPress","publisher":{"@id":"https:\/\/fuentesfidedignas.com.mx\/#organization"},"potentialAction":[{"@type":"SearchAction","target":{"@type":"EntryPoint","urlTemplate":"https:\/\/fuentesfidedignas.com.mx\/?s={search_term_string}"},"query-input":{"@type":"PropertyValueSpecification","valueRequired":true,"valueName":"search_term_string"}}],"inLanguage":"es"},{"@type":"Organization","@id":"https:\/\/fuentesfidedignas.com.mx\/#organization","name":"Fuentes Fidedignas","url":"https:\/\/fuentesfidedignas.com.mx\/","logo":{"@type":"ImageObject","inLanguage":"es","@id":"https:\/\/fuentesfidedignas.com.mx\/#\/schema\/logo\/image\/","url":"https:\/\/fuentesfidedignas.com.mx\/wp-content\/uploads\/2021\/04\/logo-retina.png","contentUrl":"https:\/\/fuentesfidedignas.com.mx\/wp-content\/uploads\/2021\/04\/logo-retina.png","width":280,"height":51,"caption":"Fuentes Fidedignas"},"image":{"@id":"https:\/\/fuentesfidedignas.com.mx\/#\/schema\/logo\/image\/"},"sameAs":["https:\/\/www.facebook.com\/Fuentes-Fidedignas-368234489921644","https:\/\/x.com\/fidedignas"]},{"@type":"Person","@id":"https:\/\/fuentesfidedignas.com.mx\/#\/schema\/person\/331be9283d37198e2acd5750279085b0","name":"Redacci\u00f3n","image":{"@type":"ImageObject","inLanguage":"es","@id":"https:\/\/secure.gravatar.com\/avatar\/f6d8782c11d12b2d4ad3fbb6931aeab5309937a4d6cd2fc9cfaa28a6396a5aec?s=96&d=mm&r=g","url":"https:\/\/secure.gravatar.com\/avatar\/f6d8782c11d12b2d4ad3fbb6931aeab5309937a4d6cd2fc9cfaa28a6396a5aec?s=96&d=mm&r=g","contentUrl":"https:\/\/secure.gravatar.com\/avatar\/f6d8782c11d12b2d4ad3fbb6931aeab5309937a4d6cd2fc9cfaa28a6396a5aec?s=96&d=mm&r=g","caption":"Redacci\u00f3n"},"url":"https:\/\/fuentesfidedignas.com.mx\/index.php\/author\/redaccion\/"}]}},"_links":{"self":[{"href":"https:\/\/fuentesfidedignas.com.mx\/index.php\/wp-json\/wp\/v2\/posts\/120751","targetHints":{"allow":["GET"]}}],"collection":[{"href":"https:\/\/fuentesfidedignas.com.mx\/index.php\/wp-json\/wp\/v2\/posts"}],"about":[{"href":"https:\/\/fuentesfidedignas.com.mx\/index.php\/wp-json\/wp\/v2\/types\/post"}],"author":[{"embeddable":true,"href":"https:\/\/fuentesfidedignas.com.mx\/index.php\/wp-json\/wp\/v2\/users\/4"}],"replies":[{"embeddable":true,"href":"https:\/\/fuentesfidedignas.com.mx\/index.php\/wp-json\/wp\/v2\/comments?post=120751"}],"version-history":[{"count":1,"href":"https:\/\/fuentesfidedignas.com.mx\/index.php\/wp-json\/wp\/v2\/posts\/120751\/revisions"}],"predecessor-version":[{"id":120753,"href":"https:\/\/fuentesfidedignas.com.mx\/index.php\/wp-json\/wp\/v2\/posts\/120751\/revisions\/120753"}],"wp:featuredmedia":[{"embeddable":true,"href":"https:\/\/fuentesfidedignas.com.mx\/index.php\/wp-json\/wp\/v2\/media\/120752"}],"wp:attachment":[{"href":"https:\/\/fuentesfidedignas.com.mx\/index.php\/wp-json\/wp\/v2\/media?parent=120751"}],"wp:term":[{"taxonomy":"category","embeddable":true,"href":"https:\/\/fuentesfidedignas.com.mx\/index.php\/wp-json\/wp\/v2\/categories?post=120751"},{"taxonomy":"post_tag","embeddable":true,"href":"https:\/\/fuentesfidedignas.com.mx\/index.php\/wp-json\/wp\/v2\/tags?post=120751"}],"curies":[{"name":"wp","href":"https:\/\/api.w.org\/{rel}","templated":true}]}}