{"id":120529,"date":"2025-10-30T11:55:35","date_gmt":"2025-10-30T18:55:35","guid":{"rendered":"https:\/\/fuentesfidedignas.com.mx\/?p=120529"},"modified":"2025-10-30T15:07:39","modified_gmt":"2025-10-30T22:07:39","slug":"marina-rescata-a-28-menores-presuntamente-secuestrados-en-embarcacion-en-altamar","status":"publish","type":"post","link":"https:\/\/fuentesfidedignas.com.mx\/index.php\/2025\/10\/30\/marina-rescata-a-28-menores-presuntamente-secuestrados-en-embarcacion-en-altamar\/","title":{"rendered":"Marina rescata a 27 menores en embarcaci\u00f3n frente a las costas de Sinaloa"},"content":{"rendered":"\n<p><strong><em>Seg\u00fan las autoridades, los adolescentes fueron trasladados v\u00eda mar\u00edtima como pasajeros hasta el puerto de Topolobampo, en el municipio Ahome, para ser devueltos a sus familias en Chiapas.<\/em><\/strong><\/p>\n\n\n\n<p>Elementos de la Secretar\u00eda de Marina rescataron a 28 j\u00f3venes, 27 menores de edad de entre 14 y 17 a\u00f1os, y uno de 18 a\u00f1os, que se encontraban a bordo de una embarcaci\u00f3n en alta mar frente a la costa de Sinaloa, inform\u00f3 la Fiscal\u00eda General del Estado.<\/p>\n\n\n\n<p>Aunque las primeras informaciones apuntaron a que se hab\u00eda realizado un rescate y que presuntamente los j\u00f3venes estaban siendo secuestrados, Protecci\u00f3n Civil del estado descartaron que se tratara de una actividad relacionada con el tr\u00e1fico de personas.<\/p>\n\n\n\n<p>Seg\u00fan reportan medios locales, \u00c1ngel Daniel Corrales L\u00f3pez, encargado de Protecci\u00f3n Civil, afirm\u00f3 que los j\u00f3venes son jornaleros agr\u00edcolas que regresaban a Chiapas despu\u00e9s de que, durante una revisi\u00f3n en el lugar de trabajo, en Baja California, no se pudiera acreditar que contaban con la autorizaci\u00f3n de sus padres o tutores legales para trabajar.<\/p>\n\n\n\n<p>\u201cNo se trata de un rescate ni de un secuestro. Los menores ven\u00edan en tr\u00e1nsito, en un operativo coordinado por las autoridades, \u00fanicamente porque no se comprob\u00f3 que contaran con el consentimiento de sus padres para trabajar\u201d, se\u00f1al\u00f3.<\/p>\n\n\n\n<p>Seg\u00fan las autoridades, los adolescentes estaban siendo trasladados v\u00eda mar\u00edtima como pasajeros hasta el puerto de Topolobampo, en el municipio Ahome, para ser devueltos a sus familias en Chiapas.<\/p>\n\n\n\n<p>Mientras tanto, la Fiscal\u00eda actualiz\u00f3 que \u201clas personas quedaron bajo resguardo de la Vicefiscal\u00eda Regional de la Zona Norte (\u2026) a fin de brindarles atenci\u00f3n y protecci\u00f3n integral\u201d.<\/p>\n\n\n\n<p>Adem\u00e1s, el ministerio p\u00fablico se\u00f1al\u00f3 que \u201cno se reportaron personas detenidas relacionadas con este hecho\u201d.<\/p>\n","protected":false},"excerpt":{"rendered":"<p>Seg\u00fan las autoridades, los adolescentes fueron trasladados v\u00eda mar\u00edtima como pasajeros hasta el puerto de Topolobampo, en el municipio Ahome, para ser devueltos a sus familias en Chiapas. Elementos de la Secretar\u00eda de Marina rescataron a 28 j\u00f3venes, 27 menores de edad de entre 14 y 17 a\u00f1os, y uno de 18 a\u00f1os, que se [&hellip;]<\/p>\n","protected":false},"author":22,"featured_media":120530,"comment_status":"open","ping_status":"open","sticky":false,"template":"","format":"standard","meta":{"tdm_status":"","tdm_grid_status":"","footnotes":""},"categories":[37],"tags":[],"class_list":{"0":"post-120529","1":"post","2":"type-post","3":"status-publish","4":"format-standard","5":"has-post-thumbnail","7":"category-nota-principal"},"yoast_head":"<!-- This site is optimized with the Yoast SEO plugin v27.5 - https:\/\/yoast.com\/product\/yoast-seo-wordpress\/ -->\n<title>Marina rescata a 27 menores en embarcaci\u00f3n frente a las costas de Sinaloa - Fuentes Fidedignas<\/title>\n<meta name=\"robots\" content=\"index, follow, max-snippet:-1, max-image-preview:large, max-video-preview:-1\" \/>\n<link rel=\"canonical\" href=\"https:\/\/fuentesfidedignas.com.mx\/index.php\/2025\/10\/30\/marina-rescata-a-28-menores-presuntamente-secuestrados-en-embarcacion-en-altamar\/\" \/>\n<meta property=\"og:locale\" content=\"es_MX\" \/>\n<meta property=\"og:type\" content=\"article\" \/>\n<meta property=\"og:title\" content=\"Marina rescata a 27 menores en embarcaci\u00f3n frente a las costas de Sinaloa - Fuentes Fidedignas\" \/>\n<meta property=\"og:description\" content=\"Seg\u00fan las autoridades, los adolescentes fueron trasladados v\u00eda mar\u00edtima como pasajeros hasta el puerto de Topolobampo, en el municipio Ahome, para ser devueltos a sus familias en Chiapas. Elementos de la Secretar\u00eda de Marina rescataron a 28 j\u00f3venes, 27 menores de edad de entre 14 y 17 a\u00f1os, y uno de 18 a\u00f1os, que se [&hellip;]\" \/>\n<meta property=\"og:url\" content=\"https:\/\/fuentesfidedignas.com.mx\/index.php\/2025\/10\/30\/marina-rescata-a-28-menores-presuntamente-secuestrados-en-embarcacion-en-altamar\/\" \/>\n<meta property=\"og:site_name\" content=\"Fuentes Fidedignas\" \/>\n<meta property=\"article:publisher\" content=\"https:\/\/www.facebook.com\/Fuentes-Fidedignas-368234489921644\" \/>\n<meta property=\"article:published_time\" content=\"2025-10-30T18:55:35+00:00\" \/>\n<meta property=\"article:modified_time\" content=\"2025-10-30T22:07:39+00:00\" \/>\n<meta property=\"og:image\" content=\"https:\/\/fuentesfidedignas.com.mx\/wp-content\/uploads\/2025\/10\/embarcacion_marina.jpg\" \/>\n\t<meta property=\"og:image:width\" content=\"500\" \/>\n\t<meta property=\"og:image:height\" content=\"300\" \/>\n\t<meta property=\"og:image:type\" content=\"image\/jpeg\" \/>\n<meta name=\"author\" content=\"EFE\" \/>\n<meta name=\"twitter:card\" content=\"summary_large_image\" \/>\n<meta name=\"twitter:creator\" content=\"@fidedignas\" \/>\n<meta name=\"twitter:site\" content=\"@fidedignas\" \/>\n<meta name=\"twitter:label1\" content=\"Escrito por\" \/>\n\t<meta name=\"twitter:data1\" content=\"EFE\" \/>\n\t<meta name=\"twitter:label2\" content=\"Tiempo de lectura\" \/>\n\t<meta name=\"twitter:data2\" content=\"2 minutos\" \/>\n<script type=\"application\/ld+json\" class=\"yoast-schema-graph\">{\"@context\":\"https:\\\/\\\/schema.org\",\"@graph\":[{\"@type\":\"Article\",\"@id\":\"https:\\\/\\\/fuentesfidedignas.com.mx\\\/index.php\\\/2025\\\/10\\\/30\\\/marina-rescata-a-28-menores-presuntamente-secuestrados-en-embarcacion-en-altamar\\\/#article\",\"isPartOf\":{\"@id\":\"https:\\\/\\\/fuentesfidedignas.com.mx\\\/index.php\\\/2025\\\/10\\\/30\\\/marina-rescata-a-28-menores-presuntamente-secuestrados-en-embarcacion-en-altamar\\\/\"},\"author\":{\"name\":\"EFE\",\"@id\":\"https:\\\/\\\/fuentesfidedignas.com.mx\\\/#\\\/schema\\\/person\\\/0d44615087b5a626d5d3f13afe31ac41\"},\"headline\":\"Marina rescata a 27 menores en embarcaci\u00f3n frente a las costas de Sinaloa\",\"datePublished\":\"2025-10-30T18:55:35+00:00\",\"dateModified\":\"2025-10-30T22:07:39+00:00\",\"mainEntityOfPage\":{\"@id\":\"https:\\\/\\\/fuentesfidedignas.com.mx\\\/index.php\\\/2025\\\/10\\\/30\\\/marina-rescata-a-28-menores-presuntamente-secuestrados-en-embarcacion-en-altamar\\\/\"},\"wordCount\":318,\"commentCount\":0,\"publisher\":{\"@id\":\"https:\\\/\\\/fuentesfidedignas.com.mx\\\/#organization\"},\"image\":{\"@id\":\"https:\\\/\\\/fuentesfidedignas.com.mx\\\/index.php\\\/2025\\\/10\\\/30\\\/marina-rescata-a-28-menores-presuntamente-secuestrados-en-embarcacion-en-altamar\\\/#primaryimage\"},\"thumbnailUrl\":\"https:\\\/\\\/fuentesfidedignas.com.mx\\\/wp-content\\\/uploads\\\/2025\\\/10\\\/embarcacion_marina.jpg\",\"articleSection\":[\"NOTA PRINCIPAL\"],\"inLanguage\":\"es\",\"potentialAction\":[{\"@type\":\"CommentAction\",\"name\":\"Comment\",\"target\":[\"https:\\\/\\\/fuentesfidedignas.com.mx\\\/index.php\\\/2025\\\/10\\\/30\\\/marina-rescata-a-28-menores-presuntamente-secuestrados-en-embarcacion-en-altamar\\\/#respond\"]}]},{\"@type\":\"WebPage\",\"@id\":\"https:\\\/\\\/fuentesfidedignas.com.mx\\\/index.php\\\/2025\\\/10\\\/30\\\/marina-rescata-a-28-menores-presuntamente-secuestrados-en-embarcacion-en-altamar\\\/\",\"url\":\"https:\\\/\\\/fuentesfidedignas.com.mx\\\/index.php\\\/2025\\\/10\\\/30\\\/marina-rescata-a-28-menores-presuntamente-secuestrados-en-embarcacion-en-altamar\\\/\",\"name\":\"Marina rescata a 27 menores en embarcaci\u00f3n frente a las costas de Sinaloa - Fuentes Fidedignas\",\"isPartOf\":{\"@id\":\"https:\\\/\\\/fuentesfidedignas.com.mx\\\/#website\"},\"primaryImageOfPage\":{\"@id\":\"https:\\\/\\\/fuentesfidedignas.com.mx\\\/index.php\\\/2025\\\/10\\\/30\\\/marina-rescata-a-28-menores-presuntamente-secuestrados-en-embarcacion-en-altamar\\\/#primaryimage\"},\"image\":{\"@id\":\"https:\\\/\\\/fuentesfidedignas.com.mx\\\/index.php\\\/2025\\\/10\\\/30\\\/marina-rescata-a-28-menores-presuntamente-secuestrados-en-embarcacion-en-altamar\\\/#primaryimage\"},\"thumbnailUrl\":\"https:\\\/\\\/fuentesfidedignas.com.mx\\\/wp-content\\\/uploads\\\/2025\\\/10\\\/embarcacion_marina.jpg\",\"datePublished\":\"2025-10-30T18:55:35+00:00\",\"dateModified\":\"2025-10-30T22:07:39+00:00\",\"breadcrumb\":{\"@id\":\"https:\\\/\\\/fuentesfidedignas.com.mx\\\/index.php\\\/2025\\\/10\\\/30\\\/marina-rescata-a-28-menores-presuntamente-secuestrados-en-embarcacion-en-altamar\\\/#breadcrumb\"},\"inLanguage\":\"es\",\"potentialAction\":[{\"@type\":\"ReadAction\",\"target\":[\"https:\\\/\\\/fuentesfidedignas.com.mx\\\/index.php\\\/2025\\\/10\\\/30\\\/marina-rescata-a-28-menores-presuntamente-secuestrados-en-embarcacion-en-altamar\\\/\"]}]},{\"@type\":\"ImageObject\",\"inLanguage\":\"es\",\"@id\":\"https:\\\/\\\/fuentesfidedignas.com.mx\\\/index.php\\\/2025\\\/10\\\/30\\\/marina-rescata-a-28-menores-presuntamente-secuestrados-en-embarcacion-en-altamar\\\/#primaryimage\",\"url\":\"https:\\\/\\\/fuentesfidedignas.com.mx\\\/wp-content\\\/uploads\\\/2025\\\/10\\\/embarcacion_marina.jpg\",\"contentUrl\":\"https:\\\/\\\/fuentesfidedignas.com.mx\\\/wp-content\\\/uploads\\\/2025\\\/10\\\/embarcacion_marina.jpg\",\"width\":500,\"height\":300},{\"@type\":\"BreadcrumbList\",\"@id\":\"https:\\\/\\\/fuentesfidedignas.com.mx\\\/index.php\\\/2025\\\/10\\\/30\\\/marina-rescata-a-28-menores-presuntamente-secuestrados-en-embarcacion-en-altamar\\\/#breadcrumb\",\"itemListElement\":[{\"@type\":\"ListItem\",\"position\":1,\"name\":\"Inicio\",\"item\":\"https:\\\/\\\/fuentesfidedignas.com.mx\\\/\"},{\"@type\":\"ListItem\",\"position\":2,\"name\":\"Marina rescata a 27 menores en embarcaci\u00f3n frente a las costas de Sinaloa\"}]},{\"@type\":\"WebSite\",\"@id\":\"https:\\\/\\\/fuentesfidedignas.com.mx\\\/#website\",\"url\":\"https:\\\/\\\/fuentesfidedignas.com.mx\\\/\",\"name\":\"Fuentes Fidedignas\",\"description\":\"Otro sitio realizado con WordPress\",\"publisher\":{\"@id\":\"https:\\\/\\\/fuentesfidedignas.com.mx\\\/#organization\"},\"potentialAction\":[{\"@type\":\"SearchAction\",\"target\":{\"@type\":\"EntryPoint\",\"urlTemplate\":\"https:\\\/\\\/fuentesfidedignas.com.mx\\\/?s={search_term_string}\"},\"query-input\":{\"@type\":\"PropertyValueSpecification\",\"valueRequired\":true,\"valueName\":\"search_term_string\"}}],\"inLanguage\":\"es\"},{\"@type\":\"Organization\",\"@id\":\"https:\\\/\\\/fuentesfidedignas.com.mx\\\/#organization\",\"name\":\"Fuentes Fidedignas\",\"url\":\"https:\\\/\\\/fuentesfidedignas.com.mx\\\/\",\"logo\":{\"@type\":\"ImageObject\",\"inLanguage\":\"es\",\"@id\":\"https:\\\/\\\/fuentesfidedignas.com.mx\\\/#\\\/schema\\\/logo\\\/image\\\/\",\"url\":\"https:\\\/\\\/fuentesfidedignas.com.mx\\\/wp-content\\\/uploads\\\/2021\\\/04\\\/logo-retina.png\",\"contentUrl\":\"https:\\\/\\\/fuentesfidedignas.com.mx\\\/wp-content\\\/uploads\\\/2021\\\/04\\\/logo-retina.png\",\"width\":280,\"height\":51,\"caption\":\"Fuentes Fidedignas\"},\"image\":{\"@id\":\"https:\\\/\\\/fuentesfidedignas.com.mx\\\/#\\\/schema\\\/logo\\\/image\\\/\"},\"sameAs\":[\"https:\\\/\\\/www.facebook.com\\\/Fuentes-Fidedignas-368234489921644\",\"https:\\\/\\\/x.com\\\/fidedignas\"]},{\"@type\":\"Person\",\"@id\":\"https:\\\/\\\/fuentesfidedignas.com.mx\\\/#\\\/schema\\\/person\\\/0d44615087b5a626d5d3f13afe31ac41\",\"name\":\"EFE\",\"image\":{\"@type\":\"ImageObject\",\"inLanguage\":\"es\",\"@id\":\"https:\\\/\\\/secure.gravatar.com\\\/avatar\\\/7048c2d9b569d9bed55bb53ad23821e6e047aa66338fb6ea9868627bbb9f54e8?s=96&d=mm&r=g\",\"url\":\"https:\\\/\\\/secure.gravatar.com\\\/avatar\\\/7048c2d9b569d9bed55bb53ad23821e6e047aa66338fb6ea9868627bbb9f54e8?s=96&d=mm&r=g\",\"contentUrl\":\"https:\\\/\\\/secure.gravatar.com\\\/avatar\\\/7048c2d9b569d9bed55bb53ad23821e6e047aa66338fb6ea9868627bbb9f54e8?s=96&d=mm&r=g\",\"caption\":\"EFE\"},\"url\":\"https:\\\/\\\/fuentesfidedignas.com.mx\\\/index.php\\\/author\\\/efe\\\/\"}]}<\/script>\n<!-- \/ Yoast SEO plugin. -->","yoast_head_json":{"title":"Marina rescata a 27 menores en embarcaci\u00f3n frente a las costas de Sinaloa - Fuentes Fidedignas","robots":{"index":"index","follow":"follow","max-snippet":"max-snippet:-1","max-image-preview":"max-image-preview:large","max-video-preview":"max-video-preview:-1"},"canonical":"https:\/\/fuentesfidedignas.com.mx\/index.php\/2025\/10\/30\/marina-rescata-a-28-menores-presuntamente-secuestrados-en-embarcacion-en-altamar\/","og_locale":"es_MX","og_type":"article","og_title":"Marina rescata a 27 menores en embarcaci\u00f3n frente a las costas de Sinaloa - Fuentes Fidedignas","og_description":"Seg\u00fan las autoridades, los adolescentes fueron trasladados v\u00eda mar\u00edtima como pasajeros hasta el puerto de Topolobampo, en el municipio Ahome, para ser devueltos a sus familias en Chiapas. Elementos de la Secretar\u00eda de Marina rescataron a 28 j\u00f3venes, 27 menores de edad de entre 14 y 17 a\u00f1os, y uno de 18 a\u00f1os, que se [&hellip;]","og_url":"https:\/\/fuentesfidedignas.com.mx\/index.php\/2025\/10\/30\/marina-rescata-a-28-menores-presuntamente-secuestrados-en-embarcacion-en-altamar\/","og_site_name":"Fuentes Fidedignas","article_publisher":"https:\/\/www.facebook.com\/Fuentes-Fidedignas-368234489921644","article_published_time":"2025-10-30T18:55:35+00:00","article_modified_time":"2025-10-30T22:07:39+00:00","og_image":[{"width":500,"height":300,"url":"https:\/\/fuentesfidedignas.com.mx\/wp-content\/uploads\/2025\/10\/embarcacion_marina.jpg","type":"image\/jpeg"}],"author":"EFE","twitter_card":"summary_large_image","twitter_creator":"@fidedignas","twitter_site":"@fidedignas","twitter_misc":{"Escrito por":"EFE","Tiempo de lectura":"2 minutos"},"schema":{"@context":"https:\/\/schema.org","@graph":[{"@type":"Article","@id":"https:\/\/fuentesfidedignas.com.mx\/index.php\/2025\/10\/30\/marina-rescata-a-28-menores-presuntamente-secuestrados-en-embarcacion-en-altamar\/#article","isPartOf":{"@id":"https:\/\/fuentesfidedignas.com.mx\/index.php\/2025\/10\/30\/marina-rescata-a-28-menores-presuntamente-secuestrados-en-embarcacion-en-altamar\/"},"author":{"name":"EFE","@id":"https:\/\/fuentesfidedignas.com.mx\/#\/schema\/person\/0d44615087b5a626d5d3f13afe31ac41"},"headline":"Marina rescata a 27 menores en embarcaci\u00f3n frente a las costas de Sinaloa","datePublished":"2025-10-30T18:55:35+00:00","dateModified":"2025-10-30T22:07:39+00:00","mainEntityOfPage":{"@id":"https:\/\/fuentesfidedignas.com.mx\/index.php\/2025\/10\/30\/marina-rescata-a-28-menores-presuntamente-secuestrados-en-embarcacion-en-altamar\/"},"wordCount":318,"commentCount":0,"publisher":{"@id":"https:\/\/fuentesfidedignas.com.mx\/#organization"},"image":{"@id":"https:\/\/fuentesfidedignas.com.mx\/index.php\/2025\/10\/30\/marina-rescata-a-28-menores-presuntamente-secuestrados-en-embarcacion-en-altamar\/#primaryimage"},"thumbnailUrl":"https:\/\/fuentesfidedignas.com.mx\/wp-content\/uploads\/2025\/10\/embarcacion_marina.jpg","articleSection":["NOTA PRINCIPAL"],"inLanguage":"es","potentialAction":[{"@type":"CommentAction","name":"Comment","target":["https:\/\/fuentesfidedignas.com.mx\/index.php\/2025\/10\/30\/marina-rescata-a-28-menores-presuntamente-secuestrados-en-embarcacion-en-altamar\/#respond"]}]},{"@type":"WebPage","@id":"https:\/\/fuentesfidedignas.com.mx\/index.php\/2025\/10\/30\/marina-rescata-a-28-menores-presuntamente-secuestrados-en-embarcacion-en-altamar\/","url":"https:\/\/fuentesfidedignas.com.mx\/index.php\/2025\/10\/30\/marina-rescata-a-28-menores-presuntamente-secuestrados-en-embarcacion-en-altamar\/","name":"Marina rescata a 27 menores en embarcaci\u00f3n frente a las costas de Sinaloa - Fuentes Fidedignas","isPartOf":{"@id":"https:\/\/fuentesfidedignas.com.mx\/#website"},"primaryImageOfPage":{"@id":"https:\/\/fuentesfidedignas.com.mx\/index.php\/2025\/10\/30\/marina-rescata-a-28-menores-presuntamente-secuestrados-en-embarcacion-en-altamar\/#primaryimage"},"image":{"@id":"https:\/\/fuentesfidedignas.com.mx\/index.php\/2025\/10\/30\/marina-rescata-a-28-menores-presuntamente-secuestrados-en-embarcacion-en-altamar\/#primaryimage"},"thumbnailUrl":"https:\/\/fuentesfidedignas.com.mx\/wp-content\/uploads\/2025\/10\/embarcacion_marina.jpg","datePublished":"2025-10-30T18:55:35+00:00","dateModified":"2025-10-30T22:07:39+00:00","breadcrumb":{"@id":"https:\/\/fuentesfidedignas.com.mx\/index.php\/2025\/10\/30\/marina-rescata-a-28-menores-presuntamente-secuestrados-en-embarcacion-en-altamar\/#breadcrumb"},"inLanguage":"es","potentialAction":[{"@type":"ReadAction","target":["https:\/\/fuentesfidedignas.com.mx\/index.php\/2025\/10\/30\/marina-rescata-a-28-menores-presuntamente-secuestrados-en-embarcacion-en-altamar\/"]}]},{"@type":"ImageObject","inLanguage":"es","@id":"https:\/\/fuentesfidedignas.com.mx\/index.php\/2025\/10\/30\/marina-rescata-a-28-menores-presuntamente-secuestrados-en-embarcacion-en-altamar\/#primaryimage","url":"https:\/\/fuentesfidedignas.com.mx\/wp-content\/uploads\/2025\/10\/embarcacion_marina.jpg","contentUrl":"https:\/\/fuentesfidedignas.com.mx\/wp-content\/uploads\/2025\/10\/embarcacion_marina.jpg","width":500,"height":300},{"@type":"BreadcrumbList","@id":"https:\/\/fuentesfidedignas.com.mx\/index.php\/2025\/10\/30\/marina-rescata-a-28-menores-presuntamente-secuestrados-en-embarcacion-en-altamar\/#breadcrumb","itemListElement":[{"@type":"ListItem","position":1,"name":"Inicio","item":"https:\/\/fuentesfidedignas.com.mx\/"},{"@type":"ListItem","position":2,"name":"Marina rescata a 27 menores en embarcaci\u00f3n frente a las costas de Sinaloa"}]},{"@type":"WebSite","@id":"https:\/\/fuentesfidedignas.com.mx\/#website","url":"https:\/\/fuentesfidedignas.com.mx\/","name":"Fuentes Fidedignas","description":"Otro sitio realizado con WordPress","publisher":{"@id":"https:\/\/fuentesfidedignas.com.mx\/#organization"},"potentialAction":[{"@type":"SearchAction","target":{"@type":"EntryPoint","urlTemplate":"https:\/\/fuentesfidedignas.com.mx\/?s={search_term_string}"},"query-input":{"@type":"PropertyValueSpecification","valueRequired":true,"valueName":"search_term_string"}}],"inLanguage":"es"},{"@type":"Organization","@id":"https:\/\/fuentesfidedignas.com.mx\/#organization","name":"Fuentes Fidedignas","url":"https:\/\/fuentesfidedignas.com.mx\/","logo":{"@type":"ImageObject","inLanguage":"es","@id":"https:\/\/fuentesfidedignas.com.mx\/#\/schema\/logo\/image\/","url":"https:\/\/fuentesfidedignas.com.mx\/wp-content\/uploads\/2021\/04\/logo-retina.png","contentUrl":"https:\/\/fuentesfidedignas.com.mx\/wp-content\/uploads\/2021\/04\/logo-retina.png","width":280,"height":51,"caption":"Fuentes Fidedignas"},"image":{"@id":"https:\/\/fuentesfidedignas.com.mx\/#\/schema\/logo\/image\/"},"sameAs":["https:\/\/www.facebook.com\/Fuentes-Fidedignas-368234489921644","https:\/\/x.com\/fidedignas"]},{"@type":"Person","@id":"https:\/\/fuentesfidedignas.com.mx\/#\/schema\/person\/0d44615087b5a626d5d3f13afe31ac41","name":"EFE","image":{"@type":"ImageObject","inLanguage":"es","@id":"https:\/\/secure.gravatar.com\/avatar\/7048c2d9b569d9bed55bb53ad23821e6e047aa66338fb6ea9868627bbb9f54e8?s=96&d=mm&r=g","url":"https:\/\/secure.gravatar.com\/avatar\/7048c2d9b569d9bed55bb53ad23821e6e047aa66338fb6ea9868627bbb9f54e8?s=96&d=mm&r=g","contentUrl":"https:\/\/secure.gravatar.com\/avatar\/7048c2d9b569d9bed55bb53ad23821e6e047aa66338fb6ea9868627bbb9f54e8?s=96&d=mm&r=g","caption":"EFE"},"url":"https:\/\/fuentesfidedignas.com.mx\/index.php\/author\/efe\/"}]}},"_links":{"self":[{"href":"https:\/\/fuentesfidedignas.com.mx\/index.php\/wp-json\/wp\/v2\/posts\/120529","targetHints":{"allow":["GET"]}}],"collection":[{"href":"https:\/\/fuentesfidedignas.com.mx\/index.php\/wp-json\/wp\/v2\/posts"}],"about":[{"href":"https:\/\/fuentesfidedignas.com.mx\/index.php\/wp-json\/wp\/v2\/types\/post"}],"author":[{"embeddable":true,"href":"https:\/\/fuentesfidedignas.com.mx\/index.php\/wp-json\/wp\/v2\/users\/22"}],"replies":[{"embeddable":true,"href":"https:\/\/fuentesfidedignas.com.mx\/index.php\/wp-json\/wp\/v2\/comments?post=120529"}],"version-history":[{"count":2,"href":"https:\/\/fuentesfidedignas.com.mx\/index.php\/wp-json\/wp\/v2\/posts\/120529\/revisions"}],"predecessor-version":[{"id":120555,"href":"https:\/\/fuentesfidedignas.com.mx\/index.php\/wp-json\/wp\/v2\/posts\/120529\/revisions\/120555"}],"wp:featuredmedia":[{"embeddable":true,"href":"https:\/\/fuentesfidedignas.com.mx\/index.php\/wp-json\/wp\/v2\/media\/120530"}],"wp:attachment":[{"href":"https:\/\/fuentesfidedignas.com.mx\/index.php\/wp-json\/wp\/v2\/media?parent=120529"}],"wp:term":[{"taxonomy":"category","embeddable":true,"href":"https:\/\/fuentesfidedignas.com.mx\/index.php\/wp-json\/wp\/v2\/categories?post=120529"},{"taxonomy":"post_tag","embeddable":true,"href":"https:\/\/fuentesfidedignas.com.mx\/index.php\/wp-json\/wp\/v2\/tags?post=120529"}],"curies":[{"name":"wp","href":"https:\/\/api.w.org\/{rel}","templated":true}]}}