{"id":120509,"date":"2025-10-30T06:38:54","date_gmt":"2025-10-30T13:38:54","guid":{"rendered":"https:\/\/fuentesfidedignas.com.mx\/?p=120509"},"modified":"2025-10-30T06:38:54","modified_gmt":"2025-10-30T13:38:54","slug":"detienen-a-cinco-nuevos-sospechosos-del-robo-de-joyas-en-el-museo-del-louvre","status":"publish","type":"post","link":"https:\/\/fuentesfidedignas.com.mx\/index.php\/2025\/10\/30\/detienen-a-cinco-nuevos-sospechosos-del-robo-de-joyas-en-el-museo-del-louvre\/","title":{"rendered":"Detienen a cinco nuevos sospechosos del robo de joyas en el Museo del Louvre"},"content":{"rendered":"\n<p><\/p>\n\n\n\n<p><strong><em>La fiscal de Par\u00eds, Laure Beccuau, detall\u00f3 cinco nuevas detenciones por el robo de joyas en el Museo del Louvre<\/em><\/strong><\/p>\n\n\n\n<p>Cinco nuevos sospechosos fueron detenidos en la investigaci\u00f3n por el robo de joyas en el Museo del Louvre, entre ellos uno de los posibles cuatro ladrones del comando que llev\u00f3 a cabo el golpe, inform\u00f3 la fiscal de Par\u00eds, Laure Beccuau, en una entrevista con la radio RTL.<\/p>\n\n\n\n<p>Los cinco fueron detenidos simult\u00e1neamente en el distrito XVI de Par\u00eds y en los alrededores de la ciudad, concretamente en el departamento 93 (Seine-Saint-Denis) durante la tarde y la noche del mi\u00e9rcoles 29 de octubre de 2025, precis\u00f3 la fiscal.<\/p>\n\n\n\n<p>Uno de los detenidos anoche \u201cera objetivo de los investigadores\u201d y tienen \u201cpruebas de ADN que lo vinculan con el robo. Era uno de los sospechosos que ten\u00edamos en el punto de mira\u201d, a\u00f1adi\u00f3.<\/p>\n\n\n\n<p>Se\u00f1al\u00f3 que los otros cuatro detenidos \u201cpueden aportar informaci\u00f3n sobre c\u00f3mo se desarroll\u00f3 el robo\u201d.<\/p>\n\n\n\n<p>Los registros policiales realizados durante la tarde del mi\u00e9rcoles y la pasada noche no han permitido recuperar el bot\u00edn de este robo, dijo la fiscal.<\/p>\n\n\n\n<p>La fiscal compar\u00f3 la investigaci\u00f3n como \u201cel hilo de Ariadna\u201d y su papel en este proceso no es preocuparse por d\u00f3nde est\u00e1n las joyas sino mantenerse \u201cfirme\u201d para tratar de encontrarlas.<\/p>\n\n\n\n<p>Los \u00faltimos detenidos se produjeron la misma noche que los dos detenidos el pasado s\u00e1bado -que han reconocido \u201cparcialmente\u201d su participaci\u00f3n en el golpe- fueron imputados formalmente por el juez instructor del caso por \u201crobo organizado y conspiraci\u00f3n para delinquir\u201d e ingresaron en prisi\u00f3n preventiva, anunci\u00f3 la Fiscal\u00eda de Par\u00eds.<\/p>\n\n\n\n<p>Esos dos hombres, de unos treinta a\u00f1os, \u201cadmitieron parcialmente los hechos\u201d, explic\u00f3 Beccuau, en una rueda de prensa celebrada el mi\u00e9rcoles por la tarde. Se sospecha que fueron ellos quienes entraron en la Galer\u00eda de Apolo del museo del Louvre para robar las joyas.<\/p>\n\n\n\n<p>Seg\u00fan la fiscal, los dos capturados en una primera redada ten\u00edan antecedentes penales, uno de ellos por delitos de tr\u00e1fico y el otro por robo agravado, en concreto, precis\u00f3, por tratar de robar un cajero autom\u00e1tico estrellando contra \u00e9l un coche.<\/p>\n\n\n\n<p>El primero, de 34 a\u00f1os y de nacionalidad argelina e instalado en Francia desde 2010, trataba de volver a su pa\u00eds cuando fue capturado en el aeropuerto Charles de Gaulle sobre las 20:00 h del domingo. Seg\u00fan la fiscal, su ADN fue encontrado en una de las motocicletas que el comando utiliz\u00f3 en la fuga.<\/p>\n\n\n\n<p>El segundo, de 39 a\u00f1os, fue detenido 40 minutos m\u00e1s tarde cerca de su domicilio de Aubervilliers, en las afueras de Par\u00eds, donde hab\u00eda nacido. Su ADN se hall\u00f3 en una de las dos vitrinas que rompieron para robar las joyas en la Galer\u00eda de Apolo del museo parisiense, as\u00ed como en algunos de los objetos abandonados por los ladrones en su huida, se\u00f1al\u00f3 Beccuau.<\/p>\n\n\n\n<p>La fiscal a\u00f1adi\u00f3 que \u201cnada en esta etapa sugiere que los autores tuvieran c\u00f3mplices dentro del museo\u201d. Sin embargo, los investigadores no descartan la posibilidad de que se trate de un grupo mucho mayor que los cuatro autores identificados por las c\u00e1maras de vigilancia, afirm\u00f3.<\/p>\n\n\n\n<p>Alrededor de cien investigadores de la Brigada de represi\u00f3n del bandas organizadas (BRB, en sus siglas en franc\u00e9s) y de la Oficina Central de Lucha contra el Tr\u00e1fico de Bienes Culturales (OCBC) trabajan para tratar de dar con el cuarto ladr\u00f3n y con cualquier otro posible c\u00f3mplice del robo en el Museo del Louvre el 19 de octubre pasado.<\/p>\n","protected":false},"excerpt":{"rendered":"<p>La fiscal de Par\u00eds, Laure Beccuau, detall\u00f3 cinco nuevas detenciones por el robo de joyas en el Museo del Louvre Cinco nuevos sospechosos fueron detenidos en la investigaci\u00f3n por el robo de joyas en el Museo del Louvre, entre ellos uno de los posibles cuatro ladrones del comando que llev\u00f3 a cabo el golpe, inform\u00f3 [&hellip;]<\/p>\n","protected":false},"author":22,"featured_media":120508,"comment_status":"closed","ping_status":"open","sticky":false,"template":"","format":"standard","meta":{"tdm_status":"","tdm_grid_status":"","footnotes":""},"categories":[39],"tags":[],"class_list":{"0":"post-120509","1":"post","2":"type-post","3":"status-publish","4":"format-standard","5":"has-post-thumbnail","7":"category-noticias-nacionales"},"yoast_head":"<!-- This site is optimized with the Yoast SEO plugin v27.5 - https:\/\/yoast.com\/product\/yoast-seo-wordpress\/ -->\n<title>Detienen a cinco nuevos sospechosos del robo de joyas en el Museo del Louvre - Fuentes Fidedignas<\/title>\n<meta name=\"robots\" content=\"index, follow, max-snippet:-1, max-image-preview:large, max-video-preview:-1\" \/>\n<link rel=\"canonical\" href=\"https:\/\/fuentesfidedignas.com.mx\/index.php\/2025\/10\/30\/detienen-a-cinco-nuevos-sospechosos-del-robo-de-joyas-en-el-museo-del-louvre\/\" \/>\n<meta property=\"og:locale\" content=\"es_MX\" \/>\n<meta property=\"og:type\" content=\"article\" \/>\n<meta property=\"og:title\" content=\"Detienen a cinco nuevos sospechosos del robo de joyas en el Museo del Louvre - Fuentes Fidedignas\" \/>\n<meta property=\"og:description\" content=\"La fiscal de Par\u00eds, Laure Beccuau, detall\u00f3 cinco nuevas detenciones por el robo de joyas en el Museo del Louvre Cinco nuevos sospechosos fueron detenidos en la investigaci\u00f3n por el robo de joyas en el Museo del Louvre, entre ellos uno de los posibles cuatro ladrones del comando que llev\u00f3 a cabo el golpe, inform\u00f3 [&hellip;]\" \/>\n<meta property=\"og:url\" content=\"https:\/\/fuentesfidedignas.com.mx\/index.php\/2025\/10\/30\/detienen-a-cinco-nuevos-sospechosos-del-robo-de-joyas-en-el-museo-del-louvre\/\" \/>\n<meta property=\"og:site_name\" content=\"Fuentes Fidedignas\" \/>\n<meta property=\"article:publisher\" content=\"https:\/\/www.facebook.com\/Fuentes-Fidedignas-368234489921644\" \/>\n<meta property=\"article:published_time\" content=\"2025-10-30T13:38:54+00:00\" \/>\n<meta property=\"og:image\" content=\"https:\/\/fuentesfidedignas.com.mx\/wp-content\/uploads\/2025\/10\/img_4514.jpg\" \/>\n\t<meta property=\"og:image:width\" content=\"1536\" \/>\n\t<meta property=\"og:image:height\" content=\"1024\" \/>\n\t<meta property=\"og:image:type\" content=\"image\/jpeg\" \/>\n<meta name=\"author\" content=\"EFE\" \/>\n<meta name=\"twitter:card\" content=\"summary_large_image\" \/>\n<meta name=\"twitter:creator\" content=\"@fidedignas\" \/>\n<meta name=\"twitter:site\" content=\"@fidedignas\" \/>\n<meta name=\"twitter:label1\" content=\"Escrito por\" \/>\n\t<meta name=\"twitter:data1\" content=\"EFE\" \/>\n\t<meta name=\"twitter:label2\" content=\"Tiempo de lectura\" \/>\n\t<meta name=\"twitter:data2\" content=\"3 minutos\" \/>\n<script type=\"application\/ld+json\" class=\"yoast-schema-graph\">{\"@context\":\"https:\\\/\\\/schema.org\",\"@graph\":[{\"@type\":\"Article\",\"@id\":\"https:\\\/\\\/fuentesfidedignas.com.mx\\\/index.php\\\/2025\\\/10\\\/30\\\/detienen-a-cinco-nuevos-sospechosos-del-robo-de-joyas-en-el-museo-del-louvre\\\/#article\",\"isPartOf\":{\"@id\":\"https:\\\/\\\/fuentesfidedignas.com.mx\\\/index.php\\\/2025\\\/10\\\/30\\\/detienen-a-cinco-nuevos-sospechosos-del-robo-de-joyas-en-el-museo-del-louvre\\\/\"},\"author\":{\"name\":\"EFE\",\"@id\":\"https:\\\/\\\/fuentesfidedignas.com.mx\\\/#\\\/schema\\\/person\\\/0d44615087b5a626d5d3f13afe31ac41\"},\"headline\":\"Detienen a cinco nuevos sospechosos del robo de joyas en el Museo del Louvre\",\"datePublished\":\"2025-10-30T13:38:54+00:00\",\"mainEntityOfPage\":{\"@id\":\"https:\\\/\\\/fuentesfidedignas.com.mx\\\/index.php\\\/2025\\\/10\\\/30\\\/detienen-a-cinco-nuevos-sospechosos-del-robo-de-joyas-en-el-museo-del-louvre\\\/\"},\"wordCount\":623,\"publisher\":{\"@id\":\"https:\\\/\\\/fuentesfidedignas.com.mx\\\/#organization\"},\"image\":{\"@id\":\"https:\\\/\\\/fuentesfidedignas.com.mx\\\/index.php\\\/2025\\\/10\\\/30\\\/detienen-a-cinco-nuevos-sospechosos-del-robo-de-joyas-en-el-museo-del-louvre\\\/#primaryimage\"},\"thumbnailUrl\":\"https:\\\/\\\/fuentesfidedignas.com.mx\\\/wp-content\\\/uploads\\\/2025\\\/10\\\/img_4514.jpg\",\"articleSection\":[\"NOTICIAS NACIONALES\"],\"inLanguage\":\"es\"},{\"@type\":\"WebPage\",\"@id\":\"https:\\\/\\\/fuentesfidedignas.com.mx\\\/index.php\\\/2025\\\/10\\\/30\\\/detienen-a-cinco-nuevos-sospechosos-del-robo-de-joyas-en-el-museo-del-louvre\\\/\",\"url\":\"https:\\\/\\\/fuentesfidedignas.com.mx\\\/index.php\\\/2025\\\/10\\\/30\\\/detienen-a-cinco-nuevos-sospechosos-del-robo-de-joyas-en-el-museo-del-louvre\\\/\",\"name\":\"Detienen a cinco nuevos sospechosos del robo de joyas en el Museo del Louvre - Fuentes Fidedignas\",\"isPartOf\":{\"@id\":\"https:\\\/\\\/fuentesfidedignas.com.mx\\\/#website\"},\"primaryImageOfPage\":{\"@id\":\"https:\\\/\\\/fuentesfidedignas.com.mx\\\/index.php\\\/2025\\\/10\\\/30\\\/detienen-a-cinco-nuevos-sospechosos-del-robo-de-joyas-en-el-museo-del-louvre\\\/#primaryimage\"},\"image\":{\"@id\":\"https:\\\/\\\/fuentesfidedignas.com.mx\\\/index.php\\\/2025\\\/10\\\/30\\\/detienen-a-cinco-nuevos-sospechosos-del-robo-de-joyas-en-el-museo-del-louvre\\\/#primaryimage\"},\"thumbnailUrl\":\"https:\\\/\\\/fuentesfidedignas.com.mx\\\/wp-content\\\/uploads\\\/2025\\\/10\\\/img_4514.jpg\",\"datePublished\":\"2025-10-30T13:38:54+00:00\",\"breadcrumb\":{\"@id\":\"https:\\\/\\\/fuentesfidedignas.com.mx\\\/index.php\\\/2025\\\/10\\\/30\\\/detienen-a-cinco-nuevos-sospechosos-del-robo-de-joyas-en-el-museo-del-louvre\\\/#breadcrumb\"},\"inLanguage\":\"es\",\"potentialAction\":[{\"@type\":\"ReadAction\",\"target\":[\"https:\\\/\\\/fuentesfidedignas.com.mx\\\/index.php\\\/2025\\\/10\\\/30\\\/detienen-a-cinco-nuevos-sospechosos-del-robo-de-joyas-en-el-museo-del-louvre\\\/\"]}]},{\"@type\":\"ImageObject\",\"inLanguage\":\"es\",\"@id\":\"https:\\\/\\\/fuentesfidedignas.com.mx\\\/index.php\\\/2025\\\/10\\\/30\\\/detienen-a-cinco-nuevos-sospechosos-del-robo-de-joyas-en-el-museo-del-louvre\\\/#primaryimage\",\"url\":\"https:\\\/\\\/fuentesfidedignas.com.mx\\\/wp-content\\\/uploads\\\/2025\\\/10\\\/img_4514.jpg\",\"contentUrl\":\"https:\\\/\\\/fuentesfidedignas.com.mx\\\/wp-content\\\/uploads\\\/2025\\\/10\\\/img_4514.jpg\",\"width\":1536,\"height\":1024},{\"@type\":\"BreadcrumbList\",\"@id\":\"https:\\\/\\\/fuentesfidedignas.com.mx\\\/index.php\\\/2025\\\/10\\\/30\\\/detienen-a-cinco-nuevos-sospechosos-del-robo-de-joyas-en-el-museo-del-louvre\\\/#breadcrumb\",\"itemListElement\":[{\"@type\":\"ListItem\",\"position\":1,\"name\":\"Inicio\",\"item\":\"https:\\\/\\\/fuentesfidedignas.com.mx\\\/\"},{\"@type\":\"ListItem\",\"position\":2,\"name\":\"Detienen a cinco nuevos sospechosos del robo de joyas en el Museo del Louvre\"}]},{\"@type\":\"WebSite\",\"@id\":\"https:\\\/\\\/fuentesfidedignas.com.mx\\\/#website\",\"url\":\"https:\\\/\\\/fuentesfidedignas.com.mx\\\/\",\"name\":\"Fuentes Fidedignas\",\"description\":\"Otro sitio realizado con WordPress\",\"publisher\":{\"@id\":\"https:\\\/\\\/fuentesfidedignas.com.mx\\\/#organization\"},\"potentialAction\":[{\"@type\":\"SearchAction\",\"target\":{\"@type\":\"EntryPoint\",\"urlTemplate\":\"https:\\\/\\\/fuentesfidedignas.com.mx\\\/?s={search_term_string}\"},\"query-input\":{\"@type\":\"PropertyValueSpecification\",\"valueRequired\":true,\"valueName\":\"search_term_string\"}}],\"inLanguage\":\"es\"},{\"@type\":\"Organization\",\"@id\":\"https:\\\/\\\/fuentesfidedignas.com.mx\\\/#organization\",\"name\":\"Fuentes Fidedignas\",\"url\":\"https:\\\/\\\/fuentesfidedignas.com.mx\\\/\",\"logo\":{\"@type\":\"ImageObject\",\"inLanguage\":\"es\",\"@id\":\"https:\\\/\\\/fuentesfidedignas.com.mx\\\/#\\\/schema\\\/logo\\\/image\\\/\",\"url\":\"https:\\\/\\\/fuentesfidedignas.com.mx\\\/wp-content\\\/uploads\\\/2021\\\/04\\\/logo-retina.png\",\"contentUrl\":\"https:\\\/\\\/fuentesfidedignas.com.mx\\\/wp-content\\\/uploads\\\/2021\\\/04\\\/logo-retina.png\",\"width\":280,\"height\":51,\"caption\":\"Fuentes Fidedignas\"},\"image\":{\"@id\":\"https:\\\/\\\/fuentesfidedignas.com.mx\\\/#\\\/schema\\\/logo\\\/image\\\/\"},\"sameAs\":[\"https:\\\/\\\/www.facebook.com\\\/Fuentes-Fidedignas-368234489921644\",\"https:\\\/\\\/x.com\\\/fidedignas\"]},{\"@type\":\"Person\",\"@id\":\"https:\\\/\\\/fuentesfidedignas.com.mx\\\/#\\\/schema\\\/person\\\/0d44615087b5a626d5d3f13afe31ac41\",\"name\":\"EFE\",\"image\":{\"@type\":\"ImageObject\",\"inLanguage\":\"es\",\"@id\":\"https:\\\/\\\/secure.gravatar.com\\\/avatar\\\/7048c2d9b569d9bed55bb53ad23821e6e047aa66338fb6ea9868627bbb9f54e8?s=96&d=mm&r=g\",\"url\":\"https:\\\/\\\/secure.gravatar.com\\\/avatar\\\/7048c2d9b569d9bed55bb53ad23821e6e047aa66338fb6ea9868627bbb9f54e8?s=96&d=mm&r=g\",\"contentUrl\":\"https:\\\/\\\/secure.gravatar.com\\\/avatar\\\/7048c2d9b569d9bed55bb53ad23821e6e047aa66338fb6ea9868627bbb9f54e8?s=96&d=mm&r=g\",\"caption\":\"EFE\"},\"url\":\"https:\\\/\\\/fuentesfidedignas.com.mx\\\/index.php\\\/author\\\/efe\\\/\"}]}<\/script>\n<!-- \/ Yoast SEO plugin. -->","yoast_head_json":{"title":"Detienen a cinco nuevos sospechosos del robo de joyas en el Museo del Louvre - Fuentes Fidedignas","robots":{"index":"index","follow":"follow","max-snippet":"max-snippet:-1","max-image-preview":"max-image-preview:large","max-video-preview":"max-video-preview:-1"},"canonical":"https:\/\/fuentesfidedignas.com.mx\/index.php\/2025\/10\/30\/detienen-a-cinco-nuevos-sospechosos-del-robo-de-joyas-en-el-museo-del-louvre\/","og_locale":"es_MX","og_type":"article","og_title":"Detienen a cinco nuevos sospechosos del robo de joyas en el Museo del Louvre - Fuentes Fidedignas","og_description":"La fiscal de Par\u00eds, Laure Beccuau, detall\u00f3 cinco nuevas detenciones por el robo de joyas en el Museo del Louvre Cinco nuevos sospechosos fueron detenidos en la investigaci\u00f3n por el robo de joyas en el Museo del Louvre, entre ellos uno de los posibles cuatro ladrones del comando que llev\u00f3 a cabo el golpe, inform\u00f3 [&hellip;]","og_url":"https:\/\/fuentesfidedignas.com.mx\/index.php\/2025\/10\/30\/detienen-a-cinco-nuevos-sospechosos-del-robo-de-joyas-en-el-museo-del-louvre\/","og_site_name":"Fuentes Fidedignas","article_publisher":"https:\/\/www.facebook.com\/Fuentes-Fidedignas-368234489921644","article_published_time":"2025-10-30T13:38:54+00:00","og_image":[{"width":1536,"height":1024,"url":"https:\/\/fuentesfidedignas.com.mx\/wp-content\/uploads\/2025\/10\/img_4514.jpg","type":"image\/jpeg"}],"author":"EFE","twitter_card":"summary_large_image","twitter_creator":"@fidedignas","twitter_site":"@fidedignas","twitter_misc":{"Escrito por":"EFE","Tiempo de lectura":"3 minutos"},"schema":{"@context":"https:\/\/schema.org","@graph":[{"@type":"Article","@id":"https:\/\/fuentesfidedignas.com.mx\/index.php\/2025\/10\/30\/detienen-a-cinco-nuevos-sospechosos-del-robo-de-joyas-en-el-museo-del-louvre\/#article","isPartOf":{"@id":"https:\/\/fuentesfidedignas.com.mx\/index.php\/2025\/10\/30\/detienen-a-cinco-nuevos-sospechosos-del-robo-de-joyas-en-el-museo-del-louvre\/"},"author":{"name":"EFE","@id":"https:\/\/fuentesfidedignas.com.mx\/#\/schema\/person\/0d44615087b5a626d5d3f13afe31ac41"},"headline":"Detienen a cinco nuevos sospechosos del robo de joyas en el Museo del Louvre","datePublished":"2025-10-30T13:38:54+00:00","mainEntityOfPage":{"@id":"https:\/\/fuentesfidedignas.com.mx\/index.php\/2025\/10\/30\/detienen-a-cinco-nuevos-sospechosos-del-robo-de-joyas-en-el-museo-del-louvre\/"},"wordCount":623,"publisher":{"@id":"https:\/\/fuentesfidedignas.com.mx\/#organization"},"image":{"@id":"https:\/\/fuentesfidedignas.com.mx\/index.php\/2025\/10\/30\/detienen-a-cinco-nuevos-sospechosos-del-robo-de-joyas-en-el-museo-del-louvre\/#primaryimage"},"thumbnailUrl":"https:\/\/fuentesfidedignas.com.mx\/wp-content\/uploads\/2025\/10\/img_4514.jpg","articleSection":["NOTICIAS NACIONALES"],"inLanguage":"es"},{"@type":"WebPage","@id":"https:\/\/fuentesfidedignas.com.mx\/index.php\/2025\/10\/30\/detienen-a-cinco-nuevos-sospechosos-del-robo-de-joyas-en-el-museo-del-louvre\/","url":"https:\/\/fuentesfidedignas.com.mx\/index.php\/2025\/10\/30\/detienen-a-cinco-nuevos-sospechosos-del-robo-de-joyas-en-el-museo-del-louvre\/","name":"Detienen a cinco nuevos sospechosos del robo de joyas en el Museo del Louvre - Fuentes Fidedignas","isPartOf":{"@id":"https:\/\/fuentesfidedignas.com.mx\/#website"},"primaryImageOfPage":{"@id":"https:\/\/fuentesfidedignas.com.mx\/index.php\/2025\/10\/30\/detienen-a-cinco-nuevos-sospechosos-del-robo-de-joyas-en-el-museo-del-louvre\/#primaryimage"},"image":{"@id":"https:\/\/fuentesfidedignas.com.mx\/index.php\/2025\/10\/30\/detienen-a-cinco-nuevos-sospechosos-del-robo-de-joyas-en-el-museo-del-louvre\/#primaryimage"},"thumbnailUrl":"https:\/\/fuentesfidedignas.com.mx\/wp-content\/uploads\/2025\/10\/img_4514.jpg","datePublished":"2025-10-30T13:38:54+00:00","breadcrumb":{"@id":"https:\/\/fuentesfidedignas.com.mx\/index.php\/2025\/10\/30\/detienen-a-cinco-nuevos-sospechosos-del-robo-de-joyas-en-el-museo-del-louvre\/#breadcrumb"},"inLanguage":"es","potentialAction":[{"@type":"ReadAction","target":["https:\/\/fuentesfidedignas.com.mx\/index.php\/2025\/10\/30\/detienen-a-cinco-nuevos-sospechosos-del-robo-de-joyas-en-el-museo-del-louvre\/"]}]},{"@type":"ImageObject","inLanguage":"es","@id":"https:\/\/fuentesfidedignas.com.mx\/index.php\/2025\/10\/30\/detienen-a-cinco-nuevos-sospechosos-del-robo-de-joyas-en-el-museo-del-louvre\/#primaryimage","url":"https:\/\/fuentesfidedignas.com.mx\/wp-content\/uploads\/2025\/10\/img_4514.jpg","contentUrl":"https:\/\/fuentesfidedignas.com.mx\/wp-content\/uploads\/2025\/10\/img_4514.jpg","width":1536,"height":1024},{"@type":"BreadcrumbList","@id":"https:\/\/fuentesfidedignas.com.mx\/index.php\/2025\/10\/30\/detienen-a-cinco-nuevos-sospechosos-del-robo-de-joyas-en-el-museo-del-louvre\/#breadcrumb","itemListElement":[{"@type":"ListItem","position":1,"name":"Inicio","item":"https:\/\/fuentesfidedignas.com.mx\/"},{"@type":"ListItem","position":2,"name":"Detienen a cinco nuevos sospechosos del robo de joyas en el Museo del Louvre"}]},{"@type":"WebSite","@id":"https:\/\/fuentesfidedignas.com.mx\/#website","url":"https:\/\/fuentesfidedignas.com.mx\/","name":"Fuentes Fidedignas","description":"Otro sitio realizado con WordPress","publisher":{"@id":"https:\/\/fuentesfidedignas.com.mx\/#organization"},"potentialAction":[{"@type":"SearchAction","target":{"@type":"EntryPoint","urlTemplate":"https:\/\/fuentesfidedignas.com.mx\/?s={search_term_string}"},"query-input":{"@type":"PropertyValueSpecification","valueRequired":true,"valueName":"search_term_string"}}],"inLanguage":"es"},{"@type":"Organization","@id":"https:\/\/fuentesfidedignas.com.mx\/#organization","name":"Fuentes Fidedignas","url":"https:\/\/fuentesfidedignas.com.mx\/","logo":{"@type":"ImageObject","inLanguage":"es","@id":"https:\/\/fuentesfidedignas.com.mx\/#\/schema\/logo\/image\/","url":"https:\/\/fuentesfidedignas.com.mx\/wp-content\/uploads\/2021\/04\/logo-retina.png","contentUrl":"https:\/\/fuentesfidedignas.com.mx\/wp-content\/uploads\/2021\/04\/logo-retina.png","width":280,"height":51,"caption":"Fuentes Fidedignas"},"image":{"@id":"https:\/\/fuentesfidedignas.com.mx\/#\/schema\/logo\/image\/"},"sameAs":["https:\/\/www.facebook.com\/Fuentes-Fidedignas-368234489921644","https:\/\/x.com\/fidedignas"]},{"@type":"Person","@id":"https:\/\/fuentesfidedignas.com.mx\/#\/schema\/person\/0d44615087b5a626d5d3f13afe31ac41","name":"EFE","image":{"@type":"ImageObject","inLanguage":"es","@id":"https:\/\/secure.gravatar.com\/avatar\/7048c2d9b569d9bed55bb53ad23821e6e047aa66338fb6ea9868627bbb9f54e8?s=96&d=mm&r=g","url":"https:\/\/secure.gravatar.com\/avatar\/7048c2d9b569d9bed55bb53ad23821e6e047aa66338fb6ea9868627bbb9f54e8?s=96&d=mm&r=g","contentUrl":"https:\/\/secure.gravatar.com\/avatar\/7048c2d9b569d9bed55bb53ad23821e6e047aa66338fb6ea9868627bbb9f54e8?s=96&d=mm&r=g","caption":"EFE"},"url":"https:\/\/fuentesfidedignas.com.mx\/index.php\/author\/efe\/"}]}},"_links":{"self":[{"href":"https:\/\/fuentesfidedignas.com.mx\/index.php\/wp-json\/wp\/v2\/posts\/120509","targetHints":{"allow":["GET"]}}],"collection":[{"href":"https:\/\/fuentesfidedignas.com.mx\/index.php\/wp-json\/wp\/v2\/posts"}],"about":[{"href":"https:\/\/fuentesfidedignas.com.mx\/index.php\/wp-json\/wp\/v2\/types\/post"}],"author":[{"embeddable":true,"href":"https:\/\/fuentesfidedignas.com.mx\/index.php\/wp-json\/wp\/v2\/users\/22"}],"replies":[{"embeddable":true,"href":"https:\/\/fuentesfidedignas.com.mx\/index.php\/wp-json\/wp\/v2\/comments?post=120509"}],"version-history":[{"count":1,"href":"https:\/\/fuentesfidedignas.com.mx\/index.php\/wp-json\/wp\/v2\/posts\/120509\/revisions"}],"predecessor-version":[{"id":120510,"href":"https:\/\/fuentesfidedignas.com.mx\/index.php\/wp-json\/wp\/v2\/posts\/120509\/revisions\/120510"}],"wp:featuredmedia":[{"embeddable":true,"href":"https:\/\/fuentesfidedignas.com.mx\/index.php\/wp-json\/wp\/v2\/media\/120508"}],"wp:attachment":[{"href":"https:\/\/fuentesfidedignas.com.mx\/index.php\/wp-json\/wp\/v2\/media?parent=120509"}],"wp:term":[{"taxonomy":"category","embeddable":true,"href":"https:\/\/fuentesfidedignas.com.mx\/index.php\/wp-json\/wp\/v2\/categories?post=120509"},{"taxonomy":"post_tag","embeddable":true,"href":"https:\/\/fuentesfidedignas.com.mx\/index.php\/wp-json\/wp\/v2\/tags?post=120509"}],"curies":[{"name":"wp","href":"https:\/\/api.w.org\/{rel}","templated":true}]}}