{"id":120468,"date":"2025-10-29T14:04:20","date_gmt":"2025-10-29T21:04:20","guid":{"rendered":"https:\/\/fuentesfidedignas.com.mx\/?p=120468"},"modified":"2025-10-29T16:01:35","modified_gmt":"2025-10-29T23:01:35","slug":"cronica-mexico-detenido-el-reclamo-del-campo-que-paraliza-al-pais","status":"publish","type":"post","link":"https:\/\/fuentesfidedignas.com.mx\/index.php\/2025\/10\/29\/cronica-mexico-detenido-el-reclamo-del-campo-que-paraliza-al-pais\/","title":{"rendered":"Cr\u00f3nica | M\u00e9xico detenido: el reclamo del campo que paraliza al pa\u00eds"},"content":{"rendered":"\n<p><strong><em>El bloqueo no es un accidente. Es una protesta. Una herida abierta que recuerda lo que muchos olvidan: no hay ciudad sin campo, ni pueblo sin agricultor.<\/em><\/strong><\/p>\n\n\n\n<p>En la carretera Celaya-Irapuato, M\u00e9xico el sol cae a plomo sobre el asfalto detenido, como si el tiempo mismo hubiese decidido dejar de avanzar. Camiones, autobuses, tr\u00e1ileres, camionetas particulares, todos alineados en un silencio tenso y cansado que s\u00f3lo rompen los cl\u00e1xones espor\u00e1dicos y el murmullo de la desesperaci\u00f3n. Son las tres de la tarde, pero la fila de veh\u00edculos lleva ah\u00ed desde la madrugada. Nadie se mueve. Nadie avanza. Nadie sabe cu\u00e1ndo podr\u00e1n seguir.<\/p>\n\n\n\n<p>El bloqueo no es un accidente. Es una protesta. Una herida abierta que recuerda lo que muchos olvidan: no hay ciudad sin campo, ni pueblo sin agricultor.<\/p>\n\n\n\n<p>Los campesinos han tomado la carretera Celaya\u2013Irapuato, como otras tantas en M\u00e9xico. Dicen que el gobierno no cumpli\u00f3, que todo lo quiere prometer de palabra, que los acuerdos nunca llegan firmados, y que est\u00e1n cansados de sobrevivir en la orilla del abandono. Ellos exigen lo suyo: precios justos, apoyos reales, respeto. Y se plantaron aqu\u00ed, bajo el sol, frente a un pa\u00eds que pocas veces los mira.<\/p>\n\n\n\n<p>Pero la realidad no es una sola y la de quienes est\u00e1n varados es otra historia que se vuelve tragedia.<\/p>\n\n\n\n<p>Alexis Hern\u00e1ndez sali\u00f3 de la Ciudad de M\u00e9xico a las siete de la noche. A las once, antes de llegar a Celaya, todo se detuvo. Una hora, luego diez kil\u00f3metros de avance, y desde la una de la ma\u00f1ana permanece atrapado en este punto donde la carretera se convirti\u00f3 en c\u00e1rcel.<br>\u201cEn el autob\u00fas vienen ni\u00f1os \u2014dice\u2014 y ya sabr\u00e1s. Si uno como adulto se desespera\u2026 imag\u00ednate los beb\u00e9s.\u201d<\/p>\n\n\n\n<p>La noche no ofreci\u00f3 descanso. Los pasajeros no pudieron bajar. No por soberbia del chofer, sino por miedo. Miedo a la carretera oscura, al rumor de asaltos, a lo desconocido. \u201cEstamos expuestos\u201d, insiste Alexis.<\/p>\n\n\n\n<p>Los ba\u00f1os se quedaron sin agua. Los tanques de los autobuses sin combustible, porque el aire acondicionado no perdona. Las personas sin comida. Sin bebida. Sin un sitio donde hacer sus necesidades. Los cuerpos cansados, los nervios tensos, la cabeza pesada.<br>La fila es interminable: 24 kil\u00f3metros hacia adelante. Otro tanto hacia atr\u00e1s.<br>Cientos de historias detenidas en medio de la nada.<\/p>\n\n\n\n<p>Y sin embargo, la escena no es de violencia. Es un pa\u00eds complejo el que se abre aqu\u00ed:<br>Los campesinos reparten caf\u00e9 y pan a quienes est\u00e1n cerca del bloqueo. Invitan a desayunar. Comparten lo poco que tienen. No gritan. No golpean. No exigen sometimiento. Solo hacen visible su reclamo.<\/p>\n\n\n\n<p>Hombres y mujeres que trabajan la tierra, que hacen posible el pan, la tortilla, la fruta, la carne, el alimento que llega todos los d\u00edas a las ciudades que no saben mirar hacia donde nace su comida.<\/p>\n\n\n\n<p>Los otros, los varados, son tambi\u00e9n v\u00edctimas. No del campesino. Sino de un sistema que permiti\u00f3 que llegar a esto fuera la \u00fanica forma de ser escuchado.<\/p>\n\n\n\n<p>Porque entre el reclamo justo y el sufrimiento humano que provoca el bloqueo, hay un gobierno ausente. Un puente roto. Una voz oficial que no responde<\/p>\n\n\n\n<p>El dolor se acumula por ambos lados. El pa\u00eds est\u00e1 detenido sobre una carretera. Aqu\u00ed, donde el calor desgasta y la noche amenaza volver, se encuentran dos M\u00e9xicos que deber\u00edan ser uno solo: El que siembra. El que viaja. El que vive del trabajo. El que intenta llegar a casa.<br>Las carreteras no deber\u00edan ser trincheras, pero hoy lo son.<\/p>\n\n\n\n<p>Si la ciudad necesita comida, necesita campo. Si el campo quiere justicia, necesita ser escuchado. Mientras tanto, el sol sigue bajando. Los veh\u00edculos siguen parados. Y la vida se suspende, como un suspiro que no termina de soltar.<\/p>\n\n\n\n<p>M\u00e9xico tiene frente a s\u00ed una verdad que duele: Cuando el campo se detiene, el pa\u00eds entero se detiene con \u00e9l.<\/p>\n\n\n\n<figure class=\"wp-block-video\"><video height=\"850\" style=\"aspect-ratio: 478 \/ 850;\" width=\"478\" controls src=\"https:\/\/fuentesfidedignas.com.mx\/wp-content\/uploads\/2025\/10\/WhatsApp-Video-2025-10-29-at-1.52.19-PM.mp4\"><\/video><\/figure>\n","protected":false},"excerpt":{"rendered":"<p>El bloqueo no es un accidente. Es una protesta. Una herida abierta que recuerda lo que muchos olvidan: no hay ciudad sin campo, ni pueblo sin agricultor. En la carretera Celaya-Irapuato, M\u00e9xico el sol cae a plomo sobre el asfalto detenido, como si el tiempo mismo hubiese decidido dejar de avanzar. Camiones, autobuses, tr\u00e1ileres, camionetas [&hellip;]<\/p>\n","protected":false},"author":112,"featured_media":120469,"comment_status":"open","ping_status":"open","sticky":false,"template":"","format":"standard","meta":{"tdm_status":"","tdm_grid_status":"","footnotes":""},"categories":[39],"tags":[],"class_list":{"0":"post-120468","1":"post","2":"type-post","3":"status-publish","4":"format-standard","5":"has-post-thumbnail","7":"category-noticias-nacionales"},"yoast_head":"<!-- This site is optimized with the Yoast SEO plugin v27.5 - https:\/\/yoast.com\/product\/yoast-seo-wordpress\/ -->\n<title>Cr\u00f3nica | M\u00e9xico detenido: el reclamo del campo que paraliza al pa\u00eds - Fuentes Fidedignas<\/title>\n<meta name=\"robots\" content=\"index, follow, max-snippet:-1, max-image-preview:large, max-video-preview:-1\" \/>\n<link rel=\"canonical\" href=\"https:\/\/fuentesfidedignas.com.mx\/index.php\/2025\/10\/29\/cronica-mexico-detenido-el-reclamo-del-campo-que-paraliza-al-pais\/\" \/>\n<meta property=\"og:locale\" content=\"es_MX\" \/>\n<meta property=\"og:type\" content=\"article\" \/>\n<meta property=\"og:title\" content=\"Cr\u00f3nica | M\u00e9xico detenido: el reclamo del campo que paraliza al pa\u00eds - Fuentes Fidedignas\" \/>\n<meta property=\"og:description\" content=\"El bloqueo no es un accidente. Es una protesta. Una herida abierta que recuerda lo que muchos olvidan: no hay ciudad sin campo, ni pueblo sin agricultor. En la carretera Celaya-Irapuato, M\u00e9xico el sol cae a plomo sobre el asfalto detenido, como si el tiempo mismo hubiese decidido dejar de avanzar. Camiones, autobuses, tr\u00e1ileres, camionetas [&hellip;]\" \/>\n<meta property=\"og:url\" content=\"https:\/\/fuentesfidedignas.com.mx\/index.php\/2025\/10\/29\/cronica-mexico-detenido-el-reclamo-del-campo-que-paraliza-al-pais\/\" \/>\n<meta property=\"og:site_name\" content=\"Fuentes Fidedignas\" \/>\n<meta property=\"article:publisher\" content=\"https:\/\/www.facebook.com\/Fuentes-Fidedignas-368234489921644\" \/>\n<meta property=\"article:published_time\" content=\"2025-10-29T21:04:20+00:00\" \/>\n<meta property=\"article:modified_time\" content=\"2025-10-29T23:01:35+00:00\" \/>\n<meta property=\"og:image\" content=\"https:\/\/fuentesfidedignas.com.mx\/wp-content\/uploads\/2025\/10\/WhatsApp-Image-2025-10-29-at-1.51.01-PM.jpeg\" \/>\n\t<meta property=\"og:image:width\" content=\"500\" \/>\n\t<meta property=\"og:image:height\" content=\"401\" \/>\n\t<meta property=\"og:image:type\" content=\"image\/jpeg\" \/>\n<meta name=\"author\" content=\"Leonardo Gutierrez\" \/>\n<meta name=\"twitter:card\" content=\"summary_large_image\" \/>\n<meta name=\"twitter:creator\" content=\"@fidedignas\" \/>\n<meta name=\"twitter:site\" content=\"@fidedignas\" \/>\n<meta name=\"twitter:label1\" content=\"Escrito por\" \/>\n\t<meta name=\"twitter:data1\" content=\"Leonardo Gutierrez\" \/>\n\t<meta name=\"twitter:label2\" content=\"Tiempo de lectura\" \/>\n\t<meta name=\"twitter:data2\" content=\"4 minutos\" \/>\n<script type=\"application\/ld+json\" class=\"yoast-schema-graph\">{\"@context\":\"https:\\\/\\\/schema.org\",\"@graph\":[{\"@type\":\"Article\",\"@id\":\"https:\\\/\\\/fuentesfidedignas.com.mx\\\/index.php\\\/2025\\\/10\\\/29\\\/cronica-mexico-detenido-el-reclamo-del-campo-que-paraliza-al-pais\\\/#article\",\"isPartOf\":{\"@id\":\"https:\\\/\\\/fuentesfidedignas.com.mx\\\/index.php\\\/2025\\\/10\\\/29\\\/cronica-mexico-detenido-el-reclamo-del-campo-que-paraliza-al-pais\\\/\"},\"author\":{\"name\":\"Leonardo Gutierrez\",\"@id\":\"https:\\\/\\\/fuentesfidedignas.com.mx\\\/#\\\/schema\\\/person\\\/c77df25c00baae1d4fdc0340db6f364c\"},\"headline\":\"Cr\u00f3nica | M\u00e9xico detenido: el reclamo del campo que paraliza al pa\u00eds\",\"datePublished\":\"2025-10-29T21:04:20+00:00\",\"dateModified\":\"2025-10-29T23:01:35+00:00\",\"mainEntityOfPage\":{\"@id\":\"https:\\\/\\\/fuentesfidedignas.com.mx\\\/index.php\\\/2025\\\/10\\\/29\\\/cronica-mexico-detenido-el-reclamo-del-campo-que-paraliza-al-pais\\\/\"},\"wordCount\":692,\"commentCount\":0,\"publisher\":{\"@id\":\"https:\\\/\\\/fuentesfidedignas.com.mx\\\/#organization\"},\"image\":{\"@id\":\"https:\\\/\\\/fuentesfidedignas.com.mx\\\/index.php\\\/2025\\\/10\\\/29\\\/cronica-mexico-detenido-el-reclamo-del-campo-que-paraliza-al-pais\\\/#primaryimage\"},\"thumbnailUrl\":\"https:\\\/\\\/fuentesfidedignas.com.mx\\\/wp-content\\\/uploads\\\/2025\\\/10\\\/WhatsApp-Image-2025-10-29-at-1.51.01-PM.jpeg\",\"articleSection\":[\"NOTICIAS NACIONALES\"],\"inLanguage\":\"es\",\"potentialAction\":[{\"@type\":\"CommentAction\",\"name\":\"Comment\",\"target\":[\"https:\\\/\\\/fuentesfidedignas.com.mx\\\/index.php\\\/2025\\\/10\\\/29\\\/cronica-mexico-detenido-el-reclamo-del-campo-que-paraliza-al-pais\\\/#respond\"]}]},{\"@type\":\"WebPage\",\"@id\":\"https:\\\/\\\/fuentesfidedignas.com.mx\\\/index.php\\\/2025\\\/10\\\/29\\\/cronica-mexico-detenido-el-reclamo-del-campo-que-paraliza-al-pais\\\/\",\"url\":\"https:\\\/\\\/fuentesfidedignas.com.mx\\\/index.php\\\/2025\\\/10\\\/29\\\/cronica-mexico-detenido-el-reclamo-del-campo-que-paraliza-al-pais\\\/\",\"name\":\"Cr\u00f3nica | M\u00e9xico detenido: el reclamo del campo que paraliza al pa\u00eds - Fuentes Fidedignas\",\"isPartOf\":{\"@id\":\"https:\\\/\\\/fuentesfidedignas.com.mx\\\/#website\"},\"primaryImageOfPage\":{\"@id\":\"https:\\\/\\\/fuentesfidedignas.com.mx\\\/index.php\\\/2025\\\/10\\\/29\\\/cronica-mexico-detenido-el-reclamo-del-campo-que-paraliza-al-pais\\\/#primaryimage\"},\"image\":{\"@id\":\"https:\\\/\\\/fuentesfidedignas.com.mx\\\/index.php\\\/2025\\\/10\\\/29\\\/cronica-mexico-detenido-el-reclamo-del-campo-que-paraliza-al-pais\\\/#primaryimage\"},\"thumbnailUrl\":\"https:\\\/\\\/fuentesfidedignas.com.mx\\\/wp-content\\\/uploads\\\/2025\\\/10\\\/WhatsApp-Image-2025-10-29-at-1.51.01-PM.jpeg\",\"datePublished\":\"2025-10-29T21:04:20+00:00\",\"dateModified\":\"2025-10-29T23:01:35+00:00\",\"breadcrumb\":{\"@id\":\"https:\\\/\\\/fuentesfidedignas.com.mx\\\/index.php\\\/2025\\\/10\\\/29\\\/cronica-mexico-detenido-el-reclamo-del-campo-que-paraliza-al-pais\\\/#breadcrumb\"},\"inLanguage\":\"es\",\"potentialAction\":[{\"@type\":\"ReadAction\",\"target\":[\"https:\\\/\\\/fuentesfidedignas.com.mx\\\/index.php\\\/2025\\\/10\\\/29\\\/cronica-mexico-detenido-el-reclamo-del-campo-que-paraliza-al-pais\\\/\"]}]},{\"@type\":\"ImageObject\",\"inLanguage\":\"es\",\"@id\":\"https:\\\/\\\/fuentesfidedignas.com.mx\\\/index.php\\\/2025\\\/10\\\/29\\\/cronica-mexico-detenido-el-reclamo-del-campo-que-paraliza-al-pais\\\/#primaryimage\",\"url\":\"https:\\\/\\\/fuentesfidedignas.com.mx\\\/wp-content\\\/uploads\\\/2025\\\/10\\\/WhatsApp-Image-2025-10-29-at-1.51.01-PM.jpeg\",\"contentUrl\":\"https:\\\/\\\/fuentesfidedignas.com.mx\\\/wp-content\\\/uploads\\\/2025\\\/10\\\/WhatsApp-Image-2025-10-29-at-1.51.01-PM.jpeg\",\"width\":500,\"height\":401},{\"@type\":\"BreadcrumbList\",\"@id\":\"https:\\\/\\\/fuentesfidedignas.com.mx\\\/index.php\\\/2025\\\/10\\\/29\\\/cronica-mexico-detenido-el-reclamo-del-campo-que-paraliza-al-pais\\\/#breadcrumb\",\"itemListElement\":[{\"@type\":\"ListItem\",\"position\":1,\"name\":\"Inicio\",\"item\":\"https:\\\/\\\/fuentesfidedignas.com.mx\\\/\"},{\"@type\":\"ListItem\",\"position\":2,\"name\":\"Cr\u00f3nica | M\u00e9xico detenido: el reclamo del campo que paraliza al pa\u00eds\"}]},{\"@type\":\"WebSite\",\"@id\":\"https:\\\/\\\/fuentesfidedignas.com.mx\\\/#website\",\"url\":\"https:\\\/\\\/fuentesfidedignas.com.mx\\\/\",\"name\":\"Fuentes Fidedignas\",\"description\":\"Otro sitio realizado con WordPress\",\"publisher\":{\"@id\":\"https:\\\/\\\/fuentesfidedignas.com.mx\\\/#organization\"},\"potentialAction\":[{\"@type\":\"SearchAction\",\"target\":{\"@type\":\"EntryPoint\",\"urlTemplate\":\"https:\\\/\\\/fuentesfidedignas.com.mx\\\/?s={search_term_string}\"},\"query-input\":{\"@type\":\"PropertyValueSpecification\",\"valueRequired\":true,\"valueName\":\"search_term_string\"}}],\"inLanguage\":\"es\"},{\"@type\":\"Organization\",\"@id\":\"https:\\\/\\\/fuentesfidedignas.com.mx\\\/#organization\",\"name\":\"Fuentes Fidedignas\",\"url\":\"https:\\\/\\\/fuentesfidedignas.com.mx\\\/\",\"logo\":{\"@type\":\"ImageObject\",\"inLanguage\":\"es\",\"@id\":\"https:\\\/\\\/fuentesfidedignas.com.mx\\\/#\\\/schema\\\/logo\\\/image\\\/\",\"url\":\"https:\\\/\\\/fuentesfidedignas.com.mx\\\/wp-content\\\/uploads\\\/2021\\\/04\\\/logo-retina.png\",\"contentUrl\":\"https:\\\/\\\/fuentesfidedignas.com.mx\\\/wp-content\\\/uploads\\\/2021\\\/04\\\/logo-retina.png\",\"width\":280,\"height\":51,\"caption\":\"Fuentes Fidedignas\"},\"image\":{\"@id\":\"https:\\\/\\\/fuentesfidedignas.com.mx\\\/#\\\/schema\\\/logo\\\/image\\\/\"},\"sameAs\":[\"https:\\\/\\\/www.facebook.com\\\/Fuentes-Fidedignas-368234489921644\",\"https:\\\/\\\/x.com\\\/fidedignas\"]},{\"@type\":\"Person\",\"@id\":\"https:\\\/\\\/fuentesfidedignas.com.mx\\\/#\\\/schema\\\/person\\\/c77df25c00baae1d4fdc0340db6f364c\",\"name\":\"Leonardo Gutierrez\",\"image\":{\"@type\":\"ImageObject\",\"inLanguage\":\"es\",\"@id\":\"https:\\\/\\\/secure.gravatar.com\\\/avatar\\\/17b13a7a986cc98ca4d7337340bcac5945cbae677961c354aefb3c7962c8cc1f?s=96&d=mm&r=g\",\"url\":\"https:\\\/\\\/secure.gravatar.com\\\/avatar\\\/17b13a7a986cc98ca4d7337340bcac5945cbae677961c354aefb3c7962c8cc1f?s=96&d=mm&r=g\",\"contentUrl\":\"https:\\\/\\\/secure.gravatar.com\\\/avatar\\\/17b13a7a986cc98ca4d7337340bcac5945cbae677961c354aefb3c7962c8cc1f?s=96&d=mm&r=g\",\"caption\":\"Leonardo Gutierrez\"},\"url\":\"https:\\\/\\\/fuentesfidedignas.com.mx\\\/index.php\\\/author\\\/leonardogut\\\/\"}]}<\/script>\n<!-- \/ Yoast SEO plugin. -->","yoast_head_json":{"title":"Cr\u00f3nica | M\u00e9xico detenido: el reclamo del campo que paraliza al pa\u00eds - Fuentes Fidedignas","robots":{"index":"index","follow":"follow","max-snippet":"max-snippet:-1","max-image-preview":"max-image-preview:large","max-video-preview":"max-video-preview:-1"},"canonical":"https:\/\/fuentesfidedignas.com.mx\/index.php\/2025\/10\/29\/cronica-mexico-detenido-el-reclamo-del-campo-que-paraliza-al-pais\/","og_locale":"es_MX","og_type":"article","og_title":"Cr\u00f3nica | M\u00e9xico detenido: el reclamo del campo que paraliza al pa\u00eds - Fuentes Fidedignas","og_description":"El bloqueo no es un accidente. Es una protesta. Una herida abierta que recuerda lo que muchos olvidan: no hay ciudad sin campo, ni pueblo sin agricultor. En la carretera Celaya-Irapuato, M\u00e9xico el sol cae a plomo sobre el asfalto detenido, como si el tiempo mismo hubiese decidido dejar de avanzar. Camiones, autobuses, tr\u00e1ileres, camionetas [&hellip;]","og_url":"https:\/\/fuentesfidedignas.com.mx\/index.php\/2025\/10\/29\/cronica-mexico-detenido-el-reclamo-del-campo-que-paraliza-al-pais\/","og_site_name":"Fuentes Fidedignas","article_publisher":"https:\/\/www.facebook.com\/Fuentes-Fidedignas-368234489921644","article_published_time":"2025-10-29T21:04:20+00:00","article_modified_time":"2025-10-29T23:01:35+00:00","og_image":[{"width":500,"height":401,"url":"https:\/\/fuentesfidedignas.com.mx\/wp-content\/uploads\/2025\/10\/WhatsApp-Image-2025-10-29-at-1.51.01-PM.jpeg","type":"image\/jpeg"}],"author":"Leonardo Gutierrez","twitter_card":"summary_large_image","twitter_creator":"@fidedignas","twitter_site":"@fidedignas","twitter_misc":{"Escrito por":"Leonardo Gutierrez","Tiempo de lectura":"4 minutos"},"schema":{"@context":"https:\/\/schema.org","@graph":[{"@type":"Article","@id":"https:\/\/fuentesfidedignas.com.mx\/index.php\/2025\/10\/29\/cronica-mexico-detenido-el-reclamo-del-campo-que-paraliza-al-pais\/#article","isPartOf":{"@id":"https:\/\/fuentesfidedignas.com.mx\/index.php\/2025\/10\/29\/cronica-mexico-detenido-el-reclamo-del-campo-que-paraliza-al-pais\/"},"author":{"name":"Leonardo Gutierrez","@id":"https:\/\/fuentesfidedignas.com.mx\/#\/schema\/person\/c77df25c00baae1d4fdc0340db6f364c"},"headline":"Cr\u00f3nica | M\u00e9xico detenido: el reclamo del campo que paraliza al pa\u00eds","datePublished":"2025-10-29T21:04:20+00:00","dateModified":"2025-10-29T23:01:35+00:00","mainEntityOfPage":{"@id":"https:\/\/fuentesfidedignas.com.mx\/index.php\/2025\/10\/29\/cronica-mexico-detenido-el-reclamo-del-campo-que-paraliza-al-pais\/"},"wordCount":692,"commentCount":0,"publisher":{"@id":"https:\/\/fuentesfidedignas.com.mx\/#organization"},"image":{"@id":"https:\/\/fuentesfidedignas.com.mx\/index.php\/2025\/10\/29\/cronica-mexico-detenido-el-reclamo-del-campo-que-paraliza-al-pais\/#primaryimage"},"thumbnailUrl":"https:\/\/fuentesfidedignas.com.mx\/wp-content\/uploads\/2025\/10\/WhatsApp-Image-2025-10-29-at-1.51.01-PM.jpeg","articleSection":["NOTICIAS NACIONALES"],"inLanguage":"es","potentialAction":[{"@type":"CommentAction","name":"Comment","target":["https:\/\/fuentesfidedignas.com.mx\/index.php\/2025\/10\/29\/cronica-mexico-detenido-el-reclamo-del-campo-que-paraliza-al-pais\/#respond"]}]},{"@type":"WebPage","@id":"https:\/\/fuentesfidedignas.com.mx\/index.php\/2025\/10\/29\/cronica-mexico-detenido-el-reclamo-del-campo-que-paraliza-al-pais\/","url":"https:\/\/fuentesfidedignas.com.mx\/index.php\/2025\/10\/29\/cronica-mexico-detenido-el-reclamo-del-campo-que-paraliza-al-pais\/","name":"Cr\u00f3nica | M\u00e9xico detenido: el reclamo del campo que paraliza al pa\u00eds - Fuentes Fidedignas","isPartOf":{"@id":"https:\/\/fuentesfidedignas.com.mx\/#website"},"primaryImageOfPage":{"@id":"https:\/\/fuentesfidedignas.com.mx\/index.php\/2025\/10\/29\/cronica-mexico-detenido-el-reclamo-del-campo-que-paraliza-al-pais\/#primaryimage"},"image":{"@id":"https:\/\/fuentesfidedignas.com.mx\/index.php\/2025\/10\/29\/cronica-mexico-detenido-el-reclamo-del-campo-que-paraliza-al-pais\/#primaryimage"},"thumbnailUrl":"https:\/\/fuentesfidedignas.com.mx\/wp-content\/uploads\/2025\/10\/WhatsApp-Image-2025-10-29-at-1.51.01-PM.jpeg","datePublished":"2025-10-29T21:04:20+00:00","dateModified":"2025-10-29T23:01:35+00:00","breadcrumb":{"@id":"https:\/\/fuentesfidedignas.com.mx\/index.php\/2025\/10\/29\/cronica-mexico-detenido-el-reclamo-del-campo-que-paraliza-al-pais\/#breadcrumb"},"inLanguage":"es","potentialAction":[{"@type":"ReadAction","target":["https:\/\/fuentesfidedignas.com.mx\/index.php\/2025\/10\/29\/cronica-mexico-detenido-el-reclamo-del-campo-que-paraliza-al-pais\/"]}]},{"@type":"ImageObject","inLanguage":"es","@id":"https:\/\/fuentesfidedignas.com.mx\/index.php\/2025\/10\/29\/cronica-mexico-detenido-el-reclamo-del-campo-que-paraliza-al-pais\/#primaryimage","url":"https:\/\/fuentesfidedignas.com.mx\/wp-content\/uploads\/2025\/10\/WhatsApp-Image-2025-10-29-at-1.51.01-PM.jpeg","contentUrl":"https:\/\/fuentesfidedignas.com.mx\/wp-content\/uploads\/2025\/10\/WhatsApp-Image-2025-10-29-at-1.51.01-PM.jpeg","width":500,"height":401},{"@type":"BreadcrumbList","@id":"https:\/\/fuentesfidedignas.com.mx\/index.php\/2025\/10\/29\/cronica-mexico-detenido-el-reclamo-del-campo-que-paraliza-al-pais\/#breadcrumb","itemListElement":[{"@type":"ListItem","position":1,"name":"Inicio","item":"https:\/\/fuentesfidedignas.com.mx\/"},{"@type":"ListItem","position":2,"name":"Cr\u00f3nica | M\u00e9xico detenido: el reclamo del campo que paraliza al pa\u00eds"}]},{"@type":"WebSite","@id":"https:\/\/fuentesfidedignas.com.mx\/#website","url":"https:\/\/fuentesfidedignas.com.mx\/","name":"Fuentes Fidedignas","description":"Otro sitio realizado con WordPress","publisher":{"@id":"https:\/\/fuentesfidedignas.com.mx\/#organization"},"potentialAction":[{"@type":"SearchAction","target":{"@type":"EntryPoint","urlTemplate":"https:\/\/fuentesfidedignas.com.mx\/?s={search_term_string}"},"query-input":{"@type":"PropertyValueSpecification","valueRequired":true,"valueName":"search_term_string"}}],"inLanguage":"es"},{"@type":"Organization","@id":"https:\/\/fuentesfidedignas.com.mx\/#organization","name":"Fuentes Fidedignas","url":"https:\/\/fuentesfidedignas.com.mx\/","logo":{"@type":"ImageObject","inLanguage":"es","@id":"https:\/\/fuentesfidedignas.com.mx\/#\/schema\/logo\/image\/","url":"https:\/\/fuentesfidedignas.com.mx\/wp-content\/uploads\/2021\/04\/logo-retina.png","contentUrl":"https:\/\/fuentesfidedignas.com.mx\/wp-content\/uploads\/2021\/04\/logo-retina.png","width":280,"height":51,"caption":"Fuentes Fidedignas"},"image":{"@id":"https:\/\/fuentesfidedignas.com.mx\/#\/schema\/logo\/image\/"},"sameAs":["https:\/\/www.facebook.com\/Fuentes-Fidedignas-368234489921644","https:\/\/x.com\/fidedignas"]},{"@type":"Person","@id":"https:\/\/fuentesfidedignas.com.mx\/#\/schema\/person\/c77df25c00baae1d4fdc0340db6f364c","name":"Leonardo Gutierrez","image":{"@type":"ImageObject","inLanguage":"es","@id":"https:\/\/secure.gravatar.com\/avatar\/17b13a7a986cc98ca4d7337340bcac5945cbae677961c354aefb3c7962c8cc1f?s=96&d=mm&r=g","url":"https:\/\/secure.gravatar.com\/avatar\/17b13a7a986cc98ca4d7337340bcac5945cbae677961c354aefb3c7962c8cc1f?s=96&d=mm&r=g","contentUrl":"https:\/\/secure.gravatar.com\/avatar\/17b13a7a986cc98ca4d7337340bcac5945cbae677961c354aefb3c7962c8cc1f?s=96&d=mm&r=g","caption":"Leonardo Gutierrez"},"url":"https:\/\/fuentesfidedignas.com.mx\/index.php\/author\/leonardogut\/"}]}},"_links":{"self":[{"href":"https:\/\/fuentesfidedignas.com.mx\/index.php\/wp-json\/wp\/v2\/posts\/120468","targetHints":{"allow":["GET"]}}],"collection":[{"href":"https:\/\/fuentesfidedignas.com.mx\/index.php\/wp-json\/wp\/v2\/posts"}],"about":[{"href":"https:\/\/fuentesfidedignas.com.mx\/index.php\/wp-json\/wp\/v2\/types\/post"}],"author":[{"embeddable":true,"href":"https:\/\/fuentesfidedignas.com.mx\/index.php\/wp-json\/wp\/v2\/users\/112"}],"replies":[{"embeddable":true,"href":"https:\/\/fuentesfidedignas.com.mx\/index.php\/wp-json\/wp\/v2\/comments?post=120468"}],"version-history":[{"count":1,"href":"https:\/\/fuentesfidedignas.com.mx\/index.php\/wp-json\/wp\/v2\/posts\/120468\/revisions"}],"predecessor-version":[{"id":120471,"href":"https:\/\/fuentesfidedignas.com.mx\/index.php\/wp-json\/wp\/v2\/posts\/120468\/revisions\/120471"}],"wp:featuredmedia":[{"embeddable":true,"href":"https:\/\/fuentesfidedignas.com.mx\/index.php\/wp-json\/wp\/v2\/media\/120469"}],"wp:attachment":[{"href":"https:\/\/fuentesfidedignas.com.mx\/index.php\/wp-json\/wp\/v2\/media?parent=120468"}],"wp:term":[{"taxonomy":"category","embeddable":true,"href":"https:\/\/fuentesfidedignas.com.mx\/index.php\/wp-json\/wp\/v2\/categories?post=120468"},{"taxonomy":"post_tag","embeddable":true,"href":"https:\/\/fuentesfidedignas.com.mx\/index.php\/wp-json\/wp\/v2\/tags?post=120468"}],"curies":[{"name":"wp","href":"https:\/\/api.w.org\/{rel}","templated":true}]}}