{"id":120357,"date":"2025-10-28T04:43:00","date_gmt":"2025-10-28T11:43:00","guid":{"rendered":"https:\/\/fuentesfidedignas.com.mx\/?p=120357"},"modified":"2025-10-27T21:47:06","modified_gmt":"2025-10-28T04:47:06","slug":"el-vivo-casi-se-va-con-el-muerto-repartidor-cae-en-una-fosa-durante-un-funeral-video","status":"publish","type":"post","link":"https:\/\/fuentesfidedignas.com.mx\/index.php\/2025\/10\/28\/el-vivo-casi-se-va-con-el-muerto-repartidor-cae-en-una-fosa-durante-un-funeral-video\/","title":{"rendered":"\u201cEl vivo casi se va con el muerto\u201d: repartidor cae en una fosa durante un funeral | VIDEO"},"content":{"rendered":"\n<p><strong><em>Un repartidor que entregaba flores en un funeral en Ecuador cay\u00f3 por accidente en la fosa del difunto, provocando risas, sorpresa y millones de reacciones en redes sociales.<\/em><\/strong><\/p>\n\n\n\n<p>Lo que deb\u00eda ser una solemne despedida en un cementerio de Ecuador termin\u00f3 convirti\u00e9ndose en una de las escenas m\u00e1s virales del momento. Un repartidor de flores acudi\u00f3 a entregar un arreglo durante un funeral, pero un descuido lo llev\u00f3 a protagonizar un accidente inesperado frente al ata\u00fad.<\/p>\n\n\n\n<p><br>En el video, grabado por una joven que asist\u00eda a la ceremonia, se observa al repartidor intentando abrirse paso entre los asistentes con un ramo en la mano. Todo parec\u00eda transcurrir con normalidad hasta que dio un paso en falso y cay\u00f3 directamente en la fosa donde reposar\u00eda el difunto, dejando a todos los presentes entre el asombro y la risa nerviosa.<\/p>\n\n\n\n<p>Varios asistentes corrieron de inmediato para ayudarlo a salir, mientras otros no pudieron contener la risa ante lo ins\u00f3lito de la situaci\u00f3n. En cuesti\u00f3n de segundos, el ambiente solemne se transform\u00f3 en una escena digna de comedia.<\/p>\n\n\n\n<p>El clip fue compartido en TikTok por la usuaria @zuly_bd, donde r\u00e1pidamente acumul\u00f3 m\u00e1s de 16 millones de reproducciones y cerca de un mill\u00f3n de \u201cme gusta\u201d, convirti\u00e9ndose en tendencia en la plataforma.<\/p>\n\n\n\n<blockquote class=\"tiktok-embed\" cite=\"https:\/\/www.tiktok.com\/@zuly_bd\/video\/7564196240481684743\" data-video-id=\"7564196240481684743\" style=\"max-width: 605px;min-width: 325px;\" > <section> <a target=\"_blank\" title=\"@zuly_bd\" href=\"https:\/\/www.tiktok.com\/@zuly_bd?refer=embed\">@zuly_bd<\/a> <p><\/p> <a target=\"_blank\" title=\"\u266c sonido original - Ramders Franco\u2764\ufe0f\" href=\"https:\/\/www.tiktok.com\/music\/sonido-original-7062791190806153989?refer=embed\">\u266c sonido original &#8211; Ramders Franco\u2764\ufe0f<\/a> <\/section> <\/blockquote> <script async src=\"https:\/\/www.tiktok.com\/embed.js\"><\/script>\n\n\n\n<p>Las reacciones no se hicieron esperar. Miles de usuarios dejaron comentarios entre el asombro y el humor:<\/p>\n\n\n\n<p>\u201c\u00bfTambi\u00e9n hacen entregas desde el m\u00e1s all\u00e1?\u201d.<br>\u201cPasaron del llanto a la risa en un segundo\u201d.<br>\u201cEl vivo se llev\u00f3 toda la atenci\u00f3n y el muerto casi se lleva al vivo\u201d.<br>\u201cSe lo quiso llevar con \u00e9l\u201d.<br>\u201cHasta el difunto se muri\u00f3 de la risa\u201d.<\/p>\n\n\n\n<p>Aunque el incidente no pas\u00f3 a mayores, la escena dej\u00f3 claro que ni los momentos m\u00e1s serios est\u00e1n exentos de convertirse en fen\u00f3menos virales.<\/p>\n","protected":false},"excerpt":{"rendered":"<p>Un repartidor que entregaba flores en un funeral en Ecuador cay\u00f3 por accidente en la fosa del difunto, provocando risas, sorpresa y millones de reacciones en redes sociales. Lo que deb\u00eda ser una solemne despedida en un cementerio de Ecuador termin\u00f3 convirti\u00e9ndose en una de las escenas m\u00e1s virales del momento. Un repartidor de flores [&hellip;]<\/p>\n","protected":false},"author":7,"featured_media":120358,"comment_status":"open","ping_status":"open","sticky":false,"template":"","format":"standard","meta":{"tdm_status":"","tdm_grid_status":"","footnotes":""},"categories":[40],"tags":[],"class_list":{"0":"post-120357","1":"post","2":"type-post","3":"status-publish","4":"format-standard","5":"has-post-thumbnail","7":"category-las-asombrosas"},"yoast_head":"<!-- This site is optimized with the Yoast SEO plugin v27.5 - https:\/\/yoast.com\/product\/yoast-seo-wordpress\/ -->\n<title>\u201cEl vivo casi se va con el muerto\u201d: repartidor cae en una fosa durante un funeral | VIDEO - Fuentes Fidedignas<\/title>\n<meta name=\"robots\" content=\"index, follow, max-snippet:-1, max-image-preview:large, max-video-preview:-1\" \/>\n<link rel=\"canonical\" href=\"https:\/\/fuentesfidedignas.com.mx\/index.php\/2025\/10\/28\/el-vivo-casi-se-va-con-el-muerto-repartidor-cae-en-una-fosa-durante-un-funeral-video\/\" \/>\n<meta property=\"og:locale\" content=\"es_MX\" \/>\n<meta property=\"og:type\" content=\"article\" \/>\n<meta property=\"og:title\" content=\"\u201cEl vivo casi se va con el muerto\u201d: repartidor cae en una fosa durante un funeral | VIDEO - Fuentes Fidedignas\" \/>\n<meta property=\"og:description\" content=\"Un repartidor que entregaba flores en un funeral en Ecuador cay\u00f3 por accidente en la fosa del difunto, provocando risas, sorpresa y millones de reacciones en redes sociales. Lo que deb\u00eda ser una solemne despedida en un cementerio de Ecuador termin\u00f3 convirti\u00e9ndose en una de las escenas m\u00e1s virales del momento. Un repartidor de flores [&hellip;]\" \/>\n<meta property=\"og:url\" content=\"https:\/\/fuentesfidedignas.com.mx\/index.php\/2025\/10\/28\/el-vivo-casi-se-va-con-el-muerto-repartidor-cae-en-una-fosa-durante-un-funeral-video\/\" \/>\n<meta property=\"og:site_name\" content=\"Fuentes Fidedignas\" \/>\n<meta property=\"article:publisher\" content=\"https:\/\/www.facebook.com\/Fuentes-Fidedignas-368234489921644\" \/>\n<meta property=\"article:published_time\" content=\"2025-10-28T11:43:00+00:00\" \/>\n<meta property=\"og:image\" content=\"https:\/\/fuentesfidedignas.com.mx\/wp-content\/uploads\/2025\/10\/uber_entierro.jpg\" \/>\n\t<meta property=\"og:image:width\" content=\"500\" \/>\n\t<meta property=\"og:image:height\" content=\"339\" \/>\n\t<meta property=\"og:image:type\" content=\"image\/jpeg\" \/>\n<meta name=\"author\" content=\"Exc\u00e9lsior\" \/>\n<meta name=\"twitter:card\" content=\"summary_large_image\" \/>\n<meta name=\"twitter:creator\" content=\"@fidedignas\" \/>\n<meta name=\"twitter:site\" content=\"@fidedignas\" \/>\n<meta name=\"twitter:label1\" content=\"Escrito por\" \/>\n\t<meta name=\"twitter:data1\" content=\"Exc\u00e9lsior\" \/>\n\t<meta name=\"twitter:label2\" content=\"Tiempo de lectura\" \/>\n\t<meta name=\"twitter:data2\" content=\"2 minutos\" \/>\n<script type=\"application\/ld+json\" class=\"yoast-schema-graph\">{\"@context\":\"https:\\\/\\\/schema.org\",\"@graph\":[{\"@type\":\"Article\",\"@id\":\"https:\\\/\\\/fuentesfidedignas.com.mx\\\/index.php\\\/2025\\\/10\\\/28\\\/el-vivo-casi-se-va-con-el-muerto-repartidor-cae-en-una-fosa-durante-un-funeral-video\\\/#article\",\"isPartOf\":{\"@id\":\"https:\\\/\\\/fuentesfidedignas.com.mx\\\/index.php\\\/2025\\\/10\\\/28\\\/el-vivo-casi-se-va-con-el-muerto-repartidor-cae-en-una-fosa-durante-un-funeral-video\\\/\"},\"author\":{\"name\":\"Exc\u00e9lsior\",\"@id\":\"https:\\\/\\\/fuentesfidedignas.com.mx\\\/#\\\/schema\\\/person\\\/ec4edd1fbf5efa3e44fce34fe2787780\"},\"headline\":\"\u201cEl vivo casi se va con el muerto\u201d: repartidor cae en una fosa durante un funeral | VIDEO\",\"datePublished\":\"2025-10-28T11:43:00+00:00\",\"mainEntityOfPage\":{\"@id\":\"https:\\\/\\\/fuentesfidedignas.com.mx\\\/index.php\\\/2025\\\/10\\\/28\\\/el-vivo-casi-se-va-con-el-muerto-repartidor-cae-en-una-fosa-durante-un-funeral-video\\\/\"},\"wordCount\":338,\"commentCount\":0,\"publisher\":{\"@id\":\"https:\\\/\\\/fuentesfidedignas.com.mx\\\/#organization\"},\"image\":{\"@id\":\"https:\\\/\\\/fuentesfidedignas.com.mx\\\/index.php\\\/2025\\\/10\\\/28\\\/el-vivo-casi-se-va-con-el-muerto-repartidor-cae-en-una-fosa-durante-un-funeral-video\\\/#primaryimage\"},\"thumbnailUrl\":\"https:\\\/\\\/fuentesfidedignas.com.mx\\\/wp-content\\\/uploads\\\/2025\\\/10\\\/uber_entierro.jpg\",\"articleSection\":[\"LAS ASOMBROSAS\"],\"inLanguage\":\"es\",\"potentialAction\":[{\"@type\":\"CommentAction\",\"name\":\"Comment\",\"target\":[\"https:\\\/\\\/fuentesfidedignas.com.mx\\\/index.php\\\/2025\\\/10\\\/28\\\/el-vivo-casi-se-va-con-el-muerto-repartidor-cae-en-una-fosa-durante-un-funeral-video\\\/#respond\"]}]},{\"@type\":\"WebPage\",\"@id\":\"https:\\\/\\\/fuentesfidedignas.com.mx\\\/index.php\\\/2025\\\/10\\\/28\\\/el-vivo-casi-se-va-con-el-muerto-repartidor-cae-en-una-fosa-durante-un-funeral-video\\\/\",\"url\":\"https:\\\/\\\/fuentesfidedignas.com.mx\\\/index.php\\\/2025\\\/10\\\/28\\\/el-vivo-casi-se-va-con-el-muerto-repartidor-cae-en-una-fosa-durante-un-funeral-video\\\/\",\"name\":\"\u201cEl vivo casi se va con el muerto\u201d: repartidor cae en una fosa durante un funeral | VIDEO - Fuentes Fidedignas\",\"isPartOf\":{\"@id\":\"https:\\\/\\\/fuentesfidedignas.com.mx\\\/#website\"},\"primaryImageOfPage\":{\"@id\":\"https:\\\/\\\/fuentesfidedignas.com.mx\\\/index.php\\\/2025\\\/10\\\/28\\\/el-vivo-casi-se-va-con-el-muerto-repartidor-cae-en-una-fosa-durante-un-funeral-video\\\/#primaryimage\"},\"image\":{\"@id\":\"https:\\\/\\\/fuentesfidedignas.com.mx\\\/index.php\\\/2025\\\/10\\\/28\\\/el-vivo-casi-se-va-con-el-muerto-repartidor-cae-en-una-fosa-durante-un-funeral-video\\\/#primaryimage\"},\"thumbnailUrl\":\"https:\\\/\\\/fuentesfidedignas.com.mx\\\/wp-content\\\/uploads\\\/2025\\\/10\\\/uber_entierro.jpg\",\"datePublished\":\"2025-10-28T11:43:00+00:00\",\"breadcrumb\":{\"@id\":\"https:\\\/\\\/fuentesfidedignas.com.mx\\\/index.php\\\/2025\\\/10\\\/28\\\/el-vivo-casi-se-va-con-el-muerto-repartidor-cae-en-una-fosa-durante-un-funeral-video\\\/#breadcrumb\"},\"inLanguage\":\"es\",\"potentialAction\":[{\"@type\":\"ReadAction\",\"target\":[\"https:\\\/\\\/fuentesfidedignas.com.mx\\\/index.php\\\/2025\\\/10\\\/28\\\/el-vivo-casi-se-va-con-el-muerto-repartidor-cae-en-una-fosa-durante-un-funeral-video\\\/\"]}]},{\"@type\":\"ImageObject\",\"inLanguage\":\"es\",\"@id\":\"https:\\\/\\\/fuentesfidedignas.com.mx\\\/index.php\\\/2025\\\/10\\\/28\\\/el-vivo-casi-se-va-con-el-muerto-repartidor-cae-en-una-fosa-durante-un-funeral-video\\\/#primaryimage\",\"url\":\"https:\\\/\\\/fuentesfidedignas.com.mx\\\/wp-content\\\/uploads\\\/2025\\\/10\\\/uber_entierro.jpg\",\"contentUrl\":\"https:\\\/\\\/fuentesfidedignas.com.mx\\\/wp-content\\\/uploads\\\/2025\\\/10\\\/uber_entierro.jpg\",\"width\":500,\"height\":339},{\"@type\":\"BreadcrumbList\",\"@id\":\"https:\\\/\\\/fuentesfidedignas.com.mx\\\/index.php\\\/2025\\\/10\\\/28\\\/el-vivo-casi-se-va-con-el-muerto-repartidor-cae-en-una-fosa-durante-un-funeral-video\\\/#breadcrumb\",\"itemListElement\":[{\"@type\":\"ListItem\",\"position\":1,\"name\":\"Inicio\",\"item\":\"https:\\\/\\\/fuentesfidedignas.com.mx\\\/\"},{\"@type\":\"ListItem\",\"position\":2,\"name\":\"\u201cEl vivo casi se va con el muerto\u201d: repartidor cae en una fosa durante un funeral | VIDEO\"}]},{\"@type\":\"WebSite\",\"@id\":\"https:\\\/\\\/fuentesfidedignas.com.mx\\\/#website\",\"url\":\"https:\\\/\\\/fuentesfidedignas.com.mx\\\/\",\"name\":\"Fuentes Fidedignas\",\"description\":\"Otro sitio realizado con WordPress\",\"publisher\":{\"@id\":\"https:\\\/\\\/fuentesfidedignas.com.mx\\\/#organization\"},\"potentialAction\":[{\"@type\":\"SearchAction\",\"target\":{\"@type\":\"EntryPoint\",\"urlTemplate\":\"https:\\\/\\\/fuentesfidedignas.com.mx\\\/?s={search_term_string}\"},\"query-input\":{\"@type\":\"PropertyValueSpecification\",\"valueRequired\":true,\"valueName\":\"search_term_string\"}}],\"inLanguage\":\"es\"},{\"@type\":\"Organization\",\"@id\":\"https:\\\/\\\/fuentesfidedignas.com.mx\\\/#organization\",\"name\":\"Fuentes Fidedignas\",\"url\":\"https:\\\/\\\/fuentesfidedignas.com.mx\\\/\",\"logo\":{\"@type\":\"ImageObject\",\"inLanguage\":\"es\",\"@id\":\"https:\\\/\\\/fuentesfidedignas.com.mx\\\/#\\\/schema\\\/logo\\\/image\\\/\",\"url\":\"https:\\\/\\\/fuentesfidedignas.com.mx\\\/wp-content\\\/uploads\\\/2021\\\/04\\\/logo-retina.png\",\"contentUrl\":\"https:\\\/\\\/fuentesfidedignas.com.mx\\\/wp-content\\\/uploads\\\/2021\\\/04\\\/logo-retina.png\",\"width\":280,\"height\":51,\"caption\":\"Fuentes Fidedignas\"},\"image\":{\"@id\":\"https:\\\/\\\/fuentesfidedignas.com.mx\\\/#\\\/schema\\\/logo\\\/image\\\/\"},\"sameAs\":[\"https:\\\/\\\/www.facebook.com\\\/Fuentes-Fidedignas-368234489921644\",\"https:\\\/\\\/x.com\\\/fidedignas\"]},{\"@type\":\"Person\",\"@id\":\"https:\\\/\\\/fuentesfidedignas.com.mx\\\/#\\\/schema\\\/person\\\/ec4edd1fbf5efa3e44fce34fe2787780\",\"name\":\"Exc\u00e9lsior\",\"image\":{\"@type\":\"ImageObject\",\"inLanguage\":\"es\",\"@id\":\"https:\\\/\\\/secure.gravatar.com\\\/avatar\\\/4b7ee9206b48be08447852b3f0814dbc7c0f3b51541b164f1464a2725614020b?s=96&d=mm&r=g\",\"url\":\"https:\\\/\\\/secure.gravatar.com\\\/avatar\\\/4b7ee9206b48be08447852b3f0814dbc7c0f3b51541b164f1464a2725614020b?s=96&d=mm&r=g\",\"contentUrl\":\"https:\\\/\\\/secure.gravatar.com\\\/avatar\\\/4b7ee9206b48be08447852b3f0814dbc7c0f3b51541b164f1464a2725614020b?s=96&d=mm&r=g\",\"caption\":\"Exc\u00e9lsior\"},\"url\":\"https:\\\/\\\/fuentesfidedignas.com.mx\\\/index.php\\\/author\\\/excelsior\\\/\"}]}<\/script>\n<!-- \/ Yoast SEO plugin. -->","yoast_head_json":{"title":"\u201cEl vivo casi se va con el muerto\u201d: repartidor cae en una fosa durante un funeral | VIDEO - Fuentes Fidedignas","robots":{"index":"index","follow":"follow","max-snippet":"max-snippet:-1","max-image-preview":"max-image-preview:large","max-video-preview":"max-video-preview:-1"},"canonical":"https:\/\/fuentesfidedignas.com.mx\/index.php\/2025\/10\/28\/el-vivo-casi-se-va-con-el-muerto-repartidor-cae-en-una-fosa-durante-un-funeral-video\/","og_locale":"es_MX","og_type":"article","og_title":"\u201cEl vivo casi se va con el muerto\u201d: repartidor cae en una fosa durante un funeral | VIDEO - Fuentes Fidedignas","og_description":"Un repartidor que entregaba flores en un funeral en Ecuador cay\u00f3 por accidente en la fosa del difunto, provocando risas, sorpresa y millones de reacciones en redes sociales. Lo que deb\u00eda ser una solemne despedida en un cementerio de Ecuador termin\u00f3 convirti\u00e9ndose en una de las escenas m\u00e1s virales del momento. Un repartidor de flores [&hellip;]","og_url":"https:\/\/fuentesfidedignas.com.mx\/index.php\/2025\/10\/28\/el-vivo-casi-se-va-con-el-muerto-repartidor-cae-en-una-fosa-durante-un-funeral-video\/","og_site_name":"Fuentes Fidedignas","article_publisher":"https:\/\/www.facebook.com\/Fuentes-Fidedignas-368234489921644","article_published_time":"2025-10-28T11:43:00+00:00","og_image":[{"width":500,"height":339,"url":"https:\/\/fuentesfidedignas.com.mx\/wp-content\/uploads\/2025\/10\/uber_entierro.jpg","type":"image\/jpeg"}],"author":"Exc\u00e9lsior","twitter_card":"summary_large_image","twitter_creator":"@fidedignas","twitter_site":"@fidedignas","twitter_misc":{"Escrito por":"Exc\u00e9lsior","Tiempo de lectura":"2 minutos"},"schema":{"@context":"https:\/\/schema.org","@graph":[{"@type":"Article","@id":"https:\/\/fuentesfidedignas.com.mx\/index.php\/2025\/10\/28\/el-vivo-casi-se-va-con-el-muerto-repartidor-cae-en-una-fosa-durante-un-funeral-video\/#article","isPartOf":{"@id":"https:\/\/fuentesfidedignas.com.mx\/index.php\/2025\/10\/28\/el-vivo-casi-se-va-con-el-muerto-repartidor-cae-en-una-fosa-durante-un-funeral-video\/"},"author":{"name":"Exc\u00e9lsior","@id":"https:\/\/fuentesfidedignas.com.mx\/#\/schema\/person\/ec4edd1fbf5efa3e44fce34fe2787780"},"headline":"\u201cEl vivo casi se va con el muerto\u201d: repartidor cae en una fosa durante un funeral | VIDEO","datePublished":"2025-10-28T11:43:00+00:00","mainEntityOfPage":{"@id":"https:\/\/fuentesfidedignas.com.mx\/index.php\/2025\/10\/28\/el-vivo-casi-se-va-con-el-muerto-repartidor-cae-en-una-fosa-durante-un-funeral-video\/"},"wordCount":338,"commentCount":0,"publisher":{"@id":"https:\/\/fuentesfidedignas.com.mx\/#organization"},"image":{"@id":"https:\/\/fuentesfidedignas.com.mx\/index.php\/2025\/10\/28\/el-vivo-casi-se-va-con-el-muerto-repartidor-cae-en-una-fosa-durante-un-funeral-video\/#primaryimage"},"thumbnailUrl":"https:\/\/fuentesfidedignas.com.mx\/wp-content\/uploads\/2025\/10\/uber_entierro.jpg","articleSection":["LAS ASOMBROSAS"],"inLanguage":"es","potentialAction":[{"@type":"CommentAction","name":"Comment","target":["https:\/\/fuentesfidedignas.com.mx\/index.php\/2025\/10\/28\/el-vivo-casi-se-va-con-el-muerto-repartidor-cae-en-una-fosa-durante-un-funeral-video\/#respond"]}]},{"@type":"WebPage","@id":"https:\/\/fuentesfidedignas.com.mx\/index.php\/2025\/10\/28\/el-vivo-casi-se-va-con-el-muerto-repartidor-cae-en-una-fosa-durante-un-funeral-video\/","url":"https:\/\/fuentesfidedignas.com.mx\/index.php\/2025\/10\/28\/el-vivo-casi-se-va-con-el-muerto-repartidor-cae-en-una-fosa-durante-un-funeral-video\/","name":"\u201cEl vivo casi se va con el muerto\u201d: repartidor cae en una fosa durante un funeral | VIDEO - Fuentes Fidedignas","isPartOf":{"@id":"https:\/\/fuentesfidedignas.com.mx\/#website"},"primaryImageOfPage":{"@id":"https:\/\/fuentesfidedignas.com.mx\/index.php\/2025\/10\/28\/el-vivo-casi-se-va-con-el-muerto-repartidor-cae-en-una-fosa-durante-un-funeral-video\/#primaryimage"},"image":{"@id":"https:\/\/fuentesfidedignas.com.mx\/index.php\/2025\/10\/28\/el-vivo-casi-se-va-con-el-muerto-repartidor-cae-en-una-fosa-durante-un-funeral-video\/#primaryimage"},"thumbnailUrl":"https:\/\/fuentesfidedignas.com.mx\/wp-content\/uploads\/2025\/10\/uber_entierro.jpg","datePublished":"2025-10-28T11:43:00+00:00","breadcrumb":{"@id":"https:\/\/fuentesfidedignas.com.mx\/index.php\/2025\/10\/28\/el-vivo-casi-se-va-con-el-muerto-repartidor-cae-en-una-fosa-durante-un-funeral-video\/#breadcrumb"},"inLanguage":"es","potentialAction":[{"@type":"ReadAction","target":["https:\/\/fuentesfidedignas.com.mx\/index.php\/2025\/10\/28\/el-vivo-casi-se-va-con-el-muerto-repartidor-cae-en-una-fosa-durante-un-funeral-video\/"]}]},{"@type":"ImageObject","inLanguage":"es","@id":"https:\/\/fuentesfidedignas.com.mx\/index.php\/2025\/10\/28\/el-vivo-casi-se-va-con-el-muerto-repartidor-cae-en-una-fosa-durante-un-funeral-video\/#primaryimage","url":"https:\/\/fuentesfidedignas.com.mx\/wp-content\/uploads\/2025\/10\/uber_entierro.jpg","contentUrl":"https:\/\/fuentesfidedignas.com.mx\/wp-content\/uploads\/2025\/10\/uber_entierro.jpg","width":500,"height":339},{"@type":"BreadcrumbList","@id":"https:\/\/fuentesfidedignas.com.mx\/index.php\/2025\/10\/28\/el-vivo-casi-se-va-con-el-muerto-repartidor-cae-en-una-fosa-durante-un-funeral-video\/#breadcrumb","itemListElement":[{"@type":"ListItem","position":1,"name":"Inicio","item":"https:\/\/fuentesfidedignas.com.mx\/"},{"@type":"ListItem","position":2,"name":"\u201cEl vivo casi se va con el muerto\u201d: repartidor cae en una fosa durante un funeral | VIDEO"}]},{"@type":"WebSite","@id":"https:\/\/fuentesfidedignas.com.mx\/#website","url":"https:\/\/fuentesfidedignas.com.mx\/","name":"Fuentes Fidedignas","description":"Otro sitio realizado con WordPress","publisher":{"@id":"https:\/\/fuentesfidedignas.com.mx\/#organization"},"potentialAction":[{"@type":"SearchAction","target":{"@type":"EntryPoint","urlTemplate":"https:\/\/fuentesfidedignas.com.mx\/?s={search_term_string}"},"query-input":{"@type":"PropertyValueSpecification","valueRequired":true,"valueName":"search_term_string"}}],"inLanguage":"es"},{"@type":"Organization","@id":"https:\/\/fuentesfidedignas.com.mx\/#organization","name":"Fuentes Fidedignas","url":"https:\/\/fuentesfidedignas.com.mx\/","logo":{"@type":"ImageObject","inLanguage":"es","@id":"https:\/\/fuentesfidedignas.com.mx\/#\/schema\/logo\/image\/","url":"https:\/\/fuentesfidedignas.com.mx\/wp-content\/uploads\/2021\/04\/logo-retina.png","contentUrl":"https:\/\/fuentesfidedignas.com.mx\/wp-content\/uploads\/2021\/04\/logo-retina.png","width":280,"height":51,"caption":"Fuentes Fidedignas"},"image":{"@id":"https:\/\/fuentesfidedignas.com.mx\/#\/schema\/logo\/image\/"},"sameAs":["https:\/\/www.facebook.com\/Fuentes-Fidedignas-368234489921644","https:\/\/x.com\/fidedignas"]},{"@type":"Person","@id":"https:\/\/fuentesfidedignas.com.mx\/#\/schema\/person\/ec4edd1fbf5efa3e44fce34fe2787780","name":"Exc\u00e9lsior","image":{"@type":"ImageObject","inLanguage":"es","@id":"https:\/\/secure.gravatar.com\/avatar\/4b7ee9206b48be08447852b3f0814dbc7c0f3b51541b164f1464a2725614020b?s=96&d=mm&r=g","url":"https:\/\/secure.gravatar.com\/avatar\/4b7ee9206b48be08447852b3f0814dbc7c0f3b51541b164f1464a2725614020b?s=96&d=mm&r=g","contentUrl":"https:\/\/secure.gravatar.com\/avatar\/4b7ee9206b48be08447852b3f0814dbc7c0f3b51541b164f1464a2725614020b?s=96&d=mm&r=g","caption":"Exc\u00e9lsior"},"url":"https:\/\/fuentesfidedignas.com.mx\/index.php\/author\/excelsior\/"}]}},"_links":{"self":[{"href":"https:\/\/fuentesfidedignas.com.mx\/index.php\/wp-json\/wp\/v2\/posts\/120357","targetHints":{"allow":["GET"]}}],"collection":[{"href":"https:\/\/fuentesfidedignas.com.mx\/index.php\/wp-json\/wp\/v2\/posts"}],"about":[{"href":"https:\/\/fuentesfidedignas.com.mx\/index.php\/wp-json\/wp\/v2\/types\/post"}],"author":[{"embeddable":true,"href":"https:\/\/fuentesfidedignas.com.mx\/index.php\/wp-json\/wp\/v2\/users\/7"}],"replies":[{"embeddable":true,"href":"https:\/\/fuentesfidedignas.com.mx\/index.php\/wp-json\/wp\/v2\/comments?post=120357"}],"version-history":[{"count":1,"href":"https:\/\/fuentesfidedignas.com.mx\/index.php\/wp-json\/wp\/v2\/posts\/120357\/revisions"}],"predecessor-version":[{"id":120359,"href":"https:\/\/fuentesfidedignas.com.mx\/index.php\/wp-json\/wp\/v2\/posts\/120357\/revisions\/120359"}],"wp:featuredmedia":[{"embeddable":true,"href":"https:\/\/fuentesfidedignas.com.mx\/index.php\/wp-json\/wp\/v2\/media\/120358"}],"wp:attachment":[{"href":"https:\/\/fuentesfidedignas.com.mx\/index.php\/wp-json\/wp\/v2\/media?parent=120357"}],"wp:term":[{"taxonomy":"category","embeddable":true,"href":"https:\/\/fuentesfidedignas.com.mx\/index.php\/wp-json\/wp\/v2\/categories?post=120357"},{"taxonomy":"post_tag","embeddable":true,"href":"https:\/\/fuentesfidedignas.com.mx\/index.php\/wp-json\/wp\/v2\/tags?post=120357"}],"curies":[{"name":"wp","href":"https:\/\/api.w.org\/{rel}","templated":true}]}}