{"id":120043,"date":"2025-10-24T00:00:00","date_gmt":"2025-10-24T07:00:00","guid":{"rendered":"https:\/\/fuentesfidedignas.com.mx\/?p=120043"},"modified":"2025-10-23T12:13:08","modified_gmt":"2025-10-23T19:13:08","slug":"video-abuelito-celebra-sus-83-anos-con-fiesta-tematica-de-programa-de-tv","status":"publish","type":"post","link":"https:\/\/fuentesfidedignas.com.mx\/index.php\/2025\/10\/24\/video-abuelito-celebra-sus-83-anos-con-fiesta-tematica-de-programa-de-tv\/","title":{"rendered":"VIDEO: Abuelito celebra sus 83 a\u00f1os con fiesta tem\u00e1tica de programa de TV"},"content":{"rendered":"\n<p><br><strong><em>Un abuelito celebr\u00f3 su cumplea\u00f1os 83 con una fiesta tem\u00e1tica<\/em><\/strong><\/p>\n\n\n\n<p>En M\u00e9xico, algunos programas de televisi\u00f3n logran conquistar el coraz\u00f3n de su audiencia.&nbsp;Aunque podr\u00eda pensarse que su p\u00fablico es limitado, la historia de un abuelo ha demostrado lo contrario.<\/p>\n\n\n\n<p>Una usuaria de redes sociales comparti\u00f3 un video en&nbsp;<strong>TikTok que muestra a Don Rafa,<\/strong>&nbsp;un hombre que se declar\u00f3 fan n\u00famero uno del programa,&nbsp;<strong>celebrando su cumplea\u00f1os n\u00famero 83 con una fiesta<\/strong>&nbsp;llena de recuerdos y detalles relacionados con su show favorito.<\/p>\n\n\n\n<p>El clip, publicado en la cuenta\u00a0itscorinaroman, captura momentos emotivos donde\u00a0<strong>Don Rafa recibe felicitaciones rodeado de familiares<\/strong>, luciendo una sonrisa llena de alegr\u00eda. Entre los elementos m\u00e1s destacados est\u00e1 un pastel tem\u00e1tico que incluye el rostro de Roc\u00edo y una foto del propio homenajeado, un detalle cuidadosamente preparado por su familia.<\/p>\n\n\n\n<figure class=\"wp-block-embed is-type-video is-provider-tiktok wp-block-embed-tiktok\"><div class=\"wp-block-embed__wrapper\">\n<blockquote class=\"tiktok-embed\" cite=\"https:\/\/www.tiktok.com\/@itscorinaroman\/video\/7562750059969039634\" data-video-id=\"7562750059969039634\" data-embed-from=\"oembed\" style=\"max-width:605px; min-width:325px;\"> <section> <a target=\"_blank\" title=\"@itscorinaroman\" href=\"https:\/\/www.tiktok.com\/@itscorinaroman?refer=embed\">@itscorinaroman<\/a> <p>Ay\u00fadame a etiquetarla para que le mande un saludo jajaja \ud83e\udd79\ud83e\udd79\ud83e\udd79 <a title=\"acercatearocio\" target=\"_blank\" href=\"https:\/\/www.tiktok.com\/tag\/acercatearocio?refer=embed\">#acercatearocio<\/a> <a title=\"rociosanchezazuara\" target=\"_blank\" href=\"https:\/\/www.tiktok.com\/tag\/rociosanchezazuara?refer=embed\">#rociosanchezazuara<\/a> @Roc\u00edo S\u00e1nchez Azuara <a title=\"fyp\" target=\"_blank\" href=\"https:\/\/www.tiktok.com\/tag\/fyp?refer=embed\">#fyp<\/a> <a title=\"viral\" target=\"_blank\" href=\"https:\/\/www.tiktok.com\/tag\/viral?refer=embed\">#viral<\/a> <\/p> <a target=\"_blank\" title=\"\u266c sonido original - CORINARo\ud83c\udff9\" href=\"https:\/\/www.tiktok.com\/music\/sonido-original-7562750083637365521?refer=embed\">\u266c sonido original &#8211; CORINARo\ud83c\udff9<\/a> <\/section> <\/blockquote> <script async src=\"https:\/\/www.tiktok.com\/embed.js\"><\/script>\n<\/div><\/figure>\n\n\n\n<p>La nieta de Don Rafa fue quien document\u00f3 la celebraci\u00f3n, mostrando c\u00f3mo el amor por el programa se hizo presente en<strong>&nbsp;cada rinc\u00f3n del festejo.&nbsp;<\/strong>La emoci\u00f3n del abuelo era evidente, agradecido por la sorpresa y por la dedicaci\u00f3n de quienes organizaron este d\u00eda especial.<\/p>\n\n\n\n<p>Lo que comenz\u00f3 como un video familiar se convirti\u00f3 en tendencia r\u00e1pidamente, sorprendiendo a miles en internet por la pasi\u00f3n de<strong>&nbsp;Don Rafa hacia un programa televisivo.&nbsp;<\/strong>Adem\u00e1s, su familia logr\u00f3 que la celebraci\u00f3n fuera transmitida en televisi\u00f3n, a\u00f1adiendo un toque a\u00fan m\u00e1s&nbsp;<strong>especial para el fan\u00e1tico.<\/strong><\/p>\n\n\n\n<h2 class=\"wp-block-heading\"><strong>Don Rafa espera un saludo especial<\/strong><\/h2>\n\n\n\n<p>Con la intenci\u00f3n de que la conductora del programa,<strong>&nbsp;Roc\u00edo, se enterara del homenaje,&nbsp;<\/strong>la familia comparti\u00f3 el video en redes sociales,<strong>&nbsp;esperando recibir un saludo especial para Don Rafa.&nbsp;<\/strong>Hasta el momento, el video ha alcanzado millones de reproducciones, reflejando el impacto que ha tenido entre los usuarios.<\/p>\n\n\n\n<p><strong>\u201cAy\u00fadame a etiquetarla para que le mande un saludo, jajaja\u201d, pidi\u00f3 la nieta en TikTok, manteniendo viva la esperanza de una respuesta de Roc\u00edo, que a\u00fan no ha confirmado si ver\u00e1 el mensaje.<\/strong><\/p>\n","protected":false},"excerpt":{"rendered":"<p>Un abuelito celebr\u00f3 su cumplea\u00f1os 83 con una fiesta tem\u00e1tica En M\u00e9xico, algunos programas de televisi\u00f3n logran conquistar el coraz\u00f3n de su audiencia.&nbsp;Aunque podr\u00eda pensarse que su p\u00fablico es limitado, la historia de un abuelo ha demostrado lo contrario. Una usuaria de redes sociales comparti\u00f3 un video en&nbsp;TikTok que muestra a Don Rafa,&nbsp;un hombre que [&hellip;]<\/p>\n","protected":false},"author":11,"featured_media":120046,"comment_status":"open","ping_status":"open","sticky":false,"template":"","format":"standard","meta":{"tdm_status":"","tdm_grid_status":"","footnotes":""},"categories":[40],"tags":[],"class_list":{"0":"post-120043","1":"post","2":"type-post","3":"status-publish","4":"format-standard","5":"has-post-thumbnail","7":"category-las-asombrosas"},"yoast_head":"<!-- This site is optimized with the Yoast SEO plugin v27.5 - https:\/\/yoast.com\/product\/yoast-seo-wordpress\/ -->\n<title>VIDEO: Abuelito celebra sus 83 a\u00f1os con fiesta tem\u00e1tica de programa de TV - Fuentes Fidedignas<\/title>\n<meta name=\"robots\" content=\"index, follow, max-snippet:-1, max-image-preview:large, max-video-preview:-1\" \/>\n<link rel=\"canonical\" href=\"https:\/\/fuentesfidedignas.com.mx\/index.php\/2025\/10\/24\/video-abuelito-celebra-sus-83-anos-con-fiesta-tematica-de-programa-de-tv\/\" \/>\n<meta property=\"og:locale\" content=\"es_MX\" \/>\n<meta property=\"og:type\" content=\"article\" \/>\n<meta property=\"og:title\" content=\"VIDEO: Abuelito celebra sus 83 a\u00f1os con fiesta tem\u00e1tica de programa de TV - Fuentes Fidedignas\" \/>\n<meta property=\"og:description\" content=\"Un abuelito celebr\u00f3 su cumplea\u00f1os 83 con una fiesta tem\u00e1tica En M\u00e9xico, algunos programas de televisi\u00f3n logran conquistar el coraz\u00f3n de su audiencia.&nbsp;Aunque podr\u00eda pensarse que su p\u00fablico es limitado, la historia de un abuelo ha demostrado lo contrario. Una usuaria de redes sociales comparti\u00f3 un video en&nbsp;TikTok que muestra a Don Rafa,&nbsp;un hombre que [&hellip;]\" \/>\n<meta property=\"og:url\" content=\"https:\/\/fuentesfidedignas.com.mx\/index.php\/2025\/10\/24\/video-abuelito-celebra-sus-83-anos-con-fiesta-tematica-de-programa-de-tv\/\" \/>\n<meta property=\"og:site_name\" content=\"Fuentes Fidedignas\" \/>\n<meta property=\"article:publisher\" content=\"https:\/\/www.facebook.com\/Fuentes-Fidedignas-368234489921644\" \/>\n<meta property=\"article:published_time\" content=\"2025-10-24T07:00:00+00:00\" \/>\n<meta property=\"og:image\" content=\"https:\/\/fuentesfidedignas.com.mx\/wp-content\/uploads\/2025\/10\/Captura-de-pantalla-36.jpg\" \/>\n\t<meta property=\"og:image:width\" content=\"686\" \/>\n\t<meta property=\"og:image:height\" content=\"423\" \/>\n\t<meta property=\"og:image:type\" content=\"image\/jpeg\" \/>\n<meta name=\"author\" content=\"Marissa Palafox\" \/>\n<meta name=\"twitter:card\" content=\"summary_large_image\" \/>\n<meta name=\"twitter:creator\" content=\"@fidedignas\" \/>\n<meta name=\"twitter:site\" content=\"@fidedignas\" \/>\n<meta name=\"twitter:label1\" content=\"Escrito por\" \/>\n\t<meta name=\"twitter:data1\" content=\"Marissa Palafox\" \/>\n\t<meta name=\"twitter:label2\" content=\"Tiempo de lectura\" \/>\n\t<meta name=\"twitter:data2\" content=\"2 minutos\" \/>\n<script type=\"application\/ld+json\" class=\"yoast-schema-graph\">{\"@context\":\"https:\\\/\\\/schema.org\",\"@graph\":[{\"@type\":\"Article\",\"@id\":\"https:\\\/\\\/fuentesfidedignas.com.mx\\\/index.php\\\/2025\\\/10\\\/24\\\/video-abuelito-celebra-sus-83-anos-con-fiesta-tematica-de-programa-de-tv\\\/#article\",\"isPartOf\":{\"@id\":\"https:\\\/\\\/fuentesfidedignas.com.mx\\\/index.php\\\/2025\\\/10\\\/24\\\/video-abuelito-celebra-sus-83-anos-con-fiesta-tematica-de-programa-de-tv\\\/\"},\"author\":{\"name\":\"Marissa Palafox\",\"@id\":\"https:\\\/\\\/fuentesfidedignas.com.mx\\\/#\\\/schema\\\/person\\\/2c10028b4a30078c05a056a215342ab9\"},\"headline\":\"VIDEO: Abuelito celebra sus 83 a\u00f1os con fiesta tem\u00e1tica de programa de TV\",\"datePublished\":\"2025-10-24T07:00:00+00:00\",\"mainEntityOfPage\":{\"@id\":\"https:\\\/\\\/fuentesfidedignas.com.mx\\\/index.php\\\/2025\\\/10\\\/24\\\/video-abuelito-celebra-sus-83-anos-con-fiesta-tematica-de-programa-de-tv\\\/\"},\"wordCount\":417,\"commentCount\":0,\"publisher\":{\"@id\":\"https:\\\/\\\/fuentesfidedignas.com.mx\\\/#organization\"},\"image\":{\"@id\":\"https:\\\/\\\/fuentesfidedignas.com.mx\\\/index.php\\\/2025\\\/10\\\/24\\\/video-abuelito-celebra-sus-83-anos-con-fiesta-tematica-de-programa-de-tv\\\/#primaryimage\"},\"thumbnailUrl\":\"https:\\\/\\\/fuentesfidedignas.com.mx\\\/wp-content\\\/uploads\\\/2025\\\/10\\\/Captura-de-pantalla-36.jpg\",\"articleSection\":[\"LAS ASOMBROSAS\"],\"inLanguage\":\"es\",\"potentialAction\":[{\"@type\":\"CommentAction\",\"name\":\"Comment\",\"target\":[\"https:\\\/\\\/fuentesfidedignas.com.mx\\\/index.php\\\/2025\\\/10\\\/24\\\/video-abuelito-celebra-sus-83-anos-con-fiesta-tematica-de-programa-de-tv\\\/#respond\"]}]},{\"@type\":\"WebPage\",\"@id\":\"https:\\\/\\\/fuentesfidedignas.com.mx\\\/index.php\\\/2025\\\/10\\\/24\\\/video-abuelito-celebra-sus-83-anos-con-fiesta-tematica-de-programa-de-tv\\\/\",\"url\":\"https:\\\/\\\/fuentesfidedignas.com.mx\\\/index.php\\\/2025\\\/10\\\/24\\\/video-abuelito-celebra-sus-83-anos-con-fiesta-tematica-de-programa-de-tv\\\/\",\"name\":\"VIDEO: Abuelito celebra sus 83 a\u00f1os con fiesta tem\u00e1tica de programa de TV - Fuentes Fidedignas\",\"isPartOf\":{\"@id\":\"https:\\\/\\\/fuentesfidedignas.com.mx\\\/#website\"},\"primaryImageOfPage\":{\"@id\":\"https:\\\/\\\/fuentesfidedignas.com.mx\\\/index.php\\\/2025\\\/10\\\/24\\\/video-abuelito-celebra-sus-83-anos-con-fiesta-tematica-de-programa-de-tv\\\/#primaryimage\"},\"image\":{\"@id\":\"https:\\\/\\\/fuentesfidedignas.com.mx\\\/index.php\\\/2025\\\/10\\\/24\\\/video-abuelito-celebra-sus-83-anos-con-fiesta-tematica-de-programa-de-tv\\\/#primaryimage\"},\"thumbnailUrl\":\"https:\\\/\\\/fuentesfidedignas.com.mx\\\/wp-content\\\/uploads\\\/2025\\\/10\\\/Captura-de-pantalla-36.jpg\",\"datePublished\":\"2025-10-24T07:00:00+00:00\",\"breadcrumb\":{\"@id\":\"https:\\\/\\\/fuentesfidedignas.com.mx\\\/index.php\\\/2025\\\/10\\\/24\\\/video-abuelito-celebra-sus-83-anos-con-fiesta-tematica-de-programa-de-tv\\\/#breadcrumb\"},\"inLanguage\":\"es\",\"potentialAction\":[{\"@type\":\"ReadAction\",\"target\":[\"https:\\\/\\\/fuentesfidedignas.com.mx\\\/index.php\\\/2025\\\/10\\\/24\\\/video-abuelito-celebra-sus-83-anos-con-fiesta-tematica-de-programa-de-tv\\\/\"]}]},{\"@type\":\"ImageObject\",\"inLanguage\":\"es\",\"@id\":\"https:\\\/\\\/fuentesfidedignas.com.mx\\\/index.php\\\/2025\\\/10\\\/24\\\/video-abuelito-celebra-sus-83-anos-con-fiesta-tematica-de-programa-de-tv\\\/#primaryimage\",\"url\":\"https:\\\/\\\/fuentesfidedignas.com.mx\\\/wp-content\\\/uploads\\\/2025\\\/10\\\/Captura-de-pantalla-36.jpg\",\"contentUrl\":\"https:\\\/\\\/fuentesfidedignas.com.mx\\\/wp-content\\\/uploads\\\/2025\\\/10\\\/Captura-de-pantalla-36.jpg\",\"width\":686,\"height\":423},{\"@type\":\"BreadcrumbList\",\"@id\":\"https:\\\/\\\/fuentesfidedignas.com.mx\\\/index.php\\\/2025\\\/10\\\/24\\\/video-abuelito-celebra-sus-83-anos-con-fiesta-tematica-de-programa-de-tv\\\/#breadcrumb\",\"itemListElement\":[{\"@type\":\"ListItem\",\"position\":1,\"name\":\"Inicio\",\"item\":\"https:\\\/\\\/fuentesfidedignas.com.mx\\\/\"},{\"@type\":\"ListItem\",\"position\":2,\"name\":\"VIDEO: Abuelito celebra sus 83 a\u00f1os con fiesta tem\u00e1tica de programa de TV\"}]},{\"@type\":\"WebSite\",\"@id\":\"https:\\\/\\\/fuentesfidedignas.com.mx\\\/#website\",\"url\":\"https:\\\/\\\/fuentesfidedignas.com.mx\\\/\",\"name\":\"Fuentes Fidedignas\",\"description\":\"Otro sitio realizado con WordPress\",\"publisher\":{\"@id\":\"https:\\\/\\\/fuentesfidedignas.com.mx\\\/#organization\"},\"potentialAction\":[{\"@type\":\"SearchAction\",\"target\":{\"@type\":\"EntryPoint\",\"urlTemplate\":\"https:\\\/\\\/fuentesfidedignas.com.mx\\\/?s={search_term_string}\"},\"query-input\":{\"@type\":\"PropertyValueSpecification\",\"valueRequired\":true,\"valueName\":\"search_term_string\"}}],\"inLanguage\":\"es\"},{\"@type\":\"Organization\",\"@id\":\"https:\\\/\\\/fuentesfidedignas.com.mx\\\/#organization\",\"name\":\"Fuentes Fidedignas\",\"url\":\"https:\\\/\\\/fuentesfidedignas.com.mx\\\/\",\"logo\":{\"@type\":\"ImageObject\",\"inLanguage\":\"es\",\"@id\":\"https:\\\/\\\/fuentesfidedignas.com.mx\\\/#\\\/schema\\\/logo\\\/image\\\/\",\"url\":\"https:\\\/\\\/fuentesfidedignas.com.mx\\\/wp-content\\\/uploads\\\/2021\\\/04\\\/logo-retina.png\",\"contentUrl\":\"https:\\\/\\\/fuentesfidedignas.com.mx\\\/wp-content\\\/uploads\\\/2021\\\/04\\\/logo-retina.png\",\"width\":280,\"height\":51,\"caption\":\"Fuentes Fidedignas\"},\"image\":{\"@id\":\"https:\\\/\\\/fuentesfidedignas.com.mx\\\/#\\\/schema\\\/logo\\\/image\\\/\"},\"sameAs\":[\"https:\\\/\\\/www.facebook.com\\\/Fuentes-Fidedignas-368234489921644\",\"https:\\\/\\\/x.com\\\/fidedignas\"]},{\"@type\":\"Person\",\"@id\":\"https:\\\/\\\/fuentesfidedignas.com.mx\\\/#\\\/schema\\\/person\\\/2c10028b4a30078c05a056a215342ab9\",\"name\":\"Marissa Palafox\",\"image\":{\"@type\":\"ImageObject\",\"inLanguage\":\"es\",\"@id\":\"https:\\\/\\\/secure.gravatar.com\\\/avatar\\\/20a43bdb2f2db10f20b22d4e98b96eb027faf98f7f76d29854dc5fab46d1cf71?s=96&d=mm&r=g\",\"url\":\"https:\\\/\\\/secure.gravatar.com\\\/avatar\\\/20a43bdb2f2db10f20b22d4e98b96eb027faf98f7f76d29854dc5fab46d1cf71?s=96&d=mm&r=g\",\"contentUrl\":\"https:\\\/\\\/secure.gravatar.com\\\/avatar\\\/20a43bdb2f2db10f20b22d4e98b96eb027faf98f7f76d29854dc5fab46d1cf71?s=96&d=mm&r=g\",\"caption\":\"Marissa Palafox\"},\"url\":\"https:\\\/\\\/fuentesfidedignas.com.mx\\\/index.php\\\/author\\\/marissa\\\/\"}]}<\/script>\n<!-- \/ Yoast SEO plugin. -->","yoast_head_json":{"title":"VIDEO: Abuelito celebra sus 83 a\u00f1os con fiesta tem\u00e1tica de programa de TV - Fuentes Fidedignas","robots":{"index":"index","follow":"follow","max-snippet":"max-snippet:-1","max-image-preview":"max-image-preview:large","max-video-preview":"max-video-preview:-1"},"canonical":"https:\/\/fuentesfidedignas.com.mx\/index.php\/2025\/10\/24\/video-abuelito-celebra-sus-83-anos-con-fiesta-tematica-de-programa-de-tv\/","og_locale":"es_MX","og_type":"article","og_title":"VIDEO: Abuelito celebra sus 83 a\u00f1os con fiesta tem\u00e1tica de programa de TV - Fuentes Fidedignas","og_description":"Un abuelito celebr\u00f3 su cumplea\u00f1os 83 con una fiesta tem\u00e1tica En M\u00e9xico, algunos programas de televisi\u00f3n logran conquistar el coraz\u00f3n de su audiencia.&nbsp;Aunque podr\u00eda pensarse que su p\u00fablico es limitado, la historia de un abuelo ha demostrado lo contrario. Una usuaria de redes sociales comparti\u00f3 un video en&nbsp;TikTok que muestra a Don Rafa,&nbsp;un hombre que [&hellip;]","og_url":"https:\/\/fuentesfidedignas.com.mx\/index.php\/2025\/10\/24\/video-abuelito-celebra-sus-83-anos-con-fiesta-tematica-de-programa-de-tv\/","og_site_name":"Fuentes Fidedignas","article_publisher":"https:\/\/www.facebook.com\/Fuentes-Fidedignas-368234489921644","article_published_time":"2025-10-24T07:00:00+00:00","og_image":[{"width":686,"height":423,"url":"https:\/\/fuentesfidedignas.com.mx\/wp-content\/uploads\/2025\/10\/Captura-de-pantalla-36.jpg","type":"image\/jpeg"}],"author":"Marissa Palafox","twitter_card":"summary_large_image","twitter_creator":"@fidedignas","twitter_site":"@fidedignas","twitter_misc":{"Escrito por":"Marissa Palafox","Tiempo de lectura":"2 minutos"},"schema":{"@context":"https:\/\/schema.org","@graph":[{"@type":"Article","@id":"https:\/\/fuentesfidedignas.com.mx\/index.php\/2025\/10\/24\/video-abuelito-celebra-sus-83-anos-con-fiesta-tematica-de-programa-de-tv\/#article","isPartOf":{"@id":"https:\/\/fuentesfidedignas.com.mx\/index.php\/2025\/10\/24\/video-abuelito-celebra-sus-83-anos-con-fiesta-tematica-de-programa-de-tv\/"},"author":{"name":"Marissa Palafox","@id":"https:\/\/fuentesfidedignas.com.mx\/#\/schema\/person\/2c10028b4a30078c05a056a215342ab9"},"headline":"VIDEO: Abuelito celebra sus 83 a\u00f1os con fiesta tem\u00e1tica de programa de TV","datePublished":"2025-10-24T07:00:00+00:00","mainEntityOfPage":{"@id":"https:\/\/fuentesfidedignas.com.mx\/index.php\/2025\/10\/24\/video-abuelito-celebra-sus-83-anos-con-fiesta-tematica-de-programa-de-tv\/"},"wordCount":417,"commentCount":0,"publisher":{"@id":"https:\/\/fuentesfidedignas.com.mx\/#organization"},"image":{"@id":"https:\/\/fuentesfidedignas.com.mx\/index.php\/2025\/10\/24\/video-abuelito-celebra-sus-83-anos-con-fiesta-tematica-de-programa-de-tv\/#primaryimage"},"thumbnailUrl":"https:\/\/fuentesfidedignas.com.mx\/wp-content\/uploads\/2025\/10\/Captura-de-pantalla-36.jpg","articleSection":["LAS ASOMBROSAS"],"inLanguage":"es","potentialAction":[{"@type":"CommentAction","name":"Comment","target":["https:\/\/fuentesfidedignas.com.mx\/index.php\/2025\/10\/24\/video-abuelito-celebra-sus-83-anos-con-fiesta-tematica-de-programa-de-tv\/#respond"]}]},{"@type":"WebPage","@id":"https:\/\/fuentesfidedignas.com.mx\/index.php\/2025\/10\/24\/video-abuelito-celebra-sus-83-anos-con-fiesta-tematica-de-programa-de-tv\/","url":"https:\/\/fuentesfidedignas.com.mx\/index.php\/2025\/10\/24\/video-abuelito-celebra-sus-83-anos-con-fiesta-tematica-de-programa-de-tv\/","name":"VIDEO: Abuelito celebra sus 83 a\u00f1os con fiesta tem\u00e1tica de programa de TV - Fuentes Fidedignas","isPartOf":{"@id":"https:\/\/fuentesfidedignas.com.mx\/#website"},"primaryImageOfPage":{"@id":"https:\/\/fuentesfidedignas.com.mx\/index.php\/2025\/10\/24\/video-abuelito-celebra-sus-83-anos-con-fiesta-tematica-de-programa-de-tv\/#primaryimage"},"image":{"@id":"https:\/\/fuentesfidedignas.com.mx\/index.php\/2025\/10\/24\/video-abuelito-celebra-sus-83-anos-con-fiesta-tematica-de-programa-de-tv\/#primaryimage"},"thumbnailUrl":"https:\/\/fuentesfidedignas.com.mx\/wp-content\/uploads\/2025\/10\/Captura-de-pantalla-36.jpg","datePublished":"2025-10-24T07:00:00+00:00","breadcrumb":{"@id":"https:\/\/fuentesfidedignas.com.mx\/index.php\/2025\/10\/24\/video-abuelito-celebra-sus-83-anos-con-fiesta-tematica-de-programa-de-tv\/#breadcrumb"},"inLanguage":"es","potentialAction":[{"@type":"ReadAction","target":["https:\/\/fuentesfidedignas.com.mx\/index.php\/2025\/10\/24\/video-abuelito-celebra-sus-83-anos-con-fiesta-tematica-de-programa-de-tv\/"]}]},{"@type":"ImageObject","inLanguage":"es","@id":"https:\/\/fuentesfidedignas.com.mx\/index.php\/2025\/10\/24\/video-abuelito-celebra-sus-83-anos-con-fiesta-tematica-de-programa-de-tv\/#primaryimage","url":"https:\/\/fuentesfidedignas.com.mx\/wp-content\/uploads\/2025\/10\/Captura-de-pantalla-36.jpg","contentUrl":"https:\/\/fuentesfidedignas.com.mx\/wp-content\/uploads\/2025\/10\/Captura-de-pantalla-36.jpg","width":686,"height":423},{"@type":"BreadcrumbList","@id":"https:\/\/fuentesfidedignas.com.mx\/index.php\/2025\/10\/24\/video-abuelito-celebra-sus-83-anos-con-fiesta-tematica-de-programa-de-tv\/#breadcrumb","itemListElement":[{"@type":"ListItem","position":1,"name":"Inicio","item":"https:\/\/fuentesfidedignas.com.mx\/"},{"@type":"ListItem","position":2,"name":"VIDEO: Abuelito celebra sus 83 a\u00f1os con fiesta tem\u00e1tica de programa de TV"}]},{"@type":"WebSite","@id":"https:\/\/fuentesfidedignas.com.mx\/#website","url":"https:\/\/fuentesfidedignas.com.mx\/","name":"Fuentes Fidedignas","description":"Otro sitio realizado con WordPress","publisher":{"@id":"https:\/\/fuentesfidedignas.com.mx\/#organization"},"potentialAction":[{"@type":"SearchAction","target":{"@type":"EntryPoint","urlTemplate":"https:\/\/fuentesfidedignas.com.mx\/?s={search_term_string}"},"query-input":{"@type":"PropertyValueSpecification","valueRequired":true,"valueName":"search_term_string"}}],"inLanguage":"es"},{"@type":"Organization","@id":"https:\/\/fuentesfidedignas.com.mx\/#organization","name":"Fuentes Fidedignas","url":"https:\/\/fuentesfidedignas.com.mx\/","logo":{"@type":"ImageObject","inLanguage":"es","@id":"https:\/\/fuentesfidedignas.com.mx\/#\/schema\/logo\/image\/","url":"https:\/\/fuentesfidedignas.com.mx\/wp-content\/uploads\/2021\/04\/logo-retina.png","contentUrl":"https:\/\/fuentesfidedignas.com.mx\/wp-content\/uploads\/2021\/04\/logo-retina.png","width":280,"height":51,"caption":"Fuentes Fidedignas"},"image":{"@id":"https:\/\/fuentesfidedignas.com.mx\/#\/schema\/logo\/image\/"},"sameAs":["https:\/\/www.facebook.com\/Fuentes-Fidedignas-368234489921644","https:\/\/x.com\/fidedignas"]},{"@type":"Person","@id":"https:\/\/fuentesfidedignas.com.mx\/#\/schema\/person\/2c10028b4a30078c05a056a215342ab9","name":"Marissa Palafox","image":{"@type":"ImageObject","inLanguage":"es","@id":"https:\/\/secure.gravatar.com\/avatar\/20a43bdb2f2db10f20b22d4e98b96eb027faf98f7f76d29854dc5fab46d1cf71?s=96&d=mm&r=g","url":"https:\/\/secure.gravatar.com\/avatar\/20a43bdb2f2db10f20b22d4e98b96eb027faf98f7f76d29854dc5fab46d1cf71?s=96&d=mm&r=g","contentUrl":"https:\/\/secure.gravatar.com\/avatar\/20a43bdb2f2db10f20b22d4e98b96eb027faf98f7f76d29854dc5fab46d1cf71?s=96&d=mm&r=g","caption":"Marissa Palafox"},"url":"https:\/\/fuentesfidedignas.com.mx\/index.php\/author\/marissa\/"}]}},"_links":{"self":[{"href":"https:\/\/fuentesfidedignas.com.mx\/index.php\/wp-json\/wp\/v2\/posts\/120043","targetHints":{"allow":["GET"]}}],"collection":[{"href":"https:\/\/fuentesfidedignas.com.mx\/index.php\/wp-json\/wp\/v2\/posts"}],"about":[{"href":"https:\/\/fuentesfidedignas.com.mx\/index.php\/wp-json\/wp\/v2\/types\/post"}],"author":[{"embeddable":true,"href":"https:\/\/fuentesfidedignas.com.mx\/index.php\/wp-json\/wp\/v2\/users\/11"}],"replies":[{"embeddable":true,"href":"https:\/\/fuentesfidedignas.com.mx\/index.php\/wp-json\/wp\/v2\/comments?post=120043"}],"version-history":[{"count":1,"href":"https:\/\/fuentesfidedignas.com.mx\/index.php\/wp-json\/wp\/v2\/posts\/120043\/revisions"}],"predecessor-version":[{"id":120047,"href":"https:\/\/fuentesfidedignas.com.mx\/index.php\/wp-json\/wp\/v2\/posts\/120043\/revisions\/120047"}],"wp:featuredmedia":[{"embeddable":true,"href":"https:\/\/fuentesfidedignas.com.mx\/index.php\/wp-json\/wp\/v2\/media\/120046"}],"wp:attachment":[{"href":"https:\/\/fuentesfidedignas.com.mx\/index.php\/wp-json\/wp\/v2\/media?parent=120043"}],"wp:term":[{"taxonomy":"category","embeddable":true,"href":"https:\/\/fuentesfidedignas.com.mx\/index.php\/wp-json\/wp\/v2\/categories?post=120043"},{"taxonomy":"post_tag","embeddable":true,"href":"https:\/\/fuentesfidedignas.com.mx\/index.php\/wp-json\/wp\/v2\/tags?post=120043"}],"curies":[{"name":"wp","href":"https:\/\/api.w.org\/{rel}","templated":true}]}}