{"id":119773,"date":"2025-10-20T06:11:29","date_gmt":"2025-10-20T13:11:29","guid":{"rendered":"https:\/\/fuentesfidedignas.com.mx\/?p=119773"},"modified":"2025-10-20T06:11:29","modified_gmt":"2025-10-20T13:11:29","slug":"joven-de-30-anos-se-identifica-como-persona-de-65-y-pide-jubilacion","status":"publish","type":"post","link":"https:\/\/fuentesfidedignas.com.mx\/index.php\/2025\/10\/20\/joven-de-30-anos-se-identifica-como-persona-de-65-y-pide-jubilacion\/","title":{"rendered":"Joven de 30 a\u00f1os se identifica como persona de 65 y pide jubilaci\u00f3n"},"content":{"rendered":"\n<p><\/p>\n\n\n\n<p><strong><em>Un joven espa\u00f1ol de 30 a\u00f1os se identifica como persona transedad de 65 y exige jubilarse, generando controversia y debate en redes sociales.<\/em><\/strong><\/p>\n\n\n\n<p>Un video que se viraliz\u00f3 en TikTok ha desatado una intensa discusi\u00f3n en redes sociales. En la grabaci\u00f3n, un joven espa\u00f1ol de 30 a\u00f1os asegura identificarse como una persona de 65 a\u00f1os, solicitando que se le concedan los beneficios de jubilaci\u00f3n correspondientes a esa edad. El clip fue publicado por la creadora de contenido&nbsp;<strong>@carolinacazadora3,<\/strong>&nbsp;quien invita a los participantes a&nbsp;<strong>&#8220;quejarse de algo p\u00fablicamente&#8221;.<\/strong><\/p>\n\n\n\n<p>Durante la din\u00e1mica, el hombre sorprendi\u00f3 al declarar: \u201cNo me quieren dar los papeles de la jubilaci\u00f3n para jubilarme\u201d. Ante la reacci\u00f3n de sorpresa de la tiktoker, \u00e9l explic\u00f3:<\/p>\n\n\n\n<blockquote class=\"wp-block-quote is-layout-flow wp-block-quote-is-layout-flow\">\n<p>\u201cMi edad biol\u00f3gica son 30 a\u00f1os, pero me identifico con 65. Creo que no deber\u00eda importarnos tanto la edad biol\u00f3gica, sino c\u00f3mo se siente realmente una persona\u201d.<\/p>\n<\/blockquote>\n\n\n\n<p>Sus declaraciones generaron una oleada de comentarios, desde la burla hasta el apoyo. Algunos usuarios ironizaron con frases como&nbsp;<strong>\u201csi logran jubilarse con pensi\u00f3n, avisen\u201d&nbsp;<\/strong>o \u201cla ley debe aplicar para todos, incluso para quienes se identifican como ancianos\u201d. Otros criticaron duramente la situaci\u00f3n, asegurando que<strong>&nbsp;se est\u00e1 perdiendo el sentido com\u00fan.<\/strong><\/p>\n\n\n\n<figure class=\"wp-block-embed\"><div class=\"wp-block-embed__wrapper\">\n<blockquote class=\"tiktok-embed\" cite=\"https:\/\/www.tiktok.com\/@carolinacazadora3\/video\/7539633339146325270\" data-video-id=\"7539633339146325270\" data-embed-from=\"oembed\" style=\"max-width:605px; min-width:325px;\"> <section> <a target=\"_blank\" title=\"@carolinacazadora3\" href=\"https:\/\/www.tiktok.com\/@carolinacazadora3?refer=embed\">@carolinacazadora3<\/a> <p>Tiene 65 a\u00f1os \ud83d\ude31<\/p> <a target=\"_blank\" title=\"\u266c sonido original - Carolina Cazadora\" href=\"https:\/\/www.tiktok.com\/music\/sonido-original-7539633340111686422?refer=embed\">\u266c sonido original &#8211; Carolina Cazadora<\/a> <\/section> <\/blockquote> <script async src=\"https:\/\/www.tiktok.com\/embed.js\"><\/script>\n<\/div><\/figure>\n\n\n\n<h2 class=\"wp-block-heading\"><strong>\u00bfQu\u00e9 es la transedad?<\/strong><\/h2>\n\n\n\n<p>El t\u00e9rmino&nbsp;<strong>&#8220;transedad&#8221;&nbsp;<\/strong>hace referencia a personas que sienten una desconexi\u00f3n con su<strong>edad cronol\u00f3gica&nbsp;<\/strong>y se identifican con una edad distinta a la de su nacimiento. Aunque es un concepto poco estudiado y altamente pol\u00e9mico, no es la primera vez que aparece en la esfera p\u00fablica.<\/p>\n\n\n\n<p>Uno de los casos m\u00e1s conocidos es el de<strong>&nbsp;Stanley Thornton<\/strong>, un hombre de 44 a\u00f1os en California que<strong>&nbsp;se identifica como un beb\u00e9.<\/strong>&nbsp;Su estilo de vida incluye dormir en cuna, usar pa\u00f1ales y beber en biber\u00f3n. Otro ejemplo es el de Jackie, un japon\u00e9s de 39 a\u00f1os que dice sentirse de 28, argumentando que la edad biol\u00f3gica<strong>&nbsp;no define el potencial de una persona.<\/strong><\/p>\n","protected":false},"excerpt":{"rendered":"<p>Un joven espa\u00f1ol de 30 a\u00f1os se identifica como persona transedad de 65 y exige jubilarse, generando controversia y debate en redes sociales. Un video que se viraliz\u00f3 en TikTok ha desatado una intensa discusi\u00f3n en redes sociales. En la grabaci\u00f3n, un joven espa\u00f1ol de 30 a\u00f1os asegura identificarse como una persona de 65 a\u00f1os, [&hellip;]<\/p>\n","protected":false},"author":7,"featured_media":119772,"comment_status":"closed","ping_status":"open","sticky":false,"template":"","format":"standard","meta":{"tdm_status":"","tdm_grid_status":"","footnotes":""},"categories":[40],"tags":[],"class_list":{"0":"post-119773","1":"post","2":"type-post","3":"status-publish","4":"format-standard","5":"has-post-thumbnail","7":"category-las-asombrosas"},"yoast_head":"<!-- This site is optimized with the Yoast SEO plugin v27.5 - https:\/\/yoast.com\/product\/yoast-seo-wordpress\/ -->\n<title>Joven de 30 a\u00f1os se identifica como persona de 65 y pide jubilaci\u00f3n - Fuentes Fidedignas<\/title>\n<meta name=\"robots\" content=\"index, follow, max-snippet:-1, max-image-preview:large, max-video-preview:-1\" \/>\n<link rel=\"canonical\" href=\"https:\/\/fuentesfidedignas.com.mx\/index.php\/2025\/10\/20\/joven-de-30-anos-se-identifica-como-persona-de-65-y-pide-jubilacion\/\" \/>\n<meta property=\"og:locale\" content=\"es_MX\" \/>\n<meta property=\"og:type\" content=\"article\" \/>\n<meta property=\"og:title\" content=\"Joven de 30 a\u00f1os se identifica como persona de 65 y pide jubilaci\u00f3n - Fuentes Fidedignas\" \/>\n<meta property=\"og:description\" content=\"Un joven espa\u00f1ol de 30 a\u00f1os se identifica como persona transedad de 65 y exige jubilarse, generando controversia y debate en redes sociales. Un video que se viraliz\u00f3 en TikTok ha desatado una intensa discusi\u00f3n en redes sociales. En la grabaci\u00f3n, un joven espa\u00f1ol de 30 a\u00f1os asegura identificarse como una persona de 65 a\u00f1os, [&hellip;]\" \/>\n<meta property=\"og:url\" content=\"https:\/\/fuentesfidedignas.com.mx\/index.php\/2025\/10\/20\/joven-de-30-anos-se-identifica-como-persona-de-65-y-pide-jubilacion\/\" \/>\n<meta property=\"og:site_name\" content=\"Fuentes Fidedignas\" \/>\n<meta property=\"article:publisher\" content=\"https:\/\/www.facebook.com\/Fuentes-Fidedignas-368234489921644\" \/>\n<meta property=\"article:published_time\" content=\"2025-10-20T13:11:29+00:00\" \/>\n<meta property=\"og:image\" content=\"https:\/\/fuentesfidedignas.com.mx\/wp-content\/uploads\/2025\/10\/img_3366.jpg\" \/>\n\t<meta property=\"og:image:width\" content=\"380\" \/>\n\t<meta property=\"og:image:height\" content=\"308\" \/>\n\t<meta property=\"og:image:type\" content=\"image\/jpeg\" \/>\n<meta name=\"author\" content=\"Exc\u00e9lsior\" \/>\n<meta name=\"twitter:card\" content=\"summary_large_image\" \/>\n<meta name=\"twitter:creator\" content=\"@fidedignas\" \/>\n<meta name=\"twitter:site\" content=\"@fidedignas\" \/>\n<meta name=\"twitter:label1\" content=\"Escrito por\" \/>\n\t<meta name=\"twitter:data1\" content=\"Exc\u00e9lsior\" \/>\n\t<meta name=\"twitter:label2\" content=\"Tiempo de lectura\" \/>\n\t<meta name=\"twitter:data2\" content=\"2 minutos\" \/>\n<script type=\"application\/ld+json\" class=\"yoast-schema-graph\">{\"@context\":\"https:\\\/\\\/schema.org\",\"@graph\":[{\"@type\":\"Article\",\"@id\":\"https:\\\/\\\/fuentesfidedignas.com.mx\\\/index.php\\\/2025\\\/10\\\/20\\\/joven-de-30-anos-se-identifica-como-persona-de-65-y-pide-jubilacion\\\/#article\",\"isPartOf\":{\"@id\":\"https:\\\/\\\/fuentesfidedignas.com.mx\\\/index.php\\\/2025\\\/10\\\/20\\\/joven-de-30-anos-se-identifica-como-persona-de-65-y-pide-jubilacion\\\/\"},\"author\":{\"name\":\"Exc\u00e9lsior\",\"@id\":\"https:\\\/\\\/fuentesfidedignas.com.mx\\\/#\\\/schema\\\/person\\\/ec4edd1fbf5efa3e44fce34fe2787780\"},\"headline\":\"Joven de 30 a\u00f1os se identifica como persona de 65 y pide jubilaci\u00f3n\",\"datePublished\":\"2025-10-20T13:11:29+00:00\",\"mainEntityOfPage\":{\"@id\":\"https:\\\/\\\/fuentesfidedignas.com.mx\\\/index.php\\\/2025\\\/10\\\/20\\\/joven-de-30-anos-se-identifica-como-persona-de-65-y-pide-jubilacion\\\/\"},\"wordCount\":372,\"publisher\":{\"@id\":\"https:\\\/\\\/fuentesfidedignas.com.mx\\\/#organization\"},\"image\":{\"@id\":\"https:\\\/\\\/fuentesfidedignas.com.mx\\\/index.php\\\/2025\\\/10\\\/20\\\/joven-de-30-anos-se-identifica-como-persona-de-65-y-pide-jubilacion\\\/#primaryimage\"},\"thumbnailUrl\":\"https:\\\/\\\/fuentesfidedignas.com.mx\\\/wp-content\\\/uploads\\\/2025\\\/10\\\/img_3366.jpg\",\"articleSection\":[\"LAS ASOMBROSAS\"],\"inLanguage\":\"es\"},{\"@type\":\"WebPage\",\"@id\":\"https:\\\/\\\/fuentesfidedignas.com.mx\\\/index.php\\\/2025\\\/10\\\/20\\\/joven-de-30-anos-se-identifica-como-persona-de-65-y-pide-jubilacion\\\/\",\"url\":\"https:\\\/\\\/fuentesfidedignas.com.mx\\\/index.php\\\/2025\\\/10\\\/20\\\/joven-de-30-anos-se-identifica-como-persona-de-65-y-pide-jubilacion\\\/\",\"name\":\"Joven de 30 a\u00f1os se identifica como persona de 65 y pide jubilaci\u00f3n - Fuentes Fidedignas\",\"isPartOf\":{\"@id\":\"https:\\\/\\\/fuentesfidedignas.com.mx\\\/#website\"},\"primaryImageOfPage\":{\"@id\":\"https:\\\/\\\/fuentesfidedignas.com.mx\\\/index.php\\\/2025\\\/10\\\/20\\\/joven-de-30-anos-se-identifica-como-persona-de-65-y-pide-jubilacion\\\/#primaryimage\"},\"image\":{\"@id\":\"https:\\\/\\\/fuentesfidedignas.com.mx\\\/index.php\\\/2025\\\/10\\\/20\\\/joven-de-30-anos-se-identifica-como-persona-de-65-y-pide-jubilacion\\\/#primaryimage\"},\"thumbnailUrl\":\"https:\\\/\\\/fuentesfidedignas.com.mx\\\/wp-content\\\/uploads\\\/2025\\\/10\\\/img_3366.jpg\",\"datePublished\":\"2025-10-20T13:11:29+00:00\",\"breadcrumb\":{\"@id\":\"https:\\\/\\\/fuentesfidedignas.com.mx\\\/index.php\\\/2025\\\/10\\\/20\\\/joven-de-30-anos-se-identifica-como-persona-de-65-y-pide-jubilacion\\\/#breadcrumb\"},\"inLanguage\":\"es\",\"potentialAction\":[{\"@type\":\"ReadAction\",\"target\":[\"https:\\\/\\\/fuentesfidedignas.com.mx\\\/index.php\\\/2025\\\/10\\\/20\\\/joven-de-30-anos-se-identifica-como-persona-de-65-y-pide-jubilacion\\\/\"]}]},{\"@type\":\"ImageObject\",\"inLanguage\":\"es\",\"@id\":\"https:\\\/\\\/fuentesfidedignas.com.mx\\\/index.php\\\/2025\\\/10\\\/20\\\/joven-de-30-anos-se-identifica-como-persona-de-65-y-pide-jubilacion\\\/#primaryimage\",\"url\":\"https:\\\/\\\/fuentesfidedignas.com.mx\\\/wp-content\\\/uploads\\\/2025\\\/10\\\/img_3366.jpg\",\"contentUrl\":\"https:\\\/\\\/fuentesfidedignas.com.mx\\\/wp-content\\\/uploads\\\/2025\\\/10\\\/img_3366.jpg\",\"width\":380,\"height\":308},{\"@type\":\"BreadcrumbList\",\"@id\":\"https:\\\/\\\/fuentesfidedignas.com.mx\\\/index.php\\\/2025\\\/10\\\/20\\\/joven-de-30-anos-se-identifica-como-persona-de-65-y-pide-jubilacion\\\/#breadcrumb\",\"itemListElement\":[{\"@type\":\"ListItem\",\"position\":1,\"name\":\"Inicio\",\"item\":\"https:\\\/\\\/fuentesfidedignas.com.mx\\\/\"},{\"@type\":\"ListItem\",\"position\":2,\"name\":\"Joven de 30 a\u00f1os se identifica como persona de 65 y pide jubilaci\u00f3n\"}]},{\"@type\":\"WebSite\",\"@id\":\"https:\\\/\\\/fuentesfidedignas.com.mx\\\/#website\",\"url\":\"https:\\\/\\\/fuentesfidedignas.com.mx\\\/\",\"name\":\"Fuentes Fidedignas\",\"description\":\"Otro sitio realizado con WordPress\",\"publisher\":{\"@id\":\"https:\\\/\\\/fuentesfidedignas.com.mx\\\/#organization\"},\"potentialAction\":[{\"@type\":\"SearchAction\",\"target\":{\"@type\":\"EntryPoint\",\"urlTemplate\":\"https:\\\/\\\/fuentesfidedignas.com.mx\\\/?s={search_term_string}\"},\"query-input\":{\"@type\":\"PropertyValueSpecification\",\"valueRequired\":true,\"valueName\":\"search_term_string\"}}],\"inLanguage\":\"es\"},{\"@type\":\"Organization\",\"@id\":\"https:\\\/\\\/fuentesfidedignas.com.mx\\\/#organization\",\"name\":\"Fuentes Fidedignas\",\"url\":\"https:\\\/\\\/fuentesfidedignas.com.mx\\\/\",\"logo\":{\"@type\":\"ImageObject\",\"inLanguage\":\"es\",\"@id\":\"https:\\\/\\\/fuentesfidedignas.com.mx\\\/#\\\/schema\\\/logo\\\/image\\\/\",\"url\":\"https:\\\/\\\/fuentesfidedignas.com.mx\\\/wp-content\\\/uploads\\\/2021\\\/04\\\/logo-retina.png\",\"contentUrl\":\"https:\\\/\\\/fuentesfidedignas.com.mx\\\/wp-content\\\/uploads\\\/2021\\\/04\\\/logo-retina.png\",\"width\":280,\"height\":51,\"caption\":\"Fuentes Fidedignas\"},\"image\":{\"@id\":\"https:\\\/\\\/fuentesfidedignas.com.mx\\\/#\\\/schema\\\/logo\\\/image\\\/\"},\"sameAs\":[\"https:\\\/\\\/www.facebook.com\\\/Fuentes-Fidedignas-368234489921644\",\"https:\\\/\\\/x.com\\\/fidedignas\"]},{\"@type\":\"Person\",\"@id\":\"https:\\\/\\\/fuentesfidedignas.com.mx\\\/#\\\/schema\\\/person\\\/ec4edd1fbf5efa3e44fce34fe2787780\",\"name\":\"Exc\u00e9lsior\",\"image\":{\"@type\":\"ImageObject\",\"inLanguage\":\"es\",\"@id\":\"https:\\\/\\\/secure.gravatar.com\\\/avatar\\\/4b7ee9206b48be08447852b3f0814dbc7c0f3b51541b164f1464a2725614020b?s=96&d=mm&r=g\",\"url\":\"https:\\\/\\\/secure.gravatar.com\\\/avatar\\\/4b7ee9206b48be08447852b3f0814dbc7c0f3b51541b164f1464a2725614020b?s=96&d=mm&r=g\",\"contentUrl\":\"https:\\\/\\\/secure.gravatar.com\\\/avatar\\\/4b7ee9206b48be08447852b3f0814dbc7c0f3b51541b164f1464a2725614020b?s=96&d=mm&r=g\",\"caption\":\"Exc\u00e9lsior\"},\"url\":\"https:\\\/\\\/fuentesfidedignas.com.mx\\\/index.php\\\/author\\\/excelsior\\\/\"}]}<\/script>\n<!-- \/ Yoast SEO plugin. -->","yoast_head_json":{"title":"Joven de 30 a\u00f1os se identifica como persona de 65 y pide jubilaci\u00f3n - Fuentes Fidedignas","robots":{"index":"index","follow":"follow","max-snippet":"max-snippet:-1","max-image-preview":"max-image-preview:large","max-video-preview":"max-video-preview:-1"},"canonical":"https:\/\/fuentesfidedignas.com.mx\/index.php\/2025\/10\/20\/joven-de-30-anos-se-identifica-como-persona-de-65-y-pide-jubilacion\/","og_locale":"es_MX","og_type":"article","og_title":"Joven de 30 a\u00f1os se identifica como persona de 65 y pide jubilaci\u00f3n - Fuentes Fidedignas","og_description":"Un joven espa\u00f1ol de 30 a\u00f1os se identifica como persona transedad de 65 y exige jubilarse, generando controversia y debate en redes sociales. Un video que se viraliz\u00f3 en TikTok ha desatado una intensa discusi\u00f3n en redes sociales. En la grabaci\u00f3n, un joven espa\u00f1ol de 30 a\u00f1os asegura identificarse como una persona de 65 a\u00f1os, [&hellip;]","og_url":"https:\/\/fuentesfidedignas.com.mx\/index.php\/2025\/10\/20\/joven-de-30-anos-se-identifica-como-persona-de-65-y-pide-jubilacion\/","og_site_name":"Fuentes Fidedignas","article_publisher":"https:\/\/www.facebook.com\/Fuentes-Fidedignas-368234489921644","article_published_time":"2025-10-20T13:11:29+00:00","og_image":[{"width":380,"height":308,"url":"https:\/\/fuentesfidedignas.com.mx\/wp-content\/uploads\/2025\/10\/img_3366.jpg","type":"image\/jpeg"}],"author":"Exc\u00e9lsior","twitter_card":"summary_large_image","twitter_creator":"@fidedignas","twitter_site":"@fidedignas","twitter_misc":{"Escrito por":"Exc\u00e9lsior","Tiempo de lectura":"2 minutos"},"schema":{"@context":"https:\/\/schema.org","@graph":[{"@type":"Article","@id":"https:\/\/fuentesfidedignas.com.mx\/index.php\/2025\/10\/20\/joven-de-30-anos-se-identifica-como-persona-de-65-y-pide-jubilacion\/#article","isPartOf":{"@id":"https:\/\/fuentesfidedignas.com.mx\/index.php\/2025\/10\/20\/joven-de-30-anos-se-identifica-como-persona-de-65-y-pide-jubilacion\/"},"author":{"name":"Exc\u00e9lsior","@id":"https:\/\/fuentesfidedignas.com.mx\/#\/schema\/person\/ec4edd1fbf5efa3e44fce34fe2787780"},"headline":"Joven de 30 a\u00f1os se identifica como persona de 65 y pide jubilaci\u00f3n","datePublished":"2025-10-20T13:11:29+00:00","mainEntityOfPage":{"@id":"https:\/\/fuentesfidedignas.com.mx\/index.php\/2025\/10\/20\/joven-de-30-anos-se-identifica-como-persona-de-65-y-pide-jubilacion\/"},"wordCount":372,"publisher":{"@id":"https:\/\/fuentesfidedignas.com.mx\/#organization"},"image":{"@id":"https:\/\/fuentesfidedignas.com.mx\/index.php\/2025\/10\/20\/joven-de-30-anos-se-identifica-como-persona-de-65-y-pide-jubilacion\/#primaryimage"},"thumbnailUrl":"https:\/\/fuentesfidedignas.com.mx\/wp-content\/uploads\/2025\/10\/img_3366.jpg","articleSection":["LAS ASOMBROSAS"],"inLanguage":"es"},{"@type":"WebPage","@id":"https:\/\/fuentesfidedignas.com.mx\/index.php\/2025\/10\/20\/joven-de-30-anos-se-identifica-como-persona-de-65-y-pide-jubilacion\/","url":"https:\/\/fuentesfidedignas.com.mx\/index.php\/2025\/10\/20\/joven-de-30-anos-se-identifica-como-persona-de-65-y-pide-jubilacion\/","name":"Joven de 30 a\u00f1os se identifica como persona de 65 y pide jubilaci\u00f3n - Fuentes Fidedignas","isPartOf":{"@id":"https:\/\/fuentesfidedignas.com.mx\/#website"},"primaryImageOfPage":{"@id":"https:\/\/fuentesfidedignas.com.mx\/index.php\/2025\/10\/20\/joven-de-30-anos-se-identifica-como-persona-de-65-y-pide-jubilacion\/#primaryimage"},"image":{"@id":"https:\/\/fuentesfidedignas.com.mx\/index.php\/2025\/10\/20\/joven-de-30-anos-se-identifica-como-persona-de-65-y-pide-jubilacion\/#primaryimage"},"thumbnailUrl":"https:\/\/fuentesfidedignas.com.mx\/wp-content\/uploads\/2025\/10\/img_3366.jpg","datePublished":"2025-10-20T13:11:29+00:00","breadcrumb":{"@id":"https:\/\/fuentesfidedignas.com.mx\/index.php\/2025\/10\/20\/joven-de-30-anos-se-identifica-como-persona-de-65-y-pide-jubilacion\/#breadcrumb"},"inLanguage":"es","potentialAction":[{"@type":"ReadAction","target":["https:\/\/fuentesfidedignas.com.mx\/index.php\/2025\/10\/20\/joven-de-30-anos-se-identifica-como-persona-de-65-y-pide-jubilacion\/"]}]},{"@type":"ImageObject","inLanguage":"es","@id":"https:\/\/fuentesfidedignas.com.mx\/index.php\/2025\/10\/20\/joven-de-30-anos-se-identifica-como-persona-de-65-y-pide-jubilacion\/#primaryimage","url":"https:\/\/fuentesfidedignas.com.mx\/wp-content\/uploads\/2025\/10\/img_3366.jpg","contentUrl":"https:\/\/fuentesfidedignas.com.mx\/wp-content\/uploads\/2025\/10\/img_3366.jpg","width":380,"height":308},{"@type":"BreadcrumbList","@id":"https:\/\/fuentesfidedignas.com.mx\/index.php\/2025\/10\/20\/joven-de-30-anos-se-identifica-como-persona-de-65-y-pide-jubilacion\/#breadcrumb","itemListElement":[{"@type":"ListItem","position":1,"name":"Inicio","item":"https:\/\/fuentesfidedignas.com.mx\/"},{"@type":"ListItem","position":2,"name":"Joven de 30 a\u00f1os se identifica como persona de 65 y pide jubilaci\u00f3n"}]},{"@type":"WebSite","@id":"https:\/\/fuentesfidedignas.com.mx\/#website","url":"https:\/\/fuentesfidedignas.com.mx\/","name":"Fuentes Fidedignas","description":"Otro sitio realizado con WordPress","publisher":{"@id":"https:\/\/fuentesfidedignas.com.mx\/#organization"},"potentialAction":[{"@type":"SearchAction","target":{"@type":"EntryPoint","urlTemplate":"https:\/\/fuentesfidedignas.com.mx\/?s={search_term_string}"},"query-input":{"@type":"PropertyValueSpecification","valueRequired":true,"valueName":"search_term_string"}}],"inLanguage":"es"},{"@type":"Organization","@id":"https:\/\/fuentesfidedignas.com.mx\/#organization","name":"Fuentes Fidedignas","url":"https:\/\/fuentesfidedignas.com.mx\/","logo":{"@type":"ImageObject","inLanguage":"es","@id":"https:\/\/fuentesfidedignas.com.mx\/#\/schema\/logo\/image\/","url":"https:\/\/fuentesfidedignas.com.mx\/wp-content\/uploads\/2021\/04\/logo-retina.png","contentUrl":"https:\/\/fuentesfidedignas.com.mx\/wp-content\/uploads\/2021\/04\/logo-retina.png","width":280,"height":51,"caption":"Fuentes Fidedignas"},"image":{"@id":"https:\/\/fuentesfidedignas.com.mx\/#\/schema\/logo\/image\/"},"sameAs":["https:\/\/www.facebook.com\/Fuentes-Fidedignas-368234489921644","https:\/\/x.com\/fidedignas"]},{"@type":"Person","@id":"https:\/\/fuentesfidedignas.com.mx\/#\/schema\/person\/ec4edd1fbf5efa3e44fce34fe2787780","name":"Exc\u00e9lsior","image":{"@type":"ImageObject","inLanguage":"es","@id":"https:\/\/secure.gravatar.com\/avatar\/4b7ee9206b48be08447852b3f0814dbc7c0f3b51541b164f1464a2725614020b?s=96&d=mm&r=g","url":"https:\/\/secure.gravatar.com\/avatar\/4b7ee9206b48be08447852b3f0814dbc7c0f3b51541b164f1464a2725614020b?s=96&d=mm&r=g","contentUrl":"https:\/\/secure.gravatar.com\/avatar\/4b7ee9206b48be08447852b3f0814dbc7c0f3b51541b164f1464a2725614020b?s=96&d=mm&r=g","caption":"Exc\u00e9lsior"},"url":"https:\/\/fuentesfidedignas.com.mx\/index.php\/author\/excelsior\/"}]}},"_links":{"self":[{"href":"https:\/\/fuentesfidedignas.com.mx\/index.php\/wp-json\/wp\/v2\/posts\/119773","targetHints":{"allow":["GET"]}}],"collection":[{"href":"https:\/\/fuentesfidedignas.com.mx\/index.php\/wp-json\/wp\/v2\/posts"}],"about":[{"href":"https:\/\/fuentesfidedignas.com.mx\/index.php\/wp-json\/wp\/v2\/types\/post"}],"author":[{"embeddable":true,"href":"https:\/\/fuentesfidedignas.com.mx\/index.php\/wp-json\/wp\/v2\/users\/7"}],"replies":[{"embeddable":true,"href":"https:\/\/fuentesfidedignas.com.mx\/index.php\/wp-json\/wp\/v2\/comments?post=119773"}],"version-history":[{"count":1,"href":"https:\/\/fuentesfidedignas.com.mx\/index.php\/wp-json\/wp\/v2\/posts\/119773\/revisions"}],"predecessor-version":[{"id":119774,"href":"https:\/\/fuentesfidedignas.com.mx\/index.php\/wp-json\/wp\/v2\/posts\/119773\/revisions\/119774"}],"wp:featuredmedia":[{"embeddable":true,"href":"https:\/\/fuentesfidedignas.com.mx\/index.php\/wp-json\/wp\/v2\/media\/119772"}],"wp:attachment":[{"href":"https:\/\/fuentesfidedignas.com.mx\/index.php\/wp-json\/wp\/v2\/media?parent=119773"}],"wp:term":[{"taxonomy":"category","embeddable":true,"href":"https:\/\/fuentesfidedignas.com.mx\/index.php\/wp-json\/wp\/v2\/categories?post=119773"},{"taxonomy":"post_tag","embeddable":true,"href":"https:\/\/fuentesfidedignas.com.mx\/index.php\/wp-json\/wp\/v2\/tags?post=119773"}],"curies":[{"name":"wp","href":"https:\/\/api.w.org\/{rel}","templated":true}]}}