{"id":119667,"date":"2025-10-17T18:25:56","date_gmt":"2025-10-18T01:25:56","guid":{"rendered":"https:\/\/fuentesfidedignas.com.mx\/?p=119667"},"modified":"2025-10-17T18:25:56","modified_gmt":"2025-10-18T01:25:56","slug":"el-pas-impulsa-la-creacion-de-la-agenda-politica-de-la-mujer-pasista","status":"publish","type":"post","link":"https:\/\/fuentesfidedignas.com.mx\/index.php\/2025\/10\/17\/el-pas-impulsa-la-creacion-de-la-agenda-politica-de-la-mujer-pasista\/","title":{"rendered":"El PAS impulsa la creaci\u00f3n de la Agenda Pol\u00edtica de la Mujer Pasista"},"content":{"rendered":"\n<p><strong><em>Con la participaci\u00f3n de ciudadanas de todo el estado y la acad\u00e9mica y periodista Aim\u00e9e Vega Montiel<\/em><\/strong><\/p>\n\n\n\n<p>Culiac\u00e1n, Sinaloa, 17 de octubre de 2025. \u2013 El Partido Sinaloense (PAS) realiz\u00f3 este d\u00eda una mesa de trabajo para la creaci\u00f3n de la Agenda Pol\u00edtica de la Mujer Pasista, un ejercicio de di\u00e1logo, reflexi\u00f3n y construcci\u00f3n colectiva que busca fortalecer la participaci\u00f3n, representaci\u00f3n y liderazgo de las mujeres dentro de la vida pol\u00edtica del estado.<\/p>\n\n\n\n<p>La actividad estuvo a cargo de la Secretar\u00eda de las Mujeres del PAS, dirigida por la Dra. Antonia Suzuki Lugo, quien destac\u00f3 la importancia de generar espacios donde las mujeres puedan construir, desde su experiencia y perspectiva, una agenda pol\u00edtica incluyente y con visi\u00f3n de futuro.<\/p>\n\n\n\n<p>Durante el evento se cont\u00f3 con la presencia de la Secretaria General, Mtra. Alondra L\u00f3pez Mill\u00e1n, y del Presidente del Partido, Dr. Robespierre Liz\u00e1rraga Otero, quienes reiteraron el compromiso institucional con la igualdad de g\u00e9nero y el fortalecimiento del liderazgo femenino dentro del partido.<\/p>\n\n\n\n<p>En este encuentro participaron mujeres rurales, afrodescendientes, madres, j\u00f3venes y mujeres sinaloenses de distintas regiones del estado, quienes compartieron sus ideas, experiencias y propuestas, aportando una mirada plural que enriquece la construcci\u00f3n de una agenda verdaderamente representativa y con enfoque de inclusi\u00f3n.<\/p>\n\n\n\n<p>Como invitada especial particip\u00f3 la Dra. Aim\u00e9e Vega Montiel, reconocida comunic\u00f3loga, acad\u00e9mica y activista feminista con una amplia trayectoria en la defensa de los derechos humanos de las mujeres, la equidad de g\u00e9nero y la democratizaci\u00f3n de los medios de comunicaci\u00f3n.<\/p>\n\n\n\n<p>La Dra. Vega Montiel es investigadora del Centro de Investigaciones Interdisciplinarias en Ciencias y Humanidades de la UNAM, miembro del Sistema Nacional de Investigadores Nivel II, y doctora en Periodismo y Comunicaci\u00f3n por la Universidad Aut\u00f3noma de Barcelona. Ha sido presidenta de la Asociaci\u00f3n Mexicana de Investigadores de la Comunicaci\u00f3n (AMIC) y forma parte de la International Association for Media and Communication Research (IAMCR).<\/p>\n\n\n\n<p>Su trabajo se centra en la representaci\u00f3n medi\u00e1tica de las mujeres, la violencia simb\u00f3lica y digital, y la responsabilidad de los medios en la promoci\u00f3n de la igualdad. Adem\u00e1s, ha participado en diversos organismos y conferencias internacionales que abordan el papel de la comunicaci\u00f3n como herramienta de transformaci\u00f3n social.<\/p>\n\n\n\n<p>Durante su intervenci\u00f3n, la Dra. Vega Montiel destac\u00f3 la importancia de que las mujeres participen activamente en la definici\u00f3n de pol\u00edticas p\u00fablicas y agendas partidistas que respondan a sus realidades y necesidades, subrayando que \u201cla democracia solo puede consolidarse plenamente cuando se garantiza la participaci\u00f3n igualitaria de las mujeres en todos los espacios de decisi\u00f3n\u201d.<\/p>\n\n\n\n<p>Con esta mesa de trabajo, el Partido Sinaloense reafirma su compromiso con la equidad, la participaci\u00f3n y el empoderamiento de las mujeres, pilares fundamentales para la transformaci\u00f3n social y pol\u00edtica de Sinaloa.<\/p>\n","protected":false},"excerpt":{"rendered":"<p>Con la participaci\u00f3n de ciudadanas de todo el estado y la acad\u00e9mica y periodista Aim\u00e9e Vega Montiel Culiac\u00e1n, Sinaloa, 17 de octubre de 2025. \u2013 El Partido Sinaloense (PAS) realiz\u00f3 este d\u00eda una mesa de trabajo para la creaci\u00f3n de la Agenda Pol\u00edtica de la Mujer Pasista, un ejercicio de di\u00e1logo, reflexi\u00f3n y construcci\u00f3n colectiva [&hellip;]<\/p>\n","protected":false},"author":4,"featured_media":119666,"comment_status":"closed","ping_status":"open","sticky":false,"template":"","format":"standard","meta":{"tdm_status":"","tdm_grid_status":"","footnotes":""},"categories":[38],"tags":[],"class_list":{"0":"post-119667","1":"post","2":"type-post","3":"status-publish","4":"format-standard","5":"has-post-thumbnail","7":"category-noticias-locales"},"yoast_head":"<!-- This site is optimized with the Yoast SEO plugin v27.5 - https:\/\/yoast.com\/product\/yoast-seo-wordpress\/ -->\n<title>El PAS impulsa la creaci\u00f3n de la Agenda Pol\u00edtica de la Mujer Pasista - Fuentes Fidedignas<\/title>\n<meta name=\"robots\" content=\"index, follow, max-snippet:-1, max-image-preview:large, max-video-preview:-1\" \/>\n<link rel=\"canonical\" href=\"https:\/\/fuentesfidedignas.com.mx\/index.php\/2025\/10\/17\/el-pas-impulsa-la-creacion-de-la-agenda-politica-de-la-mujer-pasista\/\" \/>\n<meta property=\"og:locale\" content=\"es_MX\" \/>\n<meta property=\"og:type\" content=\"article\" \/>\n<meta property=\"og:title\" content=\"El PAS impulsa la creaci\u00f3n de la Agenda Pol\u00edtica de la Mujer Pasista - Fuentes Fidedignas\" \/>\n<meta property=\"og:description\" content=\"Con la participaci\u00f3n de ciudadanas de todo el estado y la acad\u00e9mica y periodista Aim\u00e9e Vega Montiel Culiac\u00e1n, Sinaloa, 17 de octubre de 2025. \u2013 El Partido Sinaloense (PAS) realiz\u00f3 este d\u00eda una mesa de trabajo para la creaci\u00f3n de la Agenda Pol\u00edtica de la Mujer Pasista, un ejercicio de di\u00e1logo, reflexi\u00f3n y construcci\u00f3n colectiva [&hellip;]\" \/>\n<meta property=\"og:url\" content=\"https:\/\/fuentesfidedignas.com.mx\/index.php\/2025\/10\/17\/el-pas-impulsa-la-creacion-de-la-agenda-politica-de-la-mujer-pasista\/\" \/>\n<meta property=\"og:site_name\" content=\"Fuentes Fidedignas\" \/>\n<meta property=\"article:publisher\" content=\"https:\/\/www.facebook.com\/Fuentes-Fidedignas-368234489921644\" \/>\n<meta property=\"article:published_time\" content=\"2025-10-18T01:25:56+00:00\" \/>\n<meta property=\"og:image\" content=\"https:\/\/fuentesfidedignas.com.mx\/wp-content\/uploads\/2025\/10\/7156abcc-b6e1-4345-9ee9-ee07ec473e16.jpg\" \/>\n\t<meta property=\"og:image:width\" content=\"1600\" \/>\n\t<meta property=\"og:image:height\" content=\"1066\" \/>\n\t<meta property=\"og:image:type\" content=\"image\/jpeg\" \/>\n<meta name=\"author\" content=\"Redacci\u00f3n\" \/>\n<meta name=\"twitter:card\" content=\"summary_large_image\" \/>\n<meta name=\"twitter:creator\" content=\"@fidedignas\" \/>\n<meta name=\"twitter:site\" content=\"@fidedignas\" \/>\n<meta name=\"twitter:label1\" content=\"Escrito por\" \/>\n\t<meta name=\"twitter:data1\" content=\"Redacci\u00f3n\" \/>\n\t<meta name=\"twitter:label2\" content=\"Tiempo de lectura\" \/>\n\t<meta name=\"twitter:data2\" content=\"2 minutos\" \/>\n<script type=\"application\/ld+json\" class=\"yoast-schema-graph\">{\"@context\":\"https:\\\/\\\/schema.org\",\"@graph\":[{\"@type\":\"Article\",\"@id\":\"https:\\\/\\\/fuentesfidedignas.com.mx\\\/index.php\\\/2025\\\/10\\\/17\\\/el-pas-impulsa-la-creacion-de-la-agenda-politica-de-la-mujer-pasista\\\/#article\",\"isPartOf\":{\"@id\":\"https:\\\/\\\/fuentesfidedignas.com.mx\\\/index.php\\\/2025\\\/10\\\/17\\\/el-pas-impulsa-la-creacion-de-la-agenda-politica-de-la-mujer-pasista\\\/\"},\"author\":{\"name\":\"Redacci\u00f3n\",\"@id\":\"https:\\\/\\\/fuentesfidedignas.com.mx\\\/#\\\/schema\\\/person\\\/331be9283d37198e2acd5750279085b0\"},\"headline\":\"El PAS impulsa la creaci\u00f3n de la Agenda Pol\u00edtica de la Mujer Pasista\",\"datePublished\":\"2025-10-18T01:25:56+00:00\",\"mainEntityOfPage\":{\"@id\":\"https:\\\/\\\/fuentesfidedignas.com.mx\\\/index.php\\\/2025\\\/10\\\/17\\\/el-pas-impulsa-la-creacion-de-la-agenda-politica-de-la-mujer-pasista\\\/\"},\"wordCount\":507,\"publisher\":{\"@id\":\"https:\\\/\\\/fuentesfidedignas.com.mx\\\/#organization\"},\"image\":{\"@id\":\"https:\\\/\\\/fuentesfidedignas.com.mx\\\/index.php\\\/2025\\\/10\\\/17\\\/el-pas-impulsa-la-creacion-de-la-agenda-politica-de-la-mujer-pasista\\\/#primaryimage\"},\"thumbnailUrl\":\"https:\\\/\\\/fuentesfidedignas.com.mx\\\/wp-content\\\/uploads\\\/2025\\\/10\\\/7156abcc-b6e1-4345-9ee9-ee07ec473e16.jpg\",\"articleSection\":[\"NOTICIAS LOCALES\"],\"inLanguage\":\"es\"},{\"@type\":\"WebPage\",\"@id\":\"https:\\\/\\\/fuentesfidedignas.com.mx\\\/index.php\\\/2025\\\/10\\\/17\\\/el-pas-impulsa-la-creacion-de-la-agenda-politica-de-la-mujer-pasista\\\/\",\"url\":\"https:\\\/\\\/fuentesfidedignas.com.mx\\\/index.php\\\/2025\\\/10\\\/17\\\/el-pas-impulsa-la-creacion-de-la-agenda-politica-de-la-mujer-pasista\\\/\",\"name\":\"El PAS impulsa la creaci\u00f3n de la Agenda Pol\u00edtica de la Mujer Pasista - Fuentes Fidedignas\",\"isPartOf\":{\"@id\":\"https:\\\/\\\/fuentesfidedignas.com.mx\\\/#website\"},\"primaryImageOfPage\":{\"@id\":\"https:\\\/\\\/fuentesfidedignas.com.mx\\\/index.php\\\/2025\\\/10\\\/17\\\/el-pas-impulsa-la-creacion-de-la-agenda-politica-de-la-mujer-pasista\\\/#primaryimage\"},\"image\":{\"@id\":\"https:\\\/\\\/fuentesfidedignas.com.mx\\\/index.php\\\/2025\\\/10\\\/17\\\/el-pas-impulsa-la-creacion-de-la-agenda-politica-de-la-mujer-pasista\\\/#primaryimage\"},\"thumbnailUrl\":\"https:\\\/\\\/fuentesfidedignas.com.mx\\\/wp-content\\\/uploads\\\/2025\\\/10\\\/7156abcc-b6e1-4345-9ee9-ee07ec473e16.jpg\",\"datePublished\":\"2025-10-18T01:25:56+00:00\",\"breadcrumb\":{\"@id\":\"https:\\\/\\\/fuentesfidedignas.com.mx\\\/index.php\\\/2025\\\/10\\\/17\\\/el-pas-impulsa-la-creacion-de-la-agenda-politica-de-la-mujer-pasista\\\/#breadcrumb\"},\"inLanguage\":\"es\",\"potentialAction\":[{\"@type\":\"ReadAction\",\"target\":[\"https:\\\/\\\/fuentesfidedignas.com.mx\\\/index.php\\\/2025\\\/10\\\/17\\\/el-pas-impulsa-la-creacion-de-la-agenda-politica-de-la-mujer-pasista\\\/\"]}]},{\"@type\":\"ImageObject\",\"inLanguage\":\"es\",\"@id\":\"https:\\\/\\\/fuentesfidedignas.com.mx\\\/index.php\\\/2025\\\/10\\\/17\\\/el-pas-impulsa-la-creacion-de-la-agenda-politica-de-la-mujer-pasista\\\/#primaryimage\",\"url\":\"https:\\\/\\\/fuentesfidedignas.com.mx\\\/wp-content\\\/uploads\\\/2025\\\/10\\\/7156abcc-b6e1-4345-9ee9-ee07ec473e16.jpg\",\"contentUrl\":\"https:\\\/\\\/fuentesfidedignas.com.mx\\\/wp-content\\\/uploads\\\/2025\\\/10\\\/7156abcc-b6e1-4345-9ee9-ee07ec473e16.jpg\",\"width\":1600,\"height\":1066},{\"@type\":\"BreadcrumbList\",\"@id\":\"https:\\\/\\\/fuentesfidedignas.com.mx\\\/index.php\\\/2025\\\/10\\\/17\\\/el-pas-impulsa-la-creacion-de-la-agenda-politica-de-la-mujer-pasista\\\/#breadcrumb\",\"itemListElement\":[{\"@type\":\"ListItem\",\"position\":1,\"name\":\"Inicio\",\"item\":\"https:\\\/\\\/fuentesfidedignas.com.mx\\\/\"},{\"@type\":\"ListItem\",\"position\":2,\"name\":\"El PAS impulsa la creaci\u00f3n de la Agenda Pol\u00edtica de la Mujer Pasista\"}]},{\"@type\":\"WebSite\",\"@id\":\"https:\\\/\\\/fuentesfidedignas.com.mx\\\/#website\",\"url\":\"https:\\\/\\\/fuentesfidedignas.com.mx\\\/\",\"name\":\"Fuentes Fidedignas\",\"description\":\"Otro sitio realizado con WordPress\",\"publisher\":{\"@id\":\"https:\\\/\\\/fuentesfidedignas.com.mx\\\/#organization\"},\"potentialAction\":[{\"@type\":\"SearchAction\",\"target\":{\"@type\":\"EntryPoint\",\"urlTemplate\":\"https:\\\/\\\/fuentesfidedignas.com.mx\\\/?s={search_term_string}\"},\"query-input\":{\"@type\":\"PropertyValueSpecification\",\"valueRequired\":true,\"valueName\":\"search_term_string\"}}],\"inLanguage\":\"es\"},{\"@type\":\"Organization\",\"@id\":\"https:\\\/\\\/fuentesfidedignas.com.mx\\\/#organization\",\"name\":\"Fuentes Fidedignas\",\"url\":\"https:\\\/\\\/fuentesfidedignas.com.mx\\\/\",\"logo\":{\"@type\":\"ImageObject\",\"inLanguage\":\"es\",\"@id\":\"https:\\\/\\\/fuentesfidedignas.com.mx\\\/#\\\/schema\\\/logo\\\/image\\\/\",\"url\":\"https:\\\/\\\/fuentesfidedignas.com.mx\\\/wp-content\\\/uploads\\\/2021\\\/04\\\/logo-retina.png\",\"contentUrl\":\"https:\\\/\\\/fuentesfidedignas.com.mx\\\/wp-content\\\/uploads\\\/2021\\\/04\\\/logo-retina.png\",\"width\":280,\"height\":51,\"caption\":\"Fuentes Fidedignas\"},\"image\":{\"@id\":\"https:\\\/\\\/fuentesfidedignas.com.mx\\\/#\\\/schema\\\/logo\\\/image\\\/\"},\"sameAs\":[\"https:\\\/\\\/www.facebook.com\\\/Fuentes-Fidedignas-368234489921644\",\"https:\\\/\\\/x.com\\\/fidedignas\"]},{\"@type\":\"Person\",\"@id\":\"https:\\\/\\\/fuentesfidedignas.com.mx\\\/#\\\/schema\\\/person\\\/331be9283d37198e2acd5750279085b0\",\"name\":\"Redacci\u00f3n\",\"image\":{\"@type\":\"ImageObject\",\"inLanguage\":\"es\",\"@id\":\"https:\\\/\\\/secure.gravatar.com\\\/avatar\\\/f6d8782c11d12b2d4ad3fbb6931aeab5309937a4d6cd2fc9cfaa28a6396a5aec?s=96&d=mm&r=g\",\"url\":\"https:\\\/\\\/secure.gravatar.com\\\/avatar\\\/f6d8782c11d12b2d4ad3fbb6931aeab5309937a4d6cd2fc9cfaa28a6396a5aec?s=96&d=mm&r=g\",\"contentUrl\":\"https:\\\/\\\/secure.gravatar.com\\\/avatar\\\/f6d8782c11d12b2d4ad3fbb6931aeab5309937a4d6cd2fc9cfaa28a6396a5aec?s=96&d=mm&r=g\",\"caption\":\"Redacci\u00f3n\"},\"url\":\"https:\\\/\\\/fuentesfidedignas.com.mx\\\/index.php\\\/author\\\/redaccion\\\/\"}]}<\/script>\n<!-- \/ Yoast SEO plugin. -->","yoast_head_json":{"title":"El PAS impulsa la creaci\u00f3n de la Agenda Pol\u00edtica de la Mujer Pasista - Fuentes Fidedignas","robots":{"index":"index","follow":"follow","max-snippet":"max-snippet:-1","max-image-preview":"max-image-preview:large","max-video-preview":"max-video-preview:-1"},"canonical":"https:\/\/fuentesfidedignas.com.mx\/index.php\/2025\/10\/17\/el-pas-impulsa-la-creacion-de-la-agenda-politica-de-la-mujer-pasista\/","og_locale":"es_MX","og_type":"article","og_title":"El PAS impulsa la creaci\u00f3n de la Agenda Pol\u00edtica de la Mujer Pasista - Fuentes Fidedignas","og_description":"Con la participaci\u00f3n de ciudadanas de todo el estado y la acad\u00e9mica y periodista Aim\u00e9e Vega Montiel Culiac\u00e1n, Sinaloa, 17 de octubre de 2025. \u2013 El Partido Sinaloense (PAS) realiz\u00f3 este d\u00eda una mesa de trabajo para la creaci\u00f3n de la Agenda Pol\u00edtica de la Mujer Pasista, un ejercicio de di\u00e1logo, reflexi\u00f3n y construcci\u00f3n colectiva [&hellip;]","og_url":"https:\/\/fuentesfidedignas.com.mx\/index.php\/2025\/10\/17\/el-pas-impulsa-la-creacion-de-la-agenda-politica-de-la-mujer-pasista\/","og_site_name":"Fuentes Fidedignas","article_publisher":"https:\/\/www.facebook.com\/Fuentes-Fidedignas-368234489921644","article_published_time":"2025-10-18T01:25:56+00:00","og_image":[{"width":1600,"height":1066,"url":"https:\/\/fuentesfidedignas.com.mx\/wp-content\/uploads\/2025\/10\/7156abcc-b6e1-4345-9ee9-ee07ec473e16.jpg","type":"image\/jpeg"}],"author":"Redacci\u00f3n","twitter_card":"summary_large_image","twitter_creator":"@fidedignas","twitter_site":"@fidedignas","twitter_misc":{"Escrito por":"Redacci\u00f3n","Tiempo de lectura":"2 minutos"},"schema":{"@context":"https:\/\/schema.org","@graph":[{"@type":"Article","@id":"https:\/\/fuentesfidedignas.com.mx\/index.php\/2025\/10\/17\/el-pas-impulsa-la-creacion-de-la-agenda-politica-de-la-mujer-pasista\/#article","isPartOf":{"@id":"https:\/\/fuentesfidedignas.com.mx\/index.php\/2025\/10\/17\/el-pas-impulsa-la-creacion-de-la-agenda-politica-de-la-mujer-pasista\/"},"author":{"name":"Redacci\u00f3n","@id":"https:\/\/fuentesfidedignas.com.mx\/#\/schema\/person\/331be9283d37198e2acd5750279085b0"},"headline":"El PAS impulsa la creaci\u00f3n de la Agenda Pol\u00edtica de la Mujer Pasista","datePublished":"2025-10-18T01:25:56+00:00","mainEntityOfPage":{"@id":"https:\/\/fuentesfidedignas.com.mx\/index.php\/2025\/10\/17\/el-pas-impulsa-la-creacion-de-la-agenda-politica-de-la-mujer-pasista\/"},"wordCount":507,"publisher":{"@id":"https:\/\/fuentesfidedignas.com.mx\/#organization"},"image":{"@id":"https:\/\/fuentesfidedignas.com.mx\/index.php\/2025\/10\/17\/el-pas-impulsa-la-creacion-de-la-agenda-politica-de-la-mujer-pasista\/#primaryimage"},"thumbnailUrl":"https:\/\/fuentesfidedignas.com.mx\/wp-content\/uploads\/2025\/10\/7156abcc-b6e1-4345-9ee9-ee07ec473e16.jpg","articleSection":["NOTICIAS LOCALES"],"inLanguage":"es"},{"@type":"WebPage","@id":"https:\/\/fuentesfidedignas.com.mx\/index.php\/2025\/10\/17\/el-pas-impulsa-la-creacion-de-la-agenda-politica-de-la-mujer-pasista\/","url":"https:\/\/fuentesfidedignas.com.mx\/index.php\/2025\/10\/17\/el-pas-impulsa-la-creacion-de-la-agenda-politica-de-la-mujer-pasista\/","name":"El PAS impulsa la creaci\u00f3n de la Agenda Pol\u00edtica de la Mujer Pasista - Fuentes Fidedignas","isPartOf":{"@id":"https:\/\/fuentesfidedignas.com.mx\/#website"},"primaryImageOfPage":{"@id":"https:\/\/fuentesfidedignas.com.mx\/index.php\/2025\/10\/17\/el-pas-impulsa-la-creacion-de-la-agenda-politica-de-la-mujer-pasista\/#primaryimage"},"image":{"@id":"https:\/\/fuentesfidedignas.com.mx\/index.php\/2025\/10\/17\/el-pas-impulsa-la-creacion-de-la-agenda-politica-de-la-mujer-pasista\/#primaryimage"},"thumbnailUrl":"https:\/\/fuentesfidedignas.com.mx\/wp-content\/uploads\/2025\/10\/7156abcc-b6e1-4345-9ee9-ee07ec473e16.jpg","datePublished":"2025-10-18T01:25:56+00:00","breadcrumb":{"@id":"https:\/\/fuentesfidedignas.com.mx\/index.php\/2025\/10\/17\/el-pas-impulsa-la-creacion-de-la-agenda-politica-de-la-mujer-pasista\/#breadcrumb"},"inLanguage":"es","potentialAction":[{"@type":"ReadAction","target":["https:\/\/fuentesfidedignas.com.mx\/index.php\/2025\/10\/17\/el-pas-impulsa-la-creacion-de-la-agenda-politica-de-la-mujer-pasista\/"]}]},{"@type":"ImageObject","inLanguage":"es","@id":"https:\/\/fuentesfidedignas.com.mx\/index.php\/2025\/10\/17\/el-pas-impulsa-la-creacion-de-la-agenda-politica-de-la-mujer-pasista\/#primaryimage","url":"https:\/\/fuentesfidedignas.com.mx\/wp-content\/uploads\/2025\/10\/7156abcc-b6e1-4345-9ee9-ee07ec473e16.jpg","contentUrl":"https:\/\/fuentesfidedignas.com.mx\/wp-content\/uploads\/2025\/10\/7156abcc-b6e1-4345-9ee9-ee07ec473e16.jpg","width":1600,"height":1066},{"@type":"BreadcrumbList","@id":"https:\/\/fuentesfidedignas.com.mx\/index.php\/2025\/10\/17\/el-pas-impulsa-la-creacion-de-la-agenda-politica-de-la-mujer-pasista\/#breadcrumb","itemListElement":[{"@type":"ListItem","position":1,"name":"Inicio","item":"https:\/\/fuentesfidedignas.com.mx\/"},{"@type":"ListItem","position":2,"name":"El PAS impulsa la creaci\u00f3n de la Agenda Pol\u00edtica de la Mujer Pasista"}]},{"@type":"WebSite","@id":"https:\/\/fuentesfidedignas.com.mx\/#website","url":"https:\/\/fuentesfidedignas.com.mx\/","name":"Fuentes Fidedignas","description":"Otro sitio realizado con WordPress","publisher":{"@id":"https:\/\/fuentesfidedignas.com.mx\/#organization"},"potentialAction":[{"@type":"SearchAction","target":{"@type":"EntryPoint","urlTemplate":"https:\/\/fuentesfidedignas.com.mx\/?s={search_term_string}"},"query-input":{"@type":"PropertyValueSpecification","valueRequired":true,"valueName":"search_term_string"}}],"inLanguage":"es"},{"@type":"Organization","@id":"https:\/\/fuentesfidedignas.com.mx\/#organization","name":"Fuentes Fidedignas","url":"https:\/\/fuentesfidedignas.com.mx\/","logo":{"@type":"ImageObject","inLanguage":"es","@id":"https:\/\/fuentesfidedignas.com.mx\/#\/schema\/logo\/image\/","url":"https:\/\/fuentesfidedignas.com.mx\/wp-content\/uploads\/2021\/04\/logo-retina.png","contentUrl":"https:\/\/fuentesfidedignas.com.mx\/wp-content\/uploads\/2021\/04\/logo-retina.png","width":280,"height":51,"caption":"Fuentes Fidedignas"},"image":{"@id":"https:\/\/fuentesfidedignas.com.mx\/#\/schema\/logo\/image\/"},"sameAs":["https:\/\/www.facebook.com\/Fuentes-Fidedignas-368234489921644","https:\/\/x.com\/fidedignas"]},{"@type":"Person","@id":"https:\/\/fuentesfidedignas.com.mx\/#\/schema\/person\/331be9283d37198e2acd5750279085b0","name":"Redacci\u00f3n","image":{"@type":"ImageObject","inLanguage":"es","@id":"https:\/\/secure.gravatar.com\/avatar\/f6d8782c11d12b2d4ad3fbb6931aeab5309937a4d6cd2fc9cfaa28a6396a5aec?s=96&d=mm&r=g","url":"https:\/\/secure.gravatar.com\/avatar\/f6d8782c11d12b2d4ad3fbb6931aeab5309937a4d6cd2fc9cfaa28a6396a5aec?s=96&d=mm&r=g","contentUrl":"https:\/\/secure.gravatar.com\/avatar\/f6d8782c11d12b2d4ad3fbb6931aeab5309937a4d6cd2fc9cfaa28a6396a5aec?s=96&d=mm&r=g","caption":"Redacci\u00f3n"},"url":"https:\/\/fuentesfidedignas.com.mx\/index.php\/author\/redaccion\/"}]}},"_links":{"self":[{"href":"https:\/\/fuentesfidedignas.com.mx\/index.php\/wp-json\/wp\/v2\/posts\/119667","targetHints":{"allow":["GET"]}}],"collection":[{"href":"https:\/\/fuentesfidedignas.com.mx\/index.php\/wp-json\/wp\/v2\/posts"}],"about":[{"href":"https:\/\/fuentesfidedignas.com.mx\/index.php\/wp-json\/wp\/v2\/types\/post"}],"author":[{"embeddable":true,"href":"https:\/\/fuentesfidedignas.com.mx\/index.php\/wp-json\/wp\/v2\/users\/4"}],"replies":[{"embeddable":true,"href":"https:\/\/fuentesfidedignas.com.mx\/index.php\/wp-json\/wp\/v2\/comments?post=119667"}],"version-history":[{"count":1,"href":"https:\/\/fuentesfidedignas.com.mx\/index.php\/wp-json\/wp\/v2\/posts\/119667\/revisions"}],"predecessor-version":[{"id":119668,"href":"https:\/\/fuentesfidedignas.com.mx\/index.php\/wp-json\/wp\/v2\/posts\/119667\/revisions\/119668"}],"wp:featuredmedia":[{"embeddable":true,"href":"https:\/\/fuentesfidedignas.com.mx\/index.php\/wp-json\/wp\/v2\/media\/119666"}],"wp:attachment":[{"href":"https:\/\/fuentesfidedignas.com.mx\/index.php\/wp-json\/wp\/v2\/media?parent=119667"}],"wp:term":[{"taxonomy":"category","embeddable":true,"href":"https:\/\/fuentesfidedignas.com.mx\/index.php\/wp-json\/wp\/v2\/categories?post=119667"},{"taxonomy":"post_tag","embeddable":true,"href":"https:\/\/fuentesfidedignas.com.mx\/index.php\/wp-json\/wp\/v2\/tags?post=119667"}],"curies":[{"name":"wp","href":"https:\/\/api.w.org\/{rel}","templated":true}]}}