{"id":119581,"date":"2025-10-17T07:27:31","date_gmt":"2025-10-17T14:27:31","guid":{"rendered":"https:\/\/fuentesfidedignas.com.mx\/?p=119581"},"modified":"2025-10-17T07:27:34","modified_gmt":"2025-10-17T14:27:34","slug":"el-negocio-de-las-pensiones-con-la-generacion-afore","status":"publish","type":"post","link":"https:\/\/fuentesfidedignas.com.mx\/index.php\/2025\/10\/17\/el-negocio-de-las-pensiones-con-la-generacion-afore\/","title":{"rendered":"El Negocio de las Pensiones con la Generaci\u00f3n AFORE"},"content":{"rendered":"\n<p>En est\u00e1 segunda entrega toca responder la pregunta: \u00bffracas\u00f3 el sistema para todos?<br>Las AFORES cobran actualmente alrededor del 0.57% sobre el saldo administrado. Aplicado sobre 6.8 billones, son aproximadamente 39 mil millones de pesos anuales en comisiones. Pero la cifra que realmente desnuda el negocio es otra: seg\u00fan estimaciones oficiales, con el tope reciente a las comisiones, para 2030 las AFORES habr\u00e1n &#8220;dejado de cobrar&#8221; 166.5 mil millones de pesos. Las autoridades lo presentan como un logro regulatorio. En realidad es la confesi\u00f3n involuntaria de lo que se extrajo durante dos d\u00e9cadas sin controles efectivos. Si en seis a\u00f1os dejar\u00e1n de cobrar 166 mil millones por los nuevos l\u00edmites, la pregunta obvia es: \u00bfcu\u00e1ntos cientos de miles de millones cobraron antes?<br>La estructura del negocio es perfecta en su perversidad. Las AFORES ganan independientemente del resultado para el trabajador. Su ingreso est\u00e1 completamente desacoplado de la calidad de tu pensi\u00f3n. Pueden administrar tu dinero durante 30 a\u00f1os, generar rendimientos mediocres, y cuando llegue tu retiro y descubras que tu pensi\u00f3n es insuficiente, ellas ya habr\u00e1n extra\u00eddo su ganancia sin asumir ninguna responsabilidad. Privatizaci\u00f3n de ganancias, socializaci\u00f3n de fracasos.<br>Pero las comisiones son apenas la capa superficial del negocio. La funci\u00f3n real de las AFORES est\u00e1 en otra parte. Para finales de 2024, hab\u00edan invertido 1.9 billones de pesos del ahorro de los trabajadores en el sector productivo: infraestructura, energ\u00eda, PEMEX, CFE, deuda privada y gubernamental. Tu dinero no est\u00e1 &#8220;guardado&#8221; esperando tu retiro. Est\u00e1 financiando carreteras, gasoductos, proyectos empresariales. Las AFORES no son fundamentalmente administradoras de pensiones; son fondos de inversi\u00f3n gigantescos que capturan ahorro obligatorio y lo canalizan hacia donde el capital lo necesita.<br>Esta es la funci\u00f3n real del sistema, la que explica por qu\u00e9 se dise\u00f1\u00f3 as\u00ed: convertir el salario de millones en capital disponible para el sector financiero y productivo. El trabajador aporta obligatoriamente, su dinero se invierte en proyectos que generan ganancias para otros, y al final recibe una fracci\u00f3n miserable de la riqueza que su ahorro ayud\u00f3 a crear. Es una m\u00e1quina perfecta de transferencia de recursos de abajo hacia arriba, operando legalmente, permanentemente, y disfrazada de &#8220;previsi\u00f3n individual&#8221;.<br>\u00bfQui\u00e9nes capturaron este negocio? No surgieron administradoras especializadas en pensiones. Las principales AFORES pertenecen a los grupos financieros que ya dominaban la banca mexicana. Cuando se privatiz\u00f3 el sistema en 1997, estos grupos estaban perfectamente posicionados: ten\u00edan la infraestructura, el expertise, y sobre todo, el acceso a los mercados donde se invierten billones. La reforma no diversific\u00f3 nada; concentr\u00f3 m\u00e1s poder financiero en las mismas manos, ahora con acceso legal y garantizado al ahorro forzoso de toda la poblaci\u00f3n trabajadora.<br>La concentraci\u00f3n es notable. Unas cuantas administradoras controlan la mayor\u00eda de los activos. Pr\u00e1cticamente todas son brazos de conglomerados que operan bancos, aseguradoras, casas de bolsa, fondos de inversi\u00f3n. El sistema de pensiones se convirti\u00f3 en otra l\u00ednea de negocios para los mismos de siempre, con una ventaja adicional: este negocio tiene clientes obligados por ley.<br>Aqu\u00ed est\u00e1 el contraste que debe nombrarse sin eufemismos: las AFORES administran 6.8 billones de pesos, reportan plusval\u00edas de 3.6 billones, obtienen rendimientos anuales de cientos de miles de millones. Esa riqueza existe, es real, est\u00e1 documentada en cada reporte trimestral. Pero no se traduce en pensiones dignas porque el sistema nunca fue dise\u00f1ado para eso. Fue dise\u00f1ado para capturar el ahorro de los trabajadores y ponerlo a disposici\u00f3n del capital financiero, generando ganancias garantizadas para las administradoras y financiamiento barato para el sector productivo.<br>El argumento para privatizar el sistema era que la gesti\u00f3n privada ser\u00eda m\u00e1s eficiente que un esquema p\u00fablico. Casi tres d\u00e9cadas despu\u00e9s, la evidencia muestra que las AFORES han sido eficientes exactamente en lo que les importa: generar ganancias para sus accionistas y canalizar recursos hacia el sector financiero. En producir pensiones dignas han fracasado, pero ese fracaso era el dise\u00f1o, no un error.<br>La &#8220;Generaci\u00f3n AFORE&#8221; no fue v\u00edctima de un experimento fallido. Fue v\u00edctima de un experimento exitoso en institucionalizar legalmente la transferencia de riqueza hacia arriba. Cada reporte de la CONSAR documenta el \u00e9xito de este negocio con cifras impecables. Cada trabajador pr\u00f3ximo a jubilarse descubre el costo humano de ese \u00e9xito financiero.<br>Pero si existe toda esta riqueza, si los rendimientos est\u00e1n ah\u00ed, si el dinero fluye constantemente, \u00bfpor qu\u00e9 el debate nacional insiste en que las pensiones son &#8220;insostenibles&#8221;? \u00bfD\u00f3nde est\u00e1 el dinero que supuestamente no alcanza? La respuesta en la tercera entrega: el verdadero boquete fiscal que nadie quiere nombrar.<\/p>\n","protected":false},"excerpt":{"rendered":"<p>En est\u00e1 segunda entrega toca responder la pregunta: \u00bffracas\u00f3 el sistema para todos?Las AFORES cobran actualmente alrededor del 0.57% sobre el saldo administrado. Aplicado sobre 6.8 billones, son aproximadamente 39 mil millones de pesos anuales en comisiones. Pero la cifra que realmente desnuda el negocio es otra: seg\u00fan estimaciones oficiales, con el tope reciente a [&hellip;]<\/p>\n","protected":false},"author":146,"featured_media":119583,"comment_status":"open","ping_status":"open","sticky":false,"template":"","format":"standard","meta":{"tdm_status":"","tdm_grid_status":"","footnotes":""},"categories":[3064,3089],"tags":[],"class_list":{"0":"post-119581","1":"post","2":"type-post","3":"status-publish","4":"format-standard","5":"has-post-thumbnail","7":"category-columnas","8":"category-nutriendo-la-mente"},"yoast_head":"<!-- This site is optimized with the Yoast SEO plugin v27.5 - https:\/\/yoast.com\/product\/yoast-seo-wordpress\/ -->\n<title>El Negocio de las Pensiones con la Generaci\u00f3n AFORE - Fuentes Fidedignas<\/title>\n<meta name=\"robots\" content=\"index, follow, max-snippet:-1, max-image-preview:large, max-video-preview:-1\" \/>\n<link rel=\"canonical\" href=\"https:\/\/fuentesfidedignas.com.mx\/index.php\/2025\/10\/17\/el-negocio-de-las-pensiones-con-la-generacion-afore\/\" \/>\n<meta property=\"og:locale\" content=\"es_MX\" \/>\n<meta property=\"og:type\" content=\"article\" \/>\n<meta property=\"og:title\" content=\"El Negocio de las Pensiones con la Generaci\u00f3n AFORE - Fuentes Fidedignas\" \/>\n<meta property=\"og:description\" content=\"En est\u00e1 segunda entrega toca responder la pregunta: \u00bffracas\u00f3 el sistema para todos?Las AFORES cobran actualmente alrededor del 0.57% sobre el saldo administrado. Aplicado sobre 6.8 billones, son aproximadamente 39 mil millones de pesos anuales en comisiones. Pero la cifra que realmente desnuda el negocio es otra: seg\u00fan estimaciones oficiales, con el tope reciente a [&hellip;]\" \/>\n<meta property=\"og:url\" content=\"https:\/\/fuentesfidedignas.com.mx\/index.php\/2025\/10\/17\/el-negocio-de-las-pensiones-con-la-generacion-afore\/\" \/>\n<meta property=\"og:site_name\" content=\"Fuentes Fidedignas\" \/>\n<meta property=\"article:publisher\" content=\"https:\/\/www.facebook.com\/Fuentes-Fidedignas-368234489921644\" \/>\n<meta property=\"article:published_time\" content=\"2025-10-17T14:27:31+00:00\" \/>\n<meta property=\"article:modified_time\" content=\"2025-10-17T14:27:34+00:00\" \/>\n<meta property=\"og:image\" content=\"https:\/\/fuentesfidedignas.com.mx\/wp-content\/uploads\/2025\/10\/PHOTO-2025-10-17-07-20-56.jpg\" \/>\n\t<meta property=\"og:image:width\" content=\"1280\" \/>\n\t<meta property=\"og:image:height\" content=\"853\" \/>\n\t<meta property=\"og:image:type\" content=\"image\/jpeg\" \/>\n<meta name=\"author\" content=\"Mtro. Horacio de Jes\u00fas Malcampo Moreno\" \/>\n<meta name=\"twitter:card\" content=\"summary_large_image\" \/>\n<meta name=\"twitter:creator\" content=\"@fidedignas\" \/>\n<meta name=\"twitter:site\" content=\"@fidedignas\" \/>\n<meta name=\"twitter:label1\" content=\"Escrito por\" \/>\n\t<meta name=\"twitter:data1\" content=\"Mtro. Horacio de Jes\u00fas Malcampo Moreno\" \/>\n\t<meta name=\"twitter:label2\" content=\"Tiempo de lectura\" \/>\n\t<meta name=\"twitter:data2\" content=\"4 minutos\" \/>\n<script type=\"application\/ld+json\" class=\"yoast-schema-graph\">{\"@context\":\"https:\\\/\\\/schema.org\",\"@graph\":[{\"@type\":\"Article\",\"@id\":\"https:\\\/\\\/fuentesfidedignas.com.mx\\\/index.php\\\/2025\\\/10\\\/17\\\/el-negocio-de-las-pensiones-con-la-generacion-afore\\\/#article\",\"isPartOf\":{\"@id\":\"https:\\\/\\\/fuentesfidedignas.com.mx\\\/index.php\\\/2025\\\/10\\\/17\\\/el-negocio-de-las-pensiones-con-la-generacion-afore\\\/\"},\"author\":{\"name\":\"Mtro. Horacio de Jes\u00fas Malcampo Moreno\",\"@id\":\"https:\\\/\\\/fuentesfidedignas.com.mx\\\/#\\\/schema\\\/person\\\/3f687c55082c557a647c7836bde45728\"},\"headline\":\"El Negocio de las Pensiones con la Generaci\u00f3n AFORE\",\"datePublished\":\"2025-10-17T14:27:31+00:00\",\"dateModified\":\"2025-10-17T14:27:34+00:00\",\"mainEntityOfPage\":{\"@id\":\"https:\\\/\\\/fuentesfidedignas.com.mx\\\/index.php\\\/2025\\\/10\\\/17\\\/el-negocio-de-las-pensiones-con-la-generacion-afore\\\/\"},\"wordCount\":790,\"commentCount\":0,\"publisher\":{\"@id\":\"https:\\\/\\\/fuentesfidedignas.com.mx\\\/#organization\"},\"image\":{\"@id\":\"https:\\\/\\\/fuentesfidedignas.com.mx\\\/index.php\\\/2025\\\/10\\\/17\\\/el-negocio-de-las-pensiones-con-la-generacion-afore\\\/#primaryimage\"},\"thumbnailUrl\":\"https:\\\/\\\/fuentesfidedignas.com.mx\\\/wp-content\\\/uploads\\\/2025\\\/10\\\/PHOTO-2025-10-17-07-20-56.jpg\",\"articleSection\":[\"COLUMNAS\",\"NUTRIENDO LA MENTE\"],\"inLanguage\":\"es\",\"potentialAction\":[{\"@type\":\"CommentAction\",\"name\":\"Comment\",\"target\":[\"https:\\\/\\\/fuentesfidedignas.com.mx\\\/index.php\\\/2025\\\/10\\\/17\\\/el-negocio-de-las-pensiones-con-la-generacion-afore\\\/#respond\"]}]},{\"@type\":\"WebPage\",\"@id\":\"https:\\\/\\\/fuentesfidedignas.com.mx\\\/index.php\\\/2025\\\/10\\\/17\\\/el-negocio-de-las-pensiones-con-la-generacion-afore\\\/\",\"url\":\"https:\\\/\\\/fuentesfidedignas.com.mx\\\/index.php\\\/2025\\\/10\\\/17\\\/el-negocio-de-las-pensiones-con-la-generacion-afore\\\/\",\"name\":\"El Negocio de las Pensiones con la Generaci\u00f3n AFORE - Fuentes Fidedignas\",\"isPartOf\":{\"@id\":\"https:\\\/\\\/fuentesfidedignas.com.mx\\\/#website\"},\"primaryImageOfPage\":{\"@id\":\"https:\\\/\\\/fuentesfidedignas.com.mx\\\/index.php\\\/2025\\\/10\\\/17\\\/el-negocio-de-las-pensiones-con-la-generacion-afore\\\/#primaryimage\"},\"image\":{\"@id\":\"https:\\\/\\\/fuentesfidedignas.com.mx\\\/index.php\\\/2025\\\/10\\\/17\\\/el-negocio-de-las-pensiones-con-la-generacion-afore\\\/#primaryimage\"},\"thumbnailUrl\":\"https:\\\/\\\/fuentesfidedignas.com.mx\\\/wp-content\\\/uploads\\\/2025\\\/10\\\/PHOTO-2025-10-17-07-20-56.jpg\",\"datePublished\":\"2025-10-17T14:27:31+00:00\",\"dateModified\":\"2025-10-17T14:27:34+00:00\",\"breadcrumb\":{\"@id\":\"https:\\\/\\\/fuentesfidedignas.com.mx\\\/index.php\\\/2025\\\/10\\\/17\\\/el-negocio-de-las-pensiones-con-la-generacion-afore\\\/#breadcrumb\"},\"inLanguage\":\"es\",\"potentialAction\":[{\"@type\":\"ReadAction\",\"target\":[\"https:\\\/\\\/fuentesfidedignas.com.mx\\\/index.php\\\/2025\\\/10\\\/17\\\/el-negocio-de-las-pensiones-con-la-generacion-afore\\\/\"]}]},{\"@type\":\"ImageObject\",\"inLanguage\":\"es\",\"@id\":\"https:\\\/\\\/fuentesfidedignas.com.mx\\\/index.php\\\/2025\\\/10\\\/17\\\/el-negocio-de-las-pensiones-con-la-generacion-afore\\\/#primaryimage\",\"url\":\"https:\\\/\\\/fuentesfidedignas.com.mx\\\/wp-content\\\/uploads\\\/2025\\\/10\\\/PHOTO-2025-10-17-07-20-56.jpg\",\"contentUrl\":\"https:\\\/\\\/fuentesfidedignas.com.mx\\\/wp-content\\\/uploads\\\/2025\\\/10\\\/PHOTO-2025-10-17-07-20-56.jpg\",\"width\":1280,\"height\":853},{\"@type\":\"BreadcrumbList\",\"@id\":\"https:\\\/\\\/fuentesfidedignas.com.mx\\\/index.php\\\/2025\\\/10\\\/17\\\/el-negocio-de-las-pensiones-con-la-generacion-afore\\\/#breadcrumb\",\"itemListElement\":[{\"@type\":\"ListItem\",\"position\":1,\"name\":\"Inicio\",\"item\":\"https:\\\/\\\/fuentesfidedignas.com.mx\\\/\"},{\"@type\":\"ListItem\",\"position\":2,\"name\":\"El Negocio de las Pensiones con la Generaci\u00f3n AFORE\"}]},{\"@type\":\"WebSite\",\"@id\":\"https:\\\/\\\/fuentesfidedignas.com.mx\\\/#website\",\"url\":\"https:\\\/\\\/fuentesfidedignas.com.mx\\\/\",\"name\":\"Fuentes Fidedignas\",\"description\":\"Otro sitio realizado con WordPress\",\"publisher\":{\"@id\":\"https:\\\/\\\/fuentesfidedignas.com.mx\\\/#organization\"},\"potentialAction\":[{\"@type\":\"SearchAction\",\"target\":{\"@type\":\"EntryPoint\",\"urlTemplate\":\"https:\\\/\\\/fuentesfidedignas.com.mx\\\/?s={search_term_string}\"},\"query-input\":{\"@type\":\"PropertyValueSpecification\",\"valueRequired\":true,\"valueName\":\"search_term_string\"}}],\"inLanguage\":\"es\"},{\"@type\":\"Organization\",\"@id\":\"https:\\\/\\\/fuentesfidedignas.com.mx\\\/#organization\",\"name\":\"Fuentes Fidedignas\",\"url\":\"https:\\\/\\\/fuentesfidedignas.com.mx\\\/\",\"logo\":{\"@type\":\"ImageObject\",\"inLanguage\":\"es\",\"@id\":\"https:\\\/\\\/fuentesfidedignas.com.mx\\\/#\\\/schema\\\/logo\\\/image\\\/\",\"url\":\"https:\\\/\\\/fuentesfidedignas.com.mx\\\/wp-content\\\/uploads\\\/2021\\\/04\\\/logo-retina.png\",\"contentUrl\":\"https:\\\/\\\/fuentesfidedignas.com.mx\\\/wp-content\\\/uploads\\\/2021\\\/04\\\/logo-retina.png\",\"width\":280,\"height\":51,\"caption\":\"Fuentes Fidedignas\"},\"image\":{\"@id\":\"https:\\\/\\\/fuentesfidedignas.com.mx\\\/#\\\/schema\\\/logo\\\/image\\\/\"},\"sameAs\":[\"https:\\\/\\\/www.facebook.com\\\/Fuentes-Fidedignas-368234489921644\",\"https:\\\/\\\/x.com\\\/fidedignas\"]},{\"@type\":\"Person\",\"@id\":\"https:\\\/\\\/fuentesfidedignas.com.mx\\\/#\\\/schema\\\/person\\\/3f687c55082c557a647c7836bde45728\",\"name\":\"Mtro. Horacio de Jes\u00fas Malcampo Moreno\",\"image\":{\"@type\":\"ImageObject\",\"inLanguage\":\"es\",\"@id\":\"https:\\\/\\\/secure.gravatar.com\\\/avatar\\\/21fd667a5b9de079d383e44390566d4c728a6ce47b9b5e8419c61f1b793461ac?s=96&d=mm&r=g\",\"url\":\"https:\\\/\\\/secure.gravatar.com\\\/avatar\\\/21fd667a5b9de079d383e44390566d4c728a6ce47b9b5e8419c61f1b793461ac?s=96&d=mm&r=g\",\"contentUrl\":\"https:\\\/\\\/secure.gravatar.com\\\/avatar\\\/21fd667a5b9de079d383e44390566d4c728a6ce47b9b5e8419c61f1b793461ac?s=96&d=mm&r=g\",\"caption\":\"Mtro. Horacio de Jes\u00fas Malcampo Moreno\"},\"url\":\"https:\\\/\\\/fuentesfidedignas.com.mx\\\/index.php\\\/author\\\/horacio\\\/\"}]}<\/script>\n<!-- \/ Yoast SEO plugin. -->","yoast_head_json":{"title":"El Negocio de las Pensiones con la Generaci\u00f3n AFORE - Fuentes Fidedignas","robots":{"index":"index","follow":"follow","max-snippet":"max-snippet:-1","max-image-preview":"max-image-preview:large","max-video-preview":"max-video-preview:-1"},"canonical":"https:\/\/fuentesfidedignas.com.mx\/index.php\/2025\/10\/17\/el-negocio-de-las-pensiones-con-la-generacion-afore\/","og_locale":"es_MX","og_type":"article","og_title":"El Negocio de las Pensiones con la Generaci\u00f3n AFORE - Fuentes Fidedignas","og_description":"En est\u00e1 segunda entrega toca responder la pregunta: \u00bffracas\u00f3 el sistema para todos?Las AFORES cobran actualmente alrededor del 0.57% sobre el saldo administrado. Aplicado sobre 6.8 billones, son aproximadamente 39 mil millones de pesos anuales en comisiones. Pero la cifra que realmente desnuda el negocio es otra: seg\u00fan estimaciones oficiales, con el tope reciente a [&hellip;]","og_url":"https:\/\/fuentesfidedignas.com.mx\/index.php\/2025\/10\/17\/el-negocio-de-las-pensiones-con-la-generacion-afore\/","og_site_name":"Fuentes Fidedignas","article_publisher":"https:\/\/www.facebook.com\/Fuentes-Fidedignas-368234489921644","article_published_time":"2025-10-17T14:27:31+00:00","article_modified_time":"2025-10-17T14:27:34+00:00","og_image":[{"width":1280,"height":853,"url":"https:\/\/fuentesfidedignas.com.mx\/wp-content\/uploads\/2025\/10\/PHOTO-2025-10-17-07-20-56.jpg","type":"image\/jpeg"}],"author":"Mtro. Horacio de Jes\u00fas Malcampo Moreno","twitter_card":"summary_large_image","twitter_creator":"@fidedignas","twitter_site":"@fidedignas","twitter_misc":{"Escrito por":"Mtro. Horacio de Jes\u00fas Malcampo Moreno","Tiempo de lectura":"4 minutos"},"schema":{"@context":"https:\/\/schema.org","@graph":[{"@type":"Article","@id":"https:\/\/fuentesfidedignas.com.mx\/index.php\/2025\/10\/17\/el-negocio-de-las-pensiones-con-la-generacion-afore\/#article","isPartOf":{"@id":"https:\/\/fuentesfidedignas.com.mx\/index.php\/2025\/10\/17\/el-negocio-de-las-pensiones-con-la-generacion-afore\/"},"author":{"name":"Mtro. Horacio de Jes\u00fas Malcampo Moreno","@id":"https:\/\/fuentesfidedignas.com.mx\/#\/schema\/person\/3f687c55082c557a647c7836bde45728"},"headline":"El Negocio de las Pensiones con la Generaci\u00f3n AFORE","datePublished":"2025-10-17T14:27:31+00:00","dateModified":"2025-10-17T14:27:34+00:00","mainEntityOfPage":{"@id":"https:\/\/fuentesfidedignas.com.mx\/index.php\/2025\/10\/17\/el-negocio-de-las-pensiones-con-la-generacion-afore\/"},"wordCount":790,"commentCount":0,"publisher":{"@id":"https:\/\/fuentesfidedignas.com.mx\/#organization"},"image":{"@id":"https:\/\/fuentesfidedignas.com.mx\/index.php\/2025\/10\/17\/el-negocio-de-las-pensiones-con-la-generacion-afore\/#primaryimage"},"thumbnailUrl":"https:\/\/fuentesfidedignas.com.mx\/wp-content\/uploads\/2025\/10\/PHOTO-2025-10-17-07-20-56.jpg","articleSection":["COLUMNAS","NUTRIENDO LA MENTE"],"inLanguage":"es","potentialAction":[{"@type":"CommentAction","name":"Comment","target":["https:\/\/fuentesfidedignas.com.mx\/index.php\/2025\/10\/17\/el-negocio-de-las-pensiones-con-la-generacion-afore\/#respond"]}]},{"@type":"WebPage","@id":"https:\/\/fuentesfidedignas.com.mx\/index.php\/2025\/10\/17\/el-negocio-de-las-pensiones-con-la-generacion-afore\/","url":"https:\/\/fuentesfidedignas.com.mx\/index.php\/2025\/10\/17\/el-negocio-de-las-pensiones-con-la-generacion-afore\/","name":"El Negocio de las Pensiones con la Generaci\u00f3n AFORE - Fuentes Fidedignas","isPartOf":{"@id":"https:\/\/fuentesfidedignas.com.mx\/#website"},"primaryImageOfPage":{"@id":"https:\/\/fuentesfidedignas.com.mx\/index.php\/2025\/10\/17\/el-negocio-de-las-pensiones-con-la-generacion-afore\/#primaryimage"},"image":{"@id":"https:\/\/fuentesfidedignas.com.mx\/index.php\/2025\/10\/17\/el-negocio-de-las-pensiones-con-la-generacion-afore\/#primaryimage"},"thumbnailUrl":"https:\/\/fuentesfidedignas.com.mx\/wp-content\/uploads\/2025\/10\/PHOTO-2025-10-17-07-20-56.jpg","datePublished":"2025-10-17T14:27:31+00:00","dateModified":"2025-10-17T14:27:34+00:00","breadcrumb":{"@id":"https:\/\/fuentesfidedignas.com.mx\/index.php\/2025\/10\/17\/el-negocio-de-las-pensiones-con-la-generacion-afore\/#breadcrumb"},"inLanguage":"es","potentialAction":[{"@type":"ReadAction","target":["https:\/\/fuentesfidedignas.com.mx\/index.php\/2025\/10\/17\/el-negocio-de-las-pensiones-con-la-generacion-afore\/"]}]},{"@type":"ImageObject","inLanguage":"es","@id":"https:\/\/fuentesfidedignas.com.mx\/index.php\/2025\/10\/17\/el-negocio-de-las-pensiones-con-la-generacion-afore\/#primaryimage","url":"https:\/\/fuentesfidedignas.com.mx\/wp-content\/uploads\/2025\/10\/PHOTO-2025-10-17-07-20-56.jpg","contentUrl":"https:\/\/fuentesfidedignas.com.mx\/wp-content\/uploads\/2025\/10\/PHOTO-2025-10-17-07-20-56.jpg","width":1280,"height":853},{"@type":"BreadcrumbList","@id":"https:\/\/fuentesfidedignas.com.mx\/index.php\/2025\/10\/17\/el-negocio-de-las-pensiones-con-la-generacion-afore\/#breadcrumb","itemListElement":[{"@type":"ListItem","position":1,"name":"Inicio","item":"https:\/\/fuentesfidedignas.com.mx\/"},{"@type":"ListItem","position":2,"name":"El Negocio de las Pensiones con la Generaci\u00f3n AFORE"}]},{"@type":"WebSite","@id":"https:\/\/fuentesfidedignas.com.mx\/#website","url":"https:\/\/fuentesfidedignas.com.mx\/","name":"Fuentes Fidedignas","description":"Otro sitio realizado con WordPress","publisher":{"@id":"https:\/\/fuentesfidedignas.com.mx\/#organization"},"potentialAction":[{"@type":"SearchAction","target":{"@type":"EntryPoint","urlTemplate":"https:\/\/fuentesfidedignas.com.mx\/?s={search_term_string}"},"query-input":{"@type":"PropertyValueSpecification","valueRequired":true,"valueName":"search_term_string"}}],"inLanguage":"es"},{"@type":"Organization","@id":"https:\/\/fuentesfidedignas.com.mx\/#organization","name":"Fuentes Fidedignas","url":"https:\/\/fuentesfidedignas.com.mx\/","logo":{"@type":"ImageObject","inLanguage":"es","@id":"https:\/\/fuentesfidedignas.com.mx\/#\/schema\/logo\/image\/","url":"https:\/\/fuentesfidedignas.com.mx\/wp-content\/uploads\/2021\/04\/logo-retina.png","contentUrl":"https:\/\/fuentesfidedignas.com.mx\/wp-content\/uploads\/2021\/04\/logo-retina.png","width":280,"height":51,"caption":"Fuentes Fidedignas"},"image":{"@id":"https:\/\/fuentesfidedignas.com.mx\/#\/schema\/logo\/image\/"},"sameAs":["https:\/\/www.facebook.com\/Fuentes-Fidedignas-368234489921644","https:\/\/x.com\/fidedignas"]},{"@type":"Person","@id":"https:\/\/fuentesfidedignas.com.mx\/#\/schema\/person\/3f687c55082c557a647c7836bde45728","name":"Mtro. Horacio de Jes\u00fas Malcampo Moreno","image":{"@type":"ImageObject","inLanguage":"es","@id":"https:\/\/secure.gravatar.com\/avatar\/21fd667a5b9de079d383e44390566d4c728a6ce47b9b5e8419c61f1b793461ac?s=96&d=mm&r=g","url":"https:\/\/secure.gravatar.com\/avatar\/21fd667a5b9de079d383e44390566d4c728a6ce47b9b5e8419c61f1b793461ac?s=96&d=mm&r=g","contentUrl":"https:\/\/secure.gravatar.com\/avatar\/21fd667a5b9de079d383e44390566d4c728a6ce47b9b5e8419c61f1b793461ac?s=96&d=mm&r=g","caption":"Mtro. Horacio de Jes\u00fas Malcampo Moreno"},"url":"https:\/\/fuentesfidedignas.com.mx\/index.php\/author\/horacio\/"}]}},"_links":{"self":[{"href":"https:\/\/fuentesfidedignas.com.mx\/index.php\/wp-json\/wp\/v2\/posts\/119581","targetHints":{"allow":["GET"]}}],"collection":[{"href":"https:\/\/fuentesfidedignas.com.mx\/index.php\/wp-json\/wp\/v2\/posts"}],"about":[{"href":"https:\/\/fuentesfidedignas.com.mx\/index.php\/wp-json\/wp\/v2\/types\/post"}],"author":[{"embeddable":true,"href":"https:\/\/fuentesfidedignas.com.mx\/index.php\/wp-json\/wp\/v2\/users\/146"}],"replies":[{"embeddable":true,"href":"https:\/\/fuentesfidedignas.com.mx\/index.php\/wp-json\/wp\/v2\/comments?post=119581"}],"version-history":[{"count":1,"href":"https:\/\/fuentesfidedignas.com.mx\/index.php\/wp-json\/wp\/v2\/posts\/119581\/revisions"}],"predecessor-version":[{"id":119584,"href":"https:\/\/fuentesfidedignas.com.mx\/index.php\/wp-json\/wp\/v2\/posts\/119581\/revisions\/119584"}],"wp:featuredmedia":[{"embeddable":true,"href":"https:\/\/fuentesfidedignas.com.mx\/index.php\/wp-json\/wp\/v2\/media\/119583"}],"wp:attachment":[{"href":"https:\/\/fuentesfidedignas.com.mx\/index.php\/wp-json\/wp\/v2\/media?parent=119581"}],"wp:term":[{"taxonomy":"category","embeddable":true,"href":"https:\/\/fuentesfidedignas.com.mx\/index.php\/wp-json\/wp\/v2\/categories?post=119581"},{"taxonomy":"post_tag","embeddable":true,"href":"https:\/\/fuentesfidedignas.com.mx\/index.php\/wp-json\/wp\/v2\/tags?post=119581"}],"curies":[{"name":"wp","href":"https:\/\/api.w.org\/{rel}","templated":true}]}}