{"id":119325,"date":"2025-10-14T00:08:00","date_gmt":"2025-10-14T07:08:00","guid":{"rendered":"https:\/\/fuentesfidedignas.com.mx\/?p=119325"},"modified":"2025-10-13T12:13:14","modified_gmt":"2025-10-13T19:13:14","slug":"tunden-a-chef-por-comparar-esquites-de-calle-con-su-version-gourmet-de-230","status":"publish","type":"post","link":"https:\/\/fuentesfidedignas.com.mx\/index.php\/2025\/10\/14\/tunden-a-chef-por-comparar-esquites-de-calle-con-su-version-gourmet-de-230\/","title":{"rendered":"Tunden a chef por comparar esquites de calle con su versi\u00f3n &#8216;gourmet&#8217; de $230"},"content":{"rendered":"\n<p><strong><em><br>El chef Javier Garc\u00eda desat\u00f3 pol\u00e9mica al comparar un esquite de $30 con uno de $230 de su restaurante Mesa Criolla<\/em><\/strong><\/p>\n\n\n\n<p>En redes sociales abundan las opiniones encontradas que pueden provocar una ola de pol\u00e9micas reacciones sin importar de quien se trate, ni siquiera s\u00ed, quien las emite es una figura reconocida, quienes tambi\u00e9n suelen meter la pata de forma \u00e9pica gan\u00e1ndose un sinf\u00edn de cr\u00edticas que pueden llegar a destruirlo.<\/p>\n\n\n\n<p>Y es que recientemente el chef&nbsp;<strong>Javier Garc\u00eda<\/strong>, propietario del restaurante&nbsp;<strong>Mesa Criolla<\/strong>, uno de los m\u00e1s exclusivos de Xalapa, Veracruz, se volvi\u00f3 el protagonista involuntario de una serie de cuestionamientos a sus opiniones que fueron calificadas de clasistas por cientos de internautas.<\/p>\n\n\n\n<p>Todo comenz\u00f3 cuando el chef subi\u00f3 un video comparando un&nbsp;<strong>esquite callejero de 30 pesos<\/strong>, servido en vasito de unicel, con una versi\u00f3n \u201cgourmet\u201d de&nbsp;<strong>230 pesos<\/strong>&nbsp;que se sirve en su restaurante, montada nada menos que en un tu\u00e9tano y acompa\u00f1ada de chutoro de at\u00fan, crema de rancho, ma\u00edz cacahuacintle y queso ahumado.<\/p>\n\n\n\n<figure class=\"wp-block-embed is-type-rich is-provider-twitter wp-block-embed-twitter\"><div class=\"wp-block-embed__wrapper\">\n<blockquote class=\"twitter-tweet\" data-width=\"550\" data-dnt=\"true\"><p lang=\"es\" dir=\"ltr\">\u00bfQu\u00e9 prefieren: un esquite de 30 pesos o un \u201cesquite\u201d de 230 pesos? \ud83d\ude44<br> <a href=\"https:\/\/t.co\/8rwHZgslas\">pic.twitter.com\/8rwHZgslas<\/a><\/p>&mdash; Pr\u00f3fugos del \u00c1cido F\u00f3lico (@EsdeProfugos) <a href=\"https:\/\/twitter.com\/EsdeProfugos\/status\/1977383269965406547?ref_src=twsrc%5Etfw\">October 12, 2025<\/a><\/blockquote><script async src=\"https:\/\/platform.twitter.com\/widgets.js\" charset=\"utf-8\"><\/script>\n<\/div><\/figure>\n\n\n\n<blockquote class=\"wp-block-quote is-layout-flow wp-block-quote-is-layout-flow\">\n<p>\u201cEl sabor no est\u00e1 mal, nada del otro mundo\u2026 Para m\u00ed es como un 3.5, 4 siendo generosos\u201d, dijo sobre el esquite de esquina. En contraste, calific\u00f3 el suyo como \u201cjodidamente bueno\u201d.<\/p>\n<\/blockquote>\n\n\n\n<blockquote class=\"wp-block-quote is-layout-flow wp-block-quote-is-layout-flow\">\n<p>\u201cEste de ac\u00e1 es un esquite de 230 pesos, montado en tu\u00e9tano, viene una t\u00e1rtara de chutoro&nbsp;de at\u00fan aleta azul, esquite de ma\u00edz cacahuacincle, crema de rancho, queso mazama humado, y si,&nbsp;est\u00e1 jodidamente bueno. Sin duda, no es un esquite para todo el mundo, por eso es que no lo encuentras en cualquier&nbsp;lado.&nbsp;Vale bastante la pena darle una oportunidad\u2026 y si no,&nbsp;pues seguramente cerca de tu casa habr\u00e1 uno de 30 pesos\u201d, expreso.<\/p>\n<\/blockquote>\n\n\n\n<p>La intenci\u00f3n, seg\u00fan explic\u00f3 despu\u00e9s, era hacer un video divertido e innovador para redes, sin embrago, lo que consigui\u00f3 fue una&nbsp;<strong>ola de cr\u00edticas<\/strong>, burlas, memes y cuestionamientos sobre&nbsp;<strong>clasismo gastron\u00f3mico<\/strong>&nbsp;y desconexi\u00f3n con la&nbsp;<strong>comida popular mexicana.<\/strong><\/p>\n\n\n\n<p>El hate fue tanto que el propio chef&nbsp;<strong>tuvo que salir a pedir disculpas p\u00fablicamente<\/strong>.<\/p>\n","protected":false},"excerpt":{"rendered":"<p>El chef Javier Garc\u00eda desat\u00f3 pol\u00e9mica al comparar un esquite de $30 con uno de $230 de su restaurante Mesa Criolla En redes sociales abundan las opiniones encontradas que pueden provocar una ola de pol\u00e9micas reacciones sin importar de quien se trate, ni siquiera s\u00ed, quien las emite es una figura reconocida, quienes tambi\u00e9n suelen [&hellip;]<\/p>\n","protected":false},"author":7,"featured_media":119326,"comment_status":"open","ping_status":"open","sticky":false,"template":"","format":"standard","meta":{"tdm_status":"","tdm_grid_status":"","footnotes":""},"categories":[40],"tags":[],"class_list":{"0":"post-119325","1":"post","2":"type-post","3":"status-publish","4":"format-standard","5":"has-post-thumbnail","7":"category-las-asombrosas"},"yoast_head":"<!-- This site is optimized with the Yoast SEO plugin v27.5 - https:\/\/yoast.com\/product\/yoast-seo-wordpress\/ -->\n<title>Tunden a chef por comparar esquites de calle con su versi\u00f3n &#039;gourmet&#039; de $230 - Fuentes Fidedignas<\/title>\n<meta name=\"robots\" content=\"index, follow, max-snippet:-1, max-image-preview:large, max-video-preview:-1\" \/>\n<link rel=\"canonical\" href=\"https:\/\/fuentesfidedignas.com.mx\/index.php\/2025\/10\/14\/tunden-a-chef-por-comparar-esquites-de-calle-con-su-version-gourmet-de-230\/\" \/>\n<meta property=\"og:locale\" content=\"es_MX\" \/>\n<meta property=\"og:type\" content=\"article\" \/>\n<meta property=\"og:title\" content=\"Tunden a chef por comparar esquites de calle con su versi\u00f3n &#039;gourmet&#039; de $230 - Fuentes Fidedignas\" \/>\n<meta property=\"og:description\" content=\"El chef Javier Garc\u00eda desat\u00f3 pol\u00e9mica al comparar un esquite de $30 con uno de $230 de su restaurante Mesa Criolla En redes sociales abundan las opiniones encontradas que pueden provocar una ola de pol\u00e9micas reacciones sin importar de quien se trate, ni siquiera s\u00ed, quien las emite es una figura reconocida, quienes tambi\u00e9n suelen [&hellip;]\" \/>\n<meta property=\"og:url\" content=\"https:\/\/fuentesfidedignas.com.mx\/index.php\/2025\/10\/14\/tunden-a-chef-por-comparar-esquites-de-calle-con-su-version-gourmet-de-230\/\" \/>\n<meta property=\"og:site_name\" content=\"Fuentes Fidedignas\" \/>\n<meta property=\"article:publisher\" content=\"https:\/\/www.facebook.com\/Fuentes-Fidedignas-368234489921644\" \/>\n<meta property=\"article:published_time\" content=\"2025-10-14T07:08:00+00:00\" \/>\n<meta property=\"og:image\" content=\"https:\/\/fuentesfidedignas.com.mx\/wp-content\/uploads\/2025\/10\/Captura-de-pantalla-26.jpg\" \/>\n\t<meta property=\"og:image:width\" content=\"688\" \/>\n\t<meta property=\"og:image:height\" content=\"464\" \/>\n\t<meta property=\"og:image:type\" content=\"image\/jpeg\" \/>\n<meta name=\"author\" content=\"Exc\u00e9lsior\" \/>\n<meta name=\"twitter:card\" content=\"summary_large_image\" \/>\n<meta name=\"twitter:creator\" content=\"@fidedignas\" \/>\n<meta name=\"twitter:site\" content=\"@fidedignas\" \/>\n<meta name=\"twitter:label1\" content=\"Escrito por\" \/>\n\t<meta name=\"twitter:data1\" content=\"Exc\u00e9lsior\" \/>\n\t<meta name=\"twitter:label2\" content=\"Tiempo de lectura\" \/>\n\t<meta name=\"twitter:data2\" content=\"2 minutos\" \/>\n<script type=\"application\/ld+json\" class=\"yoast-schema-graph\">{\"@context\":\"https:\\\/\\\/schema.org\",\"@graph\":[{\"@type\":\"Article\",\"@id\":\"https:\\\/\\\/fuentesfidedignas.com.mx\\\/index.php\\\/2025\\\/10\\\/14\\\/tunden-a-chef-por-comparar-esquites-de-calle-con-su-version-gourmet-de-230\\\/#article\",\"isPartOf\":{\"@id\":\"https:\\\/\\\/fuentesfidedignas.com.mx\\\/index.php\\\/2025\\\/10\\\/14\\\/tunden-a-chef-por-comparar-esquites-de-calle-con-su-version-gourmet-de-230\\\/\"},\"author\":{\"name\":\"Exc\u00e9lsior\",\"@id\":\"https:\\\/\\\/fuentesfidedignas.com.mx\\\/#\\\/schema\\\/person\\\/ec4edd1fbf5efa3e44fce34fe2787780\"},\"headline\":\"Tunden a chef por comparar esquites de calle con su versi\u00f3n &#8216;gourmet&#8217; de $230\",\"datePublished\":\"2025-10-14T07:08:00+00:00\",\"mainEntityOfPage\":{\"@id\":\"https:\\\/\\\/fuentesfidedignas.com.mx\\\/index.php\\\/2025\\\/10\\\/14\\\/tunden-a-chef-por-comparar-esquites-de-calle-con-su-version-gourmet-de-230\\\/\"},\"wordCount\":416,\"commentCount\":0,\"publisher\":{\"@id\":\"https:\\\/\\\/fuentesfidedignas.com.mx\\\/#organization\"},\"image\":{\"@id\":\"https:\\\/\\\/fuentesfidedignas.com.mx\\\/index.php\\\/2025\\\/10\\\/14\\\/tunden-a-chef-por-comparar-esquites-de-calle-con-su-version-gourmet-de-230\\\/#primaryimage\"},\"thumbnailUrl\":\"https:\\\/\\\/fuentesfidedignas.com.mx\\\/wp-content\\\/uploads\\\/2025\\\/10\\\/Captura-de-pantalla-26.jpg\",\"articleSection\":[\"LAS ASOMBROSAS\"],\"inLanguage\":\"es\",\"potentialAction\":[{\"@type\":\"CommentAction\",\"name\":\"Comment\",\"target\":[\"https:\\\/\\\/fuentesfidedignas.com.mx\\\/index.php\\\/2025\\\/10\\\/14\\\/tunden-a-chef-por-comparar-esquites-de-calle-con-su-version-gourmet-de-230\\\/#respond\"]}]},{\"@type\":\"WebPage\",\"@id\":\"https:\\\/\\\/fuentesfidedignas.com.mx\\\/index.php\\\/2025\\\/10\\\/14\\\/tunden-a-chef-por-comparar-esquites-de-calle-con-su-version-gourmet-de-230\\\/\",\"url\":\"https:\\\/\\\/fuentesfidedignas.com.mx\\\/index.php\\\/2025\\\/10\\\/14\\\/tunden-a-chef-por-comparar-esquites-de-calle-con-su-version-gourmet-de-230\\\/\",\"name\":\"Tunden a chef por comparar esquites de calle con su versi\u00f3n 'gourmet' de $230 - Fuentes Fidedignas\",\"isPartOf\":{\"@id\":\"https:\\\/\\\/fuentesfidedignas.com.mx\\\/#website\"},\"primaryImageOfPage\":{\"@id\":\"https:\\\/\\\/fuentesfidedignas.com.mx\\\/index.php\\\/2025\\\/10\\\/14\\\/tunden-a-chef-por-comparar-esquites-de-calle-con-su-version-gourmet-de-230\\\/#primaryimage\"},\"image\":{\"@id\":\"https:\\\/\\\/fuentesfidedignas.com.mx\\\/index.php\\\/2025\\\/10\\\/14\\\/tunden-a-chef-por-comparar-esquites-de-calle-con-su-version-gourmet-de-230\\\/#primaryimage\"},\"thumbnailUrl\":\"https:\\\/\\\/fuentesfidedignas.com.mx\\\/wp-content\\\/uploads\\\/2025\\\/10\\\/Captura-de-pantalla-26.jpg\",\"datePublished\":\"2025-10-14T07:08:00+00:00\",\"breadcrumb\":{\"@id\":\"https:\\\/\\\/fuentesfidedignas.com.mx\\\/index.php\\\/2025\\\/10\\\/14\\\/tunden-a-chef-por-comparar-esquites-de-calle-con-su-version-gourmet-de-230\\\/#breadcrumb\"},\"inLanguage\":\"es\",\"potentialAction\":[{\"@type\":\"ReadAction\",\"target\":[\"https:\\\/\\\/fuentesfidedignas.com.mx\\\/index.php\\\/2025\\\/10\\\/14\\\/tunden-a-chef-por-comparar-esquites-de-calle-con-su-version-gourmet-de-230\\\/\"]}]},{\"@type\":\"ImageObject\",\"inLanguage\":\"es\",\"@id\":\"https:\\\/\\\/fuentesfidedignas.com.mx\\\/index.php\\\/2025\\\/10\\\/14\\\/tunden-a-chef-por-comparar-esquites-de-calle-con-su-version-gourmet-de-230\\\/#primaryimage\",\"url\":\"https:\\\/\\\/fuentesfidedignas.com.mx\\\/wp-content\\\/uploads\\\/2025\\\/10\\\/Captura-de-pantalla-26.jpg\",\"contentUrl\":\"https:\\\/\\\/fuentesfidedignas.com.mx\\\/wp-content\\\/uploads\\\/2025\\\/10\\\/Captura-de-pantalla-26.jpg\",\"width\":688,\"height\":464},{\"@type\":\"BreadcrumbList\",\"@id\":\"https:\\\/\\\/fuentesfidedignas.com.mx\\\/index.php\\\/2025\\\/10\\\/14\\\/tunden-a-chef-por-comparar-esquites-de-calle-con-su-version-gourmet-de-230\\\/#breadcrumb\",\"itemListElement\":[{\"@type\":\"ListItem\",\"position\":1,\"name\":\"Inicio\",\"item\":\"https:\\\/\\\/fuentesfidedignas.com.mx\\\/\"},{\"@type\":\"ListItem\",\"position\":2,\"name\":\"Tunden a chef por comparar esquites de calle con su versi\u00f3n &#8216;gourmet&#8217; de $230\"}]},{\"@type\":\"WebSite\",\"@id\":\"https:\\\/\\\/fuentesfidedignas.com.mx\\\/#website\",\"url\":\"https:\\\/\\\/fuentesfidedignas.com.mx\\\/\",\"name\":\"Fuentes Fidedignas\",\"description\":\"Otro sitio realizado con WordPress\",\"publisher\":{\"@id\":\"https:\\\/\\\/fuentesfidedignas.com.mx\\\/#organization\"},\"potentialAction\":[{\"@type\":\"SearchAction\",\"target\":{\"@type\":\"EntryPoint\",\"urlTemplate\":\"https:\\\/\\\/fuentesfidedignas.com.mx\\\/?s={search_term_string}\"},\"query-input\":{\"@type\":\"PropertyValueSpecification\",\"valueRequired\":true,\"valueName\":\"search_term_string\"}}],\"inLanguage\":\"es\"},{\"@type\":\"Organization\",\"@id\":\"https:\\\/\\\/fuentesfidedignas.com.mx\\\/#organization\",\"name\":\"Fuentes Fidedignas\",\"url\":\"https:\\\/\\\/fuentesfidedignas.com.mx\\\/\",\"logo\":{\"@type\":\"ImageObject\",\"inLanguage\":\"es\",\"@id\":\"https:\\\/\\\/fuentesfidedignas.com.mx\\\/#\\\/schema\\\/logo\\\/image\\\/\",\"url\":\"https:\\\/\\\/fuentesfidedignas.com.mx\\\/wp-content\\\/uploads\\\/2021\\\/04\\\/logo-retina.png\",\"contentUrl\":\"https:\\\/\\\/fuentesfidedignas.com.mx\\\/wp-content\\\/uploads\\\/2021\\\/04\\\/logo-retina.png\",\"width\":280,\"height\":51,\"caption\":\"Fuentes Fidedignas\"},\"image\":{\"@id\":\"https:\\\/\\\/fuentesfidedignas.com.mx\\\/#\\\/schema\\\/logo\\\/image\\\/\"},\"sameAs\":[\"https:\\\/\\\/www.facebook.com\\\/Fuentes-Fidedignas-368234489921644\",\"https:\\\/\\\/x.com\\\/fidedignas\"]},{\"@type\":\"Person\",\"@id\":\"https:\\\/\\\/fuentesfidedignas.com.mx\\\/#\\\/schema\\\/person\\\/ec4edd1fbf5efa3e44fce34fe2787780\",\"name\":\"Exc\u00e9lsior\",\"image\":{\"@type\":\"ImageObject\",\"inLanguage\":\"es\",\"@id\":\"https:\\\/\\\/secure.gravatar.com\\\/avatar\\\/4b7ee9206b48be08447852b3f0814dbc7c0f3b51541b164f1464a2725614020b?s=96&d=mm&r=g\",\"url\":\"https:\\\/\\\/secure.gravatar.com\\\/avatar\\\/4b7ee9206b48be08447852b3f0814dbc7c0f3b51541b164f1464a2725614020b?s=96&d=mm&r=g\",\"contentUrl\":\"https:\\\/\\\/secure.gravatar.com\\\/avatar\\\/4b7ee9206b48be08447852b3f0814dbc7c0f3b51541b164f1464a2725614020b?s=96&d=mm&r=g\",\"caption\":\"Exc\u00e9lsior\"},\"url\":\"https:\\\/\\\/fuentesfidedignas.com.mx\\\/index.php\\\/author\\\/excelsior\\\/\"}]}<\/script>\n<!-- \/ Yoast SEO plugin. -->","yoast_head_json":{"title":"Tunden a chef por comparar esquites de calle con su versi\u00f3n 'gourmet' de $230 - Fuentes Fidedignas","robots":{"index":"index","follow":"follow","max-snippet":"max-snippet:-1","max-image-preview":"max-image-preview:large","max-video-preview":"max-video-preview:-1"},"canonical":"https:\/\/fuentesfidedignas.com.mx\/index.php\/2025\/10\/14\/tunden-a-chef-por-comparar-esquites-de-calle-con-su-version-gourmet-de-230\/","og_locale":"es_MX","og_type":"article","og_title":"Tunden a chef por comparar esquites de calle con su versi\u00f3n 'gourmet' de $230 - Fuentes Fidedignas","og_description":"El chef Javier Garc\u00eda desat\u00f3 pol\u00e9mica al comparar un esquite de $30 con uno de $230 de su restaurante Mesa Criolla En redes sociales abundan las opiniones encontradas que pueden provocar una ola de pol\u00e9micas reacciones sin importar de quien se trate, ni siquiera s\u00ed, quien las emite es una figura reconocida, quienes tambi\u00e9n suelen [&hellip;]","og_url":"https:\/\/fuentesfidedignas.com.mx\/index.php\/2025\/10\/14\/tunden-a-chef-por-comparar-esquites-de-calle-con-su-version-gourmet-de-230\/","og_site_name":"Fuentes Fidedignas","article_publisher":"https:\/\/www.facebook.com\/Fuentes-Fidedignas-368234489921644","article_published_time":"2025-10-14T07:08:00+00:00","og_image":[{"width":688,"height":464,"url":"https:\/\/fuentesfidedignas.com.mx\/wp-content\/uploads\/2025\/10\/Captura-de-pantalla-26.jpg","type":"image\/jpeg"}],"author":"Exc\u00e9lsior","twitter_card":"summary_large_image","twitter_creator":"@fidedignas","twitter_site":"@fidedignas","twitter_misc":{"Escrito por":"Exc\u00e9lsior","Tiempo de lectura":"2 minutos"},"schema":{"@context":"https:\/\/schema.org","@graph":[{"@type":"Article","@id":"https:\/\/fuentesfidedignas.com.mx\/index.php\/2025\/10\/14\/tunden-a-chef-por-comparar-esquites-de-calle-con-su-version-gourmet-de-230\/#article","isPartOf":{"@id":"https:\/\/fuentesfidedignas.com.mx\/index.php\/2025\/10\/14\/tunden-a-chef-por-comparar-esquites-de-calle-con-su-version-gourmet-de-230\/"},"author":{"name":"Exc\u00e9lsior","@id":"https:\/\/fuentesfidedignas.com.mx\/#\/schema\/person\/ec4edd1fbf5efa3e44fce34fe2787780"},"headline":"Tunden a chef por comparar esquites de calle con su versi\u00f3n &#8216;gourmet&#8217; de $230","datePublished":"2025-10-14T07:08:00+00:00","mainEntityOfPage":{"@id":"https:\/\/fuentesfidedignas.com.mx\/index.php\/2025\/10\/14\/tunden-a-chef-por-comparar-esquites-de-calle-con-su-version-gourmet-de-230\/"},"wordCount":416,"commentCount":0,"publisher":{"@id":"https:\/\/fuentesfidedignas.com.mx\/#organization"},"image":{"@id":"https:\/\/fuentesfidedignas.com.mx\/index.php\/2025\/10\/14\/tunden-a-chef-por-comparar-esquites-de-calle-con-su-version-gourmet-de-230\/#primaryimage"},"thumbnailUrl":"https:\/\/fuentesfidedignas.com.mx\/wp-content\/uploads\/2025\/10\/Captura-de-pantalla-26.jpg","articleSection":["LAS ASOMBROSAS"],"inLanguage":"es","potentialAction":[{"@type":"CommentAction","name":"Comment","target":["https:\/\/fuentesfidedignas.com.mx\/index.php\/2025\/10\/14\/tunden-a-chef-por-comparar-esquites-de-calle-con-su-version-gourmet-de-230\/#respond"]}]},{"@type":"WebPage","@id":"https:\/\/fuentesfidedignas.com.mx\/index.php\/2025\/10\/14\/tunden-a-chef-por-comparar-esquites-de-calle-con-su-version-gourmet-de-230\/","url":"https:\/\/fuentesfidedignas.com.mx\/index.php\/2025\/10\/14\/tunden-a-chef-por-comparar-esquites-de-calle-con-su-version-gourmet-de-230\/","name":"Tunden a chef por comparar esquites de calle con su versi\u00f3n 'gourmet' de $230 - Fuentes Fidedignas","isPartOf":{"@id":"https:\/\/fuentesfidedignas.com.mx\/#website"},"primaryImageOfPage":{"@id":"https:\/\/fuentesfidedignas.com.mx\/index.php\/2025\/10\/14\/tunden-a-chef-por-comparar-esquites-de-calle-con-su-version-gourmet-de-230\/#primaryimage"},"image":{"@id":"https:\/\/fuentesfidedignas.com.mx\/index.php\/2025\/10\/14\/tunden-a-chef-por-comparar-esquites-de-calle-con-su-version-gourmet-de-230\/#primaryimage"},"thumbnailUrl":"https:\/\/fuentesfidedignas.com.mx\/wp-content\/uploads\/2025\/10\/Captura-de-pantalla-26.jpg","datePublished":"2025-10-14T07:08:00+00:00","breadcrumb":{"@id":"https:\/\/fuentesfidedignas.com.mx\/index.php\/2025\/10\/14\/tunden-a-chef-por-comparar-esquites-de-calle-con-su-version-gourmet-de-230\/#breadcrumb"},"inLanguage":"es","potentialAction":[{"@type":"ReadAction","target":["https:\/\/fuentesfidedignas.com.mx\/index.php\/2025\/10\/14\/tunden-a-chef-por-comparar-esquites-de-calle-con-su-version-gourmet-de-230\/"]}]},{"@type":"ImageObject","inLanguage":"es","@id":"https:\/\/fuentesfidedignas.com.mx\/index.php\/2025\/10\/14\/tunden-a-chef-por-comparar-esquites-de-calle-con-su-version-gourmet-de-230\/#primaryimage","url":"https:\/\/fuentesfidedignas.com.mx\/wp-content\/uploads\/2025\/10\/Captura-de-pantalla-26.jpg","contentUrl":"https:\/\/fuentesfidedignas.com.mx\/wp-content\/uploads\/2025\/10\/Captura-de-pantalla-26.jpg","width":688,"height":464},{"@type":"BreadcrumbList","@id":"https:\/\/fuentesfidedignas.com.mx\/index.php\/2025\/10\/14\/tunden-a-chef-por-comparar-esquites-de-calle-con-su-version-gourmet-de-230\/#breadcrumb","itemListElement":[{"@type":"ListItem","position":1,"name":"Inicio","item":"https:\/\/fuentesfidedignas.com.mx\/"},{"@type":"ListItem","position":2,"name":"Tunden a chef por comparar esquites de calle con su versi\u00f3n &#8216;gourmet&#8217; de $230"}]},{"@type":"WebSite","@id":"https:\/\/fuentesfidedignas.com.mx\/#website","url":"https:\/\/fuentesfidedignas.com.mx\/","name":"Fuentes Fidedignas","description":"Otro sitio realizado con WordPress","publisher":{"@id":"https:\/\/fuentesfidedignas.com.mx\/#organization"},"potentialAction":[{"@type":"SearchAction","target":{"@type":"EntryPoint","urlTemplate":"https:\/\/fuentesfidedignas.com.mx\/?s={search_term_string}"},"query-input":{"@type":"PropertyValueSpecification","valueRequired":true,"valueName":"search_term_string"}}],"inLanguage":"es"},{"@type":"Organization","@id":"https:\/\/fuentesfidedignas.com.mx\/#organization","name":"Fuentes Fidedignas","url":"https:\/\/fuentesfidedignas.com.mx\/","logo":{"@type":"ImageObject","inLanguage":"es","@id":"https:\/\/fuentesfidedignas.com.mx\/#\/schema\/logo\/image\/","url":"https:\/\/fuentesfidedignas.com.mx\/wp-content\/uploads\/2021\/04\/logo-retina.png","contentUrl":"https:\/\/fuentesfidedignas.com.mx\/wp-content\/uploads\/2021\/04\/logo-retina.png","width":280,"height":51,"caption":"Fuentes Fidedignas"},"image":{"@id":"https:\/\/fuentesfidedignas.com.mx\/#\/schema\/logo\/image\/"},"sameAs":["https:\/\/www.facebook.com\/Fuentes-Fidedignas-368234489921644","https:\/\/x.com\/fidedignas"]},{"@type":"Person","@id":"https:\/\/fuentesfidedignas.com.mx\/#\/schema\/person\/ec4edd1fbf5efa3e44fce34fe2787780","name":"Exc\u00e9lsior","image":{"@type":"ImageObject","inLanguage":"es","@id":"https:\/\/secure.gravatar.com\/avatar\/4b7ee9206b48be08447852b3f0814dbc7c0f3b51541b164f1464a2725614020b?s=96&d=mm&r=g","url":"https:\/\/secure.gravatar.com\/avatar\/4b7ee9206b48be08447852b3f0814dbc7c0f3b51541b164f1464a2725614020b?s=96&d=mm&r=g","contentUrl":"https:\/\/secure.gravatar.com\/avatar\/4b7ee9206b48be08447852b3f0814dbc7c0f3b51541b164f1464a2725614020b?s=96&d=mm&r=g","caption":"Exc\u00e9lsior"},"url":"https:\/\/fuentesfidedignas.com.mx\/index.php\/author\/excelsior\/"}]}},"_links":{"self":[{"href":"https:\/\/fuentesfidedignas.com.mx\/index.php\/wp-json\/wp\/v2\/posts\/119325","targetHints":{"allow":["GET"]}}],"collection":[{"href":"https:\/\/fuentesfidedignas.com.mx\/index.php\/wp-json\/wp\/v2\/posts"}],"about":[{"href":"https:\/\/fuentesfidedignas.com.mx\/index.php\/wp-json\/wp\/v2\/types\/post"}],"author":[{"embeddable":true,"href":"https:\/\/fuentesfidedignas.com.mx\/index.php\/wp-json\/wp\/v2\/users\/7"}],"replies":[{"embeddable":true,"href":"https:\/\/fuentesfidedignas.com.mx\/index.php\/wp-json\/wp\/v2\/comments?post=119325"}],"version-history":[{"count":1,"href":"https:\/\/fuentesfidedignas.com.mx\/index.php\/wp-json\/wp\/v2\/posts\/119325\/revisions"}],"predecessor-version":[{"id":119327,"href":"https:\/\/fuentesfidedignas.com.mx\/index.php\/wp-json\/wp\/v2\/posts\/119325\/revisions\/119327"}],"wp:featuredmedia":[{"embeddable":true,"href":"https:\/\/fuentesfidedignas.com.mx\/index.php\/wp-json\/wp\/v2\/media\/119326"}],"wp:attachment":[{"href":"https:\/\/fuentesfidedignas.com.mx\/index.php\/wp-json\/wp\/v2\/media?parent=119325"}],"wp:term":[{"taxonomy":"category","embeddable":true,"href":"https:\/\/fuentesfidedignas.com.mx\/index.php\/wp-json\/wp\/v2\/categories?post=119325"},{"taxonomy":"post_tag","embeddable":true,"href":"https:\/\/fuentesfidedignas.com.mx\/index.php\/wp-json\/wp\/v2\/tags?post=119325"}],"curies":[{"name":"wp","href":"https:\/\/api.w.org\/{rel}","templated":true}]}}