{"id":119202,"date":"2025-10-10T15:22:54","date_gmt":"2025-10-10T22:22:54","guid":{"rendered":"https:\/\/fuentesfidedignas.com.mx\/?p=119202"},"modified":"2025-10-10T15:22:59","modified_gmt":"2025-10-10T22:22:59","slug":"presentan-cartilla-de-derechos-de-las-mujeres-en-el-congreso-del-estado","status":"publish","type":"post","link":"https:\/\/fuentesfidedignas.com.mx\/index.php\/2025\/10\/10\/presentan-cartilla-de-derechos-de-las-mujeres-en-el-congreso-del-estado\/","title":{"rendered":"Presentan Cartilla de Derechos de las Mujeres en el Congreso del Estado"},"content":{"rendered":"\n<p><strong><em>La cartilla contiene 15 derechos fundamentales, escritos con pedagog\u00eda popular para facilitar su comprensi\u00f3n en todo el territorio del pa\u00eds.<\/em><\/strong><\/p>\n\n\n\n<p>Culiac\u00e1n, Sin.- El Congreso del Estado de Sinaloa llev\u00f3 a cabo la presentaci\u00f3n oficial de la Cartilla de Derechos de las Mujeres, en un acto que reuni\u00f3 a diputadas, diputados, funcionarias del gobierno estatal y personal del Congreso del Estado, con lo que se reafirm\u00f3 el compromiso institucional con la promoci\u00f3n y protecci\u00f3n de los derechos de las mujeres.<\/p>\n\n\n\n<p>El evento estuvo encabezado por la diputada Tere Guerra, presidenta de la Junta de Coordinaci\u00f3n Pol\u00edtica del Poder Legislativo, adem\u00e1s de resaltar la importancia de que, por primera vez en M\u00e9xico, una mujer encabeza la Presidencia de la Rep\u00fablica, record\u00f3 que hace apenas 28 a\u00f1os, se debat\u00eda en M\u00e9xico si los partidos pol\u00edticos deb\u00edan incorporar a las mujeres en la postulaci\u00f3n de candidaturas, pero gracias a la lucha de muchas, se han logrado establecer las cuotas de g\u00e9nero.<\/p>\n\n\n\n<p>La diputada detall\u00f3 diversas reformas legislativas que el Congreso de Sinaloa ha aprobado en congruencia con los derechos plasmados en esta cartilla. Entre estas reformas destac\u00f3 la modificaci\u00f3n a la Ley de Responsabilidades de Servidores P\u00fablicos para que sea falta grave el incumplimiento de la paridad de g\u00e9nero en los gobiernos municipales, lo cual puede impedir la postulaci\u00f3n a cargos de elecci\u00f3n popular, la reforma para garantizar la igualdad salarial entre hombres y mujeres, estableciendo la obligatoriedad del sector privado de certificarse en inclusi\u00f3n de mujeres en puestos de primer nivel.<\/p>\n\n\n\n<p>Adem\u00e1s, destac\u00f3 que por primera vez en el Congreso de Sinaloa hay una mujer al frente de la Junta de Coordinaci\u00f3n Pol\u00edtica, una Secretaria General mujer, y mujeres en la direcci\u00f3n de diversas \u00e1reas estrat\u00e9gicas. Adem\u00e1s, se cre\u00f3 una Unidad de Igualdad de G\u00e9nero y se aprob\u00f3 una reforma a la Ley Org\u00e1nica para garantizar el lenguaje incluyente.<\/p>\n\n\n\n<p>En el evento estuvo presente Ana Francis Chiquete Elizalde, Secretaria de las Mujeres del Gobierno del Estado de Sinaloa, quien explic\u00f3 que la cartilla fue presentada originalmente el 8 de marzo por la presidenta Sheinbaum como parte de su compromiso n\u00famero 54 de los 100 Compromisos de Gobierno, por lo que no es solo un documento informativo, sino una herramienta de empoderamiento que permite a las mujeres conocer y ejercer sus derechos.<\/p>\n\n\n\n<p>Detall\u00f3 que la cartilla contiene 15 derechos fundamentales, escritos con pedagog\u00eda popular para facilitar su comprensi\u00f3n en todo el territorio del pa\u00eds. Entre estos derechos se encuentran el derecho a ser libres y felices, a decidir sobre el propio cuerpo, a vivir en hogares libres de violencia, a la educaci\u00f3n con igualdad de oportunidades, a la salud con servicios accesibles y de calidad, a la justicia con perspectiva de g\u00e9nero, y especialmente el derecho a una vida libre de violencia.<\/p>\n\n\n\n<p>Por su parte, la diputada Reynalda Leyva Ur\u00edas, que fue la encargada de inaugurar el evento, asegur\u00f3 que la presentaci\u00f3n de la cartilla es un momento hist\u00f3rico que vive M\u00e9xico al tener por primera vez a una mujer en la Presidencia de la Rep\u00fablica, Claudia Sheinbaum Pardo. La legisladora destac\u00f3 que la cartilla nace como un s\u00edmbolo de transformaci\u00f3n para todas las mujeres del pa\u00eds.<\/p>\n\n\n\n<p>Leyva Ur\u00edas subray\u00f3 la importancia de que el documento contemple su traducci\u00f3n a 35 lenguas originarias, incluyendo el yoreme mayo, para garantizar que las mujeres ind\u00edgenas puedan conocer y defender sus derechos en su propia lengua. Se\u00f1al\u00f3 que no habr\u00e1 igualdad sustantiva mientras una mujer ind\u00edgena no pueda acceder a esta informaci\u00f3n de manera comprensible.<\/p>\n","protected":false},"excerpt":{"rendered":"<p>La cartilla contiene 15 derechos fundamentales, escritos con pedagog\u00eda popular para facilitar su comprensi\u00f3n en todo el territorio del pa\u00eds. Culiac\u00e1n, Sin.- El Congreso del Estado de Sinaloa llev\u00f3 a cabo la presentaci\u00f3n oficial de la Cartilla de Derechos de las Mujeres, en un acto que reuni\u00f3 a diputadas, diputados, funcionarias del gobierno estatal y [&hellip;]<\/p>\n","protected":false},"author":4,"featured_media":119203,"comment_status":"open","ping_status":"open","sticky":false,"template":"","format":"standard","meta":{"tdm_status":"","tdm_grid_status":"","footnotes":""},"categories":[37],"tags":[],"class_list":{"0":"post-119202","1":"post","2":"type-post","3":"status-publish","4":"format-standard","5":"has-post-thumbnail","7":"category-nota-principal"},"yoast_head":"<!-- This site is optimized with the Yoast SEO plugin v27.5 - https:\/\/yoast.com\/product\/yoast-seo-wordpress\/ -->\n<title>Presentan Cartilla de Derechos de las Mujeres en el Congreso del Estado - Fuentes Fidedignas<\/title>\n<meta name=\"robots\" content=\"index, follow, max-snippet:-1, max-image-preview:large, max-video-preview:-1\" \/>\n<link rel=\"canonical\" href=\"https:\/\/fuentesfidedignas.com.mx\/index.php\/2025\/10\/10\/presentan-cartilla-de-derechos-de-las-mujeres-en-el-congreso-del-estado\/\" \/>\n<meta property=\"og:locale\" content=\"es_MX\" \/>\n<meta property=\"og:type\" content=\"article\" \/>\n<meta property=\"og:title\" content=\"Presentan Cartilla de Derechos de las Mujeres en el Congreso del Estado - Fuentes Fidedignas\" \/>\n<meta property=\"og:description\" content=\"La cartilla contiene 15 derechos fundamentales, escritos con pedagog\u00eda popular para facilitar su comprensi\u00f3n en todo el territorio del pa\u00eds. Culiac\u00e1n, Sin.- El Congreso del Estado de Sinaloa llev\u00f3 a cabo la presentaci\u00f3n oficial de la Cartilla de Derechos de las Mujeres, en un acto que reuni\u00f3 a diputadas, diputados, funcionarias del gobierno estatal y [&hellip;]\" \/>\n<meta property=\"og:url\" content=\"https:\/\/fuentesfidedignas.com.mx\/index.php\/2025\/10\/10\/presentan-cartilla-de-derechos-de-las-mujeres-en-el-congreso-del-estado\/\" \/>\n<meta property=\"og:site_name\" content=\"Fuentes Fidedignas\" \/>\n<meta property=\"article:publisher\" content=\"https:\/\/www.facebook.com\/Fuentes-Fidedignas-368234489921644\" \/>\n<meta property=\"article:published_time\" content=\"2025-10-10T22:22:54+00:00\" \/>\n<meta property=\"article:modified_time\" content=\"2025-10-10T22:22:59+00:00\" \/>\n<meta property=\"og:image\" content=\"https:\/\/fuentesfidedignas.com.mx\/wp-content\/uploads\/2025\/10\/WhatsApp-Image-2025-10-10-at-2.22.56-PM.jpeg\" \/>\n\t<meta property=\"og:image:width\" content=\"500\" \/>\n\t<meta property=\"og:image:height\" content=\"333\" \/>\n\t<meta property=\"og:image:type\" content=\"image\/jpeg\" \/>\n<meta name=\"author\" content=\"Redacci\u00f3n\" \/>\n<meta name=\"twitter:card\" content=\"summary_large_image\" \/>\n<meta name=\"twitter:creator\" content=\"@fidedignas\" \/>\n<meta name=\"twitter:site\" content=\"@fidedignas\" \/>\n<meta name=\"twitter:label1\" content=\"Escrito por\" \/>\n\t<meta name=\"twitter:data1\" content=\"Redacci\u00f3n\" \/>\n\t<meta name=\"twitter:label2\" content=\"Tiempo de lectura\" \/>\n\t<meta name=\"twitter:data2\" content=\"3 minutos\" \/>\n<script type=\"application\/ld+json\" class=\"yoast-schema-graph\">{\"@context\":\"https:\\\/\\\/schema.org\",\"@graph\":[{\"@type\":\"Article\",\"@id\":\"https:\\\/\\\/fuentesfidedignas.com.mx\\\/index.php\\\/2025\\\/10\\\/10\\\/presentan-cartilla-de-derechos-de-las-mujeres-en-el-congreso-del-estado\\\/#article\",\"isPartOf\":{\"@id\":\"https:\\\/\\\/fuentesfidedignas.com.mx\\\/index.php\\\/2025\\\/10\\\/10\\\/presentan-cartilla-de-derechos-de-las-mujeres-en-el-congreso-del-estado\\\/\"},\"author\":{\"name\":\"Redacci\u00f3n\",\"@id\":\"https:\\\/\\\/fuentesfidedignas.com.mx\\\/#\\\/schema\\\/person\\\/331be9283d37198e2acd5750279085b0\"},\"headline\":\"Presentan Cartilla de Derechos de las Mujeres en el Congreso del Estado\",\"datePublished\":\"2025-10-10T22:22:54+00:00\",\"dateModified\":\"2025-10-10T22:22:59+00:00\",\"mainEntityOfPage\":{\"@id\":\"https:\\\/\\\/fuentesfidedignas.com.mx\\\/index.php\\\/2025\\\/10\\\/10\\\/presentan-cartilla-de-derechos-de-las-mujeres-en-el-congreso-del-estado\\\/\"},\"wordCount\":637,\"commentCount\":0,\"publisher\":{\"@id\":\"https:\\\/\\\/fuentesfidedignas.com.mx\\\/#organization\"},\"image\":{\"@id\":\"https:\\\/\\\/fuentesfidedignas.com.mx\\\/index.php\\\/2025\\\/10\\\/10\\\/presentan-cartilla-de-derechos-de-las-mujeres-en-el-congreso-del-estado\\\/#primaryimage\"},\"thumbnailUrl\":\"https:\\\/\\\/fuentesfidedignas.com.mx\\\/wp-content\\\/uploads\\\/2025\\\/10\\\/WhatsApp-Image-2025-10-10-at-2.22.56-PM.jpeg\",\"articleSection\":[\"NOTA PRINCIPAL\"],\"inLanguage\":\"es\",\"potentialAction\":[{\"@type\":\"CommentAction\",\"name\":\"Comment\",\"target\":[\"https:\\\/\\\/fuentesfidedignas.com.mx\\\/index.php\\\/2025\\\/10\\\/10\\\/presentan-cartilla-de-derechos-de-las-mujeres-en-el-congreso-del-estado\\\/#respond\"]}]},{\"@type\":\"WebPage\",\"@id\":\"https:\\\/\\\/fuentesfidedignas.com.mx\\\/index.php\\\/2025\\\/10\\\/10\\\/presentan-cartilla-de-derechos-de-las-mujeres-en-el-congreso-del-estado\\\/\",\"url\":\"https:\\\/\\\/fuentesfidedignas.com.mx\\\/index.php\\\/2025\\\/10\\\/10\\\/presentan-cartilla-de-derechos-de-las-mujeres-en-el-congreso-del-estado\\\/\",\"name\":\"Presentan Cartilla de Derechos de las Mujeres en el Congreso del Estado - Fuentes Fidedignas\",\"isPartOf\":{\"@id\":\"https:\\\/\\\/fuentesfidedignas.com.mx\\\/#website\"},\"primaryImageOfPage\":{\"@id\":\"https:\\\/\\\/fuentesfidedignas.com.mx\\\/index.php\\\/2025\\\/10\\\/10\\\/presentan-cartilla-de-derechos-de-las-mujeres-en-el-congreso-del-estado\\\/#primaryimage\"},\"image\":{\"@id\":\"https:\\\/\\\/fuentesfidedignas.com.mx\\\/index.php\\\/2025\\\/10\\\/10\\\/presentan-cartilla-de-derechos-de-las-mujeres-en-el-congreso-del-estado\\\/#primaryimage\"},\"thumbnailUrl\":\"https:\\\/\\\/fuentesfidedignas.com.mx\\\/wp-content\\\/uploads\\\/2025\\\/10\\\/WhatsApp-Image-2025-10-10-at-2.22.56-PM.jpeg\",\"datePublished\":\"2025-10-10T22:22:54+00:00\",\"dateModified\":\"2025-10-10T22:22:59+00:00\",\"breadcrumb\":{\"@id\":\"https:\\\/\\\/fuentesfidedignas.com.mx\\\/index.php\\\/2025\\\/10\\\/10\\\/presentan-cartilla-de-derechos-de-las-mujeres-en-el-congreso-del-estado\\\/#breadcrumb\"},\"inLanguage\":\"es\",\"potentialAction\":[{\"@type\":\"ReadAction\",\"target\":[\"https:\\\/\\\/fuentesfidedignas.com.mx\\\/index.php\\\/2025\\\/10\\\/10\\\/presentan-cartilla-de-derechos-de-las-mujeres-en-el-congreso-del-estado\\\/\"]}]},{\"@type\":\"ImageObject\",\"inLanguage\":\"es\",\"@id\":\"https:\\\/\\\/fuentesfidedignas.com.mx\\\/index.php\\\/2025\\\/10\\\/10\\\/presentan-cartilla-de-derechos-de-las-mujeres-en-el-congreso-del-estado\\\/#primaryimage\",\"url\":\"https:\\\/\\\/fuentesfidedignas.com.mx\\\/wp-content\\\/uploads\\\/2025\\\/10\\\/WhatsApp-Image-2025-10-10-at-2.22.56-PM.jpeg\",\"contentUrl\":\"https:\\\/\\\/fuentesfidedignas.com.mx\\\/wp-content\\\/uploads\\\/2025\\\/10\\\/WhatsApp-Image-2025-10-10-at-2.22.56-PM.jpeg\",\"width\":500,\"height\":333},{\"@type\":\"BreadcrumbList\",\"@id\":\"https:\\\/\\\/fuentesfidedignas.com.mx\\\/index.php\\\/2025\\\/10\\\/10\\\/presentan-cartilla-de-derechos-de-las-mujeres-en-el-congreso-del-estado\\\/#breadcrumb\",\"itemListElement\":[{\"@type\":\"ListItem\",\"position\":1,\"name\":\"Inicio\",\"item\":\"https:\\\/\\\/fuentesfidedignas.com.mx\\\/\"},{\"@type\":\"ListItem\",\"position\":2,\"name\":\"Presentan Cartilla de Derechos de las Mujeres en el Congreso del Estado\"}]},{\"@type\":\"WebSite\",\"@id\":\"https:\\\/\\\/fuentesfidedignas.com.mx\\\/#website\",\"url\":\"https:\\\/\\\/fuentesfidedignas.com.mx\\\/\",\"name\":\"Fuentes Fidedignas\",\"description\":\"Otro sitio realizado con WordPress\",\"publisher\":{\"@id\":\"https:\\\/\\\/fuentesfidedignas.com.mx\\\/#organization\"},\"potentialAction\":[{\"@type\":\"SearchAction\",\"target\":{\"@type\":\"EntryPoint\",\"urlTemplate\":\"https:\\\/\\\/fuentesfidedignas.com.mx\\\/?s={search_term_string}\"},\"query-input\":{\"@type\":\"PropertyValueSpecification\",\"valueRequired\":true,\"valueName\":\"search_term_string\"}}],\"inLanguage\":\"es\"},{\"@type\":\"Organization\",\"@id\":\"https:\\\/\\\/fuentesfidedignas.com.mx\\\/#organization\",\"name\":\"Fuentes Fidedignas\",\"url\":\"https:\\\/\\\/fuentesfidedignas.com.mx\\\/\",\"logo\":{\"@type\":\"ImageObject\",\"inLanguage\":\"es\",\"@id\":\"https:\\\/\\\/fuentesfidedignas.com.mx\\\/#\\\/schema\\\/logo\\\/image\\\/\",\"url\":\"https:\\\/\\\/fuentesfidedignas.com.mx\\\/wp-content\\\/uploads\\\/2021\\\/04\\\/logo-retina.png\",\"contentUrl\":\"https:\\\/\\\/fuentesfidedignas.com.mx\\\/wp-content\\\/uploads\\\/2021\\\/04\\\/logo-retina.png\",\"width\":280,\"height\":51,\"caption\":\"Fuentes Fidedignas\"},\"image\":{\"@id\":\"https:\\\/\\\/fuentesfidedignas.com.mx\\\/#\\\/schema\\\/logo\\\/image\\\/\"},\"sameAs\":[\"https:\\\/\\\/www.facebook.com\\\/Fuentes-Fidedignas-368234489921644\",\"https:\\\/\\\/x.com\\\/fidedignas\"]},{\"@type\":\"Person\",\"@id\":\"https:\\\/\\\/fuentesfidedignas.com.mx\\\/#\\\/schema\\\/person\\\/331be9283d37198e2acd5750279085b0\",\"name\":\"Redacci\u00f3n\",\"image\":{\"@type\":\"ImageObject\",\"inLanguage\":\"es\",\"@id\":\"https:\\\/\\\/secure.gravatar.com\\\/avatar\\\/f6d8782c11d12b2d4ad3fbb6931aeab5309937a4d6cd2fc9cfaa28a6396a5aec?s=96&d=mm&r=g\",\"url\":\"https:\\\/\\\/secure.gravatar.com\\\/avatar\\\/f6d8782c11d12b2d4ad3fbb6931aeab5309937a4d6cd2fc9cfaa28a6396a5aec?s=96&d=mm&r=g\",\"contentUrl\":\"https:\\\/\\\/secure.gravatar.com\\\/avatar\\\/f6d8782c11d12b2d4ad3fbb6931aeab5309937a4d6cd2fc9cfaa28a6396a5aec?s=96&d=mm&r=g\",\"caption\":\"Redacci\u00f3n\"},\"url\":\"https:\\\/\\\/fuentesfidedignas.com.mx\\\/index.php\\\/author\\\/redaccion\\\/\"}]}<\/script>\n<!-- \/ Yoast SEO plugin. -->","yoast_head_json":{"title":"Presentan Cartilla de Derechos de las Mujeres en el Congreso del Estado - Fuentes Fidedignas","robots":{"index":"index","follow":"follow","max-snippet":"max-snippet:-1","max-image-preview":"max-image-preview:large","max-video-preview":"max-video-preview:-1"},"canonical":"https:\/\/fuentesfidedignas.com.mx\/index.php\/2025\/10\/10\/presentan-cartilla-de-derechos-de-las-mujeres-en-el-congreso-del-estado\/","og_locale":"es_MX","og_type":"article","og_title":"Presentan Cartilla de Derechos de las Mujeres en el Congreso del Estado - Fuentes Fidedignas","og_description":"La cartilla contiene 15 derechos fundamentales, escritos con pedagog\u00eda popular para facilitar su comprensi\u00f3n en todo el territorio del pa\u00eds. Culiac\u00e1n, Sin.- El Congreso del Estado de Sinaloa llev\u00f3 a cabo la presentaci\u00f3n oficial de la Cartilla de Derechos de las Mujeres, en un acto que reuni\u00f3 a diputadas, diputados, funcionarias del gobierno estatal y [&hellip;]","og_url":"https:\/\/fuentesfidedignas.com.mx\/index.php\/2025\/10\/10\/presentan-cartilla-de-derechos-de-las-mujeres-en-el-congreso-del-estado\/","og_site_name":"Fuentes Fidedignas","article_publisher":"https:\/\/www.facebook.com\/Fuentes-Fidedignas-368234489921644","article_published_time":"2025-10-10T22:22:54+00:00","article_modified_time":"2025-10-10T22:22:59+00:00","og_image":[{"width":500,"height":333,"url":"https:\/\/fuentesfidedignas.com.mx\/wp-content\/uploads\/2025\/10\/WhatsApp-Image-2025-10-10-at-2.22.56-PM.jpeg","type":"image\/jpeg"}],"author":"Redacci\u00f3n","twitter_card":"summary_large_image","twitter_creator":"@fidedignas","twitter_site":"@fidedignas","twitter_misc":{"Escrito por":"Redacci\u00f3n","Tiempo de lectura":"3 minutos"},"schema":{"@context":"https:\/\/schema.org","@graph":[{"@type":"Article","@id":"https:\/\/fuentesfidedignas.com.mx\/index.php\/2025\/10\/10\/presentan-cartilla-de-derechos-de-las-mujeres-en-el-congreso-del-estado\/#article","isPartOf":{"@id":"https:\/\/fuentesfidedignas.com.mx\/index.php\/2025\/10\/10\/presentan-cartilla-de-derechos-de-las-mujeres-en-el-congreso-del-estado\/"},"author":{"name":"Redacci\u00f3n","@id":"https:\/\/fuentesfidedignas.com.mx\/#\/schema\/person\/331be9283d37198e2acd5750279085b0"},"headline":"Presentan Cartilla de Derechos de las Mujeres en el Congreso del Estado","datePublished":"2025-10-10T22:22:54+00:00","dateModified":"2025-10-10T22:22:59+00:00","mainEntityOfPage":{"@id":"https:\/\/fuentesfidedignas.com.mx\/index.php\/2025\/10\/10\/presentan-cartilla-de-derechos-de-las-mujeres-en-el-congreso-del-estado\/"},"wordCount":637,"commentCount":0,"publisher":{"@id":"https:\/\/fuentesfidedignas.com.mx\/#organization"},"image":{"@id":"https:\/\/fuentesfidedignas.com.mx\/index.php\/2025\/10\/10\/presentan-cartilla-de-derechos-de-las-mujeres-en-el-congreso-del-estado\/#primaryimage"},"thumbnailUrl":"https:\/\/fuentesfidedignas.com.mx\/wp-content\/uploads\/2025\/10\/WhatsApp-Image-2025-10-10-at-2.22.56-PM.jpeg","articleSection":["NOTA PRINCIPAL"],"inLanguage":"es","potentialAction":[{"@type":"CommentAction","name":"Comment","target":["https:\/\/fuentesfidedignas.com.mx\/index.php\/2025\/10\/10\/presentan-cartilla-de-derechos-de-las-mujeres-en-el-congreso-del-estado\/#respond"]}]},{"@type":"WebPage","@id":"https:\/\/fuentesfidedignas.com.mx\/index.php\/2025\/10\/10\/presentan-cartilla-de-derechos-de-las-mujeres-en-el-congreso-del-estado\/","url":"https:\/\/fuentesfidedignas.com.mx\/index.php\/2025\/10\/10\/presentan-cartilla-de-derechos-de-las-mujeres-en-el-congreso-del-estado\/","name":"Presentan Cartilla de Derechos de las Mujeres en el Congreso del Estado - Fuentes Fidedignas","isPartOf":{"@id":"https:\/\/fuentesfidedignas.com.mx\/#website"},"primaryImageOfPage":{"@id":"https:\/\/fuentesfidedignas.com.mx\/index.php\/2025\/10\/10\/presentan-cartilla-de-derechos-de-las-mujeres-en-el-congreso-del-estado\/#primaryimage"},"image":{"@id":"https:\/\/fuentesfidedignas.com.mx\/index.php\/2025\/10\/10\/presentan-cartilla-de-derechos-de-las-mujeres-en-el-congreso-del-estado\/#primaryimage"},"thumbnailUrl":"https:\/\/fuentesfidedignas.com.mx\/wp-content\/uploads\/2025\/10\/WhatsApp-Image-2025-10-10-at-2.22.56-PM.jpeg","datePublished":"2025-10-10T22:22:54+00:00","dateModified":"2025-10-10T22:22:59+00:00","breadcrumb":{"@id":"https:\/\/fuentesfidedignas.com.mx\/index.php\/2025\/10\/10\/presentan-cartilla-de-derechos-de-las-mujeres-en-el-congreso-del-estado\/#breadcrumb"},"inLanguage":"es","potentialAction":[{"@type":"ReadAction","target":["https:\/\/fuentesfidedignas.com.mx\/index.php\/2025\/10\/10\/presentan-cartilla-de-derechos-de-las-mujeres-en-el-congreso-del-estado\/"]}]},{"@type":"ImageObject","inLanguage":"es","@id":"https:\/\/fuentesfidedignas.com.mx\/index.php\/2025\/10\/10\/presentan-cartilla-de-derechos-de-las-mujeres-en-el-congreso-del-estado\/#primaryimage","url":"https:\/\/fuentesfidedignas.com.mx\/wp-content\/uploads\/2025\/10\/WhatsApp-Image-2025-10-10-at-2.22.56-PM.jpeg","contentUrl":"https:\/\/fuentesfidedignas.com.mx\/wp-content\/uploads\/2025\/10\/WhatsApp-Image-2025-10-10-at-2.22.56-PM.jpeg","width":500,"height":333},{"@type":"BreadcrumbList","@id":"https:\/\/fuentesfidedignas.com.mx\/index.php\/2025\/10\/10\/presentan-cartilla-de-derechos-de-las-mujeres-en-el-congreso-del-estado\/#breadcrumb","itemListElement":[{"@type":"ListItem","position":1,"name":"Inicio","item":"https:\/\/fuentesfidedignas.com.mx\/"},{"@type":"ListItem","position":2,"name":"Presentan Cartilla de Derechos de las Mujeres en el Congreso del Estado"}]},{"@type":"WebSite","@id":"https:\/\/fuentesfidedignas.com.mx\/#website","url":"https:\/\/fuentesfidedignas.com.mx\/","name":"Fuentes Fidedignas","description":"Otro sitio realizado con WordPress","publisher":{"@id":"https:\/\/fuentesfidedignas.com.mx\/#organization"},"potentialAction":[{"@type":"SearchAction","target":{"@type":"EntryPoint","urlTemplate":"https:\/\/fuentesfidedignas.com.mx\/?s={search_term_string}"},"query-input":{"@type":"PropertyValueSpecification","valueRequired":true,"valueName":"search_term_string"}}],"inLanguage":"es"},{"@type":"Organization","@id":"https:\/\/fuentesfidedignas.com.mx\/#organization","name":"Fuentes Fidedignas","url":"https:\/\/fuentesfidedignas.com.mx\/","logo":{"@type":"ImageObject","inLanguage":"es","@id":"https:\/\/fuentesfidedignas.com.mx\/#\/schema\/logo\/image\/","url":"https:\/\/fuentesfidedignas.com.mx\/wp-content\/uploads\/2021\/04\/logo-retina.png","contentUrl":"https:\/\/fuentesfidedignas.com.mx\/wp-content\/uploads\/2021\/04\/logo-retina.png","width":280,"height":51,"caption":"Fuentes Fidedignas"},"image":{"@id":"https:\/\/fuentesfidedignas.com.mx\/#\/schema\/logo\/image\/"},"sameAs":["https:\/\/www.facebook.com\/Fuentes-Fidedignas-368234489921644","https:\/\/x.com\/fidedignas"]},{"@type":"Person","@id":"https:\/\/fuentesfidedignas.com.mx\/#\/schema\/person\/331be9283d37198e2acd5750279085b0","name":"Redacci\u00f3n","image":{"@type":"ImageObject","inLanguage":"es","@id":"https:\/\/secure.gravatar.com\/avatar\/f6d8782c11d12b2d4ad3fbb6931aeab5309937a4d6cd2fc9cfaa28a6396a5aec?s=96&d=mm&r=g","url":"https:\/\/secure.gravatar.com\/avatar\/f6d8782c11d12b2d4ad3fbb6931aeab5309937a4d6cd2fc9cfaa28a6396a5aec?s=96&d=mm&r=g","contentUrl":"https:\/\/secure.gravatar.com\/avatar\/f6d8782c11d12b2d4ad3fbb6931aeab5309937a4d6cd2fc9cfaa28a6396a5aec?s=96&d=mm&r=g","caption":"Redacci\u00f3n"},"url":"https:\/\/fuentesfidedignas.com.mx\/index.php\/author\/redaccion\/"}]}},"_links":{"self":[{"href":"https:\/\/fuentesfidedignas.com.mx\/index.php\/wp-json\/wp\/v2\/posts\/119202","targetHints":{"allow":["GET"]}}],"collection":[{"href":"https:\/\/fuentesfidedignas.com.mx\/index.php\/wp-json\/wp\/v2\/posts"}],"about":[{"href":"https:\/\/fuentesfidedignas.com.mx\/index.php\/wp-json\/wp\/v2\/types\/post"}],"author":[{"embeddable":true,"href":"https:\/\/fuentesfidedignas.com.mx\/index.php\/wp-json\/wp\/v2\/users\/4"}],"replies":[{"embeddable":true,"href":"https:\/\/fuentesfidedignas.com.mx\/index.php\/wp-json\/wp\/v2\/comments?post=119202"}],"version-history":[{"count":1,"href":"https:\/\/fuentesfidedignas.com.mx\/index.php\/wp-json\/wp\/v2\/posts\/119202\/revisions"}],"predecessor-version":[{"id":119204,"href":"https:\/\/fuentesfidedignas.com.mx\/index.php\/wp-json\/wp\/v2\/posts\/119202\/revisions\/119204"}],"wp:featuredmedia":[{"embeddable":true,"href":"https:\/\/fuentesfidedignas.com.mx\/index.php\/wp-json\/wp\/v2\/media\/119203"}],"wp:attachment":[{"href":"https:\/\/fuentesfidedignas.com.mx\/index.php\/wp-json\/wp\/v2\/media?parent=119202"}],"wp:term":[{"taxonomy":"category","embeddable":true,"href":"https:\/\/fuentesfidedignas.com.mx\/index.php\/wp-json\/wp\/v2\/categories?post=119202"},{"taxonomy":"post_tag","embeddable":true,"href":"https:\/\/fuentesfidedignas.com.mx\/index.php\/wp-json\/wp\/v2\/tags?post=119202"}],"curies":[{"name":"wp","href":"https:\/\/api.w.org\/{rel}","templated":true}]}}