{"id":119141,"date":"2025-10-09T19:13:25","date_gmt":"2025-10-10T02:13:25","guid":{"rendered":"https:\/\/fuentesfidedignas.com.mx\/?p=119141"},"modified":"2025-10-09T19:54:08","modified_gmt":"2025-10-10T02:54:08","slug":"salud-no-es-favor-es-derecho-paola-garate-exige-restablecer-el-servicio-de-urgencias-en-guamuchil","status":"publish","type":"post","link":"https:\/\/fuentesfidedignas.com.mx\/index.php\/2025\/10\/09\/salud-no-es-favor-es-derecho-paola-garate-exige-restablecer-el-servicio-de-urgencias-en-guamuchil\/","title":{"rendered":"La salud no es un favor, es un derecho: Paola G\u00e1rate exige restablecer el servicio de urgencias en Guam\u00fachil"},"content":{"rendered":"\n<p><\/p>\n\n\n\n<p>Culiac\u00e1n, Sinaloa.\u2014 Al tomar la palabra en tribuna del Congreso del Estado, la Diputada Paola G\u00e1rate Valenzuela exigi\u00f3 al Gobierno Municipal de Salvador Alvarado y a las autoridades de salud estatal y federal, restablecer de forma inmediata el servicio de urgencias m\u00e9dicas en Guam\u00fachil, <em>tras el cierre definitivo del Hospital General IMSS-Bienestar el pasado 25 de agosto.<\/em><\/p>\n\n\n\n<p>\u201cCerrar un hospital sin garantizar atenci\u00f3n alternativa no es una decisi\u00f3n t\u00e9cnica: es una condena social. Se est\u00e1 poniendo en riesgo la vida de miles de familias del centro-norte de Sinaloa, y nadie asume la responsabilidad\u201d, advirti\u00f3.<\/p>\n\n\n\n<p>G\u00e1rate Valenzuela denunci\u00f3 que desde el cierre del hospital, la \u00fanica instituci\u00f3n que ofrece atenci\u00f3n de urgencias en la cabecera municipal es la cl\u00ednica ordinaria del IMSS, un espacio ya saturado, con limitaciones en personal, equipo y capacidad resolutiva, incapaz de atender emergencias hospitalarias o a la poblaci\u00f3n sin seguridad social.<\/p>\n\n\n\n<p>Adem\u00e1s, record\u00f3 que los hospitales integrales de Mocorito y Angostura, se\u00f1alados por algunas autoridades como <em>\u201calternativas\u201d<\/em>, son en realidad peque\u00f1as cl\u00ednicas rurales sin quir\u00f3fano, sin especialistas y con recursos muy limitados, lo que ha obligado a muchas personas a trasladarse a Culiac\u00e1n, con riesgo de perder la vida en el trayecto.<\/p>\n\n\n\n<p>\u201cNo se puede seguir normalizando que las familias tengan que organizar rifas para pagar servicios privados o resignarse a sufrir la falta de atenci\u00f3n m\u00e9dica por parte de un Estado ausente\u201d, sentenci\u00f3.<\/p>\n\n\n\n<p>Durante su intervenci\u00f3n, la diputada relat\u00f3 un caso documentado por una regidora del municipio, sobre una mujer que padec\u00eda dengue hemorr\u00e1gico y no pudo ser estabilizada en una cl\u00ednica privada ante la falta de insumos. La ausencia del IMSS-Bienestar y la carencia de infraestructura p\u00fablica derivaron en su fallecimiento.<\/p>\n\n\n\n<p><em>\u201cEsa vida se perdi\u00f3 no por el virus, sino por el abandono institucional. Y no es la \u00fanica. \u00bfCu\u00e1ntas m\u00e1s tendr\u00e1n que morir para que las autoridades reaccionen?\u201d, cuestion\u00f3.<\/em><\/p>\n\n\n\n<p>Sobre el anuncio de un <em>nuevo hospital con una supuesta inversi\u00f3n de 450 millones de pesos<\/em>, G\u00e1rate fue contundente: \u201cNo hay predio asignado, no hay fecha de inicio, no hay proyecto t\u00e9cnico. Solo rumores, discursos vac\u00edos y promesas sin sustento\u201d, afirm\u00f3.<\/p>\n\n\n\n<p>Enfatiz\u00f3 que la salud no puede suspenderse por tr\u00e1mites administrativos, y que los tres niveles de gobierno deben ofrecer una soluci\u00f3n real, inmediata y efectiva.<\/p>\n\n\n\n<p>La diputada tambi\u00e9n expuso cifras del m\u00e1s reciente informe del <em>INEGI<\/em>, que reflejan una crisis estructural en el sistema de salud a nivel nacional: en 2024, <em>el 32.2% de los hogares mexicanos carec\u00edan de acceso a servicios m\u00e9dicos<\/em>, lo que representa <em>44 millones de personas desprotegidas, 24 millones m\u00e1s que en 2018.<\/em><\/p>\n\n\n\n<p>\u201cEste retroceso hist\u00f3rico en materia de salud es el mayor fracaso del gobierno federal. No solo afecta la salud f\u00edsica, tambi\u00e9n empobrece a las familias que tienen que endeudarse para pagar consultas o medicinas privadas\u201d, a\u00f1adi\u00f3.<\/p>\n\n\n\n<p>Finalmente, <em>Paola G\u00e1rate lanz\u00f3 un en\u00e9rgico llamado al Gobierno Municipal de Salvador Alvarado, al exigir que asuma su responsabilidad y deje de ser un espectador ante la emergencia sanitaria que vive Guam\u00fachil.<\/em><\/p>\n\n\n\n<p>\u201cLa salud no es un favor ni una promesa pol\u00edtica. Es un derecho constitucional, y el pueblo exige que se respete. <em>\u00a1Restablezcan ya el servicio de urgencias en Guam\u00fachil!\u201d<\/em><\/p>\n","protected":false},"excerpt":{"rendered":"<p>Culiac\u00e1n, Sinaloa.\u2014 Al tomar la palabra en tribuna del Congreso del Estado, la Diputada Paola G\u00e1rate Valenzuela exigi\u00f3 al Gobierno Municipal de Salvador Alvarado y a las autoridades de salud estatal y federal, restablecer de forma inmediata el servicio de urgencias m\u00e9dicas en Guam\u00fachil, tras el cierre definitivo del Hospital General IMSS-Bienestar el pasado 25 [&hellip;]<\/p>\n","protected":false},"author":4,"featured_media":119146,"comment_status":"closed","ping_status":"open","sticky":false,"template":"","format":"standard","meta":{"tdm_status":"","tdm_grid_status":"","footnotes":""},"categories":[38],"tags":[],"class_list":{"0":"post-119141","1":"post","2":"type-post","3":"status-publish","4":"format-standard","5":"has-post-thumbnail","7":"category-noticias-locales"},"yoast_head":"<!-- This site is optimized with the Yoast SEO plugin v27.5 - https:\/\/yoast.com\/product\/yoast-seo-wordpress\/ -->\n<title>La salud no es un favor, es un derecho: Paola G\u00e1rate exige restablecer el servicio de urgencias en Guam\u00fachil - Fuentes Fidedignas<\/title>\n<meta name=\"robots\" content=\"index, follow, max-snippet:-1, max-image-preview:large, max-video-preview:-1\" \/>\n<link rel=\"canonical\" href=\"https:\/\/fuentesfidedignas.com.mx\/index.php\/2025\/10\/09\/salud-no-es-favor-es-derecho-paola-garate-exige-restablecer-el-servicio-de-urgencias-en-guamuchil\/\" \/>\n<meta property=\"og:locale\" content=\"es_MX\" \/>\n<meta property=\"og:type\" content=\"article\" \/>\n<meta property=\"og:title\" content=\"La salud no es un favor, es un derecho: Paola G\u00e1rate exige restablecer el servicio de urgencias en Guam\u00fachil - Fuentes Fidedignas\" \/>\n<meta property=\"og:description\" content=\"Culiac\u00e1n, Sinaloa.\u2014 Al tomar la palabra en tribuna del Congreso del Estado, la Diputada Paola G\u00e1rate Valenzuela exigi\u00f3 al Gobierno Municipal de Salvador Alvarado y a las autoridades de salud estatal y federal, restablecer de forma inmediata el servicio de urgencias m\u00e9dicas en Guam\u00fachil, tras el cierre definitivo del Hospital General IMSS-Bienestar el pasado 25 [&hellip;]\" \/>\n<meta property=\"og:url\" content=\"https:\/\/fuentesfidedignas.com.mx\/index.php\/2025\/10\/09\/salud-no-es-favor-es-derecho-paola-garate-exige-restablecer-el-servicio-de-urgencias-en-guamuchil\/\" \/>\n<meta property=\"og:site_name\" content=\"Fuentes Fidedignas\" \/>\n<meta property=\"article:publisher\" content=\"https:\/\/www.facebook.com\/Fuentes-Fidedignas-368234489921644\" \/>\n<meta property=\"article:published_time\" content=\"2025-10-10T02:13:25+00:00\" \/>\n<meta property=\"article:modified_time\" content=\"2025-10-10T02:54:08+00:00\" \/>\n<meta property=\"og:image\" content=\"https:\/\/fuentesfidedignas.com.mx\/wp-content\/uploads\/2025\/10\/2bb0fbbb-cc41-43fc-9e08-88de0c0f10d9.jpeg\" \/>\n\t<meta property=\"og:image:width\" content=\"860\" \/>\n\t<meta property=\"og:image:height\" content=\"597\" \/>\n\t<meta property=\"og:image:type\" content=\"image\/jpeg\" \/>\n<meta name=\"author\" content=\"Redacci\u00f3n\" \/>\n<meta name=\"twitter:card\" content=\"summary_large_image\" \/>\n<meta name=\"twitter:creator\" content=\"@fidedignas\" \/>\n<meta name=\"twitter:site\" content=\"@fidedignas\" \/>\n<meta name=\"twitter:label1\" content=\"Escrito por\" \/>\n\t<meta name=\"twitter:data1\" content=\"Redacci\u00f3n\" \/>\n\t<meta name=\"twitter:label2\" content=\"Tiempo de lectura\" \/>\n\t<meta name=\"twitter:data2\" content=\"3 minutos\" \/>\n<script type=\"application\/ld+json\" class=\"yoast-schema-graph\">{\"@context\":\"https:\\\/\\\/schema.org\",\"@graph\":[{\"@type\":\"Article\",\"@id\":\"https:\\\/\\\/fuentesfidedignas.com.mx\\\/index.php\\\/2025\\\/10\\\/09\\\/salud-no-es-favor-es-derecho-paola-garate-exige-restablecer-el-servicio-de-urgencias-en-guamuchil\\\/#article\",\"isPartOf\":{\"@id\":\"https:\\\/\\\/fuentesfidedignas.com.mx\\\/index.php\\\/2025\\\/10\\\/09\\\/salud-no-es-favor-es-derecho-paola-garate-exige-restablecer-el-servicio-de-urgencias-en-guamuchil\\\/\"},\"author\":{\"name\":\"Redacci\u00f3n\",\"@id\":\"https:\\\/\\\/fuentesfidedignas.com.mx\\\/#\\\/schema\\\/person\\\/331be9283d37198e2acd5750279085b0\"},\"headline\":\"La salud no es un favor, es un derecho: Paola G\u00e1rate exige restablecer el servicio de urgencias en Guam\u00fachil\",\"datePublished\":\"2025-10-10T02:13:25+00:00\",\"dateModified\":\"2025-10-10T02:54:08+00:00\",\"mainEntityOfPage\":{\"@id\":\"https:\\\/\\\/fuentesfidedignas.com.mx\\\/index.php\\\/2025\\\/10\\\/09\\\/salud-no-es-favor-es-derecho-paola-garate-exige-restablecer-el-servicio-de-urgencias-en-guamuchil\\\/\"},\"wordCount\":583,\"publisher\":{\"@id\":\"https:\\\/\\\/fuentesfidedignas.com.mx\\\/#organization\"},\"image\":{\"@id\":\"https:\\\/\\\/fuentesfidedignas.com.mx\\\/index.php\\\/2025\\\/10\\\/09\\\/salud-no-es-favor-es-derecho-paola-garate-exige-restablecer-el-servicio-de-urgencias-en-guamuchil\\\/#primaryimage\"},\"thumbnailUrl\":\"https:\\\/\\\/fuentesfidedignas.com.mx\\\/wp-content\\\/uploads\\\/2025\\\/10\\\/2bb0fbbb-cc41-43fc-9e08-88de0c0f10d9.jpeg\",\"articleSection\":[\"NOTICIAS LOCALES\"],\"inLanguage\":\"es\"},{\"@type\":\"WebPage\",\"@id\":\"https:\\\/\\\/fuentesfidedignas.com.mx\\\/index.php\\\/2025\\\/10\\\/09\\\/salud-no-es-favor-es-derecho-paola-garate-exige-restablecer-el-servicio-de-urgencias-en-guamuchil\\\/\",\"url\":\"https:\\\/\\\/fuentesfidedignas.com.mx\\\/index.php\\\/2025\\\/10\\\/09\\\/salud-no-es-favor-es-derecho-paola-garate-exige-restablecer-el-servicio-de-urgencias-en-guamuchil\\\/\",\"name\":\"La salud no es un favor, es un derecho: Paola G\u00e1rate exige restablecer el servicio de urgencias en Guam\u00fachil - Fuentes Fidedignas\",\"isPartOf\":{\"@id\":\"https:\\\/\\\/fuentesfidedignas.com.mx\\\/#website\"},\"primaryImageOfPage\":{\"@id\":\"https:\\\/\\\/fuentesfidedignas.com.mx\\\/index.php\\\/2025\\\/10\\\/09\\\/salud-no-es-favor-es-derecho-paola-garate-exige-restablecer-el-servicio-de-urgencias-en-guamuchil\\\/#primaryimage\"},\"image\":{\"@id\":\"https:\\\/\\\/fuentesfidedignas.com.mx\\\/index.php\\\/2025\\\/10\\\/09\\\/salud-no-es-favor-es-derecho-paola-garate-exige-restablecer-el-servicio-de-urgencias-en-guamuchil\\\/#primaryimage\"},\"thumbnailUrl\":\"https:\\\/\\\/fuentesfidedignas.com.mx\\\/wp-content\\\/uploads\\\/2025\\\/10\\\/2bb0fbbb-cc41-43fc-9e08-88de0c0f10d9.jpeg\",\"datePublished\":\"2025-10-10T02:13:25+00:00\",\"dateModified\":\"2025-10-10T02:54:08+00:00\",\"breadcrumb\":{\"@id\":\"https:\\\/\\\/fuentesfidedignas.com.mx\\\/index.php\\\/2025\\\/10\\\/09\\\/salud-no-es-favor-es-derecho-paola-garate-exige-restablecer-el-servicio-de-urgencias-en-guamuchil\\\/#breadcrumb\"},\"inLanguage\":\"es\",\"potentialAction\":[{\"@type\":\"ReadAction\",\"target\":[\"https:\\\/\\\/fuentesfidedignas.com.mx\\\/index.php\\\/2025\\\/10\\\/09\\\/salud-no-es-favor-es-derecho-paola-garate-exige-restablecer-el-servicio-de-urgencias-en-guamuchil\\\/\"]}]},{\"@type\":\"ImageObject\",\"inLanguage\":\"es\",\"@id\":\"https:\\\/\\\/fuentesfidedignas.com.mx\\\/index.php\\\/2025\\\/10\\\/09\\\/salud-no-es-favor-es-derecho-paola-garate-exige-restablecer-el-servicio-de-urgencias-en-guamuchil\\\/#primaryimage\",\"url\":\"https:\\\/\\\/fuentesfidedignas.com.mx\\\/wp-content\\\/uploads\\\/2025\\\/10\\\/2bb0fbbb-cc41-43fc-9e08-88de0c0f10d9.jpeg\",\"contentUrl\":\"https:\\\/\\\/fuentesfidedignas.com.mx\\\/wp-content\\\/uploads\\\/2025\\\/10\\\/2bb0fbbb-cc41-43fc-9e08-88de0c0f10d9.jpeg\",\"width\":860,\"height\":597},{\"@type\":\"BreadcrumbList\",\"@id\":\"https:\\\/\\\/fuentesfidedignas.com.mx\\\/index.php\\\/2025\\\/10\\\/09\\\/salud-no-es-favor-es-derecho-paola-garate-exige-restablecer-el-servicio-de-urgencias-en-guamuchil\\\/#breadcrumb\",\"itemListElement\":[{\"@type\":\"ListItem\",\"position\":1,\"name\":\"Inicio\",\"item\":\"https:\\\/\\\/fuentesfidedignas.com.mx\\\/\"},{\"@type\":\"ListItem\",\"position\":2,\"name\":\"La salud no es un favor, es un derecho: Paola G\u00e1rate exige restablecer el servicio de urgencias en Guam\u00fachil\"}]},{\"@type\":\"WebSite\",\"@id\":\"https:\\\/\\\/fuentesfidedignas.com.mx\\\/#website\",\"url\":\"https:\\\/\\\/fuentesfidedignas.com.mx\\\/\",\"name\":\"Fuentes Fidedignas\",\"description\":\"Otro sitio realizado con WordPress\",\"publisher\":{\"@id\":\"https:\\\/\\\/fuentesfidedignas.com.mx\\\/#organization\"},\"potentialAction\":[{\"@type\":\"SearchAction\",\"target\":{\"@type\":\"EntryPoint\",\"urlTemplate\":\"https:\\\/\\\/fuentesfidedignas.com.mx\\\/?s={search_term_string}\"},\"query-input\":{\"@type\":\"PropertyValueSpecification\",\"valueRequired\":true,\"valueName\":\"search_term_string\"}}],\"inLanguage\":\"es\"},{\"@type\":\"Organization\",\"@id\":\"https:\\\/\\\/fuentesfidedignas.com.mx\\\/#organization\",\"name\":\"Fuentes Fidedignas\",\"url\":\"https:\\\/\\\/fuentesfidedignas.com.mx\\\/\",\"logo\":{\"@type\":\"ImageObject\",\"inLanguage\":\"es\",\"@id\":\"https:\\\/\\\/fuentesfidedignas.com.mx\\\/#\\\/schema\\\/logo\\\/image\\\/\",\"url\":\"https:\\\/\\\/fuentesfidedignas.com.mx\\\/wp-content\\\/uploads\\\/2021\\\/04\\\/logo-retina.png\",\"contentUrl\":\"https:\\\/\\\/fuentesfidedignas.com.mx\\\/wp-content\\\/uploads\\\/2021\\\/04\\\/logo-retina.png\",\"width\":280,\"height\":51,\"caption\":\"Fuentes Fidedignas\"},\"image\":{\"@id\":\"https:\\\/\\\/fuentesfidedignas.com.mx\\\/#\\\/schema\\\/logo\\\/image\\\/\"},\"sameAs\":[\"https:\\\/\\\/www.facebook.com\\\/Fuentes-Fidedignas-368234489921644\",\"https:\\\/\\\/x.com\\\/fidedignas\"]},{\"@type\":\"Person\",\"@id\":\"https:\\\/\\\/fuentesfidedignas.com.mx\\\/#\\\/schema\\\/person\\\/331be9283d37198e2acd5750279085b0\",\"name\":\"Redacci\u00f3n\",\"image\":{\"@type\":\"ImageObject\",\"inLanguage\":\"es\",\"@id\":\"https:\\\/\\\/secure.gravatar.com\\\/avatar\\\/f6d8782c11d12b2d4ad3fbb6931aeab5309937a4d6cd2fc9cfaa28a6396a5aec?s=96&d=mm&r=g\",\"url\":\"https:\\\/\\\/secure.gravatar.com\\\/avatar\\\/f6d8782c11d12b2d4ad3fbb6931aeab5309937a4d6cd2fc9cfaa28a6396a5aec?s=96&d=mm&r=g\",\"contentUrl\":\"https:\\\/\\\/secure.gravatar.com\\\/avatar\\\/f6d8782c11d12b2d4ad3fbb6931aeab5309937a4d6cd2fc9cfaa28a6396a5aec?s=96&d=mm&r=g\",\"caption\":\"Redacci\u00f3n\"},\"url\":\"https:\\\/\\\/fuentesfidedignas.com.mx\\\/index.php\\\/author\\\/redaccion\\\/\"}]}<\/script>\n<!-- \/ Yoast SEO plugin. -->","yoast_head_json":{"title":"La salud no es un favor, es un derecho: Paola G\u00e1rate exige restablecer el servicio de urgencias en Guam\u00fachil - Fuentes Fidedignas","robots":{"index":"index","follow":"follow","max-snippet":"max-snippet:-1","max-image-preview":"max-image-preview:large","max-video-preview":"max-video-preview:-1"},"canonical":"https:\/\/fuentesfidedignas.com.mx\/index.php\/2025\/10\/09\/salud-no-es-favor-es-derecho-paola-garate-exige-restablecer-el-servicio-de-urgencias-en-guamuchil\/","og_locale":"es_MX","og_type":"article","og_title":"La salud no es un favor, es un derecho: Paola G\u00e1rate exige restablecer el servicio de urgencias en Guam\u00fachil - Fuentes Fidedignas","og_description":"Culiac\u00e1n, Sinaloa.\u2014 Al tomar la palabra en tribuna del Congreso del Estado, la Diputada Paola G\u00e1rate Valenzuela exigi\u00f3 al Gobierno Municipal de Salvador Alvarado y a las autoridades de salud estatal y federal, restablecer de forma inmediata el servicio de urgencias m\u00e9dicas en Guam\u00fachil, tras el cierre definitivo del Hospital General IMSS-Bienestar el pasado 25 [&hellip;]","og_url":"https:\/\/fuentesfidedignas.com.mx\/index.php\/2025\/10\/09\/salud-no-es-favor-es-derecho-paola-garate-exige-restablecer-el-servicio-de-urgencias-en-guamuchil\/","og_site_name":"Fuentes Fidedignas","article_publisher":"https:\/\/www.facebook.com\/Fuentes-Fidedignas-368234489921644","article_published_time":"2025-10-10T02:13:25+00:00","article_modified_time":"2025-10-10T02:54:08+00:00","og_image":[{"width":860,"height":597,"url":"https:\/\/fuentesfidedignas.com.mx\/wp-content\/uploads\/2025\/10\/2bb0fbbb-cc41-43fc-9e08-88de0c0f10d9.jpeg","type":"image\/jpeg"}],"author":"Redacci\u00f3n","twitter_card":"summary_large_image","twitter_creator":"@fidedignas","twitter_site":"@fidedignas","twitter_misc":{"Escrito por":"Redacci\u00f3n","Tiempo de lectura":"3 minutos"},"schema":{"@context":"https:\/\/schema.org","@graph":[{"@type":"Article","@id":"https:\/\/fuentesfidedignas.com.mx\/index.php\/2025\/10\/09\/salud-no-es-favor-es-derecho-paola-garate-exige-restablecer-el-servicio-de-urgencias-en-guamuchil\/#article","isPartOf":{"@id":"https:\/\/fuentesfidedignas.com.mx\/index.php\/2025\/10\/09\/salud-no-es-favor-es-derecho-paola-garate-exige-restablecer-el-servicio-de-urgencias-en-guamuchil\/"},"author":{"name":"Redacci\u00f3n","@id":"https:\/\/fuentesfidedignas.com.mx\/#\/schema\/person\/331be9283d37198e2acd5750279085b0"},"headline":"La salud no es un favor, es un derecho: Paola G\u00e1rate exige restablecer el servicio de urgencias en Guam\u00fachil","datePublished":"2025-10-10T02:13:25+00:00","dateModified":"2025-10-10T02:54:08+00:00","mainEntityOfPage":{"@id":"https:\/\/fuentesfidedignas.com.mx\/index.php\/2025\/10\/09\/salud-no-es-favor-es-derecho-paola-garate-exige-restablecer-el-servicio-de-urgencias-en-guamuchil\/"},"wordCount":583,"publisher":{"@id":"https:\/\/fuentesfidedignas.com.mx\/#organization"},"image":{"@id":"https:\/\/fuentesfidedignas.com.mx\/index.php\/2025\/10\/09\/salud-no-es-favor-es-derecho-paola-garate-exige-restablecer-el-servicio-de-urgencias-en-guamuchil\/#primaryimage"},"thumbnailUrl":"https:\/\/fuentesfidedignas.com.mx\/wp-content\/uploads\/2025\/10\/2bb0fbbb-cc41-43fc-9e08-88de0c0f10d9.jpeg","articleSection":["NOTICIAS LOCALES"],"inLanguage":"es"},{"@type":"WebPage","@id":"https:\/\/fuentesfidedignas.com.mx\/index.php\/2025\/10\/09\/salud-no-es-favor-es-derecho-paola-garate-exige-restablecer-el-servicio-de-urgencias-en-guamuchil\/","url":"https:\/\/fuentesfidedignas.com.mx\/index.php\/2025\/10\/09\/salud-no-es-favor-es-derecho-paola-garate-exige-restablecer-el-servicio-de-urgencias-en-guamuchil\/","name":"La salud no es un favor, es un derecho: Paola G\u00e1rate exige restablecer el servicio de urgencias en Guam\u00fachil - Fuentes Fidedignas","isPartOf":{"@id":"https:\/\/fuentesfidedignas.com.mx\/#website"},"primaryImageOfPage":{"@id":"https:\/\/fuentesfidedignas.com.mx\/index.php\/2025\/10\/09\/salud-no-es-favor-es-derecho-paola-garate-exige-restablecer-el-servicio-de-urgencias-en-guamuchil\/#primaryimage"},"image":{"@id":"https:\/\/fuentesfidedignas.com.mx\/index.php\/2025\/10\/09\/salud-no-es-favor-es-derecho-paola-garate-exige-restablecer-el-servicio-de-urgencias-en-guamuchil\/#primaryimage"},"thumbnailUrl":"https:\/\/fuentesfidedignas.com.mx\/wp-content\/uploads\/2025\/10\/2bb0fbbb-cc41-43fc-9e08-88de0c0f10d9.jpeg","datePublished":"2025-10-10T02:13:25+00:00","dateModified":"2025-10-10T02:54:08+00:00","breadcrumb":{"@id":"https:\/\/fuentesfidedignas.com.mx\/index.php\/2025\/10\/09\/salud-no-es-favor-es-derecho-paola-garate-exige-restablecer-el-servicio-de-urgencias-en-guamuchil\/#breadcrumb"},"inLanguage":"es","potentialAction":[{"@type":"ReadAction","target":["https:\/\/fuentesfidedignas.com.mx\/index.php\/2025\/10\/09\/salud-no-es-favor-es-derecho-paola-garate-exige-restablecer-el-servicio-de-urgencias-en-guamuchil\/"]}]},{"@type":"ImageObject","inLanguage":"es","@id":"https:\/\/fuentesfidedignas.com.mx\/index.php\/2025\/10\/09\/salud-no-es-favor-es-derecho-paola-garate-exige-restablecer-el-servicio-de-urgencias-en-guamuchil\/#primaryimage","url":"https:\/\/fuentesfidedignas.com.mx\/wp-content\/uploads\/2025\/10\/2bb0fbbb-cc41-43fc-9e08-88de0c0f10d9.jpeg","contentUrl":"https:\/\/fuentesfidedignas.com.mx\/wp-content\/uploads\/2025\/10\/2bb0fbbb-cc41-43fc-9e08-88de0c0f10d9.jpeg","width":860,"height":597},{"@type":"BreadcrumbList","@id":"https:\/\/fuentesfidedignas.com.mx\/index.php\/2025\/10\/09\/salud-no-es-favor-es-derecho-paola-garate-exige-restablecer-el-servicio-de-urgencias-en-guamuchil\/#breadcrumb","itemListElement":[{"@type":"ListItem","position":1,"name":"Inicio","item":"https:\/\/fuentesfidedignas.com.mx\/"},{"@type":"ListItem","position":2,"name":"La salud no es un favor, es un derecho: Paola G\u00e1rate exige restablecer el servicio de urgencias en Guam\u00fachil"}]},{"@type":"WebSite","@id":"https:\/\/fuentesfidedignas.com.mx\/#website","url":"https:\/\/fuentesfidedignas.com.mx\/","name":"Fuentes Fidedignas","description":"Otro sitio realizado con WordPress","publisher":{"@id":"https:\/\/fuentesfidedignas.com.mx\/#organization"},"potentialAction":[{"@type":"SearchAction","target":{"@type":"EntryPoint","urlTemplate":"https:\/\/fuentesfidedignas.com.mx\/?s={search_term_string}"},"query-input":{"@type":"PropertyValueSpecification","valueRequired":true,"valueName":"search_term_string"}}],"inLanguage":"es"},{"@type":"Organization","@id":"https:\/\/fuentesfidedignas.com.mx\/#organization","name":"Fuentes Fidedignas","url":"https:\/\/fuentesfidedignas.com.mx\/","logo":{"@type":"ImageObject","inLanguage":"es","@id":"https:\/\/fuentesfidedignas.com.mx\/#\/schema\/logo\/image\/","url":"https:\/\/fuentesfidedignas.com.mx\/wp-content\/uploads\/2021\/04\/logo-retina.png","contentUrl":"https:\/\/fuentesfidedignas.com.mx\/wp-content\/uploads\/2021\/04\/logo-retina.png","width":280,"height":51,"caption":"Fuentes Fidedignas"},"image":{"@id":"https:\/\/fuentesfidedignas.com.mx\/#\/schema\/logo\/image\/"},"sameAs":["https:\/\/www.facebook.com\/Fuentes-Fidedignas-368234489921644","https:\/\/x.com\/fidedignas"]},{"@type":"Person","@id":"https:\/\/fuentesfidedignas.com.mx\/#\/schema\/person\/331be9283d37198e2acd5750279085b0","name":"Redacci\u00f3n","image":{"@type":"ImageObject","inLanguage":"es","@id":"https:\/\/secure.gravatar.com\/avatar\/f6d8782c11d12b2d4ad3fbb6931aeab5309937a4d6cd2fc9cfaa28a6396a5aec?s=96&d=mm&r=g","url":"https:\/\/secure.gravatar.com\/avatar\/f6d8782c11d12b2d4ad3fbb6931aeab5309937a4d6cd2fc9cfaa28a6396a5aec?s=96&d=mm&r=g","contentUrl":"https:\/\/secure.gravatar.com\/avatar\/f6d8782c11d12b2d4ad3fbb6931aeab5309937a4d6cd2fc9cfaa28a6396a5aec?s=96&d=mm&r=g","caption":"Redacci\u00f3n"},"url":"https:\/\/fuentesfidedignas.com.mx\/index.php\/author\/redaccion\/"}]}},"_links":{"self":[{"href":"https:\/\/fuentesfidedignas.com.mx\/index.php\/wp-json\/wp\/v2\/posts\/119141","targetHints":{"allow":["GET"]}}],"collection":[{"href":"https:\/\/fuentesfidedignas.com.mx\/index.php\/wp-json\/wp\/v2\/posts"}],"about":[{"href":"https:\/\/fuentesfidedignas.com.mx\/index.php\/wp-json\/wp\/v2\/types\/post"}],"author":[{"embeddable":true,"href":"https:\/\/fuentesfidedignas.com.mx\/index.php\/wp-json\/wp\/v2\/users\/4"}],"replies":[{"embeddable":true,"href":"https:\/\/fuentesfidedignas.com.mx\/index.php\/wp-json\/wp\/v2\/comments?post=119141"}],"version-history":[{"count":1,"href":"https:\/\/fuentesfidedignas.com.mx\/index.php\/wp-json\/wp\/v2\/posts\/119141\/revisions"}],"predecessor-version":[{"id":119142,"href":"https:\/\/fuentesfidedignas.com.mx\/index.php\/wp-json\/wp\/v2\/posts\/119141\/revisions\/119142"}],"wp:featuredmedia":[{"embeddable":true,"href":"https:\/\/fuentesfidedignas.com.mx\/index.php\/wp-json\/wp\/v2\/media\/119146"}],"wp:attachment":[{"href":"https:\/\/fuentesfidedignas.com.mx\/index.php\/wp-json\/wp\/v2\/media?parent=119141"}],"wp:term":[{"taxonomy":"category","embeddable":true,"href":"https:\/\/fuentesfidedignas.com.mx\/index.php\/wp-json\/wp\/v2\/categories?post=119141"},{"taxonomy":"post_tag","embeddable":true,"href":"https:\/\/fuentesfidedignas.com.mx\/index.php\/wp-json\/wp\/v2\/tags?post=119141"}],"curies":[{"name":"wp","href":"https:\/\/api.w.org\/{rel}","templated":true}]}}