{"id":118835,"date":"2025-10-06T09:15:43","date_gmt":"2025-10-06T16:15:43","guid":{"rendered":"https:\/\/fuentesfidedignas.com.mx\/?p=118835"},"modified":"2025-10-06T09:15:58","modified_gmt":"2025-10-06T16:15:58","slug":"detienen-a-don-jose-en-durango-presunto-lider-de-celula-ligada-a-los-mayos","status":"publish","type":"post","link":"https:\/\/fuentesfidedignas.com.mx\/index.php\/2025\/10\/06\/detienen-a-don-jose-en-durango-presunto-lider-de-celula-ligada-a-los-mayos\/","title":{"rendered":"Detienen a &#8216;Don Jos\u00e9&#8217; en Durango, presunto l\u00edder de c\u00e9lula ligada a &#8216;Los Mayos&#8217;"},"content":{"rendered":"\n<p><strong><em>El titular de la SSPC, Omar Garc\u00eda Harfuch, inform\u00f3 en redes sociales que Don Jos\u00e9 contaba con una orden de aprehensi\u00f3n vigente y que su captura representa un golpe relevante a una c\u00e9lula generadora de violencia en la regi\u00f3n.<\/em><\/strong><\/p>\n\n\n\n<p>Fuerzas federales detuvieron en Durango a Jos\u00e9 Luis Delgadillo, alias Don Jos\u00e9, se\u00f1alado como l\u00edder de una c\u00e9lula delictiva dedicada al secuestro y tr\u00e1fico de personas y vinculada a la organizaci\u00f3n \u201cCabrera Sarabia\u201d, facci\u00f3n de Los Mayos.<\/p>\n\n\n\n<p>El Gabinete de Seguridad federal inform\u00f3 este lunes que la detenci\u00f3n se concret\u00f3 tras la ejecuci\u00f3n de cinco \u00f3rdenes de cateo en distintos puntos del municipio de Durango, donde tambi\u00e9n fueron arrestadas cinco personas m\u00e1s que presuntamente integraban el mismo grupo criminal.<\/p>\n\n\n\n<p>Los cateos se realizaron de manera simult\u00e1nea en las colonias Loma Bonita, La Morga, Cerro de Guadalupe y Guadalupe Victoria, luego de semanas de vigilancia fija y m\u00f3vil en inmuebles identificados como centros de operaci\u00f3n de la red delictiva.<\/p>\n\n\n\n<p>Adem\u00e1s de Don Jos\u00e9, fueron detenidos Diana Estefan\u00eda Villalobos Rueda, alias Patrona; Jos\u00e9 Juan Qui\u00f1ones Galv\u00e1n; Roc\u00edo Qui\u00f1ones Galv\u00e1n, alias Licenciada; Jos\u00e9 Raymundo Freyre Mendoza y Jos\u00e9 Orlando Barrientos Hern\u00e1ndez.<\/p>\n\n\n\n<p>Durante los cateos se aseguraron tres cargadores, 59 cartuchos, 36 tel\u00e9fonos celulares, un radio de comunicaci\u00f3n, tres veh\u00edculos y una motocicleta.<\/p>\n\n\n\n<p>El titular de la SSPC, Omar Garc\u00eda Harfuch, inform\u00f3 en redes sociales que Don Jos\u00e9 contaba con una orden de aprehensi\u00f3n vigente y que su captura representa un golpe relevante a una c\u00e9lula generadora de violencia en la regi\u00f3n.<\/p>\n\n\n\n<p>Los detenidos fueron puestos a disposici\u00f3n del Ministerio P\u00fablico federal, que definir\u00e1 su situaci\u00f3n jur\u00eddica, mientras los inmuebles quedaron bajo resguardo de las autoridades.<\/p>\n\n\n\n<p>En la operaci\u00f3n participaron elementos de la Secretar\u00eda de la Defensa Nacional, Marina, Fiscal\u00eda General de la Rep\u00fablica, Guardia Nacional y la Secretar\u00eda de Seguridad y Protecci\u00f3n Ciudadana, con apoyo de autoridades locales.<\/p>\n","protected":false},"excerpt":{"rendered":"<p>El titular de la SSPC, Omar Garc\u00eda Harfuch, inform\u00f3 en redes sociales que Don Jos\u00e9 contaba con una orden de aprehensi\u00f3n vigente y que su captura representa un golpe relevante a una c\u00e9lula generadora de violencia en la regi\u00f3n. Fuerzas federales detuvieron en Durango a Jos\u00e9 Luis Delgadillo, alias Don Jos\u00e9, se\u00f1alado como l\u00edder de [&hellip;]<\/p>\n","protected":false},"author":45,"featured_media":118836,"comment_status":"open","ping_status":"open","sticky":false,"template":"","format":"standard","meta":{"tdm_status":"","tdm_grid_status":"","footnotes":""},"categories":[39],"tags":[],"class_list":{"0":"post-118835","1":"post","2":"type-post","3":"status-publish","4":"format-standard","5":"has-post-thumbnail","7":"category-noticias-nacionales"},"yoast_head":"<!-- This site is optimized with the Yoast SEO plugin v27.5 - https:\/\/yoast.com\/product\/yoast-seo-wordpress\/ -->\n<title>Detienen a &#039;Don Jos\u00e9&#039; en Durango, presunto l\u00edder de c\u00e9lula ligada a &#039;Los Mayos&#039; - Fuentes Fidedignas<\/title>\n<meta name=\"robots\" content=\"index, follow, max-snippet:-1, max-image-preview:large, max-video-preview:-1\" \/>\n<link rel=\"canonical\" href=\"https:\/\/fuentesfidedignas.com.mx\/index.php\/2025\/10\/06\/detienen-a-don-jose-en-durango-presunto-lider-de-celula-ligada-a-los-mayos\/\" \/>\n<meta property=\"og:locale\" content=\"es_MX\" \/>\n<meta property=\"og:type\" content=\"article\" \/>\n<meta property=\"og:title\" content=\"Detienen a &#039;Don Jos\u00e9&#039; en Durango, presunto l\u00edder de c\u00e9lula ligada a &#039;Los Mayos&#039; - Fuentes Fidedignas\" \/>\n<meta property=\"og:description\" content=\"El titular de la SSPC, Omar Garc\u00eda Harfuch, inform\u00f3 en redes sociales que Don Jos\u00e9 contaba con una orden de aprehensi\u00f3n vigente y que su captura representa un golpe relevante a una c\u00e9lula generadora de violencia en la regi\u00f3n. Fuerzas federales detuvieron en Durango a Jos\u00e9 Luis Delgadillo, alias Don Jos\u00e9, se\u00f1alado como l\u00edder de [&hellip;]\" \/>\n<meta property=\"og:url\" content=\"https:\/\/fuentesfidedignas.com.mx\/index.php\/2025\/10\/06\/detienen-a-don-jose-en-durango-presunto-lider-de-celula-ligada-a-los-mayos\/\" \/>\n<meta property=\"og:site_name\" content=\"Fuentes Fidedignas\" \/>\n<meta property=\"article:publisher\" content=\"https:\/\/www.facebook.com\/Fuentes-Fidedignas-368234489921644\" \/>\n<meta property=\"article:published_time\" content=\"2025-10-06T16:15:43+00:00\" \/>\n<meta property=\"article:modified_time\" content=\"2025-10-06T16:15:58+00:00\" \/>\n<meta property=\"og:image\" content=\"https:\/\/fuentesfidedignas.com.mx\/wp-content\/uploads\/2025\/10\/Don-Jose.jpg\" \/>\n\t<meta property=\"og:image:width\" content=\"500\" \/>\n\t<meta property=\"og:image:height\" content=\"308\" \/>\n\t<meta property=\"og:image:type\" content=\"image\/jpeg\" \/>\n<meta name=\"author\" content=\"La Jornada\" \/>\n<meta name=\"twitter:card\" content=\"summary_large_image\" \/>\n<meta name=\"twitter:creator\" content=\"@fidedignas\" \/>\n<meta name=\"twitter:site\" content=\"@fidedignas\" \/>\n<meta name=\"twitter:label1\" content=\"Escrito por\" \/>\n\t<meta name=\"twitter:data1\" content=\"La Jornada\" \/>\n\t<meta name=\"twitter:label2\" content=\"Tiempo de lectura\" \/>\n\t<meta name=\"twitter:data2\" content=\"2 minutos\" \/>\n<script type=\"application\/ld+json\" class=\"yoast-schema-graph\">{\"@context\":\"https:\\\/\\\/schema.org\",\"@graph\":[{\"@type\":\"Article\",\"@id\":\"https:\\\/\\\/fuentesfidedignas.com.mx\\\/index.php\\\/2025\\\/10\\\/06\\\/detienen-a-don-jose-en-durango-presunto-lider-de-celula-ligada-a-los-mayos\\\/#article\",\"isPartOf\":{\"@id\":\"https:\\\/\\\/fuentesfidedignas.com.mx\\\/index.php\\\/2025\\\/10\\\/06\\\/detienen-a-don-jose-en-durango-presunto-lider-de-celula-ligada-a-los-mayos\\\/\"},\"author\":{\"name\":\"La Jornada\",\"@id\":\"https:\\\/\\\/fuentesfidedignas.com.mx\\\/#\\\/schema\\\/person\\\/87eacee4072e149fccc7de67f9634f35\"},\"headline\":\"Detienen a &#8216;Don Jos\u00e9&#8217; en Durango, presunto l\u00edder de c\u00e9lula ligada a &#8216;Los Mayos&#8217;\",\"datePublished\":\"2025-10-06T16:15:43+00:00\",\"dateModified\":\"2025-10-06T16:15:58+00:00\",\"mainEntityOfPage\":{\"@id\":\"https:\\\/\\\/fuentesfidedignas.com.mx\\\/index.php\\\/2025\\\/10\\\/06\\\/detienen-a-don-jose-en-durango-presunto-lider-de-celula-ligada-a-los-mayos\\\/\"},\"wordCount\":360,\"commentCount\":0,\"publisher\":{\"@id\":\"https:\\\/\\\/fuentesfidedignas.com.mx\\\/#organization\"},\"image\":{\"@id\":\"https:\\\/\\\/fuentesfidedignas.com.mx\\\/index.php\\\/2025\\\/10\\\/06\\\/detienen-a-don-jose-en-durango-presunto-lider-de-celula-ligada-a-los-mayos\\\/#primaryimage\"},\"thumbnailUrl\":\"https:\\\/\\\/fuentesfidedignas.com.mx\\\/wp-content\\\/uploads\\\/2025\\\/10\\\/Don-Jose.jpg\",\"articleSection\":[\"NOTICIAS NACIONALES\"],\"inLanguage\":\"es\",\"potentialAction\":[{\"@type\":\"CommentAction\",\"name\":\"Comment\",\"target\":[\"https:\\\/\\\/fuentesfidedignas.com.mx\\\/index.php\\\/2025\\\/10\\\/06\\\/detienen-a-don-jose-en-durango-presunto-lider-de-celula-ligada-a-los-mayos\\\/#respond\"]}]},{\"@type\":\"WebPage\",\"@id\":\"https:\\\/\\\/fuentesfidedignas.com.mx\\\/index.php\\\/2025\\\/10\\\/06\\\/detienen-a-don-jose-en-durango-presunto-lider-de-celula-ligada-a-los-mayos\\\/\",\"url\":\"https:\\\/\\\/fuentesfidedignas.com.mx\\\/index.php\\\/2025\\\/10\\\/06\\\/detienen-a-don-jose-en-durango-presunto-lider-de-celula-ligada-a-los-mayos\\\/\",\"name\":\"Detienen a 'Don Jos\u00e9' en Durango, presunto l\u00edder de c\u00e9lula ligada a 'Los Mayos' - Fuentes Fidedignas\",\"isPartOf\":{\"@id\":\"https:\\\/\\\/fuentesfidedignas.com.mx\\\/#website\"},\"primaryImageOfPage\":{\"@id\":\"https:\\\/\\\/fuentesfidedignas.com.mx\\\/index.php\\\/2025\\\/10\\\/06\\\/detienen-a-don-jose-en-durango-presunto-lider-de-celula-ligada-a-los-mayos\\\/#primaryimage\"},\"image\":{\"@id\":\"https:\\\/\\\/fuentesfidedignas.com.mx\\\/index.php\\\/2025\\\/10\\\/06\\\/detienen-a-don-jose-en-durango-presunto-lider-de-celula-ligada-a-los-mayos\\\/#primaryimage\"},\"thumbnailUrl\":\"https:\\\/\\\/fuentesfidedignas.com.mx\\\/wp-content\\\/uploads\\\/2025\\\/10\\\/Don-Jose.jpg\",\"datePublished\":\"2025-10-06T16:15:43+00:00\",\"dateModified\":\"2025-10-06T16:15:58+00:00\",\"breadcrumb\":{\"@id\":\"https:\\\/\\\/fuentesfidedignas.com.mx\\\/index.php\\\/2025\\\/10\\\/06\\\/detienen-a-don-jose-en-durango-presunto-lider-de-celula-ligada-a-los-mayos\\\/#breadcrumb\"},\"inLanguage\":\"es\",\"potentialAction\":[{\"@type\":\"ReadAction\",\"target\":[\"https:\\\/\\\/fuentesfidedignas.com.mx\\\/index.php\\\/2025\\\/10\\\/06\\\/detienen-a-don-jose-en-durango-presunto-lider-de-celula-ligada-a-los-mayos\\\/\"]}]},{\"@type\":\"ImageObject\",\"inLanguage\":\"es\",\"@id\":\"https:\\\/\\\/fuentesfidedignas.com.mx\\\/index.php\\\/2025\\\/10\\\/06\\\/detienen-a-don-jose-en-durango-presunto-lider-de-celula-ligada-a-los-mayos\\\/#primaryimage\",\"url\":\"https:\\\/\\\/fuentesfidedignas.com.mx\\\/wp-content\\\/uploads\\\/2025\\\/10\\\/Don-Jose.jpg\",\"contentUrl\":\"https:\\\/\\\/fuentesfidedignas.com.mx\\\/wp-content\\\/uploads\\\/2025\\\/10\\\/Don-Jose.jpg\",\"width\":500,\"height\":308},{\"@type\":\"BreadcrumbList\",\"@id\":\"https:\\\/\\\/fuentesfidedignas.com.mx\\\/index.php\\\/2025\\\/10\\\/06\\\/detienen-a-don-jose-en-durango-presunto-lider-de-celula-ligada-a-los-mayos\\\/#breadcrumb\",\"itemListElement\":[{\"@type\":\"ListItem\",\"position\":1,\"name\":\"Inicio\",\"item\":\"https:\\\/\\\/fuentesfidedignas.com.mx\\\/\"},{\"@type\":\"ListItem\",\"position\":2,\"name\":\"Detienen a &#8216;Don Jos\u00e9&#8217; en Durango, presunto l\u00edder de c\u00e9lula ligada a &#8216;Los Mayos&#8217;\"}]},{\"@type\":\"WebSite\",\"@id\":\"https:\\\/\\\/fuentesfidedignas.com.mx\\\/#website\",\"url\":\"https:\\\/\\\/fuentesfidedignas.com.mx\\\/\",\"name\":\"Fuentes Fidedignas\",\"description\":\"Otro sitio realizado con WordPress\",\"publisher\":{\"@id\":\"https:\\\/\\\/fuentesfidedignas.com.mx\\\/#organization\"},\"potentialAction\":[{\"@type\":\"SearchAction\",\"target\":{\"@type\":\"EntryPoint\",\"urlTemplate\":\"https:\\\/\\\/fuentesfidedignas.com.mx\\\/?s={search_term_string}\"},\"query-input\":{\"@type\":\"PropertyValueSpecification\",\"valueRequired\":true,\"valueName\":\"search_term_string\"}}],\"inLanguage\":\"es\"},{\"@type\":\"Organization\",\"@id\":\"https:\\\/\\\/fuentesfidedignas.com.mx\\\/#organization\",\"name\":\"Fuentes Fidedignas\",\"url\":\"https:\\\/\\\/fuentesfidedignas.com.mx\\\/\",\"logo\":{\"@type\":\"ImageObject\",\"inLanguage\":\"es\",\"@id\":\"https:\\\/\\\/fuentesfidedignas.com.mx\\\/#\\\/schema\\\/logo\\\/image\\\/\",\"url\":\"https:\\\/\\\/fuentesfidedignas.com.mx\\\/wp-content\\\/uploads\\\/2021\\\/04\\\/logo-retina.png\",\"contentUrl\":\"https:\\\/\\\/fuentesfidedignas.com.mx\\\/wp-content\\\/uploads\\\/2021\\\/04\\\/logo-retina.png\",\"width\":280,\"height\":51,\"caption\":\"Fuentes Fidedignas\"},\"image\":{\"@id\":\"https:\\\/\\\/fuentesfidedignas.com.mx\\\/#\\\/schema\\\/logo\\\/image\\\/\"},\"sameAs\":[\"https:\\\/\\\/www.facebook.com\\\/Fuentes-Fidedignas-368234489921644\",\"https:\\\/\\\/x.com\\\/fidedignas\"]},{\"@type\":\"Person\",\"@id\":\"https:\\\/\\\/fuentesfidedignas.com.mx\\\/#\\\/schema\\\/person\\\/87eacee4072e149fccc7de67f9634f35\",\"name\":\"La Jornada\",\"image\":{\"@type\":\"ImageObject\",\"inLanguage\":\"es\",\"@id\":\"https:\\\/\\\/secure.gravatar.com\\\/avatar\\\/2b09f15a418e222775ffd645761e3fcecd1fb9d7a38a3ba858adf349aab82c7c?s=96&d=mm&r=g\",\"url\":\"https:\\\/\\\/secure.gravatar.com\\\/avatar\\\/2b09f15a418e222775ffd645761e3fcecd1fb9d7a38a3ba858adf349aab82c7c?s=96&d=mm&r=g\",\"contentUrl\":\"https:\\\/\\\/secure.gravatar.com\\\/avatar\\\/2b09f15a418e222775ffd645761e3fcecd1fb9d7a38a3ba858adf349aab82c7c?s=96&d=mm&r=g\",\"caption\":\"La Jornada\"},\"url\":\"https:\\\/\\\/fuentesfidedignas.com.mx\\\/index.php\\\/author\\\/jornada\\\/\"}]}<\/script>\n<!-- \/ Yoast SEO plugin. -->","yoast_head_json":{"title":"Detienen a 'Don Jos\u00e9' en Durango, presunto l\u00edder de c\u00e9lula ligada a 'Los Mayos' - Fuentes Fidedignas","robots":{"index":"index","follow":"follow","max-snippet":"max-snippet:-1","max-image-preview":"max-image-preview:large","max-video-preview":"max-video-preview:-1"},"canonical":"https:\/\/fuentesfidedignas.com.mx\/index.php\/2025\/10\/06\/detienen-a-don-jose-en-durango-presunto-lider-de-celula-ligada-a-los-mayos\/","og_locale":"es_MX","og_type":"article","og_title":"Detienen a 'Don Jos\u00e9' en Durango, presunto l\u00edder de c\u00e9lula ligada a 'Los Mayos' - Fuentes Fidedignas","og_description":"El titular de la SSPC, Omar Garc\u00eda Harfuch, inform\u00f3 en redes sociales que Don Jos\u00e9 contaba con una orden de aprehensi\u00f3n vigente y que su captura representa un golpe relevante a una c\u00e9lula generadora de violencia en la regi\u00f3n. Fuerzas federales detuvieron en Durango a Jos\u00e9 Luis Delgadillo, alias Don Jos\u00e9, se\u00f1alado como l\u00edder de [&hellip;]","og_url":"https:\/\/fuentesfidedignas.com.mx\/index.php\/2025\/10\/06\/detienen-a-don-jose-en-durango-presunto-lider-de-celula-ligada-a-los-mayos\/","og_site_name":"Fuentes Fidedignas","article_publisher":"https:\/\/www.facebook.com\/Fuentes-Fidedignas-368234489921644","article_published_time":"2025-10-06T16:15:43+00:00","article_modified_time":"2025-10-06T16:15:58+00:00","og_image":[{"width":500,"height":308,"url":"https:\/\/fuentesfidedignas.com.mx\/wp-content\/uploads\/2025\/10\/Don-Jose.jpg","type":"image\/jpeg"}],"author":"La Jornada","twitter_card":"summary_large_image","twitter_creator":"@fidedignas","twitter_site":"@fidedignas","twitter_misc":{"Escrito por":"La Jornada","Tiempo de lectura":"2 minutos"},"schema":{"@context":"https:\/\/schema.org","@graph":[{"@type":"Article","@id":"https:\/\/fuentesfidedignas.com.mx\/index.php\/2025\/10\/06\/detienen-a-don-jose-en-durango-presunto-lider-de-celula-ligada-a-los-mayos\/#article","isPartOf":{"@id":"https:\/\/fuentesfidedignas.com.mx\/index.php\/2025\/10\/06\/detienen-a-don-jose-en-durango-presunto-lider-de-celula-ligada-a-los-mayos\/"},"author":{"name":"La Jornada","@id":"https:\/\/fuentesfidedignas.com.mx\/#\/schema\/person\/87eacee4072e149fccc7de67f9634f35"},"headline":"Detienen a &#8216;Don Jos\u00e9&#8217; en Durango, presunto l\u00edder de c\u00e9lula ligada a &#8216;Los Mayos&#8217;","datePublished":"2025-10-06T16:15:43+00:00","dateModified":"2025-10-06T16:15:58+00:00","mainEntityOfPage":{"@id":"https:\/\/fuentesfidedignas.com.mx\/index.php\/2025\/10\/06\/detienen-a-don-jose-en-durango-presunto-lider-de-celula-ligada-a-los-mayos\/"},"wordCount":360,"commentCount":0,"publisher":{"@id":"https:\/\/fuentesfidedignas.com.mx\/#organization"},"image":{"@id":"https:\/\/fuentesfidedignas.com.mx\/index.php\/2025\/10\/06\/detienen-a-don-jose-en-durango-presunto-lider-de-celula-ligada-a-los-mayos\/#primaryimage"},"thumbnailUrl":"https:\/\/fuentesfidedignas.com.mx\/wp-content\/uploads\/2025\/10\/Don-Jose.jpg","articleSection":["NOTICIAS NACIONALES"],"inLanguage":"es","potentialAction":[{"@type":"CommentAction","name":"Comment","target":["https:\/\/fuentesfidedignas.com.mx\/index.php\/2025\/10\/06\/detienen-a-don-jose-en-durango-presunto-lider-de-celula-ligada-a-los-mayos\/#respond"]}]},{"@type":"WebPage","@id":"https:\/\/fuentesfidedignas.com.mx\/index.php\/2025\/10\/06\/detienen-a-don-jose-en-durango-presunto-lider-de-celula-ligada-a-los-mayos\/","url":"https:\/\/fuentesfidedignas.com.mx\/index.php\/2025\/10\/06\/detienen-a-don-jose-en-durango-presunto-lider-de-celula-ligada-a-los-mayos\/","name":"Detienen a 'Don Jos\u00e9' en Durango, presunto l\u00edder de c\u00e9lula ligada a 'Los Mayos' - Fuentes Fidedignas","isPartOf":{"@id":"https:\/\/fuentesfidedignas.com.mx\/#website"},"primaryImageOfPage":{"@id":"https:\/\/fuentesfidedignas.com.mx\/index.php\/2025\/10\/06\/detienen-a-don-jose-en-durango-presunto-lider-de-celula-ligada-a-los-mayos\/#primaryimage"},"image":{"@id":"https:\/\/fuentesfidedignas.com.mx\/index.php\/2025\/10\/06\/detienen-a-don-jose-en-durango-presunto-lider-de-celula-ligada-a-los-mayos\/#primaryimage"},"thumbnailUrl":"https:\/\/fuentesfidedignas.com.mx\/wp-content\/uploads\/2025\/10\/Don-Jose.jpg","datePublished":"2025-10-06T16:15:43+00:00","dateModified":"2025-10-06T16:15:58+00:00","breadcrumb":{"@id":"https:\/\/fuentesfidedignas.com.mx\/index.php\/2025\/10\/06\/detienen-a-don-jose-en-durango-presunto-lider-de-celula-ligada-a-los-mayos\/#breadcrumb"},"inLanguage":"es","potentialAction":[{"@type":"ReadAction","target":["https:\/\/fuentesfidedignas.com.mx\/index.php\/2025\/10\/06\/detienen-a-don-jose-en-durango-presunto-lider-de-celula-ligada-a-los-mayos\/"]}]},{"@type":"ImageObject","inLanguage":"es","@id":"https:\/\/fuentesfidedignas.com.mx\/index.php\/2025\/10\/06\/detienen-a-don-jose-en-durango-presunto-lider-de-celula-ligada-a-los-mayos\/#primaryimage","url":"https:\/\/fuentesfidedignas.com.mx\/wp-content\/uploads\/2025\/10\/Don-Jose.jpg","contentUrl":"https:\/\/fuentesfidedignas.com.mx\/wp-content\/uploads\/2025\/10\/Don-Jose.jpg","width":500,"height":308},{"@type":"BreadcrumbList","@id":"https:\/\/fuentesfidedignas.com.mx\/index.php\/2025\/10\/06\/detienen-a-don-jose-en-durango-presunto-lider-de-celula-ligada-a-los-mayos\/#breadcrumb","itemListElement":[{"@type":"ListItem","position":1,"name":"Inicio","item":"https:\/\/fuentesfidedignas.com.mx\/"},{"@type":"ListItem","position":2,"name":"Detienen a &#8216;Don Jos\u00e9&#8217; en Durango, presunto l\u00edder de c\u00e9lula ligada a &#8216;Los Mayos&#8217;"}]},{"@type":"WebSite","@id":"https:\/\/fuentesfidedignas.com.mx\/#website","url":"https:\/\/fuentesfidedignas.com.mx\/","name":"Fuentes Fidedignas","description":"Otro sitio realizado con WordPress","publisher":{"@id":"https:\/\/fuentesfidedignas.com.mx\/#organization"},"potentialAction":[{"@type":"SearchAction","target":{"@type":"EntryPoint","urlTemplate":"https:\/\/fuentesfidedignas.com.mx\/?s={search_term_string}"},"query-input":{"@type":"PropertyValueSpecification","valueRequired":true,"valueName":"search_term_string"}}],"inLanguage":"es"},{"@type":"Organization","@id":"https:\/\/fuentesfidedignas.com.mx\/#organization","name":"Fuentes Fidedignas","url":"https:\/\/fuentesfidedignas.com.mx\/","logo":{"@type":"ImageObject","inLanguage":"es","@id":"https:\/\/fuentesfidedignas.com.mx\/#\/schema\/logo\/image\/","url":"https:\/\/fuentesfidedignas.com.mx\/wp-content\/uploads\/2021\/04\/logo-retina.png","contentUrl":"https:\/\/fuentesfidedignas.com.mx\/wp-content\/uploads\/2021\/04\/logo-retina.png","width":280,"height":51,"caption":"Fuentes Fidedignas"},"image":{"@id":"https:\/\/fuentesfidedignas.com.mx\/#\/schema\/logo\/image\/"},"sameAs":["https:\/\/www.facebook.com\/Fuentes-Fidedignas-368234489921644","https:\/\/x.com\/fidedignas"]},{"@type":"Person","@id":"https:\/\/fuentesfidedignas.com.mx\/#\/schema\/person\/87eacee4072e149fccc7de67f9634f35","name":"La Jornada","image":{"@type":"ImageObject","inLanguage":"es","@id":"https:\/\/secure.gravatar.com\/avatar\/2b09f15a418e222775ffd645761e3fcecd1fb9d7a38a3ba858adf349aab82c7c?s=96&d=mm&r=g","url":"https:\/\/secure.gravatar.com\/avatar\/2b09f15a418e222775ffd645761e3fcecd1fb9d7a38a3ba858adf349aab82c7c?s=96&d=mm&r=g","contentUrl":"https:\/\/secure.gravatar.com\/avatar\/2b09f15a418e222775ffd645761e3fcecd1fb9d7a38a3ba858adf349aab82c7c?s=96&d=mm&r=g","caption":"La Jornada"},"url":"https:\/\/fuentesfidedignas.com.mx\/index.php\/author\/jornada\/"}]}},"_links":{"self":[{"href":"https:\/\/fuentesfidedignas.com.mx\/index.php\/wp-json\/wp\/v2\/posts\/118835","targetHints":{"allow":["GET"]}}],"collection":[{"href":"https:\/\/fuentesfidedignas.com.mx\/index.php\/wp-json\/wp\/v2\/posts"}],"about":[{"href":"https:\/\/fuentesfidedignas.com.mx\/index.php\/wp-json\/wp\/v2\/types\/post"}],"author":[{"embeddable":true,"href":"https:\/\/fuentesfidedignas.com.mx\/index.php\/wp-json\/wp\/v2\/users\/45"}],"replies":[{"embeddable":true,"href":"https:\/\/fuentesfidedignas.com.mx\/index.php\/wp-json\/wp\/v2\/comments?post=118835"}],"version-history":[{"count":1,"href":"https:\/\/fuentesfidedignas.com.mx\/index.php\/wp-json\/wp\/v2\/posts\/118835\/revisions"}],"predecessor-version":[{"id":118837,"href":"https:\/\/fuentesfidedignas.com.mx\/index.php\/wp-json\/wp\/v2\/posts\/118835\/revisions\/118837"}],"wp:featuredmedia":[{"embeddable":true,"href":"https:\/\/fuentesfidedignas.com.mx\/index.php\/wp-json\/wp\/v2\/media\/118836"}],"wp:attachment":[{"href":"https:\/\/fuentesfidedignas.com.mx\/index.php\/wp-json\/wp\/v2\/media?parent=118835"}],"wp:term":[{"taxonomy":"category","embeddable":true,"href":"https:\/\/fuentesfidedignas.com.mx\/index.php\/wp-json\/wp\/v2\/categories?post=118835"},{"taxonomy":"post_tag","embeddable":true,"href":"https:\/\/fuentesfidedignas.com.mx\/index.php\/wp-json\/wp\/v2\/tags?post=118835"}],"curies":[{"name":"wp","href":"https:\/\/api.w.org\/{rel}","templated":true}]}}