{"id":118812,"date":"2025-10-06T04:11:00","date_gmt":"2025-10-06T11:11:00","guid":{"rendered":"https:\/\/fuentesfidedignas.com.mx\/?p=118812"},"modified":"2025-10-05T22:15:17","modified_gmt":"2025-10-06T05:15:17","slug":"se-volvio-loco-boxeador-le-tira-una-patada-a-su-rival-en-pleno-combate","status":"publish","type":"post","link":"https:\/\/fuentesfidedignas.com.mx\/index.php\/2025\/10\/06\/se-volvio-loco-boxeador-le-tira-una-patada-a-su-rival-en-pleno-combate\/","title":{"rendered":"\u00a1Se volvi\u00f3 loco! Boxeador le tira una patada a su rival en pleno combate"},"content":{"rendered":"\n<p><strong><em>La esquina del \u2018Bombi\u2019 Cordero de inmediato subi\u00f3 al ring para auxiliarlo; el infractor podr\u00eda hacerse acreedor a una fuerte sanci\u00f3n.<\/em><\/strong><\/p>\n\n\n\n<p>Algo inusual se suscito en el Auditorio Municipal de Tijuana cuando el boxeador \u00c1ngel \u2018Tashiro\u2019 Fierro fue descalificado por darle una patada a Abraham \u2018Bombi\u2019 Cordero durante el tercer round del combate, todo en una aparente reacci\u00f3n de ira debido a que el agresor estaba totalmente descontrolado.<\/p>\n\n\n\n<p>El desafortunado desenlace comenz\u00f3 cuando el r\u00e9feri intervino para separarlos luego de que se abrazaron junto a las cuerdas; sin embargo, \u2018Tashiro\u2019 comenz\u00f3 a gritar, se quit\u00f3 el abrazo del tercero sobre el encordado, fue directo a darle un par de volados a su contrincante, a quien termin\u00f3 por rematar con una patada. Estaba fuera de s\u00ed.<\/p>\n\n\n\n<figure class=\"wp-block-embed is-type-rich is-provider-twitter wp-block-embed-twitter\"><div class=\"wp-block-embed__wrapper\">\n<blockquote class=\"twitter-tweet\" data-width=\"550\" data-dnt=\"true\"><p lang=\"es\" dir=\"ltr\">\u00bfQU\u00c9 LE SUCEDI\u00d3 A TASHIRO? <br><br>\u00c1ngel Fierro &quot;PERDI\u00d3 LA CABEZA&quot; y SOLT\u00d3 UNA PATADA\ud83e\udd2f\ud83e\udd4a<br><br>Fierro perdi\u00f3 los estribos y fue DESCALIFICADO <a href=\"https:\/\/t.co\/kjbQwzLg54\">pic.twitter.com\/kjbQwzLg54<\/a><\/p>&mdash; ESPN KnockOut (@ESPNKnockOut) <a href=\"https:\/\/twitter.com\/ESPNKnockOut\/status\/1974710373023412515?ref_src=twsrc%5Etfw\">October 5, 2025<\/a><\/blockquote><script async src=\"https:\/\/platform.twitter.com\/widgets.js\" charset=\"utf-8\"><\/script>\n<\/div><\/figure>\n\n\n\n<p>De inmediato, los integrantes de la esquina de Cordero subieron para auxiliarlo, mientras que el r\u00e9feri termin\u00f3 por llevarse a Fierro del otro lado del cuadril\u00e1tero, el pugilista estaba visiblemente desorientado, sin entender la magnitud ni la gravedad de la infracci\u00f3n que acababa de cometer.<\/p>\n\n\n\n<p>Al final, \u2018Tashiro\u2019 termin\u00f3 siendo descalificado por obvias razones, mientras que Diego Morales, presidente de la Comisi\u00f3n de Box de Tijuana, inform\u00f3 que Fierro podr\u00eda ser sancionado: \u201cActuamos bajo reglamento en la decisi\u00f3n. El pr\u00f3ximo martes es cuando tendremos la junta semanal y vamos a examinar el caso, pero s\u00ed, viene una fuerte suspensi\u00f3n para este muchacho\u201d, indic\u00f3 para El Imparcial.<\/p>\n","protected":false},"excerpt":{"rendered":"<p>La esquina del \u2018Bombi\u2019 Cordero de inmediato subi\u00f3 al ring para auxiliarlo; el infractor podr\u00eda hacerse acreedor a una fuerte sanci\u00f3n. Algo inusual se suscito en el Auditorio Municipal de Tijuana cuando el boxeador \u00c1ngel \u2018Tashiro\u2019 Fierro fue descalificado por darle una patada a Abraham \u2018Bombi\u2019 Cordero durante el tercer round del combate, todo en [&hellip;]<\/p>\n","protected":false},"author":85,"featured_media":118813,"comment_status":"open","ping_status":"open","sticky":false,"template":"","format":"standard","meta":{"tdm_status":"","tdm_grid_status":"","footnotes":""},"categories":[40],"tags":[],"class_list":{"0":"post-118812","1":"post","2":"type-post","3":"status-publish","4":"format-standard","5":"has-post-thumbnail","7":"category-las-asombrosas"},"yoast_head":"<!-- This site is optimized with the Yoast SEO plugin v27.5 - https:\/\/yoast.com\/product\/yoast-seo-wordpress\/ -->\n<title>\u00a1Se volvi\u00f3 loco! Boxeador le tira una patada a su rival en pleno combate - Fuentes Fidedignas<\/title>\n<meta name=\"robots\" content=\"index, follow, max-snippet:-1, max-image-preview:large, max-video-preview:-1\" \/>\n<link rel=\"canonical\" href=\"https:\/\/fuentesfidedignas.com.mx\/index.php\/2025\/10\/06\/se-volvio-loco-boxeador-le-tira-una-patada-a-su-rival-en-pleno-combate\/\" \/>\n<meta property=\"og:locale\" content=\"es_MX\" \/>\n<meta property=\"og:type\" content=\"article\" \/>\n<meta property=\"og:title\" content=\"\u00a1Se volvi\u00f3 loco! Boxeador le tira una patada a su rival en pleno combate - Fuentes Fidedignas\" \/>\n<meta property=\"og:description\" content=\"La esquina del \u2018Bombi\u2019 Cordero de inmediato subi\u00f3 al ring para auxiliarlo; el infractor podr\u00eda hacerse acreedor a una fuerte sanci\u00f3n. Algo inusual se suscito en el Auditorio Municipal de Tijuana cuando el boxeador \u00c1ngel \u2018Tashiro\u2019 Fierro fue descalificado por darle una patada a Abraham \u2018Bombi\u2019 Cordero durante el tercer round del combate, todo en [&hellip;]\" \/>\n<meta property=\"og:url\" content=\"https:\/\/fuentesfidedignas.com.mx\/index.php\/2025\/10\/06\/se-volvio-loco-boxeador-le-tira-una-patada-a-su-rival-en-pleno-combate\/\" \/>\n<meta property=\"og:site_name\" content=\"Fuentes Fidedignas\" \/>\n<meta property=\"article:publisher\" content=\"https:\/\/www.facebook.com\/Fuentes-Fidedignas-368234489921644\" \/>\n<meta property=\"article:published_time\" content=\"2025-10-06T11:11:00+00:00\" \/>\n<meta property=\"og:image\" content=\"https:\/\/fuentesfidedignas.com.mx\/wp-content\/uploads\/2025\/10\/boxeador.jpg\" \/>\n\t<meta property=\"og:image:width\" content=\"500\" \/>\n\t<meta property=\"og:image:height\" content=\"281\" \/>\n\t<meta property=\"og:image:type\" content=\"image\/jpeg\" \/>\n<meta name=\"author\" content=\"Latinus\" \/>\n<meta name=\"twitter:card\" content=\"summary_large_image\" \/>\n<meta name=\"twitter:creator\" content=\"@fidedignas\" \/>\n<meta name=\"twitter:site\" content=\"@fidedignas\" \/>\n<meta name=\"twitter:label1\" content=\"Escrito por\" \/>\n\t<meta name=\"twitter:data1\" content=\"Latinus\" \/>\n\t<meta name=\"twitter:label2\" content=\"Tiempo de lectura\" \/>\n\t<meta name=\"twitter:data2\" content=\"2 minutos\" \/>\n<script type=\"application\/ld+json\" class=\"yoast-schema-graph\">{\"@context\":\"https:\\\/\\\/schema.org\",\"@graph\":[{\"@type\":\"Article\",\"@id\":\"https:\\\/\\\/fuentesfidedignas.com.mx\\\/index.php\\\/2025\\\/10\\\/06\\\/se-volvio-loco-boxeador-le-tira-una-patada-a-su-rival-en-pleno-combate\\\/#article\",\"isPartOf\":{\"@id\":\"https:\\\/\\\/fuentesfidedignas.com.mx\\\/index.php\\\/2025\\\/10\\\/06\\\/se-volvio-loco-boxeador-le-tira-una-patada-a-su-rival-en-pleno-combate\\\/\"},\"author\":{\"name\":\"Latinus\",\"@id\":\"https:\\\/\\\/fuentesfidedignas.com.mx\\\/#\\\/schema\\\/person\\\/2bf81f85e8b5d89dbb825a184aa39dde\"},\"headline\":\"\u00a1Se volvi\u00f3 loco! Boxeador le tira una patada a su rival en pleno combate\",\"datePublished\":\"2025-10-06T11:11:00+00:00\",\"mainEntityOfPage\":{\"@id\":\"https:\\\/\\\/fuentesfidedignas.com.mx\\\/index.php\\\/2025\\\/10\\\/06\\\/se-volvio-loco-boxeador-le-tira-una-patada-a-su-rival-en-pleno-combate\\\/\"},\"wordCount\":262,\"commentCount\":0,\"publisher\":{\"@id\":\"https:\\\/\\\/fuentesfidedignas.com.mx\\\/#organization\"},\"image\":{\"@id\":\"https:\\\/\\\/fuentesfidedignas.com.mx\\\/index.php\\\/2025\\\/10\\\/06\\\/se-volvio-loco-boxeador-le-tira-una-patada-a-su-rival-en-pleno-combate\\\/#primaryimage\"},\"thumbnailUrl\":\"https:\\\/\\\/fuentesfidedignas.com.mx\\\/wp-content\\\/uploads\\\/2025\\\/10\\\/boxeador.jpg\",\"articleSection\":[\"LAS ASOMBROSAS\"],\"inLanguage\":\"es\",\"potentialAction\":[{\"@type\":\"CommentAction\",\"name\":\"Comment\",\"target\":[\"https:\\\/\\\/fuentesfidedignas.com.mx\\\/index.php\\\/2025\\\/10\\\/06\\\/se-volvio-loco-boxeador-le-tira-una-patada-a-su-rival-en-pleno-combate\\\/#respond\"]}]},{\"@type\":\"WebPage\",\"@id\":\"https:\\\/\\\/fuentesfidedignas.com.mx\\\/index.php\\\/2025\\\/10\\\/06\\\/se-volvio-loco-boxeador-le-tira-una-patada-a-su-rival-en-pleno-combate\\\/\",\"url\":\"https:\\\/\\\/fuentesfidedignas.com.mx\\\/index.php\\\/2025\\\/10\\\/06\\\/se-volvio-loco-boxeador-le-tira-una-patada-a-su-rival-en-pleno-combate\\\/\",\"name\":\"\u00a1Se volvi\u00f3 loco! Boxeador le tira una patada a su rival en pleno combate - Fuentes Fidedignas\",\"isPartOf\":{\"@id\":\"https:\\\/\\\/fuentesfidedignas.com.mx\\\/#website\"},\"primaryImageOfPage\":{\"@id\":\"https:\\\/\\\/fuentesfidedignas.com.mx\\\/index.php\\\/2025\\\/10\\\/06\\\/se-volvio-loco-boxeador-le-tira-una-patada-a-su-rival-en-pleno-combate\\\/#primaryimage\"},\"image\":{\"@id\":\"https:\\\/\\\/fuentesfidedignas.com.mx\\\/index.php\\\/2025\\\/10\\\/06\\\/se-volvio-loco-boxeador-le-tira-una-patada-a-su-rival-en-pleno-combate\\\/#primaryimage\"},\"thumbnailUrl\":\"https:\\\/\\\/fuentesfidedignas.com.mx\\\/wp-content\\\/uploads\\\/2025\\\/10\\\/boxeador.jpg\",\"datePublished\":\"2025-10-06T11:11:00+00:00\",\"breadcrumb\":{\"@id\":\"https:\\\/\\\/fuentesfidedignas.com.mx\\\/index.php\\\/2025\\\/10\\\/06\\\/se-volvio-loco-boxeador-le-tira-una-patada-a-su-rival-en-pleno-combate\\\/#breadcrumb\"},\"inLanguage\":\"es\",\"potentialAction\":[{\"@type\":\"ReadAction\",\"target\":[\"https:\\\/\\\/fuentesfidedignas.com.mx\\\/index.php\\\/2025\\\/10\\\/06\\\/se-volvio-loco-boxeador-le-tira-una-patada-a-su-rival-en-pleno-combate\\\/\"]}]},{\"@type\":\"ImageObject\",\"inLanguage\":\"es\",\"@id\":\"https:\\\/\\\/fuentesfidedignas.com.mx\\\/index.php\\\/2025\\\/10\\\/06\\\/se-volvio-loco-boxeador-le-tira-una-patada-a-su-rival-en-pleno-combate\\\/#primaryimage\",\"url\":\"https:\\\/\\\/fuentesfidedignas.com.mx\\\/wp-content\\\/uploads\\\/2025\\\/10\\\/boxeador.jpg\",\"contentUrl\":\"https:\\\/\\\/fuentesfidedignas.com.mx\\\/wp-content\\\/uploads\\\/2025\\\/10\\\/boxeador.jpg\",\"width\":500,\"height\":281},{\"@type\":\"BreadcrumbList\",\"@id\":\"https:\\\/\\\/fuentesfidedignas.com.mx\\\/index.php\\\/2025\\\/10\\\/06\\\/se-volvio-loco-boxeador-le-tira-una-patada-a-su-rival-en-pleno-combate\\\/#breadcrumb\",\"itemListElement\":[{\"@type\":\"ListItem\",\"position\":1,\"name\":\"Inicio\",\"item\":\"https:\\\/\\\/fuentesfidedignas.com.mx\\\/\"},{\"@type\":\"ListItem\",\"position\":2,\"name\":\"\u00a1Se volvi\u00f3 loco! Boxeador le tira una patada a su rival en pleno combate\"}]},{\"@type\":\"WebSite\",\"@id\":\"https:\\\/\\\/fuentesfidedignas.com.mx\\\/#website\",\"url\":\"https:\\\/\\\/fuentesfidedignas.com.mx\\\/\",\"name\":\"Fuentes Fidedignas\",\"description\":\"Otro sitio realizado con WordPress\",\"publisher\":{\"@id\":\"https:\\\/\\\/fuentesfidedignas.com.mx\\\/#organization\"},\"potentialAction\":[{\"@type\":\"SearchAction\",\"target\":{\"@type\":\"EntryPoint\",\"urlTemplate\":\"https:\\\/\\\/fuentesfidedignas.com.mx\\\/?s={search_term_string}\"},\"query-input\":{\"@type\":\"PropertyValueSpecification\",\"valueRequired\":true,\"valueName\":\"search_term_string\"}}],\"inLanguage\":\"es\"},{\"@type\":\"Organization\",\"@id\":\"https:\\\/\\\/fuentesfidedignas.com.mx\\\/#organization\",\"name\":\"Fuentes Fidedignas\",\"url\":\"https:\\\/\\\/fuentesfidedignas.com.mx\\\/\",\"logo\":{\"@type\":\"ImageObject\",\"inLanguage\":\"es\",\"@id\":\"https:\\\/\\\/fuentesfidedignas.com.mx\\\/#\\\/schema\\\/logo\\\/image\\\/\",\"url\":\"https:\\\/\\\/fuentesfidedignas.com.mx\\\/wp-content\\\/uploads\\\/2021\\\/04\\\/logo-retina.png\",\"contentUrl\":\"https:\\\/\\\/fuentesfidedignas.com.mx\\\/wp-content\\\/uploads\\\/2021\\\/04\\\/logo-retina.png\",\"width\":280,\"height\":51,\"caption\":\"Fuentes Fidedignas\"},\"image\":{\"@id\":\"https:\\\/\\\/fuentesfidedignas.com.mx\\\/#\\\/schema\\\/logo\\\/image\\\/\"},\"sameAs\":[\"https:\\\/\\\/www.facebook.com\\\/Fuentes-Fidedignas-368234489921644\",\"https:\\\/\\\/x.com\\\/fidedignas\"]},{\"@type\":\"Person\",\"@id\":\"https:\\\/\\\/fuentesfidedignas.com.mx\\\/#\\\/schema\\\/person\\\/2bf81f85e8b5d89dbb825a184aa39dde\",\"name\":\"Latinus\",\"image\":{\"@type\":\"ImageObject\",\"inLanguage\":\"es\",\"@id\":\"https:\\\/\\\/secure.gravatar.com\\\/avatar\\\/333f6d932ce645348bb256f0b554d58398c56212134ea658df4ac492d6eba412?s=96&d=mm&r=g\",\"url\":\"https:\\\/\\\/secure.gravatar.com\\\/avatar\\\/333f6d932ce645348bb256f0b554d58398c56212134ea658df4ac492d6eba412?s=96&d=mm&r=g\",\"contentUrl\":\"https:\\\/\\\/secure.gravatar.com\\\/avatar\\\/333f6d932ce645348bb256f0b554d58398c56212134ea658df4ac492d6eba412?s=96&d=mm&r=g\",\"caption\":\"Latinus\"},\"url\":\"https:\\\/\\\/fuentesfidedignas.com.mx\\\/index.php\\\/author\\\/latinus\\\/\"}]}<\/script>\n<!-- \/ Yoast SEO plugin. -->","yoast_head_json":{"title":"\u00a1Se volvi\u00f3 loco! Boxeador le tira una patada a su rival en pleno combate - Fuentes Fidedignas","robots":{"index":"index","follow":"follow","max-snippet":"max-snippet:-1","max-image-preview":"max-image-preview:large","max-video-preview":"max-video-preview:-1"},"canonical":"https:\/\/fuentesfidedignas.com.mx\/index.php\/2025\/10\/06\/se-volvio-loco-boxeador-le-tira-una-patada-a-su-rival-en-pleno-combate\/","og_locale":"es_MX","og_type":"article","og_title":"\u00a1Se volvi\u00f3 loco! Boxeador le tira una patada a su rival en pleno combate - Fuentes Fidedignas","og_description":"La esquina del \u2018Bombi\u2019 Cordero de inmediato subi\u00f3 al ring para auxiliarlo; el infractor podr\u00eda hacerse acreedor a una fuerte sanci\u00f3n. Algo inusual se suscito en el Auditorio Municipal de Tijuana cuando el boxeador \u00c1ngel \u2018Tashiro\u2019 Fierro fue descalificado por darle una patada a Abraham \u2018Bombi\u2019 Cordero durante el tercer round del combate, todo en [&hellip;]","og_url":"https:\/\/fuentesfidedignas.com.mx\/index.php\/2025\/10\/06\/se-volvio-loco-boxeador-le-tira-una-patada-a-su-rival-en-pleno-combate\/","og_site_name":"Fuentes Fidedignas","article_publisher":"https:\/\/www.facebook.com\/Fuentes-Fidedignas-368234489921644","article_published_time":"2025-10-06T11:11:00+00:00","og_image":[{"width":500,"height":281,"url":"https:\/\/fuentesfidedignas.com.mx\/wp-content\/uploads\/2025\/10\/boxeador.jpg","type":"image\/jpeg"}],"author":"Latinus","twitter_card":"summary_large_image","twitter_creator":"@fidedignas","twitter_site":"@fidedignas","twitter_misc":{"Escrito por":"Latinus","Tiempo de lectura":"2 minutos"},"schema":{"@context":"https:\/\/schema.org","@graph":[{"@type":"Article","@id":"https:\/\/fuentesfidedignas.com.mx\/index.php\/2025\/10\/06\/se-volvio-loco-boxeador-le-tira-una-patada-a-su-rival-en-pleno-combate\/#article","isPartOf":{"@id":"https:\/\/fuentesfidedignas.com.mx\/index.php\/2025\/10\/06\/se-volvio-loco-boxeador-le-tira-una-patada-a-su-rival-en-pleno-combate\/"},"author":{"name":"Latinus","@id":"https:\/\/fuentesfidedignas.com.mx\/#\/schema\/person\/2bf81f85e8b5d89dbb825a184aa39dde"},"headline":"\u00a1Se volvi\u00f3 loco! Boxeador le tira una patada a su rival en pleno combate","datePublished":"2025-10-06T11:11:00+00:00","mainEntityOfPage":{"@id":"https:\/\/fuentesfidedignas.com.mx\/index.php\/2025\/10\/06\/se-volvio-loco-boxeador-le-tira-una-patada-a-su-rival-en-pleno-combate\/"},"wordCount":262,"commentCount":0,"publisher":{"@id":"https:\/\/fuentesfidedignas.com.mx\/#organization"},"image":{"@id":"https:\/\/fuentesfidedignas.com.mx\/index.php\/2025\/10\/06\/se-volvio-loco-boxeador-le-tira-una-patada-a-su-rival-en-pleno-combate\/#primaryimage"},"thumbnailUrl":"https:\/\/fuentesfidedignas.com.mx\/wp-content\/uploads\/2025\/10\/boxeador.jpg","articleSection":["LAS ASOMBROSAS"],"inLanguage":"es","potentialAction":[{"@type":"CommentAction","name":"Comment","target":["https:\/\/fuentesfidedignas.com.mx\/index.php\/2025\/10\/06\/se-volvio-loco-boxeador-le-tira-una-patada-a-su-rival-en-pleno-combate\/#respond"]}]},{"@type":"WebPage","@id":"https:\/\/fuentesfidedignas.com.mx\/index.php\/2025\/10\/06\/se-volvio-loco-boxeador-le-tira-una-patada-a-su-rival-en-pleno-combate\/","url":"https:\/\/fuentesfidedignas.com.mx\/index.php\/2025\/10\/06\/se-volvio-loco-boxeador-le-tira-una-patada-a-su-rival-en-pleno-combate\/","name":"\u00a1Se volvi\u00f3 loco! Boxeador le tira una patada a su rival en pleno combate - Fuentes Fidedignas","isPartOf":{"@id":"https:\/\/fuentesfidedignas.com.mx\/#website"},"primaryImageOfPage":{"@id":"https:\/\/fuentesfidedignas.com.mx\/index.php\/2025\/10\/06\/se-volvio-loco-boxeador-le-tira-una-patada-a-su-rival-en-pleno-combate\/#primaryimage"},"image":{"@id":"https:\/\/fuentesfidedignas.com.mx\/index.php\/2025\/10\/06\/se-volvio-loco-boxeador-le-tira-una-patada-a-su-rival-en-pleno-combate\/#primaryimage"},"thumbnailUrl":"https:\/\/fuentesfidedignas.com.mx\/wp-content\/uploads\/2025\/10\/boxeador.jpg","datePublished":"2025-10-06T11:11:00+00:00","breadcrumb":{"@id":"https:\/\/fuentesfidedignas.com.mx\/index.php\/2025\/10\/06\/se-volvio-loco-boxeador-le-tira-una-patada-a-su-rival-en-pleno-combate\/#breadcrumb"},"inLanguage":"es","potentialAction":[{"@type":"ReadAction","target":["https:\/\/fuentesfidedignas.com.mx\/index.php\/2025\/10\/06\/se-volvio-loco-boxeador-le-tira-una-patada-a-su-rival-en-pleno-combate\/"]}]},{"@type":"ImageObject","inLanguage":"es","@id":"https:\/\/fuentesfidedignas.com.mx\/index.php\/2025\/10\/06\/se-volvio-loco-boxeador-le-tira-una-patada-a-su-rival-en-pleno-combate\/#primaryimage","url":"https:\/\/fuentesfidedignas.com.mx\/wp-content\/uploads\/2025\/10\/boxeador.jpg","contentUrl":"https:\/\/fuentesfidedignas.com.mx\/wp-content\/uploads\/2025\/10\/boxeador.jpg","width":500,"height":281},{"@type":"BreadcrumbList","@id":"https:\/\/fuentesfidedignas.com.mx\/index.php\/2025\/10\/06\/se-volvio-loco-boxeador-le-tira-una-patada-a-su-rival-en-pleno-combate\/#breadcrumb","itemListElement":[{"@type":"ListItem","position":1,"name":"Inicio","item":"https:\/\/fuentesfidedignas.com.mx\/"},{"@type":"ListItem","position":2,"name":"\u00a1Se volvi\u00f3 loco! Boxeador le tira una patada a su rival en pleno combate"}]},{"@type":"WebSite","@id":"https:\/\/fuentesfidedignas.com.mx\/#website","url":"https:\/\/fuentesfidedignas.com.mx\/","name":"Fuentes Fidedignas","description":"Otro sitio realizado con WordPress","publisher":{"@id":"https:\/\/fuentesfidedignas.com.mx\/#organization"},"potentialAction":[{"@type":"SearchAction","target":{"@type":"EntryPoint","urlTemplate":"https:\/\/fuentesfidedignas.com.mx\/?s={search_term_string}"},"query-input":{"@type":"PropertyValueSpecification","valueRequired":true,"valueName":"search_term_string"}}],"inLanguage":"es"},{"@type":"Organization","@id":"https:\/\/fuentesfidedignas.com.mx\/#organization","name":"Fuentes Fidedignas","url":"https:\/\/fuentesfidedignas.com.mx\/","logo":{"@type":"ImageObject","inLanguage":"es","@id":"https:\/\/fuentesfidedignas.com.mx\/#\/schema\/logo\/image\/","url":"https:\/\/fuentesfidedignas.com.mx\/wp-content\/uploads\/2021\/04\/logo-retina.png","contentUrl":"https:\/\/fuentesfidedignas.com.mx\/wp-content\/uploads\/2021\/04\/logo-retina.png","width":280,"height":51,"caption":"Fuentes Fidedignas"},"image":{"@id":"https:\/\/fuentesfidedignas.com.mx\/#\/schema\/logo\/image\/"},"sameAs":["https:\/\/www.facebook.com\/Fuentes-Fidedignas-368234489921644","https:\/\/x.com\/fidedignas"]},{"@type":"Person","@id":"https:\/\/fuentesfidedignas.com.mx\/#\/schema\/person\/2bf81f85e8b5d89dbb825a184aa39dde","name":"Latinus","image":{"@type":"ImageObject","inLanguage":"es","@id":"https:\/\/secure.gravatar.com\/avatar\/333f6d932ce645348bb256f0b554d58398c56212134ea658df4ac492d6eba412?s=96&d=mm&r=g","url":"https:\/\/secure.gravatar.com\/avatar\/333f6d932ce645348bb256f0b554d58398c56212134ea658df4ac492d6eba412?s=96&d=mm&r=g","contentUrl":"https:\/\/secure.gravatar.com\/avatar\/333f6d932ce645348bb256f0b554d58398c56212134ea658df4ac492d6eba412?s=96&d=mm&r=g","caption":"Latinus"},"url":"https:\/\/fuentesfidedignas.com.mx\/index.php\/author\/latinus\/"}]}},"_links":{"self":[{"href":"https:\/\/fuentesfidedignas.com.mx\/index.php\/wp-json\/wp\/v2\/posts\/118812","targetHints":{"allow":["GET"]}}],"collection":[{"href":"https:\/\/fuentesfidedignas.com.mx\/index.php\/wp-json\/wp\/v2\/posts"}],"about":[{"href":"https:\/\/fuentesfidedignas.com.mx\/index.php\/wp-json\/wp\/v2\/types\/post"}],"author":[{"embeddable":true,"href":"https:\/\/fuentesfidedignas.com.mx\/index.php\/wp-json\/wp\/v2\/users\/85"}],"replies":[{"embeddable":true,"href":"https:\/\/fuentesfidedignas.com.mx\/index.php\/wp-json\/wp\/v2\/comments?post=118812"}],"version-history":[{"count":1,"href":"https:\/\/fuentesfidedignas.com.mx\/index.php\/wp-json\/wp\/v2\/posts\/118812\/revisions"}],"predecessor-version":[{"id":118814,"href":"https:\/\/fuentesfidedignas.com.mx\/index.php\/wp-json\/wp\/v2\/posts\/118812\/revisions\/118814"}],"wp:featuredmedia":[{"embeddable":true,"href":"https:\/\/fuentesfidedignas.com.mx\/index.php\/wp-json\/wp\/v2\/media\/118813"}],"wp:attachment":[{"href":"https:\/\/fuentesfidedignas.com.mx\/index.php\/wp-json\/wp\/v2\/media?parent=118812"}],"wp:term":[{"taxonomy":"category","embeddable":true,"href":"https:\/\/fuentesfidedignas.com.mx\/index.php\/wp-json\/wp\/v2\/categories?post=118812"},{"taxonomy":"post_tag","embeddable":true,"href":"https:\/\/fuentesfidedignas.com.mx\/index.php\/wp-json\/wp\/v2\/tags?post=118812"}],"curies":[{"name":"wp","href":"https:\/\/api.w.org\/{rel}","templated":true}]}}