{"id":118788,"date":"2025-10-05T10:29:33","date_gmt":"2025-10-05T17:29:33","guid":{"rendered":"https:\/\/fuentesfidedignas.com.mx\/?p=118788"},"modified":"2025-10-05T10:29:39","modified_gmt":"2025-10-05T17:29:39","slug":"profeco-llama-a-revision-en-mil-375-vehiculos-honda-y-acura-por-que-razon","status":"publish","type":"post","link":"https:\/\/fuentesfidedignas.com.mx\/index.php\/2025\/10\/05\/profeco-llama-a-revision-en-mil-375-vehiculos-honda-y-acura-por-que-razon\/","title":{"rendered":"Profeco llama a revisi\u00f3n en mil 375 veh\u00edculos Honda y Acura, \u00bfpor qu\u00e9 raz\u00f3n?"},"content":{"rendered":"\n<p><strong><em>Profeco llam\u00f3 a revisi\u00f3n este s\u00e1bado 4 de octubre a mil 375 veh\u00edculos de cinco modelos de las marcas Honda y Acura<\/em><\/strong><\/p>\n\n\n\n<p>La Procuradur\u00eda Federal del Consumidor (Profeco) llam\u00f3 a revisi\u00f3n a mil 375 veh\u00edculos de cinco modelos de las marcas Honda y Acura.<\/p>\n\n\n\n<blockquote class=\"twitter-tweet\"><p lang=\"es\" dir=\"ltr\"><a href=\"https:\/\/twitter.com\/hashtag\/Bolet%C3%ADnDePrensa?src=hash&amp;ref_src=twsrc%5Etfw\">#Bolet\u00ednDePrensa<\/a> Profeco alerta por fallo en mil 375 veh\u00edculos Honda y Acura.<br><br>La Procuradur\u00eda Federal del Consumidor (Profeco) informa sobre una alerta que aplica para mil 375 veh\u00edculos de cinco modelos de las marcas <a href=\"https:\/\/twitter.com\/hashtag\/Honda?src=hash&amp;ref_src=twsrc%5Etfw\">#Honda<\/a> y <a href=\"https:\/\/twitter.com\/hashtag\/Acura?src=hash&amp;ref_src=twsrc%5Etfw\">#Acura<\/a>, correspondientes a los a\u00f1os 2020, 2021 y\u2026 <a href=\"https:\/\/t.co\/IgMPTcJLni\">pic.twitter.com\/IgMPTcJLni<\/a><\/p>&mdash; Profeco (@Profeco) <a href=\"https:\/\/twitter.com\/Profeco\/status\/1974512077839466640?ref_src=twsrc%5Etfw\">October 4, 2025<\/a><\/blockquote> <script async src=\"https:\/\/platform.twitter.com\/widgets.js\" charset=\"utf-8\"><\/script>\n\n\n\n<p>Profeco precis\u00f3, en un comunicado emitido este s\u00e1bado 4 de octubre de 2025, que el llamado es para veh\u00edculos de los modelos: Honda Pilot a\u00f1o 2021, Honda Odyssey a\u00f1o 2021, Acura RDX a\u00f1o 2021, Acura MDX a\u00f1o 2020-2022 y Acura TLX a\u00f1o 2021.<\/p>\n\n\n\n<p>El llamado del organismo obedece a una \u201cfalla en el circuito interno del sensor de peso del asiento del pasajero que deriva en el encendido de la luz de advertencia del sistema de bolsa de aire, indicando incorrectamente que el sistema est\u00e1 activado, lo que genera confusi\u00f3n y mal funcionamiento\u201d.<\/p>\n\n\n\n<p>Profeco a\u00f1adi\u00f3 que, para atender el desperfecto, la empresa inspeccionar\u00e1 y en caso necesario corregir\u00e1 el sensor.<\/p>\n\n\n\n<p>El comunicado apunt\u00f3 que Honda de M\u00e9xico indic\u00f3 que dar\u00e1 aviso a los propietarios mediante correo electr\u00f3nico o de manera telef\u00f3nica para que acudan al distribuidor autorizado de autom\u00f3viles Honda o Acura a programar una cita.<\/p>\n\n\n\n<p>La firma expuso que hasta el 30 de julio pasado no hab\u00eda recibido reporte o informaci\u00f3n de da\u00f1os derivados del llamado a revisi\u00f3n, mientras que la Profeco avis\u00f3 que estar\u00e1 atenta a la campa\u00f1a, que comenz\u00f3 el pasado 24 de julio con vigencia indeterminada.<\/p>\n","protected":false},"excerpt":{"rendered":"<p>Profeco llam\u00f3 a revisi\u00f3n este s\u00e1bado 4 de octubre a mil 375 veh\u00edculos de cinco modelos de las marcas Honda y Acura La Procuradur\u00eda Federal del Consumidor (Profeco) llam\u00f3 a revisi\u00f3n a mil 375 veh\u00edculos de cinco modelos de las marcas Honda y Acura. #Bolet\u00ednDePrensa Profeco alerta por fallo en mil 375 veh\u00edculos Honda y [&hellip;]<\/p>\n","protected":false},"author":22,"featured_media":118789,"comment_status":"open","ping_status":"open","sticky":false,"template":"","format":"standard","meta":{"tdm_status":"","tdm_grid_status":"","footnotes":""},"categories":[39],"tags":[],"class_list":{"0":"post-118788","1":"post","2":"type-post","3":"status-publish","4":"format-standard","5":"has-post-thumbnail","7":"category-noticias-nacionales"},"yoast_head":"<!-- This site is optimized with the Yoast SEO plugin v27.5 - https:\/\/yoast.com\/product\/yoast-seo-wordpress\/ -->\n<title>Profeco llama a revisi\u00f3n en mil 375 veh\u00edculos Honda y Acura, \u00bfpor qu\u00e9 raz\u00f3n? - Fuentes Fidedignas<\/title>\n<meta name=\"robots\" content=\"index, follow, max-snippet:-1, max-image-preview:large, max-video-preview:-1\" \/>\n<link rel=\"canonical\" href=\"https:\/\/fuentesfidedignas.com.mx\/index.php\/2025\/10\/05\/profeco-llama-a-revision-en-mil-375-vehiculos-honda-y-acura-por-que-razon\/\" \/>\n<meta property=\"og:locale\" content=\"es_MX\" \/>\n<meta property=\"og:type\" content=\"article\" \/>\n<meta property=\"og:title\" content=\"Profeco llama a revisi\u00f3n en mil 375 veh\u00edculos Honda y Acura, \u00bfpor qu\u00e9 raz\u00f3n? - Fuentes Fidedignas\" \/>\n<meta property=\"og:description\" content=\"Profeco llam\u00f3 a revisi\u00f3n este s\u00e1bado 4 de octubre a mil 375 veh\u00edculos de cinco modelos de las marcas Honda y Acura La Procuradur\u00eda Federal del Consumidor (Profeco) llam\u00f3 a revisi\u00f3n a mil 375 veh\u00edculos de cinco modelos de las marcas Honda y Acura. #Bolet\u00ednDePrensa Profeco alerta por fallo en mil 375 veh\u00edculos Honda y [&hellip;]\" \/>\n<meta property=\"og:url\" content=\"https:\/\/fuentesfidedignas.com.mx\/index.php\/2025\/10\/05\/profeco-llama-a-revision-en-mil-375-vehiculos-honda-y-acura-por-que-razon\/\" \/>\n<meta property=\"og:site_name\" content=\"Fuentes Fidedignas\" \/>\n<meta property=\"article:publisher\" content=\"https:\/\/www.facebook.com\/Fuentes-Fidedignas-368234489921644\" \/>\n<meta property=\"article:published_time\" content=\"2025-10-05T17:29:33+00:00\" \/>\n<meta property=\"article:modified_time\" content=\"2025-10-05T17:29:39+00:00\" \/>\n<meta property=\"og:image\" content=\"https:\/\/fuentesfidedignas.com.mx\/wp-content\/uploads\/2025\/10\/honda-1024x576-1.jpg\" \/>\n\t<meta property=\"og:image:width\" content=\"500\" \/>\n\t<meta property=\"og:image:height\" content=\"281\" \/>\n\t<meta property=\"og:image:type\" content=\"image\/jpeg\" \/>\n<meta name=\"author\" content=\"EFE\" \/>\n<meta name=\"twitter:card\" content=\"summary_large_image\" \/>\n<meta name=\"twitter:creator\" content=\"@fidedignas\" \/>\n<meta name=\"twitter:site\" content=\"@fidedignas\" \/>\n<meta name=\"twitter:label1\" content=\"Escrito por\" \/>\n\t<meta name=\"twitter:data1\" content=\"EFE\" \/>\n\t<meta name=\"twitter:label2\" content=\"Tiempo de lectura\" \/>\n\t<meta name=\"twitter:data2\" content=\"2 minutos\" \/>\n<script type=\"application\/ld+json\" class=\"yoast-schema-graph\">{\"@context\":\"https:\\\/\\\/schema.org\",\"@graph\":[{\"@type\":\"Article\",\"@id\":\"https:\\\/\\\/fuentesfidedignas.com.mx\\\/index.php\\\/2025\\\/10\\\/05\\\/profeco-llama-a-revision-en-mil-375-vehiculos-honda-y-acura-por-que-razon\\\/#article\",\"isPartOf\":{\"@id\":\"https:\\\/\\\/fuentesfidedignas.com.mx\\\/index.php\\\/2025\\\/10\\\/05\\\/profeco-llama-a-revision-en-mil-375-vehiculos-honda-y-acura-por-que-razon\\\/\"},\"author\":{\"name\":\"EFE\",\"@id\":\"https:\\\/\\\/fuentesfidedignas.com.mx\\\/#\\\/schema\\\/person\\\/0d44615087b5a626d5d3f13afe31ac41\"},\"headline\":\"Profeco llama a revisi\u00f3n en mil 375 veh\u00edculos Honda y Acura, \u00bfpor qu\u00e9 raz\u00f3n?\",\"datePublished\":\"2025-10-05T17:29:33+00:00\",\"dateModified\":\"2025-10-05T17:29:39+00:00\",\"mainEntityOfPage\":{\"@id\":\"https:\\\/\\\/fuentesfidedignas.com.mx\\\/index.php\\\/2025\\\/10\\\/05\\\/profeco-llama-a-revision-en-mil-375-vehiculos-honda-y-acura-por-que-razon\\\/\"},\"wordCount\":316,\"commentCount\":0,\"publisher\":{\"@id\":\"https:\\\/\\\/fuentesfidedignas.com.mx\\\/#organization\"},\"image\":{\"@id\":\"https:\\\/\\\/fuentesfidedignas.com.mx\\\/index.php\\\/2025\\\/10\\\/05\\\/profeco-llama-a-revision-en-mil-375-vehiculos-honda-y-acura-por-que-razon\\\/#primaryimage\"},\"thumbnailUrl\":\"https:\\\/\\\/fuentesfidedignas.com.mx\\\/wp-content\\\/uploads\\\/2025\\\/10\\\/honda-1024x576-1.jpg\",\"articleSection\":[\"NOTICIAS NACIONALES\"],\"inLanguage\":\"es\",\"potentialAction\":[{\"@type\":\"CommentAction\",\"name\":\"Comment\",\"target\":[\"https:\\\/\\\/fuentesfidedignas.com.mx\\\/index.php\\\/2025\\\/10\\\/05\\\/profeco-llama-a-revision-en-mil-375-vehiculos-honda-y-acura-por-que-razon\\\/#respond\"]}]},{\"@type\":\"WebPage\",\"@id\":\"https:\\\/\\\/fuentesfidedignas.com.mx\\\/index.php\\\/2025\\\/10\\\/05\\\/profeco-llama-a-revision-en-mil-375-vehiculos-honda-y-acura-por-que-razon\\\/\",\"url\":\"https:\\\/\\\/fuentesfidedignas.com.mx\\\/index.php\\\/2025\\\/10\\\/05\\\/profeco-llama-a-revision-en-mil-375-vehiculos-honda-y-acura-por-que-razon\\\/\",\"name\":\"Profeco llama a revisi\u00f3n en mil 375 veh\u00edculos Honda y Acura, \u00bfpor qu\u00e9 raz\u00f3n? - Fuentes Fidedignas\",\"isPartOf\":{\"@id\":\"https:\\\/\\\/fuentesfidedignas.com.mx\\\/#website\"},\"primaryImageOfPage\":{\"@id\":\"https:\\\/\\\/fuentesfidedignas.com.mx\\\/index.php\\\/2025\\\/10\\\/05\\\/profeco-llama-a-revision-en-mil-375-vehiculos-honda-y-acura-por-que-razon\\\/#primaryimage\"},\"image\":{\"@id\":\"https:\\\/\\\/fuentesfidedignas.com.mx\\\/index.php\\\/2025\\\/10\\\/05\\\/profeco-llama-a-revision-en-mil-375-vehiculos-honda-y-acura-por-que-razon\\\/#primaryimage\"},\"thumbnailUrl\":\"https:\\\/\\\/fuentesfidedignas.com.mx\\\/wp-content\\\/uploads\\\/2025\\\/10\\\/honda-1024x576-1.jpg\",\"datePublished\":\"2025-10-05T17:29:33+00:00\",\"dateModified\":\"2025-10-05T17:29:39+00:00\",\"breadcrumb\":{\"@id\":\"https:\\\/\\\/fuentesfidedignas.com.mx\\\/index.php\\\/2025\\\/10\\\/05\\\/profeco-llama-a-revision-en-mil-375-vehiculos-honda-y-acura-por-que-razon\\\/#breadcrumb\"},\"inLanguage\":\"es\",\"potentialAction\":[{\"@type\":\"ReadAction\",\"target\":[\"https:\\\/\\\/fuentesfidedignas.com.mx\\\/index.php\\\/2025\\\/10\\\/05\\\/profeco-llama-a-revision-en-mil-375-vehiculos-honda-y-acura-por-que-razon\\\/\"]}]},{\"@type\":\"ImageObject\",\"inLanguage\":\"es\",\"@id\":\"https:\\\/\\\/fuentesfidedignas.com.mx\\\/index.php\\\/2025\\\/10\\\/05\\\/profeco-llama-a-revision-en-mil-375-vehiculos-honda-y-acura-por-que-razon\\\/#primaryimage\",\"url\":\"https:\\\/\\\/fuentesfidedignas.com.mx\\\/wp-content\\\/uploads\\\/2025\\\/10\\\/honda-1024x576-1.jpg\",\"contentUrl\":\"https:\\\/\\\/fuentesfidedignas.com.mx\\\/wp-content\\\/uploads\\\/2025\\\/10\\\/honda-1024x576-1.jpg\",\"width\":500,\"height\":281},{\"@type\":\"BreadcrumbList\",\"@id\":\"https:\\\/\\\/fuentesfidedignas.com.mx\\\/index.php\\\/2025\\\/10\\\/05\\\/profeco-llama-a-revision-en-mil-375-vehiculos-honda-y-acura-por-que-razon\\\/#breadcrumb\",\"itemListElement\":[{\"@type\":\"ListItem\",\"position\":1,\"name\":\"Inicio\",\"item\":\"https:\\\/\\\/fuentesfidedignas.com.mx\\\/\"},{\"@type\":\"ListItem\",\"position\":2,\"name\":\"Profeco llama a revisi\u00f3n en mil 375 veh\u00edculos Honda y Acura, \u00bfpor qu\u00e9 raz\u00f3n?\"}]},{\"@type\":\"WebSite\",\"@id\":\"https:\\\/\\\/fuentesfidedignas.com.mx\\\/#website\",\"url\":\"https:\\\/\\\/fuentesfidedignas.com.mx\\\/\",\"name\":\"Fuentes Fidedignas\",\"description\":\"Otro sitio realizado con WordPress\",\"publisher\":{\"@id\":\"https:\\\/\\\/fuentesfidedignas.com.mx\\\/#organization\"},\"potentialAction\":[{\"@type\":\"SearchAction\",\"target\":{\"@type\":\"EntryPoint\",\"urlTemplate\":\"https:\\\/\\\/fuentesfidedignas.com.mx\\\/?s={search_term_string}\"},\"query-input\":{\"@type\":\"PropertyValueSpecification\",\"valueRequired\":true,\"valueName\":\"search_term_string\"}}],\"inLanguage\":\"es\"},{\"@type\":\"Organization\",\"@id\":\"https:\\\/\\\/fuentesfidedignas.com.mx\\\/#organization\",\"name\":\"Fuentes Fidedignas\",\"url\":\"https:\\\/\\\/fuentesfidedignas.com.mx\\\/\",\"logo\":{\"@type\":\"ImageObject\",\"inLanguage\":\"es\",\"@id\":\"https:\\\/\\\/fuentesfidedignas.com.mx\\\/#\\\/schema\\\/logo\\\/image\\\/\",\"url\":\"https:\\\/\\\/fuentesfidedignas.com.mx\\\/wp-content\\\/uploads\\\/2021\\\/04\\\/logo-retina.png\",\"contentUrl\":\"https:\\\/\\\/fuentesfidedignas.com.mx\\\/wp-content\\\/uploads\\\/2021\\\/04\\\/logo-retina.png\",\"width\":280,\"height\":51,\"caption\":\"Fuentes Fidedignas\"},\"image\":{\"@id\":\"https:\\\/\\\/fuentesfidedignas.com.mx\\\/#\\\/schema\\\/logo\\\/image\\\/\"},\"sameAs\":[\"https:\\\/\\\/www.facebook.com\\\/Fuentes-Fidedignas-368234489921644\",\"https:\\\/\\\/x.com\\\/fidedignas\"]},{\"@type\":\"Person\",\"@id\":\"https:\\\/\\\/fuentesfidedignas.com.mx\\\/#\\\/schema\\\/person\\\/0d44615087b5a626d5d3f13afe31ac41\",\"name\":\"EFE\",\"image\":{\"@type\":\"ImageObject\",\"inLanguage\":\"es\",\"@id\":\"https:\\\/\\\/secure.gravatar.com\\\/avatar\\\/7048c2d9b569d9bed55bb53ad23821e6e047aa66338fb6ea9868627bbb9f54e8?s=96&d=mm&r=g\",\"url\":\"https:\\\/\\\/secure.gravatar.com\\\/avatar\\\/7048c2d9b569d9bed55bb53ad23821e6e047aa66338fb6ea9868627bbb9f54e8?s=96&d=mm&r=g\",\"contentUrl\":\"https:\\\/\\\/secure.gravatar.com\\\/avatar\\\/7048c2d9b569d9bed55bb53ad23821e6e047aa66338fb6ea9868627bbb9f54e8?s=96&d=mm&r=g\",\"caption\":\"EFE\"},\"url\":\"https:\\\/\\\/fuentesfidedignas.com.mx\\\/index.php\\\/author\\\/efe\\\/\"}]}<\/script>\n<!-- \/ Yoast SEO plugin. -->","yoast_head_json":{"title":"Profeco llama a revisi\u00f3n en mil 375 veh\u00edculos Honda y Acura, \u00bfpor qu\u00e9 raz\u00f3n? - Fuentes Fidedignas","robots":{"index":"index","follow":"follow","max-snippet":"max-snippet:-1","max-image-preview":"max-image-preview:large","max-video-preview":"max-video-preview:-1"},"canonical":"https:\/\/fuentesfidedignas.com.mx\/index.php\/2025\/10\/05\/profeco-llama-a-revision-en-mil-375-vehiculos-honda-y-acura-por-que-razon\/","og_locale":"es_MX","og_type":"article","og_title":"Profeco llama a revisi\u00f3n en mil 375 veh\u00edculos Honda y Acura, \u00bfpor qu\u00e9 raz\u00f3n? - Fuentes Fidedignas","og_description":"Profeco llam\u00f3 a revisi\u00f3n este s\u00e1bado 4 de octubre a mil 375 veh\u00edculos de cinco modelos de las marcas Honda y Acura La Procuradur\u00eda Federal del Consumidor (Profeco) llam\u00f3 a revisi\u00f3n a mil 375 veh\u00edculos de cinco modelos de las marcas Honda y Acura. #Bolet\u00ednDePrensa Profeco alerta por fallo en mil 375 veh\u00edculos Honda y [&hellip;]","og_url":"https:\/\/fuentesfidedignas.com.mx\/index.php\/2025\/10\/05\/profeco-llama-a-revision-en-mil-375-vehiculos-honda-y-acura-por-que-razon\/","og_site_name":"Fuentes Fidedignas","article_publisher":"https:\/\/www.facebook.com\/Fuentes-Fidedignas-368234489921644","article_published_time":"2025-10-05T17:29:33+00:00","article_modified_time":"2025-10-05T17:29:39+00:00","og_image":[{"width":500,"height":281,"url":"https:\/\/fuentesfidedignas.com.mx\/wp-content\/uploads\/2025\/10\/honda-1024x576-1.jpg","type":"image\/jpeg"}],"author":"EFE","twitter_card":"summary_large_image","twitter_creator":"@fidedignas","twitter_site":"@fidedignas","twitter_misc":{"Escrito por":"EFE","Tiempo de lectura":"2 minutos"},"schema":{"@context":"https:\/\/schema.org","@graph":[{"@type":"Article","@id":"https:\/\/fuentesfidedignas.com.mx\/index.php\/2025\/10\/05\/profeco-llama-a-revision-en-mil-375-vehiculos-honda-y-acura-por-que-razon\/#article","isPartOf":{"@id":"https:\/\/fuentesfidedignas.com.mx\/index.php\/2025\/10\/05\/profeco-llama-a-revision-en-mil-375-vehiculos-honda-y-acura-por-que-razon\/"},"author":{"name":"EFE","@id":"https:\/\/fuentesfidedignas.com.mx\/#\/schema\/person\/0d44615087b5a626d5d3f13afe31ac41"},"headline":"Profeco llama a revisi\u00f3n en mil 375 veh\u00edculos Honda y Acura, \u00bfpor qu\u00e9 raz\u00f3n?","datePublished":"2025-10-05T17:29:33+00:00","dateModified":"2025-10-05T17:29:39+00:00","mainEntityOfPage":{"@id":"https:\/\/fuentesfidedignas.com.mx\/index.php\/2025\/10\/05\/profeco-llama-a-revision-en-mil-375-vehiculos-honda-y-acura-por-que-razon\/"},"wordCount":316,"commentCount":0,"publisher":{"@id":"https:\/\/fuentesfidedignas.com.mx\/#organization"},"image":{"@id":"https:\/\/fuentesfidedignas.com.mx\/index.php\/2025\/10\/05\/profeco-llama-a-revision-en-mil-375-vehiculos-honda-y-acura-por-que-razon\/#primaryimage"},"thumbnailUrl":"https:\/\/fuentesfidedignas.com.mx\/wp-content\/uploads\/2025\/10\/honda-1024x576-1.jpg","articleSection":["NOTICIAS NACIONALES"],"inLanguage":"es","potentialAction":[{"@type":"CommentAction","name":"Comment","target":["https:\/\/fuentesfidedignas.com.mx\/index.php\/2025\/10\/05\/profeco-llama-a-revision-en-mil-375-vehiculos-honda-y-acura-por-que-razon\/#respond"]}]},{"@type":"WebPage","@id":"https:\/\/fuentesfidedignas.com.mx\/index.php\/2025\/10\/05\/profeco-llama-a-revision-en-mil-375-vehiculos-honda-y-acura-por-que-razon\/","url":"https:\/\/fuentesfidedignas.com.mx\/index.php\/2025\/10\/05\/profeco-llama-a-revision-en-mil-375-vehiculos-honda-y-acura-por-que-razon\/","name":"Profeco llama a revisi\u00f3n en mil 375 veh\u00edculos Honda y Acura, \u00bfpor qu\u00e9 raz\u00f3n? - Fuentes Fidedignas","isPartOf":{"@id":"https:\/\/fuentesfidedignas.com.mx\/#website"},"primaryImageOfPage":{"@id":"https:\/\/fuentesfidedignas.com.mx\/index.php\/2025\/10\/05\/profeco-llama-a-revision-en-mil-375-vehiculos-honda-y-acura-por-que-razon\/#primaryimage"},"image":{"@id":"https:\/\/fuentesfidedignas.com.mx\/index.php\/2025\/10\/05\/profeco-llama-a-revision-en-mil-375-vehiculos-honda-y-acura-por-que-razon\/#primaryimage"},"thumbnailUrl":"https:\/\/fuentesfidedignas.com.mx\/wp-content\/uploads\/2025\/10\/honda-1024x576-1.jpg","datePublished":"2025-10-05T17:29:33+00:00","dateModified":"2025-10-05T17:29:39+00:00","breadcrumb":{"@id":"https:\/\/fuentesfidedignas.com.mx\/index.php\/2025\/10\/05\/profeco-llama-a-revision-en-mil-375-vehiculos-honda-y-acura-por-que-razon\/#breadcrumb"},"inLanguage":"es","potentialAction":[{"@type":"ReadAction","target":["https:\/\/fuentesfidedignas.com.mx\/index.php\/2025\/10\/05\/profeco-llama-a-revision-en-mil-375-vehiculos-honda-y-acura-por-que-razon\/"]}]},{"@type":"ImageObject","inLanguage":"es","@id":"https:\/\/fuentesfidedignas.com.mx\/index.php\/2025\/10\/05\/profeco-llama-a-revision-en-mil-375-vehiculos-honda-y-acura-por-que-razon\/#primaryimage","url":"https:\/\/fuentesfidedignas.com.mx\/wp-content\/uploads\/2025\/10\/honda-1024x576-1.jpg","contentUrl":"https:\/\/fuentesfidedignas.com.mx\/wp-content\/uploads\/2025\/10\/honda-1024x576-1.jpg","width":500,"height":281},{"@type":"BreadcrumbList","@id":"https:\/\/fuentesfidedignas.com.mx\/index.php\/2025\/10\/05\/profeco-llama-a-revision-en-mil-375-vehiculos-honda-y-acura-por-que-razon\/#breadcrumb","itemListElement":[{"@type":"ListItem","position":1,"name":"Inicio","item":"https:\/\/fuentesfidedignas.com.mx\/"},{"@type":"ListItem","position":2,"name":"Profeco llama a revisi\u00f3n en mil 375 veh\u00edculos Honda y Acura, \u00bfpor qu\u00e9 raz\u00f3n?"}]},{"@type":"WebSite","@id":"https:\/\/fuentesfidedignas.com.mx\/#website","url":"https:\/\/fuentesfidedignas.com.mx\/","name":"Fuentes Fidedignas","description":"Otro sitio realizado con WordPress","publisher":{"@id":"https:\/\/fuentesfidedignas.com.mx\/#organization"},"potentialAction":[{"@type":"SearchAction","target":{"@type":"EntryPoint","urlTemplate":"https:\/\/fuentesfidedignas.com.mx\/?s={search_term_string}"},"query-input":{"@type":"PropertyValueSpecification","valueRequired":true,"valueName":"search_term_string"}}],"inLanguage":"es"},{"@type":"Organization","@id":"https:\/\/fuentesfidedignas.com.mx\/#organization","name":"Fuentes Fidedignas","url":"https:\/\/fuentesfidedignas.com.mx\/","logo":{"@type":"ImageObject","inLanguage":"es","@id":"https:\/\/fuentesfidedignas.com.mx\/#\/schema\/logo\/image\/","url":"https:\/\/fuentesfidedignas.com.mx\/wp-content\/uploads\/2021\/04\/logo-retina.png","contentUrl":"https:\/\/fuentesfidedignas.com.mx\/wp-content\/uploads\/2021\/04\/logo-retina.png","width":280,"height":51,"caption":"Fuentes Fidedignas"},"image":{"@id":"https:\/\/fuentesfidedignas.com.mx\/#\/schema\/logo\/image\/"},"sameAs":["https:\/\/www.facebook.com\/Fuentes-Fidedignas-368234489921644","https:\/\/x.com\/fidedignas"]},{"@type":"Person","@id":"https:\/\/fuentesfidedignas.com.mx\/#\/schema\/person\/0d44615087b5a626d5d3f13afe31ac41","name":"EFE","image":{"@type":"ImageObject","inLanguage":"es","@id":"https:\/\/secure.gravatar.com\/avatar\/7048c2d9b569d9bed55bb53ad23821e6e047aa66338fb6ea9868627bbb9f54e8?s=96&d=mm&r=g","url":"https:\/\/secure.gravatar.com\/avatar\/7048c2d9b569d9bed55bb53ad23821e6e047aa66338fb6ea9868627bbb9f54e8?s=96&d=mm&r=g","contentUrl":"https:\/\/secure.gravatar.com\/avatar\/7048c2d9b569d9bed55bb53ad23821e6e047aa66338fb6ea9868627bbb9f54e8?s=96&d=mm&r=g","caption":"EFE"},"url":"https:\/\/fuentesfidedignas.com.mx\/index.php\/author\/efe\/"}]}},"_links":{"self":[{"href":"https:\/\/fuentesfidedignas.com.mx\/index.php\/wp-json\/wp\/v2\/posts\/118788","targetHints":{"allow":["GET"]}}],"collection":[{"href":"https:\/\/fuentesfidedignas.com.mx\/index.php\/wp-json\/wp\/v2\/posts"}],"about":[{"href":"https:\/\/fuentesfidedignas.com.mx\/index.php\/wp-json\/wp\/v2\/types\/post"}],"author":[{"embeddable":true,"href":"https:\/\/fuentesfidedignas.com.mx\/index.php\/wp-json\/wp\/v2\/users\/22"}],"replies":[{"embeddable":true,"href":"https:\/\/fuentesfidedignas.com.mx\/index.php\/wp-json\/wp\/v2\/comments?post=118788"}],"version-history":[{"count":1,"href":"https:\/\/fuentesfidedignas.com.mx\/index.php\/wp-json\/wp\/v2\/posts\/118788\/revisions"}],"predecessor-version":[{"id":118790,"href":"https:\/\/fuentesfidedignas.com.mx\/index.php\/wp-json\/wp\/v2\/posts\/118788\/revisions\/118790"}],"wp:featuredmedia":[{"embeddable":true,"href":"https:\/\/fuentesfidedignas.com.mx\/index.php\/wp-json\/wp\/v2\/media\/118789"}],"wp:attachment":[{"href":"https:\/\/fuentesfidedignas.com.mx\/index.php\/wp-json\/wp\/v2\/media?parent=118788"}],"wp:term":[{"taxonomy":"category","embeddable":true,"href":"https:\/\/fuentesfidedignas.com.mx\/index.php\/wp-json\/wp\/v2\/categories?post=118788"},{"taxonomy":"post_tag","embeddable":true,"href":"https:\/\/fuentesfidedignas.com.mx\/index.php\/wp-json\/wp\/v2\/tags?post=118788"}],"curies":[{"name":"wp","href":"https:\/\/api.w.org\/{rel}","templated":true}]}}