{"id":118724,"date":"2025-10-03T16:50:33","date_gmt":"2025-10-03T23:50:33","guid":{"rendered":"https:\/\/fuentesfidedignas.com.mx\/?p=118724"},"modified":"2025-10-03T16:50:41","modified_gmt":"2025-10-03T23:50:41","slug":"morut-plantea-fondo-de-compensacion-al-campo","status":"publish","type":"post","link":"https:\/\/fuentesfidedignas.com.mx\/index.php\/2025\/10\/03\/morut-plantea-fondo-de-compensacion-al-campo\/","title":{"rendered":"MORUT plantea fondo de compensaci\u00f3n al campo"},"content":{"rendered":"\n<p><\/p>\n\n\n\n<p>Agust\u00edn Espinoza destac\u00f3 que la reuni\u00f3n con SADER y el gobernador fue para escuchar propuestas de precios y esquemas que den certidumbre a la pr\u00f3xima siembra<\/p>\n\n\n\n<p>Culiac\u00e1n, Sinaloa, a 3 de octubre de 2025.- La reuni\u00f3n entre productores agr\u00edcolas, el secretario de Agricultura y Desarrollo Rural, Julio Berdegu\u00e9 Sacrist\u00e1n, el gobernador Rub\u00e9n Rocha Moya y el secretario estatal de Agricultura, Ismael Bello Esquivel, se centr\u00f3 en escuchar propuestas sin llegar a\u00fan a acuerdos, inform\u00f3 Agust\u00edn Espinoza Laguna, coordinador del Movimiento Rural Transformador (MORUT).<\/p>\n\n\n\n<p>El dirigente explic\u00f3 que hubo planteamientos de diferentes organizaciones respecto al precio del ma\u00edz: mientras algunos propusieron 6 mil pesos por tonelada y otros 7 mil 200, el MORUT expuso que m\u00e1s all\u00e1 de fijar una cifra, lo esencial es establecer un esquema que permita al productor cubrir sus costos. Record\u00f3 que, de acuerdo con FIRA, la inversi\u00f3n por hect\u00e1rea en Sinaloa para 2025 oscila entre 60 y 65 mil pesos, incluyendo renta, lo que obliga a un punto de equilibrio de al menos 11 toneladas por ciclo.<\/p>\n\n\n\n<p>Entre las propuestas, Espinoza plante\u00f3 la creaci\u00f3n de un fondo nacional que compense al campo con los recursos que el pa\u00eds ahorr\u00e1 por efecto del d\u00f3lar barato, pues actualmente los agricultores compran insumos a un tipo de cambio alto y venden sus cosechas con un d\u00f3lar bajo, lo que afecta su rentabilidad frente a las importaciones.<\/p>\n\n\n\n<p>Tambi\u00e9n se pidi\u00f3 que, en caso de establecer un precio de referencia, el gobierno federal sea quien adquiera las coberturas para los productores y no dejar este mecanismo en manos de industriales o acopiadores. Asimismo, se propuso la creaci\u00f3n de una financiera estatal que ofrezca cr\u00e9ditos accesibles, dado que uno de los mayores problemas es la falta de financiamiento y los altos intereses.<\/p>\n\n\n\n<p>Espinoza consider\u00f3 positivo que el titular de SADER tomar\u00e1 nota de todas las posturas y se comprometa a informar a la presidenta Claudia Sheinbaum para concretar una segunda reuni\u00f3n en pr\u00f3ximos d\u00edas.<\/p>\n\n\n\n<p>\u201cNos quedamos con un buen sabor de boca porque nos escucharon en un momento clave, antes de la siembra. Esperamos que se defina un precio pronto, ya que Sinaloa aporta hasta el 40 por ciento del ma\u00edz nacional y un buen ciclo aqu\u00ed garantiza la alimentaci\u00f3n de millones de mexicanos\u201d, subray\u00f3.<\/p>\n","protected":false},"excerpt":{"rendered":"<p>Agust\u00edn Espinoza destac\u00f3 que la reuni\u00f3n con SADER y el gobernador fue para escuchar propuestas de precios y esquemas que den certidumbre a la pr\u00f3xima siembra Culiac\u00e1n, Sinaloa, a 3 de octubre de 2025.- La reuni\u00f3n entre productores agr\u00edcolas, el secretario de Agricultura y Desarrollo Rural, Julio Berdegu\u00e9 Sacrist\u00e1n, el gobernador Rub\u00e9n Rocha Moya y [&hellip;]<\/p>\n","protected":false},"author":4,"featured_media":118725,"comment_status":"open","ping_status":"open","sticky":false,"template":"","format":"standard","meta":{"tdm_status":"","tdm_grid_status":"","footnotes":""},"categories":[38],"tags":[],"class_list":{"0":"post-118724","1":"post","2":"type-post","3":"status-publish","4":"format-standard","5":"has-post-thumbnail","7":"category-noticias-locales"},"yoast_head":"<!-- This site is optimized with the Yoast SEO plugin v27.5 - https:\/\/yoast.com\/product\/yoast-seo-wordpress\/ -->\n<title>MORUT plantea fondo de compensaci\u00f3n al campo - Fuentes Fidedignas<\/title>\n<meta name=\"robots\" content=\"index, follow, max-snippet:-1, max-image-preview:large, max-video-preview:-1\" \/>\n<link rel=\"canonical\" href=\"https:\/\/fuentesfidedignas.com.mx\/index.php\/2025\/10\/03\/morut-plantea-fondo-de-compensacion-al-campo\/\" \/>\n<meta property=\"og:locale\" content=\"es_MX\" \/>\n<meta property=\"og:type\" content=\"article\" \/>\n<meta property=\"og:title\" content=\"MORUT plantea fondo de compensaci\u00f3n al campo - Fuentes Fidedignas\" \/>\n<meta property=\"og:description\" content=\"Agust\u00edn Espinoza destac\u00f3 que la reuni\u00f3n con SADER y el gobernador fue para escuchar propuestas de precios y esquemas que den certidumbre a la pr\u00f3xima siembra Culiac\u00e1n, Sinaloa, a 3 de octubre de 2025.- La reuni\u00f3n entre productores agr\u00edcolas, el secretario de Agricultura y Desarrollo Rural, Julio Berdegu\u00e9 Sacrist\u00e1n, el gobernador Rub\u00e9n Rocha Moya y [&hellip;]\" \/>\n<meta property=\"og:url\" content=\"https:\/\/fuentesfidedignas.com.mx\/index.php\/2025\/10\/03\/morut-plantea-fondo-de-compensacion-al-campo\/\" \/>\n<meta property=\"og:site_name\" content=\"Fuentes Fidedignas\" \/>\n<meta property=\"article:publisher\" content=\"https:\/\/www.facebook.com\/Fuentes-Fidedignas-368234489921644\" \/>\n<meta property=\"article:published_time\" content=\"2025-10-03T23:50:33+00:00\" \/>\n<meta property=\"article:modified_time\" content=\"2025-10-03T23:50:41+00:00\" \/>\n<meta property=\"og:image\" content=\"https:\/\/fuentesfidedignas.com.mx\/wp-content\/uploads\/2025\/10\/IMG-20251003-WA0113.jpg\" \/>\n\t<meta property=\"og:image:width\" content=\"1600\" \/>\n\t<meta property=\"og:image:height\" content=\"1067\" \/>\n\t<meta property=\"og:image:type\" content=\"image\/jpeg\" \/>\n<meta name=\"author\" content=\"Redacci\u00f3n\" \/>\n<meta name=\"twitter:card\" content=\"summary_large_image\" \/>\n<meta name=\"twitter:creator\" content=\"@fidedignas\" \/>\n<meta name=\"twitter:site\" content=\"@fidedignas\" \/>\n<meta name=\"twitter:label1\" content=\"Escrito por\" \/>\n\t<meta name=\"twitter:data1\" content=\"Redacci\u00f3n\" \/>\n\t<meta name=\"twitter:label2\" content=\"Tiempo de lectura\" \/>\n\t<meta name=\"twitter:data2\" content=\"2 minutos\" \/>\n<script type=\"application\/ld+json\" class=\"yoast-schema-graph\">{\"@context\":\"https:\\\/\\\/schema.org\",\"@graph\":[{\"@type\":\"Article\",\"@id\":\"https:\\\/\\\/fuentesfidedignas.com.mx\\\/index.php\\\/2025\\\/10\\\/03\\\/morut-plantea-fondo-de-compensacion-al-campo\\\/#article\",\"isPartOf\":{\"@id\":\"https:\\\/\\\/fuentesfidedignas.com.mx\\\/index.php\\\/2025\\\/10\\\/03\\\/morut-plantea-fondo-de-compensacion-al-campo\\\/\"},\"author\":{\"name\":\"Redacci\u00f3n\",\"@id\":\"https:\\\/\\\/fuentesfidedignas.com.mx\\\/#\\\/schema\\\/person\\\/331be9283d37198e2acd5750279085b0\"},\"headline\":\"MORUT plantea fondo de compensaci\u00f3n al campo\",\"datePublished\":\"2025-10-03T23:50:33+00:00\",\"dateModified\":\"2025-10-03T23:50:41+00:00\",\"mainEntityOfPage\":{\"@id\":\"https:\\\/\\\/fuentesfidedignas.com.mx\\\/index.php\\\/2025\\\/10\\\/03\\\/morut-plantea-fondo-de-compensacion-al-campo\\\/\"},\"wordCount\":398,\"commentCount\":0,\"publisher\":{\"@id\":\"https:\\\/\\\/fuentesfidedignas.com.mx\\\/#organization\"},\"image\":{\"@id\":\"https:\\\/\\\/fuentesfidedignas.com.mx\\\/index.php\\\/2025\\\/10\\\/03\\\/morut-plantea-fondo-de-compensacion-al-campo\\\/#primaryimage\"},\"thumbnailUrl\":\"https:\\\/\\\/fuentesfidedignas.com.mx\\\/wp-content\\\/uploads\\\/2025\\\/10\\\/IMG-20251003-WA0113.jpg\",\"articleSection\":[\"NOTICIAS LOCALES\"],\"inLanguage\":\"es\",\"potentialAction\":[{\"@type\":\"CommentAction\",\"name\":\"Comment\",\"target\":[\"https:\\\/\\\/fuentesfidedignas.com.mx\\\/index.php\\\/2025\\\/10\\\/03\\\/morut-plantea-fondo-de-compensacion-al-campo\\\/#respond\"]}]},{\"@type\":\"WebPage\",\"@id\":\"https:\\\/\\\/fuentesfidedignas.com.mx\\\/index.php\\\/2025\\\/10\\\/03\\\/morut-plantea-fondo-de-compensacion-al-campo\\\/\",\"url\":\"https:\\\/\\\/fuentesfidedignas.com.mx\\\/index.php\\\/2025\\\/10\\\/03\\\/morut-plantea-fondo-de-compensacion-al-campo\\\/\",\"name\":\"MORUT plantea fondo de compensaci\u00f3n al campo - Fuentes Fidedignas\",\"isPartOf\":{\"@id\":\"https:\\\/\\\/fuentesfidedignas.com.mx\\\/#website\"},\"primaryImageOfPage\":{\"@id\":\"https:\\\/\\\/fuentesfidedignas.com.mx\\\/index.php\\\/2025\\\/10\\\/03\\\/morut-plantea-fondo-de-compensacion-al-campo\\\/#primaryimage\"},\"image\":{\"@id\":\"https:\\\/\\\/fuentesfidedignas.com.mx\\\/index.php\\\/2025\\\/10\\\/03\\\/morut-plantea-fondo-de-compensacion-al-campo\\\/#primaryimage\"},\"thumbnailUrl\":\"https:\\\/\\\/fuentesfidedignas.com.mx\\\/wp-content\\\/uploads\\\/2025\\\/10\\\/IMG-20251003-WA0113.jpg\",\"datePublished\":\"2025-10-03T23:50:33+00:00\",\"dateModified\":\"2025-10-03T23:50:41+00:00\",\"breadcrumb\":{\"@id\":\"https:\\\/\\\/fuentesfidedignas.com.mx\\\/index.php\\\/2025\\\/10\\\/03\\\/morut-plantea-fondo-de-compensacion-al-campo\\\/#breadcrumb\"},\"inLanguage\":\"es\",\"potentialAction\":[{\"@type\":\"ReadAction\",\"target\":[\"https:\\\/\\\/fuentesfidedignas.com.mx\\\/index.php\\\/2025\\\/10\\\/03\\\/morut-plantea-fondo-de-compensacion-al-campo\\\/\"]}]},{\"@type\":\"ImageObject\",\"inLanguage\":\"es\",\"@id\":\"https:\\\/\\\/fuentesfidedignas.com.mx\\\/index.php\\\/2025\\\/10\\\/03\\\/morut-plantea-fondo-de-compensacion-al-campo\\\/#primaryimage\",\"url\":\"https:\\\/\\\/fuentesfidedignas.com.mx\\\/wp-content\\\/uploads\\\/2025\\\/10\\\/IMG-20251003-WA0113.jpg\",\"contentUrl\":\"https:\\\/\\\/fuentesfidedignas.com.mx\\\/wp-content\\\/uploads\\\/2025\\\/10\\\/IMG-20251003-WA0113.jpg\",\"width\":1600,\"height\":1067},{\"@type\":\"BreadcrumbList\",\"@id\":\"https:\\\/\\\/fuentesfidedignas.com.mx\\\/index.php\\\/2025\\\/10\\\/03\\\/morut-plantea-fondo-de-compensacion-al-campo\\\/#breadcrumb\",\"itemListElement\":[{\"@type\":\"ListItem\",\"position\":1,\"name\":\"Inicio\",\"item\":\"https:\\\/\\\/fuentesfidedignas.com.mx\\\/\"},{\"@type\":\"ListItem\",\"position\":2,\"name\":\"MORUT plantea fondo de compensaci\u00f3n al campo\"}]},{\"@type\":\"WebSite\",\"@id\":\"https:\\\/\\\/fuentesfidedignas.com.mx\\\/#website\",\"url\":\"https:\\\/\\\/fuentesfidedignas.com.mx\\\/\",\"name\":\"Fuentes Fidedignas\",\"description\":\"Otro sitio realizado con WordPress\",\"publisher\":{\"@id\":\"https:\\\/\\\/fuentesfidedignas.com.mx\\\/#organization\"},\"potentialAction\":[{\"@type\":\"SearchAction\",\"target\":{\"@type\":\"EntryPoint\",\"urlTemplate\":\"https:\\\/\\\/fuentesfidedignas.com.mx\\\/?s={search_term_string}\"},\"query-input\":{\"@type\":\"PropertyValueSpecification\",\"valueRequired\":true,\"valueName\":\"search_term_string\"}}],\"inLanguage\":\"es\"},{\"@type\":\"Organization\",\"@id\":\"https:\\\/\\\/fuentesfidedignas.com.mx\\\/#organization\",\"name\":\"Fuentes Fidedignas\",\"url\":\"https:\\\/\\\/fuentesfidedignas.com.mx\\\/\",\"logo\":{\"@type\":\"ImageObject\",\"inLanguage\":\"es\",\"@id\":\"https:\\\/\\\/fuentesfidedignas.com.mx\\\/#\\\/schema\\\/logo\\\/image\\\/\",\"url\":\"https:\\\/\\\/fuentesfidedignas.com.mx\\\/wp-content\\\/uploads\\\/2021\\\/04\\\/logo-retina.png\",\"contentUrl\":\"https:\\\/\\\/fuentesfidedignas.com.mx\\\/wp-content\\\/uploads\\\/2021\\\/04\\\/logo-retina.png\",\"width\":280,\"height\":51,\"caption\":\"Fuentes Fidedignas\"},\"image\":{\"@id\":\"https:\\\/\\\/fuentesfidedignas.com.mx\\\/#\\\/schema\\\/logo\\\/image\\\/\"},\"sameAs\":[\"https:\\\/\\\/www.facebook.com\\\/Fuentes-Fidedignas-368234489921644\",\"https:\\\/\\\/x.com\\\/fidedignas\"]},{\"@type\":\"Person\",\"@id\":\"https:\\\/\\\/fuentesfidedignas.com.mx\\\/#\\\/schema\\\/person\\\/331be9283d37198e2acd5750279085b0\",\"name\":\"Redacci\u00f3n\",\"image\":{\"@type\":\"ImageObject\",\"inLanguage\":\"es\",\"@id\":\"https:\\\/\\\/secure.gravatar.com\\\/avatar\\\/f6d8782c11d12b2d4ad3fbb6931aeab5309937a4d6cd2fc9cfaa28a6396a5aec?s=96&d=mm&r=g\",\"url\":\"https:\\\/\\\/secure.gravatar.com\\\/avatar\\\/f6d8782c11d12b2d4ad3fbb6931aeab5309937a4d6cd2fc9cfaa28a6396a5aec?s=96&d=mm&r=g\",\"contentUrl\":\"https:\\\/\\\/secure.gravatar.com\\\/avatar\\\/f6d8782c11d12b2d4ad3fbb6931aeab5309937a4d6cd2fc9cfaa28a6396a5aec?s=96&d=mm&r=g\",\"caption\":\"Redacci\u00f3n\"},\"url\":\"https:\\\/\\\/fuentesfidedignas.com.mx\\\/index.php\\\/author\\\/redaccion\\\/\"}]}<\/script>\n<!-- \/ Yoast SEO plugin. -->","yoast_head_json":{"title":"MORUT plantea fondo de compensaci\u00f3n al campo - Fuentes Fidedignas","robots":{"index":"index","follow":"follow","max-snippet":"max-snippet:-1","max-image-preview":"max-image-preview:large","max-video-preview":"max-video-preview:-1"},"canonical":"https:\/\/fuentesfidedignas.com.mx\/index.php\/2025\/10\/03\/morut-plantea-fondo-de-compensacion-al-campo\/","og_locale":"es_MX","og_type":"article","og_title":"MORUT plantea fondo de compensaci\u00f3n al campo - Fuentes Fidedignas","og_description":"Agust\u00edn Espinoza destac\u00f3 que la reuni\u00f3n con SADER y el gobernador fue para escuchar propuestas de precios y esquemas que den certidumbre a la pr\u00f3xima siembra Culiac\u00e1n, Sinaloa, a 3 de octubre de 2025.- La reuni\u00f3n entre productores agr\u00edcolas, el secretario de Agricultura y Desarrollo Rural, Julio Berdegu\u00e9 Sacrist\u00e1n, el gobernador Rub\u00e9n Rocha Moya y [&hellip;]","og_url":"https:\/\/fuentesfidedignas.com.mx\/index.php\/2025\/10\/03\/morut-plantea-fondo-de-compensacion-al-campo\/","og_site_name":"Fuentes Fidedignas","article_publisher":"https:\/\/www.facebook.com\/Fuentes-Fidedignas-368234489921644","article_published_time":"2025-10-03T23:50:33+00:00","article_modified_time":"2025-10-03T23:50:41+00:00","og_image":[{"width":1600,"height":1067,"url":"https:\/\/fuentesfidedignas.com.mx\/wp-content\/uploads\/2025\/10\/IMG-20251003-WA0113.jpg","type":"image\/jpeg"}],"author":"Redacci\u00f3n","twitter_card":"summary_large_image","twitter_creator":"@fidedignas","twitter_site":"@fidedignas","twitter_misc":{"Escrito por":"Redacci\u00f3n","Tiempo de lectura":"2 minutos"},"schema":{"@context":"https:\/\/schema.org","@graph":[{"@type":"Article","@id":"https:\/\/fuentesfidedignas.com.mx\/index.php\/2025\/10\/03\/morut-plantea-fondo-de-compensacion-al-campo\/#article","isPartOf":{"@id":"https:\/\/fuentesfidedignas.com.mx\/index.php\/2025\/10\/03\/morut-plantea-fondo-de-compensacion-al-campo\/"},"author":{"name":"Redacci\u00f3n","@id":"https:\/\/fuentesfidedignas.com.mx\/#\/schema\/person\/331be9283d37198e2acd5750279085b0"},"headline":"MORUT plantea fondo de compensaci\u00f3n al campo","datePublished":"2025-10-03T23:50:33+00:00","dateModified":"2025-10-03T23:50:41+00:00","mainEntityOfPage":{"@id":"https:\/\/fuentesfidedignas.com.mx\/index.php\/2025\/10\/03\/morut-plantea-fondo-de-compensacion-al-campo\/"},"wordCount":398,"commentCount":0,"publisher":{"@id":"https:\/\/fuentesfidedignas.com.mx\/#organization"},"image":{"@id":"https:\/\/fuentesfidedignas.com.mx\/index.php\/2025\/10\/03\/morut-plantea-fondo-de-compensacion-al-campo\/#primaryimage"},"thumbnailUrl":"https:\/\/fuentesfidedignas.com.mx\/wp-content\/uploads\/2025\/10\/IMG-20251003-WA0113.jpg","articleSection":["NOTICIAS LOCALES"],"inLanguage":"es","potentialAction":[{"@type":"CommentAction","name":"Comment","target":["https:\/\/fuentesfidedignas.com.mx\/index.php\/2025\/10\/03\/morut-plantea-fondo-de-compensacion-al-campo\/#respond"]}]},{"@type":"WebPage","@id":"https:\/\/fuentesfidedignas.com.mx\/index.php\/2025\/10\/03\/morut-plantea-fondo-de-compensacion-al-campo\/","url":"https:\/\/fuentesfidedignas.com.mx\/index.php\/2025\/10\/03\/morut-plantea-fondo-de-compensacion-al-campo\/","name":"MORUT plantea fondo de compensaci\u00f3n al campo - Fuentes Fidedignas","isPartOf":{"@id":"https:\/\/fuentesfidedignas.com.mx\/#website"},"primaryImageOfPage":{"@id":"https:\/\/fuentesfidedignas.com.mx\/index.php\/2025\/10\/03\/morut-plantea-fondo-de-compensacion-al-campo\/#primaryimage"},"image":{"@id":"https:\/\/fuentesfidedignas.com.mx\/index.php\/2025\/10\/03\/morut-plantea-fondo-de-compensacion-al-campo\/#primaryimage"},"thumbnailUrl":"https:\/\/fuentesfidedignas.com.mx\/wp-content\/uploads\/2025\/10\/IMG-20251003-WA0113.jpg","datePublished":"2025-10-03T23:50:33+00:00","dateModified":"2025-10-03T23:50:41+00:00","breadcrumb":{"@id":"https:\/\/fuentesfidedignas.com.mx\/index.php\/2025\/10\/03\/morut-plantea-fondo-de-compensacion-al-campo\/#breadcrumb"},"inLanguage":"es","potentialAction":[{"@type":"ReadAction","target":["https:\/\/fuentesfidedignas.com.mx\/index.php\/2025\/10\/03\/morut-plantea-fondo-de-compensacion-al-campo\/"]}]},{"@type":"ImageObject","inLanguage":"es","@id":"https:\/\/fuentesfidedignas.com.mx\/index.php\/2025\/10\/03\/morut-plantea-fondo-de-compensacion-al-campo\/#primaryimage","url":"https:\/\/fuentesfidedignas.com.mx\/wp-content\/uploads\/2025\/10\/IMG-20251003-WA0113.jpg","contentUrl":"https:\/\/fuentesfidedignas.com.mx\/wp-content\/uploads\/2025\/10\/IMG-20251003-WA0113.jpg","width":1600,"height":1067},{"@type":"BreadcrumbList","@id":"https:\/\/fuentesfidedignas.com.mx\/index.php\/2025\/10\/03\/morut-plantea-fondo-de-compensacion-al-campo\/#breadcrumb","itemListElement":[{"@type":"ListItem","position":1,"name":"Inicio","item":"https:\/\/fuentesfidedignas.com.mx\/"},{"@type":"ListItem","position":2,"name":"MORUT plantea fondo de compensaci\u00f3n al campo"}]},{"@type":"WebSite","@id":"https:\/\/fuentesfidedignas.com.mx\/#website","url":"https:\/\/fuentesfidedignas.com.mx\/","name":"Fuentes Fidedignas","description":"Otro sitio realizado con WordPress","publisher":{"@id":"https:\/\/fuentesfidedignas.com.mx\/#organization"},"potentialAction":[{"@type":"SearchAction","target":{"@type":"EntryPoint","urlTemplate":"https:\/\/fuentesfidedignas.com.mx\/?s={search_term_string}"},"query-input":{"@type":"PropertyValueSpecification","valueRequired":true,"valueName":"search_term_string"}}],"inLanguage":"es"},{"@type":"Organization","@id":"https:\/\/fuentesfidedignas.com.mx\/#organization","name":"Fuentes Fidedignas","url":"https:\/\/fuentesfidedignas.com.mx\/","logo":{"@type":"ImageObject","inLanguage":"es","@id":"https:\/\/fuentesfidedignas.com.mx\/#\/schema\/logo\/image\/","url":"https:\/\/fuentesfidedignas.com.mx\/wp-content\/uploads\/2021\/04\/logo-retina.png","contentUrl":"https:\/\/fuentesfidedignas.com.mx\/wp-content\/uploads\/2021\/04\/logo-retina.png","width":280,"height":51,"caption":"Fuentes Fidedignas"},"image":{"@id":"https:\/\/fuentesfidedignas.com.mx\/#\/schema\/logo\/image\/"},"sameAs":["https:\/\/www.facebook.com\/Fuentes-Fidedignas-368234489921644","https:\/\/x.com\/fidedignas"]},{"@type":"Person","@id":"https:\/\/fuentesfidedignas.com.mx\/#\/schema\/person\/331be9283d37198e2acd5750279085b0","name":"Redacci\u00f3n","image":{"@type":"ImageObject","inLanguage":"es","@id":"https:\/\/secure.gravatar.com\/avatar\/f6d8782c11d12b2d4ad3fbb6931aeab5309937a4d6cd2fc9cfaa28a6396a5aec?s=96&d=mm&r=g","url":"https:\/\/secure.gravatar.com\/avatar\/f6d8782c11d12b2d4ad3fbb6931aeab5309937a4d6cd2fc9cfaa28a6396a5aec?s=96&d=mm&r=g","contentUrl":"https:\/\/secure.gravatar.com\/avatar\/f6d8782c11d12b2d4ad3fbb6931aeab5309937a4d6cd2fc9cfaa28a6396a5aec?s=96&d=mm&r=g","caption":"Redacci\u00f3n"},"url":"https:\/\/fuentesfidedignas.com.mx\/index.php\/author\/redaccion\/"}]}},"_links":{"self":[{"href":"https:\/\/fuentesfidedignas.com.mx\/index.php\/wp-json\/wp\/v2\/posts\/118724","targetHints":{"allow":["GET"]}}],"collection":[{"href":"https:\/\/fuentesfidedignas.com.mx\/index.php\/wp-json\/wp\/v2\/posts"}],"about":[{"href":"https:\/\/fuentesfidedignas.com.mx\/index.php\/wp-json\/wp\/v2\/types\/post"}],"author":[{"embeddable":true,"href":"https:\/\/fuentesfidedignas.com.mx\/index.php\/wp-json\/wp\/v2\/users\/4"}],"replies":[{"embeddable":true,"href":"https:\/\/fuentesfidedignas.com.mx\/index.php\/wp-json\/wp\/v2\/comments?post=118724"}],"version-history":[{"count":1,"href":"https:\/\/fuentesfidedignas.com.mx\/index.php\/wp-json\/wp\/v2\/posts\/118724\/revisions"}],"predecessor-version":[{"id":118726,"href":"https:\/\/fuentesfidedignas.com.mx\/index.php\/wp-json\/wp\/v2\/posts\/118724\/revisions\/118726"}],"wp:featuredmedia":[{"embeddable":true,"href":"https:\/\/fuentesfidedignas.com.mx\/index.php\/wp-json\/wp\/v2\/media\/118725"}],"wp:attachment":[{"href":"https:\/\/fuentesfidedignas.com.mx\/index.php\/wp-json\/wp\/v2\/media?parent=118724"}],"wp:term":[{"taxonomy":"category","embeddable":true,"href":"https:\/\/fuentesfidedignas.com.mx\/index.php\/wp-json\/wp\/v2\/categories?post=118724"},{"taxonomy":"post_tag","embeddable":true,"href":"https:\/\/fuentesfidedignas.com.mx\/index.php\/wp-json\/wp\/v2\/tags?post=118724"}],"curies":[{"name":"wp","href":"https:\/\/api.w.org\/{rel}","templated":true}]}}