{"id":118680,"date":"2025-10-03T12:00:52","date_gmt":"2025-10-03T19:00:52","guid":{"rendered":"https:\/\/fuentesfidedignas.com.mx\/?p=118680"},"modified":"2025-10-03T12:00:58","modified_gmt":"2025-10-03T19:00:58","slug":"con-el-recorte-del-40-al-medio-ambiente-mexico-invierte-en-el-pasado-y-sacrifica-el-futuro-pan","status":"publish","type":"post","link":"https:\/\/fuentesfidedignas.com.mx\/index.php\/2025\/10\/03\/con-el-recorte-del-40-al-medio-ambiente-mexico-invierte-en-el-pasado-y-sacrifica-el-futuro-pan\/","title":{"rendered":"\u201cCon el recorte del 40% al medio ambiente, M\u00e9xico invierte en el pasado y sacrifica el futuro\u201d: PAN"},"content":{"rendered":"\n<p>Culiac\u00e1n, Sinaloa.\u2013 Durante sesi\u00f3n ordinaria del <strong>Congreso del Estado de Sinaloa<\/strong>, el diputado <strong>Jorge Antonio Gonz\u00e1lez Flores<\/strong>, integrante del <strong>Grupo Parlamentario de Acci\u00f3n Nacional<\/strong>, manifest\u00f3 su preocupaci\u00f3n por el recorte presupuestal cercano al 40% que contempla el <em>Proyecto de Presupuesto de Egresos de la Federaci\u00f3n 2026 al Ramo 16<\/em> (Medio Ambiente y Recursos Naturales).<\/p>\n\n\n\n<p>El legislador del PAN se\u00f1al\u00f3 que esta decisi\u00f3n no solo pone en riesgo compromisos nacionales e internacionales de M\u00e9xico en materia ambiental, sino que tambi\u00e9n amenaza directamente el bienestar presente y futuro de las comunidades m\u00e1s vulnerables.<\/p>\n\n\n\n<p>\u201c<em>Este recorte debilita la capacidad del pa\u00eds para enfrentar el cambio clim\u00e1tico, conservar la biodiversidad y garantizar el acceso al agua. Lo m\u00e1s grave es el incumplimiento de las leyes y la falta de voluntad pol\u00edtica de la presidenta de M\u00e9xico, quien parad\u00f3jicamente forma parte del Grupo Intergubernamental de Expertos sobre el Cambio Clim\u00e1tico<\/em>\u201d, expres\u00f3 Gonz\u00e1lez Flores.<\/p>\n\n\n\n<figure class=\"wp-block-image size-large\"><img decoding=\"async\" width=\"1024\" height=\"574\" src=\"https:\/\/fuentesfidedignas.com.mx\/wp-content\/uploads\/2025\/10\/78f89085-9f89-4d8b-8f2d-0ae4a53dae79-1024x574.jpg\" alt=\"\" class=\"wp-image-118687\" srcset=\"https:\/\/fuentesfidedignas.com.mx\/wp-content\/uploads\/2025\/10\/78f89085-9f89-4d8b-8f2d-0ae4a53dae79-1024x574.jpg 1024w, https:\/\/fuentesfidedignas.com.mx\/wp-content\/uploads\/2025\/10\/78f89085-9f89-4d8b-8f2d-0ae4a53dae79-300x168.jpg 300w, https:\/\/fuentesfidedignas.com.mx\/wp-content\/uploads\/2025\/10\/78f89085-9f89-4d8b-8f2d-0ae4a53dae79-768x431.jpg 768w, https:\/\/fuentesfidedignas.com.mx\/wp-content\/uploads\/2025\/10\/78f89085-9f89-4d8b-8f2d-0ae4a53dae79-749x420.jpg 749w, https:\/\/fuentesfidedignas.com.mx\/wp-content\/uploads\/2025\/10\/78f89085-9f89-4d8b-8f2d-0ae4a53dae79-600x337.jpg 600w, https:\/\/fuentesfidedignas.com.mx\/wp-content\/uploads\/2025\/10\/78f89085-9f89-4d8b-8f2d-0ae4a53dae79-696x390.jpg 696w, https:\/\/fuentesfidedignas.com.mx\/wp-content\/uploads\/2025\/10\/78f89085-9f89-4d8b-8f2d-0ae4a53dae79-1068x599.jpg 1068w, https:\/\/fuentesfidedignas.com.mx\/wp-content\/uploads\/2025\/10\/78f89085-9f89-4d8b-8f2d-0ae4a53dae79.jpg 1280w\" sizes=\"(max-width: 1024px) 100vw, 1024px\" \/><\/figure>\n\n\n\n<p>El diputado record\u00f3 que M\u00e9xico ha asumido compromisos internacionales como el <strong>Acuerdo de Par\u00eds y el Acuerdo de Escaz\u00fa<\/strong>, adem\u00e1s de contar con leyes y pol\u00edticas nacionales que hoy est\u00e1n siendo vulneradas, entre ellas la <strong>Ley General de Cambio Clim\u00e1tico y la Pol\u00edtica Nacional de Cambio Clim\u00e1tico<\/strong>.<\/p>\n\n\n\n<p>\u201c<em>En Sinaloa conocemos bien lo que significa la sequ\u00eda. Apenas en mayo exig\u00edamos apoyo federal y se nos respondi\u00f3 que no hab\u00eda recursos. Hoy, con este recorte, habr\u00e1 mucho menos capacidad de respuesta<\/em>\u201d, subray\u00f3.<\/p>\n\n\n\n<p>Gonz\u00e1lez Flores lament\u00f3 que, mientras los programas ambientales reciben apenas el 7% del presupuesto del Anexo 16, gran parte de los recursos se concentran en infraestructura ferroviaria, seguridad y programas como Sembrando Vida, sin que exista claridad sobre su impacto real en la reducci\u00f3n de emisiones o la adaptaci\u00f3n al cambio clim\u00e1tico.<\/p>\n\n\n\n<p>\u201c<em>El sector ambiental se reduce al 0.1 % del PIB, mientras que Pemex recibe un aumento del 7.7 %. Se est\u00e1 invirtiendo m\u00e1s en el pasado y recortando al futuro<\/em>\u201d, critic\u00f3.<\/p>\n\n\n\n<p>El diputado panista enfatiz\u00f3 que el cambio clim\u00e1tico no es solo un problema ambiental, sino social, ya que afecta principalmente a quienes menos recursos tienen para adaptarse: comunidades costeras, familias expuestas a inundaciones, deslaves o incendios.<\/p>\n\n\n\n<p><em>\u201cEs decepcionante que la persona m\u00e1s capacitada para dise\u00f1ar pol\u00edticas p\u00fablicas frente al cambio clim\u00e1tico no responda con presupuesto. El futuro no se paga con discursos, se financia con decisiones\u201d<\/em>, recalc\u00f3.<\/p>\n\n\n\n<p>Finalmente, Gonz\u00e1lez Flores hizo un llamado a la ciudadan\u00eda y a las instituciones a defender un M\u00e9xico sustentable: <em>\u201cNecesitamos un pa\u00eds que cuide sus r\u00edos, su aire y su esp\u00edritu de trabajar por el futuro. La urgencia es ahora y no habr\u00e1 dinero que alcance si seguimos mirando hacia el pasado\u201d.<\/em><\/p>\n","protected":false},"excerpt":{"rendered":"<p>Culiac\u00e1n, Sinaloa.\u2013 Durante sesi\u00f3n ordinaria del Congreso del Estado de Sinaloa, el diputado Jorge Antonio Gonz\u00e1lez Flores, integrante del Grupo Parlamentario de Acci\u00f3n Nacional, manifest\u00f3 su preocupaci\u00f3n por el recorte presupuestal cercano al 40% que contempla el Proyecto de Presupuesto de Egresos de la Federaci\u00f3n 2026 al Ramo 16 (Medio Ambiente y Recursos Naturales). El [&hellip;]<\/p>\n","protected":false},"author":4,"featured_media":82784,"comment_status":"open","ping_status":"open","sticky":false,"template":"","format":"standard","meta":{"tdm_status":"","tdm_grid_status":"","footnotes":""},"categories":[39],"tags":[],"class_list":{"0":"post-118680","1":"post","2":"type-post","3":"status-publish","4":"format-standard","5":"has-post-thumbnail","7":"category-noticias-nacionales"},"yoast_head":"<!-- This site is optimized with the Yoast SEO plugin v27.5 - https:\/\/yoast.com\/product\/yoast-seo-wordpress\/ -->\n<title>\u201cCon el recorte del 40% al medio ambiente, M\u00e9xico invierte en el pasado y sacrifica el futuro\u201d: PAN - Fuentes Fidedignas<\/title>\n<meta name=\"robots\" content=\"index, follow, max-snippet:-1, max-image-preview:large, max-video-preview:-1\" \/>\n<link rel=\"canonical\" href=\"https:\/\/fuentesfidedignas.com.mx\/index.php\/2025\/10\/03\/con-el-recorte-del-40-al-medio-ambiente-mexico-invierte-en-el-pasado-y-sacrifica-el-futuro-pan\/\" \/>\n<meta property=\"og:locale\" content=\"es_MX\" \/>\n<meta property=\"og:type\" content=\"article\" \/>\n<meta property=\"og:title\" content=\"\u201cCon el recorte del 40% al medio ambiente, M\u00e9xico invierte en el pasado y sacrifica el futuro\u201d: PAN - Fuentes Fidedignas\" \/>\n<meta property=\"og:description\" content=\"Culiac\u00e1n, Sinaloa.\u2013 Durante sesi\u00f3n ordinaria del Congreso del Estado de Sinaloa, el diputado Jorge Antonio Gonz\u00e1lez Flores, integrante del Grupo Parlamentario de Acci\u00f3n Nacional, manifest\u00f3 su preocupaci\u00f3n por el recorte presupuestal cercano al 40% que contempla el Proyecto de Presupuesto de Egresos de la Federaci\u00f3n 2026 al Ramo 16 (Medio Ambiente y Recursos Naturales). El [&hellip;]\" \/>\n<meta property=\"og:url\" content=\"https:\/\/fuentesfidedignas.com.mx\/index.php\/2025\/10\/03\/con-el-recorte-del-40-al-medio-ambiente-mexico-invierte-en-el-pasado-y-sacrifica-el-futuro-pan\/\" \/>\n<meta property=\"og:site_name\" content=\"Fuentes Fidedignas\" \/>\n<meta property=\"article:publisher\" content=\"https:\/\/www.facebook.com\/Fuentes-Fidedignas-368234489921644\" \/>\n<meta property=\"article:published_time\" content=\"2025-10-03T19:00:52+00:00\" \/>\n<meta property=\"article:modified_time\" content=\"2025-10-03T19:00:58+00:00\" \/>\n<meta property=\"og:image\" content=\"https:\/\/fuentesfidedignas.com.mx\/wp-content\/uploads\/2024\/05\/PRESAS-2.jpeg\" \/>\n\t<meta property=\"og:image:width\" content=\"640\" \/>\n\t<meta property=\"og:image:height\" content=\"480\" \/>\n\t<meta property=\"og:image:type\" content=\"image\/jpeg\" \/>\n<meta name=\"author\" content=\"Redacci\u00f3n\" \/>\n<meta name=\"twitter:card\" content=\"summary_large_image\" \/>\n<meta name=\"twitter:creator\" content=\"@fidedignas\" \/>\n<meta name=\"twitter:site\" content=\"@fidedignas\" \/>\n<meta name=\"twitter:label1\" content=\"Escrito por\" \/>\n\t<meta name=\"twitter:data1\" content=\"Redacci\u00f3n\" \/>\n\t<meta name=\"twitter:label2\" content=\"Tiempo de lectura\" \/>\n\t<meta name=\"twitter:data2\" content=\"3 minutos\" \/>\n<script type=\"application\/ld+json\" class=\"yoast-schema-graph\">{\"@context\":\"https:\\\/\\\/schema.org\",\"@graph\":[{\"@type\":\"Article\",\"@id\":\"https:\\\/\\\/fuentesfidedignas.com.mx\\\/index.php\\\/2025\\\/10\\\/03\\\/con-el-recorte-del-40-al-medio-ambiente-mexico-invierte-en-el-pasado-y-sacrifica-el-futuro-pan\\\/#article\",\"isPartOf\":{\"@id\":\"https:\\\/\\\/fuentesfidedignas.com.mx\\\/index.php\\\/2025\\\/10\\\/03\\\/con-el-recorte-del-40-al-medio-ambiente-mexico-invierte-en-el-pasado-y-sacrifica-el-futuro-pan\\\/\"},\"author\":{\"name\":\"Redacci\u00f3n\",\"@id\":\"https:\\\/\\\/fuentesfidedignas.com.mx\\\/#\\\/schema\\\/person\\\/331be9283d37198e2acd5750279085b0\"},\"headline\":\"\u201cCon el recorte del 40% al medio ambiente, M\u00e9xico invierte en el pasado y sacrifica el futuro\u201d: PAN\",\"datePublished\":\"2025-10-03T19:00:52+00:00\",\"dateModified\":\"2025-10-03T19:00:58+00:00\",\"mainEntityOfPage\":{\"@id\":\"https:\\\/\\\/fuentesfidedignas.com.mx\\\/index.php\\\/2025\\\/10\\\/03\\\/con-el-recorte-del-40-al-medio-ambiente-mexico-invierte-en-el-pasado-y-sacrifica-el-futuro-pan\\\/\"},\"wordCount\":486,\"commentCount\":0,\"publisher\":{\"@id\":\"https:\\\/\\\/fuentesfidedignas.com.mx\\\/#organization\"},\"image\":{\"@id\":\"https:\\\/\\\/fuentesfidedignas.com.mx\\\/index.php\\\/2025\\\/10\\\/03\\\/con-el-recorte-del-40-al-medio-ambiente-mexico-invierte-en-el-pasado-y-sacrifica-el-futuro-pan\\\/#primaryimage\"},\"thumbnailUrl\":\"https:\\\/\\\/fuentesfidedignas.com.mx\\\/wp-content\\\/uploads\\\/2024\\\/05\\\/PRESAS-2.jpeg\",\"articleSection\":[\"NOTICIAS NACIONALES\"],\"inLanguage\":\"es\",\"potentialAction\":[{\"@type\":\"CommentAction\",\"name\":\"Comment\",\"target\":[\"https:\\\/\\\/fuentesfidedignas.com.mx\\\/index.php\\\/2025\\\/10\\\/03\\\/con-el-recorte-del-40-al-medio-ambiente-mexico-invierte-en-el-pasado-y-sacrifica-el-futuro-pan\\\/#respond\"]}]},{\"@type\":\"WebPage\",\"@id\":\"https:\\\/\\\/fuentesfidedignas.com.mx\\\/index.php\\\/2025\\\/10\\\/03\\\/con-el-recorte-del-40-al-medio-ambiente-mexico-invierte-en-el-pasado-y-sacrifica-el-futuro-pan\\\/\",\"url\":\"https:\\\/\\\/fuentesfidedignas.com.mx\\\/index.php\\\/2025\\\/10\\\/03\\\/con-el-recorte-del-40-al-medio-ambiente-mexico-invierte-en-el-pasado-y-sacrifica-el-futuro-pan\\\/\",\"name\":\"\u201cCon el recorte del 40% al medio ambiente, M\u00e9xico invierte en el pasado y sacrifica el futuro\u201d: PAN - Fuentes Fidedignas\",\"isPartOf\":{\"@id\":\"https:\\\/\\\/fuentesfidedignas.com.mx\\\/#website\"},\"primaryImageOfPage\":{\"@id\":\"https:\\\/\\\/fuentesfidedignas.com.mx\\\/index.php\\\/2025\\\/10\\\/03\\\/con-el-recorte-del-40-al-medio-ambiente-mexico-invierte-en-el-pasado-y-sacrifica-el-futuro-pan\\\/#primaryimage\"},\"image\":{\"@id\":\"https:\\\/\\\/fuentesfidedignas.com.mx\\\/index.php\\\/2025\\\/10\\\/03\\\/con-el-recorte-del-40-al-medio-ambiente-mexico-invierte-en-el-pasado-y-sacrifica-el-futuro-pan\\\/#primaryimage\"},\"thumbnailUrl\":\"https:\\\/\\\/fuentesfidedignas.com.mx\\\/wp-content\\\/uploads\\\/2024\\\/05\\\/PRESAS-2.jpeg\",\"datePublished\":\"2025-10-03T19:00:52+00:00\",\"dateModified\":\"2025-10-03T19:00:58+00:00\",\"breadcrumb\":{\"@id\":\"https:\\\/\\\/fuentesfidedignas.com.mx\\\/index.php\\\/2025\\\/10\\\/03\\\/con-el-recorte-del-40-al-medio-ambiente-mexico-invierte-en-el-pasado-y-sacrifica-el-futuro-pan\\\/#breadcrumb\"},\"inLanguage\":\"es\",\"potentialAction\":[{\"@type\":\"ReadAction\",\"target\":[\"https:\\\/\\\/fuentesfidedignas.com.mx\\\/index.php\\\/2025\\\/10\\\/03\\\/con-el-recorte-del-40-al-medio-ambiente-mexico-invierte-en-el-pasado-y-sacrifica-el-futuro-pan\\\/\"]}]},{\"@type\":\"ImageObject\",\"inLanguage\":\"es\",\"@id\":\"https:\\\/\\\/fuentesfidedignas.com.mx\\\/index.php\\\/2025\\\/10\\\/03\\\/con-el-recorte-del-40-al-medio-ambiente-mexico-invierte-en-el-pasado-y-sacrifica-el-futuro-pan\\\/#primaryimage\",\"url\":\"https:\\\/\\\/fuentesfidedignas.com.mx\\\/wp-content\\\/uploads\\\/2024\\\/05\\\/PRESAS-2.jpeg\",\"contentUrl\":\"https:\\\/\\\/fuentesfidedignas.com.mx\\\/wp-content\\\/uploads\\\/2024\\\/05\\\/PRESAS-2.jpeg\",\"width\":640,\"height\":480},{\"@type\":\"BreadcrumbList\",\"@id\":\"https:\\\/\\\/fuentesfidedignas.com.mx\\\/index.php\\\/2025\\\/10\\\/03\\\/con-el-recorte-del-40-al-medio-ambiente-mexico-invierte-en-el-pasado-y-sacrifica-el-futuro-pan\\\/#breadcrumb\",\"itemListElement\":[{\"@type\":\"ListItem\",\"position\":1,\"name\":\"Inicio\",\"item\":\"https:\\\/\\\/fuentesfidedignas.com.mx\\\/\"},{\"@type\":\"ListItem\",\"position\":2,\"name\":\"\u201cCon el recorte del 40% al medio ambiente, M\u00e9xico invierte en el pasado y sacrifica el futuro\u201d: PAN\"}]},{\"@type\":\"WebSite\",\"@id\":\"https:\\\/\\\/fuentesfidedignas.com.mx\\\/#website\",\"url\":\"https:\\\/\\\/fuentesfidedignas.com.mx\\\/\",\"name\":\"Fuentes Fidedignas\",\"description\":\"Otro sitio realizado con WordPress\",\"publisher\":{\"@id\":\"https:\\\/\\\/fuentesfidedignas.com.mx\\\/#organization\"},\"potentialAction\":[{\"@type\":\"SearchAction\",\"target\":{\"@type\":\"EntryPoint\",\"urlTemplate\":\"https:\\\/\\\/fuentesfidedignas.com.mx\\\/?s={search_term_string}\"},\"query-input\":{\"@type\":\"PropertyValueSpecification\",\"valueRequired\":true,\"valueName\":\"search_term_string\"}}],\"inLanguage\":\"es\"},{\"@type\":\"Organization\",\"@id\":\"https:\\\/\\\/fuentesfidedignas.com.mx\\\/#organization\",\"name\":\"Fuentes Fidedignas\",\"url\":\"https:\\\/\\\/fuentesfidedignas.com.mx\\\/\",\"logo\":{\"@type\":\"ImageObject\",\"inLanguage\":\"es\",\"@id\":\"https:\\\/\\\/fuentesfidedignas.com.mx\\\/#\\\/schema\\\/logo\\\/image\\\/\",\"url\":\"https:\\\/\\\/fuentesfidedignas.com.mx\\\/wp-content\\\/uploads\\\/2021\\\/04\\\/logo-retina.png\",\"contentUrl\":\"https:\\\/\\\/fuentesfidedignas.com.mx\\\/wp-content\\\/uploads\\\/2021\\\/04\\\/logo-retina.png\",\"width\":280,\"height\":51,\"caption\":\"Fuentes Fidedignas\"},\"image\":{\"@id\":\"https:\\\/\\\/fuentesfidedignas.com.mx\\\/#\\\/schema\\\/logo\\\/image\\\/\"},\"sameAs\":[\"https:\\\/\\\/www.facebook.com\\\/Fuentes-Fidedignas-368234489921644\",\"https:\\\/\\\/x.com\\\/fidedignas\"]},{\"@type\":\"Person\",\"@id\":\"https:\\\/\\\/fuentesfidedignas.com.mx\\\/#\\\/schema\\\/person\\\/331be9283d37198e2acd5750279085b0\",\"name\":\"Redacci\u00f3n\",\"image\":{\"@type\":\"ImageObject\",\"inLanguage\":\"es\",\"@id\":\"https:\\\/\\\/secure.gravatar.com\\\/avatar\\\/f6d8782c11d12b2d4ad3fbb6931aeab5309937a4d6cd2fc9cfaa28a6396a5aec?s=96&d=mm&r=g\",\"url\":\"https:\\\/\\\/secure.gravatar.com\\\/avatar\\\/f6d8782c11d12b2d4ad3fbb6931aeab5309937a4d6cd2fc9cfaa28a6396a5aec?s=96&d=mm&r=g\",\"contentUrl\":\"https:\\\/\\\/secure.gravatar.com\\\/avatar\\\/f6d8782c11d12b2d4ad3fbb6931aeab5309937a4d6cd2fc9cfaa28a6396a5aec?s=96&d=mm&r=g\",\"caption\":\"Redacci\u00f3n\"},\"url\":\"https:\\\/\\\/fuentesfidedignas.com.mx\\\/index.php\\\/author\\\/redaccion\\\/\"}]}<\/script>\n<!-- \/ Yoast SEO plugin. -->","yoast_head_json":{"title":"\u201cCon el recorte del 40% al medio ambiente, M\u00e9xico invierte en el pasado y sacrifica el futuro\u201d: PAN - Fuentes Fidedignas","robots":{"index":"index","follow":"follow","max-snippet":"max-snippet:-1","max-image-preview":"max-image-preview:large","max-video-preview":"max-video-preview:-1"},"canonical":"https:\/\/fuentesfidedignas.com.mx\/index.php\/2025\/10\/03\/con-el-recorte-del-40-al-medio-ambiente-mexico-invierte-en-el-pasado-y-sacrifica-el-futuro-pan\/","og_locale":"es_MX","og_type":"article","og_title":"\u201cCon el recorte del 40% al medio ambiente, M\u00e9xico invierte en el pasado y sacrifica el futuro\u201d: PAN - Fuentes Fidedignas","og_description":"Culiac\u00e1n, Sinaloa.\u2013 Durante sesi\u00f3n ordinaria del Congreso del Estado de Sinaloa, el diputado Jorge Antonio Gonz\u00e1lez Flores, integrante del Grupo Parlamentario de Acci\u00f3n Nacional, manifest\u00f3 su preocupaci\u00f3n por el recorte presupuestal cercano al 40% que contempla el Proyecto de Presupuesto de Egresos de la Federaci\u00f3n 2026 al Ramo 16 (Medio Ambiente y Recursos Naturales). El [&hellip;]","og_url":"https:\/\/fuentesfidedignas.com.mx\/index.php\/2025\/10\/03\/con-el-recorte-del-40-al-medio-ambiente-mexico-invierte-en-el-pasado-y-sacrifica-el-futuro-pan\/","og_site_name":"Fuentes Fidedignas","article_publisher":"https:\/\/www.facebook.com\/Fuentes-Fidedignas-368234489921644","article_published_time":"2025-10-03T19:00:52+00:00","article_modified_time":"2025-10-03T19:00:58+00:00","og_image":[{"width":640,"height":480,"url":"https:\/\/fuentesfidedignas.com.mx\/wp-content\/uploads\/2024\/05\/PRESAS-2.jpeg","type":"image\/jpeg"}],"author":"Redacci\u00f3n","twitter_card":"summary_large_image","twitter_creator":"@fidedignas","twitter_site":"@fidedignas","twitter_misc":{"Escrito por":"Redacci\u00f3n","Tiempo de lectura":"3 minutos"},"schema":{"@context":"https:\/\/schema.org","@graph":[{"@type":"Article","@id":"https:\/\/fuentesfidedignas.com.mx\/index.php\/2025\/10\/03\/con-el-recorte-del-40-al-medio-ambiente-mexico-invierte-en-el-pasado-y-sacrifica-el-futuro-pan\/#article","isPartOf":{"@id":"https:\/\/fuentesfidedignas.com.mx\/index.php\/2025\/10\/03\/con-el-recorte-del-40-al-medio-ambiente-mexico-invierte-en-el-pasado-y-sacrifica-el-futuro-pan\/"},"author":{"name":"Redacci\u00f3n","@id":"https:\/\/fuentesfidedignas.com.mx\/#\/schema\/person\/331be9283d37198e2acd5750279085b0"},"headline":"\u201cCon el recorte del 40% al medio ambiente, M\u00e9xico invierte en el pasado y sacrifica el futuro\u201d: PAN","datePublished":"2025-10-03T19:00:52+00:00","dateModified":"2025-10-03T19:00:58+00:00","mainEntityOfPage":{"@id":"https:\/\/fuentesfidedignas.com.mx\/index.php\/2025\/10\/03\/con-el-recorte-del-40-al-medio-ambiente-mexico-invierte-en-el-pasado-y-sacrifica-el-futuro-pan\/"},"wordCount":486,"commentCount":0,"publisher":{"@id":"https:\/\/fuentesfidedignas.com.mx\/#organization"},"image":{"@id":"https:\/\/fuentesfidedignas.com.mx\/index.php\/2025\/10\/03\/con-el-recorte-del-40-al-medio-ambiente-mexico-invierte-en-el-pasado-y-sacrifica-el-futuro-pan\/#primaryimage"},"thumbnailUrl":"https:\/\/fuentesfidedignas.com.mx\/wp-content\/uploads\/2024\/05\/PRESAS-2.jpeg","articleSection":["NOTICIAS NACIONALES"],"inLanguage":"es","potentialAction":[{"@type":"CommentAction","name":"Comment","target":["https:\/\/fuentesfidedignas.com.mx\/index.php\/2025\/10\/03\/con-el-recorte-del-40-al-medio-ambiente-mexico-invierte-en-el-pasado-y-sacrifica-el-futuro-pan\/#respond"]}]},{"@type":"WebPage","@id":"https:\/\/fuentesfidedignas.com.mx\/index.php\/2025\/10\/03\/con-el-recorte-del-40-al-medio-ambiente-mexico-invierte-en-el-pasado-y-sacrifica-el-futuro-pan\/","url":"https:\/\/fuentesfidedignas.com.mx\/index.php\/2025\/10\/03\/con-el-recorte-del-40-al-medio-ambiente-mexico-invierte-en-el-pasado-y-sacrifica-el-futuro-pan\/","name":"\u201cCon el recorte del 40% al medio ambiente, M\u00e9xico invierte en el pasado y sacrifica el futuro\u201d: PAN - Fuentes Fidedignas","isPartOf":{"@id":"https:\/\/fuentesfidedignas.com.mx\/#website"},"primaryImageOfPage":{"@id":"https:\/\/fuentesfidedignas.com.mx\/index.php\/2025\/10\/03\/con-el-recorte-del-40-al-medio-ambiente-mexico-invierte-en-el-pasado-y-sacrifica-el-futuro-pan\/#primaryimage"},"image":{"@id":"https:\/\/fuentesfidedignas.com.mx\/index.php\/2025\/10\/03\/con-el-recorte-del-40-al-medio-ambiente-mexico-invierte-en-el-pasado-y-sacrifica-el-futuro-pan\/#primaryimage"},"thumbnailUrl":"https:\/\/fuentesfidedignas.com.mx\/wp-content\/uploads\/2024\/05\/PRESAS-2.jpeg","datePublished":"2025-10-03T19:00:52+00:00","dateModified":"2025-10-03T19:00:58+00:00","breadcrumb":{"@id":"https:\/\/fuentesfidedignas.com.mx\/index.php\/2025\/10\/03\/con-el-recorte-del-40-al-medio-ambiente-mexico-invierte-en-el-pasado-y-sacrifica-el-futuro-pan\/#breadcrumb"},"inLanguage":"es","potentialAction":[{"@type":"ReadAction","target":["https:\/\/fuentesfidedignas.com.mx\/index.php\/2025\/10\/03\/con-el-recorte-del-40-al-medio-ambiente-mexico-invierte-en-el-pasado-y-sacrifica-el-futuro-pan\/"]}]},{"@type":"ImageObject","inLanguage":"es","@id":"https:\/\/fuentesfidedignas.com.mx\/index.php\/2025\/10\/03\/con-el-recorte-del-40-al-medio-ambiente-mexico-invierte-en-el-pasado-y-sacrifica-el-futuro-pan\/#primaryimage","url":"https:\/\/fuentesfidedignas.com.mx\/wp-content\/uploads\/2024\/05\/PRESAS-2.jpeg","contentUrl":"https:\/\/fuentesfidedignas.com.mx\/wp-content\/uploads\/2024\/05\/PRESAS-2.jpeg","width":640,"height":480},{"@type":"BreadcrumbList","@id":"https:\/\/fuentesfidedignas.com.mx\/index.php\/2025\/10\/03\/con-el-recorte-del-40-al-medio-ambiente-mexico-invierte-en-el-pasado-y-sacrifica-el-futuro-pan\/#breadcrumb","itemListElement":[{"@type":"ListItem","position":1,"name":"Inicio","item":"https:\/\/fuentesfidedignas.com.mx\/"},{"@type":"ListItem","position":2,"name":"\u201cCon el recorte del 40% al medio ambiente, M\u00e9xico invierte en el pasado y sacrifica el futuro\u201d: PAN"}]},{"@type":"WebSite","@id":"https:\/\/fuentesfidedignas.com.mx\/#website","url":"https:\/\/fuentesfidedignas.com.mx\/","name":"Fuentes Fidedignas","description":"Otro sitio realizado con WordPress","publisher":{"@id":"https:\/\/fuentesfidedignas.com.mx\/#organization"},"potentialAction":[{"@type":"SearchAction","target":{"@type":"EntryPoint","urlTemplate":"https:\/\/fuentesfidedignas.com.mx\/?s={search_term_string}"},"query-input":{"@type":"PropertyValueSpecification","valueRequired":true,"valueName":"search_term_string"}}],"inLanguage":"es"},{"@type":"Organization","@id":"https:\/\/fuentesfidedignas.com.mx\/#organization","name":"Fuentes Fidedignas","url":"https:\/\/fuentesfidedignas.com.mx\/","logo":{"@type":"ImageObject","inLanguage":"es","@id":"https:\/\/fuentesfidedignas.com.mx\/#\/schema\/logo\/image\/","url":"https:\/\/fuentesfidedignas.com.mx\/wp-content\/uploads\/2021\/04\/logo-retina.png","contentUrl":"https:\/\/fuentesfidedignas.com.mx\/wp-content\/uploads\/2021\/04\/logo-retina.png","width":280,"height":51,"caption":"Fuentes Fidedignas"},"image":{"@id":"https:\/\/fuentesfidedignas.com.mx\/#\/schema\/logo\/image\/"},"sameAs":["https:\/\/www.facebook.com\/Fuentes-Fidedignas-368234489921644","https:\/\/x.com\/fidedignas"]},{"@type":"Person","@id":"https:\/\/fuentesfidedignas.com.mx\/#\/schema\/person\/331be9283d37198e2acd5750279085b0","name":"Redacci\u00f3n","image":{"@type":"ImageObject","inLanguage":"es","@id":"https:\/\/secure.gravatar.com\/avatar\/f6d8782c11d12b2d4ad3fbb6931aeab5309937a4d6cd2fc9cfaa28a6396a5aec?s=96&d=mm&r=g","url":"https:\/\/secure.gravatar.com\/avatar\/f6d8782c11d12b2d4ad3fbb6931aeab5309937a4d6cd2fc9cfaa28a6396a5aec?s=96&d=mm&r=g","contentUrl":"https:\/\/secure.gravatar.com\/avatar\/f6d8782c11d12b2d4ad3fbb6931aeab5309937a4d6cd2fc9cfaa28a6396a5aec?s=96&d=mm&r=g","caption":"Redacci\u00f3n"},"url":"https:\/\/fuentesfidedignas.com.mx\/index.php\/author\/redaccion\/"}]}},"_links":{"self":[{"href":"https:\/\/fuentesfidedignas.com.mx\/index.php\/wp-json\/wp\/v2\/posts\/118680","targetHints":{"allow":["GET"]}}],"collection":[{"href":"https:\/\/fuentesfidedignas.com.mx\/index.php\/wp-json\/wp\/v2\/posts"}],"about":[{"href":"https:\/\/fuentesfidedignas.com.mx\/index.php\/wp-json\/wp\/v2\/types\/post"}],"author":[{"embeddable":true,"href":"https:\/\/fuentesfidedignas.com.mx\/index.php\/wp-json\/wp\/v2\/users\/4"}],"replies":[{"embeddable":true,"href":"https:\/\/fuentesfidedignas.com.mx\/index.php\/wp-json\/wp\/v2\/comments?post=118680"}],"version-history":[{"count":1,"href":"https:\/\/fuentesfidedignas.com.mx\/index.php\/wp-json\/wp\/v2\/posts\/118680\/revisions"}],"predecessor-version":[{"id":118688,"href":"https:\/\/fuentesfidedignas.com.mx\/index.php\/wp-json\/wp\/v2\/posts\/118680\/revisions\/118688"}],"wp:featuredmedia":[{"embeddable":true,"href":"https:\/\/fuentesfidedignas.com.mx\/index.php\/wp-json\/wp\/v2\/media\/82784"}],"wp:attachment":[{"href":"https:\/\/fuentesfidedignas.com.mx\/index.php\/wp-json\/wp\/v2\/media?parent=118680"}],"wp:term":[{"taxonomy":"category","embeddable":true,"href":"https:\/\/fuentesfidedignas.com.mx\/index.php\/wp-json\/wp\/v2\/categories?post=118680"},{"taxonomy":"post_tag","embeddable":true,"href":"https:\/\/fuentesfidedignas.com.mx\/index.php\/wp-json\/wp\/v2\/tags?post=118680"}],"curies":[{"name":"wp","href":"https:\/\/api.w.org\/{rel}","templated":true}]}}