{"id":118584,"date":"2025-10-02T14:24:52","date_gmt":"2025-10-02T21:24:52","guid":{"rendered":"https:\/\/fuentesfidedignas.com.mx\/?p=118584"},"modified":"2025-10-02T14:30:56","modified_gmt":"2025-10-02T21:30:56","slug":"no-lo-olvides-el-cuadrangular-del-bienestar-de-dif-sinaloa-es-este-11-y-12-de-octubre","status":"publish","type":"post","link":"https:\/\/fuentesfidedignas.com.mx\/index.php\/2025\/10\/02\/no-lo-olvides-el-cuadrangular-del-bienestar-de-dif-sinaloa-es-este-11-y-12-de-octubre\/","title":{"rendered":"\u00a1No lo olvides! El Cuadrangular del Bienestar de DIF Sinaloa es este 11 y 12 de octubre"},"content":{"rendered":"\n<p><strong><em>Lo recaudado se destinar\u00e1 para realizar por primera vez en Sinaloa y de manera gratuita trasplante renal a ni\u00f1as, ni\u00f1os y adolescentes con diagn\u00f3stico de insuficiencia renal cr\u00f3nica<\/em><\/strong><\/p>\n\n\n\n<p>Culiac\u00e1n, Sin.- Unidos por la salud de las ni\u00f1as, ni\u00f1os y adolescentes, el Gobierno del Estado de Sinaloa y el Sistema DIF Sinaloa y, gracias al apoyo de los cuatro equipos de b\u00e9isbol profesional de Sinaloa: Tomateros de Culiac\u00e1n, Venados de Mazatl\u00e1n, Ca\u00f1eros de Los Mochis y Algodoneros de Guasave.<\/p>\n\n\n\n<p>La cuarta edici\u00f3n del Cuadrangular del Bienestar de DIF Sinaloa se destinar\u00e1 para realizar por primera vez en Sinaloa y de manera gratuita trasplante renal a ni\u00f1as, ni\u00f1os y adolescentes con diagn\u00f3stico de insuficiencia renal cr\u00f3nica, los encuentros est\u00e1n programados para el s\u00e1bado 11 y domingo 12 de octubre de 2025,<\/p>\n\n\n\n<p>Como cada a\u00f1o el Cuadrangular del Bienestar es promovido e impulsado por la Dra. Eneyda Rocha Ruiz, presidenta del Sistema DIF Estatal y su objetivo principal es recaudar fondos para atender la salud de la ni\u00f1ez sinaloense, en ese sentido, una vez m\u00e1s invitamos a la poblaci\u00f3n a que apoye acudiendo a los 4 estadios a disfrutar en familia de esta gran fiesta y a solidarizarse para que ni\u00f1as y ni\u00f1os tengan una vida plena y feliz en apego a sus derechos.<\/p>\n\n\n\n<p>La programaci\u00f3n de los juegos es el s\u00e1bado 11 de octubre de 2025 a las 18:00 horas, se enfrentar\u00e1n Los Tomateros de Culiac\u00e1n vs Venados de Mazatl\u00e1n en el Estadio Teodoro Mariscal y Algodoneros de Guasave vs Ca\u00f1eros de Los Mochis en el Estadio Chevr\u00f3n Park.<\/p>\n\n\n\n<p>Mientras que para el d\u00eda domingo 12 de octubre de 2025 a las 17:00 p.m. Venados de Mazatl\u00e1n pagar\u00e1n la visita a Tomateros de Culiac\u00e1n en el Estadio de Tomateros y Ca\u00f1eros de Los Mochis har\u00e1n lo propio con Algodoneros de Guasave en el Estadio Kuroda Park.<\/p>\n\n\n\n<p>Los boletos para los juegos los puedes adquirir en oficinas generales del Sistema DIF Sinaloa, en el CRRI Mazatl\u00e1n, CRRI Los Mochis y en los Sistemas DIF Municipales de Ahome, Mazatl\u00e1n, Guasave y Culiac\u00e1n. La aportaci\u00f3n es de $100 pesos.<\/p>\n\n\n\n<p>Cabe destacar que en los cuadrangulares del bienestar de a\u00f1os pasados se logr\u00f3 eliminar la lista de espera de ni\u00f1os, ni\u00f1as y adolescentes con problemas cardiacos. En la segunda edici\u00f3n se atendi\u00f3 la diabetes infantil y, en el tercero, la salud visual. El compromiso es atender en todo momento a la ni\u00f1ez sinaloense, procurando siempre&nbsp;su&nbsp;bienestar.<\/p>\n","protected":false},"excerpt":{"rendered":"<p>Lo recaudado se destinar\u00e1 para realizar por primera vez en Sinaloa y de manera gratuita trasplante renal a ni\u00f1as, ni\u00f1os y adolescentes con diagn\u00f3stico de insuficiencia renal cr\u00f3nica Culiac\u00e1n, Sin.- Unidos por la salud de las ni\u00f1as, ni\u00f1os y adolescentes, el Gobierno del Estado de Sinaloa y el Sistema DIF Sinaloa y, gracias al apoyo [&hellip;]<\/p>\n","protected":false},"author":4,"featured_media":118585,"comment_status":"open","ping_status":"open","sticky":false,"template":"","format":"standard","meta":{"tdm_status":"","tdm_grid_status":"","footnotes":""},"categories":[37],"tags":[],"class_list":{"0":"post-118584","1":"post","2":"type-post","3":"status-publish","4":"format-standard","5":"has-post-thumbnail","7":"category-nota-principal"},"yoast_head":"<!-- This site is optimized with the Yoast SEO plugin v27.5 - https:\/\/yoast.com\/product\/yoast-seo-wordpress\/ -->\n<title>\u00a1No lo olvides! El Cuadrangular del Bienestar de DIF Sinaloa es este 11 y 12 de octubre - Fuentes Fidedignas<\/title>\n<meta name=\"robots\" content=\"index, follow, max-snippet:-1, max-image-preview:large, max-video-preview:-1\" \/>\n<link rel=\"canonical\" href=\"https:\/\/fuentesfidedignas.com.mx\/index.php\/2025\/10\/02\/no-lo-olvides-el-cuadrangular-del-bienestar-de-dif-sinaloa-es-este-11-y-12-de-octubre\/\" \/>\n<meta property=\"og:locale\" content=\"es_MX\" \/>\n<meta property=\"og:type\" content=\"article\" \/>\n<meta property=\"og:title\" content=\"\u00a1No lo olvides! El Cuadrangular del Bienestar de DIF Sinaloa es este 11 y 12 de octubre - Fuentes Fidedignas\" \/>\n<meta property=\"og:description\" content=\"Lo recaudado se destinar\u00e1 para realizar por primera vez en Sinaloa y de manera gratuita trasplante renal a ni\u00f1as, ni\u00f1os y adolescentes con diagn\u00f3stico de insuficiencia renal cr\u00f3nica Culiac\u00e1n, Sin.- Unidos por la salud de las ni\u00f1as, ni\u00f1os y adolescentes, el Gobierno del Estado de Sinaloa y el Sistema DIF Sinaloa y, gracias al apoyo [&hellip;]\" \/>\n<meta property=\"og:url\" content=\"https:\/\/fuentesfidedignas.com.mx\/index.php\/2025\/10\/02\/no-lo-olvides-el-cuadrangular-del-bienestar-de-dif-sinaloa-es-este-11-y-12-de-octubre\/\" \/>\n<meta property=\"og:site_name\" content=\"Fuentes Fidedignas\" \/>\n<meta property=\"article:publisher\" content=\"https:\/\/www.facebook.com\/Fuentes-Fidedignas-368234489921644\" \/>\n<meta property=\"article:published_time\" content=\"2025-10-02T21:24:52+00:00\" \/>\n<meta property=\"article:modified_time\" content=\"2025-10-02T21:30:56+00:00\" \/>\n<meta property=\"og:image\" content=\"https:\/\/fuentesfidedignas.com.mx\/wp-content\/uploads\/2025\/10\/WhatsApp-Image-2025-10-02-at-12.40.02-PM.jpeg\" \/>\n\t<meta property=\"og:image:width\" content=\"500\" \/>\n\t<meta property=\"og:image:height\" content=\"333\" \/>\n\t<meta property=\"og:image:type\" content=\"image\/jpeg\" \/>\n<meta name=\"author\" content=\"Redacci\u00f3n\" \/>\n<meta name=\"twitter:card\" content=\"summary_large_image\" \/>\n<meta name=\"twitter:creator\" content=\"@fidedignas\" \/>\n<meta name=\"twitter:site\" content=\"@fidedignas\" \/>\n<meta name=\"twitter:label1\" content=\"Escrito por\" \/>\n\t<meta name=\"twitter:data1\" content=\"Redacci\u00f3n\" \/>\n\t<meta name=\"twitter:label2\" content=\"Tiempo de lectura\" \/>\n\t<meta name=\"twitter:data2\" content=\"3 minutos\" \/>\n<script type=\"application\/ld+json\" class=\"yoast-schema-graph\">{\"@context\":\"https:\\\/\\\/schema.org\",\"@graph\":[{\"@type\":\"Article\",\"@id\":\"https:\\\/\\\/fuentesfidedignas.com.mx\\\/index.php\\\/2025\\\/10\\\/02\\\/no-lo-olvides-el-cuadrangular-del-bienestar-de-dif-sinaloa-es-este-11-y-12-de-octubre\\\/#article\",\"isPartOf\":{\"@id\":\"https:\\\/\\\/fuentesfidedignas.com.mx\\\/index.php\\\/2025\\\/10\\\/02\\\/no-lo-olvides-el-cuadrangular-del-bienestar-de-dif-sinaloa-es-este-11-y-12-de-octubre\\\/\"},\"author\":{\"name\":\"Redacci\u00f3n\",\"@id\":\"https:\\\/\\\/fuentesfidedignas.com.mx\\\/#\\\/schema\\\/person\\\/331be9283d37198e2acd5750279085b0\"},\"headline\":\"\u00a1No lo olvides! El Cuadrangular del Bienestar de DIF Sinaloa es este 11 y 12 de octubre\",\"datePublished\":\"2025-10-02T21:24:52+00:00\",\"dateModified\":\"2025-10-02T21:30:56+00:00\",\"mainEntityOfPage\":{\"@id\":\"https:\\\/\\\/fuentesfidedignas.com.mx\\\/index.php\\\/2025\\\/10\\\/02\\\/no-lo-olvides-el-cuadrangular-del-bienestar-de-dif-sinaloa-es-este-11-y-12-de-octubre\\\/\"},\"wordCount\":455,\"commentCount\":0,\"publisher\":{\"@id\":\"https:\\\/\\\/fuentesfidedignas.com.mx\\\/#organization\"},\"image\":{\"@id\":\"https:\\\/\\\/fuentesfidedignas.com.mx\\\/index.php\\\/2025\\\/10\\\/02\\\/no-lo-olvides-el-cuadrangular-del-bienestar-de-dif-sinaloa-es-este-11-y-12-de-octubre\\\/#primaryimage\"},\"thumbnailUrl\":\"https:\\\/\\\/fuentesfidedignas.com.mx\\\/wp-content\\\/uploads\\\/2025\\\/10\\\/WhatsApp-Image-2025-10-02-at-12.40.02-PM.jpeg\",\"articleSection\":[\"NOTA PRINCIPAL\"],\"inLanguage\":\"es\",\"potentialAction\":[{\"@type\":\"CommentAction\",\"name\":\"Comment\",\"target\":[\"https:\\\/\\\/fuentesfidedignas.com.mx\\\/index.php\\\/2025\\\/10\\\/02\\\/no-lo-olvides-el-cuadrangular-del-bienestar-de-dif-sinaloa-es-este-11-y-12-de-octubre\\\/#respond\"]}]},{\"@type\":\"WebPage\",\"@id\":\"https:\\\/\\\/fuentesfidedignas.com.mx\\\/index.php\\\/2025\\\/10\\\/02\\\/no-lo-olvides-el-cuadrangular-del-bienestar-de-dif-sinaloa-es-este-11-y-12-de-octubre\\\/\",\"url\":\"https:\\\/\\\/fuentesfidedignas.com.mx\\\/index.php\\\/2025\\\/10\\\/02\\\/no-lo-olvides-el-cuadrangular-del-bienestar-de-dif-sinaloa-es-este-11-y-12-de-octubre\\\/\",\"name\":\"\u00a1No lo olvides! El Cuadrangular del Bienestar de DIF Sinaloa es este 11 y 12 de octubre - Fuentes Fidedignas\",\"isPartOf\":{\"@id\":\"https:\\\/\\\/fuentesfidedignas.com.mx\\\/#website\"},\"primaryImageOfPage\":{\"@id\":\"https:\\\/\\\/fuentesfidedignas.com.mx\\\/index.php\\\/2025\\\/10\\\/02\\\/no-lo-olvides-el-cuadrangular-del-bienestar-de-dif-sinaloa-es-este-11-y-12-de-octubre\\\/#primaryimage\"},\"image\":{\"@id\":\"https:\\\/\\\/fuentesfidedignas.com.mx\\\/index.php\\\/2025\\\/10\\\/02\\\/no-lo-olvides-el-cuadrangular-del-bienestar-de-dif-sinaloa-es-este-11-y-12-de-octubre\\\/#primaryimage\"},\"thumbnailUrl\":\"https:\\\/\\\/fuentesfidedignas.com.mx\\\/wp-content\\\/uploads\\\/2025\\\/10\\\/WhatsApp-Image-2025-10-02-at-12.40.02-PM.jpeg\",\"datePublished\":\"2025-10-02T21:24:52+00:00\",\"dateModified\":\"2025-10-02T21:30:56+00:00\",\"breadcrumb\":{\"@id\":\"https:\\\/\\\/fuentesfidedignas.com.mx\\\/index.php\\\/2025\\\/10\\\/02\\\/no-lo-olvides-el-cuadrangular-del-bienestar-de-dif-sinaloa-es-este-11-y-12-de-octubre\\\/#breadcrumb\"},\"inLanguage\":\"es\",\"potentialAction\":[{\"@type\":\"ReadAction\",\"target\":[\"https:\\\/\\\/fuentesfidedignas.com.mx\\\/index.php\\\/2025\\\/10\\\/02\\\/no-lo-olvides-el-cuadrangular-del-bienestar-de-dif-sinaloa-es-este-11-y-12-de-octubre\\\/\"]}]},{\"@type\":\"ImageObject\",\"inLanguage\":\"es\",\"@id\":\"https:\\\/\\\/fuentesfidedignas.com.mx\\\/index.php\\\/2025\\\/10\\\/02\\\/no-lo-olvides-el-cuadrangular-del-bienestar-de-dif-sinaloa-es-este-11-y-12-de-octubre\\\/#primaryimage\",\"url\":\"https:\\\/\\\/fuentesfidedignas.com.mx\\\/wp-content\\\/uploads\\\/2025\\\/10\\\/WhatsApp-Image-2025-10-02-at-12.40.02-PM.jpeg\",\"contentUrl\":\"https:\\\/\\\/fuentesfidedignas.com.mx\\\/wp-content\\\/uploads\\\/2025\\\/10\\\/WhatsApp-Image-2025-10-02-at-12.40.02-PM.jpeg\",\"width\":500,\"height\":333},{\"@type\":\"BreadcrumbList\",\"@id\":\"https:\\\/\\\/fuentesfidedignas.com.mx\\\/index.php\\\/2025\\\/10\\\/02\\\/no-lo-olvides-el-cuadrangular-del-bienestar-de-dif-sinaloa-es-este-11-y-12-de-octubre\\\/#breadcrumb\",\"itemListElement\":[{\"@type\":\"ListItem\",\"position\":1,\"name\":\"Inicio\",\"item\":\"https:\\\/\\\/fuentesfidedignas.com.mx\\\/\"},{\"@type\":\"ListItem\",\"position\":2,\"name\":\"\u00a1No lo olvides! El Cuadrangular del Bienestar de DIF Sinaloa es este 11 y 12 de octubre\"}]},{\"@type\":\"WebSite\",\"@id\":\"https:\\\/\\\/fuentesfidedignas.com.mx\\\/#website\",\"url\":\"https:\\\/\\\/fuentesfidedignas.com.mx\\\/\",\"name\":\"Fuentes Fidedignas\",\"description\":\"Otro sitio realizado con WordPress\",\"publisher\":{\"@id\":\"https:\\\/\\\/fuentesfidedignas.com.mx\\\/#organization\"},\"potentialAction\":[{\"@type\":\"SearchAction\",\"target\":{\"@type\":\"EntryPoint\",\"urlTemplate\":\"https:\\\/\\\/fuentesfidedignas.com.mx\\\/?s={search_term_string}\"},\"query-input\":{\"@type\":\"PropertyValueSpecification\",\"valueRequired\":true,\"valueName\":\"search_term_string\"}}],\"inLanguage\":\"es\"},{\"@type\":\"Organization\",\"@id\":\"https:\\\/\\\/fuentesfidedignas.com.mx\\\/#organization\",\"name\":\"Fuentes Fidedignas\",\"url\":\"https:\\\/\\\/fuentesfidedignas.com.mx\\\/\",\"logo\":{\"@type\":\"ImageObject\",\"inLanguage\":\"es\",\"@id\":\"https:\\\/\\\/fuentesfidedignas.com.mx\\\/#\\\/schema\\\/logo\\\/image\\\/\",\"url\":\"https:\\\/\\\/fuentesfidedignas.com.mx\\\/wp-content\\\/uploads\\\/2021\\\/04\\\/logo-retina.png\",\"contentUrl\":\"https:\\\/\\\/fuentesfidedignas.com.mx\\\/wp-content\\\/uploads\\\/2021\\\/04\\\/logo-retina.png\",\"width\":280,\"height\":51,\"caption\":\"Fuentes Fidedignas\"},\"image\":{\"@id\":\"https:\\\/\\\/fuentesfidedignas.com.mx\\\/#\\\/schema\\\/logo\\\/image\\\/\"},\"sameAs\":[\"https:\\\/\\\/www.facebook.com\\\/Fuentes-Fidedignas-368234489921644\",\"https:\\\/\\\/x.com\\\/fidedignas\"]},{\"@type\":\"Person\",\"@id\":\"https:\\\/\\\/fuentesfidedignas.com.mx\\\/#\\\/schema\\\/person\\\/331be9283d37198e2acd5750279085b0\",\"name\":\"Redacci\u00f3n\",\"image\":{\"@type\":\"ImageObject\",\"inLanguage\":\"es\",\"@id\":\"https:\\\/\\\/secure.gravatar.com\\\/avatar\\\/f6d8782c11d12b2d4ad3fbb6931aeab5309937a4d6cd2fc9cfaa28a6396a5aec?s=96&d=mm&r=g\",\"url\":\"https:\\\/\\\/secure.gravatar.com\\\/avatar\\\/f6d8782c11d12b2d4ad3fbb6931aeab5309937a4d6cd2fc9cfaa28a6396a5aec?s=96&d=mm&r=g\",\"contentUrl\":\"https:\\\/\\\/secure.gravatar.com\\\/avatar\\\/f6d8782c11d12b2d4ad3fbb6931aeab5309937a4d6cd2fc9cfaa28a6396a5aec?s=96&d=mm&r=g\",\"caption\":\"Redacci\u00f3n\"},\"url\":\"https:\\\/\\\/fuentesfidedignas.com.mx\\\/index.php\\\/author\\\/redaccion\\\/\"}]}<\/script>\n<!-- \/ Yoast SEO plugin. -->","yoast_head_json":{"title":"\u00a1No lo olvides! El Cuadrangular del Bienestar de DIF Sinaloa es este 11 y 12 de octubre - Fuentes Fidedignas","robots":{"index":"index","follow":"follow","max-snippet":"max-snippet:-1","max-image-preview":"max-image-preview:large","max-video-preview":"max-video-preview:-1"},"canonical":"https:\/\/fuentesfidedignas.com.mx\/index.php\/2025\/10\/02\/no-lo-olvides-el-cuadrangular-del-bienestar-de-dif-sinaloa-es-este-11-y-12-de-octubre\/","og_locale":"es_MX","og_type":"article","og_title":"\u00a1No lo olvides! El Cuadrangular del Bienestar de DIF Sinaloa es este 11 y 12 de octubre - Fuentes Fidedignas","og_description":"Lo recaudado se destinar\u00e1 para realizar por primera vez en Sinaloa y de manera gratuita trasplante renal a ni\u00f1as, ni\u00f1os y adolescentes con diagn\u00f3stico de insuficiencia renal cr\u00f3nica Culiac\u00e1n, Sin.- Unidos por la salud de las ni\u00f1as, ni\u00f1os y adolescentes, el Gobierno del Estado de Sinaloa y el Sistema DIF Sinaloa y, gracias al apoyo [&hellip;]","og_url":"https:\/\/fuentesfidedignas.com.mx\/index.php\/2025\/10\/02\/no-lo-olvides-el-cuadrangular-del-bienestar-de-dif-sinaloa-es-este-11-y-12-de-octubre\/","og_site_name":"Fuentes Fidedignas","article_publisher":"https:\/\/www.facebook.com\/Fuentes-Fidedignas-368234489921644","article_published_time":"2025-10-02T21:24:52+00:00","article_modified_time":"2025-10-02T21:30:56+00:00","og_image":[{"width":500,"height":333,"url":"https:\/\/fuentesfidedignas.com.mx\/wp-content\/uploads\/2025\/10\/WhatsApp-Image-2025-10-02-at-12.40.02-PM.jpeg","type":"image\/jpeg"}],"author":"Redacci\u00f3n","twitter_card":"summary_large_image","twitter_creator":"@fidedignas","twitter_site":"@fidedignas","twitter_misc":{"Escrito por":"Redacci\u00f3n","Tiempo de lectura":"3 minutos"},"schema":{"@context":"https:\/\/schema.org","@graph":[{"@type":"Article","@id":"https:\/\/fuentesfidedignas.com.mx\/index.php\/2025\/10\/02\/no-lo-olvides-el-cuadrangular-del-bienestar-de-dif-sinaloa-es-este-11-y-12-de-octubre\/#article","isPartOf":{"@id":"https:\/\/fuentesfidedignas.com.mx\/index.php\/2025\/10\/02\/no-lo-olvides-el-cuadrangular-del-bienestar-de-dif-sinaloa-es-este-11-y-12-de-octubre\/"},"author":{"name":"Redacci\u00f3n","@id":"https:\/\/fuentesfidedignas.com.mx\/#\/schema\/person\/331be9283d37198e2acd5750279085b0"},"headline":"\u00a1No lo olvides! El Cuadrangular del Bienestar de DIF Sinaloa es este 11 y 12 de octubre","datePublished":"2025-10-02T21:24:52+00:00","dateModified":"2025-10-02T21:30:56+00:00","mainEntityOfPage":{"@id":"https:\/\/fuentesfidedignas.com.mx\/index.php\/2025\/10\/02\/no-lo-olvides-el-cuadrangular-del-bienestar-de-dif-sinaloa-es-este-11-y-12-de-octubre\/"},"wordCount":455,"commentCount":0,"publisher":{"@id":"https:\/\/fuentesfidedignas.com.mx\/#organization"},"image":{"@id":"https:\/\/fuentesfidedignas.com.mx\/index.php\/2025\/10\/02\/no-lo-olvides-el-cuadrangular-del-bienestar-de-dif-sinaloa-es-este-11-y-12-de-octubre\/#primaryimage"},"thumbnailUrl":"https:\/\/fuentesfidedignas.com.mx\/wp-content\/uploads\/2025\/10\/WhatsApp-Image-2025-10-02-at-12.40.02-PM.jpeg","articleSection":["NOTA PRINCIPAL"],"inLanguage":"es","potentialAction":[{"@type":"CommentAction","name":"Comment","target":["https:\/\/fuentesfidedignas.com.mx\/index.php\/2025\/10\/02\/no-lo-olvides-el-cuadrangular-del-bienestar-de-dif-sinaloa-es-este-11-y-12-de-octubre\/#respond"]}]},{"@type":"WebPage","@id":"https:\/\/fuentesfidedignas.com.mx\/index.php\/2025\/10\/02\/no-lo-olvides-el-cuadrangular-del-bienestar-de-dif-sinaloa-es-este-11-y-12-de-octubre\/","url":"https:\/\/fuentesfidedignas.com.mx\/index.php\/2025\/10\/02\/no-lo-olvides-el-cuadrangular-del-bienestar-de-dif-sinaloa-es-este-11-y-12-de-octubre\/","name":"\u00a1No lo olvides! El Cuadrangular del Bienestar de DIF Sinaloa es este 11 y 12 de octubre - Fuentes Fidedignas","isPartOf":{"@id":"https:\/\/fuentesfidedignas.com.mx\/#website"},"primaryImageOfPage":{"@id":"https:\/\/fuentesfidedignas.com.mx\/index.php\/2025\/10\/02\/no-lo-olvides-el-cuadrangular-del-bienestar-de-dif-sinaloa-es-este-11-y-12-de-octubre\/#primaryimage"},"image":{"@id":"https:\/\/fuentesfidedignas.com.mx\/index.php\/2025\/10\/02\/no-lo-olvides-el-cuadrangular-del-bienestar-de-dif-sinaloa-es-este-11-y-12-de-octubre\/#primaryimage"},"thumbnailUrl":"https:\/\/fuentesfidedignas.com.mx\/wp-content\/uploads\/2025\/10\/WhatsApp-Image-2025-10-02-at-12.40.02-PM.jpeg","datePublished":"2025-10-02T21:24:52+00:00","dateModified":"2025-10-02T21:30:56+00:00","breadcrumb":{"@id":"https:\/\/fuentesfidedignas.com.mx\/index.php\/2025\/10\/02\/no-lo-olvides-el-cuadrangular-del-bienestar-de-dif-sinaloa-es-este-11-y-12-de-octubre\/#breadcrumb"},"inLanguage":"es","potentialAction":[{"@type":"ReadAction","target":["https:\/\/fuentesfidedignas.com.mx\/index.php\/2025\/10\/02\/no-lo-olvides-el-cuadrangular-del-bienestar-de-dif-sinaloa-es-este-11-y-12-de-octubre\/"]}]},{"@type":"ImageObject","inLanguage":"es","@id":"https:\/\/fuentesfidedignas.com.mx\/index.php\/2025\/10\/02\/no-lo-olvides-el-cuadrangular-del-bienestar-de-dif-sinaloa-es-este-11-y-12-de-octubre\/#primaryimage","url":"https:\/\/fuentesfidedignas.com.mx\/wp-content\/uploads\/2025\/10\/WhatsApp-Image-2025-10-02-at-12.40.02-PM.jpeg","contentUrl":"https:\/\/fuentesfidedignas.com.mx\/wp-content\/uploads\/2025\/10\/WhatsApp-Image-2025-10-02-at-12.40.02-PM.jpeg","width":500,"height":333},{"@type":"BreadcrumbList","@id":"https:\/\/fuentesfidedignas.com.mx\/index.php\/2025\/10\/02\/no-lo-olvides-el-cuadrangular-del-bienestar-de-dif-sinaloa-es-este-11-y-12-de-octubre\/#breadcrumb","itemListElement":[{"@type":"ListItem","position":1,"name":"Inicio","item":"https:\/\/fuentesfidedignas.com.mx\/"},{"@type":"ListItem","position":2,"name":"\u00a1No lo olvides! El Cuadrangular del Bienestar de DIF Sinaloa es este 11 y 12 de octubre"}]},{"@type":"WebSite","@id":"https:\/\/fuentesfidedignas.com.mx\/#website","url":"https:\/\/fuentesfidedignas.com.mx\/","name":"Fuentes Fidedignas","description":"Otro sitio realizado con WordPress","publisher":{"@id":"https:\/\/fuentesfidedignas.com.mx\/#organization"},"potentialAction":[{"@type":"SearchAction","target":{"@type":"EntryPoint","urlTemplate":"https:\/\/fuentesfidedignas.com.mx\/?s={search_term_string}"},"query-input":{"@type":"PropertyValueSpecification","valueRequired":true,"valueName":"search_term_string"}}],"inLanguage":"es"},{"@type":"Organization","@id":"https:\/\/fuentesfidedignas.com.mx\/#organization","name":"Fuentes Fidedignas","url":"https:\/\/fuentesfidedignas.com.mx\/","logo":{"@type":"ImageObject","inLanguage":"es","@id":"https:\/\/fuentesfidedignas.com.mx\/#\/schema\/logo\/image\/","url":"https:\/\/fuentesfidedignas.com.mx\/wp-content\/uploads\/2021\/04\/logo-retina.png","contentUrl":"https:\/\/fuentesfidedignas.com.mx\/wp-content\/uploads\/2021\/04\/logo-retina.png","width":280,"height":51,"caption":"Fuentes Fidedignas"},"image":{"@id":"https:\/\/fuentesfidedignas.com.mx\/#\/schema\/logo\/image\/"},"sameAs":["https:\/\/www.facebook.com\/Fuentes-Fidedignas-368234489921644","https:\/\/x.com\/fidedignas"]},{"@type":"Person","@id":"https:\/\/fuentesfidedignas.com.mx\/#\/schema\/person\/331be9283d37198e2acd5750279085b0","name":"Redacci\u00f3n","image":{"@type":"ImageObject","inLanguage":"es","@id":"https:\/\/secure.gravatar.com\/avatar\/f6d8782c11d12b2d4ad3fbb6931aeab5309937a4d6cd2fc9cfaa28a6396a5aec?s=96&d=mm&r=g","url":"https:\/\/secure.gravatar.com\/avatar\/f6d8782c11d12b2d4ad3fbb6931aeab5309937a4d6cd2fc9cfaa28a6396a5aec?s=96&d=mm&r=g","contentUrl":"https:\/\/secure.gravatar.com\/avatar\/f6d8782c11d12b2d4ad3fbb6931aeab5309937a4d6cd2fc9cfaa28a6396a5aec?s=96&d=mm&r=g","caption":"Redacci\u00f3n"},"url":"https:\/\/fuentesfidedignas.com.mx\/index.php\/author\/redaccion\/"}]}},"_links":{"self":[{"href":"https:\/\/fuentesfidedignas.com.mx\/index.php\/wp-json\/wp\/v2\/posts\/118584","targetHints":{"allow":["GET"]}}],"collection":[{"href":"https:\/\/fuentesfidedignas.com.mx\/index.php\/wp-json\/wp\/v2\/posts"}],"about":[{"href":"https:\/\/fuentesfidedignas.com.mx\/index.php\/wp-json\/wp\/v2\/types\/post"}],"author":[{"embeddable":true,"href":"https:\/\/fuentesfidedignas.com.mx\/index.php\/wp-json\/wp\/v2\/users\/4"}],"replies":[{"embeddable":true,"href":"https:\/\/fuentesfidedignas.com.mx\/index.php\/wp-json\/wp\/v2\/comments?post=118584"}],"version-history":[{"count":3,"href":"https:\/\/fuentesfidedignas.com.mx\/index.php\/wp-json\/wp\/v2\/posts\/118584\/revisions"}],"predecessor-version":[{"id":118588,"href":"https:\/\/fuentesfidedignas.com.mx\/index.php\/wp-json\/wp\/v2\/posts\/118584\/revisions\/118588"}],"wp:featuredmedia":[{"embeddable":true,"href":"https:\/\/fuentesfidedignas.com.mx\/index.php\/wp-json\/wp\/v2\/media\/118585"}],"wp:attachment":[{"href":"https:\/\/fuentesfidedignas.com.mx\/index.php\/wp-json\/wp\/v2\/media?parent=118584"}],"wp:term":[{"taxonomy":"category","embeddable":true,"href":"https:\/\/fuentesfidedignas.com.mx\/index.php\/wp-json\/wp\/v2\/categories?post=118584"},{"taxonomy":"post_tag","embeddable":true,"href":"https:\/\/fuentesfidedignas.com.mx\/index.php\/wp-json\/wp\/v2\/tags?post=118584"}],"curies":[{"name":"wp","href":"https:\/\/api.w.org\/{rel}","templated":true}]}}