{"id":118558,"date":"2025-10-02T09:47:29","date_gmt":"2025-10-02T16:47:29","guid":{"rendered":"https:\/\/fuentesfidedignas.com.mx\/?p=118558"},"modified":"2025-10-02T10:44:52","modified_gmt":"2025-10-02T17:44:52","slug":"tlatelolco-y-la-memoria-herida","status":"publish","type":"post","link":"https:\/\/fuentesfidedignas.com.mx\/index.php\/2025\/10\/02\/tlatelolco-y-la-memoria-herida\/","title":{"rendered":"Tlatelolco y la Memoria Herida"},"content":{"rendered":"\n<p>\u00bfQu\u00e9 significa recordar cuando el olvido se ha institucionalizado como pol\u00edtica de Estado? El 2 de octubre de 1968 no es una fecha: es una herida que se niega a cicatrizar, un grito congelado en el tiempo que todav\u00eda resuena en los adoquines de la Plaza de las Tres Culturas.<br>Aquella tarde, mientras el sol descend\u00eda sobre Tlatelolco, la juventud mexicana aprendi\u00f3 una lecci\u00f3n terrible: que la esperanza tambi\u00e9n sangra, que los ideales pueden ser acribillados, que la sed de justicia puede ahogarse en su propia sangre. No fueron solo cuerpos los que cayeron esa noche \u2014fueron tambi\u00e9n las ilusiones de una generaci\u00f3n que crey\u00f3 posible transformar su realidad a trav\u00e9s del di\u00e1logo y la raz\u00f3n.<br>Existe una violencia m\u00e1s profunda que la de las balas: la violencia del silencio impuesto. Durante d\u00e9cadas, Tlatelolco fue un nombre que se susurraba, una verdad que se ocultaba en los m\u00e1rgenes de la historia oficial. \u00bfCu\u00e1ntos estudiantes cayeron? La pregunta misma se convirti\u00f3 en un abismo donde se perd\u00edan las respuestas, donde los n\u00fameros se difuminaban deliberadamente para que la magnitud de la atrocidad nunca pudiera ser completamente comprendida.<br>\u00bfQu\u00e9 sucede cuando una sociedad decide no mirar directamente a su propio horror? Se produce una forma de amnesia moral, un pacto t\u00e1cito donde todos fingimos que el pasado puede enterrarse sin consecuencias. Pero la memoria hist\u00f3rica no es un archivo que podamos cerrar y olvidar; es un organismo vivo que, cuando se le niega, enferma y contamina el presente.<br>Tlatelolco nos ense\u00f1a que la democracia no fue un regalo: fue una conquista dolorosa, pagada con la vida de estudiantes que ten\u00edan nuestra edad, que so\u00f1aban como nosotros so\u00f1amos, que amaban como nosotros amamos. Ellos no eran h\u00e9roes m\u00edticos de un tiempo remoto; eran j\u00f3venes de carne y hueso que un d\u00eda decidieron que el silencio ya no era una opci\u00f3n.<br>Cada generaci\u00f3n enfrenta una pregunta fundamental: \u00bfheredaremos la memoria o la traicionaremos con nuestra indiferencia? Porque recordar no es simplemente conocer fechas y cifras; recordar es un acto de resistencia moral, es negarse a normalizar la injusticia, es comprender que aquellos disparos no solo buscaban silenciar voces, sino tambi\u00e9n matar futuros.<br>Cuando hoy caminamos libremente por un campus universitario, cuando expresamos nuestras ideas sin temor a ser perseguidos, cuando cuestionamos al poder sin que eso signifique una sentencia de muerte, estamos habitando el espacio que aquellos estudiantes abrieron con su sangre. Su sacrificio no fue en vano, pero su legado se desvanece cada vez que elegimos la comodidad del olvido.<br>\u00bfQu\u00e9 significa para nosotros, hoy, este 2 de octubre? No puede ser una conmemoraci\u00f3n ritual, un acto protocolar donde mencionamos la tragedia y luego regresamos a nuestras vidas sin que nada en nosotros se transforme. Tlatelolco nos exige algo m\u00e1s profundo: nos exige preguntarnos qu\u00e9 injusticias de nuestro presente estamos normalizando, qu\u00e9 violencias contempor\u00e1neas estamos aceptando con nuestro silencio.<br>La memoria no es nostalgia: es br\u00fajula moral. Recordar Tlatelolco es comprometernos a construir el pa\u00eds por el que aquellos j\u00f3venes lucharon. Es entender que la democracia es fr\u00e1gil, que los derechos se defienden cada d\u00eda, que la libertad siempre est\u00e1 a una generaci\u00f3n de distancia de la extinci\u00f3n.<br>En la Plaza de las Tres Culturas, donde convergen el M\u00e9xico prehisp\u00e1nico, el colonial y el moderno, se condens\u00f3 tambi\u00e9n la tragedia de un pa\u00eds que asesin\u00f3 a su propia juventud. Pero en ese mismo espacio habita tambi\u00e9n la resistencia de quienes se niegan a olvidar, de quienes entienden que honrar a los ca\u00eddos no es solo un acto de piedad, sino de justicia.<br>Que este 2 de octubre no sea solo una fecha en el calendario. Que sea el recordatorio permanente de que la indiferencia es c\u00f3mplice, de que el olvido es traici\u00f3n, de que nuestra responsabilidad con la historia es tambi\u00e9n nuestra responsabilidad con el futuro.<br>No se olvida.<\/p>\n\n\n\n<figure class=\"wp-block-gallery has-nested-images columns-default is-cropped wp-block-gallery-1 is-layout-flex wp-block-gallery-is-layout-flex\">\n<figure class=\"wp-block-image size-large\"><img decoding=\"async\" width=\"1024\" height=\"1013\" data-id=\"118566\" src=\"https:\/\/fuentesfidedignas.com.mx\/wp-content\/uploads\/2025\/10\/WhatsApp-Image-2025-10-02-at-8.08.40-AM-1-1024x1013.jpeg\" alt=\"\" class=\"wp-image-118566\" srcset=\"https:\/\/fuentesfidedignas.com.mx\/wp-content\/uploads\/2025\/10\/WhatsApp-Image-2025-10-02-at-8.08.40-AM-1-1024x1013.jpeg 1024w, https:\/\/fuentesfidedignas.com.mx\/wp-content\/uploads\/2025\/10\/WhatsApp-Image-2025-10-02-at-8.08.40-AM-1-300x297.jpeg 300w, https:\/\/fuentesfidedignas.com.mx\/wp-content\/uploads\/2025\/10\/WhatsApp-Image-2025-10-02-at-8.08.40-AM-1-768x760.jpeg 768w, https:\/\/fuentesfidedignas.com.mx\/wp-content\/uploads\/2025\/10\/WhatsApp-Image-2025-10-02-at-8.08.40-AM-1-1536x1520.jpeg 1536w, https:\/\/fuentesfidedignas.com.mx\/wp-content\/uploads\/2025\/10\/WhatsApp-Image-2025-10-02-at-8.08.40-AM-1-425x420.jpeg 425w, https:\/\/fuentesfidedignas.com.mx\/wp-content\/uploads\/2025\/10\/WhatsApp-Image-2025-10-02-at-8.08.40-AM-1-849x840.jpeg 849w, https:\/\/fuentesfidedignas.com.mx\/wp-content\/uploads\/2025\/10\/WhatsApp-Image-2025-10-02-at-8.08.40-AM-1-600x594.jpeg 600w, https:\/\/fuentesfidedignas.com.mx\/wp-content\/uploads\/2025\/10\/WhatsApp-Image-2025-10-02-at-8.08.40-AM-1-696x689.jpeg 696w, https:\/\/fuentesfidedignas.com.mx\/wp-content\/uploads\/2025\/10\/WhatsApp-Image-2025-10-02-at-8.08.40-AM-1-1392x1377.jpeg 1392w, https:\/\/fuentesfidedignas.com.mx\/wp-content\/uploads\/2025\/10\/WhatsApp-Image-2025-10-02-at-8.08.40-AM-1-1068x1057.jpeg 1068w, https:\/\/fuentesfidedignas.com.mx\/wp-content\/uploads\/2025\/10\/WhatsApp-Image-2025-10-02-at-8.08.40-AM-1.jpeg 1600w\" sizes=\"(max-width: 1024px) 100vw, 1024px\" \/><\/figure>\n\n\n\n<figure class=\"wp-block-image size-large\"><img decoding=\"async\" width=\"1024\" height=\"656\" data-id=\"118567\" src=\"https:\/\/fuentesfidedignas.com.mx\/wp-content\/uploads\/2025\/10\/WhatsApp-Image-2025-10-02-at-8.08.40-AM-1024x656.jpeg\" alt=\"\" class=\"wp-image-118567\" srcset=\"https:\/\/fuentesfidedignas.com.mx\/wp-content\/uploads\/2025\/10\/WhatsApp-Image-2025-10-02-at-8.08.40-AM-1024x656.jpeg 1024w, https:\/\/fuentesfidedignas.com.mx\/wp-content\/uploads\/2025\/10\/WhatsApp-Image-2025-10-02-at-8.08.40-AM-300x192.jpeg 300w, https:\/\/fuentesfidedignas.com.mx\/wp-content\/uploads\/2025\/10\/WhatsApp-Image-2025-10-02-at-8.08.40-AM-768x492.jpeg 768w, https:\/\/fuentesfidedignas.com.mx\/wp-content\/uploads\/2025\/10\/WhatsApp-Image-2025-10-02-at-8.08.40-AM-1536x984.jpeg 1536w, https:\/\/fuentesfidedignas.com.mx\/wp-content\/uploads\/2025\/10\/WhatsApp-Image-2025-10-02-at-8.08.40-AM-656x420.jpeg 656w, https:\/\/fuentesfidedignas.com.mx\/wp-content\/uploads\/2025\/10\/WhatsApp-Image-2025-10-02-at-8.08.40-AM-1311x840.jpeg 1311w, https:\/\/fuentesfidedignas.com.mx\/wp-content\/uploads\/2025\/10\/WhatsApp-Image-2025-10-02-at-8.08.40-AM-600x384.jpeg 600w, https:\/\/fuentesfidedignas.com.mx\/wp-content\/uploads\/2025\/10\/WhatsApp-Image-2025-10-02-at-8.08.40-AM-696x446.jpeg 696w, https:\/\/fuentesfidedignas.com.mx\/wp-content\/uploads\/2025\/10\/WhatsApp-Image-2025-10-02-at-8.08.40-AM-1392x892.jpeg 1392w, https:\/\/fuentesfidedignas.com.mx\/wp-content\/uploads\/2025\/10\/WhatsApp-Image-2025-10-02-at-8.08.40-AM-1068x684.jpeg 1068w, https:\/\/fuentesfidedignas.com.mx\/wp-content\/uploads\/2025\/10\/WhatsApp-Image-2025-10-02-at-8.08.40-AM.jpeg 1600w\" sizes=\"(max-width: 1024px) 100vw, 1024px\" \/><\/figure>\n\n\n\n<figure class=\"wp-block-image size-large\"><img decoding=\"async\" width=\"1020\" height=\"1024\" data-id=\"118565\" src=\"https:\/\/fuentesfidedignas.com.mx\/wp-content\/uploads\/2025\/10\/WhatsApp-Image-2025-10-02-at-8.08.41-AM-1-1020x1024.jpeg\" alt=\"\" class=\"wp-image-118565\" srcset=\"https:\/\/fuentesfidedignas.com.mx\/wp-content\/uploads\/2025\/10\/WhatsApp-Image-2025-10-02-at-8.08.41-AM-1-1020x1024.jpeg 1020w, https:\/\/fuentesfidedignas.com.mx\/wp-content\/uploads\/2025\/10\/WhatsApp-Image-2025-10-02-at-8.08.41-AM-1-300x301.jpeg 300w, https:\/\/fuentesfidedignas.com.mx\/wp-content\/uploads\/2025\/10\/WhatsApp-Image-2025-10-02-at-8.08.41-AM-1-150x150.jpeg 150w, https:\/\/fuentesfidedignas.com.mx\/wp-content\/uploads\/2025\/10\/WhatsApp-Image-2025-10-02-at-8.08.41-AM-1-768x771.jpeg 768w, https:\/\/fuentesfidedignas.com.mx\/wp-content\/uploads\/2025\/10\/WhatsApp-Image-2025-10-02-at-8.08.41-AM-1-1530x1536.jpeg 1530w, https:\/\/fuentesfidedignas.com.mx\/wp-content\/uploads\/2025\/10\/WhatsApp-Image-2025-10-02-at-8.08.41-AM-1-418x420.jpeg 418w, https:\/\/fuentesfidedignas.com.mx\/wp-content\/uploads\/2025\/10\/WhatsApp-Image-2025-10-02-at-8.08.41-AM-1-837x840.jpeg 837w, https:\/\/fuentesfidedignas.com.mx\/wp-content\/uploads\/2025\/10\/WhatsApp-Image-2025-10-02-at-8.08.41-AM-1-600x602.jpeg 600w, https:\/\/fuentesfidedignas.com.mx\/wp-content\/uploads\/2025\/10\/WhatsApp-Image-2025-10-02-at-8.08.41-AM-1-696x699.jpeg 696w, https:\/\/fuentesfidedignas.com.mx\/wp-content\/uploads\/2025\/10\/WhatsApp-Image-2025-10-02-at-8.08.41-AM-1-1392x1397.jpeg 1392w, https:\/\/fuentesfidedignas.com.mx\/wp-content\/uploads\/2025\/10\/WhatsApp-Image-2025-10-02-at-8.08.41-AM-1-1068x1072.jpeg 1068w, https:\/\/fuentesfidedignas.com.mx\/wp-content\/uploads\/2025\/10\/WhatsApp-Image-2025-10-02-at-8.08.41-AM-1.jpeg 1594w\" sizes=\"(max-width: 1020px) 100vw, 1020px\" \/><\/figure>\n\n\n\n<figure class=\"wp-block-image size-large\"><img decoding=\"async\" width=\"1024\" height=\"602\" data-id=\"118564\" src=\"https:\/\/fuentesfidedignas.com.mx\/wp-content\/uploads\/2025\/10\/WhatsApp-Image-2025-10-02-at-8.08.41-AM-2-1024x602.jpeg\" alt=\"\" class=\"wp-image-118564\" srcset=\"https:\/\/fuentesfidedignas.com.mx\/wp-content\/uploads\/2025\/10\/WhatsApp-Image-2025-10-02-at-8.08.41-AM-2-1024x602.jpeg 1024w, https:\/\/fuentesfidedignas.com.mx\/wp-content\/uploads\/2025\/10\/WhatsApp-Image-2025-10-02-at-8.08.41-AM-2-300x176.jpeg 300w, https:\/\/fuentesfidedignas.com.mx\/wp-content\/uploads\/2025\/10\/WhatsApp-Image-2025-10-02-at-8.08.41-AM-2-768x451.jpeg 768w, https:\/\/fuentesfidedignas.com.mx\/wp-content\/uploads\/2025\/10\/WhatsApp-Image-2025-10-02-at-8.08.41-AM-2-1536x902.jpeg 1536w, https:\/\/fuentesfidedignas.com.mx\/wp-content\/uploads\/2025\/10\/WhatsApp-Image-2025-10-02-at-8.08.41-AM-2-715x420.jpeg 715w, https:\/\/fuentesfidedignas.com.mx\/wp-content\/uploads\/2025\/10\/WhatsApp-Image-2025-10-02-at-8.08.41-AM-2-1430x840.jpeg 1430w, https:\/\/fuentesfidedignas.com.mx\/wp-content\/uploads\/2025\/10\/WhatsApp-Image-2025-10-02-at-8.08.41-AM-2-600x353.jpeg 600w, https:\/\/fuentesfidedignas.com.mx\/wp-content\/uploads\/2025\/10\/WhatsApp-Image-2025-10-02-at-8.08.41-AM-2-696x409.jpeg 696w, https:\/\/fuentesfidedignas.com.mx\/wp-content\/uploads\/2025\/10\/WhatsApp-Image-2025-10-02-at-8.08.41-AM-2-1392x818.jpeg 1392w, https:\/\/fuentesfidedignas.com.mx\/wp-content\/uploads\/2025\/10\/WhatsApp-Image-2025-10-02-at-8.08.41-AM-2-1068x627.jpeg 1068w, https:\/\/fuentesfidedignas.com.mx\/wp-content\/uploads\/2025\/10\/WhatsApp-Image-2025-10-02-at-8.08.41-AM-2.jpeg 1600w\" sizes=\"(max-width: 1024px) 100vw, 1024px\" \/><\/figure>\n\n\n\n<figure class=\"wp-block-image size-large\"><img decoding=\"async\" width=\"1024\" height=\"603\" data-id=\"118563\" src=\"https:\/\/fuentesfidedignas.com.mx\/wp-content\/uploads\/2025\/10\/WhatsApp-Image-2025-10-02-at-8.08.41-AM-3-1024x603.jpeg\" alt=\"\" class=\"wp-image-118563\" srcset=\"https:\/\/fuentesfidedignas.com.mx\/wp-content\/uploads\/2025\/10\/WhatsApp-Image-2025-10-02-at-8.08.41-AM-3-1024x603.jpeg 1024w, https:\/\/fuentesfidedignas.com.mx\/wp-content\/uploads\/2025\/10\/WhatsApp-Image-2025-10-02-at-8.08.41-AM-3-300x177.jpeg 300w, https:\/\/fuentesfidedignas.com.mx\/wp-content\/uploads\/2025\/10\/WhatsApp-Image-2025-10-02-at-8.08.41-AM-3-768x452.jpeg 768w, https:\/\/fuentesfidedignas.com.mx\/wp-content\/uploads\/2025\/10\/WhatsApp-Image-2025-10-02-at-8.08.41-AM-3-1536x904.jpeg 1536w, https:\/\/fuentesfidedignas.com.mx\/wp-content\/uploads\/2025\/10\/WhatsApp-Image-2025-10-02-at-8.08.41-AM-3-713x420.jpeg 713w, https:\/\/fuentesfidedignas.com.mx\/wp-content\/uploads\/2025\/10\/WhatsApp-Image-2025-10-02-at-8.08.41-AM-3-1427x840.jpeg 1427w, https:\/\/fuentesfidedignas.com.mx\/wp-content\/uploads\/2025\/10\/WhatsApp-Image-2025-10-02-at-8.08.41-AM-3-600x353.jpeg 600w, https:\/\/fuentesfidedignas.com.mx\/wp-content\/uploads\/2025\/10\/WhatsApp-Image-2025-10-02-at-8.08.41-AM-3-696x410.jpeg 696w, https:\/\/fuentesfidedignas.com.mx\/wp-content\/uploads\/2025\/10\/WhatsApp-Image-2025-10-02-at-8.08.41-AM-3-1392x820.jpeg 1392w, https:\/\/fuentesfidedignas.com.mx\/wp-content\/uploads\/2025\/10\/WhatsApp-Image-2025-10-02-at-8.08.41-AM-3-1068x629.jpeg 1068w, https:\/\/fuentesfidedignas.com.mx\/wp-content\/uploads\/2025\/10\/WhatsApp-Image-2025-10-02-at-8.08.41-AM-3.jpeg 1600w\" sizes=\"(max-width: 1024px) 100vw, 1024px\" \/><\/figure>\n\n\n\n<figure class=\"wp-block-image size-large\"><img decoding=\"async\" width=\"1024\" height=\"683\" data-id=\"118561\" src=\"https:\/\/fuentesfidedignas.com.mx\/wp-content\/uploads\/2025\/10\/WhatsApp-Image-2025-10-02-at-8.08.41-AM-5-1024x683.jpeg\" alt=\"\" class=\"wp-image-118561\" srcset=\"https:\/\/fuentesfidedignas.com.mx\/wp-content\/uploads\/2025\/10\/WhatsApp-Image-2025-10-02-at-8.08.41-AM-5-1024x683.jpeg 1024w, https:\/\/fuentesfidedignas.com.mx\/wp-content\/uploads\/2025\/10\/WhatsApp-Image-2025-10-02-at-8.08.41-AM-5-300x200.jpeg 300w, https:\/\/fuentesfidedignas.com.mx\/wp-content\/uploads\/2025\/10\/WhatsApp-Image-2025-10-02-at-8.08.41-AM-5-768x512.jpeg 768w, https:\/\/fuentesfidedignas.com.mx\/wp-content\/uploads\/2025\/10\/WhatsApp-Image-2025-10-02-at-8.08.41-AM-5-630x420.jpeg 630w, https:\/\/fuentesfidedignas.com.mx\/wp-content\/uploads\/2025\/10\/WhatsApp-Image-2025-10-02-at-8.08.41-AM-5-600x400.jpeg 600w, https:\/\/fuentesfidedignas.com.mx\/wp-content\/uploads\/2025\/10\/WhatsApp-Image-2025-10-02-at-8.08.41-AM-5-696x464.jpeg 696w, https:\/\/fuentesfidedignas.com.mx\/wp-content\/uploads\/2025\/10\/WhatsApp-Image-2025-10-02-at-8.08.41-AM-5-1068x712.jpeg 1068w, https:\/\/fuentesfidedignas.com.mx\/wp-content\/uploads\/2025\/10\/WhatsApp-Image-2025-10-02-at-8.08.41-AM-5.jpeg 1200w\" sizes=\"(max-width: 1024px) 100vw, 1024px\" \/><\/figure>\n\n\n\n<figure class=\"wp-block-image size-large\"><img decoding=\"async\" width=\"1024\" height=\"1024\" data-id=\"118562\" src=\"https:\/\/fuentesfidedignas.com.mx\/wp-content\/uploads\/2025\/10\/WhatsApp-Image-2025-10-02-at-8.08.41-AM-4-1024x1024.jpeg\" alt=\"\" class=\"wp-image-118562\" srcset=\"https:\/\/fuentesfidedignas.com.mx\/wp-content\/uploads\/2025\/10\/WhatsApp-Image-2025-10-02-at-8.08.41-AM-4-1024x1024.jpeg 1024w, https:\/\/fuentesfidedignas.com.mx\/wp-content\/uploads\/2025\/10\/WhatsApp-Image-2025-10-02-at-8.08.41-AM-4-300x300.jpeg 300w, https:\/\/fuentesfidedignas.com.mx\/wp-content\/uploads\/2025\/10\/WhatsApp-Image-2025-10-02-at-8.08.41-AM-4-150x150.jpeg 150w, https:\/\/fuentesfidedignas.com.mx\/wp-content\/uploads\/2025\/10\/WhatsApp-Image-2025-10-02-at-8.08.41-AM-4-768x768.jpeg 768w, https:\/\/fuentesfidedignas.com.mx\/wp-content\/uploads\/2025\/10\/WhatsApp-Image-2025-10-02-at-8.08.41-AM-4-420x420.jpeg 420w, https:\/\/fuentesfidedignas.com.mx\/wp-content\/uploads\/2025\/10\/WhatsApp-Image-2025-10-02-at-8.08.41-AM-4-840x840.jpeg 840w, https:\/\/fuentesfidedignas.com.mx\/wp-content\/uploads\/2025\/10\/WhatsApp-Image-2025-10-02-at-8.08.41-AM-4-600x600.jpeg 600w, https:\/\/fuentesfidedignas.com.mx\/wp-content\/uploads\/2025\/10\/WhatsApp-Image-2025-10-02-at-8.08.41-AM-4-696x696.jpeg 696w, https:\/\/fuentesfidedignas.com.mx\/wp-content\/uploads\/2025\/10\/WhatsApp-Image-2025-10-02-at-8.08.41-AM-4-1068x1068.jpeg 1068w, https:\/\/fuentesfidedignas.com.mx\/wp-content\/uploads\/2025\/10\/WhatsApp-Image-2025-10-02-at-8.08.41-AM-4.jpeg 1200w\" sizes=\"(max-width: 1024px) 100vw, 1024px\" \/><\/figure>\n\n\n\n<figure class=\"wp-block-image size-large\"><img decoding=\"async\" width=\"1024\" height=\"1024\" data-id=\"118560\" src=\"https:\/\/fuentesfidedignas.com.mx\/wp-content\/uploads\/2025\/10\/WhatsApp-Image-2025-10-02-at-8.08.42-AM-1024x1024.jpeg\" alt=\"\" class=\"wp-image-118560\" srcset=\"https:\/\/fuentesfidedignas.com.mx\/wp-content\/uploads\/2025\/10\/WhatsApp-Image-2025-10-02-at-8.08.42-AM-1024x1024.jpeg 1024w, https:\/\/fuentesfidedignas.com.mx\/wp-content\/uploads\/2025\/10\/WhatsApp-Image-2025-10-02-at-8.08.42-AM-300x300.jpeg 300w, https:\/\/fuentesfidedignas.com.mx\/wp-content\/uploads\/2025\/10\/WhatsApp-Image-2025-10-02-at-8.08.42-AM-150x150.jpeg 150w, https:\/\/fuentesfidedignas.com.mx\/wp-content\/uploads\/2025\/10\/WhatsApp-Image-2025-10-02-at-8.08.42-AM-768x768.jpeg 768w, https:\/\/fuentesfidedignas.com.mx\/wp-content\/uploads\/2025\/10\/WhatsApp-Image-2025-10-02-at-8.08.42-AM-420x420.jpeg 420w, https:\/\/fuentesfidedignas.com.mx\/wp-content\/uploads\/2025\/10\/WhatsApp-Image-2025-10-02-at-8.08.42-AM-840x840.jpeg 840w, https:\/\/fuentesfidedignas.com.mx\/wp-content\/uploads\/2025\/10\/WhatsApp-Image-2025-10-02-at-8.08.42-AM-600x600.jpeg 600w, https:\/\/fuentesfidedignas.com.mx\/wp-content\/uploads\/2025\/10\/WhatsApp-Image-2025-10-02-at-8.08.42-AM-696x696.jpeg 696w, https:\/\/fuentesfidedignas.com.mx\/wp-content\/uploads\/2025\/10\/WhatsApp-Image-2025-10-02-at-8.08.42-AM-1068x1068.jpeg 1068w, https:\/\/fuentesfidedignas.com.mx\/wp-content\/uploads\/2025\/10\/WhatsApp-Image-2025-10-02-at-8.08.42-AM.jpeg 1200w\" sizes=\"(max-width: 1024px) 100vw, 1024px\" \/><\/figure>\n<\/figure>\n","protected":false},"excerpt":{"rendered":"<p>\u00bfQu\u00e9 significa recordar cuando el olvido se ha institucionalizado como pol\u00edtica de Estado? El 2 de octubre de 1968 no es una fecha: es una herida que se niega a cicatrizar, un grito congelado en el tiempo que todav\u00eda resuena en los adoquines de la Plaza de las Tres Culturas.Aquella tarde, mientras el sol descend\u00eda [&hellip;]<\/p>\n","protected":false},"author":146,"featured_media":118559,"comment_status":"open","ping_status":"open","sticky":false,"template":"","format":"standard","meta":{"tdm_status":"","tdm_grid_status":"","footnotes":""},"categories":[3064,3089],"tags":[],"class_list":{"0":"post-118558","1":"post","2":"type-post","3":"status-publish","4":"format-standard","5":"has-post-thumbnail","7":"category-columnas","8":"category-nutriendo-la-mente"},"yoast_head":"<!-- This site is optimized with the Yoast SEO plugin v27.5 - https:\/\/yoast.com\/product\/yoast-seo-wordpress\/ -->\n<title>Tlatelolco y la Memoria Herida - Fuentes Fidedignas<\/title>\n<meta name=\"robots\" content=\"index, follow, max-snippet:-1, max-image-preview:large, max-video-preview:-1\" \/>\n<link rel=\"canonical\" href=\"https:\/\/fuentesfidedignas.com.mx\/index.php\/2025\/10\/02\/tlatelolco-y-la-memoria-herida\/\" \/>\n<meta property=\"og:locale\" content=\"es_MX\" \/>\n<meta property=\"og:type\" content=\"article\" \/>\n<meta property=\"og:title\" content=\"Tlatelolco y la Memoria Herida - Fuentes Fidedignas\" \/>\n<meta property=\"og:description\" content=\"\u00bfQu\u00e9 significa recordar cuando el olvido se ha institucionalizado como pol\u00edtica de Estado? El 2 de octubre de 1968 no es una fecha: es una herida que se niega a cicatrizar, un grito congelado en el tiempo que todav\u00eda resuena en los adoquines de la Plaza de las Tres Culturas.Aquella tarde, mientras el sol descend\u00eda [&hellip;]\" \/>\n<meta property=\"og:url\" content=\"https:\/\/fuentesfidedignas.com.mx\/index.php\/2025\/10\/02\/tlatelolco-y-la-memoria-herida\/\" \/>\n<meta property=\"og:site_name\" content=\"Fuentes Fidedignas\" \/>\n<meta property=\"article:publisher\" content=\"https:\/\/www.facebook.com\/Fuentes-Fidedignas-368234489921644\" \/>\n<meta property=\"article:published_time\" content=\"2025-10-02T16:47:29+00:00\" \/>\n<meta property=\"article:modified_time\" content=\"2025-10-02T17:44:52+00:00\" \/>\n<meta property=\"og:image\" content=\"https:\/\/fuentesfidedignas.com.mx\/wp-content\/uploads\/2025\/10\/2-de-octubre.jpg\" \/>\n\t<meta property=\"og:image:width\" content=\"500\" \/>\n\t<meta property=\"og:image:height\" content=\"282\" \/>\n\t<meta property=\"og:image:type\" content=\"image\/jpeg\" \/>\n<meta name=\"author\" content=\"Mtro. Horacio de Jes\u00fas Malcampo Moreno\" \/>\n<meta name=\"twitter:card\" content=\"summary_large_image\" \/>\n<meta name=\"twitter:creator\" content=\"@fidedignas\" \/>\n<meta name=\"twitter:site\" content=\"@fidedignas\" \/>\n<meta name=\"twitter:label1\" content=\"Escrito por\" \/>\n\t<meta name=\"twitter:data1\" content=\"Mtro. Horacio de Jes\u00fas Malcampo Moreno\" \/>\n\t<meta name=\"twitter:label2\" content=\"Tiempo de lectura\" \/>\n\t<meta name=\"twitter:data2\" content=\"5 minutos\" \/>\n<script type=\"application\/ld+json\" class=\"yoast-schema-graph\">{\"@context\":\"https:\\\/\\\/schema.org\",\"@graph\":[{\"@type\":\"Article\",\"@id\":\"https:\\\/\\\/fuentesfidedignas.com.mx\\\/index.php\\\/2025\\\/10\\\/02\\\/tlatelolco-y-la-memoria-herida\\\/#article\",\"isPartOf\":{\"@id\":\"https:\\\/\\\/fuentesfidedignas.com.mx\\\/index.php\\\/2025\\\/10\\\/02\\\/tlatelolco-y-la-memoria-herida\\\/\"},\"author\":{\"name\":\"Mtro. Horacio de Jes\u00fas Malcampo Moreno\",\"@id\":\"https:\\\/\\\/fuentesfidedignas.com.mx\\\/#\\\/schema\\\/person\\\/3f687c55082c557a647c7836bde45728\"},\"headline\":\"Tlatelolco y la Memoria Herida\",\"datePublished\":\"2025-10-02T16:47:29+00:00\",\"dateModified\":\"2025-10-02T17:44:52+00:00\",\"mainEntityOfPage\":{\"@id\":\"https:\\\/\\\/fuentesfidedignas.com.mx\\\/index.php\\\/2025\\\/10\\\/02\\\/tlatelolco-y-la-memoria-herida\\\/\"},\"wordCount\":685,\"commentCount\":0,\"publisher\":{\"@id\":\"https:\\\/\\\/fuentesfidedignas.com.mx\\\/#organization\"},\"image\":{\"@id\":\"https:\\\/\\\/fuentesfidedignas.com.mx\\\/index.php\\\/2025\\\/10\\\/02\\\/tlatelolco-y-la-memoria-herida\\\/#primaryimage\"},\"thumbnailUrl\":\"https:\\\/\\\/fuentesfidedignas.com.mx\\\/wp-content\\\/uploads\\\/2025\\\/10\\\/2-de-octubre.jpg\",\"articleSection\":[\"COLUMNAS\",\"NUTRIENDO LA MENTE\"],\"inLanguage\":\"es\",\"potentialAction\":[{\"@type\":\"CommentAction\",\"name\":\"Comment\",\"target\":[\"https:\\\/\\\/fuentesfidedignas.com.mx\\\/index.php\\\/2025\\\/10\\\/02\\\/tlatelolco-y-la-memoria-herida\\\/#respond\"]}]},{\"@type\":\"WebPage\",\"@id\":\"https:\\\/\\\/fuentesfidedignas.com.mx\\\/index.php\\\/2025\\\/10\\\/02\\\/tlatelolco-y-la-memoria-herida\\\/\",\"url\":\"https:\\\/\\\/fuentesfidedignas.com.mx\\\/index.php\\\/2025\\\/10\\\/02\\\/tlatelolco-y-la-memoria-herida\\\/\",\"name\":\"Tlatelolco y la Memoria Herida - Fuentes Fidedignas\",\"isPartOf\":{\"@id\":\"https:\\\/\\\/fuentesfidedignas.com.mx\\\/#website\"},\"primaryImageOfPage\":{\"@id\":\"https:\\\/\\\/fuentesfidedignas.com.mx\\\/index.php\\\/2025\\\/10\\\/02\\\/tlatelolco-y-la-memoria-herida\\\/#primaryimage\"},\"image\":{\"@id\":\"https:\\\/\\\/fuentesfidedignas.com.mx\\\/index.php\\\/2025\\\/10\\\/02\\\/tlatelolco-y-la-memoria-herida\\\/#primaryimage\"},\"thumbnailUrl\":\"https:\\\/\\\/fuentesfidedignas.com.mx\\\/wp-content\\\/uploads\\\/2025\\\/10\\\/2-de-octubre.jpg\",\"datePublished\":\"2025-10-02T16:47:29+00:00\",\"dateModified\":\"2025-10-02T17:44:52+00:00\",\"breadcrumb\":{\"@id\":\"https:\\\/\\\/fuentesfidedignas.com.mx\\\/index.php\\\/2025\\\/10\\\/02\\\/tlatelolco-y-la-memoria-herida\\\/#breadcrumb\"},\"inLanguage\":\"es\",\"potentialAction\":[{\"@type\":\"ReadAction\",\"target\":[\"https:\\\/\\\/fuentesfidedignas.com.mx\\\/index.php\\\/2025\\\/10\\\/02\\\/tlatelolco-y-la-memoria-herida\\\/\"]}]},{\"@type\":\"ImageObject\",\"inLanguage\":\"es\",\"@id\":\"https:\\\/\\\/fuentesfidedignas.com.mx\\\/index.php\\\/2025\\\/10\\\/02\\\/tlatelolco-y-la-memoria-herida\\\/#primaryimage\",\"url\":\"https:\\\/\\\/fuentesfidedignas.com.mx\\\/wp-content\\\/uploads\\\/2025\\\/10\\\/2-de-octubre.jpg\",\"contentUrl\":\"https:\\\/\\\/fuentesfidedignas.com.mx\\\/wp-content\\\/uploads\\\/2025\\\/10\\\/2-de-octubre.jpg\",\"width\":500,\"height\":282},{\"@type\":\"BreadcrumbList\",\"@id\":\"https:\\\/\\\/fuentesfidedignas.com.mx\\\/index.php\\\/2025\\\/10\\\/02\\\/tlatelolco-y-la-memoria-herida\\\/#breadcrumb\",\"itemListElement\":[{\"@type\":\"ListItem\",\"position\":1,\"name\":\"Inicio\",\"item\":\"https:\\\/\\\/fuentesfidedignas.com.mx\\\/\"},{\"@type\":\"ListItem\",\"position\":2,\"name\":\"Tlatelolco y la Memoria Herida\"}]},{\"@type\":\"WebSite\",\"@id\":\"https:\\\/\\\/fuentesfidedignas.com.mx\\\/#website\",\"url\":\"https:\\\/\\\/fuentesfidedignas.com.mx\\\/\",\"name\":\"Fuentes Fidedignas\",\"description\":\"Otro sitio realizado con WordPress\",\"publisher\":{\"@id\":\"https:\\\/\\\/fuentesfidedignas.com.mx\\\/#organization\"},\"potentialAction\":[{\"@type\":\"SearchAction\",\"target\":{\"@type\":\"EntryPoint\",\"urlTemplate\":\"https:\\\/\\\/fuentesfidedignas.com.mx\\\/?s={search_term_string}\"},\"query-input\":{\"@type\":\"PropertyValueSpecification\",\"valueRequired\":true,\"valueName\":\"search_term_string\"}}],\"inLanguage\":\"es\"},{\"@type\":\"Organization\",\"@id\":\"https:\\\/\\\/fuentesfidedignas.com.mx\\\/#organization\",\"name\":\"Fuentes Fidedignas\",\"url\":\"https:\\\/\\\/fuentesfidedignas.com.mx\\\/\",\"logo\":{\"@type\":\"ImageObject\",\"inLanguage\":\"es\",\"@id\":\"https:\\\/\\\/fuentesfidedignas.com.mx\\\/#\\\/schema\\\/logo\\\/image\\\/\",\"url\":\"https:\\\/\\\/fuentesfidedignas.com.mx\\\/wp-content\\\/uploads\\\/2021\\\/04\\\/logo-retina.png\",\"contentUrl\":\"https:\\\/\\\/fuentesfidedignas.com.mx\\\/wp-content\\\/uploads\\\/2021\\\/04\\\/logo-retina.png\",\"width\":280,\"height\":51,\"caption\":\"Fuentes Fidedignas\"},\"image\":{\"@id\":\"https:\\\/\\\/fuentesfidedignas.com.mx\\\/#\\\/schema\\\/logo\\\/image\\\/\"},\"sameAs\":[\"https:\\\/\\\/www.facebook.com\\\/Fuentes-Fidedignas-368234489921644\",\"https:\\\/\\\/x.com\\\/fidedignas\"]},{\"@type\":\"Person\",\"@id\":\"https:\\\/\\\/fuentesfidedignas.com.mx\\\/#\\\/schema\\\/person\\\/3f687c55082c557a647c7836bde45728\",\"name\":\"Mtro. Horacio de Jes\u00fas Malcampo Moreno\",\"image\":{\"@type\":\"ImageObject\",\"inLanguage\":\"es\",\"@id\":\"https:\\\/\\\/secure.gravatar.com\\\/avatar\\\/21fd667a5b9de079d383e44390566d4c728a6ce47b9b5e8419c61f1b793461ac?s=96&d=mm&r=g\",\"url\":\"https:\\\/\\\/secure.gravatar.com\\\/avatar\\\/21fd667a5b9de079d383e44390566d4c728a6ce47b9b5e8419c61f1b793461ac?s=96&d=mm&r=g\",\"contentUrl\":\"https:\\\/\\\/secure.gravatar.com\\\/avatar\\\/21fd667a5b9de079d383e44390566d4c728a6ce47b9b5e8419c61f1b793461ac?s=96&d=mm&r=g\",\"caption\":\"Mtro. Horacio de Jes\u00fas Malcampo Moreno\"},\"url\":\"https:\\\/\\\/fuentesfidedignas.com.mx\\\/index.php\\\/author\\\/horacio\\\/\"}]}<\/script>\n<!-- \/ Yoast SEO plugin. -->","yoast_head_json":{"title":"Tlatelolco y la Memoria Herida - Fuentes Fidedignas","robots":{"index":"index","follow":"follow","max-snippet":"max-snippet:-1","max-image-preview":"max-image-preview:large","max-video-preview":"max-video-preview:-1"},"canonical":"https:\/\/fuentesfidedignas.com.mx\/index.php\/2025\/10\/02\/tlatelolco-y-la-memoria-herida\/","og_locale":"es_MX","og_type":"article","og_title":"Tlatelolco y la Memoria Herida - Fuentes Fidedignas","og_description":"\u00bfQu\u00e9 significa recordar cuando el olvido se ha institucionalizado como pol\u00edtica de Estado? El 2 de octubre de 1968 no es una fecha: es una herida que se niega a cicatrizar, un grito congelado en el tiempo que todav\u00eda resuena en los adoquines de la Plaza de las Tres Culturas.Aquella tarde, mientras el sol descend\u00eda [&hellip;]","og_url":"https:\/\/fuentesfidedignas.com.mx\/index.php\/2025\/10\/02\/tlatelolco-y-la-memoria-herida\/","og_site_name":"Fuentes Fidedignas","article_publisher":"https:\/\/www.facebook.com\/Fuentes-Fidedignas-368234489921644","article_published_time":"2025-10-02T16:47:29+00:00","article_modified_time":"2025-10-02T17:44:52+00:00","og_image":[{"width":500,"height":282,"url":"https:\/\/fuentesfidedignas.com.mx\/wp-content\/uploads\/2025\/10\/2-de-octubre.jpg","type":"image\/jpeg"}],"author":"Mtro. Horacio de Jes\u00fas Malcampo Moreno","twitter_card":"summary_large_image","twitter_creator":"@fidedignas","twitter_site":"@fidedignas","twitter_misc":{"Escrito por":"Mtro. Horacio de Jes\u00fas Malcampo Moreno","Tiempo de lectura":"5 minutos"},"schema":{"@context":"https:\/\/schema.org","@graph":[{"@type":"Article","@id":"https:\/\/fuentesfidedignas.com.mx\/index.php\/2025\/10\/02\/tlatelolco-y-la-memoria-herida\/#article","isPartOf":{"@id":"https:\/\/fuentesfidedignas.com.mx\/index.php\/2025\/10\/02\/tlatelolco-y-la-memoria-herida\/"},"author":{"name":"Mtro. Horacio de Jes\u00fas Malcampo Moreno","@id":"https:\/\/fuentesfidedignas.com.mx\/#\/schema\/person\/3f687c55082c557a647c7836bde45728"},"headline":"Tlatelolco y la Memoria Herida","datePublished":"2025-10-02T16:47:29+00:00","dateModified":"2025-10-02T17:44:52+00:00","mainEntityOfPage":{"@id":"https:\/\/fuentesfidedignas.com.mx\/index.php\/2025\/10\/02\/tlatelolco-y-la-memoria-herida\/"},"wordCount":685,"commentCount":0,"publisher":{"@id":"https:\/\/fuentesfidedignas.com.mx\/#organization"},"image":{"@id":"https:\/\/fuentesfidedignas.com.mx\/index.php\/2025\/10\/02\/tlatelolco-y-la-memoria-herida\/#primaryimage"},"thumbnailUrl":"https:\/\/fuentesfidedignas.com.mx\/wp-content\/uploads\/2025\/10\/2-de-octubre.jpg","articleSection":["COLUMNAS","NUTRIENDO LA MENTE"],"inLanguage":"es","potentialAction":[{"@type":"CommentAction","name":"Comment","target":["https:\/\/fuentesfidedignas.com.mx\/index.php\/2025\/10\/02\/tlatelolco-y-la-memoria-herida\/#respond"]}]},{"@type":"WebPage","@id":"https:\/\/fuentesfidedignas.com.mx\/index.php\/2025\/10\/02\/tlatelolco-y-la-memoria-herida\/","url":"https:\/\/fuentesfidedignas.com.mx\/index.php\/2025\/10\/02\/tlatelolco-y-la-memoria-herida\/","name":"Tlatelolco y la Memoria Herida - Fuentes Fidedignas","isPartOf":{"@id":"https:\/\/fuentesfidedignas.com.mx\/#website"},"primaryImageOfPage":{"@id":"https:\/\/fuentesfidedignas.com.mx\/index.php\/2025\/10\/02\/tlatelolco-y-la-memoria-herida\/#primaryimage"},"image":{"@id":"https:\/\/fuentesfidedignas.com.mx\/index.php\/2025\/10\/02\/tlatelolco-y-la-memoria-herida\/#primaryimage"},"thumbnailUrl":"https:\/\/fuentesfidedignas.com.mx\/wp-content\/uploads\/2025\/10\/2-de-octubre.jpg","datePublished":"2025-10-02T16:47:29+00:00","dateModified":"2025-10-02T17:44:52+00:00","breadcrumb":{"@id":"https:\/\/fuentesfidedignas.com.mx\/index.php\/2025\/10\/02\/tlatelolco-y-la-memoria-herida\/#breadcrumb"},"inLanguage":"es","potentialAction":[{"@type":"ReadAction","target":["https:\/\/fuentesfidedignas.com.mx\/index.php\/2025\/10\/02\/tlatelolco-y-la-memoria-herida\/"]}]},{"@type":"ImageObject","inLanguage":"es","@id":"https:\/\/fuentesfidedignas.com.mx\/index.php\/2025\/10\/02\/tlatelolco-y-la-memoria-herida\/#primaryimage","url":"https:\/\/fuentesfidedignas.com.mx\/wp-content\/uploads\/2025\/10\/2-de-octubre.jpg","contentUrl":"https:\/\/fuentesfidedignas.com.mx\/wp-content\/uploads\/2025\/10\/2-de-octubre.jpg","width":500,"height":282},{"@type":"BreadcrumbList","@id":"https:\/\/fuentesfidedignas.com.mx\/index.php\/2025\/10\/02\/tlatelolco-y-la-memoria-herida\/#breadcrumb","itemListElement":[{"@type":"ListItem","position":1,"name":"Inicio","item":"https:\/\/fuentesfidedignas.com.mx\/"},{"@type":"ListItem","position":2,"name":"Tlatelolco y la Memoria Herida"}]},{"@type":"WebSite","@id":"https:\/\/fuentesfidedignas.com.mx\/#website","url":"https:\/\/fuentesfidedignas.com.mx\/","name":"Fuentes Fidedignas","description":"Otro sitio realizado con WordPress","publisher":{"@id":"https:\/\/fuentesfidedignas.com.mx\/#organization"},"potentialAction":[{"@type":"SearchAction","target":{"@type":"EntryPoint","urlTemplate":"https:\/\/fuentesfidedignas.com.mx\/?s={search_term_string}"},"query-input":{"@type":"PropertyValueSpecification","valueRequired":true,"valueName":"search_term_string"}}],"inLanguage":"es"},{"@type":"Organization","@id":"https:\/\/fuentesfidedignas.com.mx\/#organization","name":"Fuentes Fidedignas","url":"https:\/\/fuentesfidedignas.com.mx\/","logo":{"@type":"ImageObject","inLanguage":"es","@id":"https:\/\/fuentesfidedignas.com.mx\/#\/schema\/logo\/image\/","url":"https:\/\/fuentesfidedignas.com.mx\/wp-content\/uploads\/2021\/04\/logo-retina.png","contentUrl":"https:\/\/fuentesfidedignas.com.mx\/wp-content\/uploads\/2021\/04\/logo-retina.png","width":280,"height":51,"caption":"Fuentes Fidedignas"},"image":{"@id":"https:\/\/fuentesfidedignas.com.mx\/#\/schema\/logo\/image\/"},"sameAs":["https:\/\/www.facebook.com\/Fuentes-Fidedignas-368234489921644","https:\/\/x.com\/fidedignas"]},{"@type":"Person","@id":"https:\/\/fuentesfidedignas.com.mx\/#\/schema\/person\/3f687c55082c557a647c7836bde45728","name":"Mtro. Horacio de Jes\u00fas Malcampo Moreno","image":{"@type":"ImageObject","inLanguage":"es","@id":"https:\/\/secure.gravatar.com\/avatar\/21fd667a5b9de079d383e44390566d4c728a6ce47b9b5e8419c61f1b793461ac?s=96&d=mm&r=g","url":"https:\/\/secure.gravatar.com\/avatar\/21fd667a5b9de079d383e44390566d4c728a6ce47b9b5e8419c61f1b793461ac?s=96&d=mm&r=g","contentUrl":"https:\/\/secure.gravatar.com\/avatar\/21fd667a5b9de079d383e44390566d4c728a6ce47b9b5e8419c61f1b793461ac?s=96&d=mm&r=g","caption":"Mtro. Horacio de Jes\u00fas Malcampo Moreno"},"url":"https:\/\/fuentesfidedignas.com.mx\/index.php\/author\/horacio\/"}]}},"_links":{"self":[{"href":"https:\/\/fuentesfidedignas.com.mx\/index.php\/wp-json\/wp\/v2\/posts\/118558","targetHints":{"allow":["GET"]}}],"collection":[{"href":"https:\/\/fuentesfidedignas.com.mx\/index.php\/wp-json\/wp\/v2\/posts"}],"about":[{"href":"https:\/\/fuentesfidedignas.com.mx\/index.php\/wp-json\/wp\/v2\/types\/post"}],"author":[{"embeddable":true,"href":"https:\/\/fuentesfidedignas.com.mx\/index.php\/wp-json\/wp\/v2\/users\/146"}],"replies":[{"embeddable":true,"href":"https:\/\/fuentesfidedignas.com.mx\/index.php\/wp-json\/wp\/v2\/comments?post=118558"}],"version-history":[{"count":1,"href":"https:\/\/fuentesfidedignas.com.mx\/index.php\/wp-json\/wp\/v2\/posts\/118558\/revisions"}],"predecessor-version":[{"id":118568,"href":"https:\/\/fuentesfidedignas.com.mx\/index.php\/wp-json\/wp\/v2\/posts\/118558\/revisions\/118568"}],"wp:featuredmedia":[{"embeddable":true,"href":"https:\/\/fuentesfidedignas.com.mx\/index.php\/wp-json\/wp\/v2\/media\/118559"}],"wp:attachment":[{"href":"https:\/\/fuentesfidedignas.com.mx\/index.php\/wp-json\/wp\/v2\/media?parent=118558"}],"wp:term":[{"taxonomy":"category","embeddable":true,"href":"https:\/\/fuentesfidedignas.com.mx\/index.php\/wp-json\/wp\/v2\/categories?post=118558"},{"taxonomy":"post_tag","embeddable":true,"href":"https:\/\/fuentesfidedignas.com.mx\/index.php\/wp-json\/wp\/v2\/tags?post=118558"}],"curies":[{"name":"wp","href":"https:\/\/api.w.org\/{rel}","templated":true}]}}