{"id":118547,"date":"2025-10-02T06:32:43","date_gmt":"2025-10-02T13:32:43","guid":{"rendered":"https:\/\/fuentesfidedignas.com.mx\/?p=118547"},"modified":"2025-10-02T06:32:43","modified_gmt":"2025-10-02T13:32:43","slug":"sera-retroactiva-la-nueva-ley-de-amparo-la-oposicion-advierte-un-retroceso-peligroso","status":"publish","type":"post","link":"https:\/\/fuentesfidedignas.com.mx\/index.php\/2025\/10\/02\/sera-retroactiva-la-nueva-ley-de-amparo-la-oposicion-advierte-un-retroceso-peligroso\/","title":{"rendered":"Ser\u00e1 retroactiva la nueva ley de amparo; la oposici\u00f3n advierte un retroceso peligroso"},"content":{"rendered":"\n<p><\/p>\n\n\n\n<p><strong><em>El Senado aval\u00f3 que todos los juicios abiertos ahora ser\u00e1n resueltos bajo las nuevas reglas, que ponen l\u00edmites al recurso legal de suspensi\u00f3n provisional<\/em><\/strong><\/p>\n\n\n\n<p>De \u00faltimo momento, el pleno del Senado de la Rep\u00fablica aprob\u00f3 anoche que las nuevas reglas de la ley de amparo ser\u00e1n retroactivas.<\/p>\n\n\n\n<p>As\u00ed, todos los juicios abiertos se resolver\u00e1n con lineamientos que limitan la suspensi\u00f3n provisional y permitir\u00e1n al gobierno cobrar de inmediato deudas fiscales que hoy est\u00e1n en juicio de amparo.<\/p>\n\n\n\n<blockquote class=\"wp-block-quote is-layout-flow wp-block-quote-is-layout-flow\">\n<p>\u201cLos asuntos que se encuentren en tr\u00e1mite a la entrada en vigor del presente Decreto, continuar\u00e1n tramit\u00e1ndose hasta su resoluci\u00f3n final conforme a las disposiciones que establece este Decreto\u201d, dice la modificaci\u00f3n impulsada por el morenista Manuel Huerta.<\/p>\n<\/blockquote>\n\n\n\n<p>El dictamen distribuido la noche del martes ya inclu\u00eda esta retroactividad, pero ante su evidente inconstitucionalidad, el presidente de la Comisi\u00f3n de Justicia, Javier Corral, retir\u00f3 esa parte y regres\u00f3 al texto original enviado por la presidenta Claudia Sheinbaum, por lo que en comisiones se aprob\u00f3 sin la retroactividad.<\/p>\n\n\n\n<p>Con 70 votos en favor y 39 en contra, en lo particular, las nuevas reglas del juicio de amparo aprobadas establecen que \u00e9ste no procede cuando \u201cse exija el pago de cr\u00e9ditos determinados en resoluciones liquidatorias que hubieren sido impugnadas y hayan quedado firmes por resoluci\u00f3n de autoridad competente\u201d.<\/p>\n\n\n\n<p>La reforma tambi\u00e9n dispone que \u201ctrat\u00e1ndose del inter\u00e9s leg\u00edtimo, la norma, acto u omisi\u00f3n reclamado deber\u00e1 ocasionar en la persona quejosa una lesi\u00f3n jur\u00eddica individual o colectiva, real y diferenciada del resto de las personas, de tal forma que su anulaci\u00f3n produzca un beneficio cierto y no meramente hipot\u00e9tico o eventual en caso de que se otorgue el amparo\u201d.<\/p>\n\n\n\n<p>De acuerdo con la emecista Alejandra Barrales, este criterio afectar\u00e1 a 706 mil juicios de amparo existentes.<\/p>\n\n\n\n<p>Durante casi seis horas de sesi\u00f3n, los senadores del PAN, PRI y Movimiento Ciudadano alertaron que la reforma es un retroceso peligroso; que el amparo ahora es \u201cun desamparo\u201d y hoy se cuida al gobierno de \u201clos abusos de los ciudadanos\u201d, cuando siempre fue que los ciudadanos eran los que deb\u00edan estar protegidos frente a los abusos del poder.<\/p>\n\n\n\n<p><strong>Hacen retroactiva reforma al amparo;&nbsp;<\/strong><strong>criterio viola la Constituci\u00f3n<\/strong><\/p>\n\n\n\n<p><em>Pese a las cr\u00edticas de la oposici\u00f3n, la mayor\u00eda en el Senado aprob\u00f3 que los juicios abiertos sean resueltos con las nuevas reglas, que limitan la suspensi\u00f3n provisional.<\/em><\/p>\n\n\n\n<p>En un viraje de \u00faltimo momento, el Senado aprob\u00f3 anoche que las nuevas reglas de la Ley de Amparo ser\u00e1n retroactivas, por lo que todos los juicios abiertos ser\u00e1n resueltos con las nuevas reglas, que limitan la suspensi\u00f3n provisional y permitir\u00e1n al gobierno cobrar de inmediato deudas fiscales que hoy est\u00e1n en proceso de un juicio de amparo.<\/p>\n\n\n\n<p>El pleno aprob\u00f3 que \u201clos asuntos que se encuentren en tr\u00e1mite a la entrada en vigor del presente decreto continuar\u00e1n tramit\u00e1ndose hasta su resoluci\u00f3n final conforme a las disposiciones que establece este decreto\u201d.<\/p>\n\n\n\n<p>En medio de cr\u00edticas de la oposici\u00f3n, porque la retroactividad est\u00e1 prohibida por el art\u00edculo 14 constitucional, que ordena: \u201ca ninguna ley se dar\u00e1 efecto retroactivo en perjuicio de persona alguna\u201d, Morena decidi\u00f3 aprobar este criterio de retroactividad, porque ahora la oposici\u00f3n legislativa carece de la posibilidad de impugnar ante el pleno de la Suprema Corte de Justicia; de acuerdo con la emecista Alejandra Barrales, este criterio afectar\u00e1 a 706 mil juicios de amparo existentes.<\/p>\n\n\n\n<p>Con 70 votos en favor y 39 en contra, en la votaci\u00f3n en lo particular, las nuevas reglas del juicio de amparo establecen que no procede cuando \u201cse exija el pago de cr\u00e9ditos determinados en resoluciones liquidatorias que hubieren sido impugnadas y hayan quedado firmes por resoluci\u00f3n de autoridad competente\u201d.<\/p>\n\n\n\n<p>O \u201cque resuelvan sobre solicitudes de prescripci\u00f3n de cr\u00e9ditos fiscales determinados en resoluciones liquidatorias que hubieren sido impugnadas y hayan quedado firmes por resoluci\u00f3n de autoridad competente\u201d.<\/p>\n\n\n\n<p>Advierte que el Tribunal Federal de Justicia Administrativa conocer\u00e1 de los juicios que se promuevan contra las resoluciones definitivas, actos administrativos y procedimientos, \u201ccon excepci\u00f3n de las que exijan el pago de cr\u00e9ditos fiscales determinados en resoluciones liquidatorias que hubieren sido impugnadas y hayan quedado firmes por resoluci\u00f3n de autoridad competente, o de actos que resuelvan sobre solicitudes de prescripci\u00f3n respecto de dichos cr\u00e9ditos\u201d.<\/p>\n\n\n\n<p>Ordena que el amparo directo procede \u201ccontra actos u omisiones que provengan de autoridades distintas de los tribunales judiciales, administrativos o del trabajo\u201d.<\/p>\n\n\n\n<p>Pero acota que \u201csi se trata de actos de ejecuci\u00f3n o cobro de contribuciones de cr\u00e9ditos fiscales determinados en resoluciones liquidatorias que hubieren sido impugnadas y hayan quedado firmes por resoluci\u00f3n de autoridad competente, o de resoluciones que resuelvan solicitudes de prescripci\u00f3n de dichos cr\u00e9ditos firmes, s\u00f3lo podr\u00e1 promoverse el amparo hasta el momento de la publicaci\u00f3n de la convocatoria de remate, caso en el cual se har\u00e1n valer las violaciones cometidas durante el procedimiento.<\/p>\n\n\n\n<blockquote class=\"wp-block-quote is-layout-flow wp-block-quote-is-layout-flow\">\n<p>\u201cLas normas generales aplicadas durante el procedimiento s\u00f3lo podr\u00e1n reclamarse en el amparo promovido contra la resoluci\u00f3n referida\u201d, ordena.<\/p>\n<\/blockquote>\n\n\n\n<p>Dispone que \u201cno proceder\u00e1 la ampliaci\u00f3n de demanda fuera de los casos expresamente previstos en este art\u00edculo\u201d.<\/p>\n\n\n\n<p>A\u00f1ade que el plazo \u201cno podr\u00e1 ampliarse con motivo del diferimiento de la audiencia constitucional, salvo que se trate de probar o desvirtuar hechos que no hayan podido ser conocidos por las partes con la oportunidad legal suficiente para ofrecerlas en el plazo referido, por causas no imputables a su descuido o negligencia dentro del procedimiento\u201d.<\/p>\n\n\n\n<p>Dispone que \u201ctrat\u00e1ndose del inter\u00e9s leg\u00edtimo, la norma, acto u omisi\u00f3n reclamado deber\u00e1 ocasionar en la persona quejosa una lesi\u00f3n jur\u00eddica individual o colectiva, real y diferenciada del resto de las personas, de tal forma que su anulaci\u00f3n produzca un beneficio cierto y no meramente hipot\u00e9tico o eventual en caso de que se otorgue el amparo\u201d.<\/p>\n\n\n\n<p><strong>Imposici\u00f3n<\/strong><\/p>\n\n\n\n<p>El dictamen de la reforma, distribuido la noche del martes, incluy\u00f3 en el r\u00e9gimen transitorio que \u201clos asuntos que se encuentren en tr\u00e1mite a la entrada en vigor del presente Decreto, continuar\u00e1n tramit\u00e1ndose hasta su resoluci\u00f3n final conforme a las disposiciones que establece este Decreto\u201d.<\/p>\n\n\n\n<p>Sin embargo, ante su evidente inconstitucionalidad, el presidente de la Comisi\u00f3n de Justicia, Javier Corral, retir\u00f3 esa parte del dictamen y regres\u00f3 al texto original de la Presidenta, por lo que en comisiones se aprob\u00f3 sin la retroactividad.<\/p>\n\n\n\n<p>Pero, ya en el pleno, el morenista Manuel Huerta registr\u00f3 su propuesta para que se recuperara el texto de retroactividad.<\/p>\n\n\n\n<p><strong>Triste retroceso<\/strong><\/p>\n\n\n\n<p>Durante cerca de seis horas, senadores del PAN, PRI y MC alertaron que esta reforma es un triste retroceso peligroso; que el amparo ahora es \u201cun desamparo\u201d y es un cambio que cimienta a M\u00e9xico como un pa\u00eds autoritario, donde ahora se cuida al gobierno de \u201clos abusos de los ciudadanos\u201d, cuando siempre fue que los ciudadanos eran los que deb\u00edan estar protegidos frente a los abusos del poder.<\/p>\n\n\n\n<p>Tras la votaci\u00f3n en lo particular, el Senado turn\u00f3 la minuta de la reforma a la C\u00e1mara de Diputados, para que \u00e9sta contin\u00fae con su proceso legislativo.<\/p>\n","protected":false},"excerpt":{"rendered":"<p>El Senado aval\u00f3 que todos los juicios abiertos ahora ser\u00e1n resueltos bajo las nuevas reglas, que ponen l\u00edmites al recurso legal de suspensi\u00f3n provisional De \u00faltimo momento, el pleno del Senado de la Rep\u00fablica aprob\u00f3 anoche que las nuevas reglas de la ley de amparo ser\u00e1n retroactivas. As\u00ed, todos los juicios abiertos se resolver\u00e1n con [&hellip;]<\/p>\n","protected":false},"author":7,"featured_media":94011,"comment_status":"closed","ping_status":"open","sticky":false,"template":"","format":"standard","meta":{"tdm_status":"","tdm_grid_status":"","footnotes":""},"categories":[39],"tags":[],"class_list":{"0":"post-118547","1":"post","2":"type-post","3":"status-publish","4":"format-standard","5":"has-post-thumbnail","7":"category-noticias-nacionales"},"yoast_head":"<!-- This site is optimized with the Yoast SEO plugin v27.5 - https:\/\/yoast.com\/product\/yoast-seo-wordpress\/ -->\n<title>Ser\u00e1 retroactiva la nueva ley de amparo; la oposici\u00f3n advierte un retroceso peligroso - Fuentes Fidedignas<\/title>\n<meta name=\"robots\" content=\"index, follow, max-snippet:-1, max-image-preview:large, max-video-preview:-1\" \/>\n<link rel=\"canonical\" href=\"https:\/\/fuentesfidedignas.com.mx\/index.php\/2025\/10\/02\/sera-retroactiva-la-nueva-ley-de-amparo-la-oposicion-advierte-un-retroceso-peligroso\/\" \/>\n<meta property=\"og:locale\" content=\"es_MX\" \/>\n<meta property=\"og:type\" content=\"article\" \/>\n<meta property=\"og:title\" content=\"Ser\u00e1 retroactiva la nueva ley de amparo; la oposici\u00f3n advierte un retroceso peligroso - Fuentes Fidedignas\" \/>\n<meta property=\"og:description\" content=\"El Senado aval\u00f3 que todos los juicios abiertos ahora ser\u00e1n resueltos bajo las nuevas reglas, que ponen l\u00edmites al recurso legal de suspensi\u00f3n provisional De \u00faltimo momento, el pleno del Senado de la Rep\u00fablica aprob\u00f3 anoche que las nuevas reglas de la ley de amparo ser\u00e1n retroactivas. As\u00ed, todos los juicios abiertos se resolver\u00e1n con [&hellip;]\" \/>\n<meta property=\"og:url\" content=\"https:\/\/fuentesfidedignas.com.mx\/index.php\/2025\/10\/02\/sera-retroactiva-la-nueva-ley-de-amparo-la-oposicion-advierte-un-retroceso-peligroso\/\" \/>\n<meta property=\"og:site_name\" content=\"Fuentes Fidedignas\" \/>\n<meta property=\"article:publisher\" content=\"https:\/\/www.facebook.com\/Fuentes-Fidedignas-368234489921644\" \/>\n<meta property=\"article:published_time\" content=\"2025-10-02T13:32:43+00:00\" \/>\n<meta property=\"og:image\" content=\"https:\/\/fuentesfidedignas.com.mx\/wp-content\/uploads\/2024\/10\/sesion-en-el-senado.jpg\" \/>\n\t<meta property=\"og:image:width\" content=\"650\" \/>\n\t<meta property=\"og:image:height\" content=\"479\" \/>\n\t<meta property=\"og:image:type\" content=\"image\/jpeg\" \/>\n<meta name=\"author\" content=\"Exc\u00e9lsior\" \/>\n<meta name=\"twitter:card\" content=\"summary_large_image\" \/>\n<meta name=\"twitter:creator\" content=\"@fidedignas\" \/>\n<meta name=\"twitter:site\" content=\"@fidedignas\" \/>\n<meta name=\"twitter:label1\" content=\"Escrito por\" \/>\n\t<meta name=\"twitter:data1\" content=\"Exc\u00e9lsior\" \/>\n\t<meta name=\"twitter:label2\" content=\"Tiempo de lectura\" \/>\n\t<meta name=\"twitter:data2\" content=\"6 minutos\" \/>\n<script type=\"application\/ld+json\" class=\"yoast-schema-graph\">{\"@context\":\"https:\\\/\\\/schema.org\",\"@graph\":[{\"@type\":\"Article\",\"@id\":\"https:\\\/\\\/fuentesfidedignas.com.mx\\\/index.php\\\/2025\\\/10\\\/02\\\/sera-retroactiva-la-nueva-ley-de-amparo-la-oposicion-advierte-un-retroceso-peligroso\\\/#article\",\"isPartOf\":{\"@id\":\"https:\\\/\\\/fuentesfidedignas.com.mx\\\/index.php\\\/2025\\\/10\\\/02\\\/sera-retroactiva-la-nueva-ley-de-amparo-la-oposicion-advierte-un-retroceso-peligroso\\\/\"},\"author\":{\"name\":\"Exc\u00e9lsior\",\"@id\":\"https:\\\/\\\/fuentesfidedignas.com.mx\\\/#\\\/schema\\\/person\\\/ec4edd1fbf5efa3e44fce34fe2787780\"},\"headline\":\"Ser\u00e1 retroactiva la nueva ley de amparo; la oposici\u00f3n advierte un retroceso peligroso\",\"datePublished\":\"2025-10-02T13:32:43+00:00\",\"mainEntityOfPage\":{\"@id\":\"https:\\\/\\\/fuentesfidedignas.com.mx\\\/index.php\\\/2025\\\/10\\\/02\\\/sera-retroactiva-la-nueva-ley-de-amparo-la-oposicion-advierte-un-retroceso-peligroso\\\/\"},\"wordCount\":1241,\"publisher\":{\"@id\":\"https:\\\/\\\/fuentesfidedignas.com.mx\\\/#organization\"},\"image\":{\"@id\":\"https:\\\/\\\/fuentesfidedignas.com.mx\\\/index.php\\\/2025\\\/10\\\/02\\\/sera-retroactiva-la-nueva-ley-de-amparo-la-oposicion-advierte-un-retroceso-peligroso\\\/#primaryimage\"},\"thumbnailUrl\":\"https:\\\/\\\/fuentesfidedignas.com.mx\\\/wp-content\\\/uploads\\\/2024\\\/10\\\/sesion-en-el-senado.jpg\",\"articleSection\":[\"NOTICIAS NACIONALES\"],\"inLanguage\":\"es\"},{\"@type\":\"WebPage\",\"@id\":\"https:\\\/\\\/fuentesfidedignas.com.mx\\\/index.php\\\/2025\\\/10\\\/02\\\/sera-retroactiva-la-nueva-ley-de-amparo-la-oposicion-advierte-un-retroceso-peligroso\\\/\",\"url\":\"https:\\\/\\\/fuentesfidedignas.com.mx\\\/index.php\\\/2025\\\/10\\\/02\\\/sera-retroactiva-la-nueva-ley-de-amparo-la-oposicion-advierte-un-retroceso-peligroso\\\/\",\"name\":\"Ser\u00e1 retroactiva la nueva ley de amparo; la oposici\u00f3n advierte un retroceso peligroso - Fuentes Fidedignas\",\"isPartOf\":{\"@id\":\"https:\\\/\\\/fuentesfidedignas.com.mx\\\/#website\"},\"primaryImageOfPage\":{\"@id\":\"https:\\\/\\\/fuentesfidedignas.com.mx\\\/index.php\\\/2025\\\/10\\\/02\\\/sera-retroactiva-la-nueva-ley-de-amparo-la-oposicion-advierte-un-retroceso-peligroso\\\/#primaryimage\"},\"image\":{\"@id\":\"https:\\\/\\\/fuentesfidedignas.com.mx\\\/index.php\\\/2025\\\/10\\\/02\\\/sera-retroactiva-la-nueva-ley-de-amparo-la-oposicion-advierte-un-retroceso-peligroso\\\/#primaryimage\"},\"thumbnailUrl\":\"https:\\\/\\\/fuentesfidedignas.com.mx\\\/wp-content\\\/uploads\\\/2024\\\/10\\\/sesion-en-el-senado.jpg\",\"datePublished\":\"2025-10-02T13:32:43+00:00\",\"breadcrumb\":{\"@id\":\"https:\\\/\\\/fuentesfidedignas.com.mx\\\/index.php\\\/2025\\\/10\\\/02\\\/sera-retroactiva-la-nueva-ley-de-amparo-la-oposicion-advierte-un-retroceso-peligroso\\\/#breadcrumb\"},\"inLanguage\":\"es\",\"potentialAction\":[{\"@type\":\"ReadAction\",\"target\":[\"https:\\\/\\\/fuentesfidedignas.com.mx\\\/index.php\\\/2025\\\/10\\\/02\\\/sera-retroactiva-la-nueva-ley-de-amparo-la-oposicion-advierte-un-retroceso-peligroso\\\/\"]}]},{\"@type\":\"ImageObject\",\"inLanguage\":\"es\",\"@id\":\"https:\\\/\\\/fuentesfidedignas.com.mx\\\/index.php\\\/2025\\\/10\\\/02\\\/sera-retroactiva-la-nueva-ley-de-amparo-la-oposicion-advierte-un-retroceso-peligroso\\\/#primaryimage\",\"url\":\"https:\\\/\\\/fuentesfidedignas.com.mx\\\/wp-content\\\/uploads\\\/2024\\\/10\\\/sesion-en-el-senado.jpg\",\"contentUrl\":\"https:\\\/\\\/fuentesfidedignas.com.mx\\\/wp-content\\\/uploads\\\/2024\\\/10\\\/sesion-en-el-senado.jpg\",\"width\":650,\"height\":479},{\"@type\":\"BreadcrumbList\",\"@id\":\"https:\\\/\\\/fuentesfidedignas.com.mx\\\/index.php\\\/2025\\\/10\\\/02\\\/sera-retroactiva-la-nueva-ley-de-amparo-la-oposicion-advierte-un-retroceso-peligroso\\\/#breadcrumb\",\"itemListElement\":[{\"@type\":\"ListItem\",\"position\":1,\"name\":\"Inicio\",\"item\":\"https:\\\/\\\/fuentesfidedignas.com.mx\\\/\"},{\"@type\":\"ListItem\",\"position\":2,\"name\":\"Ser\u00e1 retroactiva la nueva ley de amparo; la oposici\u00f3n advierte un retroceso peligroso\"}]},{\"@type\":\"WebSite\",\"@id\":\"https:\\\/\\\/fuentesfidedignas.com.mx\\\/#website\",\"url\":\"https:\\\/\\\/fuentesfidedignas.com.mx\\\/\",\"name\":\"Fuentes Fidedignas\",\"description\":\"Otro sitio realizado con WordPress\",\"publisher\":{\"@id\":\"https:\\\/\\\/fuentesfidedignas.com.mx\\\/#organization\"},\"potentialAction\":[{\"@type\":\"SearchAction\",\"target\":{\"@type\":\"EntryPoint\",\"urlTemplate\":\"https:\\\/\\\/fuentesfidedignas.com.mx\\\/?s={search_term_string}\"},\"query-input\":{\"@type\":\"PropertyValueSpecification\",\"valueRequired\":true,\"valueName\":\"search_term_string\"}}],\"inLanguage\":\"es\"},{\"@type\":\"Organization\",\"@id\":\"https:\\\/\\\/fuentesfidedignas.com.mx\\\/#organization\",\"name\":\"Fuentes Fidedignas\",\"url\":\"https:\\\/\\\/fuentesfidedignas.com.mx\\\/\",\"logo\":{\"@type\":\"ImageObject\",\"inLanguage\":\"es\",\"@id\":\"https:\\\/\\\/fuentesfidedignas.com.mx\\\/#\\\/schema\\\/logo\\\/image\\\/\",\"url\":\"https:\\\/\\\/fuentesfidedignas.com.mx\\\/wp-content\\\/uploads\\\/2021\\\/04\\\/logo-retina.png\",\"contentUrl\":\"https:\\\/\\\/fuentesfidedignas.com.mx\\\/wp-content\\\/uploads\\\/2021\\\/04\\\/logo-retina.png\",\"width\":280,\"height\":51,\"caption\":\"Fuentes Fidedignas\"},\"image\":{\"@id\":\"https:\\\/\\\/fuentesfidedignas.com.mx\\\/#\\\/schema\\\/logo\\\/image\\\/\"},\"sameAs\":[\"https:\\\/\\\/www.facebook.com\\\/Fuentes-Fidedignas-368234489921644\",\"https:\\\/\\\/x.com\\\/fidedignas\"]},{\"@type\":\"Person\",\"@id\":\"https:\\\/\\\/fuentesfidedignas.com.mx\\\/#\\\/schema\\\/person\\\/ec4edd1fbf5efa3e44fce34fe2787780\",\"name\":\"Exc\u00e9lsior\",\"image\":{\"@type\":\"ImageObject\",\"inLanguage\":\"es\",\"@id\":\"https:\\\/\\\/secure.gravatar.com\\\/avatar\\\/4b7ee9206b48be08447852b3f0814dbc7c0f3b51541b164f1464a2725614020b?s=96&d=mm&r=g\",\"url\":\"https:\\\/\\\/secure.gravatar.com\\\/avatar\\\/4b7ee9206b48be08447852b3f0814dbc7c0f3b51541b164f1464a2725614020b?s=96&d=mm&r=g\",\"contentUrl\":\"https:\\\/\\\/secure.gravatar.com\\\/avatar\\\/4b7ee9206b48be08447852b3f0814dbc7c0f3b51541b164f1464a2725614020b?s=96&d=mm&r=g\",\"caption\":\"Exc\u00e9lsior\"},\"url\":\"https:\\\/\\\/fuentesfidedignas.com.mx\\\/index.php\\\/author\\\/excelsior\\\/\"}]}<\/script>\n<!-- \/ Yoast SEO plugin. -->","yoast_head_json":{"title":"Ser\u00e1 retroactiva la nueva ley de amparo; la oposici\u00f3n advierte un retroceso peligroso - Fuentes Fidedignas","robots":{"index":"index","follow":"follow","max-snippet":"max-snippet:-1","max-image-preview":"max-image-preview:large","max-video-preview":"max-video-preview:-1"},"canonical":"https:\/\/fuentesfidedignas.com.mx\/index.php\/2025\/10\/02\/sera-retroactiva-la-nueva-ley-de-amparo-la-oposicion-advierte-un-retroceso-peligroso\/","og_locale":"es_MX","og_type":"article","og_title":"Ser\u00e1 retroactiva la nueva ley de amparo; la oposici\u00f3n advierte un retroceso peligroso - Fuentes Fidedignas","og_description":"El Senado aval\u00f3 que todos los juicios abiertos ahora ser\u00e1n resueltos bajo las nuevas reglas, que ponen l\u00edmites al recurso legal de suspensi\u00f3n provisional De \u00faltimo momento, el pleno del Senado de la Rep\u00fablica aprob\u00f3 anoche que las nuevas reglas de la ley de amparo ser\u00e1n retroactivas. As\u00ed, todos los juicios abiertos se resolver\u00e1n con [&hellip;]","og_url":"https:\/\/fuentesfidedignas.com.mx\/index.php\/2025\/10\/02\/sera-retroactiva-la-nueva-ley-de-amparo-la-oposicion-advierte-un-retroceso-peligroso\/","og_site_name":"Fuentes Fidedignas","article_publisher":"https:\/\/www.facebook.com\/Fuentes-Fidedignas-368234489921644","article_published_time":"2025-10-02T13:32:43+00:00","og_image":[{"width":650,"height":479,"url":"https:\/\/fuentesfidedignas.com.mx\/wp-content\/uploads\/2024\/10\/sesion-en-el-senado.jpg","type":"image\/jpeg"}],"author":"Exc\u00e9lsior","twitter_card":"summary_large_image","twitter_creator":"@fidedignas","twitter_site":"@fidedignas","twitter_misc":{"Escrito por":"Exc\u00e9lsior","Tiempo de lectura":"6 minutos"},"schema":{"@context":"https:\/\/schema.org","@graph":[{"@type":"Article","@id":"https:\/\/fuentesfidedignas.com.mx\/index.php\/2025\/10\/02\/sera-retroactiva-la-nueva-ley-de-amparo-la-oposicion-advierte-un-retroceso-peligroso\/#article","isPartOf":{"@id":"https:\/\/fuentesfidedignas.com.mx\/index.php\/2025\/10\/02\/sera-retroactiva-la-nueva-ley-de-amparo-la-oposicion-advierte-un-retroceso-peligroso\/"},"author":{"name":"Exc\u00e9lsior","@id":"https:\/\/fuentesfidedignas.com.mx\/#\/schema\/person\/ec4edd1fbf5efa3e44fce34fe2787780"},"headline":"Ser\u00e1 retroactiva la nueva ley de amparo; la oposici\u00f3n advierte un retroceso peligroso","datePublished":"2025-10-02T13:32:43+00:00","mainEntityOfPage":{"@id":"https:\/\/fuentesfidedignas.com.mx\/index.php\/2025\/10\/02\/sera-retroactiva-la-nueva-ley-de-amparo-la-oposicion-advierte-un-retroceso-peligroso\/"},"wordCount":1241,"publisher":{"@id":"https:\/\/fuentesfidedignas.com.mx\/#organization"},"image":{"@id":"https:\/\/fuentesfidedignas.com.mx\/index.php\/2025\/10\/02\/sera-retroactiva-la-nueva-ley-de-amparo-la-oposicion-advierte-un-retroceso-peligroso\/#primaryimage"},"thumbnailUrl":"https:\/\/fuentesfidedignas.com.mx\/wp-content\/uploads\/2024\/10\/sesion-en-el-senado.jpg","articleSection":["NOTICIAS NACIONALES"],"inLanguage":"es"},{"@type":"WebPage","@id":"https:\/\/fuentesfidedignas.com.mx\/index.php\/2025\/10\/02\/sera-retroactiva-la-nueva-ley-de-amparo-la-oposicion-advierte-un-retroceso-peligroso\/","url":"https:\/\/fuentesfidedignas.com.mx\/index.php\/2025\/10\/02\/sera-retroactiva-la-nueva-ley-de-amparo-la-oposicion-advierte-un-retroceso-peligroso\/","name":"Ser\u00e1 retroactiva la nueva ley de amparo; la oposici\u00f3n advierte un retroceso peligroso - Fuentes Fidedignas","isPartOf":{"@id":"https:\/\/fuentesfidedignas.com.mx\/#website"},"primaryImageOfPage":{"@id":"https:\/\/fuentesfidedignas.com.mx\/index.php\/2025\/10\/02\/sera-retroactiva-la-nueva-ley-de-amparo-la-oposicion-advierte-un-retroceso-peligroso\/#primaryimage"},"image":{"@id":"https:\/\/fuentesfidedignas.com.mx\/index.php\/2025\/10\/02\/sera-retroactiva-la-nueva-ley-de-amparo-la-oposicion-advierte-un-retroceso-peligroso\/#primaryimage"},"thumbnailUrl":"https:\/\/fuentesfidedignas.com.mx\/wp-content\/uploads\/2024\/10\/sesion-en-el-senado.jpg","datePublished":"2025-10-02T13:32:43+00:00","breadcrumb":{"@id":"https:\/\/fuentesfidedignas.com.mx\/index.php\/2025\/10\/02\/sera-retroactiva-la-nueva-ley-de-amparo-la-oposicion-advierte-un-retroceso-peligroso\/#breadcrumb"},"inLanguage":"es","potentialAction":[{"@type":"ReadAction","target":["https:\/\/fuentesfidedignas.com.mx\/index.php\/2025\/10\/02\/sera-retroactiva-la-nueva-ley-de-amparo-la-oposicion-advierte-un-retroceso-peligroso\/"]}]},{"@type":"ImageObject","inLanguage":"es","@id":"https:\/\/fuentesfidedignas.com.mx\/index.php\/2025\/10\/02\/sera-retroactiva-la-nueva-ley-de-amparo-la-oposicion-advierte-un-retroceso-peligroso\/#primaryimage","url":"https:\/\/fuentesfidedignas.com.mx\/wp-content\/uploads\/2024\/10\/sesion-en-el-senado.jpg","contentUrl":"https:\/\/fuentesfidedignas.com.mx\/wp-content\/uploads\/2024\/10\/sesion-en-el-senado.jpg","width":650,"height":479},{"@type":"BreadcrumbList","@id":"https:\/\/fuentesfidedignas.com.mx\/index.php\/2025\/10\/02\/sera-retroactiva-la-nueva-ley-de-amparo-la-oposicion-advierte-un-retroceso-peligroso\/#breadcrumb","itemListElement":[{"@type":"ListItem","position":1,"name":"Inicio","item":"https:\/\/fuentesfidedignas.com.mx\/"},{"@type":"ListItem","position":2,"name":"Ser\u00e1 retroactiva la nueva ley de amparo; la oposici\u00f3n advierte un retroceso peligroso"}]},{"@type":"WebSite","@id":"https:\/\/fuentesfidedignas.com.mx\/#website","url":"https:\/\/fuentesfidedignas.com.mx\/","name":"Fuentes Fidedignas","description":"Otro sitio realizado con WordPress","publisher":{"@id":"https:\/\/fuentesfidedignas.com.mx\/#organization"},"potentialAction":[{"@type":"SearchAction","target":{"@type":"EntryPoint","urlTemplate":"https:\/\/fuentesfidedignas.com.mx\/?s={search_term_string}"},"query-input":{"@type":"PropertyValueSpecification","valueRequired":true,"valueName":"search_term_string"}}],"inLanguage":"es"},{"@type":"Organization","@id":"https:\/\/fuentesfidedignas.com.mx\/#organization","name":"Fuentes Fidedignas","url":"https:\/\/fuentesfidedignas.com.mx\/","logo":{"@type":"ImageObject","inLanguage":"es","@id":"https:\/\/fuentesfidedignas.com.mx\/#\/schema\/logo\/image\/","url":"https:\/\/fuentesfidedignas.com.mx\/wp-content\/uploads\/2021\/04\/logo-retina.png","contentUrl":"https:\/\/fuentesfidedignas.com.mx\/wp-content\/uploads\/2021\/04\/logo-retina.png","width":280,"height":51,"caption":"Fuentes Fidedignas"},"image":{"@id":"https:\/\/fuentesfidedignas.com.mx\/#\/schema\/logo\/image\/"},"sameAs":["https:\/\/www.facebook.com\/Fuentes-Fidedignas-368234489921644","https:\/\/x.com\/fidedignas"]},{"@type":"Person","@id":"https:\/\/fuentesfidedignas.com.mx\/#\/schema\/person\/ec4edd1fbf5efa3e44fce34fe2787780","name":"Exc\u00e9lsior","image":{"@type":"ImageObject","inLanguage":"es","@id":"https:\/\/secure.gravatar.com\/avatar\/4b7ee9206b48be08447852b3f0814dbc7c0f3b51541b164f1464a2725614020b?s=96&d=mm&r=g","url":"https:\/\/secure.gravatar.com\/avatar\/4b7ee9206b48be08447852b3f0814dbc7c0f3b51541b164f1464a2725614020b?s=96&d=mm&r=g","contentUrl":"https:\/\/secure.gravatar.com\/avatar\/4b7ee9206b48be08447852b3f0814dbc7c0f3b51541b164f1464a2725614020b?s=96&d=mm&r=g","caption":"Exc\u00e9lsior"},"url":"https:\/\/fuentesfidedignas.com.mx\/index.php\/author\/excelsior\/"}]}},"_links":{"self":[{"href":"https:\/\/fuentesfidedignas.com.mx\/index.php\/wp-json\/wp\/v2\/posts\/118547","targetHints":{"allow":["GET"]}}],"collection":[{"href":"https:\/\/fuentesfidedignas.com.mx\/index.php\/wp-json\/wp\/v2\/posts"}],"about":[{"href":"https:\/\/fuentesfidedignas.com.mx\/index.php\/wp-json\/wp\/v2\/types\/post"}],"author":[{"embeddable":true,"href":"https:\/\/fuentesfidedignas.com.mx\/index.php\/wp-json\/wp\/v2\/users\/7"}],"replies":[{"embeddable":true,"href":"https:\/\/fuentesfidedignas.com.mx\/index.php\/wp-json\/wp\/v2\/comments?post=118547"}],"version-history":[{"count":1,"href":"https:\/\/fuentesfidedignas.com.mx\/index.php\/wp-json\/wp\/v2\/posts\/118547\/revisions"}],"predecessor-version":[{"id":118548,"href":"https:\/\/fuentesfidedignas.com.mx\/index.php\/wp-json\/wp\/v2\/posts\/118547\/revisions\/118548"}],"wp:featuredmedia":[{"embeddable":true,"href":"https:\/\/fuentesfidedignas.com.mx\/index.php\/wp-json\/wp\/v2\/media\/94011"}],"wp:attachment":[{"href":"https:\/\/fuentesfidedignas.com.mx\/index.php\/wp-json\/wp\/v2\/media?parent=118547"}],"wp:term":[{"taxonomy":"category","embeddable":true,"href":"https:\/\/fuentesfidedignas.com.mx\/index.php\/wp-json\/wp\/v2\/categories?post=118547"},{"taxonomy":"post_tag","embeddable":true,"href":"https:\/\/fuentesfidedignas.com.mx\/index.php\/wp-json\/wp\/v2\/tags?post=118547"}],"curies":[{"name":"wp","href":"https:\/\/api.w.org\/{rel}","templated":true}]}}