{"id":118440,"date":"2025-10-01T01:59:00","date_gmt":"2025-10-01T08:59:00","guid":{"rendered":"https:\/\/fuentesfidedignas.com.mx\/?p=118440"},"modified":"2025-09-30T10:04:20","modified_gmt":"2025-09-30T17:04:20","slug":"captan-en-camara-una-pelea-entre-un-oso-polar-y-uno-negro-en-canada","status":"publish","type":"post","link":"https:\/\/fuentesfidedignas.com.mx\/index.php\/2025\/10\/01\/captan-en-camara-una-pelea-entre-un-oso-polar-y-uno-negro-en-canada\/","title":{"rendered":"Captan en c\u00e1mara una pelea entre un oso polar y uno negro en Canad\u00e1"},"content":{"rendered":"\n<p><br><em><strong>Un oso negro apareci\u00f3 en el lugar y se dirigi\u00f3 hacia un grupo de osos polares con la intenci\u00f3n de compartir su fest\u00edn.<\/strong><\/em><\/p>\n\n\n\n<p>Un turista island\u00e9s presenci\u00f3 algo que cre\u00eda imposible viajando por el norte de la regi\u00f3n canadiense de Labrador: una pelea entre un oso polar y un oso negro, una escena que logr\u00f3 captarla en c\u00e1mara, inform\u00f3 este lunes la cadena local CBC.<\/p>\n\n\n\n<p>Se trata de Jon Sigurdsson, quien junto a su grupo de amigos, vio una osa polar y sus cr\u00edas devorando una foca en la costa. &#8220;Fue muy agradable presenciarlo. Manten\u00edamos una buena distancia. De repente, vimos a otra madre y su cr\u00eda, tambi\u00e9n osos polares&#8221;, relat\u00f3.<\/p>\n\n\n\n<p>&#8220;Se acercaron y hubo una peque\u00f1a pelea entre las madres, pero al parecer la foca bast\u00f3 para todas&#8221;, a\u00f1adi\u00f3.<\/p>\n\n\n\n<p>Finalmente, las hembras y sus cr\u00edas compartieron el cad\u00e1ver de la foca, pero despu\u00e9s sucedi\u00f3 algo poco habitual: un oso negro apareci\u00f3 en el lugar&nbsp;y se dirigi\u00f3 hacia los osos polares con la intenci\u00f3n de compartir su fest\u00edn.&nbsp;<\/p>\n\n\n\n<p>Los visitantes se dieron cuenta de que la pelea era inevitable. El intruso pronto fue atacado por una de las madres.<\/p>\n\n\n\n<p>Sigurdsson admiti\u00f3 que en muchos a\u00f1os de viajes nunca hab\u00eda visto algo as\u00ed, aunque hab\u00eda o\u00eddo historias de personas en Labrador que presenciaron peleas entre osos polares y negros. Sin embargo, en su caso, pudo fotografiar el encuentro.<\/p>\n","protected":false},"excerpt":{"rendered":"<p>Un oso negro apareci\u00f3 en el lugar y se dirigi\u00f3 hacia un grupo de osos polares con la intenci\u00f3n de compartir su fest\u00edn. Un turista island\u00e9s presenci\u00f3 algo que cre\u00eda imposible viajando por el norte de la regi\u00f3n canadiense de Labrador: una pelea entre un oso polar y un oso negro, una escena que logr\u00f3 [&hellip;]<\/p>\n","protected":false},"author":38,"featured_media":118441,"comment_status":"open","ping_status":"open","sticky":false,"template":"","format":"standard","meta":{"tdm_status":"","tdm_grid_status":"","footnotes":""},"categories":[40],"tags":[],"class_list":{"0":"post-118440","1":"post","2":"type-post","3":"status-publish","4":"format-standard","5":"has-post-thumbnail","7":"category-las-asombrosas"},"yoast_head":"<!-- This site is optimized with the Yoast SEO plugin v27.5 - https:\/\/yoast.com\/product\/yoast-seo-wordpress\/ -->\n<title>Captan en c\u00e1mara una pelea entre un oso polar y uno negro en Canad\u00e1 - Fuentes Fidedignas<\/title>\n<meta name=\"robots\" content=\"index, follow, max-snippet:-1, max-image-preview:large, max-video-preview:-1\" \/>\n<link rel=\"canonical\" href=\"https:\/\/fuentesfidedignas.com.mx\/index.php\/2025\/10\/01\/captan-en-camara-una-pelea-entre-un-oso-polar-y-uno-negro-en-canada\/\" \/>\n<meta property=\"og:locale\" content=\"es_MX\" \/>\n<meta property=\"og:type\" content=\"article\" \/>\n<meta property=\"og:title\" content=\"Captan en c\u00e1mara una pelea entre un oso polar y uno negro en Canad\u00e1 - Fuentes Fidedignas\" \/>\n<meta property=\"og:description\" content=\"Un oso negro apareci\u00f3 en el lugar y se dirigi\u00f3 hacia un grupo de osos polares con la intenci\u00f3n de compartir su fest\u00edn. Un turista island\u00e9s presenci\u00f3 algo que cre\u00eda imposible viajando por el norte de la regi\u00f3n canadiense de Labrador: una pelea entre un oso polar y un oso negro, una escena que logr\u00f3 [&hellip;]\" \/>\n<meta property=\"og:url\" content=\"https:\/\/fuentesfidedignas.com.mx\/index.php\/2025\/10\/01\/captan-en-camara-una-pelea-entre-un-oso-polar-y-uno-negro-en-canada\/\" \/>\n<meta property=\"og:site_name\" content=\"Fuentes Fidedignas\" \/>\n<meta property=\"article:publisher\" content=\"https:\/\/www.facebook.com\/Fuentes-Fidedignas-368234489921644\" \/>\n<meta property=\"article:published_time\" content=\"2025-10-01T08:59:00+00:00\" \/>\n<meta property=\"og:image\" content=\"https:\/\/fuentesfidedignas.com.mx\/wp-content\/uploads\/2025\/09\/68dbf50ae9ff7166457935fc.jpg\" \/>\n\t<meta property=\"og:image:width\" content=\"1104\" \/>\n\t<meta property=\"og:image:height\" content=\"622\" \/>\n\t<meta property=\"og:image:type\" content=\"image\/jpeg\" \/>\n<meta name=\"author\" content=\"Actualidad RT\" \/>\n<meta name=\"twitter:card\" content=\"summary_large_image\" \/>\n<meta name=\"twitter:creator\" content=\"@fidedignas\" \/>\n<meta name=\"twitter:site\" content=\"@fidedignas\" \/>\n<meta name=\"twitter:label1\" content=\"Escrito por\" \/>\n\t<meta name=\"twitter:data1\" content=\"Actualidad RT\" \/>\n\t<meta name=\"twitter:label2\" content=\"Tiempo de lectura\" \/>\n\t<meta name=\"twitter:data2\" content=\"2 minutos\" \/>\n<script type=\"application\/ld+json\" class=\"yoast-schema-graph\">{\"@context\":\"https:\\\/\\\/schema.org\",\"@graph\":[{\"@type\":\"Article\",\"@id\":\"https:\\\/\\\/fuentesfidedignas.com.mx\\\/index.php\\\/2025\\\/10\\\/01\\\/captan-en-camara-una-pelea-entre-un-oso-polar-y-uno-negro-en-canada\\\/#article\",\"isPartOf\":{\"@id\":\"https:\\\/\\\/fuentesfidedignas.com.mx\\\/index.php\\\/2025\\\/10\\\/01\\\/captan-en-camara-una-pelea-entre-un-oso-polar-y-uno-negro-en-canada\\\/\"},\"author\":{\"name\":\"Actualidad RT\",\"@id\":\"https:\\\/\\\/fuentesfidedignas.com.mx\\\/#\\\/schema\\\/person\\\/eade03a5d4a96f9b557ac266e3d63718\"},\"headline\":\"Captan en c\u00e1mara una pelea entre un oso polar y uno negro en Canad\u00e1\",\"datePublished\":\"2025-10-01T08:59:00+00:00\",\"mainEntityOfPage\":{\"@id\":\"https:\\\/\\\/fuentesfidedignas.com.mx\\\/index.php\\\/2025\\\/10\\\/01\\\/captan-en-camara-una-pelea-entre-un-oso-polar-y-uno-negro-en-canada\\\/\"},\"wordCount\":266,\"commentCount\":0,\"publisher\":{\"@id\":\"https:\\\/\\\/fuentesfidedignas.com.mx\\\/#organization\"},\"image\":{\"@id\":\"https:\\\/\\\/fuentesfidedignas.com.mx\\\/index.php\\\/2025\\\/10\\\/01\\\/captan-en-camara-una-pelea-entre-un-oso-polar-y-uno-negro-en-canada\\\/#primaryimage\"},\"thumbnailUrl\":\"https:\\\/\\\/fuentesfidedignas.com.mx\\\/wp-content\\\/uploads\\\/2025\\\/09\\\/68dbf50ae9ff7166457935fc.jpg\",\"articleSection\":[\"LAS ASOMBROSAS\"],\"inLanguage\":\"es\",\"potentialAction\":[{\"@type\":\"CommentAction\",\"name\":\"Comment\",\"target\":[\"https:\\\/\\\/fuentesfidedignas.com.mx\\\/index.php\\\/2025\\\/10\\\/01\\\/captan-en-camara-una-pelea-entre-un-oso-polar-y-uno-negro-en-canada\\\/#respond\"]}]},{\"@type\":\"WebPage\",\"@id\":\"https:\\\/\\\/fuentesfidedignas.com.mx\\\/index.php\\\/2025\\\/10\\\/01\\\/captan-en-camara-una-pelea-entre-un-oso-polar-y-uno-negro-en-canada\\\/\",\"url\":\"https:\\\/\\\/fuentesfidedignas.com.mx\\\/index.php\\\/2025\\\/10\\\/01\\\/captan-en-camara-una-pelea-entre-un-oso-polar-y-uno-negro-en-canada\\\/\",\"name\":\"Captan en c\u00e1mara una pelea entre un oso polar y uno negro en Canad\u00e1 - Fuentes Fidedignas\",\"isPartOf\":{\"@id\":\"https:\\\/\\\/fuentesfidedignas.com.mx\\\/#website\"},\"primaryImageOfPage\":{\"@id\":\"https:\\\/\\\/fuentesfidedignas.com.mx\\\/index.php\\\/2025\\\/10\\\/01\\\/captan-en-camara-una-pelea-entre-un-oso-polar-y-uno-negro-en-canada\\\/#primaryimage\"},\"image\":{\"@id\":\"https:\\\/\\\/fuentesfidedignas.com.mx\\\/index.php\\\/2025\\\/10\\\/01\\\/captan-en-camara-una-pelea-entre-un-oso-polar-y-uno-negro-en-canada\\\/#primaryimage\"},\"thumbnailUrl\":\"https:\\\/\\\/fuentesfidedignas.com.mx\\\/wp-content\\\/uploads\\\/2025\\\/09\\\/68dbf50ae9ff7166457935fc.jpg\",\"datePublished\":\"2025-10-01T08:59:00+00:00\",\"breadcrumb\":{\"@id\":\"https:\\\/\\\/fuentesfidedignas.com.mx\\\/index.php\\\/2025\\\/10\\\/01\\\/captan-en-camara-una-pelea-entre-un-oso-polar-y-uno-negro-en-canada\\\/#breadcrumb\"},\"inLanguage\":\"es\",\"potentialAction\":[{\"@type\":\"ReadAction\",\"target\":[\"https:\\\/\\\/fuentesfidedignas.com.mx\\\/index.php\\\/2025\\\/10\\\/01\\\/captan-en-camara-una-pelea-entre-un-oso-polar-y-uno-negro-en-canada\\\/\"]}]},{\"@type\":\"ImageObject\",\"inLanguage\":\"es\",\"@id\":\"https:\\\/\\\/fuentesfidedignas.com.mx\\\/index.php\\\/2025\\\/10\\\/01\\\/captan-en-camara-una-pelea-entre-un-oso-polar-y-uno-negro-en-canada\\\/#primaryimage\",\"url\":\"https:\\\/\\\/fuentesfidedignas.com.mx\\\/wp-content\\\/uploads\\\/2025\\\/09\\\/68dbf50ae9ff7166457935fc.jpg\",\"contentUrl\":\"https:\\\/\\\/fuentesfidedignas.com.mx\\\/wp-content\\\/uploads\\\/2025\\\/09\\\/68dbf50ae9ff7166457935fc.jpg\",\"width\":1104,\"height\":622},{\"@type\":\"BreadcrumbList\",\"@id\":\"https:\\\/\\\/fuentesfidedignas.com.mx\\\/index.php\\\/2025\\\/10\\\/01\\\/captan-en-camara-una-pelea-entre-un-oso-polar-y-uno-negro-en-canada\\\/#breadcrumb\",\"itemListElement\":[{\"@type\":\"ListItem\",\"position\":1,\"name\":\"Inicio\",\"item\":\"https:\\\/\\\/fuentesfidedignas.com.mx\\\/\"},{\"@type\":\"ListItem\",\"position\":2,\"name\":\"Captan en c\u00e1mara una pelea entre un oso polar y uno negro en Canad\u00e1\"}]},{\"@type\":\"WebSite\",\"@id\":\"https:\\\/\\\/fuentesfidedignas.com.mx\\\/#website\",\"url\":\"https:\\\/\\\/fuentesfidedignas.com.mx\\\/\",\"name\":\"Fuentes Fidedignas\",\"description\":\"Otro sitio realizado con WordPress\",\"publisher\":{\"@id\":\"https:\\\/\\\/fuentesfidedignas.com.mx\\\/#organization\"},\"potentialAction\":[{\"@type\":\"SearchAction\",\"target\":{\"@type\":\"EntryPoint\",\"urlTemplate\":\"https:\\\/\\\/fuentesfidedignas.com.mx\\\/?s={search_term_string}\"},\"query-input\":{\"@type\":\"PropertyValueSpecification\",\"valueRequired\":true,\"valueName\":\"search_term_string\"}}],\"inLanguage\":\"es\"},{\"@type\":\"Organization\",\"@id\":\"https:\\\/\\\/fuentesfidedignas.com.mx\\\/#organization\",\"name\":\"Fuentes Fidedignas\",\"url\":\"https:\\\/\\\/fuentesfidedignas.com.mx\\\/\",\"logo\":{\"@type\":\"ImageObject\",\"inLanguage\":\"es\",\"@id\":\"https:\\\/\\\/fuentesfidedignas.com.mx\\\/#\\\/schema\\\/logo\\\/image\\\/\",\"url\":\"https:\\\/\\\/fuentesfidedignas.com.mx\\\/wp-content\\\/uploads\\\/2021\\\/04\\\/logo-retina.png\",\"contentUrl\":\"https:\\\/\\\/fuentesfidedignas.com.mx\\\/wp-content\\\/uploads\\\/2021\\\/04\\\/logo-retina.png\",\"width\":280,\"height\":51,\"caption\":\"Fuentes Fidedignas\"},\"image\":{\"@id\":\"https:\\\/\\\/fuentesfidedignas.com.mx\\\/#\\\/schema\\\/logo\\\/image\\\/\"},\"sameAs\":[\"https:\\\/\\\/www.facebook.com\\\/Fuentes-Fidedignas-368234489921644\",\"https:\\\/\\\/x.com\\\/fidedignas\"]},{\"@type\":\"Person\",\"@id\":\"https:\\\/\\\/fuentesfidedignas.com.mx\\\/#\\\/schema\\\/person\\\/eade03a5d4a96f9b557ac266e3d63718\",\"name\":\"Actualidad RT\",\"image\":{\"@type\":\"ImageObject\",\"inLanguage\":\"es\",\"@id\":\"https:\\\/\\\/secure.gravatar.com\\\/avatar\\\/443e88260a6a7111cf83d7014ab1894f91a4053ffd4e9da37d79effad3a35c81?s=96&d=mm&r=g\",\"url\":\"https:\\\/\\\/secure.gravatar.com\\\/avatar\\\/443e88260a6a7111cf83d7014ab1894f91a4053ffd4e9da37d79effad3a35c81?s=96&d=mm&r=g\",\"contentUrl\":\"https:\\\/\\\/secure.gravatar.com\\\/avatar\\\/443e88260a6a7111cf83d7014ab1894f91a4053ffd4e9da37d79effad3a35c81?s=96&d=mm&r=g\",\"caption\":\"Actualidad RT\"},\"url\":\"https:\\\/\\\/fuentesfidedignas.com.mx\\\/index.php\\\/author\\\/actualidad\\\/\"}]}<\/script>\n<!-- \/ Yoast SEO plugin. -->","yoast_head_json":{"title":"Captan en c\u00e1mara una pelea entre un oso polar y uno negro en Canad\u00e1 - Fuentes Fidedignas","robots":{"index":"index","follow":"follow","max-snippet":"max-snippet:-1","max-image-preview":"max-image-preview:large","max-video-preview":"max-video-preview:-1"},"canonical":"https:\/\/fuentesfidedignas.com.mx\/index.php\/2025\/10\/01\/captan-en-camara-una-pelea-entre-un-oso-polar-y-uno-negro-en-canada\/","og_locale":"es_MX","og_type":"article","og_title":"Captan en c\u00e1mara una pelea entre un oso polar y uno negro en Canad\u00e1 - Fuentes Fidedignas","og_description":"Un oso negro apareci\u00f3 en el lugar y se dirigi\u00f3 hacia un grupo de osos polares con la intenci\u00f3n de compartir su fest\u00edn. Un turista island\u00e9s presenci\u00f3 algo que cre\u00eda imposible viajando por el norte de la regi\u00f3n canadiense de Labrador: una pelea entre un oso polar y un oso negro, una escena que logr\u00f3 [&hellip;]","og_url":"https:\/\/fuentesfidedignas.com.mx\/index.php\/2025\/10\/01\/captan-en-camara-una-pelea-entre-un-oso-polar-y-uno-negro-en-canada\/","og_site_name":"Fuentes Fidedignas","article_publisher":"https:\/\/www.facebook.com\/Fuentes-Fidedignas-368234489921644","article_published_time":"2025-10-01T08:59:00+00:00","og_image":[{"width":1104,"height":622,"url":"https:\/\/fuentesfidedignas.com.mx\/wp-content\/uploads\/2025\/09\/68dbf50ae9ff7166457935fc.jpg","type":"image\/jpeg"}],"author":"Actualidad RT","twitter_card":"summary_large_image","twitter_creator":"@fidedignas","twitter_site":"@fidedignas","twitter_misc":{"Escrito por":"Actualidad RT","Tiempo de lectura":"2 minutos"},"schema":{"@context":"https:\/\/schema.org","@graph":[{"@type":"Article","@id":"https:\/\/fuentesfidedignas.com.mx\/index.php\/2025\/10\/01\/captan-en-camara-una-pelea-entre-un-oso-polar-y-uno-negro-en-canada\/#article","isPartOf":{"@id":"https:\/\/fuentesfidedignas.com.mx\/index.php\/2025\/10\/01\/captan-en-camara-una-pelea-entre-un-oso-polar-y-uno-negro-en-canada\/"},"author":{"name":"Actualidad RT","@id":"https:\/\/fuentesfidedignas.com.mx\/#\/schema\/person\/eade03a5d4a96f9b557ac266e3d63718"},"headline":"Captan en c\u00e1mara una pelea entre un oso polar y uno negro en Canad\u00e1","datePublished":"2025-10-01T08:59:00+00:00","mainEntityOfPage":{"@id":"https:\/\/fuentesfidedignas.com.mx\/index.php\/2025\/10\/01\/captan-en-camara-una-pelea-entre-un-oso-polar-y-uno-negro-en-canada\/"},"wordCount":266,"commentCount":0,"publisher":{"@id":"https:\/\/fuentesfidedignas.com.mx\/#organization"},"image":{"@id":"https:\/\/fuentesfidedignas.com.mx\/index.php\/2025\/10\/01\/captan-en-camara-una-pelea-entre-un-oso-polar-y-uno-negro-en-canada\/#primaryimage"},"thumbnailUrl":"https:\/\/fuentesfidedignas.com.mx\/wp-content\/uploads\/2025\/09\/68dbf50ae9ff7166457935fc.jpg","articleSection":["LAS ASOMBROSAS"],"inLanguage":"es","potentialAction":[{"@type":"CommentAction","name":"Comment","target":["https:\/\/fuentesfidedignas.com.mx\/index.php\/2025\/10\/01\/captan-en-camara-una-pelea-entre-un-oso-polar-y-uno-negro-en-canada\/#respond"]}]},{"@type":"WebPage","@id":"https:\/\/fuentesfidedignas.com.mx\/index.php\/2025\/10\/01\/captan-en-camara-una-pelea-entre-un-oso-polar-y-uno-negro-en-canada\/","url":"https:\/\/fuentesfidedignas.com.mx\/index.php\/2025\/10\/01\/captan-en-camara-una-pelea-entre-un-oso-polar-y-uno-negro-en-canada\/","name":"Captan en c\u00e1mara una pelea entre un oso polar y uno negro en Canad\u00e1 - Fuentes Fidedignas","isPartOf":{"@id":"https:\/\/fuentesfidedignas.com.mx\/#website"},"primaryImageOfPage":{"@id":"https:\/\/fuentesfidedignas.com.mx\/index.php\/2025\/10\/01\/captan-en-camara-una-pelea-entre-un-oso-polar-y-uno-negro-en-canada\/#primaryimage"},"image":{"@id":"https:\/\/fuentesfidedignas.com.mx\/index.php\/2025\/10\/01\/captan-en-camara-una-pelea-entre-un-oso-polar-y-uno-negro-en-canada\/#primaryimage"},"thumbnailUrl":"https:\/\/fuentesfidedignas.com.mx\/wp-content\/uploads\/2025\/09\/68dbf50ae9ff7166457935fc.jpg","datePublished":"2025-10-01T08:59:00+00:00","breadcrumb":{"@id":"https:\/\/fuentesfidedignas.com.mx\/index.php\/2025\/10\/01\/captan-en-camara-una-pelea-entre-un-oso-polar-y-uno-negro-en-canada\/#breadcrumb"},"inLanguage":"es","potentialAction":[{"@type":"ReadAction","target":["https:\/\/fuentesfidedignas.com.mx\/index.php\/2025\/10\/01\/captan-en-camara-una-pelea-entre-un-oso-polar-y-uno-negro-en-canada\/"]}]},{"@type":"ImageObject","inLanguage":"es","@id":"https:\/\/fuentesfidedignas.com.mx\/index.php\/2025\/10\/01\/captan-en-camara-una-pelea-entre-un-oso-polar-y-uno-negro-en-canada\/#primaryimage","url":"https:\/\/fuentesfidedignas.com.mx\/wp-content\/uploads\/2025\/09\/68dbf50ae9ff7166457935fc.jpg","contentUrl":"https:\/\/fuentesfidedignas.com.mx\/wp-content\/uploads\/2025\/09\/68dbf50ae9ff7166457935fc.jpg","width":1104,"height":622},{"@type":"BreadcrumbList","@id":"https:\/\/fuentesfidedignas.com.mx\/index.php\/2025\/10\/01\/captan-en-camara-una-pelea-entre-un-oso-polar-y-uno-negro-en-canada\/#breadcrumb","itemListElement":[{"@type":"ListItem","position":1,"name":"Inicio","item":"https:\/\/fuentesfidedignas.com.mx\/"},{"@type":"ListItem","position":2,"name":"Captan en c\u00e1mara una pelea entre un oso polar y uno negro en Canad\u00e1"}]},{"@type":"WebSite","@id":"https:\/\/fuentesfidedignas.com.mx\/#website","url":"https:\/\/fuentesfidedignas.com.mx\/","name":"Fuentes Fidedignas","description":"Otro sitio realizado con WordPress","publisher":{"@id":"https:\/\/fuentesfidedignas.com.mx\/#organization"},"potentialAction":[{"@type":"SearchAction","target":{"@type":"EntryPoint","urlTemplate":"https:\/\/fuentesfidedignas.com.mx\/?s={search_term_string}"},"query-input":{"@type":"PropertyValueSpecification","valueRequired":true,"valueName":"search_term_string"}}],"inLanguage":"es"},{"@type":"Organization","@id":"https:\/\/fuentesfidedignas.com.mx\/#organization","name":"Fuentes Fidedignas","url":"https:\/\/fuentesfidedignas.com.mx\/","logo":{"@type":"ImageObject","inLanguage":"es","@id":"https:\/\/fuentesfidedignas.com.mx\/#\/schema\/logo\/image\/","url":"https:\/\/fuentesfidedignas.com.mx\/wp-content\/uploads\/2021\/04\/logo-retina.png","contentUrl":"https:\/\/fuentesfidedignas.com.mx\/wp-content\/uploads\/2021\/04\/logo-retina.png","width":280,"height":51,"caption":"Fuentes Fidedignas"},"image":{"@id":"https:\/\/fuentesfidedignas.com.mx\/#\/schema\/logo\/image\/"},"sameAs":["https:\/\/www.facebook.com\/Fuentes-Fidedignas-368234489921644","https:\/\/x.com\/fidedignas"]},{"@type":"Person","@id":"https:\/\/fuentesfidedignas.com.mx\/#\/schema\/person\/eade03a5d4a96f9b557ac266e3d63718","name":"Actualidad RT","image":{"@type":"ImageObject","inLanguage":"es","@id":"https:\/\/secure.gravatar.com\/avatar\/443e88260a6a7111cf83d7014ab1894f91a4053ffd4e9da37d79effad3a35c81?s=96&d=mm&r=g","url":"https:\/\/secure.gravatar.com\/avatar\/443e88260a6a7111cf83d7014ab1894f91a4053ffd4e9da37d79effad3a35c81?s=96&d=mm&r=g","contentUrl":"https:\/\/secure.gravatar.com\/avatar\/443e88260a6a7111cf83d7014ab1894f91a4053ffd4e9da37d79effad3a35c81?s=96&d=mm&r=g","caption":"Actualidad RT"},"url":"https:\/\/fuentesfidedignas.com.mx\/index.php\/author\/actualidad\/"}]}},"_links":{"self":[{"href":"https:\/\/fuentesfidedignas.com.mx\/index.php\/wp-json\/wp\/v2\/posts\/118440","targetHints":{"allow":["GET"]}}],"collection":[{"href":"https:\/\/fuentesfidedignas.com.mx\/index.php\/wp-json\/wp\/v2\/posts"}],"about":[{"href":"https:\/\/fuentesfidedignas.com.mx\/index.php\/wp-json\/wp\/v2\/types\/post"}],"author":[{"embeddable":true,"href":"https:\/\/fuentesfidedignas.com.mx\/index.php\/wp-json\/wp\/v2\/users\/38"}],"replies":[{"embeddable":true,"href":"https:\/\/fuentesfidedignas.com.mx\/index.php\/wp-json\/wp\/v2\/comments?post=118440"}],"version-history":[{"count":1,"href":"https:\/\/fuentesfidedignas.com.mx\/index.php\/wp-json\/wp\/v2\/posts\/118440\/revisions"}],"predecessor-version":[{"id":118442,"href":"https:\/\/fuentesfidedignas.com.mx\/index.php\/wp-json\/wp\/v2\/posts\/118440\/revisions\/118442"}],"wp:featuredmedia":[{"embeddable":true,"href":"https:\/\/fuentesfidedignas.com.mx\/index.php\/wp-json\/wp\/v2\/media\/118441"}],"wp:attachment":[{"href":"https:\/\/fuentesfidedignas.com.mx\/index.php\/wp-json\/wp\/v2\/media?parent=118440"}],"wp:term":[{"taxonomy":"category","embeddable":true,"href":"https:\/\/fuentesfidedignas.com.mx\/index.php\/wp-json\/wp\/v2\/categories?post=118440"},{"taxonomy":"post_tag","embeddable":true,"href":"https:\/\/fuentesfidedignas.com.mx\/index.php\/wp-json\/wp\/v2\/tags?post=118440"}],"curies":[{"name":"wp","href":"https:\/\/api.w.org\/{rel}","templated":true}]}}