{"id":118259,"date":"2025-09-28T01:58:00","date_gmt":"2025-09-28T08:58:00","guid":{"rendered":"https:\/\/fuentesfidedignas.com.mx\/?p=118259"},"modified":"2025-09-28T09:18:38","modified_gmt":"2025-09-28T16:18:38","slug":"paracaidistas-captan-un-extrano-arcoiris-circular-un-fenomeno-natural-que-pocos-logran-ver","status":"publish","type":"post","link":"https:\/\/fuentesfidedignas.com.mx\/index.php\/2025\/09\/28\/paracaidistas-captan-un-extrano-arcoiris-circular-un-fenomeno-natural-que-pocos-logran-ver\/","title":{"rendered":"Paracaidistas captan un extra\u00f1o arco\u00edris circular; un fen\u00f3meno natural que pocos logran ver"},"content":{"rendered":"\n<p><em><strong><br>Este tipo de arco\u00edris, tambi\u00e9n conocido como arco\u00edris de 360 grados, es un fen\u00f3meno meteorol\u00f3gico poco frecuente<\/strong><\/em><\/p>\n\n\n\n<p>A veces, lanzarse en paraca\u00eddas no solo te regala una descarga de adrenalina, tambi\u00e9n ofrece una vista \u00fanica del cielo, y eso fue justo lo que vivieron un grupo de paracaidistas en el Reino Unido, cuando captaron algo tan raro como hermoso,\u00a0<strong>un arco\u00edris completamente circular<\/strong>\u00a0en pleno descenso.<\/p>\n\n\n\n<p>El avistamiento ocurri\u00f3 el pasado\u00a0<strong>13 de septiembre<\/strong>, mientras el equipo de\u00a0<strong>Skydive Langar<\/strong>\u00a0saltaba sobre los campos de\u00a0<strong>Nottinghamshire<\/strong>, y as\u00ed, entre risas, gritos de emoci\u00f3n y maniobras en el aire, los paracaidistas se encontraron con un\u00a0<strong>fen\u00f3meno natural<\/strong>\u00a0que pocas veces se logra ver, un\u00a0<strong>c\u00edrculo perfecto de colores flotando entre las nubes<\/strong>.<\/p>\n\n\n\n<blockquote class=\"wp-block-quote is-layout-flow wp-block-quote-is-layout-flow\">\n<p>\u201cFue absolutamente hermoso y un placer excepcional. Todos quedamos at\u00f3nitos cuando lo vimos\u201d, coment\u00f3 el instructor&nbsp;<strong>Jan Zackl<\/strong>, quien no dud\u00f3 en calificar el momento como un \u201cregalo raro del cielo\u201d.<\/p>\n<\/blockquote>\n\n\n\n<p>El grupo, claramente emocionado, gir\u00f3 sus paraca\u00eddas para disfrutar de la vista durante el mayor tiempo posible,&nbsp;<strong>Laura Hampton<\/strong>, tambi\u00e9n de Skydive Langar, explic\u00f3 que aunque a veces logran ver fragmentos de arco\u00edris desde el avi\u00f3n,&nbsp;<strong>nunca tan claros o definidos como este<\/strong>.<\/p>\n\n\n\n<blockquote class=\"wp-block-quote is-layout-flow wp-block-quote-is-layout-flow\">\n<p>\u201cDefinitivamente fue especial\u201d, asegur\u00f3.<\/p>\n<\/blockquote>\n\n\n\n<figure class=\"wp-block-image size-full\"><img decoding=\"async\" width=\"660\" height=\"371\" src=\"https:\/\/fuentesfidedignas.com.mx\/wp-content\/uploads\/2025\/09\/image-4-3.jpg\" alt=\"\" class=\"wp-image-118262\" srcset=\"https:\/\/fuentesfidedignas.com.mx\/wp-content\/uploads\/2025\/09\/image-4-3.jpg 660w, https:\/\/fuentesfidedignas.com.mx\/wp-content\/uploads\/2025\/09\/image-4-3-300x169.jpg 300w, https:\/\/fuentesfidedignas.com.mx\/wp-content\/uploads\/2025\/09\/image-4-3-600x337.jpg 600w\" sizes=\"(max-width: 660px) 100vw, 660px\" \/><\/figure>\n\n\n\n<h3 class=\"wp-block-heading\"><strong>\u00bfC\u00f3mo se forma un arco\u00edris circular?<\/strong><\/h3>\n\n\n\n<p>Aunque desde el suelo se perciben como arcos,&nbsp;<strong>todos los arco\u00edris son en realidad c\u00edrculos completos<\/strong>, lo que ocurre es que, cuando estamos en tierra,&nbsp;<strong>la mitad inferior del c\u00edrculo est\u00e1 bloqueada por el horizonte<\/strong>, por eso solo vemos la cl\u00e1sica forma de arco.<\/p>\n\n\n\n<p>Para que se forme un arco\u00edris, circular o no, se necesita\u00a0<strong>luz solar y gotas de agua suspendidas en el aire<\/strong>, como ocurre despu\u00e9s de la lluvia o entre nubes. La luz entra en la gota, se refracta, es decir, se desv\u00eda, luego se refleja en el interior y finalmente se dispersa al salir, separ\u00e1ndose en los distintos colores del espectro.<\/p>\n\n\n\n<h3 class=\"wp-block-heading\"><strong>\u00bfPor qu\u00e9 desde el cielo se ve completo?<\/strong><\/h3>\n\n\n\n<p>Porque cuando est\u00e1s en una altura considerable, como la de un avi\u00f3n o durante un salto en paraca\u00eddas, ya no tienes el suelo bloqueando la vista, de esta forma es posible ver&nbsp;<strong>el c\u00edrculo completo del arco\u00edris<\/strong>, siempre y cuando el sol est\u00e9 en la posici\u00f3n correcta y haya gotas de agua al frente para refractar la luz.<\/p>\n\n\n\n<blockquote class=\"wp-block-quote is-layout-flow wp-block-quote-is-layout-flow\">\n<p>\u201cDesde nuestro punto de vista, solo podemos ver un arco porque el resto est\u00e1 bloqueado por el suelo\u201d, explic\u00f3 la presentadora del tiempo de la BBC,&nbsp;<strong>Kaye Forster<\/strong>.<\/p>\n<\/blockquote>\n\n\n\n<p>Este tipo de arco\u00edris, tambi\u00e9n conocido como&nbsp;<strong>arco\u00edris de 360 grados<\/strong>, es un fen\u00f3meno meteorol\u00f3gico poco frecuente, reservado casi exclusivamente a&nbsp;<strong>paracaidistas, pilotos y astronautas<\/strong>.<\/p>\n","protected":false},"excerpt":{"rendered":"<p>Este tipo de arco\u00edris, tambi\u00e9n conocido como arco\u00edris de 360 grados, es un fen\u00f3meno meteorol\u00f3gico poco frecuente A veces, lanzarse en paraca\u00eddas no solo te regala una descarga de adrenalina, tambi\u00e9n ofrece una vista \u00fanica del cielo, y eso fue justo lo que vivieron un grupo de paracaidistas en el Reino Unido, cuando captaron algo [&hellip;]<\/p>\n","protected":false},"author":7,"featured_media":118261,"comment_status":"open","ping_status":"open","sticky":false,"template":"","format":"standard","meta":{"tdm_status":"","tdm_grid_status":"","footnotes":""},"categories":[40],"tags":[],"class_list":{"0":"post-118259","1":"post","2":"type-post","3":"status-publish","4":"format-standard","5":"has-post-thumbnail","7":"category-las-asombrosas"},"yoast_head":"<!-- This site is optimized with the Yoast SEO plugin v27.5 - https:\/\/yoast.com\/product\/yoast-seo-wordpress\/ -->\n<title>Paracaidistas captan un extra\u00f1o arco\u00edris circular; un fen\u00f3meno natural que pocos logran ver - Fuentes Fidedignas<\/title>\n<meta name=\"robots\" content=\"index, follow, max-snippet:-1, max-image-preview:large, max-video-preview:-1\" \/>\n<link rel=\"canonical\" href=\"https:\/\/fuentesfidedignas.com.mx\/index.php\/2025\/09\/28\/paracaidistas-captan-un-extrano-arcoiris-circular-un-fenomeno-natural-que-pocos-logran-ver\/\" \/>\n<meta property=\"og:locale\" content=\"es_MX\" \/>\n<meta property=\"og:type\" content=\"article\" \/>\n<meta property=\"og:title\" content=\"Paracaidistas captan un extra\u00f1o arco\u00edris circular; un fen\u00f3meno natural que pocos logran ver - Fuentes Fidedignas\" \/>\n<meta property=\"og:description\" content=\"Este tipo de arco\u00edris, tambi\u00e9n conocido como arco\u00edris de 360 grados, es un fen\u00f3meno meteorol\u00f3gico poco frecuente A veces, lanzarse en paraca\u00eddas no solo te regala una descarga de adrenalina, tambi\u00e9n ofrece una vista \u00fanica del cielo, y eso fue justo lo que vivieron un grupo de paracaidistas en el Reino Unido, cuando captaron algo [&hellip;]\" \/>\n<meta property=\"og:url\" content=\"https:\/\/fuentesfidedignas.com.mx\/index.php\/2025\/09\/28\/paracaidistas-captan-un-extrano-arcoiris-circular-un-fenomeno-natural-que-pocos-logran-ver\/\" \/>\n<meta property=\"og:site_name\" content=\"Fuentes Fidedignas\" \/>\n<meta property=\"article:publisher\" content=\"https:\/\/www.facebook.com\/Fuentes-Fidedignas-368234489921644\" \/>\n<meta property=\"article:published_time\" content=\"2025-09-28T08:58:00+00:00\" \/>\n<meta property=\"article:modified_time\" content=\"2025-09-28T16:18:38+00:00\" \/>\n<meta property=\"og:image\" content=\"https:\/\/fuentesfidedignas.com.mx\/wp-content\/uploads\/2025\/09\/Captura-de-pantalla-16.jpg\" \/>\n\t<meta property=\"og:image:width\" content=\"688\" \/>\n\t<meta property=\"og:image:height\" content=\"469\" \/>\n\t<meta property=\"og:image:type\" content=\"image\/jpeg\" \/>\n<meta name=\"author\" content=\"Exc\u00e9lsior\" \/>\n<meta name=\"twitter:card\" content=\"summary_large_image\" \/>\n<meta name=\"twitter:creator\" content=\"@fidedignas\" \/>\n<meta name=\"twitter:site\" content=\"@fidedignas\" \/>\n<meta name=\"twitter:label1\" content=\"Escrito por\" \/>\n\t<meta name=\"twitter:data1\" content=\"Exc\u00e9lsior\" \/>\n\t<meta name=\"twitter:label2\" content=\"Tiempo de lectura\" \/>\n\t<meta name=\"twitter:data2\" content=\"3 minutos\" \/>\n<script type=\"application\/ld+json\" class=\"yoast-schema-graph\">{\"@context\":\"https:\\\/\\\/schema.org\",\"@graph\":[{\"@type\":\"Article\",\"@id\":\"https:\\\/\\\/fuentesfidedignas.com.mx\\\/index.php\\\/2025\\\/09\\\/28\\\/paracaidistas-captan-un-extrano-arcoiris-circular-un-fenomeno-natural-que-pocos-logran-ver\\\/#article\",\"isPartOf\":{\"@id\":\"https:\\\/\\\/fuentesfidedignas.com.mx\\\/index.php\\\/2025\\\/09\\\/28\\\/paracaidistas-captan-un-extrano-arcoiris-circular-un-fenomeno-natural-que-pocos-logran-ver\\\/\"},\"author\":{\"name\":\"Exc\u00e9lsior\",\"@id\":\"https:\\\/\\\/fuentesfidedignas.com.mx\\\/#\\\/schema\\\/person\\\/ec4edd1fbf5efa3e44fce34fe2787780\"},\"headline\":\"Paracaidistas captan un extra\u00f1o arco\u00edris circular; un fen\u00f3meno natural que pocos logran ver\",\"datePublished\":\"2025-09-28T08:58:00+00:00\",\"dateModified\":\"2025-09-28T16:18:38+00:00\",\"mainEntityOfPage\":{\"@id\":\"https:\\\/\\\/fuentesfidedignas.com.mx\\\/index.php\\\/2025\\\/09\\\/28\\\/paracaidistas-captan-un-extrano-arcoiris-circular-un-fenomeno-natural-que-pocos-logran-ver\\\/\"},\"wordCount\":488,\"commentCount\":0,\"publisher\":{\"@id\":\"https:\\\/\\\/fuentesfidedignas.com.mx\\\/#organization\"},\"image\":{\"@id\":\"https:\\\/\\\/fuentesfidedignas.com.mx\\\/index.php\\\/2025\\\/09\\\/28\\\/paracaidistas-captan-un-extrano-arcoiris-circular-un-fenomeno-natural-que-pocos-logran-ver\\\/#primaryimage\"},\"thumbnailUrl\":\"https:\\\/\\\/fuentesfidedignas.com.mx\\\/wp-content\\\/uploads\\\/2025\\\/09\\\/Captura-de-pantalla-16.jpg\",\"articleSection\":[\"LAS ASOMBROSAS\"],\"inLanguage\":\"es\",\"potentialAction\":[{\"@type\":\"CommentAction\",\"name\":\"Comment\",\"target\":[\"https:\\\/\\\/fuentesfidedignas.com.mx\\\/index.php\\\/2025\\\/09\\\/28\\\/paracaidistas-captan-un-extrano-arcoiris-circular-un-fenomeno-natural-que-pocos-logran-ver\\\/#respond\"]}]},{\"@type\":\"WebPage\",\"@id\":\"https:\\\/\\\/fuentesfidedignas.com.mx\\\/index.php\\\/2025\\\/09\\\/28\\\/paracaidistas-captan-un-extrano-arcoiris-circular-un-fenomeno-natural-que-pocos-logran-ver\\\/\",\"url\":\"https:\\\/\\\/fuentesfidedignas.com.mx\\\/index.php\\\/2025\\\/09\\\/28\\\/paracaidistas-captan-un-extrano-arcoiris-circular-un-fenomeno-natural-que-pocos-logran-ver\\\/\",\"name\":\"Paracaidistas captan un extra\u00f1o arco\u00edris circular; un fen\u00f3meno natural que pocos logran ver - Fuentes Fidedignas\",\"isPartOf\":{\"@id\":\"https:\\\/\\\/fuentesfidedignas.com.mx\\\/#website\"},\"primaryImageOfPage\":{\"@id\":\"https:\\\/\\\/fuentesfidedignas.com.mx\\\/index.php\\\/2025\\\/09\\\/28\\\/paracaidistas-captan-un-extrano-arcoiris-circular-un-fenomeno-natural-que-pocos-logran-ver\\\/#primaryimage\"},\"image\":{\"@id\":\"https:\\\/\\\/fuentesfidedignas.com.mx\\\/index.php\\\/2025\\\/09\\\/28\\\/paracaidistas-captan-un-extrano-arcoiris-circular-un-fenomeno-natural-que-pocos-logran-ver\\\/#primaryimage\"},\"thumbnailUrl\":\"https:\\\/\\\/fuentesfidedignas.com.mx\\\/wp-content\\\/uploads\\\/2025\\\/09\\\/Captura-de-pantalla-16.jpg\",\"datePublished\":\"2025-09-28T08:58:00+00:00\",\"dateModified\":\"2025-09-28T16:18:38+00:00\",\"breadcrumb\":{\"@id\":\"https:\\\/\\\/fuentesfidedignas.com.mx\\\/index.php\\\/2025\\\/09\\\/28\\\/paracaidistas-captan-un-extrano-arcoiris-circular-un-fenomeno-natural-que-pocos-logran-ver\\\/#breadcrumb\"},\"inLanguage\":\"es\",\"potentialAction\":[{\"@type\":\"ReadAction\",\"target\":[\"https:\\\/\\\/fuentesfidedignas.com.mx\\\/index.php\\\/2025\\\/09\\\/28\\\/paracaidistas-captan-un-extrano-arcoiris-circular-un-fenomeno-natural-que-pocos-logran-ver\\\/\"]}]},{\"@type\":\"ImageObject\",\"inLanguage\":\"es\",\"@id\":\"https:\\\/\\\/fuentesfidedignas.com.mx\\\/index.php\\\/2025\\\/09\\\/28\\\/paracaidistas-captan-un-extrano-arcoiris-circular-un-fenomeno-natural-que-pocos-logran-ver\\\/#primaryimage\",\"url\":\"https:\\\/\\\/fuentesfidedignas.com.mx\\\/wp-content\\\/uploads\\\/2025\\\/09\\\/Captura-de-pantalla-16.jpg\",\"contentUrl\":\"https:\\\/\\\/fuentesfidedignas.com.mx\\\/wp-content\\\/uploads\\\/2025\\\/09\\\/Captura-de-pantalla-16.jpg\",\"width\":688,\"height\":469},{\"@type\":\"BreadcrumbList\",\"@id\":\"https:\\\/\\\/fuentesfidedignas.com.mx\\\/index.php\\\/2025\\\/09\\\/28\\\/paracaidistas-captan-un-extrano-arcoiris-circular-un-fenomeno-natural-que-pocos-logran-ver\\\/#breadcrumb\",\"itemListElement\":[{\"@type\":\"ListItem\",\"position\":1,\"name\":\"Inicio\",\"item\":\"https:\\\/\\\/fuentesfidedignas.com.mx\\\/\"},{\"@type\":\"ListItem\",\"position\":2,\"name\":\"Paracaidistas captan un extra\u00f1o arco\u00edris circular; un fen\u00f3meno natural que pocos logran ver\"}]},{\"@type\":\"WebSite\",\"@id\":\"https:\\\/\\\/fuentesfidedignas.com.mx\\\/#website\",\"url\":\"https:\\\/\\\/fuentesfidedignas.com.mx\\\/\",\"name\":\"Fuentes Fidedignas\",\"description\":\"Otro sitio realizado con WordPress\",\"publisher\":{\"@id\":\"https:\\\/\\\/fuentesfidedignas.com.mx\\\/#organization\"},\"potentialAction\":[{\"@type\":\"SearchAction\",\"target\":{\"@type\":\"EntryPoint\",\"urlTemplate\":\"https:\\\/\\\/fuentesfidedignas.com.mx\\\/?s={search_term_string}\"},\"query-input\":{\"@type\":\"PropertyValueSpecification\",\"valueRequired\":true,\"valueName\":\"search_term_string\"}}],\"inLanguage\":\"es\"},{\"@type\":\"Organization\",\"@id\":\"https:\\\/\\\/fuentesfidedignas.com.mx\\\/#organization\",\"name\":\"Fuentes Fidedignas\",\"url\":\"https:\\\/\\\/fuentesfidedignas.com.mx\\\/\",\"logo\":{\"@type\":\"ImageObject\",\"inLanguage\":\"es\",\"@id\":\"https:\\\/\\\/fuentesfidedignas.com.mx\\\/#\\\/schema\\\/logo\\\/image\\\/\",\"url\":\"https:\\\/\\\/fuentesfidedignas.com.mx\\\/wp-content\\\/uploads\\\/2021\\\/04\\\/logo-retina.png\",\"contentUrl\":\"https:\\\/\\\/fuentesfidedignas.com.mx\\\/wp-content\\\/uploads\\\/2021\\\/04\\\/logo-retina.png\",\"width\":280,\"height\":51,\"caption\":\"Fuentes Fidedignas\"},\"image\":{\"@id\":\"https:\\\/\\\/fuentesfidedignas.com.mx\\\/#\\\/schema\\\/logo\\\/image\\\/\"},\"sameAs\":[\"https:\\\/\\\/www.facebook.com\\\/Fuentes-Fidedignas-368234489921644\",\"https:\\\/\\\/x.com\\\/fidedignas\"]},{\"@type\":\"Person\",\"@id\":\"https:\\\/\\\/fuentesfidedignas.com.mx\\\/#\\\/schema\\\/person\\\/ec4edd1fbf5efa3e44fce34fe2787780\",\"name\":\"Exc\u00e9lsior\",\"image\":{\"@type\":\"ImageObject\",\"inLanguage\":\"es\",\"@id\":\"https:\\\/\\\/secure.gravatar.com\\\/avatar\\\/4b7ee9206b48be08447852b3f0814dbc7c0f3b51541b164f1464a2725614020b?s=96&d=mm&r=g\",\"url\":\"https:\\\/\\\/secure.gravatar.com\\\/avatar\\\/4b7ee9206b48be08447852b3f0814dbc7c0f3b51541b164f1464a2725614020b?s=96&d=mm&r=g\",\"contentUrl\":\"https:\\\/\\\/secure.gravatar.com\\\/avatar\\\/4b7ee9206b48be08447852b3f0814dbc7c0f3b51541b164f1464a2725614020b?s=96&d=mm&r=g\",\"caption\":\"Exc\u00e9lsior\"},\"url\":\"https:\\\/\\\/fuentesfidedignas.com.mx\\\/index.php\\\/author\\\/excelsior\\\/\"}]}<\/script>\n<!-- \/ Yoast SEO plugin. -->","yoast_head_json":{"title":"Paracaidistas captan un extra\u00f1o arco\u00edris circular; un fen\u00f3meno natural que pocos logran ver - Fuentes Fidedignas","robots":{"index":"index","follow":"follow","max-snippet":"max-snippet:-1","max-image-preview":"max-image-preview:large","max-video-preview":"max-video-preview:-1"},"canonical":"https:\/\/fuentesfidedignas.com.mx\/index.php\/2025\/09\/28\/paracaidistas-captan-un-extrano-arcoiris-circular-un-fenomeno-natural-que-pocos-logran-ver\/","og_locale":"es_MX","og_type":"article","og_title":"Paracaidistas captan un extra\u00f1o arco\u00edris circular; un fen\u00f3meno natural que pocos logran ver - Fuentes Fidedignas","og_description":"Este tipo de arco\u00edris, tambi\u00e9n conocido como arco\u00edris de 360 grados, es un fen\u00f3meno meteorol\u00f3gico poco frecuente A veces, lanzarse en paraca\u00eddas no solo te regala una descarga de adrenalina, tambi\u00e9n ofrece una vista \u00fanica del cielo, y eso fue justo lo que vivieron un grupo de paracaidistas en el Reino Unido, cuando captaron algo [&hellip;]","og_url":"https:\/\/fuentesfidedignas.com.mx\/index.php\/2025\/09\/28\/paracaidistas-captan-un-extrano-arcoiris-circular-un-fenomeno-natural-que-pocos-logran-ver\/","og_site_name":"Fuentes Fidedignas","article_publisher":"https:\/\/www.facebook.com\/Fuentes-Fidedignas-368234489921644","article_published_time":"2025-09-28T08:58:00+00:00","article_modified_time":"2025-09-28T16:18:38+00:00","og_image":[{"width":688,"height":469,"url":"https:\/\/fuentesfidedignas.com.mx\/wp-content\/uploads\/2025\/09\/Captura-de-pantalla-16.jpg","type":"image\/jpeg"}],"author":"Exc\u00e9lsior","twitter_card":"summary_large_image","twitter_creator":"@fidedignas","twitter_site":"@fidedignas","twitter_misc":{"Escrito por":"Exc\u00e9lsior","Tiempo de lectura":"3 minutos"},"schema":{"@context":"https:\/\/schema.org","@graph":[{"@type":"Article","@id":"https:\/\/fuentesfidedignas.com.mx\/index.php\/2025\/09\/28\/paracaidistas-captan-un-extrano-arcoiris-circular-un-fenomeno-natural-que-pocos-logran-ver\/#article","isPartOf":{"@id":"https:\/\/fuentesfidedignas.com.mx\/index.php\/2025\/09\/28\/paracaidistas-captan-un-extrano-arcoiris-circular-un-fenomeno-natural-que-pocos-logran-ver\/"},"author":{"name":"Exc\u00e9lsior","@id":"https:\/\/fuentesfidedignas.com.mx\/#\/schema\/person\/ec4edd1fbf5efa3e44fce34fe2787780"},"headline":"Paracaidistas captan un extra\u00f1o arco\u00edris circular; un fen\u00f3meno natural que pocos logran ver","datePublished":"2025-09-28T08:58:00+00:00","dateModified":"2025-09-28T16:18:38+00:00","mainEntityOfPage":{"@id":"https:\/\/fuentesfidedignas.com.mx\/index.php\/2025\/09\/28\/paracaidistas-captan-un-extrano-arcoiris-circular-un-fenomeno-natural-que-pocos-logran-ver\/"},"wordCount":488,"commentCount":0,"publisher":{"@id":"https:\/\/fuentesfidedignas.com.mx\/#organization"},"image":{"@id":"https:\/\/fuentesfidedignas.com.mx\/index.php\/2025\/09\/28\/paracaidistas-captan-un-extrano-arcoiris-circular-un-fenomeno-natural-que-pocos-logran-ver\/#primaryimage"},"thumbnailUrl":"https:\/\/fuentesfidedignas.com.mx\/wp-content\/uploads\/2025\/09\/Captura-de-pantalla-16.jpg","articleSection":["LAS ASOMBROSAS"],"inLanguage":"es","potentialAction":[{"@type":"CommentAction","name":"Comment","target":["https:\/\/fuentesfidedignas.com.mx\/index.php\/2025\/09\/28\/paracaidistas-captan-un-extrano-arcoiris-circular-un-fenomeno-natural-que-pocos-logran-ver\/#respond"]}]},{"@type":"WebPage","@id":"https:\/\/fuentesfidedignas.com.mx\/index.php\/2025\/09\/28\/paracaidistas-captan-un-extrano-arcoiris-circular-un-fenomeno-natural-que-pocos-logran-ver\/","url":"https:\/\/fuentesfidedignas.com.mx\/index.php\/2025\/09\/28\/paracaidistas-captan-un-extrano-arcoiris-circular-un-fenomeno-natural-que-pocos-logran-ver\/","name":"Paracaidistas captan un extra\u00f1o arco\u00edris circular; un fen\u00f3meno natural que pocos logran ver - Fuentes Fidedignas","isPartOf":{"@id":"https:\/\/fuentesfidedignas.com.mx\/#website"},"primaryImageOfPage":{"@id":"https:\/\/fuentesfidedignas.com.mx\/index.php\/2025\/09\/28\/paracaidistas-captan-un-extrano-arcoiris-circular-un-fenomeno-natural-que-pocos-logran-ver\/#primaryimage"},"image":{"@id":"https:\/\/fuentesfidedignas.com.mx\/index.php\/2025\/09\/28\/paracaidistas-captan-un-extrano-arcoiris-circular-un-fenomeno-natural-que-pocos-logran-ver\/#primaryimage"},"thumbnailUrl":"https:\/\/fuentesfidedignas.com.mx\/wp-content\/uploads\/2025\/09\/Captura-de-pantalla-16.jpg","datePublished":"2025-09-28T08:58:00+00:00","dateModified":"2025-09-28T16:18:38+00:00","breadcrumb":{"@id":"https:\/\/fuentesfidedignas.com.mx\/index.php\/2025\/09\/28\/paracaidistas-captan-un-extrano-arcoiris-circular-un-fenomeno-natural-que-pocos-logran-ver\/#breadcrumb"},"inLanguage":"es","potentialAction":[{"@type":"ReadAction","target":["https:\/\/fuentesfidedignas.com.mx\/index.php\/2025\/09\/28\/paracaidistas-captan-un-extrano-arcoiris-circular-un-fenomeno-natural-que-pocos-logran-ver\/"]}]},{"@type":"ImageObject","inLanguage":"es","@id":"https:\/\/fuentesfidedignas.com.mx\/index.php\/2025\/09\/28\/paracaidistas-captan-un-extrano-arcoiris-circular-un-fenomeno-natural-que-pocos-logran-ver\/#primaryimage","url":"https:\/\/fuentesfidedignas.com.mx\/wp-content\/uploads\/2025\/09\/Captura-de-pantalla-16.jpg","contentUrl":"https:\/\/fuentesfidedignas.com.mx\/wp-content\/uploads\/2025\/09\/Captura-de-pantalla-16.jpg","width":688,"height":469},{"@type":"BreadcrumbList","@id":"https:\/\/fuentesfidedignas.com.mx\/index.php\/2025\/09\/28\/paracaidistas-captan-un-extrano-arcoiris-circular-un-fenomeno-natural-que-pocos-logran-ver\/#breadcrumb","itemListElement":[{"@type":"ListItem","position":1,"name":"Inicio","item":"https:\/\/fuentesfidedignas.com.mx\/"},{"@type":"ListItem","position":2,"name":"Paracaidistas captan un extra\u00f1o arco\u00edris circular; un fen\u00f3meno natural que pocos logran ver"}]},{"@type":"WebSite","@id":"https:\/\/fuentesfidedignas.com.mx\/#website","url":"https:\/\/fuentesfidedignas.com.mx\/","name":"Fuentes Fidedignas","description":"Otro sitio realizado con WordPress","publisher":{"@id":"https:\/\/fuentesfidedignas.com.mx\/#organization"},"potentialAction":[{"@type":"SearchAction","target":{"@type":"EntryPoint","urlTemplate":"https:\/\/fuentesfidedignas.com.mx\/?s={search_term_string}"},"query-input":{"@type":"PropertyValueSpecification","valueRequired":true,"valueName":"search_term_string"}}],"inLanguage":"es"},{"@type":"Organization","@id":"https:\/\/fuentesfidedignas.com.mx\/#organization","name":"Fuentes Fidedignas","url":"https:\/\/fuentesfidedignas.com.mx\/","logo":{"@type":"ImageObject","inLanguage":"es","@id":"https:\/\/fuentesfidedignas.com.mx\/#\/schema\/logo\/image\/","url":"https:\/\/fuentesfidedignas.com.mx\/wp-content\/uploads\/2021\/04\/logo-retina.png","contentUrl":"https:\/\/fuentesfidedignas.com.mx\/wp-content\/uploads\/2021\/04\/logo-retina.png","width":280,"height":51,"caption":"Fuentes Fidedignas"},"image":{"@id":"https:\/\/fuentesfidedignas.com.mx\/#\/schema\/logo\/image\/"},"sameAs":["https:\/\/www.facebook.com\/Fuentes-Fidedignas-368234489921644","https:\/\/x.com\/fidedignas"]},{"@type":"Person","@id":"https:\/\/fuentesfidedignas.com.mx\/#\/schema\/person\/ec4edd1fbf5efa3e44fce34fe2787780","name":"Exc\u00e9lsior","image":{"@type":"ImageObject","inLanguage":"es","@id":"https:\/\/secure.gravatar.com\/avatar\/4b7ee9206b48be08447852b3f0814dbc7c0f3b51541b164f1464a2725614020b?s=96&d=mm&r=g","url":"https:\/\/secure.gravatar.com\/avatar\/4b7ee9206b48be08447852b3f0814dbc7c0f3b51541b164f1464a2725614020b?s=96&d=mm&r=g","contentUrl":"https:\/\/secure.gravatar.com\/avatar\/4b7ee9206b48be08447852b3f0814dbc7c0f3b51541b164f1464a2725614020b?s=96&d=mm&r=g","caption":"Exc\u00e9lsior"},"url":"https:\/\/fuentesfidedignas.com.mx\/index.php\/author\/excelsior\/"}]}},"_links":{"self":[{"href":"https:\/\/fuentesfidedignas.com.mx\/index.php\/wp-json\/wp\/v2\/posts\/118259","targetHints":{"allow":["GET"]}}],"collection":[{"href":"https:\/\/fuentesfidedignas.com.mx\/index.php\/wp-json\/wp\/v2\/posts"}],"about":[{"href":"https:\/\/fuentesfidedignas.com.mx\/index.php\/wp-json\/wp\/v2\/types\/post"}],"author":[{"embeddable":true,"href":"https:\/\/fuentesfidedignas.com.mx\/index.php\/wp-json\/wp\/v2\/users\/7"}],"replies":[{"embeddable":true,"href":"https:\/\/fuentesfidedignas.com.mx\/index.php\/wp-json\/wp\/v2\/comments?post=118259"}],"version-history":[{"count":1,"href":"https:\/\/fuentesfidedignas.com.mx\/index.php\/wp-json\/wp\/v2\/posts\/118259\/revisions"}],"predecessor-version":[{"id":118263,"href":"https:\/\/fuentesfidedignas.com.mx\/index.php\/wp-json\/wp\/v2\/posts\/118259\/revisions\/118263"}],"wp:featuredmedia":[{"embeddable":true,"href":"https:\/\/fuentesfidedignas.com.mx\/index.php\/wp-json\/wp\/v2\/media\/118261"}],"wp:attachment":[{"href":"https:\/\/fuentesfidedignas.com.mx\/index.php\/wp-json\/wp\/v2\/media?parent=118259"}],"wp:term":[{"taxonomy":"category","embeddable":true,"href":"https:\/\/fuentesfidedignas.com.mx\/index.php\/wp-json\/wp\/v2\/categories?post=118259"},{"taxonomy":"post_tag","embeddable":true,"href":"https:\/\/fuentesfidedignas.com.mx\/index.php\/wp-json\/wp\/v2\/tags?post=118259"}],"curies":[{"name":"wp","href":"https:\/\/api.w.org\/{rel}","templated":true}]}}