{"id":118208,"date":"2025-09-26T18:53:23","date_gmt":"2025-09-27T01:53:23","guid":{"rendered":"https:\/\/fuentesfidedignas.com.mx\/?p=118208"},"modified":"2025-09-26T18:53:23","modified_gmt":"2025-09-27T01:53:23","slug":"interpol-emite-la-ficha-roja-contra-silem-garcia-exregidor-de-xalapa-por-el-caso-la-luz-del-mundo","status":"publish","type":"post","link":"https:\/\/fuentesfidedignas.com.mx\/index.php\/2025\/09\/26\/interpol-emite-la-ficha-roja-contra-silem-garcia-exregidor-de-xalapa-por-el-caso-la-luz-del-mundo\/","title":{"rendered":"Interpol emite la Ficha Roja contra Silem Garc\u00eda, exregidor de Xalapa, por el caso La Luz del Mundo"},"content":{"rendered":"\n<p><strong><em>Silem Garc\u00eda Pe\u00f1a es se\u00f1alado de crimen organizado, tr\u00e1fico sexual y explotaci\u00f3n infantil<\/em><\/strong><\/p>\n\n\n\n<p>La&nbsp;<strong>Interpol<\/strong>&nbsp;emiti\u00f3 la&nbsp;<strong>Ficha Roja<\/strong>&nbsp;para la b\u00fasqueda y detenci\u00f3n de&nbsp;<strong>Silem Garc\u00eda Pe\u00f1a<\/strong>, exregidor de Xalapa y miembro de la&nbsp;<strong>iglesia La Luz del Mundo<\/strong>.<\/p>\n\n\n\n<p>El exfuncionario es se\u00f1alado de&nbsp;<strong>crimen organizado<\/strong>,&nbsp;<strong>tr\u00e1fico sexual<\/strong>&nbsp;y&nbsp;<strong>explotaci\u00f3n<\/strong>&nbsp;<strong>infantil<\/strong>.<\/p>\n\n\n\n<p>La Ficha Roja llega despu\u00e9s de que la Corte del Distrito Sur de Nueva York girara una orden de aprehensi\u00f3n contra Silem Garc\u00eda, Rosa Sosa y Azalia Rangel Garc\u00eda como presuntos c\u00f3mplices.<\/p>\n\n\n\n<p>Autoridades de Estados Unidos hallaron que Naas\u00f3n Joaqu\u00edn Garc\u00eda, l\u00edder de La Luz Mundo, construy\u00f3 una&nbsp;<strong>empresa paralela<\/strong>&nbsp;a la iglesia para fraguar una&nbsp;<strong>red de abuso sexual<\/strong>&nbsp;sistem\u00e1tico de&nbsp;<strong>menores de edad<\/strong>.<\/p>\n\n\n\n<p>Dicha red ten\u00eda como objetivo satisfacer a Samuel Joaqu\u00edn, padre de Naas\u00f3n Joaqu\u00edn que muri\u00f3 en 2014.<\/p>\n\n\n\n<p>De acuerdo con el Departamento de Justicia de EE.UU.,&nbsp;<strong>Silem Garc\u00eda Pe\u00f1a<\/strong>&nbsp;podr\u00eda estar en&nbsp;<strong>M\u00e9xico<\/strong>.<\/p>\n\n\n\n<p>Apenas el&nbsp;<a href=\"https:\/\/lopezdoriga.com\/internacional\/naason-joaquin-garcia-lider-la-luz-del-mundo-declara-inocente-corte-eeuu\/\" target=\"_blank\" rel=\"noreferrer noopener\">martes 23 de septiembre<\/a>,&nbsp;<strong>Naas\u00f3n Joaqu\u00edn<\/strong>&nbsp;se declar\u00f3&nbsp;<strong>no culpable<\/strong>&nbsp;de los&nbsp;<strong>seis cargos<\/strong>&nbsp;que enfrenta ante una corte federal de&nbsp;<strong>Nueva York<\/strong>.<\/p>\n\n\n\n<p><strong>La Luz del Mundo<\/strong>&nbsp;asegur\u00f3 que los&nbsp;<strong>cargos<\/strong>&nbsp;contra su l\u00edder son \u201c<strong>infundados<\/strong>,&nbsp;<strong>mentirosos<\/strong>&nbsp;y&nbsp;<strong>calumniosos<\/strong>\u201c.<\/p>\n\n\n\n<blockquote class=\"wp-block-quote is-layout-flow wp-block-quote-is-layout-flow\">\n<p>Consideramos que la presentaci\u00f3n de cargos demuestra claramente que la Fiscal\u00eda (de EE.UU.) es capaz de torcer la ley, perjudicando a los familiares del ap\u00f3stol de Jesucristo para coaccionarlo\u201d, refiri\u00f3 en un comunicado.<\/p>\n<\/blockquote>\n","protected":false},"excerpt":{"rendered":"<p>Silem Garc\u00eda Pe\u00f1a es se\u00f1alado de crimen organizado, tr\u00e1fico sexual y explotaci\u00f3n infantil La&nbsp;Interpol&nbsp;emiti\u00f3 la&nbsp;Ficha Roja&nbsp;para la b\u00fasqueda y detenci\u00f3n de&nbsp;Silem Garc\u00eda Pe\u00f1a, exregidor de Xalapa y miembro de la&nbsp;iglesia La Luz del Mundo. El exfuncionario es se\u00f1alado de&nbsp;crimen organizado,&nbsp;tr\u00e1fico sexual&nbsp;y&nbsp;explotaci\u00f3n&nbsp;infantil. La Ficha Roja llega despu\u00e9s de que la Corte del Distrito Sur de Nueva [&hellip;]<\/p>\n","protected":false},"author":22,"featured_media":118207,"comment_status":"closed","ping_status":"open","sticky":false,"template":"","format":"standard","meta":{"tdm_status":"","tdm_grid_status":"","footnotes":""},"categories":[39],"tags":[],"class_list":{"0":"post-118208","1":"post","2":"type-post","3":"status-publish","4":"format-standard","5":"has-post-thumbnail","7":"category-noticias-nacionales"},"yoast_head":"<!-- This site is optimized with the Yoast SEO plugin v27.5 - https:\/\/yoast.com\/product\/yoast-seo-wordpress\/ -->\n<title>Interpol emite la Ficha Roja contra Silem Garc\u00eda, exregidor de Xalapa, por el caso La Luz del Mundo - Fuentes Fidedignas<\/title>\n<meta name=\"robots\" content=\"index, follow, max-snippet:-1, max-image-preview:large, max-video-preview:-1\" \/>\n<link rel=\"canonical\" href=\"https:\/\/fuentesfidedignas.com.mx\/index.php\/2025\/09\/26\/interpol-emite-la-ficha-roja-contra-silem-garcia-exregidor-de-xalapa-por-el-caso-la-luz-del-mundo\/\" \/>\n<meta property=\"og:locale\" content=\"es_MX\" \/>\n<meta property=\"og:type\" content=\"article\" \/>\n<meta property=\"og:title\" content=\"Interpol emite la Ficha Roja contra Silem Garc\u00eda, exregidor de Xalapa, por el caso La Luz del Mundo - Fuentes Fidedignas\" \/>\n<meta property=\"og:description\" content=\"Silem Garc\u00eda Pe\u00f1a es se\u00f1alado de crimen organizado, tr\u00e1fico sexual y explotaci\u00f3n infantil La&nbsp;Interpol&nbsp;emiti\u00f3 la&nbsp;Ficha Roja&nbsp;para la b\u00fasqueda y detenci\u00f3n de&nbsp;Silem Garc\u00eda Pe\u00f1a, exregidor de Xalapa y miembro de la&nbsp;iglesia La Luz del Mundo. El exfuncionario es se\u00f1alado de&nbsp;crimen organizado,&nbsp;tr\u00e1fico sexual&nbsp;y&nbsp;explotaci\u00f3n&nbsp;infantil. La Ficha Roja llega despu\u00e9s de que la Corte del Distrito Sur de Nueva [&hellip;]\" \/>\n<meta property=\"og:url\" content=\"https:\/\/fuentesfidedignas.com.mx\/index.php\/2025\/09\/26\/interpol-emite-la-ficha-roja-contra-silem-garcia-exregidor-de-xalapa-por-el-caso-la-luz-del-mundo\/\" \/>\n<meta property=\"og:site_name\" content=\"Fuentes Fidedignas\" \/>\n<meta property=\"article:publisher\" content=\"https:\/\/www.facebook.com\/Fuentes-Fidedignas-368234489921644\" \/>\n<meta property=\"article:published_time\" content=\"2025-09-27T01:53:23+00:00\" \/>\n<meta property=\"og:image\" content=\"https:\/\/fuentesfidedignas.com.mx\/wp-content\/uploads\/2025\/09\/img_0401.png\" \/>\n\t<meta property=\"og:image:width\" content=\"390\" \/>\n\t<meta property=\"og:image:height\" content=\"240\" \/>\n\t<meta property=\"og:image:type\" content=\"image\/png\" \/>\n<meta name=\"author\" content=\"EFE\" \/>\n<meta name=\"twitter:card\" content=\"summary_large_image\" \/>\n<meta name=\"twitter:creator\" content=\"@fidedignas\" \/>\n<meta name=\"twitter:site\" content=\"@fidedignas\" \/>\n<meta name=\"twitter:label1\" content=\"Escrito por\" \/>\n\t<meta name=\"twitter:data1\" content=\"EFE\" \/>\n\t<meta name=\"twitter:label2\" content=\"Tiempo de lectura\" \/>\n\t<meta name=\"twitter:data2\" content=\"1 minuto\" \/>\n<script type=\"application\/ld+json\" class=\"yoast-schema-graph\">{\"@context\":\"https:\\\/\\\/schema.org\",\"@graph\":[{\"@type\":\"Article\",\"@id\":\"https:\\\/\\\/fuentesfidedignas.com.mx\\\/index.php\\\/2025\\\/09\\\/26\\\/interpol-emite-la-ficha-roja-contra-silem-garcia-exregidor-de-xalapa-por-el-caso-la-luz-del-mundo\\\/#article\",\"isPartOf\":{\"@id\":\"https:\\\/\\\/fuentesfidedignas.com.mx\\\/index.php\\\/2025\\\/09\\\/26\\\/interpol-emite-la-ficha-roja-contra-silem-garcia-exregidor-de-xalapa-por-el-caso-la-luz-del-mundo\\\/\"},\"author\":{\"name\":\"EFE\",\"@id\":\"https:\\\/\\\/fuentesfidedignas.com.mx\\\/#\\\/schema\\\/person\\\/0d44615087b5a626d5d3f13afe31ac41\"},\"headline\":\"Interpol emite la Ficha Roja contra Silem Garc\u00eda, exregidor de Xalapa, por el caso La Luz del Mundo\",\"datePublished\":\"2025-09-27T01:53:23+00:00\",\"mainEntityOfPage\":{\"@id\":\"https:\\\/\\\/fuentesfidedignas.com.mx\\\/index.php\\\/2025\\\/09\\\/26\\\/interpol-emite-la-ficha-roja-contra-silem-garcia-exregidor-de-xalapa-por-el-caso-la-luz-del-mundo\\\/\"},\"wordCount\":312,\"publisher\":{\"@id\":\"https:\\\/\\\/fuentesfidedignas.com.mx\\\/#organization\"},\"image\":{\"@id\":\"https:\\\/\\\/fuentesfidedignas.com.mx\\\/index.php\\\/2025\\\/09\\\/26\\\/interpol-emite-la-ficha-roja-contra-silem-garcia-exregidor-de-xalapa-por-el-caso-la-luz-del-mundo\\\/#primaryimage\"},\"thumbnailUrl\":\"https:\\\/\\\/fuentesfidedignas.com.mx\\\/wp-content\\\/uploads\\\/2025\\\/09\\\/img_0401.png\",\"articleSection\":[\"NOTICIAS NACIONALES\"],\"inLanguage\":\"es\"},{\"@type\":\"WebPage\",\"@id\":\"https:\\\/\\\/fuentesfidedignas.com.mx\\\/index.php\\\/2025\\\/09\\\/26\\\/interpol-emite-la-ficha-roja-contra-silem-garcia-exregidor-de-xalapa-por-el-caso-la-luz-del-mundo\\\/\",\"url\":\"https:\\\/\\\/fuentesfidedignas.com.mx\\\/index.php\\\/2025\\\/09\\\/26\\\/interpol-emite-la-ficha-roja-contra-silem-garcia-exregidor-de-xalapa-por-el-caso-la-luz-del-mundo\\\/\",\"name\":\"Interpol emite la Ficha Roja contra Silem Garc\u00eda, exregidor de Xalapa, por el caso La Luz del Mundo - Fuentes Fidedignas\",\"isPartOf\":{\"@id\":\"https:\\\/\\\/fuentesfidedignas.com.mx\\\/#website\"},\"primaryImageOfPage\":{\"@id\":\"https:\\\/\\\/fuentesfidedignas.com.mx\\\/index.php\\\/2025\\\/09\\\/26\\\/interpol-emite-la-ficha-roja-contra-silem-garcia-exregidor-de-xalapa-por-el-caso-la-luz-del-mundo\\\/#primaryimage\"},\"image\":{\"@id\":\"https:\\\/\\\/fuentesfidedignas.com.mx\\\/index.php\\\/2025\\\/09\\\/26\\\/interpol-emite-la-ficha-roja-contra-silem-garcia-exregidor-de-xalapa-por-el-caso-la-luz-del-mundo\\\/#primaryimage\"},\"thumbnailUrl\":\"https:\\\/\\\/fuentesfidedignas.com.mx\\\/wp-content\\\/uploads\\\/2025\\\/09\\\/img_0401.png\",\"datePublished\":\"2025-09-27T01:53:23+00:00\",\"breadcrumb\":{\"@id\":\"https:\\\/\\\/fuentesfidedignas.com.mx\\\/index.php\\\/2025\\\/09\\\/26\\\/interpol-emite-la-ficha-roja-contra-silem-garcia-exregidor-de-xalapa-por-el-caso-la-luz-del-mundo\\\/#breadcrumb\"},\"inLanguage\":\"es\",\"potentialAction\":[{\"@type\":\"ReadAction\",\"target\":[\"https:\\\/\\\/fuentesfidedignas.com.mx\\\/index.php\\\/2025\\\/09\\\/26\\\/interpol-emite-la-ficha-roja-contra-silem-garcia-exregidor-de-xalapa-por-el-caso-la-luz-del-mundo\\\/\"]}]},{\"@type\":\"ImageObject\",\"inLanguage\":\"es\",\"@id\":\"https:\\\/\\\/fuentesfidedignas.com.mx\\\/index.php\\\/2025\\\/09\\\/26\\\/interpol-emite-la-ficha-roja-contra-silem-garcia-exregidor-de-xalapa-por-el-caso-la-luz-del-mundo\\\/#primaryimage\",\"url\":\"https:\\\/\\\/fuentesfidedignas.com.mx\\\/wp-content\\\/uploads\\\/2025\\\/09\\\/img_0401.png\",\"contentUrl\":\"https:\\\/\\\/fuentesfidedignas.com.mx\\\/wp-content\\\/uploads\\\/2025\\\/09\\\/img_0401.png\",\"width\":390,\"height\":240},{\"@type\":\"BreadcrumbList\",\"@id\":\"https:\\\/\\\/fuentesfidedignas.com.mx\\\/index.php\\\/2025\\\/09\\\/26\\\/interpol-emite-la-ficha-roja-contra-silem-garcia-exregidor-de-xalapa-por-el-caso-la-luz-del-mundo\\\/#breadcrumb\",\"itemListElement\":[{\"@type\":\"ListItem\",\"position\":1,\"name\":\"Inicio\",\"item\":\"https:\\\/\\\/fuentesfidedignas.com.mx\\\/\"},{\"@type\":\"ListItem\",\"position\":2,\"name\":\"Interpol emite la Ficha Roja contra Silem Garc\u00eda, exregidor de Xalapa, por el caso La Luz del Mundo\"}]},{\"@type\":\"WebSite\",\"@id\":\"https:\\\/\\\/fuentesfidedignas.com.mx\\\/#website\",\"url\":\"https:\\\/\\\/fuentesfidedignas.com.mx\\\/\",\"name\":\"Fuentes Fidedignas\",\"description\":\"Otro sitio realizado con WordPress\",\"publisher\":{\"@id\":\"https:\\\/\\\/fuentesfidedignas.com.mx\\\/#organization\"},\"potentialAction\":[{\"@type\":\"SearchAction\",\"target\":{\"@type\":\"EntryPoint\",\"urlTemplate\":\"https:\\\/\\\/fuentesfidedignas.com.mx\\\/?s={search_term_string}\"},\"query-input\":{\"@type\":\"PropertyValueSpecification\",\"valueRequired\":true,\"valueName\":\"search_term_string\"}}],\"inLanguage\":\"es\"},{\"@type\":\"Organization\",\"@id\":\"https:\\\/\\\/fuentesfidedignas.com.mx\\\/#organization\",\"name\":\"Fuentes Fidedignas\",\"url\":\"https:\\\/\\\/fuentesfidedignas.com.mx\\\/\",\"logo\":{\"@type\":\"ImageObject\",\"inLanguage\":\"es\",\"@id\":\"https:\\\/\\\/fuentesfidedignas.com.mx\\\/#\\\/schema\\\/logo\\\/image\\\/\",\"url\":\"https:\\\/\\\/fuentesfidedignas.com.mx\\\/wp-content\\\/uploads\\\/2021\\\/04\\\/logo-retina.png\",\"contentUrl\":\"https:\\\/\\\/fuentesfidedignas.com.mx\\\/wp-content\\\/uploads\\\/2021\\\/04\\\/logo-retina.png\",\"width\":280,\"height\":51,\"caption\":\"Fuentes Fidedignas\"},\"image\":{\"@id\":\"https:\\\/\\\/fuentesfidedignas.com.mx\\\/#\\\/schema\\\/logo\\\/image\\\/\"},\"sameAs\":[\"https:\\\/\\\/www.facebook.com\\\/Fuentes-Fidedignas-368234489921644\",\"https:\\\/\\\/x.com\\\/fidedignas\"]},{\"@type\":\"Person\",\"@id\":\"https:\\\/\\\/fuentesfidedignas.com.mx\\\/#\\\/schema\\\/person\\\/0d44615087b5a626d5d3f13afe31ac41\",\"name\":\"EFE\",\"image\":{\"@type\":\"ImageObject\",\"inLanguage\":\"es\",\"@id\":\"https:\\\/\\\/secure.gravatar.com\\\/avatar\\\/7048c2d9b569d9bed55bb53ad23821e6e047aa66338fb6ea9868627bbb9f54e8?s=96&d=mm&r=g\",\"url\":\"https:\\\/\\\/secure.gravatar.com\\\/avatar\\\/7048c2d9b569d9bed55bb53ad23821e6e047aa66338fb6ea9868627bbb9f54e8?s=96&d=mm&r=g\",\"contentUrl\":\"https:\\\/\\\/secure.gravatar.com\\\/avatar\\\/7048c2d9b569d9bed55bb53ad23821e6e047aa66338fb6ea9868627bbb9f54e8?s=96&d=mm&r=g\",\"caption\":\"EFE\"},\"url\":\"https:\\\/\\\/fuentesfidedignas.com.mx\\\/index.php\\\/author\\\/efe\\\/\"}]}<\/script>\n<!-- \/ Yoast SEO plugin. -->","yoast_head_json":{"title":"Interpol emite la Ficha Roja contra Silem Garc\u00eda, exregidor de Xalapa, por el caso La Luz del Mundo - Fuentes Fidedignas","robots":{"index":"index","follow":"follow","max-snippet":"max-snippet:-1","max-image-preview":"max-image-preview:large","max-video-preview":"max-video-preview:-1"},"canonical":"https:\/\/fuentesfidedignas.com.mx\/index.php\/2025\/09\/26\/interpol-emite-la-ficha-roja-contra-silem-garcia-exregidor-de-xalapa-por-el-caso-la-luz-del-mundo\/","og_locale":"es_MX","og_type":"article","og_title":"Interpol emite la Ficha Roja contra Silem Garc\u00eda, exregidor de Xalapa, por el caso La Luz del Mundo - Fuentes Fidedignas","og_description":"Silem Garc\u00eda Pe\u00f1a es se\u00f1alado de crimen organizado, tr\u00e1fico sexual y explotaci\u00f3n infantil La&nbsp;Interpol&nbsp;emiti\u00f3 la&nbsp;Ficha Roja&nbsp;para la b\u00fasqueda y detenci\u00f3n de&nbsp;Silem Garc\u00eda Pe\u00f1a, exregidor de Xalapa y miembro de la&nbsp;iglesia La Luz del Mundo. El exfuncionario es se\u00f1alado de&nbsp;crimen organizado,&nbsp;tr\u00e1fico sexual&nbsp;y&nbsp;explotaci\u00f3n&nbsp;infantil. La Ficha Roja llega despu\u00e9s de que la Corte del Distrito Sur de Nueva [&hellip;]","og_url":"https:\/\/fuentesfidedignas.com.mx\/index.php\/2025\/09\/26\/interpol-emite-la-ficha-roja-contra-silem-garcia-exregidor-de-xalapa-por-el-caso-la-luz-del-mundo\/","og_site_name":"Fuentes Fidedignas","article_publisher":"https:\/\/www.facebook.com\/Fuentes-Fidedignas-368234489921644","article_published_time":"2025-09-27T01:53:23+00:00","og_image":[{"width":390,"height":240,"url":"https:\/\/fuentesfidedignas.com.mx\/wp-content\/uploads\/2025\/09\/img_0401.png","type":"image\/png"}],"author":"EFE","twitter_card":"summary_large_image","twitter_creator":"@fidedignas","twitter_site":"@fidedignas","twitter_misc":{"Escrito por":"EFE","Tiempo de lectura":"1 minuto"},"schema":{"@context":"https:\/\/schema.org","@graph":[{"@type":"Article","@id":"https:\/\/fuentesfidedignas.com.mx\/index.php\/2025\/09\/26\/interpol-emite-la-ficha-roja-contra-silem-garcia-exregidor-de-xalapa-por-el-caso-la-luz-del-mundo\/#article","isPartOf":{"@id":"https:\/\/fuentesfidedignas.com.mx\/index.php\/2025\/09\/26\/interpol-emite-la-ficha-roja-contra-silem-garcia-exregidor-de-xalapa-por-el-caso-la-luz-del-mundo\/"},"author":{"name":"EFE","@id":"https:\/\/fuentesfidedignas.com.mx\/#\/schema\/person\/0d44615087b5a626d5d3f13afe31ac41"},"headline":"Interpol emite la Ficha Roja contra Silem Garc\u00eda, exregidor de Xalapa, por el caso La Luz del Mundo","datePublished":"2025-09-27T01:53:23+00:00","mainEntityOfPage":{"@id":"https:\/\/fuentesfidedignas.com.mx\/index.php\/2025\/09\/26\/interpol-emite-la-ficha-roja-contra-silem-garcia-exregidor-de-xalapa-por-el-caso-la-luz-del-mundo\/"},"wordCount":312,"publisher":{"@id":"https:\/\/fuentesfidedignas.com.mx\/#organization"},"image":{"@id":"https:\/\/fuentesfidedignas.com.mx\/index.php\/2025\/09\/26\/interpol-emite-la-ficha-roja-contra-silem-garcia-exregidor-de-xalapa-por-el-caso-la-luz-del-mundo\/#primaryimage"},"thumbnailUrl":"https:\/\/fuentesfidedignas.com.mx\/wp-content\/uploads\/2025\/09\/img_0401.png","articleSection":["NOTICIAS NACIONALES"],"inLanguage":"es"},{"@type":"WebPage","@id":"https:\/\/fuentesfidedignas.com.mx\/index.php\/2025\/09\/26\/interpol-emite-la-ficha-roja-contra-silem-garcia-exregidor-de-xalapa-por-el-caso-la-luz-del-mundo\/","url":"https:\/\/fuentesfidedignas.com.mx\/index.php\/2025\/09\/26\/interpol-emite-la-ficha-roja-contra-silem-garcia-exregidor-de-xalapa-por-el-caso-la-luz-del-mundo\/","name":"Interpol emite la Ficha Roja contra Silem Garc\u00eda, exregidor de Xalapa, por el caso La Luz del Mundo - Fuentes Fidedignas","isPartOf":{"@id":"https:\/\/fuentesfidedignas.com.mx\/#website"},"primaryImageOfPage":{"@id":"https:\/\/fuentesfidedignas.com.mx\/index.php\/2025\/09\/26\/interpol-emite-la-ficha-roja-contra-silem-garcia-exregidor-de-xalapa-por-el-caso-la-luz-del-mundo\/#primaryimage"},"image":{"@id":"https:\/\/fuentesfidedignas.com.mx\/index.php\/2025\/09\/26\/interpol-emite-la-ficha-roja-contra-silem-garcia-exregidor-de-xalapa-por-el-caso-la-luz-del-mundo\/#primaryimage"},"thumbnailUrl":"https:\/\/fuentesfidedignas.com.mx\/wp-content\/uploads\/2025\/09\/img_0401.png","datePublished":"2025-09-27T01:53:23+00:00","breadcrumb":{"@id":"https:\/\/fuentesfidedignas.com.mx\/index.php\/2025\/09\/26\/interpol-emite-la-ficha-roja-contra-silem-garcia-exregidor-de-xalapa-por-el-caso-la-luz-del-mundo\/#breadcrumb"},"inLanguage":"es","potentialAction":[{"@type":"ReadAction","target":["https:\/\/fuentesfidedignas.com.mx\/index.php\/2025\/09\/26\/interpol-emite-la-ficha-roja-contra-silem-garcia-exregidor-de-xalapa-por-el-caso-la-luz-del-mundo\/"]}]},{"@type":"ImageObject","inLanguage":"es","@id":"https:\/\/fuentesfidedignas.com.mx\/index.php\/2025\/09\/26\/interpol-emite-la-ficha-roja-contra-silem-garcia-exregidor-de-xalapa-por-el-caso-la-luz-del-mundo\/#primaryimage","url":"https:\/\/fuentesfidedignas.com.mx\/wp-content\/uploads\/2025\/09\/img_0401.png","contentUrl":"https:\/\/fuentesfidedignas.com.mx\/wp-content\/uploads\/2025\/09\/img_0401.png","width":390,"height":240},{"@type":"BreadcrumbList","@id":"https:\/\/fuentesfidedignas.com.mx\/index.php\/2025\/09\/26\/interpol-emite-la-ficha-roja-contra-silem-garcia-exregidor-de-xalapa-por-el-caso-la-luz-del-mundo\/#breadcrumb","itemListElement":[{"@type":"ListItem","position":1,"name":"Inicio","item":"https:\/\/fuentesfidedignas.com.mx\/"},{"@type":"ListItem","position":2,"name":"Interpol emite la Ficha Roja contra Silem Garc\u00eda, exregidor de Xalapa, por el caso La Luz del Mundo"}]},{"@type":"WebSite","@id":"https:\/\/fuentesfidedignas.com.mx\/#website","url":"https:\/\/fuentesfidedignas.com.mx\/","name":"Fuentes Fidedignas","description":"Otro sitio realizado con WordPress","publisher":{"@id":"https:\/\/fuentesfidedignas.com.mx\/#organization"},"potentialAction":[{"@type":"SearchAction","target":{"@type":"EntryPoint","urlTemplate":"https:\/\/fuentesfidedignas.com.mx\/?s={search_term_string}"},"query-input":{"@type":"PropertyValueSpecification","valueRequired":true,"valueName":"search_term_string"}}],"inLanguage":"es"},{"@type":"Organization","@id":"https:\/\/fuentesfidedignas.com.mx\/#organization","name":"Fuentes Fidedignas","url":"https:\/\/fuentesfidedignas.com.mx\/","logo":{"@type":"ImageObject","inLanguage":"es","@id":"https:\/\/fuentesfidedignas.com.mx\/#\/schema\/logo\/image\/","url":"https:\/\/fuentesfidedignas.com.mx\/wp-content\/uploads\/2021\/04\/logo-retina.png","contentUrl":"https:\/\/fuentesfidedignas.com.mx\/wp-content\/uploads\/2021\/04\/logo-retina.png","width":280,"height":51,"caption":"Fuentes Fidedignas"},"image":{"@id":"https:\/\/fuentesfidedignas.com.mx\/#\/schema\/logo\/image\/"},"sameAs":["https:\/\/www.facebook.com\/Fuentes-Fidedignas-368234489921644","https:\/\/x.com\/fidedignas"]},{"@type":"Person","@id":"https:\/\/fuentesfidedignas.com.mx\/#\/schema\/person\/0d44615087b5a626d5d3f13afe31ac41","name":"EFE","image":{"@type":"ImageObject","inLanguage":"es","@id":"https:\/\/secure.gravatar.com\/avatar\/7048c2d9b569d9bed55bb53ad23821e6e047aa66338fb6ea9868627bbb9f54e8?s=96&d=mm&r=g","url":"https:\/\/secure.gravatar.com\/avatar\/7048c2d9b569d9bed55bb53ad23821e6e047aa66338fb6ea9868627bbb9f54e8?s=96&d=mm&r=g","contentUrl":"https:\/\/secure.gravatar.com\/avatar\/7048c2d9b569d9bed55bb53ad23821e6e047aa66338fb6ea9868627bbb9f54e8?s=96&d=mm&r=g","caption":"EFE"},"url":"https:\/\/fuentesfidedignas.com.mx\/index.php\/author\/efe\/"}]}},"_links":{"self":[{"href":"https:\/\/fuentesfidedignas.com.mx\/index.php\/wp-json\/wp\/v2\/posts\/118208","targetHints":{"allow":["GET"]}}],"collection":[{"href":"https:\/\/fuentesfidedignas.com.mx\/index.php\/wp-json\/wp\/v2\/posts"}],"about":[{"href":"https:\/\/fuentesfidedignas.com.mx\/index.php\/wp-json\/wp\/v2\/types\/post"}],"author":[{"embeddable":true,"href":"https:\/\/fuentesfidedignas.com.mx\/index.php\/wp-json\/wp\/v2\/users\/22"}],"replies":[{"embeddable":true,"href":"https:\/\/fuentesfidedignas.com.mx\/index.php\/wp-json\/wp\/v2\/comments?post=118208"}],"version-history":[{"count":1,"href":"https:\/\/fuentesfidedignas.com.mx\/index.php\/wp-json\/wp\/v2\/posts\/118208\/revisions"}],"predecessor-version":[{"id":118209,"href":"https:\/\/fuentesfidedignas.com.mx\/index.php\/wp-json\/wp\/v2\/posts\/118208\/revisions\/118209"}],"wp:featuredmedia":[{"embeddable":true,"href":"https:\/\/fuentesfidedignas.com.mx\/index.php\/wp-json\/wp\/v2\/media\/118207"}],"wp:attachment":[{"href":"https:\/\/fuentesfidedignas.com.mx\/index.php\/wp-json\/wp\/v2\/media?parent=118208"}],"wp:term":[{"taxonomy":"category","embeddable":true,"href":"https:\/\/fuentesfidedignas.com.mx\/index.php\/wp-json\/wp\/v2\/categories?post=118208"},{"taxonomy":"post_tag","embeddable":true,"href":"https:\/\/fuentesfidedignas.com.mx\/index.php\/wp-json\/wp\/v2\/tags?post=118208"}],"curies":[{"name":"wp","href":"https:\/\/api.w.org\/{rel}","templated":true}]}}