{"id":118097,"date":"2025-09-25T10:08:26","date_gmt":"2025-09-25T17:08:26","guid":{"rendered":"https:\/\/fuentesfidedignas.com.mx\/?p=118097"},"modified":"2025-09-25T10:08:38","modified_gmt":"2025-09-25T17:08:38","slug":"eu-acusa-a-dos-presuntos-lideres-del-cartel-de-sinaloa-por-narco-terrorismo-y-trafico-de-fentanilo","status":"publish","type":"post","link":"https:\/\/fuentesfidedignas.com.mx\/index.php\/2025\/09\/25\/eu-acusa-a-dos-presuntos-lideres-del-cartel-de-sinaloa-por-narco-terrorismo-y-trafico-de-fentanilo\/","title":{"rendered":"EU acusa a dos presuntos l\u00edderes del C\u00e1rtel de Sinaloa por \u201cnarco-terrorismo\u201d y tr\u00e1fico de fentanilo"},"content":{"rendered":"\n<p><strong><em>En febrero de 2025, el Departamento de Estado design\u00f3 al C\u00e1rtel de Sinaloa como Organizaci\u00f3n Terrorista Extranjera<\/em><\/strong><\/p>\n\n\n\n<p>WASHINGTON.- La administraci\u00f3n del presidente Donald Trump revel\u00f3 este mi\u00e9rcoles cargos criminales por narco-terrorismo contra dos presuntos altos miembros del C\u00e1rtel de Sinaloa, acus\u00e1ndolos de traficar drogas il\u00edcitas \u2014incluido fentanilo\u2014 desde M\u00e9xico hasta el \u00e1rea metropolitana de Saint Louis, Missouri.<\/p>\n\n\n\n<p>De acuerdo con una acusaci\u00f3n del Gran Jurado ante la Corte Federal del Distrito Sur de Illinois, Pr\u00f3spero Coronel-S\u00e1nchez, alias \u201cEl Pro\u201d, y Jos\u00e9 Luis \u00c1ngulo Soto, alias \u201cMi Ni\u00f1o\u201d, habr\u00edan traficado cientos de kilos de drogas entre 2020 y 2025 en beneficio del c\u00e1rtel.<\/p>\n\n\n\n<p>&#8220;El C\u00e1rtel de Sinaloa depende del narcotr\u00e1fico para financiar su terrorismo contra el pueblo de Estados Unidos mientras esparce veneno en nuestras comunidades\u201d, afirm\u00f3 la Fiscal General Pam Bondi al dar a conocer los cargos.<\/p>\n\n\n\n<p><strong>Red de tr\u00e1fico en varios estados<\/strong><br>Adem\u00e1s de los cargos por narco-terrorismo contra \u201cEl Pro\u201d y \u201cMi Ni\u00f1o\u201d \u2014quienes se presume est\u00e1n en territorio mexicano\u2014, la acusaci\u00f3n incluye delitos de narcotr\u00e1fico contra otras 24 personas en los estados de Arizona, California, Oklahoma e Illinois, as\u00ed como en M\u00e9xico, quienes formar\u00edan parte de la red de distribuci\u00f3n.<\/p>\n\n\n\n<p>El Departamento de Justicia detall\u00f3 que 15 de los acusados fueron arrestados la semana pasada en operaciones coordinadas dentro de territorio estadounidense.<\/p>\n\n\n\n<p>&#8220;Esta no es una operaci\u00f3n callejera, sino una red de tr\u00e1fico del c\u00e1rtel que ha inundado el Medio Oeste con cantidades significativas de fentanilo, metanfetamina y coca\u00edna. Continuamos la lucha, utilizando todos los recursos del Gobierno de Estados Unidos para destruir al C\u00e1rtel de Sinaloa\u201d, se\u00f1al\u00f3 Terry Cole, director de la DEA.<\/p>\n\n\n\n<p><strong>El c\u00e1rtel, ya catalogado como organizaci\u00f3n terrorista<\/strong><br>En febrero de 2025, el Departamento de Estado design\u00f3 al C\u00e1rtel de Sinaloa como Organizaci\u00f3n Terrorista Extranjera (FTO, por sus siglas en ingl\u00e9s), lo que permite al Departamento de Justicia presentar cargos criminales por terrorismo contra l\u00edderes, miembros y personas que apoyen a la organizaci\u00f3n.<\/p>\n\n\n\n<p>La acusaci\u00f3n revelada este mi\u00e9rcoles deriva de un caso presentado originalmente en 2023 contra una red de 12 personas dedicada al tr\u00e1fico de drogas en la zona metropolitana de Saint Louis \u2014que colinda con Illinois y Oklahoma\u2014, de las cuales 10 ya se declararon culpables.<\/p>\n\n\n\n<p>Dentro de la nueva acusaci\u00f3n tambi\u00e9n fueron incluidos dos estadounidenses: Earl Frank y Michael Pennel, quienes se hab\u00edan declarado no culpables en a\u00f1os previos de cargos de conspiraci\u00f3n para traficar drogas.<\/p>\n","protected":false},"excerpt":{"rendered":"<p>En febrero de 2025, el Departamento de Estado design\u00f3 al C\u00e1rtel de Sinaloa como Organizaci\u00f3n Terrorista Extranjera WASHINGTON.- La administraci\u00f3n del presidente Donald Trump revel\u00f3 este mi\u00e9rcoles cargos criminales por narco-terrorismo contra dos presuntos altos miembros del C\u00e1rtel de Sinaloa, acus\u00e1ndolos de traficar drogas il\u00edcitas \u2014incluido fentanilo\u2014 desde M\u00e9xico hasta el \u00e1rea metropolitana de Saint [&hellip;]<\/p>\n","protected":false},"author":40,"featured_media":118098,"comment_status":"open","ping_status":"open","sticky":false,"template":"","format":"standard","meta":{"tdm_status":"","tdm_grid_status":"","footnotes":""},"categories":[39],"tags":[],"class_list":{"0":"post-118097","1":"post","2":"type-post","3":"status-publish","4":"format-standard","5":"has-post-thumbnail","7":"category-noticias-nacionales"},"yoast_head":"<!-- This site is optimized with the Yoast SEO plugin v27.5 - https:\/\/yoast.com\/product\/yoast-seo-wordpress\/ -->\n<title>EU acusa a dos presuntos l\u00edderes del C\u00e1rtel de Sinaloa por \u201cnarco-terrorismo\u201d y tr\u00e1fico de fentanilo - Fuentes Fidedignas<\/title>\n<meta name=\"robots\" content=\"index, follow, max-snippet:-1, max-image-preview:large, max-video-preview:-1\" \/>\n<link rel=\"canonical\" href=\"https:\/\/fuentesfidedignas.com.mx\/index.php\/2025\/09\/25\/eu-acusa-a-dos-presuntos-lideres-del-cartel-de-sinaloa-por-narco-terrorismo-y-trafico-de-fentanilo\/\" \/>\n<meta property=\"og:locale\" content=\"es_MX\" \/>\n<meta property=\"og:type\" content=\"article\" \/>\n<meta property=\"og:title\" content=\"EU acusa a dos presuntos l\u00edderes del C\u00e1rtel de Sinaloa por \u201cnarco-terrorismo\u201d y tr\u00e1fico de fentanilo - Fuentes Fidedignas\" \/>\n<meta property=\"og:description\" content=\"En febrero de 2025, el Departamento de Estado design\u00f3 al C\u00e1rtel de Sinaloa como Organizaci\u00f3n Terrorista Extranjera WASHINGTON.- La administraci\u00f3n del presidente Donald Trump revel\u00f3 este mi\u00e9rcoles cargos criminales por narco-terrorismo contra dos presuntos altos miembros del C\u00e1rtel de Sinaloa, acus\u00e1ndolos de traficar drogas il\u00edcitas \u2014incluido fentanilo\u2014 desde M\u00e9xico hasta el \u00e1rea metropolitana de Saint [&hellip;]\" \/>\n<meta property=\"og:url\" content=\"https:\/\/fuentesfidedignas.com.mx\/index.php\/2025\/09\/25\/eu-acusa-a-dos-presuntos-lideres-del-cartel-de-sinaloa-por-narco-terrorismo-y-trafico-de-fentanilo\/\" \/>\n<meta property=\"og:site_name\" content=\"Fuentes Fidedignas\" \/>\n<meta property=\"article:publisher\" content=\"https:\/\/www.facebook.com\/Fuentes-Fidedignas-368234489921644\" \/>\n<meta property=\"article:published_time\" content=\"2025-09-25T17:08:26+00:00\" \/>\n<meta property=\"article:modified_time\" content=\"2025-09-25T17:08:38+00:00\" \/>\n<meta property=\"og:image\" content=\"https:\/\/fuentesfidedignas.com.mx\/wp-content\/uploads\/2025\/09\/Bondi_trump.jpg\" \/>\n\t<meta property=\"og:image:width\" content=\"500\" \/>\n\t<meta property=\"og:image:height\" content=\"353\" \/>\n\t<meta property=\"og:image:type\" content=\"image\/jpeg\" \/>\n<meta name=\"author\" content=\"El Imparcial\" \/>\n<meta name=\"twitter:card\" content=\"summary_large_image\" \/>\n<meta name=\"twitter:creator\" content=\"@fidedignas\" \/>\n<meta name=\"twitter:site\" content=\"@fidedignas\" \/>\n<meta name=\"twitter:label1\" content=\"Escrito por\" \/>\n\t<meta name=\"twitter:data1\" content=\"El Imparcial\" \/>\n\t<meta name=\"twitter:label2\" content=\"Tiempo de lectura\" \/>\n\t<meta name=\"twitter:data2\" content=\"3 minutos\" \/>\n<script type=\"application\/ld+json\" class=\"yoast-schema-graph\">{\"@context\":\"https:\\\/\\\/schema.org\",\"@graph\":[{\"@type\":\"Article\",\"@id\":\"https:\\\/\\\/fuentesfidedignas.com.mx\\\/index.php\\\/2025\\\/09\\\/25\\\/eu-acusa-a-dos-presuntos-lideres-del-cartel-de-sinaloa-por-narco-terrorismo-y-trafico-de-fentanilo\\\/#article\",\"isPartOf\":{\"@id\":\"https:\\\/\\\/fuentesfidedignas.com.mx\\\/index.php\\\/2025\\\/09\\\/25\\\/eu-acusa-a-dos-presuntos-lideres-del-cartel-de-sinaloa-por-narco-terrorismo-y-trafico-de-fentanilo\\\/\"},\"author\":{\"name\":\"El Imparcial\",\"@id\":\"https:\\\/\\\/fuentesfidedignas.com.mx\\\/#\\\/schema\\\/person\\\/ff4db17f8fd9c584e0cfc2a0c436b8a1\"},\"headline\":\"EU acusa a dos presuntos l\u00edderes del C\u00e1rtel de Sinaloa por \u201cnarco-terrorismo\u201d y tr\u00e1fico de fentanilo\",\"datePublished\":\"2025-09-25T17:08:26+00:00\",\"dateModified\":\"2025-09-25T17:08:38+00:00\",\"mainEntityOfPage\":{\"@id\":\"https:\\\/\\\/fuentesfidedignas.com.mx\\\/index.php\\\/2025\\\/09\\\/25\\\/eu-acusa-a-dos-presuntos-lideres-del-cartel-de-sinaloa-por-narco-terrorismo-y-trafico-de-fentanilo\\\/\"},\"wordCount\":452,\"commentCount\":0,\"publisher\":{\"@id\":\"https:\\\/\\\/fuentesfidedignas.com.mx\\\/#organization\"},\"image\":{\"@id\":\"https:\\\/\\\/fuentesfidedignas.com.mx\\\/index.php\\\/2025\\\/09\\\/25\\\/eu-acusa-a-dos-presuntos-lideres-del-cartel-de-sinaloa-por-narco-terrorismo-y-trafico-de-fentanilo\\\/#primaryimage\"},\"thumbnailUrl\":\"https:\\\/\\\/fuentesfidedignas.com.mx\\\/wp-content\\\/uploads\\\/2025\\\/09\\\/Bondi_trump.jpg\",\"articleSection\":[\"NOTICIAS NACIONALES\"],\"inLanguage\":\"es\",\"potentialAction\":[{\"@type\":\"CommentAction\",\"name\":\"Comment\",\"target\":[\"https:\\\/\\\/fuentesfidedignas.com.mx\\\/index.php\\\/2025\\\/09\\\/25\\\/eu-acusa-a-dos-presuntos-lideres-del-cartel-de-sinaloa-por-narco-terrorismo-y-trafico-de-fentanilo\\\/#respond\"]}]},{\"@type\":\"WebPage\",\"@id\":\"https:\\\/\\\/fuentesfidedignas.com.mx\\\/index.php\\\/2025\\\/09\\\/25\\\/eu-acusa-a-dos-presuntos-lideres-del-cartel-de-sinaloa-por-narco-terrorismo-y-trafico-de-fentanilo\\\/\",\"url\":\"https:\\\/\\\/fuentesfidedignas.com.mx\\\/index.php\\\/2025\\\/09\\\/25\\\/eu-acusa-a-dos-presuntos-lideres-del-cartel-de-sinaloa-por-narco-terrorismo-y-trafico-de-fentanilo\\\/\",\"name\":\"EU acusa a dos presuntos l\u00edderes del C\u00e1rtel de Sinaloa por \u201cnarco-terrorismo\u201d y tr\u00e1fico de fentanilo - Fuentes Fidedignas\",\"isPartOf\":{\"@id\":\"https:\\\/\\\/fuentesfidedignas.com.mx\\\/#website\"},\"primaryImageOfPage\":{\"@id\":\"https:\\\/\\\/fuentesfidedignas.com.mx\\\/index.php\\\/2025\\\/09\\\/25\\\/eu-acusa-a-dos-presuntos-lideres-del-cartel-de-sinaloa-por-narco-terrorismo-y-trafico-de-fentanilo\\\/#primaryimage\"},\"image\":{\"@id\":\"https:\\\/\\\/fuentesfidedignas.com.mx\\\/index.php\\\/2025\\\/09\\\/25\\\/eu-acusa-a-dos-presuntos-lideres-del-cartel-de-sinaloa-por-narco-terrorismo-y-trafico-de-fentanilo\\\/#primaryimage\"},\"thumbnailUrl\":\"https:\\\/\\\/fuentesfidedignas.com.mx\\\/wp-content\\\/uploads\\\/2025\\\/09\\\/Bondi_trump.jpg\",\"datePublished\":\"2025-09-25T17:08:26+00:00\",\"dateModified\":\"2025-09-25T17:08:38+00:00\",\"breadcrumb\":{\"@id\":\"https:\\\/\\\/fuentesfidedignas.com.mx\\\/index.php\\\/2025\\\/09\\\/25\\\/eu-acusa-a-dos-presuntos-lideres-del-cartel-de-sinaloa-por-narco-terrorismo-y-trafico-de-fentanilo\\\/#breadcrumb\"},\"inLanguage\":\"es\",\"potentialAction\":[{\"@type\":\"ReadAction\",\"target\":[\"https:\\\/\\\/fuentesfidedignas.com.mx\\\/index.php\\\/2025\\\/09\\\/25\\\/eu-acusa-a-dos-presuntos-lideres-del-cartel-de-sinaloa-por-narco-terrorismo-y-trafico-de-fentanilo\\\/\"]}]},{\"@type\":\"ImageObject\",\"inLanguage\":\"es\",\"@id\":\"https:\\\/\\\/fuentesfidedignas.com.mx\\\/index.php\\\/2025\\\/09\\\/25\\\/eu-acusa-a-dos-presuntos-lideres-del-cartel-de-sinaloa-por-narco-terrorismo-y-trafico-de-fentanilo\\\/#primaryimage\",\"url\":\"https:\\\/\\\/fuentesfidedignas.com.mx\\\/wp-content\\\/uploads\\\/2025\\\/09\\\/Bondi_trump.jpg\",\"contentUrl\":\"https:\\\/\\\/fuentesfidedignas.com.mx\\\/wp-content\\\/uploads\\\/2025\\\/09\\\/Bondi_trump.jpg\",\"width\":500,\"height\":353},{\"@type\":\"BreadcrumbList\",\"@id\":\"https:\\\/\\\/fuentesfidedignas.com.mx\\\/index.php\\\/2025\\\/09\\\/25\\\/eu-acusa-a-dos-presuntos-lideres-del-cartel-de-sinaloa-por-narco-terrorismo-y-trafico-de-fentanilo\\\/#breadcrumb\",\"itemListElement\":[{\"@type\":\"ListItem\",\"position\":1,\"name\":\"Inicio\",\"item\":\"https:\\\/\\\/fuentesfidedignas.com.mx\\\/\"},{\"@type\":\"ListItem\",\"position\":2,\"name\":\"EU acusa a dos presuntos l\u00edderes del C\u00e1rtel de Sinaloa por \u201cnarco-terrorismo\u201d y tr\u00e1fico de fentanilo\"}]},{\"@type\":\"WebSite\",\"@id\":\"https:\\\/\\\/fuentesfidedignas.com.mx\\\/#website\",\"url\":\"https:\\\/\\\/fuentesfidedignas.com.mx\\\/\",\"name\":\"Fuentes Fidedignas\",\"description\":\"Otro sitio realizado con WordPress\",\"publisher\":{\"@id\":\"https:\\\/\\\/fuentesfidedignas.com.mx\\\/#organization\"},\"potentialAction\":[{\"@type\":\"SearchAction\",\"target\":{\"@type\":\"EntryPoint\",\"urlTemplate\":\"https:\\\/\\\/fuentesfidedignas.com.mx\\\/?s={search_term_string}\"},\"query-input\":{\"@type\":\"PropertyValueSpecification\",\"valueRequired\":true,\"valueName\":\"search_term_string\"}}],\"inLanguage\":\"es\"},{\"@type\":\"Organization\",\"@id\":\"https:\\\/\\\/fuentesfidedignas.com.mx\\\/#organization\",\"name\":\"Fuentes Fidedignas\",\"url\":\"https:\\\/\\\/fuentesfidedignas.com.mx\\\/\",\"logo\":{\"@type\":\"ImageObject\",\"inLanguage\":\"es\",\"@id\":\"https:\\\/\\\/fuentesfidedignas.com.mx\\\/#\\\/schema\\\/logo\\\/image\\\/\",\"url\":\"https:\\\/\\\/fuentesfidedignas.com.mx\\\/wp-content\\\/uploads\\\/2021\\\/04\\\/logo-retina.png\",\"contentUrl\":\"https:\\\/\\\/fuentesfidedignas.com.mx\\\/wp-content\\\/uploads\\\/2021\\\/04\\\/logo-retina.png\",\"width\":280,\"height\":51,\"caption\":\"Fuentes Fidedignas\"},\"image\":{\"@id\":\"https:\\\/\\\/fuentesfidedignas.com.mx\\\/#\\\/schema\\\/logo\\\/image\\\/\"},\"sameAs\":[\"https:\\\/\\\/www.facebook.com\\\/Fuentes-Fidedignas-368234489921644\",\"https:\\\/\\\/x.com\\\/fidedignas\"]},{\"@type\":\"Person\",\"@id\":\"https:\\\/\\\/fuentesfidedignas.com.mx\\\/#\\\/schema\\\/person\\\/ff4db17f8fd9c584e0cfc2a0c436b8a1\",\"name\":\"El Imparcial\",\"image\":{\"@type\":\"ImageObject\",\"inLanguage\":\"es\",\"@id\":\"https:\\\/\\\/secure.gravatar.com\\\/avatar\\\/accd6807585a75316c237ee783498317be6f66ab34c47c940966f26a3f613161?s=96&d=mm&r=g\",\"url\":\"https:\\\/\\\/secure.gravatar.com\\\/avatar\\\/accd6807585a75316c237ee783498317be6f66ab34c47c940966f26a3f613161?s=96&d=mm&r=g\",\"contentUrl\":\"https:\\\/\\\/secure.gravatar.com\\\/avatar\\\/accd6807585a75316c237ee783498317be6f66ab34c47c940966f26a3f613161?s=96&d=mm&r=g\",\"caption\":\"El Imparcial\"},\"url\":\"https:\\\/\\\/fuentesfidedignas.com.mx\\\/index.php\\\/author\\\/imparcial\\\/\"}]}<\/script>\n<!-- \/ Yoast SEO plugin. -->","yoast_head_json":{"title":"EU acusa a dos presuntos l\u00edderes del C\u00e1rtel de Sinaloa por \u201cnarco-terrorismo\u201d y tr\u00e1fico de fentanilo - Fuentes Fidedignas","robots":{"index":"index","follow":"follow","max-snippet":"max-snippet:-1","max-image-preview":"max-image-preview:large","max-video-preview":"max-video-preview:-1"},"canonical":"https:\/\/fuentesfidedignas.com.mx\/index.php\/2025\/09\/25\/eu-acusa-a-dos-presuntos-lideres-del-cartel-de-sinaloa-por-narco-terrorismo-y-trafico-de-fentanilo\/","og_locale":"es_MX","og_type":"article","og_title":"EU acusa a dos presuntos l\u00edderes del C\u00e1rtel de Sinaloa por \u201cnarco-terrorismo\u201d y tr\u00e1fico de fentanilo - Fuentes Fidedignas","og_description":"En febrero de 2025, el Departamento de Estado design\u00f3 al C\u00e1rtel de Sinaloa como Organizaci\u00f3n Terrorista Extranjera WASHINGTON.- La administraci\u00f3n del presidente Donald Trump revel\u00f3 este mi\u00e9rcoles cargos criminales por narco-terrorismo contra dos presuntos altos miembros del C\u00e1rtel de Sinaloa, acus\u00e1ndolos de traficar drogas il\u00edcitas \u2014incluido fentanilo\u2014 desde M\u00e9xico hasta el \u00e1rea metropolitana de Saint [&hellip;]","og_url":"https:\/\/fuentesfidedignas.com.mx\/index.php\/2025\/09\/25\/eu-acusa-a-dos-presuntos-lideres-del-cartel-de-sinaloa-por-narco-terrorismo-y-trafico-de-fentanilo\/","og_site_name":"Fuentes Fidedignas","article_publisher":"https:\/\/www.facebook.com\/Fuentes-Fidedignas-368234489921644","article_published_time":"2025-09-25T17:08:26+00:00","article_modified_time":"2025-09-25T17:08:38+00:00","og_image":[{"width":500,"height":353,"url":"https:\/\/fuentesfidedignas.com.mx\/wp-content\/uploads\/2025\/09\/Bondi_trump.jpg","type":"image\/jpeg"}],"author":"El Imparcial","twitter_card":"summary_large_image","twitter_creator":"@fidedignas","twitter_site":"@fidedignas","twitter_misc":{"Escrito por":"El Imparcial","Tiempo de lectura":"3 minutos"},"schema":{"@context":"https:\/\/schema.org","@graph":[{"@type":"Article","@id":"https:\/\/fuentesfidedignas.com.mx\/index.php\/2025\/09\/25\/eu-acusa-a-dos-presuntos-lideres-del-cartel-de-sinaloa-por-narco-terrorismo-y-trafico-de-fentanilo\/#article","isPartOf":{"@id":"https:\/\/fuentesfidedignas.com.mx\/index.php\/2025\/09\/25\/eu-acusa-a-dos-presuntos-lideres-del-cartel-de-sinaloa-por-narco-terrorismo-y-trafico-de-fentanilo\/"},"author":{"name":"El Imparcial","@id":"https:\/\/fuentesfidedignas.com.mx\/#\/schema\/person\/ff4db17f8fd9c584e0cfc2a0c436b8a1"},"headline":"EU acusa a dos presuntos l\u00edderes del C\u00e1rtel de Sinaloa por \u201cnarco-terrorismo\u201d y tr\u00e1fico de fentanilo","datePublished":"2025-09-25T17:08:26+00:00","dateModified":"2025-09-25T17:08:38+00:00","mainEntityOfPage":{"@id":"https:\/\/fuentesfidedignas.com.mx\/index.php\/2025\/09\/25\/eu-acusa-a-dos-presuntos-lideres-del-cartel-de-sinaloa-por-narco-terrorismo-y-trafico-de-fentanilo\/"},"wordCount":452,"commentCount":0,"publisher":{"@id":"https:\/\/fuentesfidedignas.com.mx\/#organization"},"image":{"@id":"https:\/\/fuentesfidedignas.com.mx\/index.php\/2025\/09\/25\/eu-acusa-a-dos-presuntos-lideres-del-cartel-de-sinaloa-por-narco-terrorismo-y-trafico-de-fentanilo\/#primaryimage"},"thumbnailUrl":"https:\/\/fuentesfidedignas.com.mx\/wp-content\/uploads\/2025\/09\/Bondi_trump.jpg","articleSection":["NOTICIAS NACIONALES"],"inLanguage":"es","potentialAction":[{"@type":"CommentAction","name":"Comment","target":["https:\/\/fuentesfidedignas.com.mx\/index.php\/2025\/09\/25\/eu-acusa-a-dos-presuntos-lideres-del-cartel-de-sinaloa-por-narco-terrorismo-y-trafico-de-fentanilo\/#respond"]}]},{"@type":"WebPage","@id":"https:\/\/fuentesfidedignas.com.mx\/index.php\/2025\/09\/25\/eu-acusa-a-dos-presuntos-lideres-del-cartel-de-sinaloa-por-narco-terrorismo-y-trafico-de-fentanilo\/","url":"https:\/\/fuentesfidedignas.com.mx\/index.php\/2025\/09\/25\/eu-acusa-a-dos-presuntos-lideres-del-cartel-de-sinaloa-por-narco-terrorismo-y-trafico-de-fentanilo\/","name":"EU acusa a dos presuntos l\u00edderes del C\u00e1rtel de Sinaloa por \u201cnarco-terrorismo\u201d y tr\u00e1fico de fentanilo - Fuentes Fidedignas","isPartOf":{"@id":"https:\/\/fuentesfidedignas.com.mx\/#website"},"primaryImageOfPage":{"@id":"https:\/\/fuentesfidedignas.com.mx\/index.php\/2025\/09\/25\/eu-acusa-a-dos-presuntos-lideres-del-cartel-de-sinaloa-por-narco-terrorismo-y-trafico-de-fentanilo\/#primaryimage"},"image":{"@id":"https:\/\/fuentesfidedignas.com.mx\/index.php\/2025\/09\/25\/eu-acusa-a-dos-presuntos-lideres-del-cartel-de-sinaloa-por-narco-terrorismo-y-trafico-de-fentanilo\/#primaryimage"},"thumbnailUrl":"https:\/\/fuentesfidedignas.com.mx\/wp-content\/uploads\/2025\/09\/Bondi_trump.jpg","datePublished":"2025-09-25T17:08:26+00:00","dateModified":"2025-09-25T17:08:38+00:00","breadcrumb":{"@id":"https:\/\/fuentesfidedignas.com.mx\/index.php\/2025\/09\/25\/eu-acusa-a-dos-presuntos-lideres-del-cartel-de-sinaloa-por-narco-terrorismo-y-trafico-de-fentanilo\/#breadcrumb"},"inLanguage":"es","potentialAction":[{"@type":"ReadAction","target":["https:\/\/fuentesfidedignas.com.mx\/index.php\/2025\/09\/25\/eu-acusa-a-dos-presuntos-lideres-del-cartel-de-sinaloa-por-narco-terrorismo-y-trafico-de-fentanilo\/"]}]},{"@type":"ImageObject","inLanguage":"es","@id":"https:\/\/fuentesfidedignas.com.mx\/index.php\/2025\/09\/25\/eu-acusa-a-dos-presuntos-lideres-del-cartel-de-sinaloa-por-narco-terrorismo-y-trafico-de-fentanilo\/#primaryimage","url":"https:\/\/fuentesfidedignas.com.mx\/wp-content\/uploads\/2025\/09\/Bondi_trump.jpg","contentUrl":"https:\/\/fuentesfidedignas.com.mx\/wp-content\/uploads\/2025\/09\/Bondi_trump.jpg","width":500,"height":353},{"@type":"BreadcrumbList","@id":"https:\/\/fuentesfidedignas.com.mx\/index.php\/2025\/09\/25\/eu-acusa-a-dos-presuntos-lideres-del-cartel-de-sinaloa-por-narco-terrorismo-y-trafico-de-fentanilo\/#breadcrumb","itemListElement":[{"@type":"ListItem","position":1,"name":"Inicio","item":"https:\/\/fuentesfidedignas.com.mx\/"},{"@type":"ListItem","position":2,"name":"EU acusa a dos presuntos l\u00edderes del C\u00e1rtel de Sinaloa por \u201cnarco-terrorismo\u201d y tr\u00e1fico de fentanilo"}]},{"@type":"WebSite","@id":"https:\/\/fuentesfidedignas.com.mx\/#website","url":"https:\/\/fuentesfidedignas.com.mx\/","name":"Fuentes Fidedignas","description":"Otro sitio realizado con WordPress","publisher":{"@id":"https:\/\/fuentesfidedignas.com.mx\/#organization"},"potentialAction":[{"@type":"SearchAction","target":{"@type":"EntryPoint","urlTemplate":"https:\/\/fuentesfidedignas.com.mx\/?s={search_term_string}"},"query-input":{"@type":"PropertyValueSpecification","valueRequired":true,"valueName":"search_term_string"}}],"inLanguage":"es"},{"@type":"Organization","@id":"https:\/\/fuentesfidedignas.com.mx\/#organization","name":"Fuentes Fidedignas","url":"https:\/\/fuentesfidedignas.com.mx\/","logo":{"@type":"ImageObject","inLanguage":"es","@id":"https:\/\/fuentesfidedignas.com.mx\/#\/schema\/logo\/image\/","url":"https:\/\/fuentesfidedignas.com.mx\/wp-content\/uploads\/2021\/04\/logo-retina.png","contentUrl":"https:\/\/fuentesfidedignas.com.mx\/wp-content\/uploads\/2021\/04\/logo-retina.png","width":280,"height":51,"caption":"Fuentes Fidedignas"},"image":{"@id":"https:\/\/fuentesfidedignas.com.mx\/#\/schema\/logo\/image\/"},"sameAs":["https:\/\/www.facebook.com\/Fuentes-Fidedignas-368234489921644","https:\/\/x.com\/fidedignas"]},{"@type":"Person","@id":"https:\/\/fuentesfidedignas.com.mx\/#\/schema\/person\/ff4db17f8fd9c584e0cfc2a0c436b8a1","name":"El Imparcial","image":{"@type":"ImageObject","inLanguage":"es","@id":"https:\/\/secure.gravatar.com\/avatar\/accd6807585a75316c237ee783498317be6f66ab34c47c940966f26a3f613161?s=96&d=mm&r=g","url":"https:\/\/secure.gravatar.com\/avatar\/accd6807585a75316c237ee783498317be6f66ab34c47c940966f26a3f613161?s=96&d=mm&r=g","contentUrl":"https:\/\/secure.gravatar.com\/avatar\/accd6807585a75316c237ee783498317be6f66ab34c47c940966f26a3f613161?s=96&d=mm&r=g","caption":"El Imparcial"},"url":"https:\/\/fuentesfidedignas.com.mx\/index.php\/author\/imparcial\/"}]}},"_links":{"self":[{"href":"https:\/\/fuentesfidedignas.com.mx\/index.php\/wp-json\/wp\/v2\/posts\/118097","targetHints":{"allow":["GET"]}}],"collection":[{"href":"https:\/\/fuentesfidedignas.com.mx\/index.php\/wp-json\/wp\/v2\/posts"}],"about":[{"href":"https:\/\/fuentesfidedignas.com.mx\/index.php\/wp-json\/wp\/v2\/types\/post"}],"author":[{"embeddable":true,"href":"https:\/\/fuentesfidedignas.com.mx\/index.php\/wp-json\/wp\/v2\/users\/40"}],"replies":[{"embeddable":true,"href":"https:\/\/fuentesfidedignas.com.mx\/index.php\/wp-json\/wp\/v2\/comments?post=118097"}],"version-history":[{"count":1,"href":"https:\/\/fuentesfidedignas.com.mx\/index.php\/wp-json\/wp\/v2\/posts\/118097\/revisions"}],"predecessor-version":[{"id":118099,"href":"https:\/\/fuentesfidedignas.com.mx\/index.php\/wp-json\/wp\/v2\/posts\/118097\/revisions\/118099"}],"wp:featuredmedia":[{"embeddable":true,"href":"https:\/\/fuentesfidedignas.com.mx\/index.php\/wp-json\/wp\/v2\/media\/118098"}],"wp:attachment":[{"href":"https:\/\/fuentesfidedignas.com.mx\/index.php\/wp-json\/wp\/v2\/media?parent=118097"}],"wp:term":[{"taxonomy":"category","embeddable":true,"href":"https:\/\/fuentesfidedignas.com.mx\/index.php\/wp-json\/wp\/v2\/categories?post=118097"},{"taxonomy":"post_tag","embeddable":true,"href":"https:\/\/fuentesfidedignas.com.mx\/index.php\/wp-json\/wp\/v2\/tags?post=118097"}],"curies":[{"name":"wp","href":"https:\/\/api.w.org\/{rel}","templated":true}]}}