{"id":118064,"date":"2025-09-25T01:53:00","date_gmt":"2025-09-25T08:53:00","guid":{"rendered":"https:\/\/fuentesfidedignas.com.mx\/?p=118064"},"modified":"2025-09-24T19:59:32","modified_gmt":"2025-09-25T02:59:32","slug":"no-pudo-conmigo-bebe-nace-victorioso-sosteniendo-el-diu-de-su-mama","status":"publish","type":"post","link":"https:\/\/fuentesfidedignas.com.mx\/index.php\/2025\/09\/25\/no-pudo-conmigo-bebe-nace-victorioso-sosteniendo-el-diu-de-su-mama\/","title":{"rendered":"\u2018\u00a1No pudo conmigo!\u2019 Beb\u00e9 nace \u2018victorioso\u2019 sosteniendo el DIU de su mam\u00e1"},"content":{"rendered":"\n<p><br><strong><em>Un beb\u00e9 naci\u00f3 en Brasil sosteniendo el DIU que deb\u00eda evitar su embarazo demostrando que, aunque este m\u00e9todo es m\u00e1s del 99 % efectivo, puede fallar en casos raros.<\/em><\/strong><\/p>\n\n\n\n<p>El bebecito<strong>\u00a0Matheus Gabriel<\/strong>\u00a0lleg\u00f3 al mundo con una historia que ya est\u00e1 dando la vuelta al internet, y es que este peque\u00f1ito naci\u00f3 desafiando las estad\u00edsticas, con el\u00a0<strong>dispositivo intrauterino (DIU)<\/strong>\u00a0que deb\u00eda impedir su gestaci\u00f3n, nada menos que en la mano.<\/p>\n\n\n\n<p>El curioso y simb\u00f3lico momento ocurri\u00f3 en el\u00a0<strong>Hospital Sagrado Cora\u00e7\u00e3o de Jes\u00fas<\/strong>, en\u00a0<strong>Ner\u00f3polis, Brasil<\/strong>, donde la doctora\u00a0<strong>Natalia Rodrigues<\/strong>, quien atendi\u00f3 el parto, coloc\u00f3 el peque\u00f1o DIU de cobre en la manita del reci\u00e9n nacido, a modo de broma, y captur\u00f3 una imagen que ya es viral.<\/p>\n\n\n\n<figure class=\"wp-block-image size-full\"><img decoding=\"async\" width=\"370\" height=\"660\" src=\"https:\/\/fuentesfidedignas.com.mx\/wp-content\/uploads\/2025\/09\/image-4-2.jpg\" alt=\"\" class=\"wp-image-118065\" srcset=\"https:\/\/fuentesfidedignas.com.mx\/wp-content\/uploads\/2025\/09\/image-4-2.jpg 370w, https:\/\/fuentesfidedignas.com.mx\/wp-content\/uploads\/2025\/09\/image-4-2-168x300.jpg 168w, https:\/\/fuentesfidedignas.com.mx\/wp-content\/uploads\/2025\/09\/image-4-2-235x420.jpg 235w, https:\/\/fuentesfidedignas.com.mx\/wp-content\/uploads\/2025\/09\/image-4-2-300x535.jpg 300w\" sizes=\"(max-width: 370px) 100vw, 370px\" \/><\/figure>\n\n\n\n<p>En el video publicado en redes sociales, Matheus aparece sujetando con fuerza el DIU como si fuera un trofeo. El pie de foto no pudo ser m\u00e1s oportuno:<\/p>\n\n\n\n<blockquote class=\"wp-block-quote is-layout-flow wp-block-quote-is-layout-flow\">\n<p>\u201cSosteniendo mi trofeo de la victoria: \u00a1el DIU que no pudo conmigo!\u201d<\/p>\n<\/blockquote>\n\n\n\n<p>Su mam\u00e1,&nbsp;<strong>Queidy Araujo de Oliveira<\/strong>, llevaba&nbsp;<strong>dos a\u00f1os usando un DIU de cobre<\/strong>, uno de los m\u00e9todos anticonceptivos m\u00e1s eficaces, con una tasa de falla de apenas el&nbsp;<strong>0.6 %<\/strong>. Fue durante un control de rutina que descubri\u00f3, sorpresivamente, que estaba embarazada.<\/p>\n","protected":false},"excerpt":{"rendered":"<p>Un beb\u00e9 naci\u00f3 en Brasil sosteniendo el DIU que deb\u00eda evitar su embarazo demostrando que, aunque este m\u00e9todo es m\u00e1s del 99 % efectivo, puede fallar en casos raros. El bebecito\u00a0Matheus Gabriel\u00a0lleg\u00f3 al mundo con una historia que ya est\u00e1 dando la vuelta al internet, y es que este peque\u00f1ito naci\u00f3 desafiando las estad\u00edsticas, con [&hellip;]<\/p>\n","protected":false},"author":7,"featured_media":18112,"comment_status":"open","ping_status":"open","sticky":false,"template":"","format":"standard","meta":{"tdm_status":"","tdm_grid_status":"","footnotes":""},"categories":[40],"tags":[],"class_list":{"0":"post-118064","1":"post","2":"type-post","3":"status-publish","4":"format-standard","5":"has-post-thumbnail","7":"category-las-asombrosas"},"yoast_head":"<!-- This site is optimized with the Yoast SEO plugin v27.5 - https:\/\/yoast.com\/product\/yoast-seo-wordpress\/ -->\n<title>\u2018\u00a1No pudo conmigo!\u2019 Beb\u00e9 nace \u2018victorioso\u2019 sosteniendo el DIU de su mam\u00e1 - Fuentes Fidedignas<\/title>\n<meta name=\"robots\" content=\"index, follow, max-snippet:-1, max-image-preview:large, max-video-preview:-1\" \/>\n<link rel=\"canonical\" href=\"https:\/\/fuentesfidedignas.com.mx\/index.php\/2025\/09\/25\/no-pudo-conmigo-bebe-nace-victorioso-sosteniendo-el-diu-de-su-mama\/\" \/>\n<meta property=\"og:locale\" content=\"es_MX\" \/>\n<meta property=\"og:type\" content=\"article\" \/>\n<meta property=\"og:title\" content=\"\u2018\u00a1No pudo conmigo!\u2019 Beb\u00e9 nace \u2018victorioso\u2019 sosteniendo el DIU de su mam\u00e1 - Fuentes Fidedignas\" \/>\n<meta property=\"og:description\" content=\"Un beb\u00e9 naci\u00f3 en Brasil sosteniendo el DIU que deb\u00eda evitar su embarazo demostrando que, aunque este m\u00e9todo es m\u00e1s del 99 % efectivo, puede fallar en casos raros. El bebecito\u00a0Matheus Gabriel\u00a0lleg\u00f3 al mundo con una historia que ya est\u00e1 dando la vuelta al internet, y es que este peque\u00f1ito naci\u00f3 desafiando las estad\u00edsticas, con [&hellip;]\" \/>\n<meta property=\"og:url\" content=\"https:\/\/fuentesfidedignas.com.mx\/index.php\/2025\/09\/25\/no-pudo-conmigo-bebe-nace-victorioso-sosteniendo-el-diu-de-su-mama\/\" \/>\n<meta property=\"og:site_name\" content=\"Fuentes Fidedignas\" \/>\n<meta property=\"article:publisher\" content=\"https:\/\/www.facebook.com\/Fuentes-Fidedignas-368234489921644\" \/>\n<meta property=\"article:published_time\" content=\"2025-09-25T08:53:00+00:00\" \/>\n<meta property=\"og:image\" content=\"https:\/\/fuentesfidedignas.com.mx\/wp-content\/uploads\/2021\/11\/BEBE.jpg\" \/>\n\t<meta property=\"og:image:width\" content=\"800\" \/>\n\t<meta property=\"og:image:height\" content=\"600\" \/>\n\t<meta property=\"og:image:type\" content=\"image\/jpeg\" \/>\n<meta name=\"author\" content=\"Exc\u00e9lsior\" \/>\n<meta name=\"twitter:card\" content=\"summary_large_image\" \/>\n<meta name=\"twitter:creator\" content=\"@fidedignas\" \/>\n<meta name=\"twitter:site\" content=\"@fidedignas\" \/>\n<meta name=\"twitter:label1\" content=\"Escrito por\" \/>\n\t<meta name=\"twitter:data1\" content=\"Exc\u00e9lsior\" \/>\n\t<meta name=\"twitter:label2\" content=\"Tiempo de lectura\" \/>\n\t<meta name=\"twitter:data2\" content=\"2 minutos\" \/>\n<script type=\"application\/ld+json\" class=\"yoast-schema-graph\">{\"@context\":\"https:\\\/\\\/schema.org\",\"@graph\":[{\"@type\":\"Article\",\"@id\":\"https:\\\/\\\/fuentesfidedignas.com.mx\\\/index.php\\\/2025\\\/09\\\/25\\\/no-pudo-conmigo-bebe-nace-victorioso-sosteniendo-el-diu-de-su-mama\\\/#article\",\"isPartOf\":{\"@id\":\"https:\\\/\\\/fuentesfidedignas.com.mx\\\/index.php\\\/2025\\\/09\\\/25\\\/no-pudo-conmigo-bebe-nace-victorioso-sosteniendo-el-diu-de-su-mama\\\/\"},\"author\":{\"name\":\"Exc\u00e9lsior\",\"@id\":\"https:\\\/\\\/fuentesfidedignas.com.mx\\\/#\\\/schema\\\/person\\\/ec4edd1fbf5efa3e44fce34fe2787780\"},\"headline\":\"\u2018\u00a1No pudo conmigo!\u2019 Beb\u00e9 nace \u2018victorioso\u2019 sosteniendo el DIU de su mam\u00e1\",\"datePublished\":\"2025-09-25T08:53:00+00:00\",\"mainEntityOfPage\":{\"@id\":\"https:\\\/\\\/fuentesfidedignas.com.mx\\\/index.php\\\/2025\\\/09\\\/25\\\/no-pudo-conmigo-bebe-nace-victorioso-sosteniendo-el-diu-de-su-mama\\\/\"},\"wordCount\":232,\"commentCount\":0,\"publisher\":{\"@id\":\"https:\\\/\\\/fuentesfidedignas.com.mx\\\/#organization\"},\"image\":{\"@id\":\"https:\\\/\\\/fuentesfidedignas.com.mx\\\/index.php\\\/2025\\\/09\\\/25\\\/no-pudo-conmigo-bebe-nace-victorioso-sosteniendo-el-diu-de-su-mama\\\/#primaryimage\"},\"thumbnailUrl\":\"https:\\\/\\\/fuentesfidedignas.com.mx\\\/wp-content\\\/uploads\\\/2021\\\/11\\\/BEBE.jpg\",\"articleSection\":[\"LAS ASOMBROSAS\"],\"inLanguage\":\"es\",\"potentialAction\":[{\"@type\":\"CommentAction\",\"name\":\"Comment\",\"target\":[\"https:\\\/\\\/fuentesfidedignas.com.mx\\\/index.php\\\/2025\\\/09\\\/25\\\/no-pudo-conmigo-bebe-nace-victorioso-sosteniendo-el-diu-de-su-mama\\\/#respond\"]}]},{\"@type\":\"WebPage\",\"@id\":\"https:\\\/\\\/fuentesfidedignas.com.mx\\\/index.php\\\/2025\\\/09\\\/25\\\/no-pudo-conmigo-bebe-nace-victorioso-sosteniendo-el-diu-de-su-mama\\\/\",\"url\":\"https:\\\/\\\/fuentesfidedignas.com.mx\\\/index.php\\\/2025\\\/09\\\/25\\\/no-pudo-conmigo-bebe-nace-victorioso-sosteniendo-el-diu-de-su-mama\\\/\",\"name\":\"\u2018\u00a1No pudo conmigo!\u2019 Beb\u00e9 nace \u2018victorioso\u2019 sosteniendo el DIU de su mam\u00e1 - Fuentes Fidedignas\",\"isPartOf\":{\"@id\":\"https:\\\/\\\/fuentesfidedignas.com.mx\\\/#website\"},\"primaryImageOfPage\":{\"@id\":\"https:\\\/\\\/fuentesfidedignas.com.mx\\\/index.php\\\/2025\\\/09\\\/25\\\/no-pudo-conmigo-bebe-nace-victorioso-sosteniendo-el-diu-de-su-mama\\\/#primaryimage\"},\"image\":{\"@id\":\"https:\\\/\\\/fuentesfidedignas.com.mx\\\/index.php\\\/2025\\\/09\\\/25\\\/no-pudo-conmigo-bebe-nace-victorioso-sosteniendo-el-diu-de-su-mama\\\/#primaryimage\"},\"thumbnailUrl\":\"https:\\\/\\\/fuentesfidedignas.com.mx\\\/wp-content\\\/uploads\\\/2021\\\/11\\\/BEBE.jpg\",\"datePublished\":\"2025-09-25T08:53:00+00:00\",\"breadcrumb\":{\"@id\":\"https:\\\/\\\/fuentesfidedignas.com.mx\\\/index.php\\\/2025\\\/09\\\/25\\\/no-pudo-conmigo-bebe-nace-victorioso-sosteniendo-el-diu-de-su-mama\\\/#breadcrumb\"},\"inLanguage\":\"es\",\"potentialAction\":[{\"@type\":\"ReadAction\",\"target\":[\"https:\\\/\\\/fuentesfidedignas.com.mx\\\/index.php\\\/2025\\\/09\\\/25\\\/no-pudo-conmigo-bebe-nace-victorioso-sosteniendo-el-diu-de-su-mama\\\/\"]}]},{\"@type\":\"ImageObject\",\"inLanguage\":\"es\",\"@id\":\"https:\\\/\\\/fuentesfidedignas.com.mx\\\/index.php\\\/2025\\\/09\\\/25\\\/no-pudo-conmigo-bebe-nace-victorioso-sosteniendo-el-diu-de-su-mama\\\/#primaryimage\",\"url\":\"https:\\\/\\\/fuentesfidedignas.com.mx\\\/wp-content\\\/uploads\\\/2021\\\/11\\\/BEBE.jpg\",\"contentUrl\":\"https:\\\/\\\/fuentesfidedignas.com.mx\\\/wp-content\\\/uploads\\\/2021\\\/11\\\/BEBE.jpg\",\"width\":800,\"height\":600},{\"@type\":\"BreadcrumbList\",\"@id\":\"https:\\\/\\\/fuentesfidedignas.com.mx\\\/index.php\\\/2025\\\/09\\\/25\\\/no-pudo-conmigo-bebe-nace-victorioso-sosteniendo-el-diu-de-su-mama\\\/#breadcrumb\",\"itemListElement\":[{\"@type\":\"ListItem\",\"position\":1,\"name\":\"Inicio\",\"item\":\"https:\\\/\\\/fuentesfidedignas.com.mx\\\/\"},{\"@type\":\"ListItem\",\"position\":2,\"name\":\"\u2018\u00a1No pudo conmigo!\u2019 Beb\u00e9 nace \u2018victorioso\u2019 sosteniendo el DIU de su mam\u00e1\"}]},{\"@type\":\"WebSite\",\"@id\":\"https:\\\/\\\/fuentesfidedignas.com.mx\\\/#website\",\"url\":\"https:\\\/\\\/fuentesfidedignas.com.mx\\\/\",\"name\":\"Fuentes Fidedignas\",\"description\":\"Otro sitio realizado con WordPress\",\"publisher\":{\"@id\":\"https:\\\/\\\/fuentesfidedignas.com.mx\\\/#organization\"},\"potentialAction\":[{\"@type\":\"SearchAction\",\"target\":{\"@type\":\"EntryPoint\",\"urlTemplate\":\"https:\\\/\\\/fuentesfidedignas.com.mx\\\/?s={search_term_string}\"},\"query-input\":{\"@type\":\"PropertyValueSpecification\",\"valueRequired\":true,\"valueName\":\"search_term_string\"}}],\"inLanguage\":\"es\"},{\"@type\":\"Organization\",\"@id\":\"https:\\\/\\\/fuentesfidedignas.com.mx\\\/#organization\",\"name\":\"Fuentes Fidedignas\",\"url\":\"https:\\\/\\\/fuentesfidedignas.com.mx\\\/\",\"logo\":{\"@type\":\"ImageObject\",\"inLanguage\":\"es\",\"@id\":\"https:\\\/\\\/fuentesfidedignas.com.mx\\\/#\\\/schema\\\/logo\\\/image\\\/\",\"url\":\"https:\\\/\\\/fuentesfidedignas.com.mx\\\/wp-content\\\/uploads\\\/2021\\\/04\\\/logo-retina.png\",\"contentUrl\":\"https:\\\/\\\/fuentesfidedignas.com.mx\\\/wp-content\\\/uploads\\\/2021\\\/04\\\/logo-retina.png\",\"width\":280,\"height\":51,\"caption\":\"Fuentes Fidedignas\"},\"image\":{\"@id\":\"https:\\\/\\\/fuentesfidedignas.com.mx\\\/#\\\/schema\\\/logo\\\/image\\\/\"},\"sameAs\":[\"https:\\\/\\\/www.facebook.com\\\/Fuentes-Fidedignas-368234489921644\",\"https:\\\/\\\/x.com\\\/fidedignas\"]},{\"@type\":\"Person\",\"@id\":\"https:\\\/\\\/fuentesfidedignas.com.mx\\\/#\\\/schema\\\/person\\\/ec4edd1fbf5efa3e44fce34fe2787780\",\"name\":\"Exc\u00e9lsior\",\"image\":{\"@type\":\"ImageObject\",\"inLanguage\":\"es\",\"@id\":\"https:\\\/\\\/secure.gravatar.com\\\/avatar\\\/4b7ee9206b48be08447852b3f0814dbc7c0f3b51541b164f1464a2725614020b?s=96&d=mm&r=g\",\"url\":\"https:\\\/\\\/secure.gravatar.com\\\/avatar\\\/4b7ee9206b48be08447852b3f0814dbc7c0f3b51541b164f1464a2725614020b?s=96&d=mm&r=g\",\"contentUrl\":\"https:\\\/\\\/secure.gravatar.com\\\/avatar\\\/4b7ee9206b48be08447852b3f0814dbc7c0f3b51541b164f1464a2725614020b?s=96&d=mm&r=g\",\"caption\":\"Exc\u00e9lsior\"},\"url\":\"https:\\\/\\\/fuentesfidedignas.com.mx\\\/index.php\\\/author\\\/excelsior\\\/\"}]}<\/script>\n<!-- \/ Yoast SEO plugin. -->","yoast_head_json":{"title":"\u2018\u00a1No pudo conmigo!\u2019 Beb\u00e9 nace \u2018victorioso\u2019 sosteniendo el DIU de su mam\u00e1 - Fuentes Fidedignas","robots":{"index":"index","follow":"follow","max-snippet":"max-snippet:-1","max-image-preview":"max-image-preview:large","max-video-preview":"max-video-preview:-1"},"canonical":"https:\/\/fuentesfidedignas.com.mx\/index.php\/2025\/09\/25\/no-pudo-conmigo-bebe-nace-victorioso-sosteniendo-el-diu-de-su-mama\/","og_locale":"es_MX","og_type":"article","og_title":"\u2018\u00a1No pudo conmigo!\u2019 Beb\u00e9 nace \u2018victorioso\u2019 sosteniendo el DIU de su mam\u00e1 - Fuentes Fidedignas","og_description":"Un beb\u00e9 naci\u00f3 en Brasil sosteniendo el DIU que deb\u00eda evitar su embarazo demostrando que, aunque este m\u00e9todo es m\u00e1s del 99 % efectivo, puede fallar en casos raros. El bebecito\u00a0Matheus Gabriel\u00a0lleg\u00f3 al mundo con una historia que ya est\u00e1 dando la vuelta al internet, y es que este peque\u00f1ito naci\u00f3 desafiando las estad\u00edsticas, con [&hellip;]","og_url":"https:\/\/fuentesfidedignas.com.mx\/index.php\/2025\/09\/25\/no-pudo-conmigo-bebe-nace-victorioso-sosteniendo-el-diu-de-su-mama\/","og_site_name":"Fuentes Fidedignas","article_publisher":"https:\/\/www.facebook.com\/Fuentes-Fidedignas-368234489921644","article_published_time":"2025-09-25T08:53:00+00:00","og_image":[{"width":800,"height":600,"url":"https:\/\/fuentesfidedignas.com.mx\/wp-content\/uploads\/2021\/11\/BEBE.jpg","type":"image\/jpeg"}],"author":"Exc\u00e9lsior","twitter_card":"summary_large_image","twitter_creator":"@fidedignas","twitter_site":"@fidedignas","twitter_misc":{"Escrito por":"Exc\u00e9lsior","Tiempo de lectura":"2 minutos"},"schema":{"@context":"https:\/\/schema.org","@graph":[{"@type":"Article","@id":"https:\/\/fuentesfidedignas.com.mx\/index.php\/2025\/09\/25\/no-pudo-conmigo-bebe-nace-victorioso-sosteniendo-el-diu-de-su-mama\/#article","isPartOf":{"@id":"https:\/\/fuentesfidedignas.com.mx\/index.php\/2025\/09\/25\/no-pudo-conmigo-bebe-nace-victorioso-sosteniendo-el-diu-de-su-mama\/"},"author":{"name":"Exc\u00e9lsior","@id":"https:\/\/fuentesfidedignas.com.mx\/#\/schema\/person\/ec4edd1fbf5efa3e44fce34fe2787780"},"headline":"\u2018\u00a1No pudo conmigo!\u2019 Beb\u00e9 nace \u2018victorioso\u2019 sosteniendo el DIU de su mam\u00e1","datePublished":"2025-09-25T08:53:00+00:00","mainEntityOfPage":{"@id":"https:\/\/fuentesfidedignas.com.mx\/index.php\/2025\/09\/25\/no-pudo-conmigo-bebe-nace-victorioso-sosteniendo-el-diu-de-su-mama\/"},"wordCount":232,"commentCount":0,"publisher":{"@id":"https:\/\/fuentesfidedignas.com.mx\/#organization"},"image":{"@id":"https:\/\/fuentesfidedignas.com.mx\/index.php\/2025\/09\/25\/no-pudo-conmigo-bebe-nace-victorioso-sosteniendo-el-diu-de-su-mama\/#primaryimage"},"thumbnailUrl":"https:\/\/fuentesfidedignas.com.mx\/wp-content\/uploads\/2021\/11\/BEBE.jpg","articleSection":["LAS ASOMBROSAS"],"inLanguage":"es","potentialAction":[{"@type":"CommentAction","name":"Comment","target":["https:\/\/fuentesfidedignas.com.mx\/index.php\/2025\/09\/25\/no-pudo-conmigo-bebe-nace-victorioso-sosteniendo-el-diu-de-su-mama\/#respond"]}]},{"@type":"WebPage","@id":"https:\/\/fuentesfidedignas.com.mx\/index.php\/2025\/09\/25\/no-pudo-conmigo-bebe-nace-victorioso-sosteniendo-el-diu-de-su-mama\/","url":"https:\/\/fuentesfidedignas.com.mx\/index.php\/2025\/09\/25\/no-pudo-conmigo-bebe-nace-victorioso-sosteniendo-el-diu-de-su-mama\/","name":"\u2018\u00a1No pudo conmigo!\u2019 Beb\u00e9 nace \u2018victorioso\u2019 sosteniendo el DIU de su mam\u00e1 - Fuentes Fidedignas","isPartOf":{"@id":"https:\/\/fuentesfidedignas.com.mx\/#website"},"primaryImageOfPage":{"@id":"https:\/\/fuentesfidedignas.com.mx\/index.php\/2025\/09\/25\/no-pudo-conmigo-bebe-nace-victorioso-sosteniendo-el-diu-de-su-mama\/#primaryimage"},"image":{"@id":"https:\/\/fuentesfidedignas.com.mx\/index.php\/2025\/09\/25\/no-pudo-conmigo-bebe-nace-victorioso-sosteniendo-el-diu-de-su-mama\/#primaryimage"},"thumbnailUrl":"https:\/\/fuentesfidedignas.com.mx\/wp-content\/uploads\/2021\/11\/BEBE.jpg","datePublished":"2025-09-25T08:53:00+00:00","breadcrumb":{"@id":"https:\/\/fuentesfidedignas.com.mx\/index.php\/2025\/09\/25\/no-pudo-conmigo-bebe-nace-victorioso-sosteniendo-el-diu-de-su-mama\/#breadcrumb"},"inLanguage":"es","potentialAction":[{"@type":"ReadAction","target":["https:\/\/fuentesfidedignas.com.mx\/index.php\/2025\/09\/25\/no-pudo-conmigo-bebe-nace-victorioso-sosteniendo-el-diu-de-su-mama\/"]}]},{"@type":"ImageObject","inLanguage":"es","@id":"https:\/\/fuentesfidedignas.com.mx\/index.php\/2025\/09\/25\/no-pudo-conmigo-bebe-nace-victorioso-sosteniendo-el-diu-de-su-mama\/#primaryimage","url":"https:\/\/fuentesfidedignas.com.mx\/wp-content\/uploads\/2021\/11\/BEBE.jpg","contentUrl":"https:\/\/fuentesfidedignas.com.mx\/wp-content\/uploads\/2021\/11\/BEBE.jpg","width":800,"height":600},{"@type":"BreadcrumbList","@id":"https:\/\/fuentesfidedignas.com.mx\/index.php\/2025\/09\/25\/no-pudo-conmigo-bebe-nace-victorioso-sosteniendo-el-diu-de-su-mama\/#breadcrumb","itemListElement":[{"@type":"ListItem","position":1,"name":"Inicio","item":"https:\/\/fuentesfidedignas.com.mx\/"},{"@type":"ListItem","position":2,"name":"\u2018\u00a1No pudo conmigo!\u2019 Beb\u00e9 nace \u2018victorioso\u2019 sosteniendo el DIU de su mam\u00e1"}]},{"@type":"WebSite","@id":"https:\/\/fuentesfidedignas.com.mx\/#website","url":"https:\/\/fuentesfidedignas.com.mx\/","name":"Fuentes Fidedignas","description":"Otro sitio realizado con WordPress","publisher":{"@id":"https:\/\/fuentesfidedignas.com.mx\/#organization"},"potentialAction":[{"@type":"SearchAction","target":{"@type":"EntryPoint","urlTemplate":"https:\/\/fuentesfidedignas.com.mx\/?s={search_term_string}"},"query-input":{"@type":"PropertyValueSpecification","valueRequired":true,"valueName":"search_term_string"}}],"inLanguage":"es"},{"@type":"Organization","@id":"https:\/\/fuentesfidedignas.com.mx\/#organization","name":"Fuentes Fidedignas","url":"https:\/\/fuentesfidedignas.com.mx\/","logo":{"@type":"ImageObject","inLanguage":"es","@id":"https:\/\/fuentesfidedignas.com.mx\/#\/schema\/logo\/image\/","url":"https:\/\/fuentesfidedignas.com.mx\/wp-content\/uploads\/2021\/04\/logo-retina.png","contentUrl":"https:\/\/fuentesfidedignas.com.mx\/wp-content\/uploads\/2021\/04\/logo-retina.png","width":280,"height":51,"caption":"Fuentes Fidedignas"},"image":{"@id":"https:\/\/fuentesfidedignas.com.mx\/#\/schema\/logo\/image\/"},"sameAs":["https:\/\/www.facebook.com\/Fuentes-Fidedignas-368234489921644","https:\/\/x.com\/fidedignas"]},{"@type":"Person","@id":"https:\/\/fuentesfidedignas.com.mx\/#\/schema\/person\/ec4edd1fbf5efa3e44fce34fe2787780","name":"Exc\u00e9lsior","image":{"@type":"ImageObject","inLanguage":"es","@id":"https:\/\/secure.gravatar.com\/avatar\/4b7ee9206b48be08447852b3f0814dbc7c0f3b51541b164f1464a2725614020b?s=96&d=mm&r=g","url":"https:\/\/secure.gravatar.com\/avatar\/4b7ee9206b48be08447852b3f0814dbc7c0f3b51541b164f1464a2725614020b?s=96&d=mm&r=g","contentUrl":"https:\/\/secure.gravatar.com\/avatar\/4b7ee9206b48be08447852b3f0814dbc7c0f3b51541b164f1464a2725614020b?s=96&d=mm&r=g","caption":"Exc\u00e9lsior"},"url":"https:\/\/fuentesfidedignas.com.mx\/index.php\/author\/excelsior\/"}]}},"_links":{"self":[{"href":"https:\/\/fuentesfidedignas.com.mx\/index.php\/wp-json\/wp\/v2\/posts\/118064","targetHints":{"allow":["GET"]}}],"collection":[{"href":"https:\/\/fuentesfidedignas.com.mx\/index.php\/wp-json\/wp\/v2\/posts"}],"about":[{"href":"https:\/\/fuentesfidedignas.com.mx\/index.php\/wp-json\/wp\/v2\/types\/post"}],"author":[{"embeddable":true,"href":"https:\/\/fuentesfidedignas.com.mx\/index.php\/wp-json\/wp\/v2\/users\/7"}],"replies":[{"embeddable":true,"href":"https:\/\/fuentesfidedignas.com.mx\/index.php\/wp-json\/wp\/v2\/comments?post=118064"}],"version-history":[{"count":1,"href":"https:\/\/fuentesfidedignas.com.mx\/index.php\/wp-json\/wp\/v2\/posts\/118064\/revisions"}],"predecessor-version":[{"id":118066,"href":"https:\/\/fuentesfidedignas.com.mx\/index.php\/wp-json\/wp\/v2\/posts\/118064\/revisions\/118066"}],"wp:featuredmedia":[{"embeddable":true,"href":"https:\/\/fuentesfidedignas.com.mx\/index.php\/wp-json\/wp\/v2\/media\/18112"}],"wp:attachment":[{"href":"https:\/\/fuentesfidedignas.com.mx\/index.php\/wp-json\/wp\/v2\/media?parent=118064"}],"wp:term":[{"taxonomy":"category","embeddable":true,"href":"https:\/\/fuentesfidedignas.com.mx\/index.php\/wp-json\/wp\/v2\/categories?post=118064"},{"taxonomy":"post_tag","embeddable":true,"href":"https:\/\/fuentesfidedignas.com.mx\/index.php\/wp-json\/wp\/v2\/tags?post=118064"}],"curies":[{"name":"wp","href":"https:\/\/api.w.org\/{rel}","templated":true}]}}