{"id":118058,"date":"2025-09-25T01:42:00","date_gmt":"2025-09-25T08:42:00","guid":{"rendered":"https:\/\/fuentesfidedignas.com.mx\/?p=118058"},"modified":"2025-09-24T19:48:20","modified_gmt":"2025-09-25T02:48:20","slug":"diputada-dice-que-cientificos-de-veracruz-crearon-una-nave-para-ir-a-marte-el-espacio-debe-oler-a-cafe","status":"publish","type":"post","link":"https:\/\/fuentesfidedignas.com.mx\/index.php\/2025\/09\/25\/diputada-dice-que-cientificos-de-veracruz-crearon-una-nave-para-ir-a-marte-el-espacio-debe-oler-a-cafe\/","title":{"rendered":"Diputada dice que cient\u00edficos de Veracruz crearon una nave para ir a Marte: \u2018El espacio debe oler a caf\u00e9\u2019"},"content":{"rendered":"\n<p><br><em><strong>La diputada de Morena, Victoria Guti\u00e9rrez, asegur\u00f3 que cient\u00edficos de Veracruz construyeron una nave, en la que buscar\u00e1n llevar el caf\u00e9 al espacio<\/strong><\/em><\/p>\n\n\n\n<p>La diputada de Morena, Victoria Guti\u00e9rrez P\u00e9rez, desat\u00f3 una pol\u00e9mica en el Congreso de Veracruz por proponer que el espacio huela a caf\u00e9 veracruzano.<\/p>\n\n\n\n<figure class=\"wp-block-embed is-type-video is-provider-youtube wp-block-embed-youtube wp-embed-aspect-9-16 wp-has-aspect-ratio\"><div class=\"wp-block-embed__wrapper\">\n<div class=\"youtube-embed\" data-video_id=\"\"><iframe loading=\"lazy\" title=\"Nave espacial veracruzana rumbo a Marte\u2026 y con caf\u00e9, presume diputada de Morena #shorts\" width=\"563\" height=\"1000\" src=\"https:\/\/www.youtube.com\/embed\/F0AbM7hfID4?feature=oembed&#038;enablejsapi=1\" frameborder=\"0\" allow=\"accelerometer; autoplay; clipboard-write; encrypted-media; gyroscope; picture-in-picture; web-share\" referrerpolicy=\"strict-origin-when-cross-origin\" allowfullscreen><\/iframe><\/div>\n<\/div><\/figure>\n\n\n\n<p>En el marco de las actividades del D\u00eda Internacional del Caf\u00e9, la diputada dijo que cient\u00edficos de Veracruz construyeron una nave por lo que buscar\u00e1n que lleven el caf\u00e9 al espacio.<\/p>\n\n\n\n<p>\u201c\u00bfQue no saben que tambi\u00e9n en el espacio se toma caf\u00e9?, (\u2026) aqu\u00ed tenemos en Veracruz grandes cient\u00edficos que tienen un proyecto, han hecho una nave espacial, con manos veracruzanas, para el espacio, para Marte, y ellos tambi\u00e9n, yo les ped\u00ed que nos apoyen para demostrar que tambi\u00e9n en la ciencia y en el espacio, tambi\u00e9n tiene que estar el aroma de nuestro caf\u00e9\u201d, se\u00f1al\u00f3 en su intervenci\u00f3n.<\/p>\n\n\n\n<p>\u00bfQu\u00e9 dijo el Congreso de Veracruz sobre llevar caf\u00e9 al espacio?<br>Las declaraciones generaron reacciones en redes sociales y en el propio Congreso, puesto que criticaron que no se trata de una propuesta concreta para mejorar la situaci\u00f3n de los cafeticultores sino que \u00fanicamente son \u201cocurrencias\u201d.<\/p>\n\n\n\n<p>Ante ello, aseguraron que es necesario que se respalde a los m\u00e1s de 90 mil productores de caf\u00e9 del estado que han sido afectados de manera severa por la ca\u00edda de los precios internacionales, el cambio clim\u00e1tico y falta de apoyos.<\/p>\n\n\n\n<p>Guti\u00e9rrez P\u00e9rez es la presidenta de la Comisi\u00f3n para la Atenci\u00f3n, Seguimiento y Desarrollo de la Cafeticultura, por lo que fue una de las que organizadoras del evento donde adem\u00e1s del discurso de la diputada tambi\u00e9n se hicieron obras de teatro y representaciones con astronautas bebiendo caf\u00e9 en termos especiales.<\/p>\n\n\n\n<p>La diputada de Movimiento Ciudadano, Mar\u00eda Elena C\u00f3rdoba Molina, acus\u00f3 que el foro se hab\u00eda convertido en un \u201cshow\u201d puesto que no tuvo como finalidad realmente promover el caf\u00e9. La postura fue respaldada por Luis Alicia Delf\u00edn.<\/p>\n\n\n\n<p>Ante las criticas, la diputada dijo que sus compa\u00f1eras son \u201caprendices de la pol\u00edtica\u201d y \u201cjovencitas bellas\u201d, a quienes acus\u00f3 de obedecer \u00f3rdenes de los dirigentes de sus partidos pol\u00edticos.<\/p>\n\n\n\n<p>La diputada Indira Rosales San Rom\u00e1n defendi\u00f3 a sus compa\u00f1eras y dijo que el discurso tiene una falta de equidad de g\u00e9nero.<\/p>\n","protected":false},"excerpt":{"rendered":"<p>La diputada de Morena, Victoria Guti\u00e9rrez, asegur\u00f3 que cient\u00edficos de Veracruz construyeron una nave, en la que buscar\u00e1n llevar el caf\u00e9 al espacio La diputada de Morena, Victoria Guti\u00e9rrez P\u00e9rez, desat\u00f3 una pol\u00e9mica en el Congreso de Veracruz por proponer que el espacio huela a caf\u00e9 veracruzano. En el marco de las actividades del D\u00eda [&hellip;]<\/p>\n","protected":false},"author":21,"featured_media":118059,"comment_status":"open","ping_status":"open","sticky":false,"template":"","format":"standard","meta":{"tdm_status":"","tdm_grid_status":"","footnotes":""},"categories":[40],"tags":[],"class_list":{"0":"post-118058","1":"post","2":"type-post","3":"status-publish","4":"format-standard","5":"has-post-thumbnail","7":"category-las-asombrosas"},"yoast_head":"<!-- This site is optimized with the Yoast SEO plugin v27.5 - https:\/\/yoast.com\/product\/yoast-seo-wordpress\/ -->\n<title>Diputada dice que cient\u00edficos de Veracruz crearon una nave para ir a Marte: \u2018El espacio debe oler a caf\u00e9\u2019 - Fuentes Fidedignas<\/title>\n<meta name=\"robots\" content=\"index, follow, max-snippet:-1, max-image-preview:large, max-video-preview:-1\" \/>\n<link rel=\"canonical\" href=\"https:\/\/fuentesfidedignas.com.mx\/index.php\/2025\/09\/25\/diputada-dice-que-cientificos-de-veracruz-crearon-una-nave-para-ir-a-marte-el-espacio-debe-oler-a-cafe\/\" \/>\n<meta property=\"og:locale\" content=\"es_MX\" \/>\n<meta property=\"og:type\" content=\"article\" \/>\n<meta property=\"og:title\" content=\"Diputada dice que cient\u00edficos de Veracruz crearon una nave para ir a Marte: \u2018El espacio debe oler a caf\u00e9\u2019 - Fuentes Fidedignas\" \/>\n<meta property=\"og:description\" content=\"La diputada de Morena, Victoria Guti\u00e9rrez, asegur\u00f3 que cient\u00edficos de Veracruz construyeron una nave, en la que buscar\u00e1n llevar el caf\u00e9 al espacio La diputada de Morena, Victoria Guti\u00e9rrez P\u00e9rez, desat\u00f3 una pol\u00e9mica en el Congreso de Veracruz por proponer que el espacio huela a caf\u00e9 veracruzano. En el marco de las actividades del D\u00eda [&hellip;]\" \/>\n<meta property=\"og:url\" content=\"https:\/\/fuentesfidedignas.com.mx\/index.php\/2025\/09\/25\/diputada-dice-que-cientificos-de-veracruz-crearon-una-nave-para-ir-a-marte-el-espacio-debe-oler-a-cafe\/\" \/>\n<meta property=\"og:site_name\" content=\"Fuentes Fidedignas\" \/>\n<meta property=\"article:publisher\" content=\"https:\/\/www.facebook.com\/Fuentes-Fidedignas-368234489921644\" \/>\n<meta property=\"article:published_time\" content=\"2025-09-25T08:42:00+00:00\" \/>\n<meta property=\"og:image\" content=\"https:\/\/fuentesfidedignas.com.mx\/wp-content\/uploads\/2025\/09\/Captura-de-pantalla_22-9-2025_125330_www.sdpnoticias.com_.jpeg\" \/>\n\t<meta property=\"og:image:width\" content=\"630\" \/>\n\t<meta property=\"og:image:height\" content=\"353\" \/>\n\t<meta property=\"og:image:type\" content=\"image\/jpeg\" \/>\n<meta name=\"author\" content=\"El Financiero\" \/>\n<meta name=\"twitter:card\" content=\"summary_large_image\" \/>\n<meta name=\"twitter:creator\" content=\"@fidedignas\" \/>\n<meta name=\"twitter:site\" content=\"@fidedignas\" \/>\n<meta name=\"twitter:label1\" content=\"Escrito por\" \/>\n\t<meta name=\"twitter:data1\" content=\"El Financiero\" \/>\n\t<meta name=\"twitter:label2\" content=\"Tiempo de lectura\" \/>\n\t<meta name=\"twitter:data2\" content=\"2 minutos\" \/>\n<script type=\"application\/ld+json\" class=\"yoast-schema-graph\">{\"@context\":\"https:\\\/\\\/schema.org\",\"@graph\":[{\"@type\":\"Article\",\"@id\":\"https:\\\/\\\/fuentesfidedignas.com.mx\\\/index.php\\\/2025\\\/09\\\/25\\\/diputada-dice-que-cientificos-de-veracruz-crearon-una-nave-para-ir-a-marte-el-espacio-debe-oler-a-cafe\\\/#article\",\"isPartOf\":{\"@id\":\"https:\\\/\\\/fuentesfidedignas.com.mx\\\/index.php\\\/2025\\\/09\\\/25\\\/diputada-dice-que-cientificos-de-veracruz-crearon-una-nave-para-ir-a-marte-el-espacio-debe-oler-a-cafe\\\/\"},\"author\":{\"name\":\"El Financiero\",\"@id\":\"https:\\\/\\\/fuentesfidedignas.com.mx\\\/#\\\/schema\\\/person\\\/494f7e0dce8dfaaec5b64f16615b78e9\"},\"headline\":\"Diputada dice que cient\u00edficos de Veracruz crearon una nave para ir a Marte: \u2018El espacio debe oler a caf\u00e9\u2019\",\"datePublished\":\"2025-09-25T08:42:00+00:00\",\"mainEntityOfPage\":{\"@id\":\"https:\\\/\\\/fuentesfidedignas.com.mx\\\/index.php\\\/2025\\\/09\\\/25\\\/diputada-dice-que-cientificos-de-veracruz-crearon-una-nave-para-ir-a-marte-el-espacio-debe-oler-a-cafe\\\/\"},\"wordCount\":435,\"commentCount\":0,\"publisher\":{\"@id\":\"https:\\\/\\\/fuentesfidedignas.com.mx\\\/#organization\"},\"image\":{\"@id\":\"https:\\\/\\\/fuentesfidedignas.com.mx\\\/index.php\\\/2025\\\/09\\\/25\\\/diputada-dice-que-cientificos-de-veracruz-crearon-una-nave-para-ir-a-marte-el-espacio-debe-oler-a-cafe\\\/#primaryimage\"},\"thumbnailUrl\":\"https:\\\/\\\/fuentesfidedignas.com.mx\\\/wp-content\\\/uploads\\\/2025\\\/09\\\/Captura-de-pantalla_22-9-2025_125330_www.sdpnoticias.com_.jpeg\",\"articleSection\":[\"LAS ASOMBROSAS\"],\"inLanguage\":\"es\",\"potentialAction\":[{\"@type\":\"CommentAction\",\"name\":\"Comment\",\"target\":[\"https:\\\/\\\/fuentesfidedignas.com.mx\\\/index.php\\\/2025\\\/09\\\/25\\\/diputada-dice-que-cientificos-de-veracruz-crearon-una-nave-para-ir-a-marte-el-espacio-debe-oler-a-cafe\\\/#respond\"]}]},{\"@type\":\"WebPage\",\"@id\":\"https:\\\/\\\/fuentesfidedignas.com.mx\\\/index.php\\\/2025\\\/09\\\/25\\\/diputada-dice-que-cientificos-de-veracruz-crearon-una-nave-para-ir-a-marte-el-espacio-debe-oler-a-cafe\\\/\",\"url\":\"https:\\\/\\\/fuentesfidedignas.com.mx\\\/index.php\\\/2025\\\/09\\\/25\\\/diputada-dice-que-cientificos-de-veracruz-crearon-una-nave-para-ir-a-marte-el-espacio-debe-oler-a-cafe\\\/\",\"name\":\"Diputada dice que cient\u00edficos de Veracruz crearon una nave para ir a Marte: \u2018El espacio debe oler a caf\u00e9\u2019 - Fuentes Fidedignas\",\"isPartOf\":{\"@id\":\"https:\\\/\\\/fuentesfidedignas.com.mx\\\/#website\"},\"primaryImageOfPage\":{\"@id\":\"https:\\\/\\\/fuentesfidedignas.com.mx\\\/index.php\\\/2025\\\/09\\\/25\\\/diputada-dice-que-cientificos-de-veracruz-crearon-una-nave-para-ir-a-marte-el-espacio-debe-oler-a-cafe\\\/#primaryimage\"},\"image\":{\"@id\":\"https:\\\/\\\/fuentesfidedignas.com.mx\\\/index.php\\\/2025\\\/09\\\/25\\\/diputada-dice-que-cientificos-de-veracruz-crearon-una-nave-para-ir-a-marte-el-espacio-debe-oler-a-cafe\\\/#primaryimage\"},\"thumbnailUrl\":\"https:\\\/\\\/fuentesfidedignas.com.mx\\\/wp-content\\\/uploads\\\/2025\\\/09\\\/Captura-de-pantalla_22-9-2025_125330_www.sdpnoticias.com_.jpeg\",\"datePublished\":\"2025-09-25T08:42:00+00:00\",\"breadcrumb\":{\"@id\":\"https:\\\/\\\/fuentesfidedignas.com.mx\\\/index.php\\\/2025\\\/09\\\/25\\\/diputada-dice-que-cientificos-de-veracruz-crearon-una-nave-para-ir-a-marte-el-espacio-debe-oler-a-cafe\\\/#breadcrumb\"},\"inLanguage\":\"es\",\"potentialAction\":[{\"@type\":\"ReadAction\",\"target\":[\"https:\\\/\\\/fuentesfidedignas.com.mx\\\/index.php\\\/2025\\\/09\\\/25\\\/diputada-dice-que-cientificos-de-veracruz-crearon-una-nave-para-ir-a-marte-el-espacio-debe-oler-a-cafe\\\/\"]}]},{\"@type\":\"ImageObject\",\"inLanguage\":\"es\",\"@id\":\"https:\\\/\\\/fuentesfidedignas.com.mx\\\/index.php\\\/2025\\\/09\\\/25\\\/diputada-dice-que-cientificos-de-veracruz-crearon-una-nave-para-ir-a-marte-el-espacio-debe-oler-a-cafe\\\/#primaryimage\",\"url\":\"https:\\\/\\\/fuentesfidedignas.com.mx\\\/wp-content\\\/uploads\\\/2025\\\/09\\\/Captura-de-pantalla_22-9-2025_125330_www.sdpnoticias.com_.jpeg\",\"contentUrl\":\"https:\\\/\\\/fuentesfidedignas.com.mx\\\/wp-content\\\/uploads\\\/2025\\\/09\\\/Captura-de-pantalla_22-9-2025_125330_www.sdpnoticias.com_.jpeg\",\"width\":630,\"height\":353},{\"@type\":\"BreadcrumbList\",\"@id\":\"https:\\\/\\\/fuentesfidedignas.com.mx\\\/index.php\\\/2025\\\/09\\\/25\\\/diputada-dice-que-cientificos-de-veracruz-crearon-una-nave-para-ir-a-marte-el-espacio-debe-oler-a-cafe\\\/#breadcrumb\",\"itemListElement\":[{\"@type\":\"ListItem\",\"position\":1,\"name\":\"Inicio\",\"item\":\"https:\\\/\\\/fuentesfidedignas.com.mx\\\/\"},{\"@type\":\"ListItem\",\"position\":2,\"name\":\"Diputada dice que cient\u00edficos de Veracruz crearon una nave para ir a Marte: \u2018El espacio debe oler a caf\u00e9\u2019\"}]},{\"@type\":\"WebSite\",\"@id\":\"https:\\\/\\\/fuentesfidedignas.com.mx\\\/#website\",\"url\":\"https:\\\/\\\/fuentesfidedignas.com.mx\\\/\",\"name\":\"Fuentes Fidedignas\",\"description\":\"Otro sitio realizado con WordPress\",\"publisher\":{\"@id\":\"https:\\\/\\\/fuentesfidedignas.com.mx\\\/#organization\"},\"potentialAction\":[{\"@type\":\"SearchAction\",\"target\":{\"@type\":\"EntryPoint\",\"urlTemplate\":\"https:\\\/\\\/fuentesfidedignas.com.mx\\\/?s={search_term_string}\"},\"query-input\":{\"@type\":\"PropertyValueSpecification\",\"valueRequired\":true,\"valueName\":\"search_term_string\"}}],\"inLanguage\":\"es\"},{\"@type\":\"Organization\",\"@id\":\"https:\\\/\\\/fuentesfidedignas.com.mx\\\/#organization\",\"name\":\"Fuentes Fidedignas\",\"url\":\"https:\\\/\\\/fuentesfidedignas.com.mx\\\/\",\"logo\":{\"@type\":\"ImageObject\",\"inLanguage\":\"es\",\"@id\":\"https:\\\/\\\/fuentesfidedignas.com.mx\\\/#\\\/schema\\\/logo\\\/image\\\/\",\"url\":\"https:\\\/\\\/fuentesfidedignas.com.mx\\\/wp-content\\\/uploads\\\/2021\\\/04\\\/logo-retina.png\",\"contentUrl\":\"https:\\\/\\\/fuentesfidedignas.com.mx\\\/wp-content\\\/uploads\\\/2021\\\/04\\\/logo-retina.png\",\"width\":280,\"height\":51,\"caption\":\"Fuentes Fidedignas\"},\"image\":{\"@id\":\"https:\\\/\\\/fuentesfidedignas.com.mx\\\/#\\\/schema\\\/logo\\\/image\\\/\"},\"sameAs\":[\"https:\\\/\\\/www.facebook.com\\\/Fuentes-Fidedignas-368234489921644\",\"https:\\\/\\\/x.com\\\/fidedignas\"]},{\"@type\":\"Person\",\"@id\":\"https:\\\/\\\/fuentesfidedignas.com.mx\\\/#\\\/schema\\\/person\\\/494f7e0dce8dfaaec5b64f16615b78e9\",\"name\":\"El Financiero\",\"image\":{\"@type\":\"ImageObject\",\"inLanguage\":\"es\",\"@id\":\"https:\\\/\\\/secure.gravatar.com\\\/avatar\\\/88c0f3f2079389318ef8dd35c22cb997212aa89646e357ba59b318db26ed91a9?s=96&d=mm&r=g\",\"url\":\"https:\\\/\\\/secure.gravatar.com\\\/avatar\\\/88c0f3f2079389318ef8dd35c22cb997212aa89646e357ba59b318db26ed91a9?s=96&d=mm&r=g\",\"contentUrl\":\"https:\\\/\\\/secure.gravatar.com\\\/avatar\\\/88c0f3f2079389318ef8dd35c22cb997212aa89646e357ba59b318db26ed91a9?s=96&d=mm&r=g\",\"caption\":\"El Financiero\"},\"url\":\"https:\\\/\\\/fuentesfidedignas.com.mx\\\/index.php\\\/author\\\/financiero\\\/\"}]}<\/script>\n<!-- \/ Yoast SEO plugin. -->","yoast_head_json":{"title":"Diputada dice que cient\u00edficos de Veracruz crearon una nave para ir a Marte: \u2018El espacio debe oler a caf\u00e9\u2019 - Fuentes Fidedignas","robots":{"index":"index","follow":"follow","max-snippet":"max-snippet:-1","max-image-preview":"max-image-preview:large","max-video-preview":"max-video-preview:-1"},"canonical":"https:\/\/fuentesfidedignas.com.mx\/index.php\/2025\/09\/25\/diputada-dice-que-cientificos-de-veracruz-crearon-una-nave-para-ir-a-marte-el-espacio-debe-oler-a-cafe\/","og_locale":"es_MX","og_type":"article","og_title":"Diputada dice que cient\u00edficos de Veracruz crearon una nave para ir a Marte: \u2018El espacio debe oler a caf\u00e9\u2019 - Fuentes Fidedignas","og_description":"La diputada de Morena, Victoria Guti\u00e9rrez, asegur\u00f3 que cient\u00edficos de Veracruz construyeron una nave, en la que buscar\u00e1n llevar el caf\u00e9 al espacio La diputada de Morena, Victoria Guti\u00e9rrez P\u00e9rez, desat\u00f3 una pol\u00e9mica en el Congreso de Veracruz por proponer que el espacio huela a caf\u00e9 veracruzano. En el marco de las actividades del D\u00eda [&hellip;]","og_url":"https:\/\/fuentesfidedignas.com.mx\/index.php\/2025\/09\/25\/diputada-dice-que-cientificos-de-veracruz-crearon-una-nave-para-ir-a-marte-el-espacio-debe-oler-a-cafe\/","og_site_name":"Fuentes Fidedignas","article_publisher":"https:\/\/www.facebook.com\/Fuentes-Fidedignas-368234489921644","article_published_time":"2025-09-25T08:42:00+00:00","og_image":[{"width":630,"height":353,"url":"https:\/\/fuentesfidedignas.com.mx\/wp-content\/uploads\/2025\/09\/Captura-de-pantalla_22-9-2025_125330_www.sdpnoticias.com_.jpeg","type":"image\/jpeg"}],"author":"El Financiero","twitter_card":"summary_large_image","twitter_creator":"@fidedignas","twitter_site":"@fidedignas","twitter_misc":{"Escrito por":"El Financiero","Tiempo de lectura":"2 minutos"},"schema":{"@context":"https:\/\/schema.org","@graph":[{"@type":"Article","@id":"https:\/\/fuentesfidedignas.com.mx\/index.php\/2025\/09\/25\/diputada-dice-que-cientificos-de-veracruz-crearon-una-nave-para-ir-a-marte-el-espacio-debe-oler-a-cafe\/#article","isPartOf":{"@id":"https:\/\/fuentesfidedignas.com.mx\/index.php\/2025\/09\/25\/diputada-dice-que-cientificos-de-veracruz-crearon-una-nave-para-ir-a-marte-el-espacio-debe-oler-a-cafe\/"},"author":{"name":"El Financiero","@id":"https:\/\/fuentesfidedignas.com.mx\/#\/schema\/person\/494f7e0dce8dfaaec5b64f16615b78e9"},"headline":"Diputada dice que cient\u00edficos de Veracruz crearon una nave para ir a Marte: \u2018El espacio debe oler a caf\u00e9\u2019","datePublished":"2025-09-25T08:42:00+00:00","mainEntityOfPage":{"@id":"https:\/\/fuentesfidedignas.com.mx\/index.php\/2025\/09\/25\/diputada-dice-que-cientificos-de-veracruz-crearon-una-nave-para-ir-a-marte-el-espacio-debe-oler-a-cafe\/"},"wordCount":435,"commentCount":0,"publisher":{"@id":"https:\/\/fuentesfidedignas.com.mx\/#organization"},"image":{"@id":"https:\/\/fuentesfidedignas.com.mx\/index.php\/2025\/09\/25\/diputada-dice-que-cientificos-de-veracruz-crearon-una-nave-para-ir-a-marte-el-espacio-debe-oler-a-cafe\/#primaryimage"},"thumbnailUrl":"https:\/\/fuentesfidedignas.com.mx\/wp-content\/uploads\/2025\/09\/Captura-de-pantalla_22-9-2025_125330_www.sdpnoticias.com_.jpeg","articleSection":["LAS ASOMBROSAS"],"inLanguage":"es","potentialAction":[{"@type":"CommentAction","name":"Comment","target":["https:\/\/fuentesfidedignas.com.mx\/index.php\/2025\/09\/25\/diputada-dice-que-cientificos-de-veracruz-crearon-una-nave-para-ir-a-marte-el-espacio-debe-oler-a-cafe\/#respond"]}]},{"@type":"WebPage","@id":"https:\/\/fuentesfidedignas.com.mx\/index.php\/2025\/09\/25\/diputada-dice-que-cientificos-de-veracruz-crearon-una-nave-para-ir-a-marte-el-espacio-debe-oler-a-cafe\/","url":"https:\/\/fuentesfidedignas.com.mx\/index.php\/2025\/09\/25\/diputada-dice-que-cientificos-de-veracruz-crearon-una-nave-para-ir-a-marte-el-espacio-debe-oler-a-cafe\/","name":"Diputada dice que cient\u00edficos de Veracruz crearon una nave para ir a Marte: \u2018El espacio debe oler a caf\u00e9\u2019 - Fuentes Fidedignas","isPartOf":{"@id":"https:\/\/fuentesfidedignas.com.mx\/#website"},"primaryImageOfPage":{"@id":"https:\/\/fuentesfidedignas.com.mx\/index.php\/2025\/09\/25\/diputada-dice-que-cientificos-de-veracruz-crearon-una-nave-para-ir-a-marte-el-espacio-debe-oler-a-cafe\/#primaryimage"},"image":{"@id":"https:\/\/fuentesfidedignas.com.mx\/index.php\/2025\/09\/25\/diputada-dice-que-cientificos-de-veracruz-crearon-una-nave-para-ir-a-marte-el-espacio-debe-oler-a-cafe\/#primaryimage"},"thumbnailUrl":"https:\/\/fuentesfidedignas.com.mx\/wp-content\/uploads\/2025\/09\/Captura-de-pantalla_22-9-2025_125330_www.sdpnoticias.com_.jpeg","datePublished":"2025-09-25T08:42:00+00:00","breadcrumb":{"@id":"https:\/\/fuentesfidedignas.com.mx\/index.php\/2025\/09\/25\/diputada-dice-que-cientificos-de-veracruz-crearon-una-nave-para-ir-a-marte-el-espacio-debe-oler-a-cafe\/#breadcrumb"},"inLanguage":"es","potentialAction":[{"@type":"ReadAction","target":["https:\/\/fuentesfidedignas.com.mx\/index.php\/2025\/09\/25\/diputada-dice-que-cientificos-de-veracruz-crearon-una-nave-para-ir-a-marte-el-espacio-debe-oler-a-cafe\/"]}]},{"@type":"ImageObject","inLanguage":"es","@id":"https:\/\/fuentesfidedignas.com.mx\/index.php\/2025\/09\/25\/diputada-dice-que-cientificos-de-veracruz-crearon-una-nave-para-ir-a-marte-el-espacio-debe-oler-a-cafe\/#primaryimage","url":"https:\/\/fuentesfidedignas.com.mx\/wp-content\/uploads\/2025\/09\/Captura-de-pantalla_22-9-2025_125330_www.sdpnoticias.com_.jpeg","contentUrl":"https:\/\/fuentesfidedignas.com.mx\/wp-content\/uploads\/2025\/09\/Captura-de-pantalla_22-9-2025_125330_www.sdpnoticias.com_.jpeg","width":630,"height":353},{"@type":"BreadcrumbList","@id":"https:\/\/fuentesfidedignas.com.mx\/index.php\/2025\/09\/25\/diputada-dice-que-cientificos-de-veracruz-crearon-una-nave-para-ir-a-marte-el-espacio-debe-oler-a-cafe\/#breadcrumb","itemListElement":[{"@type":"ListItem","position":1,"name":"Inicio","item":"https:\/\/fuentesfidedignas.com.mx\/"},{"@type":"ListItem","position":2,"name":"Diputada dice que cient\u00edficos de Veracruz crearon una nave para ir a Marte: \u2018El espacio debe oler a caf\u00e9\u2019"}]},{"@type":"WebSite","@id":"https:\/\/fuentesfidedignas.com.mx\/#website","url":"https:\/\/fuentesfidedignas.com.mx\/","name":"Fuentes Fidedignas","description":"Otro sitio realizado con WordPress","publisher":{"@id":"https:\/\/fuentesfidedignas.com.mx\/#organization"},"potentialAction":[{"@type":"SearchAction","target":{"@type":"EntryPoint","urlTemplate":"https:\/\/fuentesfidedignas.com.mx\/?s={search_term_string}"},"query-input":{"@type":"PropertyValueSpecification","valueRequired":true,"valueName":"search_term_string"}}],"inLanguage":"es"},{"@type":"Organization","@id":"https:\/\/fuentesfidedignas.com.mx\/#organization","name":"Fuentes Fidedignas","url":"https:\/\/fuentesfidedignas.com.mx\/","logo":{"@type":"ImageObject","inLanguage":"es","@id":"https:\/\/fuentesfidedignas.com.mx\/#\/schema\/logo\/image\/","url":"https:\/\/fuentesfidedignas.com.mx\/wp-content\/uploads\/2021\/04\/logo-retina.png","contentUrl":"https:\/\/fuentesfidedignas.com.mx\/wp-content\/uploads\/2021\/04\/logo-retina.png","width":280,"height":51,"caption":"Fuentes Fidedignas"},"image":{"@id":"https:\/\/fuentesfidedignas.com.mx\/#\/schema\/logo\/image\/"},"sameAs":["https:\/\/www.facebook.com\/Fuentes-Fidedignas-368234489921644","https:\/\/x.com\/fidedignas"]},{"@type":"Person","@id":"https:\/\/fuentesfidedignas.com.mx\/#\/schema\/person\/494f7e0dce8dfaaec5b64f16615b78e9","name":"El Financiero","image":{"@type":"ImageObject","inLanguage":"es","@id":"https:\/\/secure.gravatar.com\/avatar\/88c0f3f2079389318ef8dd35c22cb997212aa89646e357ba59b318db26ed91a9?s=96&d=mm&r=g","url":"https:\/\/secure.gravatar.com\/avatar\/88c0f3f2079389318ef8dd35c22cb997212aa89646e357ba59b318db26ed91a9?s=96&d=mm&r=g","contentUrl":"https:\/\/secure.gravatar.com\/avatar\/88c0f3f2079389318ef8dd35c22cb997212aa89646e357ba59b318db26ed91a9?s=96&d=mm&r=g","caption":"El Financiero"},"url":"https:\/\/fuentesfidedignas.com.mx\/index.php\/author\/financiero\/"}]}},"_links":{"self":[{"href":"https:\/\/fuentesfidedignas.com.mx\/index.php\/wp-json\/wp\/v2\/posts\/118058","targetHints":{"allow":["GET"]}}],"collection":[{"href":"https:\/\/fuentesfidedignas.com.mx\/index.php\/wp-json\/wp\/v2\/posts"}],"about":[{"href":"https:\/\/fuentesfidedignas.com.mx\/index.php\/wp-json\/wp\/v2\/types\/post"}],"author":[{"embeddable":true,"href":"https:\/\/fuentesfidedignas.com.mx\/index.php\/wp-json\/wp\/v2\/users\/21"}],"replies":[{"embeddable":true,"href":"https:\/\/fuentesfidedignas.com.mx\/index.php\/wp-json\/wp\/v2\/comments?post=118058"}],"version-history":[{"count":1,"href":"https:\/\/fuentesfidedignas.com.mx\/index.php\/wp-json\/wp\/v2\/posts\/118058\/revisions"}],"predecessor-version":[{"id":118060,"href":"https:\/\/fuentesfidedignas.com.mx\/index.php\/wp-json\/wp\/v2\/posts\/118058\/revisions\/118060"}],"wp:featuredmedia":[{"embeddable":true,"href":"https:\/\/fuentesfidedignas.com.mx\/index.php\/wp-json\/wp\/v2\/media\/118059"}],"wp:attachment":[{"href":"https:\/\/fuentesfidedignas.com.mx\/index.php\/wp-json\/wp\/v2\/media?parent=118058"}],"wp:term":[{"taxonomy":"category","embeddable":true,"href":"https:\/\/fuentesfidedignas.com.mx\/index.php\/wp-json\/wp\/v2\/categories?post=118058"},{"taxonomy":"post_tag","embeddable":true,"href":"https:\/\/fuentesfidedignas.com.mx\/index.php\/wp-json\/wp\/v2\/tags?post=118058"}],"curies":[{"name":"wp","href":"https:\/\/api.w.org\/{rel}","templated":true}]}}