{"id":117880,"date":"2025-09-23T05:47:00","date_gmt":"2025-09-23T12:47:00","guid":{"rendered":"https:\/\/fuentesfidedignas.com.mx\/?p=117880"},"modified":"2025-09-22T20:52:09","modified_gmt":"2025-09-23T03:52:09","slug":"reportero-de-puebla-descubre-en-plena-cobertura-que-sus-familiares-son-las-victimas","status":"publish","type":"post","link":"https:\/\/fuentesfidedignas.com.mx\/index.php\/2025\/09\/23\/reportero-de-puebla-descubre-en-plena-cobertura-que-sus-familiares-son-las-victimas\/","title":{"rendered":"Reportero de Puebla descubre en plena cobertura que sus familiares son las v\u00edctimas"},"content":{"rendered":"\n<p><strong><em>El reportero continu\u00f3 su transmisi\u00f3n en vivo para comunicar por completo el suceso y solicitar ayuda inmediata para sus seres queridos.<\/em><\/strong><\/p>\n\n\n\n<p>Un hecho ins\u00f3lito y emocionalmente devastador ocurri\u00f3 durante el fin de semana en Puebla, cuando Jacob Linaldi, reportero del medio El Informante MX, acudi\u00f3 a cubrir un accidente automovil\u00edstico en la carretera Acajete-Amozoc y descubri\u00f3 que las v\u00edctimas eran sus propios hijos y familiares cercanos.<\/p>\n\n\n\n<p>Seg\u00fan UnoTV, el incidente se registr\u00f3 cuando Linaldi lleg\u00f3 al lugar del siniestro para realizar su cobertura period\u00edstica habitual. Al iniciar la recopilaci\u00f3n de informaci\u00f3n, identific\u00f3 que el veh\u00edculo accidentado pertenec\u00eda a su familia y que las personas afectadas eran sus hijos, su exesposa y su exsuegro.<\/p>\n\n\n\n<p>Con notable profesionalismo y entereza, el comunicador continu\u00f3 su transmisi\u00f3n en vivo pero cambi\u00f3 el enfoque para convertirse en un solicitante de ayuda inmediata para sus seres queridos. A trav\u00e9s de redes sociales, hizo un llamado urgente a las autoridades para auxiliar a su familia.<\/p>\n\n\n\n<p><strong>Detalles del accidente en la carretera Acajete<\/strong><br>El siniestro ocurri\u00f3 cuando una mujer, presuntamente en estado de ebriedad, impact\u00f3 el autom\u00f3vil donde viajaban los familiares del periodista. El veh\u00edculo qued\u00f3 severamente da\u00f1ado y todos los ocupantes requirieron traslado inmediato a un centro hospitalario.<\/p>\n\n\n\n<p>Uno de los menores result\u00f3 con una lesi\u00f3n en la mand\u00edbula a causa del impacto. El resto de la familia tambi\u00e9n present\u00f3 diversas afectaciones que requirieron atenci\u00f3n m\u00e9dica especializada. Hasta el momento, se desconoce el pron\u00f3stico exacto de su recuperaci\u00f3n.<\/p>\n\n\n\n<p>Durante su reporte en vivo, Jacob Linaldi mantuvo la compostura aunque su voz entrecortada delataba la intensidad emocional del momento. En un acto de notable profesionalismo, agradeci\u00f3 a su audiencia antes de finalizar la transmisi\u00f3n.<\/p>\n\n\n\n<figure class=\"wp-block-embed is-type-rich is-provider-twitter wp-block-embed-twitter\"><div class=\"wp-block-embed__wrapper\">\n<blockquote class=\"twitter-tweet\" data-width=\"550\" data-dnt=\"true\"><p lang=\"es\" dir=\"ltr\">\u203c\ufe0fLAMENTABLE\u203c\ufe0f\ud83c\udd98<br>Un corresponsal de <a href=\"https:\/\/twitter.com\/ElInformanteMX?ref_src=twsrc%5Etfw\">@ElInformanteMX<\/a> en <a href=\"https:\/\/twitter.com\/hashtag\/Puebla?src=hash&amp;ref_src=twsrc%5Etfw\">#Puebla<\/a>, lleg\u00f3 a cubrir un tr\u00e1gico accidente en vivo \ud83d\ude97\ud83d\udca5\u2026pero el horror lo golpea al instante: las victimas eran sus propios hijos \ud83d\udc68\u200d\ud83d\udc66\ud83d\udc94.<br><br>\ud83d\udc49Con inteligencia, profesionalismo y temple, aprovech\u00f3 la transmisi\u00f3n para pedir\u2026 <a href=\"https:\/\/t.co\/wfRFSm8VlK\">pic.twitter.com\/wfRFSm8VlK<\/a><\/p>&mdash; Qu\u00e9 Poca Madre \ud83c\uddf2\ud83c\uddfd (@QuePocaMadre_Mx) <a href=\"https:\/\/twitter.com\/QuePocaMadre_Mx\/status\/1969990003452227884?ref_src=twsrc%5Etfw\">September 22, 2025<\/a><\/blockquote><script async src=\"https:\/\/platform.twitter.com\/widgets.js\" charset=\"utf-8\"><\/script>\n<\/div><\/figure>\n\n\n\n<p><strong>Solidaridad en redes sociales y comunidad period\u00edstica<\/strong><br>La noticia se viraliz\u00f3 r\u00e1pidamente en plataformas digitales, generando una ola de apoyo hacia el reportero y su familia. Usuarios de X (antes Twitter) expresaron sus mensajes de aliento y preocupaci\u00f3n por el estado de salud de los afectados.<\/p>\n\n\n\n<p><strong>Expresiones de apoyo ciudadano:<\/strong><\/p>\n\n\n\n<ul class=\"wp-block-list\">\n<li>\u201cDeseo de todo coraz\u00f3n que tu familia se recupere muy pronto. Dios con ustedes\u201d<\/li>\n\n\n\n<li>\u201cMi pesar por el hombre que tuvo que dar la noticia y espero que sus hijos y suegro est\u00e9n bien\u201d<\/li>\n\n\n\n<li>\u201cEn qu\u00e9 hospital est\u00e1n? Para hacer presi\u00f3n o pedir donadores\u201d<\/li>\n<\/ul>\n\n\n\n<p>Seg\u00fan El Heraldo de M\u00e9xico, el Informante MX, medio donde labora Jacob Linaldi, ha retuiteado la publicaci\u00f3n del reporte en vivo pero hasta el momento no ha emitido un comunicado oficial sobre el estado de su empleado ni de las investigaciones period\u00edsticas internas que podr\u00edan derivarse de este hecho.<\/p>\n\n\n\n<figure class=\"wp-block-embed is-type-rich is-provider-twitter wp-block-embed-twitter\"><div class=\"wp-block-embed__wrapper\">\n<blockquote class=\"twitter-tweet\" data-width=\"550\" data-dnt=\"true\"><p lang=\"es\" dir=\"ltr\">\ud83d\udea8\ud83d\udc94 \u00a1Desgarrador! Lo que parec\u00eda una cobertura m\u00e1s termin\u00f3 en la peor pesadilla\u2026<br><br>Un corresponsal acudi\u00f3 a reportar un accidente en una  carretera de Acajete y, al llegar, descubri\u00f3 que las v\u00edctimas eran sus propios hijos. Aun con el coraz\u00f3n destrozado, continu\u00f3 transmitiendo\u2026 <a href=\"https:\/\/t.co\/yNJodPfJLH\">pic.twitter.com\/yNJodPfJLH<\/a><\/p>&mdash; Diario Cambio (@Diario_Cambio) <a href=\"https:\/\/twitter.com\/Diario_Cambio\/status\/1970140211389563027?ref_src=twsrc%5Etfw\">September 22, 2025<\/a><\/blockquote><script async src=\"https:\/\/platform.twitter.com\/widgets.js\" charset=\"utf-8\"><\/script>\n<\/div><\/figure>\n\n\n\n<p><strong>Investigaciones y responsabilidades legales<\/strong><br>El caso ha puesto en evidencia la presunta responsabilidad de la conductora que habr\u00eda manejado en estado de ebriedad. Las autoridades correspondientes iniciar\u00e1n las investigaciones para determinar las causas exactas del accidente y las posibles sanciones legales.<\/p>\n\n\n\n<p>Este incidente destaca la naturaleza impredecible del trabajo period\u00edstico y los desaf\u00edos emocionales que enfrentan los comunicadores cuando la noticia se entrelaza con su vida personal. La profesionalidad demostrada por Linaldi bajo circunstancias tan extremas ha sido ampliamente reconocida en c\u00edrculos period\u00edsticos.<\/p>\n\n\n\n<p>La comunidad period\u00edstica y el p\u00fablico en general esperan informaci\u00f3n sobre la evoluci\u00f3n del estado de salud de los familiares del reportero y el desarrollo de las investigaciones sobre el accidente.<\/p>\n","protected":false},"excerpt":{"rendered":"<p>El reportero continu\u00f3 su transmisi\u00f3n en vivo para comunicar por completo el suceso y solicitar ayuda inmediata para sus seres queridos. Un hecho ins\u00f3lito y emocionalmente devastador ocurri\u00f3 durante el fin de semana en Puebla, cuando Jacob Linaldi, reportero del medio El Informante MX, acudi\u00f3 a cubrir un accidente automovil\u00edstico en la carretera Acajete-Amozoc y [&hellip;]<\/p>\n","protected":false},"author":40,"featured_media":117881,"comment_status":"open","ping_status":"open","sticky":false,"template":"","format":"standard","meta":{"tdm_status":"","tdm_grid_status":"","footnotes":""},"categories":[40],"tags":[],"class_list":{"0":"post-117880","1":"post","2":"type-post","3":"status-publish","4":"format-standard","5":"has-post-thumbnail","7":"category-las-asombrosas"},"yoast_head":"<!-- This site is optimized with the Yoast SEO plugin v27.5 - https:\/\/yoast.com\/product\/yoast-seo-wordpress\/ -->\n<title>Reportero de Puebla descubre en plena cobertura que sus familiares son las v\u00edctimas - Fuentes Fidedignas<\/title>\n<meta name=\"robots\" content=\"index, follow, max-snippet:-1, max-image-preview:large, max-video-preview:-1\" \/>\n<link rel=\"canonical\" href=\"https:\/\/fuentesfidedignas.com.mx\/index.php\/2025\/09\/23\/reportero-de-puebla-descubre-en-plena-cobertura-que-sus-familiares-son-las-victimas\/\" \/>\n<meta property=\"og:locale\" content=\"es_MX\" \/>\n<meta property=\"og:type\" content=\"article\" \/>\n<meta property=\"og:title\" content=\"Reportero de Puebla descubre en plena cobertura que sus familiares son las v\u00edctimas - Fuentes Fidedignas\" \/>\n<meta property=\"og:description\" content=\"El reportero continu\u00f3 su transmisi\u00f3n en vivo para comunicar por completo el suceso y solicitar ayuda inmediata para sus seres queridos. Un hecho ins\u00f3lito y emocionalmente devastador ocurri\u00f3 durante el fin de semana en Puebla, cuando Jacob Linaldi, reportero del medio El Informante MX, acudi\u00f3 a cubrir un accidente automovil\u00edstico en la carretera Acajete-Amozoc y [&hellip;]\" \/>\n<meta property=\"og:url\" content=\"https:\/\/fuentesfidedignas.com.mx\/index.php\/2025\/09\/23\/reportero-de-puebla-descubre-en-plena-cobertura-que-sus-familiares-son-las-victimas\/\" \/>\n<meta property=\"og:site_name\" content=\"Fuentes Fidedignas\" \/>\n<meta property=\"article:publisher\" content=\"https:\/\/www.facebook.com\/Fuentes-Fidedignas-368234489921644\" \/>\n<meta property=\"article:published_time\" content=\"2025-09-23T12:47:00+00:00\" \/>\n<meta property=\"og:image\" content=\"https:\/\/fuentesfidedignas.com.mx\/wp-content\/uploads\/2025\/09\/cobertura_reportero.jpg\" \/>\n\t<meta property=\"og:image:width\" content=\"500\" \/>\n\t<meta property=\"og:image:height\" content=\"333\" \/>\n\t<meta property=\"og:image:type\" content=\"image\/jpeg\" \/>\n<meta name=\"author\" content=\"El Imparcial\" \/>\n<meta name=\"twitter:card\" content=\"summary_large_image\" \/>\n<meta name=\"twitter:creator\" content=\"@fidedignas\" \/>\n<meta name=\"twitter:site\" content=\"@fidedignas\" \/>\n<meta name=\"twitter:label1\" content=\"Escrito por\" \/>\n\t<meta name=\"twitter:data1\" content=\"El Imparcial\" \/>\n\t<meta name=\"twitter:label2\" content=\"Tiempo de lectura\" \/>\n\t<meta name=\"twitter:data2\" content=\"3 minutos\" \/>\n<script type=\"application\/ld+json\" class=\"yoast-schema-graph\">{\"@context\":\"https:\\\/\\\/schema.org\",\"@graph\":[{\"@type\":\"Article\",\"@id\":\"https:\\\/\\\/fuentesfidedignas.com.mx\\\/index.php\\\/2025\\\/09\\\/23\\\/reportero-de-puebla-descubre-en-plena-cobertura-que-sus-familiares-son-las-victimas\\\/#article\",\"isPartOf\":{\"@id\":\"https:\\\/\\\/fuentesfidedignas.com.mx\\\/index.php\\\/2025\\\/09\\\/23\\\/reportero-de-puebla-descubre-en-plena-cobertura-que-sus-familiares-son-las-victimas\\\/\"},\"author\":{\"name\":\"El Imparcial\",\"@id\":\"https:\\\/\\\/fuentesfidedignas.com.mx\\\/#\\\/schema\\\/person\\\/ff4db17f8fd9c584e0cfc2a0c436b8a1\"},\"headline\":\"Reportero de Puebla descubre en plena cobertura que sus familiares son las v\u00edctimas\",\"datePublished\":\"2025-09-23T12:47:00+00:00\",\"mainEntityOfPage\":{\"@id\":\"https:\\\/\\\/fuentesfidedignas.com.mx\\\/index.php\\\/2025\\\/09\\\/23\\\/reportero-de-puebla-descubre-en-plena-cobertura-que-sus-familiares-son-las-victimas\\\/\"},\"wordCount\":602,\"commentCount\":0,\"publisher\":{\"@id\":\"https:\\\/\\\/fuentesfidedignas.com.mx\\\/#organization\"},\"image\":{\"@id\":\"https:\\\/\\\/fuentesfidedignas.com.mx\\\/index.php\\\/2025\\\/09\\\/23\\\/reportero-de-puebla-descubre-en-plena-cobertura-que-sus-familiares-son-las-victimas\\\/#primaryimage\"},\"thumbnailUrl\":\"https:\\\/\\\/fuentesfidedignas.com.mx\\\/wp-content\\\/uploads\\\/2025\\\/09\\\/cobertura_reportero.jpg\",\"articleSection\":[\"LAS ASOMBROSAS\"],\"inLanguage\":\"es\",\"potentialAction\":[{\"@type\":\"CommentAction\",\"name\":\"Comment\",\"target\":[\"https:\\\/\\\/fuentesfidedignas.com.mx\\\/index.php\\\/2025\\\/09\\\/23\\\/reportero-de-puebla-descubre-en-plena-cobertura-que-sus-familiares-son-las-victimas\\\/#respond\"]}]},{\"@type\":\"WebPage\",\"@id\":\"https:\\\/\\\/fuentesfidedignas.com.mx\\\/index.php\\\/2025\\\/09\\\/23\\\/reportero-de-puebla-descubre-en-plena-cobertura-que-sus-familiares-son-las-victimas\\\/\",\"url\":\"https:\\\/\\\/fuentesfidedignas.com.mx\\\/index.php\\\/2025\\\/09\\\/23\\\/reportero-de-puebla-descubre-en-plena-cobertura-que-sus-familiares-son-las-victimas\\\/\",\"name\":\"Reportero de Puebla descubre en plena cobertura que sus familiares son las v\u00edctimas - Fuentes Fidedignas\",\"isPartOf\":{\"@id\":\"https:\\\/\\\/fuentesfidedignas.com.mx\\\/#website\"},\"primaryImageOfPage\":{\"@id\":\"https:\\\/\\\/fuentesfidedignas.com.mx\\\/index.php\\\/2025\\\/09\\\/23\\\/reportero-de-puebla-descubre-en-plena-cobertura-que-sus-familiares-son-las-victimas\\\/#primaryimage\"},\"image\":{\"@id\":\"https:\\\/\\\/fuentesfidedignas.com.mx\\\/index.php\\\/2025\\\/09\\\/23\\\/reportero-de-puebla-descubre-en-plena-cobertura-que-sus-familiares-son-las-victimas\\\/#primaryimage\"},\"thumbnailUrl\":\"https:\\\/\\\/fuentesfidedignas.com.mx\\\/wp-content\\\/uploads\\\/2025\\\/09\\\/cobertura_reportero.jpg\",\"datePublished\":\"2025-09-23T12:47:00+00:00\",\"breadcrumb\":{\"@id\":\"https:\\\/\\\/fuentesfidedignas.com.mx\\\/index.php\\\/2025\\\/09\\\/23\\\/reportero-de-puebla-descubre-en-plena-cobertura-que-sus-familiares-son-las-victimas\\\/#breadcrumb\"},\"inLanguage\":\"es\",\"potentialAction\":[{\"@type\":\"ReadAction\",\"target\":[\"https:\\\/\\\/fuentesfidedignas.com.mx\\\/index.php\\\/2025\\\/09\\\/23\\\/reportero-de-puebla-descubre-en-plena-cobertura-que-sus-familiares-son-las-victimas\\\/\"]}]},{\"@type\":\"ImageObject\",\"inLanguage\":\"es\",\"@id\":\"https:\\\/\\\/fuentesfidedignas.com.mx\\\/index.php\\\/2025\\\/09\\\/23\\\/reportero-de-puebla-descubre-en-plena-cobertura-que-sus-familiares-son-las-victimas\\\/#primaryimage\",\"url\":\"https:\\\/\\\/fuentesfidedignas.com.mx\\\/wp-content\\\/uploads\\\/2025\\\/09\\\/cobertura_reportero.jpg\",\"contentUrl\":\"https:\\\/\\\/fuentesfidedignas.com.mx\\\/wp-content\\\/uploads\\\/2025\\\/09\\\/cobertura_reportero.jpg\",\"width\":500,\"height\":333},{\"@type\":\"BreadcrumbList\",\"@id\":\"https:\\\/\\\/fuentesfidedignas.com.mx\\\/index.php\\\/2025\\\/09\\\/23\\\/reportero-de-puebla-descubre-en-plena-cobertura-que-sus-familiares-son-las-victimas\\\/#breadcrumb\",\"itemListElement\":[{\"@type\":\"ListItem\",\"position\":1,\"name\":\"Inicio\",\"item\":\"https:\\\/\\\/fuentesfidedignas.com.mx\\\/\"},{\"@type\":\"ListItem\",\"position\":2,\"name\":\"Reportero de Puebla descubre en plena cobertura que sus familiares son las v\u00edctimas\"}]},{\"@type\":\"WebSite\",\"@id\":\"https:\\\/\\\/fuentesfidedignas.com.mx\\\/#website\",\"url\":\"https:\\\/\\\/fuentesfidedignas.com.mx\\\/\",\"name\":\"Fuentes Fidedignas\",\"description\":\"Otro sitio realizado con WordPress\",\"publisher\":{\"@id\":\"https:\\\/\\\/fuentesfidedignas.com.mx\\\/#organization\"},\"potentialAction\":[{\"@type\":\"SearchAction\",\"target\":{\"@type\":\"EntryPoint\",\"urlTemplate\":\"https:\\\/\\\/fuentesfidedignas.com.mx\\\/?s={search_term_string}\"},\"query-input\":{\"@type\":\"PropertyValueSpecification\",\"valueRequired\":true,\"valueName\":\"search_term_string\"}}],\"inLanguage\":\"es\"},{\"@type\":\"Organization\",\"@id\":\"https:\\\/\\\/fuentesfidedignas.com.mx\\\/#organization\",\"name\":\"Fuentes Fidedignas\",\"url\":\"https:\\\/\\\/fuentesfidedignas.com.mx\\\/\",\"logo\":{\"@type\":\"ImageObject\",\"inLanguage\":\"es\",\"@id\":\"https:\\\/\\\/fuentesfidedignas.com.mx\\\/#\\\/schema\\\/logo\\\/image\\\/\",\"url\":\"https:\\\/\\\/fuentesfidedignas.com.mx\\\/wp-content\\\/uploads\\\/2021\\\/04\\\/logo-retina.png\",\"contentUrl\":\"https:\\\/\\\/fuentesfidedignas.com.mx\\\/wp-content\\\/uploads\\\/2021\\\/04\\\/logo-retina.png\",\"width\":280,\"height\":51,\"caption\":\"Fuentes Fidedignas\"},\"image\":{\"@id\":\"https:\\\/\\\/fuentesfidedignas.com.mx\\\/#\\\/schema\\\/logo\\\/image\\\/\"},\"sameAs\":[\"https:\\\/\\\/www.facebook.com\\\/Fuentes-Fidedignas-368234489921644\",\"https:\\\/\\\/x.com\\\/fidedignas\"]},{\"@type\":\"Person\",\"@id\":\"https:\\\/\\\/fuentesfidedignas.com.mx\\\/#\\\/schema\\\/person\\\/ff4db17f8fd9c584e0cfc2a0c436b8a1\",\"name\":\"El Imparcial\",\"image\":{\"@type\":\"ImageObject\",\"inLanguage\":\"es\",\"@id\":\"https:\\\/\\\/secure.gravatar.com\\\/avatar\\\/accd6807585a75316c237ee783498317be6f66ab34c47c940966f26a3f613161?s=96&d=mm&r=g\",\"url\":\"https:\\\/\\\/secure.gravatar.com\\\/avatar\\\/accd6807585a75316c237ee783498317be6f66ab34c47c940966f26a3f613161?s=96&d=mm&r=g\",\"contentUrl\":\"https:\\\/\\\/secure.gravatar.com\\\/avatar\\\/accd6807585a75316c237ee783498317be6f66ab34c47c940966f26a3f613161?s=96&d=mm&r=g\",\"caption\":\"El Imparcial\"},\"url\":\"https:\\\/\\\/fuentesfidedignas.com.mx\\\/index.php\\\/author\\\/imparcial\\\/\"}]}<\/script>\n<!-- \/ Yoast SEO plugin. -->","yoast_head_json":{"title":"Reportero de Puebla descubre en plena cobertura que sus familiares son las v\u00edctimas - Fuentes Fidedignas","robots":{"index":"index","follow":"follow","max-snippet":"max-snippet:-1","max-image-preview":"max-image-preview:large","max-video-preview":"max-video-preview:-1"},"canonical":"https:\/\/fuentesfidedignas.com.mx\/index.php\/2025\/09\/23\/reportero-de-puebla-descubre-en-plena-cobertura-que-sus-familiares-son-las-victimas\/","og_locale":"es_MX","og_type":"article","og_title":"Reportero de Puebla descubre en plena cobertura que sus familiares son las v\u00edctimas - Fuentes Fidedignas","og_description":"El reportero continu\u00f3 su transmisi\u00f3n en vivo para comunicar por completo el suceso y solicitar ayuda inmediata para sus seres queridos. Un hecho ins\u00f3lito y emocionalmente devastador ocurri\u00f3 durante el fin de semana en Puebla, cuando Jacob Linaldi, reportero del medio El Informante MX, acudi\u00f3 a cubrir un accidente automovil\u00edstico en la carretera Acajete-Amozoc y [&hellip;]","og_url":"https:\/\/fuentesfidedignas.com.mx\/index.php\/2025\/09\/23\/reportero-de-puebla-descubre-en-plena-cobertura-que-sus-familiares-son-las-victimas\/","og_site_name":"Fuentes Fidedignas","article_publisher":"https:\/\/www.facebook.com\/Fuentes-Fidedignas-368234489921644","article_published_time":"2025-09-23T12:47:00+00:00","og_image":[{"width":500,"height":333,"url":"https:\/\/fuentesfidedignas.com.mx\/wp-content\/uploads\/2025\/09\/cobertura_reportero.jpg","type":"image\/jpeg"}],"author":"El Imparcial","twitter_card":"summary_large_image","twitter_creator":"@fidedignas","twitter_site":"@fidedignas","twitter_misc":{"Escrito por":"El Imparcial","Tiempo de lectura":"3 minutos"},"schema":{"@context":"https:\/\/schema.org","@graph":[{"@type":"Article","@id":"https:\/\/fuentesfidedignas.com.mx\/index.php\/2025\/09\/23\/reportero-de-puebla-descubre-en-plena-cobertura-que-sus-familiares-son-las-victimas\/#article","isPartOf":{"@id":"https:\/\/fuentesfidedignas.com.mx\/index.php\/2025\/09\/23\/reportero-de-puebla-descubre-en-plena-cobertura-que-sus-familiares-son-las-victimas\/"},"author":{"name":"El Imparcial","@id":"https:\/\/fuentesfidedignas.com.mx\/#\/schema\/person\/ff4db17f8fd9c584e0cfc2a0c436b8a1"},"headline":"Reportero de Puebla descubre en plena cobertura que sus familiares son las v\u00edctimas","datePublished":"2025-09-23T12:47:00+00:00","mainEntityOfPage":{"@id":"https:\/\/fuentesfidedignas.com.mx\/index.php\/2025\/09\/23\/reportero-de-puebla-descubre-en-plena-cobertura-que-sus-familiares-son-las-victimas\/"},"wordCount":602,"commentCount":0,"publisher":{"@id":"https:\/\/fuentesfidedignas.com.mx\/#organization"},"image":{"@id":"https:\/\/fuentesfidedignas.com.mx\/index.php\/2025\/09\/23\/reportero-de-puebla-descubre-en-plena-cobertura-que-sus-familiares-son-las-victimas\/#primaryimage"},"thumbnailUrl":"https:\/\/fuentesfidedignas.com.mx\/wp-content\/uploads\/2025\/09\/cobertura_reportero.jpg","articleSection":["LAS ASOMBROSAS"],"inLanguage":"es","potentialAction":[{"@type":"CommentAction","name":"Comment","target":["https:\/\/fuentesfidedignas.com.mx\/index.php\/2025\/09\/23\/reportero-de-puebla-descubre-en-plena-cobertura-que-sus-familiares-son-las-victimas\/#respond"]}]},{"@type":"WebPage","@id":"https:\/\/fuentesfidedignas.com.mx\/index.php\/2025\/09\/23\/reportero-de-puebla-descubre-en-plena-cobertura-que-sus-familiares-son-las-victimas\/","url":"https:\/\/fuentesfidedignas.com.mx\/index.php\/2025\/09\/23\/reportero-de-puebla-descubre-en-plena-cobertura-que-sus-familiares-son-las-victimas\/","name":"Reportero de Puebla descubre en plena cobertura que sus familiares son las v\u00edctimas - Fuentes Fidedignas","isPartOf":{"@id":"https:\/\/fuentesfidedignas.com.mx\/#website"},"primaryImageOfPage":{"@id":"https:\/\/fuentesfidedignas.com.mx\/index.php\/2025\/09\/23\/reportero-de-puebla-descubre-en-plena-cobertura-que-sus-familiares-son-las-victimas\/#primaryimage"},"image":{"@id":"https:\/\/fuentesfidedignas.com.mx\/index.php\/2025\/09\/23\/reportero-de-puebla-descubre-en-plena-cobertura-que-sus-familiares-son-las-victimas\/#primaryimage"},"thumbnailUrl":"https:\/\/fuentesfidedignas.com.mx\/wp-content\/uploads\/2025\/09\/cobertura_reportero.jpg","datePublished":"2025-09-23T12:47:00+00:00","breadcrumb":{"@id":"https:\/\/fuentesfidedignas.com.mx\/index.php\/2025\/09\/23\/reportero-de-puebla-descubre-en-plena-cobertura-que-sus-familiares-son-las-victimas\/#breadcrumb"},"inLanguage":"es","potentialAction":[{"@type":"ReadAction","target":["https:\/\/fuentesfidedignas.com.mx\/index.php\/2025\/09\/23\/reportero-de-puebla-descubre-en-plena-cobertura-que-sus-familiares-son-las-victimas\/"]}]},{"@type":"ImageObject","inLanguage":"es","@id":"https:\/\/fuentesfidedignas.com.mx\/index.php\/2025\/09\/23\/reportero-de-puebla-descubre-en-plena-cobertura-que-sus-familiares-son-las-victimas\/#primaryimage","url":"https:\/\/fuentesfidedignas.com.mx\/wp-content\/uploads\/2025\/09\/cobertura_reportero.jpg","contentUrl":"https:\/\/fuentesfidedignas.com.mx\/wp-content\/uploads\/2025\/09\/cobertura_reportero.jpg","width":500,"height":333},{"@type":"BreadcrumbList","@id":"https:\/\/fuentesfidedignas.com.mx\/index.php\/2025\/09\/23\/reportero-de-puebla-descubre-en-plena-cobertura-que-sus-familiares-son-las-victimas\/#breadcrumb","itemListElement":[{"@type":"ListItem","position":1,"name":"Inicio","item":"https:\/\/fuentesfidedignas.com.mx\/"},{"@type":"ListItem","position":2,"name":"Reportero de Puebla descubre en plena cobertura que sus familiares son las v\u00edctimas"}]},{"@type":"WebSite","@id":"https:\/\/fuentesfidedignas.com.mx\/#website","url":"https:\/\/fuentesfidedignas.com.mx\/","name":"Fuentes Fidedignas","description":"Otro sitio realizado con WordPress","publisher":{"@id":"https:\/\/fuentesfidedignas.com.mx\/#organization"},"potentialAction":[{"@type":"SearchAction","target":{"@type":"EntryPoint","urlTemplate":"https:\/\/fuentesfidedignas.com.mx\/?s={search_term_string}"},"query-input":{"@type":"PropertyValueSpecification","valueRequired":true,"valueName":"search_term_string"}}],"inLanguage":"es"},{"@type":"Organization","@id":"https:\/\/fuentesfidedignas.com.mx\/#organization","name":"Fuentes Fidedignas","url":"https:\/\/fuentesfidedignas.com.mx\/","logo":{"@type":"ImageObject","inLanguage":"es","@id":"https:\/\/fuentesfidedignas.com.mx\/#\/schema\/logo\/image\/","url":"https:\/\/fuentesfidedignas.com.mx\/wp-content\/uploads\/2021\/04\/logo-retina.png","contentUrl":"https:\/\/fuentesfidedignas.com.mx\/wp-content\/uploads\/2021\/04\/logo-retina.png","width":280,"height":51,"caption":"Fuentes Fidedignas"},"image":{"@id":"https:\/\/fuentesfidedignas.com.mx\/#\/schema\/logo\/image\/"},"sameAs":["https:\/\/www.facebook.com\/Fuentes-Fidedignas-368234489921644","https:\/\/x.com\/fidedignas"]},{"@type":"Person","@id":"https:\/\/fuentesfidedignas.com.mx\/#\/schema\/person\/ff4db17f8fd9c584e0cfc2a0c436b8a1","name":"El Imparcial","image":{"@type":"ImageObject","inLanguage":"es","@id":"https:\/\/secure.gravatar.com\/avatar\/accd6807585a75316c237ee783498317be6f66ab34c47c940966f26a3f613161?s=96&d=mm&r=g","url":"https:\/\/secure.gravatar.com\/avatar\/accd6807585a75316c237ee783498317be6f66ab34c47c940966f26a3f613161?s=96&d=mm&r=g","contentUrl":"https:\/\/secure.gravatar.com\/avatar\/accd6807585a75316c237ee783498317be6f66ab34c47c940966f26a3f613161?s=96&d=mm&r=g","caption":"El Imparcial"},"url":"https:\/\/fuentesfidedignas.com.mx\/index.php\/author\/imparcial\/"}]}},"_links":{"self":[{"href":"https:\/\/fuentesfidedignas.com.mx\/index.php\/wp-json\/wp\/v2\/posts\/117880","targetHints":{"allow":["GET"]}}],"collection":[{"href":"https:\/\/fuentesfidedignas.com.mx\/index.php\/wp-json\/wp\/v2\/posts"}],"about":[{"href":"https:\/\/fuentesfidedignas.com.mx\/index.php\/wp-json\/wp\/v2\/types\/post"}],"author":[{"embeddable":true,"href":"https:\/\/fuentesfidedignas.com.mx\/index.php\/wp-json\/wp\/v2\/users\/40"}],"replies":[{"embeddable":true,"href":"https:\/\/fuentesfidedignas.com.mx\/index.php\/wp-json\/wp\/v2\/comments?post=117880"}],"version-history":[{"count":1,"href":"https:\/\/fuentesfidedignas.com.mx\/index.php\/wp-json\/wp\/v2\/posts\/117880\/revisions"}],"predecessor-version":[{"id":117882,"href":"https:\/\/fuentesfidedignas.com.mx\/index.php\/wp-json\/wp\/v2\/posts\/117880\/revisions\/117882"}],"wp:featuredmedia":[{"embeddable":true,"href":"https:\/\/fuentesfidedignas.com.mx\/index.php\/wp-json\/wp\/v2\/media\/117881"}],"wp:attachment":[{"href":"https:\/\/fuentesfidedignas.com.mx\/index.php\/wp-json\/wp\/v2\/media?parent=117880"}],"wp:term":[{"taxonomy":"category","embeddable":true,"href":"https:\/\/fuentesfidedignas.com.mx\/index.php\/wp-json\/wp\/v2\/categories?post=117880"},{"taxonomy":"post_tag","embeddable":true,"href":"https:\/\/fuentesfidedignas.com.mx\/index.php\/wp-json\/wp\/v2\/tags?post=117880"}],"curies":[{"name":"wp","href":"https:\/\/api.w.org\/{rel}","templated":true}]}}