{"id":117819,"date":"2025-09-22T05:41:00","date_gmt":"2025-09-22T12:41:00","guid":{"rendered":"https:\/\/fuentesfidedignas.com.mx\/?p=117819"},"modified":"2025-09-21T17:45:55","modified_gmt":"2025-09-22T00:45:55","slug":"asaltan-capillas-se-roban-limosnas-y-hasta-las-figuras-de-maria-y-jose","status":"publish","type":"post","link":"https:\/\/fuentesfidedignas.com.mx\/index.php\/2025\/09\/22\/asaltan-capillas-se-roban-limosnas-y-hasta-las-figuras-de-maria-y-jose\/","title":{"rendered":"Asaltan capillas: se roban limosnas y hasta las figuras de Mar\u00eda y Jos\u00e9"},"content":{"rendered":"\n<p><strong><em>Las iglesias Sagrado Coraz\u00f3n de Jes\u00fas y Nuestra Se\u00f1ora del Carmen fueron asaltadas este fin de semana; en la primera se llevaron las limosnas, mientras que en la segunda figuras de Mar\u00eda y Jos\u00e9<\/em><\/strong><\/p>\n\n\n\n<p>Dos capillas cat\u00f3licas fueron v\u00edctimas de robo en Tula de Allende, Hidalgo, lo que gener\u00f3 indignaci\u00f3n entre los feligreses y llev\u00f3 a la Di\u00f3cesis de la Parroquia de San Marcos Evangelista a exigir a las autoridades locales reforzar la vigilancia, pues aseguran que estos hechos se han vuelto recurrentes.<\/p>\n\n\n\n<p>Las capillas afectadas son la del Sagrado Coraz\u00f3n de Jes\u00fas, ubicada en la colonia Ignacio Zaragoza, y la de Nuestra Se\u00f1ora del Carmen, en la colonia El Carmen.<\/p>\n\n\n\n<p>En el Sagrado Coraz\u00f3n de Jes\u00fas, la sacrist\u00eda y la bodega fueron encontradas en completo desorden, con muebles da\u00f1ados. El sagrario fue removido de su lugar y colocado en el suelo. Seg\u00fan la Di\u00f3cesis, \u00fanicamente se detect\u00f3 el robo de los donativos correspondientes al domingo anterior.<\/p>\n\n\n\n<p>En la capilla de Nuestra Se\u00f1ora del Carmen, los ladrones forzaron la puerta de la sacrist\u00eda, causando da\u00f1os al equipo de audio. Adem\u00e1s, sustrajeron tres im\u00e1genes religiosas de gran valor devocional y cultural: una de San Jos\u00e9, otra de la Virgen Mar\u00eda y la de un \u00e1ngel, todas de madera y con aproximadamente 40 cent\u00edmetros de altura. Estas piezas eran utilizadas en las tradicionales posadas de diciembre. Tambi\u00e9n fue violentada la alcanc\u00eda de la Virgen del Carmen y se llevaron la llave del sagrario.<\/p>\n\n\n\n<p>\u201cLa comunidad cat\u00f3lica ha sido profundamente ofendida, pues se atent\u00f3 contra elementos sagrados como el sagrario y las im\u00e1genes que representan fe, devoci\u00f3n y patrimonio hist\u00f3rico\u201d, se\u00f1al\u00f3 la Di\u00f3cesis en un comunicado.<\/p>\n\n\n\n<p>Frente a estos hechos, se pidi\u00f3 a los encargados de las capillas y a los fieles en general extremar medidas de seguridad, incluso con inversi\u00f3n en protecci\u00f3n, para resguardar los bienes religiosos y comunitarios. Asimismo, exhortaron a toda la poblaci\u00f3n a cuidar sus pertenencias ante el incremento de il\u00edcitos en la regi\u00f3n.<\/p>\n\n\n\n<p>Finalmente, se inform\u00f3 que ya se levantaron las denuncias correspondientes para proceder legalmente contra quienes resulten responsables.<\/p>\n\n\n\n<p><\/p>\n","protected":false},"excerpt":{"rendered":"<p>Las iglesias Sagrado Coraz\u00f3n de Jes\u00fas y Nuestra Se\u00f1ora del Carmen fueron asaltadas este fin de semana; en la primera se llevaron las limosnas, mientras que en la segunda figuras de Mar\u00eda y Jos\u00e9 Dos capillas cat\u00f3licas fueron v\u00edctimas de robo en Tula de Allende, Hidalgo, lo que gener\u00f3 indignaci\u00f3n entre los feligreses y llev\u00f3 [&hellip;]<\/p>\n","protected":false},"author":7,"featured_media":117820,"comment_status":"open","ping_status":"open","sticky":false,"template":"","format":"standard","meta":{"tdm_status":"","tdm_grid_status":"","footnotes":""},"categories":[40],"tags":[],"class_list":{"0":"post-117819","1":"post","2":"type-post","3":"status-publish","4":"format-standard","5":"has-post-thumbnail","7":"category-las-asombrosas"},"yoast_head":"<!-- This site is optimized with the Yoast SEO plugin v27.5 - https:\/\/yoast.com\/product\/yoast-seo-wordpress\/ -->\n<title>Asaltan capillas: se roban limosnas y hasta las figuras de Mar\u00eda y Jos\u00e9 - Fuentes Fidedignas<\/title>\n<meta name=\"robots\" content=\"index, follow, max-snippet:-1, max-image-preview:large, max-video-preview:-1\" \/>\n<link rel=\"canonical\" href=\"https:\/\/fuentesfidedignas.com.mx\/index.php\/2025\/09\/22\/asaltan-capillas-se-roban-limosnas-y-hasta-las-figuras-de-maria-y-jose\/\" \/>\n<meta property=\"og:locale\" content=\"es_MX\" \/>\n<meta property=\"og:type\" content=\"article\" \/>\n<meta property=\"og:title\" content=\"Asaltan capillas: se roban limosnas y hasta las figuras de Mar\u00eda y Jos\u00e9 - Fuentes Fidedignas\" \/>\n<meta property=\"og:description\" content=\"Las iglesias Sagrado Coraz\u00f3n de Jes\u00fas y Nuestra Se\u00f1ora del Carmen fueron asaltadas este fin de semana; en la primera se llevaron las limosnas, mientras que en la segunda figuras de Mar\u00eda y Jos\u00e9 Dos capillas cat\u00f3licas fueron v\u00edctimas de robo en Tula de Allende, Hidalgo, lo que gener\u00f3 indignaci\u00f3n entre los feligreses y llev\u00f3 [&hellip;]\" \/>\n<meta property=\"og:url\" content=\"https:\/\/fuentesfidedignas.com.mx\/index.php\/2025\/09\/22\/asaltan-capillas-se-roban-limosnas-y-hasta-las-figuras-de-maria-y-jose\/\" \/>\n<meta property=\"og:site_name\" content=\"Fuentes Fidedignas\" \/>\n<meta property=\"article:publisher\" content=\"https:\/\/www.facebook.com\/Fuentes-Fidedignas-368234489921644\" \/>\n<meta property=\"article:published_time\" content=\"2025-09-22T12:41:00+00:00\" \/>\n<meta property=\"og:image\" content=\"https:\/\/fuentesfidedignas.com.mx\/wp-content\/uploads\/2025\/09\/parroquia.jpg\" \/>\n\t<meta property=\"og:image:width\" content=\"500\" \/>\n\t<meta property=\"og:image:height\" content=\"342\" \/>\n\t<meta property=\"og:image:type\" content=\"image\/jpeg\" \/>\n<meta name=\"author\" content=\"Exc\u00e9lsior\" \/>\n<meta name=\"twitter:card\" content=\"summary_large_image\" \/>\n<meta name=\"twitter:creator\" content=\"@fidedignas\" \/>\n<meta name=\"twitter:site\" content=\"@fidedignas\" \/>\n<meta name=\"twitter:label1\" content=\"Escrito por\" \/>\n\t<meta name=\"twitter:data1\" content=\"Exc\u00e9lsior\" \/>\n\t<meta name=\"twitter:label2\" content=\"Tiempo de lectura\" \/>\n\t<meta name=\"twitter:data2\" content=\"2 minutos\" \/>\n<script type=\"application\/ld+json\" class=\"yoast-schema-graph\">{\"@context\":\"https:\\\/\\\/schema.org\",\"@graph\":[{\"@type\":\"Article\",\"@id\":\"https:\\\/\\\/fuentesfidedignas.com.mx\\\/index.php\\\/2025\\\/09\\\/22\\\/asaltan-capillas-se-roban-limosnas-y-hasta-las-figuras-de-maria-y-jose\\\/#article\",\"isPartOf\":{\"@id\":\"https:\\\/\\\/fuentesfidedignas.com.mx\\\/index.php\\\/2025\\\/09\\\/22\\\/asaltan-capillas-se-roban-limosnas-y-hasta-las-figuras-de-maria-y-jose\\\/\"},\"author\":{\"name\":\"Exc\u00e9lsior\",\"@id\":\"https:\\\/\\\/fuentesfidedignas.com.mx\\\/#\\\/schema\\\/person\\\/ec4edd1fbf5efa3e44fce34fe2787780\"},\"headline\":\"Asaltan capillas: se roban limosnas y hasta las figuras de Mar\u00eda y Jos\u00e9\",\"datePublished\":\"2025-09-22T12:41:00+00:00\",\"mainEntityOfPage\":{\"@id\":\"https:\\\/\\\/fuentesfidedignas.com.mx\\\/index.php\\\/2025\\\/09\\\/22\\\/asaltan-capillas-se-roban-limosnas-y-hasta-las-figuras-de-maria-y-jose\\\/\"},\"wordCount\":392,\"commentCount\":0,\"publisher\":{\"@id\":\"https:\\\/\\\/fuentesfidedignas.com.mx\\\/#organization\"},\"image\":{\"@id\":\"https:\\\/\\\/fuentesfidedignas.com.mx\\\/index.php\\\/2025\\\/09\\\/22\\\/asaltan-capillas-se-roban-limosnas-y-hasta-las-figuras-de-maria-y-jose\\\/#primaryimage\"},\"thumbnailUrl\":\"https:\\\/\\\/fuentesfidedignas.com.mx\\\/wp-content\\\/uploads\\\/2025\\\/09\\\/parroquia.jpg\",\"articleSection\":[\"LAS ASOMBROSAS\"],\"inLanguage\":\"es\",\"potentialAction\":[{\"@type\":\"CommentAction\",\"name\":\"Comment\",\"target\":[\"https:\\\/\\\/fuentesfidedignas.com.mx\\\/index.php\\\/2025\\\/09\\\/22\\\/asaltan-capillas-se-roban-limosnas-y-hasta-las-figuras-de-maria-y-jose\\\/#respond\"]}]},{\"@type\":\"WebPage\",\"@id\":\"https:\\\/\\\/fuentesfidedignas.com.mx\\\/index.php\\\/2025\\\/09\\\/22\\\/asaltan-capillas-se-roban-limosnas-y-hasta-las-figuras-de-maria-y-jose\\\/\",\"url\":\"https:\\\/\\\/fuentesfidedignas.com.mx\\\/index.php\\\/2025\\\/09\\\/22\\\/asaltan-capillas-se-roban-limosnas-y-hasta-las-figuras-de-maria-y-jose\\\/\",\"name\":\"Asaltan capillas: se roban limosnas y hasta las figuras de Mar\u00eda y Jos\u00e9 - Fuentes Fidedignas\",\"isPartOf\":{\"@id\":\"https:\\\/\\\/fuentesfidedignas.com.mx\\\/#website\"},\"primaryImageOfPage\":{\"@id\":\"https:\\\/\\\/fuentesfidedignas.com.mx\\\/index.php\\\/2025\\\/09\\\/22\\\/asaltan-capillas-se-roban-limosnas-y-hasta-las-figuras-de-maria-y-jose\\\/#primaryimage\"},\"image\":{\"@id\":\"https:\\\/\\\/fuentesfidedignas.com.mx\\\/index.php\\\/2025\\\/09\\\/22\\\/asaltan-capillas-se-roban-limosnas-y-hasta-las-figuras-de-maria-y-jose\\\/#primaryimage\"},\"thumbnailUrl\":\"https:\\\/\\\/fuentesfidedignas.com.mx\\\/wp-content\\\/uploads\\\/2025\\\/09\\\/parroquia.jpg\",\"datePublished\":\"2025-09-22T12:41:00+00:00\",\"breadcrumb\":{\"@id\":\"https:\\\/\\\/fuentesfidedignas.com.mx\\\/index.php\\\/2025\\\/09\\\/22\\\/asaltan-capillas-se-roban-limosnas-y-hasta-las-figuras-de-maria-y-jose\\\/#breadcrumb\"},\"inLanguage\":\"es\",\"potentialAction\":[{\"@type\":\"ReadAction\",\"target\":[\"https:\\\/\\\/fuentesfidedignas.com.mx\\\/index.php\\\/2025\\\/09\\\/22\\\/asaltan-capillas-se-roban-limosnas-y-hasta-las-figuras-de-maria-y-jose\\\/\"]}]},{\"@type\":\"ImageObject\",\"inLanguage\":\"es\",\"@id\":\"https:\\\/\\\/fuentesfidedignas.com.mx\\\/index.php\\\/2025\\\/09\\\/22\\\/asaltan-capillas-se-roban-limosnas-y-hasta-las-figuras-de-maria-y-jose\\\/#primaryimage\",\"url\":\"https:\\\/\\\/fuentesfidedignas.com.mx\\\/wp-content\\\/uploads\\\/2025\\\/09\\\/parroquia.jpg\",\"contentUrl\":\"https:\\\/\\\/fuentesfidedignas.com.mx\\\/wp-content\\\/uploads\\\/2025\\\/09\\\/parroquia.jpg\",\"width\":500,\"height\":342},{\"@type\":\"BreadcrumbList\",\"@id\":\"https:\\\/\\\/fuentesfidedignas.com.mx\\\/index.php\\\/2025\\\/09\\\/22\\\/asaltan-capillas-se-roban-limosnas-y-hasta-las-figuras-de-maria-y-jose\\\/#breadcrumb\",\"itemListElement\":[{\"@type\":\"ListItem\",\"position\":1,\"name\":\"Inicio\",\"item\":\"https:\\\/\\\/fuentesfidedignas.com.mx\\\/\"},{\"@type\":\"ListItem\",\"position\":2,\"name\":\"Asaltan capillas: se roban limosnas y hasta las figuras de Mar\u00eda y Jos\u00e9\"}]},{\"@type\":\"WebSite\",\"@id\":\"https:\\\/\\\/fuentesfidedignas.com.mx\\\/#website\",\"url\":\"https:\\\/\\\/fuentesfidedignas.com.mx\\\/\",\"name\":\"Fuentes Fidedignas\",\"description\":\"Otro sitio realizado con WordPress\",\"publisher\":{\"@id\":\"https:\\\/\\\/fuentesfidedignas.com.mx\\\/#organization\"},\"potentialAction\":[{\"@type\":\"SearchAction\",\"target\":{\"@type\":\"EntryPoint\",\"urlTemplate\":\"https:\\\/\\\/fuentesfidedignas.com.mx\\\/?s={search_term_string}\"},\"query-input\":{\"@type\":\"PropertyValueSpecification\",\"valueRequired\":true,\"valueName\":\"search_term_string\"}}],\"inLanguage\":\"es\"},{\"@type\":\"Organization\",\"@id\":\"https:\\\/\\\/fuentesfidedignas.com.mx\\\/#organization\",\"name\":\"Fuentes Fidedignas\",\"url\":\"https:\\\/\\\/fuentesfidedignas.com.mx\\\/\",\"logo\":{\"@type\":\"ImageObject\",\"inLanguage\":\"es\",\"@id\":\"https:\\\/\\\/fuentesfidedignas.com.mx\\\/#\\\/schema\\\/logo\\\/image\\\/\",\"url\":\"https:\\\/\\\/fuentesfidedignas.com.mx\\\/wp-content\\\/uploads\\\/2021\\\/04\\\/logo-retina.png\",\"contentUrl\":\"https:\\\/\\\/fuentesfidedignas.com.mx\\\/wp-content\\\/uploads\\\/2021\\\/04\\\/logo-retina.png\",\"width\":280,\"height\":51,\"caption\":\"Fuentes Fidedignas\"},\"image\":{\"@id\":\"https:\\\/\\\/fuentesfidedignas.com.mx\\\/#\\\/schema\\\/logo\\\/image\\\/\"},\"sameAs\":[\"https:\\\/\\\/www.facebook.com\\\/Fuentes-Fidedignas-368234489921644\",\"https:\\\/\\\/x.com\\\/fidedignas\"]},{\"@type\":\"Person\",\"@id\":\"https:\\\/\\\/fuentesfidedignas.com.mx\\\/#\\\/schema\\\/person\\\/ec4edd1fbf5efa3e44fce34fe2787780\",\"name\":\"Exc\u00e9lsior\",\"image\":{\"@type\":\"ImageObject\",\"inLanguage\":\"es\",\"@id\":\"https:\\\/\\\/secure.gravatar.com\\\/avatar\\\/4b7ee9206b48be08447852b3f0814dbc7c0f3b51541b164f1464a2725614020b?s=96&d=mm&r=g\",\"url\":\"https:\\\/\\\/secure.gravatar.com\\\/avatar\\\/4b7ee9206b48be08447852b3f0814dbc7c0f3b51541b164f1464a2725614020b?s=96&d=mm&r=g\",\"contentUrl\":\"https:\\\/\\\/secure.gravatar.com\\\/avatar\\\/4b7ee9206b48be08447852b3f0814dbc7c0f3b51541b164f1464a2725614020b?s=96&d=mm&r=g\",\"caption\":\"Exc\u00e9lsior\"},\"url\":\"https:\\\/\\\/fuentesfidedignas.com.mx\\\/index.php\\\/author\\\/excelsior\\\/\"}]}<\/script>\n<!-- \/ Yoast SEO plugin. -->","yoast_head_json":{"title":"Asaltan capillas: se roban limosnas y hasta las figuras de Mar\u00eda y Jos\u00e9 - Fuentes Fidedignas","robots":{"index":"index","follow":"follow","max-snippet":"max-snippet:-1","max-image-preview":"max-image-preview:large","max-video-preview":"max-video-preview:-1"},"canonical":"https:\/\/fuentesfidedignas.com.mx\/index.php\/2025\/09\/22\/asaltan-capillas-se-roban-limosnas-y-hasta-las-figuras-de-maria-y-jose\/","og_locale":"es_MX","og_type":"article","og_title":"Asaltan capillas: se roban limosnas y hasta las figuras de Mar\u00eda y Jos\u00e9 - Fuentes Fidedignas","og_description":"Las iglesias Sagrado Coraz\u00f3n de Jes\u00fas y Nuestra Se\u00f1ora del Carmen fueron asaltadas este fin de semana; en la primera se llevaron las limosnas, mientras que en la segunda figuras de Mar\u00eda y Jos\u00e9 Dos capillas cat\u00f3licas fueron v\u00edctimas de robo en Tula de Allende, Hidalgo, lo que gener\u00f3 indignaci\u00f3n entre los feligreses y llev\u00f3 [&hellip;]","og_url":"https:\/\/fuentesfidedignas.com.mx\/index.php\/2025\/09\/22\/asaltan-capillas-se-roban-limosnas-y-hasta-las-figuras-de-maria-y-jose\/","og_site_name":"Fuentes Fidedignas","article_publisher":"https:\/\/www.facebook.com\/Fuentes-Fidedignas-368234489921644","article_published_time":"2025-09-22T12:41:00+00:00","og_image":[{"width":500,"height":342,"url":"https:\/\/fuentesfidedignas.com.mx\/wp-content\/uploads\/2025\/09\/parroquia.jpg","type":"image\/jpeg"}],"author":"Exc\u00e9lsior","twitter_card":"summary_large_image","twitter_creator":"@fidedignas","twitter_site":"@fidedignas","twitter_misc":{"Escrito por":"Exc\u00e9lsior","Tiempo de lectura":"2 minutos"},"schema":{"@context":"https:\/\/schema.org","@graph":[{"@type":"Article","@id":"https:\/\/fuentesfidedignas.com.mx\/index.php\/2025\/09\/22\/asaltan-capillas-se-roban-limosnas-y-hasta-las-figuras-de-maria-y-jose\/#article","isPartOf":{"@id":"https:\/\/fuentesfidedignas.com.mx\/index.php\/2025\/09\/22\/asaltan-capillas-se-roban-limosnas-y-hasta-las-figuras-de-maria-y-jose\/"},"author":{"name":"Exc\u00e9lsior","@id":"https:\/\/fuentesfidedignas.com.mx\/#\/schema\/person\/ec4edd1fbf5efa3e44fce34fe2787780"},"headline":"Asaltan capillas: se roban limosnas y hasta las figuras de Mar\u00eda y Jos\u00e9","datePublished":"2025-09-22T12:41:00+00:00","mainEntityOfPage":{"@id":"https:\/\/fuentesfidedignas.com.mx\/index.php\/2025\/09\/22\/asaltan-capillas-se-roban-limosnas-y-hasta-las-figuras-de-maria-y-jose\/"},"wordCount":392,"commentCount":0,"publisher":{"@id":"https:\/\/fuentesfidedignas.com.mx\/#organization"},"image":{"@id":"https:\/\/fuentesfidedignas.com.mx\/index.php\/2025\/09\/22\/asaltan-capillas-se-roban-limosnas-y-hasta-las-figuras-de-maria-y-jose\/#primaryimage"},"thumbnailUrl":"https:\/\/fuentesfidedignas.com.mx\/wp-content\/uploads\/2025\/09\/parroquia.jpg","articleSection":["LAS ASOMBROSAS"],"inLanguage":"es","potentialAction":[{"@type":"CommentAction","name":"Comment","target":["https:\/\/fuentesfidedignas.com.mx\/index.php\/2025\/09\/22\/asaltan-capillas-se-roban-limosnas-y-hasta-las-figuras-de-maria-y-jose\/#respond"]}]},{"@type":"WebPage","@id":"https:\/\/fuentesfidedignas.com.mx\/index.php\/2025\/09\/22\/asaltan-capillas-se-roban-limosnas-y-hasta-las-figuras-de-maria-y-jose\/","url":"https:\/\/fuentesfidedignas.com.mx\/index.php\/2025\/09\/22\/asaltan-capillas-se-roban-limosnas-y-hasta-las-figuras-de-maria-y-jose\/","name":"Asaltan capillas: se roban limosnas y hasta las figuras de Mar\u00eda y Jos\u00e9 - Fuentes Fidedignas","isPartOf":{"@id":"https:\/\/fuentesfidedignas.com.mx\/#website"},"primaryImageOfPage":{"@id":"https:\/\/fuentesfidedignas.com.mx\/index.php\/2025\/09\/22\/asaltan-capillas-se-roban-limosnas-y-hasta-las-figuras-de-maria-y-jose\/#primaryimage"},"image":{"@id":"https:\/\/fuentesfidedignas.com.mx\/index.php\/2025\/09\/22\/asaltan-capillas-se-roban-limosnas-y-hasta-las-figuras-de-maria-y-jose\/#primaryimage"},"thumbnailUrl":"https:\/\/fuentesfidedignas.com.mx\/wp-content\/uploads\/2025\/09\/parroquia.jpg","datePublished":"2025-09-22T12:41:00+00:00","breadcrumb":{"@id":"https:\/\/fuentesfidedignas.com.mx\/index.php\/2025\/09\/22\/asaltan-capillas-se-roban-limosnas-y-hasta-las-figuras-de-maria-y-jose\/#breadcrumb"},"inLanguage":"es","potentialAction":[{"@type":"ReadAction","target":["https:\/\/fuentesfidedignas.com.mx\/index.php\/2025\/09\/22\/asaltan-capillas-se-roban-limosnas-y-hasta-las-figuras-de-maria-y-jose\/"]}]},{"@type":"ImageObject","inLanguage":"es","@id":"https:\/\/fuentesfidedignas.com.mx\/index.php\/2025\/09\/22\/asaltan-capillas-se-roban-limosnas-y-hasta-las-figuras-de-maria-y-jose\/#primaryimage","url":"https:\/\/fuentesfidedignas.com.mx\/wp-content\/uploads\/2025\/09\/parroquia.jpg","contentUrl":"https:\/\/fuentesfidedignas.com.mx\/wp-content\/uploads\/2025\/09\/parroquia.jpg","width":500,"height":342},{"@type":"BreadcrumbList","@id":"https:\/\/fuentesfidedignas.com.mx\/index.php\/2025\/09\/22\/asaltan-capillas-se-roban-limosnas-y-hasta-las-figuras-de-maria-y-jose\/#breadcrumb","itemListElement":[{"@type":"ListItem","position":1,"name":"Inicio","item":"https:\/\/fuentesfidedignas.com.mx\/"},{"@type":"ListItem","position":2,"name":"Asaltan capillas: se roban limosnas y hasta las figuras de Mar\u00eda y Jos\u00e9"}]},{"@type":"WebSite","@id":"https:\/\/fuentesfidedignas.com.mx\/#website","url":"https:\/\/fuentesfidedignas.com.mx\/","name":"Fuentes Fidedignas","description":"Otro sitio realizado con WordPress","publisher":{"@id":"https:\/\/fuentesfidedignas.com.mx\/#organization"},"potentialAction":[{"@type":"SearchAction","target":{"@type":"EntryPoint","urlTemplate":"https:\/\/fuentesfidedignas.com.mx\/?s={search_term_string}"},"query-input":{"@type":"PropertyValueSpecification","valueRequired":true,"valueName":"search_term_string"}}],"inLanguage":"es"},{"@type":"Organization","@id":"https:\/\/fuentesfidedignas.com.mx\/#organization","name":"Fuentes Fidedignas","url":"https:\/\/fuentesfidedignas.com.mx\/","logo":{"@type":"ImageObject","inLanguage":"es","@id":"https:\/\/fuentesfidedignas.com.mx\/#\/schema\/logo\/image\/","url":"https:\/\/fuentesfidedignas.com.mx\/wp-content\/uploads\/2021\/04\/logo-retina.png","contentUrl":"https:\/\/fuentesfidedignas.com.mx\/wp-content\/uploads\/2021\/04\/logo-retina.png","width":280,"height":51,"caption":"Fuentes Fidedignas"},"image":{"@id":"https:\/\/fuentesfidedignas.com.mx\/#\/schema\/logo\/image\/"},"sameAs":["https:\/\/www.facebook.com\/Fuentes-Fidedignas-368234489921644","https:\/\/x.com\/fidedignas"]},{"@type":"Person","@id":"https:\/\/fuentesfidedignas.com.mx\/#\/schema\/person\/ec4edd1fbf5efa3e44fce34fe2787780","name":"Exc\u00e9lsior","image":{"@type":"ImageObject","inLanguage":"es","@id":"https:\/\/secure.gravatar.com\/avatar\/4b7ee9206b48be08447852b3f0814dbc7c0f3b51541b164f1464a2725614020b?s=96&d=mm&r=g","url":"https:\/\/secure.gravatar.com\/avatar\/4b7ee9206b48be08447852b3f0814dbc7c0f3b51541b164f1464a2725614020b?s=96&d=mm&r=g","contentUrl":"https:\/\/secure.gravatar.com\/avatar\/4b7ee9206b48be08447852b3f0814dbc7c0f3b51541b164f1464a2725614020b?s=96&d=mm&r=g","caption":"Exc\u00e9lsior"},"url":"https:\/\/fuentesfidedignas.com.mx\/index.php\/author\/excelsior\/"}]}},"_links":{"self":[{"href":"https:\/\/fuentesfidedignas.com.mx\/index.php\/wp-json\/wp\/v2\/posts\/117819","targetHints":{"allow":["GET"]}}],"collection":[{"href":"https:\/\/fuentesfidedignas.com.mx\/index.php\/wp-json\/wp\/v2\/posts"}],"about":[{"href":"https:\/\/fuentesfidedignas.com.mx\/index.php\/wp-json\/wp\/v2\/types\/post"}],"author":[{"embeddable":true,"href":"https:\/\/fuentesfidedignas.com.mx\/index.php\/wp-json\/wp\/v2\/users\/7"}],"replies":[{"embeddable":true,"href":"https:\/\/fuentesfidedignas.com.mx\/index.php\/wp-json\/wp\/v2\/comments?post=117819"}],"version-history":[{"count":1,"href":"https:\/\/fuentesfidedignas.com.mx\/index.php\/wp-json\/wp\/v2\/posts\/117819\/revisions"}],"predecessor-version":[{"id":117821,"href":"https:\/\/fuentesfidedignas.com.mx\/index.php\/wp-json\/wp\/v2\/posts\/117819\/revisions\/117821"}],"wp:featuredmedia":[{"embeddable":true,"href":"https:\/\/fuentesfidedignas.com.mx\/index.php\/wp-json\/wp\/v2\/media\/117820"}],"wp:attachment":[{"href":"https:\/\/fuentesfidedignas.com.mx\/index.php\/wp-json\/wp\/v2\/media?parent=117819"}],"wp:term":[{"taxonomy":"category","embeddable":true,"href":"https:\/\/fuentesfidedignas.com.mx\/index.php\/wp-json\/wp\/v2\/categories?post=117819"},{"taxonomy":"post_tag","embeddable":true,"href":"https:\/\/fuentesfidedignas.com.mx\/index.php\/wp-json\/wp\/v2\/tags?post=117819"}],"curies":[{"name":"wp","href":"https:\/\/api.w.org\/{rel}","templated":true}]}}