{"id":117703,"date":"2025-09-19T14:15:39","date_gmt":"2025-09-19T21:15:39","guid":{"rendered":"https:\/\/fuentesfidedignas.com.mx\/?p=117703"},"modified":"2025-09-19T14:15:47","modified_gmt":"2025-09-19T21:15:47","slug":"muere-julieta-fierro-reconocida-divulgadora-cientifica-mexicana","status":"publish","type":"post","link":"https:\/\/fuentesfidedignas.com.mx\/index.php\/2025\/09\/19\/muere-julieta-fierro-reconocida-divulgadora-cientifica-mexicana\/","title":{"rendered":"Muere Julieta Fierro, reconocida divulgadora cient\u00edfica mexicana"},"content":{"rendered":"\n<p><br><strong><em>La tarde de este viernes 19 de septiembre de 2025, familiares cercanos a la cient\u00edfica mexicana Julieta Fierro anunciaron su fallecimiento a los 77 a\u00f1os. En breve m\u00e1s informaci\u00f3n<\/em><\/strong><\/p>\n\n\n\n<p>Este&nbsp;<strong>viernes 19 de septiembre 2025,<\/strong>&nbsp;se anunci\u00f3 el&nbsp;<strong>fallecimiento<\/strong>&nbsp;de&nbsp;<strong>Julieta Fierro Gossman a los 77 a\u00f1os de edad,&nbsp;<\/strong>siendo una de las m\u00e1s reconocidas acad\u00e9micas y cient\u00edficas en M\u00e9xico, as\u00ed lo&nbsp;&nbsp;confirm\u00f3 la&nbsp;<strong>Universidad Nacional Aut\u00f3noma de M\u00e9xico (UNAM).<\/strong><\/p>\n\n\n\n<figure class=\"wp-block-image size-full\"><img decoding=\"async\" width=\"660\" height=\"495\" src=\"https:\/\/fuentesfidedignas.com.mx\/wp-content\/uploads\/2025\/09\/image-2.png\" alt=\"\" class=\"wp-image-117705\" srcset=\"https:\/\/fuentesfidedignas.com.mx\/wp-content\/uploads\/2025\/09\/image-2.png 660w, https:\/\/fuentesfidedignas.com.mx\/wp-content\/uploads\/2025\/09\/image-2-300x225.png 300w, https:\/\/fuentesfidedignas.com.mx\/wp-content\/uploads\/2025\/09\/image-2-560x420.png 560w, https:\/\/fuentesfidedignas.com.mx\/wp-content\/uploads\/2025\/09\/image-2-80x60.png 80w, https:\/\/fuentesfidedignas.com.mx\/wp-content\/uploads\/2025\/09\/image-2-160x120.png 160w, https:\/\/fuentesfidedignas.com.mx\/wp-content\/uploads\/2025\/09\/image-2-600x450.png 600w, https:\/\/fuentesfidedignas.com.mx\/wp-content\/uploads\/2025\/09\/image-2-265x198.png 265w\" sizes=\"(max-width: 660px) 100vw, 660px\" \/><\/figure>\n\n\n\n<p>Diversos medios de comunicaci\u00f3n as\u00ed como de la propia UNAM se despidieron de la cient\u00edfica mexicana, resaltando sus amplias contribuciones a la ciencia en M\u00e9xico y a nivel mundial.<\/p>\n\n\n\n<p>En una semblanza hecha por el Gobierno de M\u00e9xico, la cient\u00edfica revel\u00f3 que decidi\u00f3 estudiar F\u00edsica, \u201cporque mi hermana mayor- nuestra mam\u00e1 se hab\u00eda muerto cuando ella ten\u00eda 15 a\u00f1os y yo 13- me sugiri\u00f3 que en lugar de estudiar matem\u00e1ticas mejor estudiara algo m\u00e1s pr\u00e1ctico: F\u00edsica\u201d.\u00a0<\/p>\n\n\n\n<h2 class=\"wp-block-heading\">\u00bfQui\u00e9n fue Julieta Fierro?<\/h2>\n\n\n\n<p>Fierro Gossman naci\u00f3 en la<strong>&nbsp;Ciudad de M\u00e9xico<\/strong>&nbsp;el&nbsp;<strong>24 de febrero de 1948.<\/strong><\/p>\n\n\n\n<p>Fue reconocida como&nbsp;f\u00edsica, astr\u00f3noma e investigadora mexicana, siendo&nbsp;una de las divulgadoras cient\u00edficas m\u00e1s importantes del pa\u00eds.<\/p>\n\n\n\n<p>Investigadora titular del Instituto de Astronom\u00eda y profesora de la<strong>&nbsp;Facultad de Ciencias de la Universidad Nacional Aut\u00f3noma de M\u00e9xico (UNAM)<\/strong>, ha dedicado gran parte de su vida a la ense\u00f1anza y a acercar la ciencia al p\u00fablico general.<\/p>\n","protected":false},"excerpt":{"rendered":"<p>La tarde de este viernes 19 de septiembre de 2025, familiares cercanos a la cient\u00edfica mexicana Julieta Fierro anunciaron su fallecimiento a los 77 a\u00f1os. En breve m\u00e1s informaci\u00f3n Este&nbsp;viernes 19 de septiembre 2025,&nbsp;se anunci\u00f3 el&nbsp;fallecimiento&nbsp;de&nbsp;Julieta Fierro Gossman a los 77 a\u00f1os de edad,&nbsp;siendo una de las m\u00e1s reconocidas acad\u00e9micas y cient\u00edficas en M\u00e9xico, as\u00ed [&hellip;]<\/p>\n","protected":false},"author":7,"featured_media":117706,"comment_status":"open","ping_status":"open","sticky":false,"template":"","format":"standard","meta":{"tdm_status":"","tdm_grid_status":"","footnotes":""},"categories":[39],"tags":[],"class_list":{"0":"post-117703","1":"post","2":"type-post","3":"status-publish","4":"format-standard","5":"has-post-thumbnail","7":"category-noticias-nacionales"},"yoast_head":"<!-- This site is optimized with the Yoast SEO plugin v27.5 - https:\/\/yoast.com\/product\/yoast-seo-wordpress\/ -->\n<title>Muere Julieta Fierro, reconocida divulgadora cient\u00edfica mexicana - Fuentes Fidedignas<\/title>\n<meta name=\"robots\" content=\"index, follow, max-snippet:-1, max-image-preview:large, max-video-preview:-1\" \/>\n<link rel=\"canonical\" href=\"https:\/\/fuentesfidedignas.com.mx\/index.php\/2025\/09\/19\/muere-julieta-fierro-reconocida-divulgadora-cientifica-mexicana\/\" \/>\n<meta property=\"og:locale\" content=\"es_MX\" \/>\n<meta property=\"og:type\" content=\"article\" \/>\n<meta property=\"og:title\" content=\"Muere Julieta Fierro, reconocida divulgadora cient\u00edfica mexicana - Fuentes Fidedignas\" \/>\n<meta property=\"og:description\" content=\"La tarde de este viernes 19 de septiembre de 2025, familiares cercanos a la cient\u00edfica mexicana Julieta Fierro anunciaron su fallecimiento a los 77 a\u00f1os. En breve m\u00e1s informaci\u00f3n Este&nbsp;viernes 19 de septiembre 2025,&nbsp;se anunci\u00f3 el&nbsp;fallecimiento&nbsp;de&nbsp;Julieta Fierro Gossman a los 77 a\u00f1os de edad,&nbsp;siendo una de las m\u00e1s reconocidas acad\u00e9micas y cient\u00edficas en M\u00e9xico, as\u00ed [&hellip;]\" \/>\n<meta property=\"og:url\" content=\"https:\/\/fuentesfidedignas.com.mx\/index.php\/2025\/09\/19\/muere-julieta-fierro-reconocida-divulgadora-cientifica-mexicana\/\" \/>\n<meta property=\"og:site_name\" content=\"Fuentes Fidedignas\" \/>\n<meta property=\"article:publisher\" content=\"https:\/\/www.facebook.com\/Fuentes-Fidedignas-368234489921644\" \/>\n<meta property=\"article:published_time\" content=\"2025-09-19T21:15:39+00:00\" \/>\n<meta property=\"article:modified_time\" content=\"2025-09-19T21:15:47+00:00\" \/>\n<meta property=\"og:image\" content=\"https:\/\/fuentesfidedignas.com.mx\/wp-content\/uploads\/2025\/09\/Captura-de-pantalla-14.jpg\" \/>\n\t<meta property=\"og:image:width\" content=\"687\" \/>\n\t<meta property=\"og:image:height\" content=\"469\" \/>\n\t<meta property=\"og:image:type\" content=\"image\/jpeg\" \/>\n<meta name=\"author\" content=\"Exc\u00e9lsior\" \/>\n<meta name=\"twitter:card\" content=\"summary_large_image\" \/>\n<meta name=\"twitter:creator\" content=\"@fidedignas\" \/>\n<meta name=\"twitter:site\" content=\"@fidedignas\" \/>\n<meta name=\"twitter:label1\" content=\"Escrito por\" \/>\n\t<meta name=\"twitter:data1\" content=\"Exc\u00e9lsior\" \/>\n\t<meta name=\"twitter:label2\" content=\"Tiempo de lectura\" \/>\n\t<meta name=\"twitter:data2\" content=\"2 minutos\" \/>\n<script type=\"application\/ld+json\" class=\"yoast-schema-graph\">{\"@context\":\"https:\\\/\\\/schema.org\",\"@graph\":[{\"@type\":\"Article\",\"@id\":\"https:\\\/\\\/fuentesfidedignas.com.mx\\\/index.php\\\/2025\\\/09\\\/19\\\/muere-julieta-fierro-reconocida-divulgadora-cientifica-mexicana\\\/#article\",\"isPartOf\":{\"@id\":\"https:\\\/\\\/fuentesfidedignas.com.mx\\\/index.php\\\/2025\\\/09\\\/19\\\/muere-julieta-fierro-reconocida-divulgadora-cientifica-mexicana\\\/\"},\"author\":{\"name\":\"Exc\u00e9lsior\",\"@id\":\"https:\\\/\\\/fuentesfidedignas.com.mx\\\/#\\\/schema\\\/person\\\/ec4edd1fbf5efa3e44fce34fe2787780\"},\"headline\":\"Muere Julieta Fierro, reconocida divulgadora cient\u00edfica mexicana\",\"datePublished\":\"2025-09-19T21:15:39+00:00\",\"dateModified\":\"2025-09-19T21:15:47+00:00\",\"mainEntityOfPage\":{\"@id\":\"https:\\\/\\\/fuentesfidedignas.com.mx\\\/index.php\\\/2025\\\/09\\\/19\\\/muere-julieta-fierro-reconocida-divulgadora-cientifica-mexicana\\\/\"},\"wordCount\":271,\"commentCount\":0,\"publisher\":{\"@id\":\"https:\\\/\\\/fuentesfidedignas.com.mx\\\/#organization\"},\"image\":{\"@id\":\"https:\\\/\\\/fuentesfidedignas.com.mx\\\/index.php\\\/2025\\\/09\\\/19\\\/muere-julieta-fierro-reconocida-divulgadora-cientifica-mexicana\\\/#primaryimage\"},\"thumbnailUrl\":\"https:\\\/\\\/fuentesfidedignas.com.mx\\\/wp-content\\\/uploads\\\/2025\\\/09\\\/Captura-de-pantalla-14.jpg\",\"articleSection\":[\"NOTICIAS NACIONALES\"],\"inLanguage\":\"es\",\"potentialAction\":[{\"@type\":\"CommentAction\",\"name\":\"Comment\",\"target\":[\"https:\\\/\\\/fuentesfidedignas.com.mx\\\/index.php\\\/2025\\\/09\\\/19\\\/muere-julieta-fierro-reconocida-divulgadora-cientifica-mexicana\\\/#respond\"]}]},{\"@type\":\"WebPage\",\"@id\":\"https:\\\/\\\/fuentesfidedignas.com.mx\\\/index.php\\\/2025\\\/09\\\/19\\\/muere-julieta-fierro-reconocida-divulgadora-cientifica-mexicana\\\/\",\"url\":\"https:\\\/\\\/fuentesfidedignas.com.mx\\\/index.php\\\/2025\\\/09\\\/19\\\/muere-julieta-fierro-reconocida-divulgadora-cientifica-mexicana\\\/\",\"name\":\"Muere Julieta Fierro, reconocida divulgadora cient\u00edfica mexicana - Fuentes Fidedignas\",\"isPartOf\":{\"@id\":\"https:\\\/\\\/fuentesfidedignas.com.mx\\\/#website\"},\"primaryImageOfPage\":{\"@id\":\"https:\\\/\\\/fuentesfidedignas.com.mx\\\/index.php\\\/2025\\\/09\\\/19\\\/muere-julieta-fierro-reconocida-divulgadora-cientifica-mexicana\\\/#primaryimage\"},\"image\":{\"@id\":\"https:\\\/\\\/fuentesfidedignas.com.mx\\\/index.php\\\/2025\\\/09\\\/19\\\/muere-julieta-fierro-reconocida-divulgadora-cientifica-mexicana\\\/#primaryimage\"},\"thumbnailUrl\":\"https:\\\/\\\/fuentesfidedignas.com.mx\\\/wp-content\\\/uploads\\\/2025\\\/09\\\/Captura-de-pantalla-14.jpg\",\"datePublished\":\"2025-09-19T21:15:39+00:00\",\"dateModified\":\"2025-09-19T21:15:47+00:00\",\"breadcrumb\":{\"@id\":\"https:\\\/\\\/fuentesfidedignas.com.mx\\\/index.php\\\/2025\\\/09\\\/19\\\/muere-julieta-fierro-reconocida-divulgadora-cientifica-mexicana\\\/#breadcrumb\"},\"inLanguage\":\"es\",\"potentialAction\":[{\"@type\":\"ReadAction\",\"target\":[\"https:\\\/\\\/fuentesfidedignas.com.mx\\\/index.php\\\/2025\\\/09\\\/19\\\/muere-julieta-fierro-reconocida-divulgadora-cientifica-mexicana\\\/\"]}]},{\"@type\":\"ImageObject\",\"inLanguage\":\"es\",\"@id\":\"https:\\\/\\\/fuentesfidedignas.com.mx\\\/index.php\\\/2025\\\/09\\\/19\\\/muere-julieta-fierro-reconocida-divulgadora-cientifica-mexicana\\\/#primaryimage\",\"url\":\"https:\\\/\\\/fuentesfidedignas.com.mx\\\/wp-content\\\/uploads\\\/2025\\\/09\\\/Captura-de-pantalla-14.jpg\",\"contentUrl\":\"https:\\\/\\\/fuentesfidedignas.com.mx\\\/wp-content\\\/uploads\\\/2025\\\/09\\\/Captura-de-pantalla-14.jpg\",\"width\":687,\"height\":469},{\"@type\":\"BreadcrumbList\",\"@id\":\"https:\\\/\\\/fuentesfidedignas.com.mx\\\/index.php\\\/2025\\\/09\\\/19\\\/muere-julieta-fierro-reconocida-divulgadora-cientifica-mexicana\\\/#breadcrumb\",\"itemListElement\":[{\"@type\":\"ListItem\",\"position\":1,\"name\":\"Inicio\",\"item\":\"https:\\\/\\\/fuentesfidedignas.com.mx\\\/\"},{\"@type\":\"ListItem\",\"position\":2,\"name\":\"Muere Julieta Fierro, reconocida divulgadora cient\u00edfica mexicana\"}]},{\"@type\":\"WebSite\",\"@id\":\"https:\\\/\\\/fuentesfidedignas.com.mx\\\/#website\",\"url\":\"https:\\\/\\\/fuentesfidedignas.com.mx\\\/\",\"name\":\"Fuentes Fidedignas\",\"description\":\"Otro sitio realizado con WordPress\",\"publisher\":{\"@id\":\"https:\\\/\\\/fuentesfidedignas.com.mx\\\/#organization\"},\"potentialAction\":[{\"@type\":\"SearchAction\",\"target\":{\"@type\":\"EntryPoint\",\"urlTemplate\":\"https:\\\/\\\/fuentesfidedignas.com.mx\\\/?s={search_term_string}\"},\"query-input\":{\"@type\":\"PropertyValueSpecification\",\"valueRequired\":true,\"valueName\":\"search_term_string\"}}],\"inLanguage\":\"es\"},{\"@type\":\"Organization\",\"@id\":\"https:\\\/\\\/fuentesfidedignas.com.mx\\\/#organization\",\"name\":\"Fuentes Fidedignas\",\"url\":\"https:\\\/\\\/fuentesfidedignas.com.mx\\\/\",\"logo\":{\"@type\":\"ImageObject\",\"inLanguage\":\"es\",\"@id\":\"https:\\\/\\\/fuentesfidedignas.com.mx\\\/#\\\/schema\\\/logo\\\/image\\\/\",\"url\":\"https:\\\/\\\/fuentesfidedignas.com.mx\\\/wp-content\\\/uploads\\\/2021\\\/04\\\/logo-retina.png\",\"contentUrl\":\"https:\\\/\\\/fuentesfidedignas.com.mx\\\/wp-content\\\/uploads\\\/2021\\\/04\\\/logo-retina.png\",\"width\":280,\"height\":51,\"caption\":\"Fuentes Fidedignas\"},\"image\":{\"@id\":\"https:\\\/\\\/fuentesfidedignas.com.mx\\\/#\\\/schema\\\/logo\\\/image\\\/\"},\"sameAs\":[\"https:\\\/\\\/www.facebook.com\\\/Fuentes-Fidedignas-368234489921644\",\"https:\\\/\\\/x.com\\\/fidedignas\"]},{\"@type\":\"Person\",\"@id\":\"https:\\\/\\\/fuentesfidedignas.com.mx\\\/#\\\/schema\\\/person\\\/ec4edd1fbf5efa3e44fce34fe2787780\",\"name\":\"Exc\u00e9lsior\",\"image\":{\"@type\":\"ImageObject\",\"inLanguage\":\"es\",\"@id\":\"https:\\\/\\\/secure.gravatar.com\\\/avatar\\\/4b7ee9206b48be08447852b3f0814dbc7c0f3b51541b164f1464a2725614020b?s=96&d=mm&r=g\",\"url\":\"https:\\\/\\\/secure.gravatar.com\\\/avatar\\\/4b7ee9206b48be08447852b3f0814dbc7c0f3b51541b164f1464a2725614020b?s=96&d=mm&r=g\",\"contentUrl\":\"https:\\\/\\\/secure.gravatar.com\\\/avatar\\\/4b7ee9206b48be08447852b3f0814dbc7c0f3b51541b164f1464a2725614020b?s=96&d=mm&r=g\",\"caption\":\"Exc\u00e9lsior\"},\"url\":\"https:\\\/\\\/fuentesfidedignas.com.mx\\\/index.php\\\/author\\\/excelsior\\\/\"}]}<\/script>\n<!-- \/ Yoast SEO plugin. -->","yoast_head_json":{"title":"Muere Julieta Fierro, reconocida divulgadora cient\u00edfica mexicana - Fuentes Fidedignas","robots":{"index":"index","follow":"follow","max-snippet":"max-snippet:-1","max-image-preview":"max-image-preview:large","max-video-preview":"max-video-preview:-1"},"canonical":"https:\/\/fuentesfidedignas.com.mx\/index.php\/2025\/09\/19\/muere-julieta-fierro-reconocida-divulgadora-cientifica-mexicana\/","og_locale":"es_MX","og_type":"article","og_title":"Muere Julieta Fierro, reconocida divulgadora cient\u00edfica mexicana - Fuentes Fidedignas","og_description":"La tarde de este viernes 19 de septiembre de 2025, familiares cercanos a la cient\u00edfica mexicana Julieta Fierro anunciaron su fallecimiento a los 77 a\u00f1os. En breve m\u00e1s informaci\u00f3n Este&nbsp;viernes 19 de septiembre 2025,&nbsp;se anunci\u00f3 el&nbsp;fallecimiento&nbsp;de&nbsp;Julieta Fierro Gossman a los 77 a\u00f1os de edad,&nbsp;siendo una de las m\u00e1s reconocidas acad\u00e9micas y cient\u00edficas en M\u00e9xico, as\u00ed [&hellip;]","og_url":"https:\/\/fuentesfidedignas.com.mx\/index.php\/2025\/09\/19\/muere-julieta-fierro-reconocida-divulgadora-cientifica-mexicana\/","og_site_name":"Fuentes Fidedignas","article_publisher":"https:\/\/www.facebook.com\/Fuentes-Fidedignas-368234489921644","article_published_time":"2025-09-19T21:15:39+00:00","article_modified_time":"2025-09-19T21:15:47+00:00","og_image":[{"width":687,"height":469,"url":"https:\/\/fuentesfidedignas.com.mx\/wp-content\/uploads\/2025\/09\/Captura-de-pantalla-14.jpg","type":"image\/jpeg"}],"author":"Exc\u00e9lsior","twitter_card":"summary_large_image","twitter_creator":"@fidedignas","twitter_site":"@fidedignas","twitter_misc":{"Escrito por":"Exc\u00e9lsior","Tiempo de lectura":"2 minutos"},"schema":{"@context":"https:\/\/schema.org","@graph":[{"@type":"Article","@id":"https:\/\/fuentesfidedignas.com.mx\/index.php\/2025\/09\/19\/muere-julieta-fierro-reconocida-divulgadora-cientifica-mexicana\/#article","isPartOf":{"@id":"https:\/\/fuentesfidedignas.com.mx\/index.php\/2025\/09\/19\/muere-julieta-fierro-reconocida-divulgadora-cientifica-mexicana\/"},"author":{"name":"Exc\u00e9lsior","@id":"https:\/\/fuentesfidedignas.com.mx\/#\/schema\/person\/ec4edd1fbf5efa3e44fce34fe2787780"},"headline":"Muere Julieta Fierro, reconocida divulgadora cient\u00edfica mexicana","datePublished":"2025-09-19T21:15:39+00:00","dateModified":"2025-09-19T21:15:47+00:00","mainEntityOfPage":{"@id":"https:\/\/fuentesfidedignas.com.mx\/index.php\/2025\/09\/19\/muere-julieta-fierro-reconocida-divulgadora-cientifica-mexicana\/"},"wordCount":271,"commentCount":0,"publisher":{"@id":"https:\/\/fuentesfidedignas.com.mx\/#organization"},"image":{"@id":"https:\/\/fuentesfidedignas.com.mx\/index.php\/2025\/09\/19\/muere-julieta-fierro-reconocida-divulgadora-cientifica-mexicana\/#primaryimage"},"thumbnailUrl":"https:\/\/fuentesfidedignas.com.mx\/wp-content\/uploads\/2025\/09\/Captura-de-pantalla-14.jpg","articleSection":["NOTICIAS NACIONALES"],"inLanguage":"es","potentialAction":[{"@type":"CommentAction","name":"Comment","target":["https:\/\/fuentesfidedignas.com.mx\/index.php\/2025\/09\/19\/muere-julieta-fierro-reconocida-divulgadora-cientifica-mexicana\/#respond"]}]},{"@type":"WebPage","@id":"https:\/\/fuentesfidedignas.com.mx\/index.php\/2025\/09\/19\/muere-julieta-fierro-reconocida-divulgadora-cientifica-mexicana\/","url":"https:\/\/fuentesfidedignas.com.mx\/index.php\/2025\/09\/19\/muere-julieta-fierro-reconocida-divulgadora-cientifica-mexicana\/","name":"Muere Julieta Fierro, reconocida divulgadora cient\u00edfica mexicana - Fuentes Fidedignas","isPartOf":{"@id":"https:\/\/fuentesfidedignas.com.mx\/#website"},"primaryImageOfPage":{"@id":"https:\/\/fuentesfidedignas.com.mx\/index.php\/2025\/09\/19\/muere-julieta-fierro-reconocida-divulgadora-cientifica-mexicana\/#primaryimage"},"image":{"@id":"https:\/\/fuentesfidedignas.com.mx\/index.php\/2025\/09\/19\/muere-julieta-fierro-reconocida-divulgadora-cientifica-mexicana\/#primaryimage"},"thumbnailUrl":"https:\/\/fuentesfidedignas.com.mx\/wp-content\/uploads\/2025\/09\/Captura-de-pantalla-14.jpg","datePublished":"2025-09-19T21:15:39+00:00","dateModified":"2025-09-19T21:15:47+00:00","breadcrumb":{"@id":"https:\/\/fuentesfidedignas.com.mx\/index.php\/2025\/09\/19\/muere-julieta-fierro-reconocida-divulgadora-cientifica-mexicana\/#breadcrumb"},"inLanguage":"es","potentialAction":[{"@type":"ReadAction","target":["https:\/\/fuentesfidedignas.com.mx\/index.php\/2025\/09\/19\/muere-julieta-fierro-reconocida-divulgadora-cientifica-mexicana\/"]}]},{"@type":"ImageObject","inLanguage":"es","@id":"https:\/\/fuentesfidedignas.com.mx\/index.php\/2025\/09\/19\/muere-julieta-fierro-reconocida-divulgadora-cientifica-mexicana\/#primaryimage","url":"https:\/\/fuentesfidedignas.com.mx\/wp-content\/uploads\/2025\/09\/Captura-de-pantalla-14.jpg","contentUrl":"https:\/\/fuentesfidedignas.com.mx\/wp-content\/uploads\/2025\/09\/Captura-de-pantalla-14.jpg","width":687,"height":469},{"@type":"BreadcrumbList","@id":"https:\/\/fuentesfidedignas.com.mx\/index.php\/2025\/09\/19\/muere-julieta-fierro-reconocida-divulgadora-cientifica-mexicana\/#breadcrumb","itemListElement":[{"@type":"ListItem","position":1,"name":"Inicio","item":"https:\/\/fuentesfidedignas.com.mx\/"},{"@type":"ListItem","position":2,"name":"Muere Julieta Fierro, reconocida divulgadora cient\u00edfica mexicana"}]},{"@type":"WebSite","@id":"https:\/\/fuentesfidedignas.com.mx\/#website","url":"https:\/\/fuentesfidedignas.com.mx\/","name":"Fuentes Fidedignas","description":"Otro sitio realizado con WordPress","publisher":{"@id":"https:\/\/fuentesfidedignas.com.mx\/#organization"},"potentialAction":[{"@type":"SearchAction","target":{"@type":"EntryPoint","urlTemplate":"https:\/\/fuentesfidedignas.com.mx\/?s={search_term_string}"},"query-input":{"@type":"PropertyValueSpecification","valueRequired":true,"valueName":"search_term_string"}}],"inLanguage":"es"},{"@type":"Organization","@id":"https:\/\/fuentesfidedignas.com.mx\/#organization","name":"Fuentes Fidedignas","url":"https:\/\/fuentesfidedignas.com.mx\/","logo":{"@type":"ImageObject","inLanguage":"es","@id":"https:\/\/fuentesfidedignas.com.mx\/#\/schema\/logo\/image\/","url":"https:\/\/fuentesfidedignas.com.mx\/wp-content\/uploads\/2021\/04\/logo-retina.png","contentUrl":"https:\/\/fuentesfidedignas.com.mx\/wp-content\/uploads\/2021\/04\/logo-retina.png","width":280,"height":51,"caption":"Fuentes Fidedignas"},"image":{"@id":"https:\/\/fuentesfidedignas.com.mx\/#\/schema\/logo\/image\/"},"sameAs":["https:\/\/www.facebook.com\/Fuentes-Fidedignas-368234489921644","https:\/\/x.com\/fidedignas"]},{"@type":"Person","@id":"https:\/\/fuentesfidedignas.com.mx\/#\/schema\/person\/ec4edd1fbf5efa3e44fce34fe2787780","name":"Exc\u00e9lsior","image":{"@type":"ImageObject","inLanguage":"es","@id":"https:\/\/secure.gravatar.com\/avatar\/4b7ee9206b48be08447852b3f0814dbc7c0f3b51541b164f1464a2725614020b?s=96&d=mm&r=g","url":"https:\/\/secure.gravatar.com\/avatar\/4b7ee9206b48be08447852b3f0814dbc7c0f3b51541b164f1464a2725614020b?s=96&d=mm&r=g","contentUrl":"https:\/\/secure.gravatar.com\/avatar\/4b7ee9206b48be08447852b3f0814dbc7c0f3b51541b164f1464a2725614020b?s=96&d=mm&r=g","caption":"Exc\u00e9lsior"},"url":"https:\/\/fuentesfidedignas.com.mx\/index.php\/author\/excelsior\/"}]}},"_links":{"self":[{"href":"https:\/\/fuentesfidedignas.com.mx\/index.php\/wp-json\/wp\/v2\/posts\/117703","targetHints":{"allow":["GET"]}}],"collection":[{"href":"https:\/\/fuentesfidedignas.com.mx\/index.php\/wp-json\/wp\/v2\/posts"}],"about":[{"href":"https:\/\/fuentesfidedignas.com.mx\/index.php\/wp-json\/wp\/v2\/types\/post"}],"author":[{"embeddable":true,"href":"https:\/\/fuentesfidedignas.com.mx\/index.php\/wp-json\/wp\/v2\/users\/7"}],"replies":[{"embeddable":true,"href":"https:\/\/fuentesfidedignas.com.mx\/index.php\/wp-json\/wp\/v2\/comments?post=117703"}],"version-history":[{"count":1,"href":"https:\/\/fuentesfidedignas.com.mx\/index.php\/wp-json\/wp\/v2\/posts\/117703\/revisions"}],"predecessor-version":[{"id":117707,"href":"https:\/\/fuentesfidedignas.com.mx\/index.php\/wp-json\/wp\/v2\/posts\/117703\/revisions\/117707"}],"wp:featuredmedia":[{"embeddable":true,"href":"https:\/\/fuentesfidedignas.com.mx\/index.php\/wp-json\/wp\/v2\/media\/117706"}],"wp:attachment":[{"href":"https:\/\/fuentesfidedignas.com.mx\/index.php\/wp-json\/wp\/v2\/media?parent=117703"}],"wp:term":[{"taxonomy":"category","embeddable":true,"href":"https:\/\/fuentesfidedignas.com.mx\/index.php\/wp-json\/wp\/v2\/categories?post=117703"},{"taxonomy":"post_tag","embeddable":true,"href":"https:\/\/fuentesfidedignas.com.mx\/index.php\/wp-json\/wp\/v2\/tags?post=117703"}],"curies":[{"name":"wp","href":"https:\/\/api.w.org\/{rel}","templated":true}]}}