{"id":11753,"date":"2021-09-04T10:54:08","date_gmt":"2021-09-04T17:54:08","guid":{"rendered":"https:\/\/fuentesfidedignas.com.mx\/?p=11753"},"modified":"2021-09-04T10:54:11","modified_gmt":"2021-09-04T17:54:11","slug":"del-7-al-14-de-septiembre-se-aplicaran-vacunas-de-1ra-y-2das-dosis-de-astrazeneca","status":"publish","type":"post","link":"https:\/\/fuentesfidedignas.com.mx\/index.php\/2021\/09\/04\/del-7-al-14-de-septiembre-se-aplicaran-vacunas-de-1ra-y-2das-dosis-de-astrazeneca\/","title":{"rendered":"Del 7 al 14 de septiembre se aplicar\u00e1n vacunas de 1ra y 2das dosis de AstraZeneca"},"content":{"rendered":"\n<p><strong><em>El Comando Estatal de Vacunaci\u00f3n acord\u00f3 que, a la par de la aplicaci\u00f3n de las segundas dosis que se tienen que aplicar, se permita que todos los que no ha recibido ninguna dosis sean vacunados<\/em><\/strong><\/p>\n\n\n\n<p>Culiac\u00e1n, Sin._ Tomando en cuenta que existen cerca de 15 mil personas mayores de.18 a\u00f1os en Sinaloa que solicitaron aplicar su primera dosis de vacuna, el Comando Estatal de Vacunaci\u00f3n acord\u00f3 aplicar primera dosis en los m\u00f3dulos que se instalar\u00e1n la pr\u00f3xima semana.<\/p>\n\n\n\n<p>El Dr. Efr\u00e9n Encinas Torres, Secretario de Salud del Estado de Sinaloa inform\u00f3 que en Culiac\u00e1n, Cosal\u00e1, Rosario, Navolato, Angostura y Ahome se instalar\u00e1n m\u00f3dulos de vacunaci\u00f3n para completar esquemas de AstraZeneca esta semana y en esos mismos m\u00f3dulos, podr\u00e1n acudir los que no tienen ninguna dosis solo llevando su expediente impreso.<\/p>\n\n\n\n<p>\u201cComo se\u00f1alamos, el d\u00eda de ayer recibimos 243 mil 200 dosis de AstraZeneca, lo cual nos permite, que en breve, pr\u00e1cticamente esta semana, lunes, martes, hasta el s\u00e1bado, vacunaremos segunda dosis de 40 en adelante y tambi\u00e9n j\u00f3venes de 18 y m\u00e1s que por alguna raz\u00f3n quedaran rezagados\u201d.<\/p>\n\n\n\n<p>Record\u00f3 que hay que estar receptivos a la informaci\u00f3n oficial para informar fechas y lugares, que ser\u00e1n pr\u00e1cticamente los mismos que ya conoce la poblaci\u00f3n.<\/p>\n\n\n\n<p>En presencia de la coordinadora de la Brigada Correcaminos y Delegada del IMSS en Sinaloa, Tania Medina, el Secretario General de la UAS, Gerardo Alapizco, Delegado de los Programas de Bienestar, Juan de Dios G\u00e1mez as\u00ed como del General Vinicio Perea como comandante de las Fuerzas Armadas, se adelant\u00f3 que el d\u00eda 7 de Septiembre de iniciar\u00e1 la vacunaci\u00f3n en Ahome, Angostura y Navolato, mientras que para Culiac\u00e1n y Rosario ser\u00e1 el 8 de septiembre y el d\u00eda 10 del mismo mes la activaci\u00f3n de este esquema en Cosal\u00e1.<\/p>\n\n\n\n<p>La vacunaci\u00f3n de primera dosis ser\u00e1 en los m\u00f3dulos que aplicaran vacuna Astra Zeneca solamente y deben llevar su expediente que pueden imprimir en la p\u00e1gina de mivacuna.salud.gob.mx toda persona mayor de 18 a\u00f1os.<\/p>\n\n\n\n<p>Record\u00f3 que si bien la vacunaci\u00f3n es de suma importancia para contrarrestar la pandemia, es imperante no bajar la guardia y seguir aplicando el tri\u00e1ngulo de la vida: lavado de manos, sana distancia y uso permanente del cubre bocas.<\/p>\n","protected":false},"excerpt":{"rendered":"<p>El Comando Estatal de Vacunaci\u00f3n acord\u00f3 que, a la par de la aplicaci\u00f3n de las segundas dosis que se tienen que aplicar, se permita que todos los que no ha recibido ninguna dosis sean vacunados Culiac\u00e1n, Sin._ Tomando en cuenta que existen cerca de 15 mil personas mayores de.18 a\u00f1os en Sinaloa que solicitaron aplicar [&hellip;]<\/p>\n","protected":false},"author":4,"featured_media":11754,"comment_status":"open","ping_status":"open","sticky":false,"template":"","format":"standard","meta":{"tdm_status":"","tdm_grid_status":"","footnotes":""},"categories":[37],"tags":[],"class_list":{"0":"post-11753","1":"post","2":"type-post","3":"status-publish","4":"format-standard","5":"has-post-thumbnail","7":"category-nota-principal"},"yoast_head":"<!-- This site is optimized with the Yoast SEO plugin v27.5 - https:\/\/yoast.com\/product\/yoast-seo-wordpress\/ -->\n<title>Del 7 al 14 de septiembre se aplicar\u00e1n vacunas de 1ra y 2das dosis de AstraZeneca - Fuentes Fidedignas<\/title>\n<meta name=\"robots\" content=\"index, follow, max-snippet:-1, max-image-preview:large, max-video-preview:-1\" \/>\n<link rel=\"canonical\" href=\"https:\/\/fuentesfidedignas.com.mx\/index.php\/2021\/09\/04\/del-7-al-14-de-septiembre-se-aplicaran-vacunas-de-1ra-y-2das-dosis-de-astrazeneca\/\" \/>\n<meta property=\"og:locale\" content=\"es_MX\" \/>\n<meta property=\"og:type\" content=\"article\" \/>\n<meta property=\"og:title\" content=\"Del 7 al 14 de septiembre se aplicar\u00e1n vacunas de 1ra y 2das dosis de AstraZeneca - Fuentes Fidedignas\" \/>\n<meta property=\"og:description\" content=\"El Comando Estatal de Vacunaci\u00f3n acord\u00f3 que, a la par de la aplicaci\u00f3n de las segundas dosis que se tienen que aplicar, se permita que todos los que no ha recibido ninguna dosis sean vacunados Culiac\u00e1n, Sin._ Tomando en cuenta que existen cerca de 15 mil personas mayores de.18 a\u00f1os en Sinaloa que solicitaron aplicar [&hellip;]\" \/>\n<meta property=\"og:url\" content=\"https:\/\/fuentesfidedignas.com.mx\/index.php\/2021\/09\/04\/del-7-al-14-de-septiembre-se-aplicaran-vacunas-de-1ra-y-2das-dosis-de-astrazeneca\/\" \/>\n<meta property=\"og:site_name\" content=\"Fuentes Fidedignas\" \/>\n<meta property=\"article:publisher\" content=\"https:\/\/www.facebook.com\/Fuentes-Fidedignas-368234489921644\" \/>\n<meta property=\"article:published_time\" content=\"2021-09-04T17:54:08+00:00\" \/>\n<meta property=\"article:modified_time\" content=\"2021-09-04T17:54:11+00:00\" \/>\n<meta property=\"og:image\" content=\"https:\/\/fuentesfidedignas.com.mx\/wp-content\/uploads\/2021\/09\/c4804b99-706e-4b8b-9aa2-971d0720fe8c.jpg\" \/>\n\t<meta property=\"og:image:width\" content=\"1280\" \/>\n\t<meta property=\"og:image:height\" content=\"758\" \/>\n\t<meta property=\"og:image:type\" content=\"image\/jpeg\" \/>\n<meta name=\"author\" content=\"Redacci\u00f3n\" \/>\n<meta name=\"twitter:card\" content=\"summary_large_image\" \/>\n<meta name=\"twitter:creator\" content=\"@fidedignas\" \/>\n<meta name=\"twitter:site\" content=\"@fidedignas\" \/>\n<meta name=\"twitter:label1\" content=\"Escrito por\" \/>\n\t<meta name=\"twitter:data1\" content=\"Redacci\u00f3n\" \/>\n\t<meta name=\"twitter:label2\" content=\"Tiempo de lectura\" \/>\n\t<meta name=\"twitter:data2\" content=\"2 minutos\" \/>\n<script type=\"application\/ld+json\" class=\"yoast-schema-graph\">{\"@context\":\"https:\\\/\\\/schema.org\",\"@graph\":[{\"@type\":\"Article\",\"@id\":\"https:\\\/\\\/fuentesfidedignas.com.mx\\\/index.php\\\/2021\\\/09\\\/04\\\/del-7-al-14-de-septiembre-se-aplicaran-vacunas-de-1ra-y-2das-dosis-de-astrazeneca\\\/#article\",\"isPartOf\":{\"@id\":\"https:\\\/\\\/fuentesfidedignas.com.mx\\\/index.php\\\/2021\\\/09\\\/04\\\/del-7-al-14-de-septiembre-se-aplicaran-vacunas-de-1ra-y-2das-dosis-de-astrazeneca\\\/\"},\"author\":{\"name\":\"Redacci\u00f3n\",\"@id\":\"https:\\\/\\\/fuentesfidedignas.com.mx\\\/#\\\/schema\\\/person\\\/331be9283d37198e2acd5750279085b0\"},\"headline\":\"Del 7 al 14 de septiembre se aplicar\u00e1n vacunas de 1ra y 2das dosis de AstraZeneca\",\"datePublished\":\"2021-09-04T17:54:08+00:00\",\"dateModified\":\"2021-09-04T17:54:11+00:00\",\"mainEntityOfPage\":{\"@id\":\"https:\\\/\\\/fuentesfidedignas.com.mx\\\/index.php\\\/2021\\\/09\\\/04\\\/del-7-al-14-de-septiembre-se-aplicaran-vacunas-de-1ra-y-2das-dosis-de-astrazeneca\\\/\"},\"wordCount\":413,\"commentCount\":0,\"publisher\":{\"@id\":\"https:\\\/\\\/fuentesfidedignas.com.mx\\\/#organization\"},\"image\":{\"@id\":\"https:\\\/\\\/fuentesfidedignas.com.mx\\\/index.php\\\/2021\\\/09\\\/04\\\/del-7-al-14-de-septiembre-se-aplicaran-vacunas-de-1ra-y-2das-dosis-de-astrazeneca\\\/#primaryimage\"},\"thumbnailUrl\":\"https:\\\/\\\/fuentesfidedignas.com.mx\\\/wp-content\\\/uploads\\\/2021\\\/09\\\/c4804b99-706e-4b8b-9aa2-971d0720fe8c.jpg\",\"articleSection\":[\"NOTA PRINCIPAL\"],\"inLanguage\":\"es\",\"potentialAction\":[{\"@type\":\"CommentAction\",\"name\":\"Comment\",\"target\":[\"https:\\\/\\\/fuentesfidedignas.com.mx\\\/index.php\\\/2021\\\/09\\\/04\\\/del-7-al-14-de-septiembre-se-aplicaran-vacunas-de-1ra-y-2das-dosis-de-astrazeneca\\\/#respond\"]}]},{\"@type\":\"WebPage\",\"@id\":\"https:\\\/\\\/fuentesfidedignas.com.mx\\\/index.php\\\/2021\\\/09\\\/04\\\/del-7-al-14-de-septiembre-se-aplicaran-vacunas-de-1ra-y-2das-dosis-de-astrazeneca\\\/\",\"url\":\"https:\\\/\\\/fuentesfidedignas.com.mx\\\/index.php\\\/2021\\\/09\\\/04\\\/del-7-al-14-de-septiembre-se-aplicaran-vacunas-de-1ra-y-2das-dosis-de-astrazeneca\\\/\",\"name\":\"Del 7 al 14 de septiembre se aplicar\u00e1n vacunas de 1ra y 2das dosis de AstraZeneca - Fuentes Fidedignas\",\"isPartOf\":{\"@id\":\"https:\\\/\\\/fuentesfidedignas.com.mx\\\/#website\"},\"primaryImageOfPage\":{\"@id\":\"https:\\\/\\\/fuentesfidedignas.com.mx\\\/index.php\\\/2021\\\/09\\\/04\\\/del-7-al-14-de-septiembre-se-aplicaran-vacunas-de-1ra-y-2das-dosis-de-astrazeneca\\\/#primaryimage\"},\"image\":{\"@id\":\"https:\\\/\\\/fuentesfidedignas.com.mx\\\/index.php\\\/2021\\\/09\\\/04\\\/del-7-al-14-de-septiembre-se-aplicaran-vacunas-de-1ra-y-2das-dosis-de-astrazeneca\\\/#primaryimage\"},\"thumbnailUrl\":\"https:\\\/\\\/fuentesfidedignas.com.mx\\\/wp-content\\\/uploads\\\/2021\\\/09\\\/c4804b99-706e-4b8b-9aa2-971d0720fe8c.jpg\",\"datePublished\":\"2021-09-04T17:54:08+00:00\",\"dateModified\":\"2021-09-04T17:54:11+00:00\",\"breadcrumb\":{\"@id\":\"https:\\\/\\\/fuentesfidedignas.com.mx\\\/index.php\\\/2021\\\/09\\\/04\\\/del-7-al-14-de-septiembre-se-aplicaran-vacunas-de-1ra-y-2das-dosis-de-astrazeneca\\\/#breadcrumb\"},\"inLanguage\":\"es\",\"potentialAction\":[{\"@type\":\"ReadAction\",\"target\":[\"https:\\\/\\\/fuentesfidedignas.com.mx\\\/index.php\\\/2021\\\/09\\\/04\\\/del-7-al-14-de-septiembre-se-aplicaran-vacunas-de-1ra-y-2das-dosis-de-astrazeneca\\\/\"]}]},{\"@type\":\"ImageObject\",\"inLanguage\":\"es\",\"@id\":\"https:\\\/\\\/fuentesfidedignas.com.mx\\\/index.php\\\/2021\\\/09\\\/04\\\/del-7-al-14-de-septiembre-se-aplicaran-vacunas-de-1ra-y-2das-dosis-de-astrazeneca\\\/#primaryimage\",\"url\":\"https:\\\/\\\/fuentesfidedignas.com.mx\\\/wp-content\\\/uploads\\\/2021\\\/09\\\/c4804b99-706e-4b8b-9aa2-971d0720fe8c.jpg\",\"contentUrl\":\"https:\\\/\\\/fuentesfidedignas.com.mx\\\/wp-content\\\/uploads\\\/2021\\\/09\\\/c4804b99-706e-4b8b-9aa2-971d0720fe8c.jpg\",\"width\":1280,\"height\":758},{\"@type\":\"BreadcrumbList\",\"@id\":\"https:\\\/\\\/fuentesfidedignas.com.mx\\\/index.php\\\/2021\\\/09\\\/04\\\/del-7-al-14-de-septiembre-se-aplicaran-vacunas-de-1ra-y-2das-dosis-de-astrazeneca\\\/#breadcrumb\",\"itemListElement\":[{\"@type\":\"ListItem\",\"position\":1,\"name\":\"Inicio\",\"item\":\"https:\\\/\\\/fuentesfidedignas.com.mx\\\/\"},{\"@type\":\"ListItem\",\"position\":2,\"name\":\"Del 7 al 14 de septiembre se aplicar\u00e1n vacunas de 1ra y 2das dosis de AstraZeneca\"}]},{\"@type\":\"WebSite\",\"@id\":\"https:\\\/\\\/fuentesfidedignas.com.mx\\\/#website\",\"url\":\"https:\\\/\\\/fuentesfidedignas.com.mx\\\/\",\"name\":\"Fuentes Fidedignas\",\"description\":\"Otro sitio realizado con WordPress\",\"publisher\":{\"@id\":\"https:\\\/\\\/fuentesfidedignas.com.mx\\\/#organization\"},\"potentialAction\":[{\"@type\":\"SearchAction\",\"target\":{\"@type\":\"EntryPoint\",\"urlTemplate\":\"https:\\\/\\\/fuentesfidedignas.com.mx\\\/?s={search_term_string}\"},\"query-input\":{\"@type\":\"PropertyValueSpecification\",\"valueRequired\":true,\"valueName\":\"search_term_string\"}}],\"inLanguage\":\"es\"},{\"@type\":\"Organization\",\"@id\":\"https:\\\/\\\/fuentesfidedignas.com.mx\\\/#organization\",\"name\":\"Fuentes Fidedignas\",\"url\":\"https:\\\/\\\/fuentesfidedignas.com.mx\\\/\",\"logo\":{\"@type\":\"ImageObject\",\"inLanguage\":\"es\",\"@id\":\"https:\\\/\\\/fuentesfidedignas.com.mx\\\/#\\\/schema\\\/logo\\\/image\\\/\",\"url\":\"https:\\\/\\\/fuentesfidedignas.com.mx\\\/wp-content\\\/uploads\\\/2021\\\/04\\\/logo-retina.png\",\"contentUrl\":\"https:\\\/\\\/fuentesfidedignas.com.mx\\\/wp-content\\\/uploads\\\/2021\\\/04\\\/logo-retina.png\",\"width\":280,\"height\":51,\"caption\":\"Fuentes Fidedignas\"},\"image\":{\"@id\":\"https:\\\/\\\/fuentesfidedignas.com.mx\\\/#\\\/schema\\\/logo\\\/image\\\/\"},\"sameAs\":[\"https:\\\/\\\/www.facebook.com\\\/Fuentes-Fidedignas-368234489921644\",\"https:\\\/\\\/x.com\\\/fidedignas\"]},{\"@type\":\"Person\",\"@id\":\"https:\\\/\\\/fuentesfidedignas.com.mx\\\/#\\\/schema\\\/person\\\/331be9283d37198e2acd5750279085b0\",\"name\":\"Redacci\u00f3n\",\"image\":{\"@type\":\"ImageObject\",\"inLanguage\":\"es\",\"@id\":\"https:\\\/\\\/secure.gravatar.com\\\/avatar\\\/f6d8782c11d12b2d4ad3fbb6931aeab5309937a4d6cd2fc9cfaa28a6396a5aec?s=96&d=mm&r=g\",\"url\":\"https:\\\/\\\/secure.gravatar.com\\\/avatar\\\/f6d8782c11d12b2d4ad3fbb6931aeab5309937a4d6cd2fc9cfaa28a6396a5aec?s=96&d=mm&r=g\",\"contentUrl\":\"https:\\\/\\\/secure.gravatar.com\\\/avatar\\\/f6d8782c11d12b2d4ad3fbb6931aeab5309937a4d6cd2fc9cfaa28a6396a5aec?s=96&d=mm&r=g\",\"caption\":\"Redacci\u00f3n\"},\"url\":\"https:\\\/\\\/fuentesfidedignas.com.mx\\\/index.php\\\/author\\\/redaccion\\\/\"}]}<\/script>\n<!-- \/ Yoast SEO plugin. -->","yoast_head_json":{"title":"Del 7 al 14 de septiembre se aplicar\u00e1n vacunas de 1ra y 2das dosis de AstraZeneca - Fuentes Fidedignas","robots":{"index":"index","follow":"follow","max-snippet":"max-snippet:-1","max-image-preview":"max-image-preview:large","max-video-preview":"max-video-preview:-1"},"canonical":"https:\/\/fuentesfidedignas.com.mx\/index.php\/2021\/09\/04\/del-7-al-14-de-septiembre-se-aplicaran-vacunas-de-1ra-y-2das-dosis-de-astrazeneca\/","og_locale":"es_MX","og_type":"article","og_title":"Del 7 al 14 de septiembre se aplicar\u00e1n vacunas de 1ra y 2das dosis de AstraZeneca - Fuentes Fidedignas","og_description":"El Comando Estatal de Vacunaci\u00f3n acord\u00f3 que, a la par de la aplicaci\u00f3n de las segundas dosis que se tienen que aplicar, se permita que todos los que no ha recibido ninguna dosis sean vacunados Culiac\u00e1n, Sin._ Tomando en cuenta que existen cerca de 15 mil personas mayores de.18 a\u00f1os en Sinaloa que solicitaron aplicar [&hellip;]","og_url":"https:\/\/fuentesfidedignas.com.mx\/index.php\/2021\/09\/04\/del-7-al-14-de-septiembre-se-aplicaran-vacunas-de-1ra-y-2das-dosis-de-astrazeneca\/","og_site_name":"Fuentes Fidedignas","article_publisher":"https:\/\/www.facebook.com\/Fuentes-Fidedignas-368234489921644","article_published_time":"2021-09-04T17:54:08+00:00","article_modified_time":"2021-09-04T17:54:11+00:00","og_image":[{"width":1280,"height":758,"url":"https:\/\/fuentesfidedignas.com.mx\/wp-content\/uploads\/2021\/09\/c4804b99-706e-4b8b-9aa2-971d0720fe8c.jpg","type":"image\/jpeg"}],"author":"Redacci\u00f3n","twitter_card":"summary_large_image","twitter_creator":"@fidedignas","twitter_site":"@fidedignas","twitter_misc":{"Escrito por":"Redacci\u00f3n","Tiempo de lectura":"2 minutos"},"schema":{"@context":"https:\/\/schema.org","@graph":[{"@type":"Article","@id":"https:\/\/fuentesfidedignas.com.mx\/index.php\/2021\/09\/04\/del-7-al-14-de-septiembre-se-aplicaran-vacunas-de-1ra-y-2das-dosis-de-astrazeneca\/#article","isPartOf":{"@id":"https:\/\/fuentesfidedignas.com.mx\/index.php\/2021\/09\/04\/del-7-al-14-de-septiembre-se-aplicaran-vacunas-de-1ra-y-2das-dosis-de-astrazeneca\/"},"author":{"name":"Redacci\u00f3n","@id":"https:\/\/fuentesfidedignas.com.mx\/#\/schema\/person\/331be9283d37198e2acd5750279085b0"},"headline":"Del 7 al 14 de septiembre se aplicar\u00e1n vacunas de 1ra y 2das dosis de AstraZeneca","datePublished":"2021-09-04T17:54:08+00:00","dateModified":"2021-09-04T17:54:11+00:00","mainEntityOfPage":{"@id":"https:\/\/fuentesfidedignas.com.mx\/index.php\/2021\/09\/04\/del-7-al-14-de-septiembre-se-aplicaran-vacunas-de-1ra-y-2das-dosis-de-astrazeneca\/"},"wordCount":413,"commentCount":0,"publisher":{"@id":"https:\/\/fuentesfidedignas.com.mx\/#organization"},"image":{"@id":"https:\/\/fuentesfidedignas.com.mx\/index.php\/2021\/09\/04\/del-7-al-14-de-septiembre-se-aplicaran-vacunas-de-1ra-y-2das-dosis-de-astrazeneca\/#primaryimage"},"thumbnailUrl":"https:\/\/fuentesfidedignas.com.mx\/wp-content\/uploads\/2021\/09\/c4804b99-706e-4b8b-9aa2-971d0720fe8c.jpg","articleSection":["NOTA PRINCIPAL"],"inLanguage":"es","potentialAction":[{"@type":"CommentAction","name":"Comment","target":["https:\/\/fuentesfidedignas.com.mx\/index.php\/2021\/09\/04\/del-7-al-14-de-septiembre-se-aplicaran-vacunas-de-1ra-y-2das-dosis-de-astrazeneca\/#respond"]}]},{"@type":"WebPage","@id":"https:\/\/fuentesfidedignas.com.mx\/index.php\/2021\/09\/04\/del-7-al-14-de-septiembre-se-aplicaran-vacunas-de-1ra-y-2das-dosis-de-astrazeneca\/","url":"https:\/\/fuentesfidedignas.com.mx\/index.php\/2021\/09\/04\/del-7-al-14-de-septiembre-se-aplicaran-vacunas-de-1ra-y-2das-dosis-de-astrazeneca\/","name":"Del 7 al 14 de septiembre se aplicar\u00e1n vacunas de 1ra y 2das dosis de AstraZeneca - Fuentes Fidedignas","isPartOf":{"@id":"https:\/\/fuentesfidedignas.com.mx\/#website"},"primaryImageOfPage":{"@id":"https:\/\/fuentesfidedignas.com.mx\/index.php\/2021\/09\/04\/del-7-al-14-de-septiembre-se-aplicaran-vacunas-de-1ra-y-2das-dosis-de-astrazeneca\/#primaryimage"},"image":{"@id":"https:\/\/fuentesfidedignas.com.mx\/index.php\/2021\/09\/04\/del-7-al-14-de-septiembre-se-aplicaran-vacunas-de-1ra-y-2das-dosis-de-astrazeneca\/#primaryimage"},"thumbnailUrl":"https:\/\/fuentesfidedignas.com.mx\/wp-content\/uploads\/2021\/09\/c4804b99-706e-4b8b-9aa2-971d0720fe8c.jpg","datePublished":"2021-09-04T17:54:08+00:00","dateModified":"2021-09-04T17:54:11+00:00","breadcrumb":{"@id":"https:\/\/fuentesfidedignas.com.mx\/index.php\/2021\/09\/04\/del-7-al-14-de-septiembre-se-aplicaran-vacunas-de-1ra-y-2das-dosis-de-astrazeneca\/#breadcrumb"},"inLanguage":"es","potentialAction":[{"@type":"ReadAction","target":["https:\/\/fuentesfidedignas.com.mx\/index.php\/2021\/09\/04\/del-7-al-14-de-septiembre-se-aplicaran-vacunas-de-1ra-y-2das-dosis-de-astrazeneca\/"]}]},{"@type":"ImageObject","inLanguage":"es","@id":"https:\/\/fuentesfidedignas.com.mx\/index.php\/2021\/09\/04\/del-7-al-14-de-septiembre-se-aplicaran-vacunas-de-1ra-y-2das-dosis-de-astrazeneca\/#primaryimage","url":"https:\/\/fuentesfidedignas.com.mx\/wp-content\/uploads\/2021\/09\/c4804b99-706e-4b8b-9aa2-971d0720fe8c.jpg","contentUrl":"https:\/\/fuentesfidedignas.com.mx\/wp-content\/uploads\/2021\/09\/c4804b99-706e-4b8b-9aa2-971d0720fe8c.jpg","width":1280,"height":758},{"@type":"BreadcrumbList","@id":"https:\/\/fuentesfidedignas.com.mx\/index.php\/2021\/09\/04\/del-7-al-14-de-septiembre-se-aplicaran-vacunas-de-1ra-y-2das-dosis-de-astrazeneca\/#breadcrumb","itemListElement":[{"@type":"ListItem","position":1,"name":"Inicio","item":"https:\/\/fuentesfidedignas.com.mx\/"},{"@type":"ListItem","position":2,"name":"Del 7 al 14 de septiembre se aplicar\u00e1n vacunas de 1ra y 2das dosis de AstraZeneca"}]},{"@type":"WebSite","@id":"https:\/\/fuentesfidedignas.com.mx\/#website","url":"https:\/\/fuentesfidedignas.com.mx\/","name":"Fuentes Fidedignas","description":"Otro sitio realizado con WordPress","publisher":{"@id":"https:\/\/fuentesfidedignas.com.mx\/#organization"},"potentialAction":[{"@type":"SearchAction","target":{"@type":"EntryPoint","urlTemplate":"https:\/\/fuentesfidedignas.com.mx\/?s={search_term_string}"},"query-input":{"@type":"PropertyValueSpecification","valueRequired":true,"valueName":"search_term_string"}}],"inLanguage":"es"},{"@type":"Organization","@id":"https:\/\/fuentesfidedignas.com.mx\/#organization","name":"Fuentes Fidedignas","url":"https:\/\/fuentesfidedignas.com.mx\/","logo":{"@type":"ImageObject","inLanguage":"es","@id":"https:\/\/fuentesfidedignas.com.mx\/#\/schema\/logo\/image\/","url":"https:\/\/fuentesfidedignas.com.mx\/wp-content\/uploads\/2021\/04\/logo-retina.png","contentUrl":"https:\/\/fuentesfidedignas.com.mx\/wp-content\/uploads\/2021\/04\/logo-retina.png","width":280,"height":51,"caption":"Fuentes Fidedignas"},"image":{"@id":"https:\/\/fuentesfidedignas.com.mx\/#\/schema\/logo\/image\/"},"sameAs":["https:\/\/www.facebook.com\/Fuentes-Fidedignas-368234489921644","https:\/\/x.com\/fidedignas"]},{"@type":"Person","@id":"https:\/\/fuentesfidedignas.com.mx\/#\/schema\/person\/331be9283d37198e2acd5750279085b0","name":"Redacci\u00f3n","image":{"@type":"ImageObject","inLanguage":"es","@id":"https:\/\/secure.gravatar.com\/avatar\/f6d8782c11d12b2d4ad3fbb6931aeab5309937a4d6cd2fc9cfaa28a6396a5aec?s=96&d=mm&r=g","url":"https:\/\/secure.gravatar.com\/avatar\/f6d8782c11d12b2d4ad3fbb6931aeab5309937a4d6cd2fc9cfaa28a6396a5aec?s=96&d=mm&r=g","contentUrl":"https:\/\/secure.gravatar.com\/avatar\/f6d8782c11d12b2d4ad3fbb6931aeab5309937a4d6cd2fc9cfaa28a6396a5aec?s=96&d=mm&r=g","caption":"Redacci\u00f3n"},"url":"https:\/\/fuentesfidedignas.com.mx\/index.php\/author\/redaccion\/"}]}},"_links":{"self":[{"href":"https:\/\/fuentesfidedignas.com.mx\/index.php\/wp-json\/wp\/v2\/posts\/11753","targetHints":{"allow":["GET"]}}],"collection":[{"href":"https:\/\/fuentesfidedignas.com.mx\/index.php\/wp-json\/wp\/v2\/posts"}],"about":[{"href":"https:\/\/fuentesfidedignas.com.mx\/index.php\/wp-json\/wp\/v2\/types\/post"}],"author":[{"embeddable":true,"href":"https:\/\/fuentesfidedignas.com.mx\/index.php\/wp-json\/wp\/v2\/users\/4"}],"replies":[{"embeddable":true,"href":"https:\/\/fuentesfidedignas.com.mx\/index.php\/wp-json\/wp\/v2\/comments?post=11753"}],"version-history":[{"count":1,"href":"https:\/\/fuentesfidedignas.com.mx\/index.php\/wp-json\/wp\/v2\/posts\/11753\/revisions"}],"predecessor-version":[{"id":11755,"href":"https:\/\/fuentesfidedignas.com.mx\/index.php\/wp-json\/wp\/v2\/posts\/11753\/revisions\/11755"}],"wp:featuredmedia":[{"embeddable":true,"href":"https:\/\/fuentesfidedignas.com.mx\/index.php\/wp-json\/wp\/v2\/media\/11754"}],"wp:attachment":[{"href":"https:\/\/fuentesfidedignas.com.mx\/index.php\/wp-json\/wp\/v2\/media?parent=11753"}],"wp:term":[{"taxonomy":"category","embeddable":true,"href":"https:\/\/fuentesfidedignas.com.mx\/index.php\/wp-json\/wp\/v2\/categories?post=11753"},{"taxonomy":"post_tag","embeddable":true,"href":"https:\/\/fuentesfidedignas.com.mx\/index.php\/wp-json\/wp\/v2\/tags?post=11753"}],"curies":[{"name":"wp","href":"https:\/\/api.w.org\/{rel}","templated":true}]}}