{"id":117496,"date":"2025-09-17T13:29:10","date_gmt":"2025-09-17T20:29:10","guid":{"rendered":"https:\/\/fuentesfidedignas.com.mx\/?p=117496"},"modified":"2025-09-18T06:32:03","modified_gmt":"2025-09-18T13:32:03","slug":"tercero-logra-amparo-a-favor-de-andy-y-bobby-lopez-beltran","status":"publish","type":"post","link":"https:\/\/fuentesfidedignas.com.mx\/index.php\/2025\/09\/17\/tercero-logra-amparo-a-favor-de-andy-y-bobby-lopez-beltran\/","title":{"rendered":"Amparan a Andy y Bobby L\u00f3pez Beltr\u00e1n contra la FGR y autoridades locales"},"content":{"rendered":"\n<p><strong><em>El documento, conocido en el lenguaje legal como \u201camparo buscador\u201d se suele usar para averiguar si existen alguna orden de captura en contra de qui\u00e9n o qui\u00e9nes lo promueven.<\/em><\/strong><\/p>\n\n\n\n<p>Ayer, jueces de la CDMX y Zacatecas otorgaron \u201camparos buscadores\u201d tramitados por un tecero, a Andy y Bobby L\u00f3pez Beltr\u00e1n, hijos del expresidente Andr\u00e9s Manuel L\u00f3pez Obrador (AMLO).<\/p>\n\n\n\n<p>En listados del Juzgado Noveno de Distrito en Materia Administrativa con sede en la Ciudad de M\u00e9xico, y del Juzgado Segundo de Distrito de Zacatecas se inform\u00f3 que se otorg\u00f3 la suspensi\u00f3n de plano en contra de posibles detenciones, incomunicaci\u00f3n e ilocalizabilidad (sic), privaci\u00f3n de la vida, desaparici\u00f3n forzada de los posibles detenidos.<\/p>\n\n\n\n<p>Los \u201camparos buscadores\u201d se tramitan para que el juzgado que otorg\u00f3 la medida recabe informaci\u00f3n sobre si existen o no, posibles \u00f3rdenes de aprehensi\u00f3n en contra, en este caso, de los hijos del expresidente L\u00f3pez Obrador.<\/p>\n\n\n\n<p>En el caso de los hijos de AMLO, cabe la posibilidad de que terceros tramitaran los recursos sin que estos tengan conocimiento de ello, pues en este tipo de actos, cualquiera puede promoverlo.<\/p>\n\n\n\n<p>Para el caso del recurso tramitado en la Ciudad de M\u00e9xico, 1728\/2025 es contra la Fiscal\u00eda Especializada en Materia de Delincuencia Organizada (FEMDO) de la Fiscal\u00eda General de la Rep\u00fablica (FGR), misma que lleva el caso de los marinos huachicoleros, primero se present\u00f3 ante el Centro de Justicia Penal Federal en el Estado de M\u00e9xico, el cual fue declinado al Noveno de Distrito.<\/p>\n\n\n\n<p>En la versi\u00f3n p\u00fablica del acuerdo se indica el nombre del segundo hijo de L\u00f3pez Obrador y no se mencionan otros quejosos, as\u00ed como qui\u00e9n o qui\u00e9nes tramitaron el recurso.<\/p>\n\n\n\n<p>En Zacatecas, los amparan contra las autoridades locales y de Tamaulipas<br>Por otro lado, el amparo de Zacatecas fue tramitado por una persona que se present\u00f3 como Francisco Javier Rodr\u00edguez Smith MacDonald, seg\u00fan se ha reportado en redes sociales.<\/p>\n\n\n\n<blockquote class=\"twitter-tweet\"><p lang=\"es\" dir=\"ltr\">Andy L\u00f3pez Beltr\u00e1n no tiene un amparo contra \u00f3rdenes de aprehensi\u00f3n.<br><br>Tampoco tiene dos.<br><br>\ud83d\udea8 Tiene 3. Y tambi\u00e9n est\u00e1n amparados sus hermanos Jos\u00e9 Ram\u00f3n y Gonzalo junto con gran parte de la red del huachicol fiscal.<br><br>Adem\u00e1s del amparo presentado en Zacatecas, que public\u00f3\u2026 <a href=\"https:\/\/t.co\/qHKBh0Gozt\">pic.twitter.com\/qHKBh0Gozt<\/a><\/p>&mdash; Miguel Alfonso Meza (@MiguelMezaC) <a href=\"https:\/\/twitter.com\/MiguelMezaC\/status\/1968399937202495559?ref_src=twsrc%5Etfw\">September 17, 2025<\/a><\/blockquote> <script async src=\"https:\/\/platform.twitter.com\/widgets.js\" charset=\"utf-8\"><\/script>\n\n\n\n<p>El supuesto socio de la supuesta firma S M Donald y Asociados (que aparece en Facebook con 2 seguidores) obtuvo la medida a favor -adem\u00e1s de los hijos del expresidente- de C\u00e9sar Reyna Carrillo, Juan Carlos Madera Larios, Miguel \u00c1ngel Solano Ruiz, Diana Heleyn Foullon G\u00f3mez alias \u201cLady D\u201d, Roberto Blanco Cant\u00fa alias \u201cEl Se\u00f1or de los buques\u201d; Fernando Far\u00edas Laguna, Carlos Estudillo Villalobos, Sergio Varela, Bertha Elizabeth Castro, Ra\u00fal Mendoza y Ra\u00fal Torres, presuntos involucrados en el caso de los marinos huachicoleros.<\/p>\n\n\n\n<p>A su vez, en la resoluci\u00f3n del expediente 2098\/2025 se destaca que el escrito se present\u00f3 sin firma, y que se fij\u00f3 una audiencia para el 28 de octubre a las 12:00 horas.<\/p>\n\n\n\n<p>Andy L\u00f3pez Beltr\u00e1n es el secretario de organizaci\u00f3n de Morena, partido fundado por su padre.<\/p>\n","protected":false},"excerpt":{"rendered":"<p>El documento, conocido en el lenguaje legal como \u201camparo buscador\u201d se suele usar para averiguar si existen alguna orden de captura en contra de qui\u00e9n o qui\u00e9nes lo promueven. Ayer, jueces de la CDMX y Zacatecas otorgaron \u201camparos buscadores\u201d tramitados por un tecero, a Andy y Bobby L\u00f3pez Beltr\u00e1n, hijos del expresidente Andr\u00e9s Manuel L\u00f3pez [&hellip;]<\/p>\n","protected":false},"author":48,"featured_media":114414,"comment_status":"open","ping_status":"open","sticky":false,"template":"","format":"standard","meta":{"tdm_status":"","tdm_grid_status":"","footnotes":""},"categories":[],"tags":[],"class_list":["post-117496","post","type-post","status-publish","format-standard","has-post-thumbnail"],"yoast_head":"<!-- This site is optimized with the Yoast SEO plugin v27.5 - https:\/\/yoast.com\/product\/yoast-seo-wordpress\/ -->\n<title>Amparan a Andy y Bobby L\u00f3pez Beltr\u00e1n contra la FGR y autoridades locales - Fuentes Fidedignas<\/title>\n<meta name=\"robots\" content=\"index, follow, max-snippet:-1, max-image-preview:large, max-video-preview:-1\" \/>\n<link rel=\"canonical\" href=\"https:\/\/fuentesfidedignas.com.mx\/index.php\/2025\/09\/17\/tercero-logra-amparo-a-favor-de-andy-y-bobby-lopez-beltran\/\" \/>\n<meta property=\"og:locale\" content=\"es_MX\" \/>\n<meta property=\"og:type\" content=\"article\" \/>\n<meta property=\"og:title\" content=\"Amparan a Andy y Bobby L\u00f3pez Beltr\u00e1n contra la FGR y autoridades locales - Fuentes Fidedignas\" \/>\n<meta property=\"og:description\" content=\"El documento, conocido en el lenguaje legal como \u201camparo buscador\u201d se suele usar para averiguar si existen alguna orden de captura en contra de qui\u00e9n o qui\u00e9nes lo promueven. Ayer, jueces de la CDMX y Zacatecas otorgaron \u201camparos buscadores\u201d tramitados por un tecero, a Andy y Bobby L\u00f3pez Beltr\u00e1n, hijos del expresidente Andr\u00e9s Manuel L\u00f3pez [&hellip;]\" \/>\n<meta property=\"og:url\" content=\"https:\/\/fuentesfidedignas.com.mx\/index.php\/2025\/09\/17\/tercero-logra-amparo-a-favor-de-andy-y-bobby-lopez-beltran\/\" \/>\n<meta property=\"og:site_name\" content=\"Fuentes Fidedignas\" \/>\n<meta property=\"article:publisher\" content=\"https:\/\/www.facebook.com\/Fuentes-Fidedignas-368234489921644\" \/>\n<meta property=\"article:published_time\" content=\"2025-09-17T20:29:10+00:00\" \/>\n<meta property=\"article:modified_time\" content=\"2025-09-18T13:32:03+00:00\" \/>\n<meta property=\"og:image\" content=\"https:\/\/fuentesfidedignas.com.mx\/wp-content\/uploads\/2025\/08\/Andy-Lopez.jpg\" \/>\n\t<meta property=\"og:image:width\" content=\"500\" \/>\n\t<meta property=\"og:image:height\" content=\"334\" \/>\n\t<meta property=\"og:image:type\" content=\"image\/jpeg\" \/>\n<meta name=\"author\" content=\"24 Horas\" \/>\n<meta name=\"twitter:card\" content=\"summary_large_image\" \/>\n<meta name=\"twitter:creator\" content=\"@fidedignas\" \/>\n<meta name=\"twitter:site\" content=\"@fidedignas\" \/>\n<meta name=\"twitter:label1\" content=\"Escrito por\" \/>\n\t<meta name=\"twitter:data1\" content=\"24 Horas\" \/>\n\t<meta name=\"twitter:label2\" content=\"Tiempo de lectura\" \/>\n\t<meta name=\"twitter:data2\" content=\"3 minutos\" \/>\n<script type=\"application\/ld+json\" class=\"yoast-schema-graph\">{\"@context\":\"https:\\\/\\\/schema.org\",\"@graph\":[{\"@type\":\"Article\",\"@id\":\"https:\\\/\\\/fuentesfidedignas.com.mx\\\/index.php\\\/2025\\\/09\\\/17\\\/tercero-logra-amparo-a-favor-de-andy-y-bobby-lopez-beltran\\\/#article\",\"isPartOf\":{\"@id\":\"https:\\\/\\\/fuentesfidedignas.com.mx\\\/index.php\\\/2025\\\/09\\\/17\\\/tercero-logra-amparo-a-favor-de-andy-y-bobby-lopez-beltran\\\/\"},\"author\":{\"name\":\"24 Horas\",\"@id\":\"https:\\\/\\\/fuentesfidedignas.com.mx\\\/#\\\/schema\\\/person\\\/c153201642a90c59ba21949770a44cf0\"},\"headline\":\"Amparan a Andy y Bobby L\u00f3pez Beltr\u00e1n contra la FGR y autoridades locales\",\"datePublished\":\"2025-09-17T20:29:10+00:00\",\"dateModified\":\"2025-09-18T13:32:03+00:00\",\"mainEntityOfPage\":{\"@id\":\"https:\\\/\\\/fuentesfidedignas.com.mx\\\/index.php\\\/2025\\\/09\\\/17\\\/tercero-logra-amparo-a-favor-de-andy-y-bobby-lopez-beltran\\\/\"},\"wordCount\":549,\"commentCount\":0,\"publisher\":{\"@id\":\"https:\\\/\\\/fuentesfidedignas.com.mx\\\/#organization\"},\"image\":{\"@id\":\"https:\\\/\\\/fuentesfidedignas.com.mx\\\/index.php\\\/2025\\\/09\\\/17\\\/tercero-logra-amparo-a-favor-de-andy-y-bobby-lopez-beltran\\\/#primaryimage\"},\"thumbnailUrl\":\"https:\\\/\\\/fuentesfidedignas.com.mx\\\/wp-content\\\/uploads\\\/2025\\\/08\\\/Andy-Lopez.jpg\",\"inLanguage\":\"es\",\"potentialAction\":[{\"@type\":\"CommentAction\",\"name\":\"Comment\",\"target\":[\"https:\\\/\\\/fuentesfidedignas.com.mx\\\/index.php\\\/2025\\\/09\\\/17\\\/tercero-logra-amparo-a-favor-de-andy-y-bobby-lopez-beltran\\\/#respond\"]}]},{\"@type\":\"WebPage\",\"@id\":\"https:\\\/\\\/fuentesfidedignas.com.mx\\\/index.php\\\/2025\\\/09\\\/17\\\/tercero-logra-amparo-a-favor-de-andy-y-bobby-lopez-beltran\\\/\",\"url\":\"https:\\\/\\\/fuentesfidedignas.com.mx\\\/index.php\\\/2025\\\/09\\\/17\\\/tercero-logra-amparo-a-favor-de-andy-y-bobby-lopez-beltran\\\/\",\"name\":\"Amparan a Andy y Bobby L\u00f3pez Beltr\u00e1n contra la FGR y autoridades locales - Fuentes Fidedignas\",\"isPartOf\":{\"@id\":\"https:\\\/\\\/fuentesfidedignas.com.mx\\\/#website\"},\"primaryImageOfPage\":{\"@id\":\"https:\\\/\\\/fuentesfidedignas.com.mx\\\/index.php\\\/2025\\\/09\\\/17\\\/tercero-logra-amparo-a-favor-de-andy-y-bobby-lopez-beltran\\\/#primaryimage\"},\"image\":{\"@id\":\"https:\\\/\\\/fuentesfidedignas.com.mx\\\/index.php\\\/2025\\\/09\\\/17\\\/tercero-logra-amparo-a-favor-de-andy-y-bobby-lopez-beltran\\\/#primaryimage\"},\"thumbnailUrl\":\"https:\\\/\\\/fuentesfidedignas.com.mx\\\/wp-content\\\/uploads\\\/2025\\\/08\\\/Andy-Lopez.jpg\",\"datePublished\":\"2025-09-17T20:29:10+00:00\",\"dateModified\":\"2025-09-18T13:32:03+00:00\",\"breadcrumb\":{\"@id\":\"https:\\\/\\\/fuentesfidedignas.com.mx\\\/index.php\\\/2025\\\/09\\\/17\\\/tercero-logra-amparo-a-favor-de-andy-y-bobby-lopez-beltran\\\/#breadcrumb\"},\"inLanguage\":\"es\",\"potentialAction\":[{\"@type\":\"ReadAction\",\"target\":[\"https:\\\/\\\/fuentesfidedignas.com.mx\\\/index.php\\\/2025\\\/09\\\/17\\\/tercero-logra-amparo-a-favor-de-andy-y-bobby-lopez-beltran\\\/\"]}]},{\"@type\":\"ImageObject\",\"inLanguage\":\"es\",\"@id\":\"https:\\\/\\\/fuentesfidedignas.com.mx\\\/index.php\\\/2025\\\/09\\\/17\\\/tercero-logra-amparo-a-favor-de-andy-y-bobby-lopez-beltran\\\/#primaryimage\",\"url\":\"https:\\\/\\\/fuentesfidedignas.com.mx\\\/wp-content\\\/uploads\\\/2025\\\/08\\\/Andy-Lopez.jpg\",\"contentUrl\":\"https:\\\/\\\/fuentesfidedignas.com.mx\\\/wp-content\\\/uploads\\\/2025\\\/08\\\/Andy-Lopez.jpg\",\"width\":500,\"height\":334},{\"@type\":\"BreadcrumbList\",\"@id\":\"https:\\\/\\\/fuentesfidedignas.com.mx\\\/index.php\\\/2025\\\/09\\\/17\\\/tercero-logra-amparo-a-favor-de-andy-y-bobby-lopez-beltran\\\/#breadcrumb\",\"itemListElement\":[{\"@type\":\"ListItem\",\"position\":1,\"name\":\"Inicio\",\"item\":\"https:\\\/\\\/fuentesfidedignas.com.mx\\\/\"},{\"@type\":\"ListItem\",\"position\":2,\"name\":\"Amparan a Andy y Bobby L\u00f3pez Beltr\u00e1n contra la FGR y autoridades locales\"}]},{\"@type\":\"WebSite\",\"@id\":\"https:\\\/\\\/fuentesfidedignas.com.mx\\\/#website\",\"url\":\"https:\\\/\\\/fuentesfidedignas.com.mx\\\/\",\"name\":\"Fuentes Fidedignas\",\"description\":\"Otro sitio realizado con WordPress\",\"publisher\":{\"@id\":\"https:\\\/\\\/fuentesfidedignas.com.mx\\\/#organization\"},\"potentialAction\":[{\"@type\":\"SearchAction\",\"target\":{\"@type\":\"EntryPoint\",\"urlTemplate\":\"https:\\\/\\\/fuentesfidedignas.com.mx\\\/?s={search_term_string}\"},\"query-input\":{\"@type\":\"PropertyValueSpecification\",\"valueRequired\":true,\"valueName\":\"search_term_string\"}}],\"inLanguage\":\"es\"},{\"@type\":\"Organization\",\"@id\":\"https:\\\/\\\/fuentesfidedignas.com.mx\\\/#organization\",\"name\":\"Fuentes Fidedignas\",\"url\":\"https:\\\/\\\/fuentesfidedignas.com.mx\\\/\",\"logo\":{\"@type\":\"ImageObject\",\"inLanguage\":\"es\",\"@id\":\"https:\\\/\\\/fuentesfidedignas.com.mx\\\/#\\\/schema\\\/logo\\\/image\\\/\",\"url\":\"https:\\\/\\\/fuentesfidedignas.com.mx\\\/wp-content\\\/uploads\\\/2021\\\/04\\\/logo-retina.png\",\"contentUrl\":\"https:\\\/\\\/fuentesfidedignas.com.mx\\\/wp-content\\\/uploads\\\/2021\\\/04\\\/logo-retina.png\",\"width\":280,\"height\":51,\"caption\":\"Fuentes Fidedignas\"},\"image\":{\"@id\":\"https:\\\/\\\/fuentesfidedignas.com.mx\\\/#\\\/schema\\\/logo\\\/image\\\/\"},\"sameAs\":[\"https:\\\/\\\/www.facebook.com\\\/Fuentes-Fidedignas-368234489921644\",\"https:\\\/\\\/x.com\\\/fidedignas\"]},{\"@type\":\"Person\",\"@id\":\"https:\\\/\\\/fuentesfidedignas.com.mx\\\/#\\\/schema\\\/person\\\/c153201642a90c59ba21949770a44cf0\",\"name\":\"24 Horas\",\"image\":{\"@type\":\"ImageObject\",\"inLanguage\":\"es\",\"@id\":\"https:\\\/\\\/secure.gravatar.com\\\/avatar\\\/d57d265b82c3d5f4b0b6931fad64d5041927f6aa9b72d952801e28730adce9d1?s=96&d=mm&r=g\",\"url\":\"https:\\\/\\\/secure.gravatar.com\\\/avatar\\\/d57d265b82c3d5f4b0b6931fad64d5041927f6aa9b72d952801e28730adce9d1?s=96&d=mm&r=g\",\"contentUrl\":\"https:\\\/\\\/secure.gravatar.com\\\/avatar\\\/d57d265b82c3d5f4b0b6931fad64d5041927f6aa9b72d952801e28730adce9d1?s=96&d=mm&r=g\",\"caption\":\"24 Horas\"},\"url\":\"https:\\\/\\\/fuentesfidedignas.com.mx\\\/index.php\\\/author\\\/horas\\\/\"}]}<\/script>\n<!-- \/ Yoast SEO plugin. -->","yoast_head_json":{"title":"Amparan a Andy y Bobby L\u00f3pez Beltr\u00e1n contra la FGR y autoridades locales - Fuentes Fidedignas","robots":{"index":"index","follow":"follow","max-snippet":"max-snippet:-1","max-image-preview":"max-image-preview:large","max-video-preview":"max-video-preview:-1"},"canonical":"https:\/\/fuentesfidedignas.com.mx\/index.php\/2025\/09\/17\/tercero-logra-amparo-a-favor-de-andy-y-bobby-lopez-beltran\/","og_locale":"es_MX","og_type":"article","og_title":"Amparan a Andy y Bobby L\u00f3pez Beltr\u00e1n contra la FGR y autoridades locales - Fuentes Fidedignas","og_description":"El documento, conocido en el lenguaje legal como \u201camparo buscador\u201d se suele usar para averiguar si existen alguna orden de captura en contra de qui\u00e9n o qui\u00e9nes lo promueven. Ayer, jueces de la CDMX y Zacatecas otorgaron \u201camparos buscadores\u201d tramitados por un tecero, a Andy y Bobby L\u00f3pez Beltr\u00e1n, hijos del expresidente Andr\u00e9s Manuel L\u00f3pez [&hellip;]","og_url":"https:\/\/fuentesfidedignas.com.mx\/index.php\/2025\/09\/17\/tercero-logra-amparo-a-favor-de-andy-y-bobby-lopez-beltran\/","og_site_name":"Fuentes Fidedignas","article_publisher":"https:\/\/www.facebook.com\/Fuentes-Fidedignas-368234489921644","article_published_time":"2025-09-17T20:29:10+00:00","article_modified_time":"2025-09-18T13:32:03+00:00","og_image":[{"width":500,"height":334,"url":"https:\/\/fuentesfidedignas.com.mx\/wp-content\/uploads\/2025\/08\/Andy-Lopez.jpg","type":"image\/jpeg"}],"author":"24 Horas","twitter_card":"summary_large_image","twitter_creator":"@fidedignas","twitter_site":"@fidedignas","twitter_misc":{"Escrito por":"24 Horas","Tiempo de lectura":"3 minutos"},"schema":{"@context":"https:\/\/schema.org","@graph":[{"@type":"Article","@id":"https:\/\/fuentesfidedignas.com.mx\/index.php\/2025\/09\/17\/tercero-logra-amparo-a-favor-de-andy-y-bobby-lopez-beltran\/#article","isPartOf":{"@id":"https:\/\/fuentesfidedignas.com.mx\/index.php\/2025\/09\/17\/tercero-logra-amparo-a-favor-de-andy-y-bobby-lopez-beltran\/"},"author":{"name":"24 Horas","@id":"https:\/\/fuentesfidedignas.com.mx\/#\/schema\/person\/c153201642a90c59ba21949770a44cf0"},"headline":"Amparan a Andy y Bobby L\u00f3pez Beltr\u00e1n contra la FGR y autoridades locales","datePublished":"2025-09-17T20:29:10+00:00","dateModified":"2025-09-18T13:32:03+00:00","mainEntityOfPage":{"@id":"https:\/\/fuentesfidedignas.com.mx\/index.php\/2025\/09\/17\/tercero-logra-amparo-a-favor-de-andy-y-bobby-lopez-beltran\/"},"wordCount":549,"commentCount":0,"publisher":{"@id":"https:\/\/fuentesfidedignas.com.mx\/#organization"},"image":{"@id":"https:\/\/fuentesfidedignas.com.mx\/index.php\/2025\/09\/17\/tercero-logra-amparo-a-favor-de-andy-y-bobby-lopez-beltran\/#primaryimage"},"thumbnailUrl":"https:\/\/fuentesfidedignas.com.mx\/wp-content\/uploads\/2025\/08\/Andy-Lopez.jpg","inLanguage":"es","potentialAction":[{"@type":"CommentAction","name":"Comment","target":["https:\/\/fuentesfidedignas.com.mx\/index.php\/2025\/09\/17\/tercero-logra-amparo-a-favor-de-andy-y-bobby-lopez-beltran\/#respond"]}]},{"@type":"WebPage","@id":"https:\/\/fuentesfidedignas.com.mx\/index.php\/2025\/09\/17\/tercero-logra-amparo-a-favor-de-andy-y-bobby-lopez-beltran\/","url":"https:\/\/fuentesfidedignas.com.mx\/index.php\/2025\/09\/17\/tercero-logra-amparo-a-favor-de-andy-y-bobby-lopez-beltran\/","name":"Amparan a Andy y Bobby L\u00f3pez Beltr\u00e1n contra la FGR y autoridades locales - Fuentes Fidedignas","isPartOf":{"@id":"https:\/\/fuentesfidedignas.com.mx\/#website"},"primaryImageOfPage":{"@id":"https:\/\/fuentesfidedignas.com.mx\/index.php\/2025\/09\/17\/tercero-logra-amparo-a-favor-de-andy-y-bobby-lopez-beltran\/#primaryimage"},"image":{"@id":"https:\/\/fuentesfidedignas.com.mx\/index.php\/2025\/09\/17\/tercero-logra-amparo-a-favor-de-andy-y-bobby-lopez-beltran\/#primaryimage"},"thumbnailUrl":"https:\/\/fuentesfidedignas.com.mx\/wp-content\/uploads\/2025\/08\/Andy-Lopez.jpg","datePublished":"2025-09-17T20:29:10+00:00","dateModified":"2025-09-18T13:32:03+00:00","breadcrumb":{"@id":"https:\/\/fuentesfidedignas.com.mx\/index.php\/2025\/09\/17\/tercero-logra-amparo-a-favor-de-andy-y-bobby-lopez-beltran\/#breadcrumb"},"inLanguage":"es","potentialAction":[{"@type":"ReadAction","target":["https:\/\/fuentesfidedignas.com.mx\/index.php\/2025\/09\/17\/tercero-logra-amparo-a-favor-de-andy-y-bobby-lopez-beltran\/"]}]},{"@type":"ImageObject","inLanguage":"es","@id":"https:\/\/fuentesfidedignas.com.mx\/index.php\/2025\/09\/17\/tercero-logra-amparo-a-favor-de-andy-y-bobby-lopez-beltran\/#primaryimage","url":"https:\/\/fuentesfidedignas.com.mx\/wp-content\/uploads\/2025\/08\/Andy-Lopez.jpg","contentUrl":"https:\/\/fuentesfidedignas.com.mx\/wp-content\/uploads\/2025\/08\/Andy-Lopez.jpg","width":500,"height":334},{"@type":"BreadcrumbList","@id":"https:\/\/fuentesfidedignas.com.mx\/index.php\/2025\/09\/17\/tercero-logra-amparo-a-favor-de-andy-y-bobby-lopez-beltran\/#breadcrumb","itemListElement":[{"@type":"ListItem","position":1,"name":"Inicio","item":"https:\/\/fuentesfidedignas.com.mx\/"},{"@type":"ListItem","position":2,"name":"Amparan a Andy y Bobby L\u00f3pez Beltr\u00e1n contra la FGR y autoridades locales"}]},{"@type":"WebSite","@id":"https:\/\/fuentesfidedignas.com.mx\/#website","url":"https:\/\/fuentesfidedignas.com.mx\/","name":"Fuentes Fidedignas","description":"Otro sitio realizado con WordPress","publisher":{"@id":"https:\/\/fuentesfidedignas.com.mx\/#organization"},"potentialAction":[{"@type":"SearchAction","target":{"@type":"EntryPoint","urlTemplate":"https:\/\/fuentesfidedignas.com.mx\/?s={search_term_string}"},"query-input":{"@type":"PropertyValueSpecification","valueRequired":true,"valueName":"search_term_string"}}],"inLanguage":"es"},{"@type":"Organization","@id":"https:\/\/fuentesfidedignas.com.mx\/#organization","name":"Fuentes Fidedignas","url":"https:\/\/fuentesfidedignas.com.mx\/","logo":{"@type":"ImageObject","inLanguage":"es","@id":"https:\/\/fuentesfidedignas.com.mx\/#\/schema\/logo\/image\/","url":"https:\/\/fuentesfidedignas.com.mx\/wp-content\/uploads\/2021\/04\/logo-retina.png","contentUrl":"https:\/\/fuentesfidedignas.com.mx\/wp-content\/uploads\/2021\/04\/logo-retina.png","width":280,"height":51,"caption":"Fuentes Fidedignas"},"image":{"@id":"https:\/\/fuentesfidedignas.com.mx\/#\/schema\/logo\/image\/"},"sameAs":["https:\/\/www.facebook.com\/Fuentes-Fidedignas-368234489921644","https:\/\/x.com\/fidedignas"]},{"@type":"Person","@id":"https:\/\/fuentesfidedignas.com.mx\/#\/schema\/person\/c153201642a90c59ba21949770a44cf0","name":"24 Horas","image":{"@type":"ImageObject","inLanguage":"es","@id":"https:\/\/secure.gravatar.com\/avatar\/d57d265b82c3d5f4b0b6931fad64d5041927f6aa9b72d952801e28730adce9d1?s=96&d=mm&r=g","url":"https:\/\/secure.gravatar.com\/avatar\/d57d265b82c3d5f4b0b6931fad64d5041927f6aa9b72d952801e28730adce9d1?s=96&d=mm&r=g","contentUrl":"https:\/\/secure.gravatar.com\/avatar\/d57d265b82c3d5f4b0b6931fad64d5041927f6aa9b72d952801e28730adce9d1?s=96&d=mm&r=g","caption":"24 Horas"},"url":"https:\/\/fuentesfidedignas.com.mx\/index.php\/author\/horas\/"}]}},"_links":{"self":[{"href":"https:\/\/fuentesfidedignas.com.mx\/index.php\/wp-json\/wp\/v2\/posts\/117496","targetHints":{"allow":["GET"]}}],"collection":[{"href":"https:\/\/fuentesfidedignas.com.mx\/index.php\/wp-json\/wp\/v2\/posts"}],"about":[{"href":"https:\/\/fuentesfidedignas.com.mx\/index.php\/wp-json\/wp\/v2\/types\/post"}],"author":[{"embeddable":true,"href":"https:\/\/fuentesfidedignas.com.mx\/index.php\/wp-json\/wp\/v2\/users\/48"}],"replies":[{"embeddable":true,"href":"https:\/\/fuentesfidedignas.com.mx\/index.php\/wp-json\/wp\/v2\/comments?post=117496"}],"version-history":[{"count":2,"href":"https:\/\/fuentesfidedignas.com.mx\/index.php\/wp-json\/wp\/v2\/posts\/117496\/revisions"}],"predecessor-version":[{"id":117520,"href":"https:\/\/fuentesfidedignas.com.mx\/index.php\/wp-json\/wp\/v2\/posts\/117496\/revisions\/117520"}],"wp:featuredmedia":[{"embeddable":true,"href":"https:\/\/fuentesfidedignas.com.mx\/index.php\/wp-json\/wp\/v2\/media\/114414"}],"wp:attachment":[{"href":"https:\/\/fuentesfidedignas.com.mx\/index.php\/wp-json\/wp\/v2\/media?parent=117496"}],"wp:term":[{"taxonomy":"category","embeddable":true,"href":"https:\/\/fuentesfidedignas.com.mx\/index.php\/wp-json\/wp\/v2\/categories?post=117496"},{"taxonomy":"post_tag","embeddable":true,"href":"https:\/\/fuentesfidedignas.com.mx\/index.php\/wp-json\/wp\/v2\/tags?post=117496"}],"curies":[{"name":"wp","href":"https:\/\/api.w.org\/{rel}","templated":true}]}}