{"id":11749,"date":"2021-09-04T10:34:53","date_gmt":"2021-09-04T17:34:53","guid":{"rendered":"https:\/\/fuentesfidedignas.com.mx\/?p=11749"},"modified":"2021-09-04T10:34:54","modified_gmt":"2021-09-04T17:34:54","slug":"atiende-proteccion-civil-llamado-de-personas-en-riesgo-por-lluvias","status":"publish","type":"post","link":"https:\/\/fuentesfidedignas.com.mx\/index.php\/2021\/09\/04\/atiende-proteccion-civil-llamado-de-personas-en-riesgo-por-lluvias\/","title":{"rendered":"Atiende Protecci\u00f3n Civil llamado de personas en riesgo por lluvias"},"content":{"rendered":"\n<p><\/p>\n\n\n\n<p>Culiac\u00e1n, Sin.- Tras las fuertes lluvias registradas anoche en diversas zonas de la capital, la Coordinaci\u00f3n Municipal de Protecci\u00f3n Civil activ\u00f3 sus protocolos de rescate para atender algunos llamados.<\/p>\n\n\n\n<p>En el ejido Las Flores se rescat\u00f3 a 6 personas, de las cuales 3 eran menores de edad, esto tras un primer llamado.<\/p>\n\n\n\n<p>Posteriormente, se apart\u00f3 del peligro a otras 9 personas incluidos dos menores de edad, quienes al encontrarse en el arroyo que cruza por dicho ejido fueron sorprendidos por una creciente del mismo.<\/p>\n\n\n\n<p>Lo anterior, dej\u00f3 a las personas varadas en una peque\u00f1a isleta, de la cual fueron rescatadas por personal de la mencionada Coordinaci\u00f3n.<\/p>\n\n\n\n<p>El titular del \u00e1rea Marco Antonio Mart\u00ednez de Alba, inform\u00f3 que la mayor cantidad de agua se registr\u00f3 en la sindicatura de Eldorado, pero que en el resto del municipio no hubo percances mayores.<\/p>\n\n\n\n<p>En estas acciones participaron tambi\u00e9n elementos de Bomberos, de la Secretar\u00eda de Seguridad P\u00fablica y Tr\u00e1nsito Municipal y S\u00edndico.<\/p>\n\n\n\n<p>Finalmente, reiter\u00f3 a la ciudadan\u00eda el llamado a no ponerse en riesgo cuando comienzan las lluvias, pues aunque los cuerpos de rescate se encuentran atentos a cualquier tipo de situaci\u00f3n, resguardarse en casa o en un lugar seguro y seguir todas las medidas preventivas, siempre ser\u00e1 la mejor opci\u00f3n.<\/p>\n","protected":false},"excerpt":{"rendered":"<p>Culiac\u00e1n, Sin.- Tras las fuertes lluvias registradas anoche en diversas zonas de la capital, la Coordinaci\u00f3n Municipal de Protecci\u00f3n Civil activ\u00f3 sus protocolos de rescate para atender algunos llamados. En el ejido Las Flores se rescat\u00f3 a 6 personas, de las cuales 3 eran menores de edad, esto tras un primer llamado. Posteriormente, se apart\u00f3 [&hellip;]<\/p>\n","protected":false},"author":4,"featured_media":11750,"comment_status":"open","ping_status":"open","sticky":false,"template":"","format":"standard","meta":{"tdm_status":"","tdm_grid_status":"","footnotes":""},"categories":[38],"tags":[],"class_list":{"0":"post-11749","1":"post","2":"type-post","3":"status-publish","4":"format-standard","5":"has-post-thumbnail","7":"category-noticias-locales"},"yoast_head":"<!-- This site is optimized with the Yoast SEO plugin v27.5 - https:\/\/yoast.com\/product\/yoast-seo-wordpress\/ -->\n<title>Atiende Protecci\u00f3n Civil llamado de personas en riesgo por lluvias - Fuentes Fidedignas<\/title>\n<meta name=\"robots\" content=\"index, follow, max-snippet:-1, max-image-preview:large, max-video-preview:-1\" \/>\n<link rel=\"canonical\" href=\"https:\/\/fuentesfidedignas.com.mx\/index.php\/2021\/09\/04\/atiende-proteccion-civil-llamado-de-personas-en-riesgo-por-lluvias\/\" \/>\n<meta property=\"og:locale\" content=\"es_MX\" \/>\n<meta property=\"og:type\" content=\"article\" \/>\n<meta property=\"og:title\" content=\"Atiende Protecci\u00f3n Civil llamado de personas en riesgo por lluvias - Fuentes Fidedignas\" \/>\n<meta property=\"og:description\" content=\"Culiac\u00e1n, Sin.- Tras las fuertes lluvias registradas anoche en diversas zonas de la capital, la Coordinaci\u00f3n Municipal de Protecci\u00f3n Civil activ\u00f3 sus protocolos de rescate para atender algunos llamados. En el ejido Las Flores se rescat\u00f3 a 6 personas, de las cuales 3 eran menores de edad, esto tras un primer llamado. Posteriormente, se apart\u00f3 [&hellip;]\" \/>\n<meta property=\"og:url\" content=\"https:\/\/fuentesfidedignas.com.mx\/index.php\/2021\/09\/04\/atiende-proteccion-civil-llamado-de-personas-en-riesgo-por-lluvias\/\" \/>\n<meta property=\"og:site_name\" content=\"Fuentes Fidedignas\" \/>\n<meta property=\"article:publisher\" content=\"https:\/\/www.facebook.com\/Fuentes-Fidedignas-368234489921644\" \/>\n<meta property=\"article:published_time\" content=\"2021-09-04T17:34:53+00:00\" \/>\n<meta property=\"article:modified_time\" content=\"2021-09-04T17:34:54+00:00\" \/>\n<meta property=\"og:image\" content=\"https:\/\/fuentesfidedignas.com.mx\/wp-content\/uploads\/2021\/09\/IMG-20210904-WA0001.jpg\" \/>\n\t<meta property=\"og:image:width\" content=\"1280\" \/>\n\t<meta property=\"og:image:height\" content=\"960\" \/>\n\t<meta property=\"og:image:type\" content=\"image\/jpeg\" \/>\n<meta name=\"author\" content=\"Redacci\u00f3n\" \/>\n<meta name=\"twitter:card\" content=\"summary_large_image\" \/>\n<meta name=\"twitter:creator\" content=\"@fidedignas\" \/>\n<meta name=\"twitter:site\" content=\"@fidedignas\" \/>\n<meta name=\"twitter:label1\" content=\"Escrito por\" \/>\n\t<meta name=\"twitter:data1\" content=\"Redacci\u00f3n\" \/>\n\t<meta name=\"twitter:label2\" content=\"Tiempo de lectura\" \/>\n\t<meta name=\"twitter:data2\" content=\"1 minuto\" \/>\n<script type=\"application\/ld+json\" class=\"yoast-schema-graph\">{\"@context\":\"https:\\\/\\\/schema.org\",\"@graph\":[{\"@type\":\"Article\",\"@id\":\"https:\\\/\\\/fuentesfidedignas.com.mx\\\/index.php\\\/2021\\\/09\\\/04\\\/atiende-proteccion-civil-llamado-de-personas-en-riesgo-por-lluvias\\\/#article\",\"isPartOf\":{\"@id\":\"https:\\\/\\\/fuentesfidedignas.com.mx\\\/index.php\\\/2021\\\/09\\\/04\\\/atiende-proteccion-civil-llamado-de-personas-en-riesgo-por-lluvias\\\/\"},\"author\":{\"name\":\"Redacci\u00f3n\",\"@id\":\"https:\\\/\\\/fuentesfidedignas.com.mx\\\/#\\\/schema\\\/person\\\/331be9283d37198e2acd5750279085b0\"},\"headline\":\"Atiende Protecci\u00f3n Civil llamado de personas en riesgo por lluvias\",\"datePublished\":\"2021-09-04T17:34:53+00:00\",\"dateModified\":\"2021-09-04T17:34:54+00:00\",\"mainEntityOfPage\":{\"@id\":\"https:\\\/\\\/fuentesfidedignas.com.mx\\\/index.php\\\/2021\\\/09\\\/04\\\/atiende-proteccion-civil-llamado-de-personas-en-riesgo-por-lluvias\\\/\"},\"wordCount\":231,\"commentCount\":0,\"publisher\":{\"@id\":\"https:\\\/\\\/fuentesfidedignas.com.mx\\\/#organization\"},\"image\":{\"@id\":\"https:\\\/\\\/fuentesfidedignas.com.mx\\\/index.php\\\/2021\\\/09\\\/04\\\/atiende-proteccion-civil-llamado-de-personas-en-riesgo-por-lluvias\\\/#primaryimage\"},\"thumbnailUrl\":\"https:\\\/\\\/fuentesfidedignas.com.mx\\\/wp-content\\\/uploads\\\/2021\\\/09\\\/IMG-20210904-WA0001.jpg\",\"articleSection\":[\"NOTICIAS LOCALES\"],\"inLanguage\":\"es\",\"potentialAction\":[{\"@type\":\"CommentAction\",\"name\":\"Comment\",\"target\":[\"https:\\\/\\\/fuentesfidedignas.com.mx\\\/index.php\\\/2021\\\/09\\\/04\\\/atiende-proteccion-civil-llamado-de-personas-en-riesgo-por-lluvias\\\/#respond\"]}]},{\"@type\":\"WebPage\",\"@id\":\"https:\\\/\\\/fuentesfidedignas.com.mx\\\/index.php\\\/2021\\\/09\\\/04\\\/atiende-proteccion-civil-llamado-de-personas-en-riesgo-por-lluvias\\\/\",\"url\":\"https:\\\/\\\/fuentesfidedignas.com.mx\\\/index.php\\\/2021\\\/09\\\/04\\\/atiende-proteccion-civil-llamado-de-personas-en-riesgo-por-lluvias\\\/\",\"name\":\"Atiende Protecci\u00f3n Civil llamado de personas en riesgo por lluvias - Fuentes Fidedignas\",\"isPartOf\":{\"@id\":\"https:\\\/\\\/fuentesfidedignas.com.mx\\\/#website\"},\"primaryImageOfPage\":{\"@id\":\"https:\\\/\\\/fuentesfidedignas.com.mx\\\/index.php\\\/2021\\\/09\\\/04\\\/atiende-proteccion-civil-llamado-de-personas-en-riesgo-por-lluvias\\\/#primaryimage\"},\"image\":{\"@id\":\"https:\\\/\\\/fuentesfidedignas.com.mx\\\/index.php\\\/2021\\\/09\\\/04\\\/atiende-proteccion-civil-llamado-de-personas-en-riesgo-por-lluvias\\\/#primaryimage\"},\"thumbnailUrl\":\"https:\\\/\\\/fuentesfidedignas.com.mx\\\/wp-content\\\/uploads\\\/2021\\\/09\\\/IMG-20210904-WA0001.jpg\",\"datePublished\":\"2021-09-04T17:34:53+00:00\",\"dateModified\":\"2021-09-04T17:34:54+00:00\",\"breadcrumb\":{\"@id\":\"https:\\\/\\\/fuentesfidedignas.com.mx\\\/index.php\\\/2021\\\/09\\\/04\\\/atiende-proteccion-civil-llamado-de-personas-en-riesgo-por-lluvias\\\/#breadcrumb\"},\"inLanguage\":\"es\",\"potentialAction\":[{\"@type\":\"ReadAction\",\"target\":[\"https:\\\/\\\/fuentesfidedignas.com.mx\\\/index.php\\\/2021\\\/09\\\/04\\\/atiende-proteccion-civil-llamado-de-personas-en-riesgo-por-lluvias\\\/\"]}]},{\"@type\":\"ImageObject\",\"inLanguage\":\"es\",\"@id\":\"https:\\\/\\\/fuentesfidedignas.com.mx\\\/index.php\\\/2021\\\/09\\\/04\\\/atiende-proteccion-civil-llamado-de-personas-en-riesgo-por-lluvias\\\/#primaryimage\",\"url\":\"https:\\\/\\\/fuentesfidedignas.com.mx\\\/wp-content\\\/uploads\\\/2021\\\/09\\\/IMG-20210904-WA0001.jpg\",\"contentUrl\":\"https:\\\/\\\/fuentesfidedignas.com.mx\\\/wp-content\\\/uploads\\\/2021\\\/09\\\/IMG-20210904-WA0001.jpg\",\"width\":1280,\"height\":960},{\"@type\":\"BreadcrumbList\",\"@id\":\"https:\\\/\\\/fuentesfidedignas.com.mx\\\/index.php\\\/2021\\\/09\\\/04\\\/atiende-proteccion-civil-llamado-de-personas-en-riesgo-por-lluvias\\\/#breadcrumb\",\"itemListElement\":[{\"@type\":\"ListItem\",\"position\":1,\"name\":\"Inicio\",\"item\":\"https:\\\/\\\/fuentesfidedignas.com.mx\\\/\"},{\"@type\":\"ListItem\",\"position\":2,\"name\":\"Atiende Protecci\u00f3n Civil llamado de personas en riesgo por lluvias\"}]},{\"@type\":\"WebSite\",\"@id\":\"https:\\\/\\\/fuentesfidedignas.com.mx\\\/#website\",\"url\":\"https:\\\/\\\/fuentesfidedignas.com.mx\\\/\",\"name\":\"Fuentes Fidedignas\",\"description\":\"Otro sitio realizado con WordPress\",\"publisher\":{\"@id\":\"https:\\\/\\\/fuentesfidedignas.com.mx\\\/#organization\"},\"potentialAction\":[{\"@type\":\"SearchAction\",\"target\":{\"@type\":\"EntryPoint\",\"urlTemplate\":\"https:\\\/\\\/fuentesfidedignas.com.mx\\\/?s={search_term_string}\"},\"query-input\":{\"@type\":\"PropertyValueSpecification\",\"valueRequired\":true,\"valueName\":\"search_term_string\"}}],\"inLanguage\":\"es\"},{\"@type\":\"Organization\",\"@id\":\"https:\\\/\\\/fuentesfidedignas.com.mx\\\/#organization\",\"name\":\"Fuentes Fidedignas\",\"url\":\"https:\\\/\\\/fuentesfidedignas.com.mx\\\/\",\"logo\":{\"@type\":\"ImageObject\",\"inLanguage\":\"es\",\"@id\":\"https:\\\/\\\/fuentesfidedignas.com.mx\\\/#\\\/schema\\\/logo\\\/image\\\/\",\"url\":\"https:\\\/\\\/fuentesfidedignas.com.mx\\\/wp-content\\\/uploads\\\/2021\\\/04\\\/logo-retina.png\",\"contentUrl\":\"https:\\\/\\\/fuentesfidedignas.com.mx\\\/wp-content\\\/uploads\\\/2021\\\/04\\\/logo-retina.png\",\"width\":280,\"height\":51,\"caption\":\"Fuentes Fidedignas\"},\"image\":{\"@id\":\"https:\\\/\\\/fuentesfidedignas.com.mx\\\/#\\\/schema\\\/logo\\\/image\\\/\"},\"sameAs\":[\"https:\\\/\\\/www.facebook.com\\\/Fuentes-Fidedignas-368234489921644\",\"https:\\\/\\\/x.com\\\/fidedignas\"]},{\"@type\":\"Person\",\"@id\":\"https:\\\/\\\/fuentesfidedignas.com.mx\\\/#\\\/schema\\\/person\\\/331be9283d37198e2acd5750279085b0\",\"name\":\"Redacci\u00f3n\",\"image\":{\"@type\":\"ImageObject\",\"inLanguage\":\"es\",\"@id\":\"https:\\\/\\\/secure.gravatar.com\\\/avatar\\\/f6d8782c11d12b2d4ad3fbb6931aeab5309937a4d6cd2fc9cfaa28a6396a5aec?s=96&d=mm&r=g\",\"url\":\"https:\\\/\\\/secure.gravatar.com\\\/avatar\\\/f6d8782c11d12b2d4ad3fbb6931aeab5309937a4d6cd2fc9cfaa28a6396a5aec?s=96&d=mm&r=g\",\"contentUrl\":\"https:\\\/\\\/secure.gravatar.com\\\/avatar\\\/f6d8782c11d12b2d4ad3fbb6931aeab5309937a4d6cd2fc9cfaa28a6396a5aec?s=96&d=mm&r=g\",\"caption\":\"Redacci\u00f3n\"},\"url\":\"https:\\\/\\\/fuentesfidedignas.com.mx\\\/index.php\\\/author\\\/redaccion\\\/\"}]}<\/script>\n<!-- \/ Yoast SEO plugin. -->","yoast_head_json":{"title":"Atiende Protecci\u00f3n Civil llamado de personas en riesgo por lluvias - Fuentes Fidedignas","robots":{"index":"index","follow":"follow","max-snippet":"max-snippet:-1","max-image-preview":"max-image-preview:large","max-video-preview":"max-video-preview:-1"},"canonical":"https:\/\/fuentesfidedignas.com.mx\/index.php\/2021\/09\/04\/atiende-proteccion-civil-llamado-de-personas-en-riesgo-por-lluvias\/","og_locale":"es_MX","og_type":"article","og_title":"Atiende Protecci\u00f3n Civil llamado de personas en riesgo por lluvias - Fuentes Fidedignas","og_description":"Culiac\u00e1n, Sin.- Tras las fuertes lluvias registradas anoche en diversas zonas de la capital, la Coordinaci\u00f3n Municipal de Protecci\u00f3n Civil activ\u00f3 sus protocolos de rescate para atender algunos llamados. En el ejido Las Flores se rescat\u00f3 a 6 personas, de las cuales 3 eran menores de edad, esto tras un primer llamado. Posteriormente, se apart\u00f3 [&hellip;]","og_url":"https:\/\/fuentesfidedignas.com.mx\/index.php\/2021\/09\/04\/atiende-proteccion-civil-llamado-de-personas-en-riesgo-por-lluvias\/","og_site_name":"Fuentes Fidedignas","article_publisher":"https:\/\/www.facebook.com\/Fuentes-Fidedignas-368234489921644","article_published_time":"2021-09-04T17:34:53+00:00","article_modified_time":"2021-09-04T17:34:54+00:00","og_image":[{"width":1280,"height":960,"url":"https:\/\/fuentesfidedignas.com.mx\/wp-content\/uploads\/2021\/09\/IMG-20210904-WA0001.jpg","type":"image\/jpeg"}],"author":"Redacci\u00f3n","twitter_card":"summary_large_image","twitter_creator":"@fidedignas","twitter_site":"@fidedignas","twitter_misc":{"Escrito por":"Redacci\u00f3n","Tiempo de lectura":"1 minuto"},"schema":{"@context":"https:\/\/schema.org","@graph":[{"@type":"Article","@id":"https:\/\/fuentesfidedignas.com.mx\/index.php\/2021\/09\/04\/atiende-proteccion-civil-llamado-de-personas-en-riesgo-por-lluvias\/#article","isPartOf":{"@id":"https:\/\/fuentesfidedignas.com.mx\/index.php\/2021\/09\/04\/atiende-proteccion-civil-llamado-de-personas-en-riesgo-por-lluvias\/"},"author":{"name":"Redacci\u00f3n","@id":"https:\/\/fuentesfidedignas.com.mx\/#\/schema\/person\/331be9283d37198e2acd5750279085b0"},"headline":"Atiende Protecci\u00f3n Civil llamado de personas en riesgo por lluvias","datePublished":"2021-09-04T17:34:53+00:00","dateModified":"2021-09-04T17:34:54+00:00","mainEntityOfPage":{"@id":"https:\/\/fuentesfidedignas.com.mx\/index.php\/2021\/09\/04\/atiende-proteccion-civil-llamado-de-personas-en-riesgo-por-lluvias\/"},"wordCount":231,"commentCount":0,"publisher":{"@id":"https:\/\/fuentesfidedignas.com.mx\/#organization"},"image":{"@id":"https:\/\/fuentesfidedignas.com.mx\/index.php\/2021\/09\/04\/atiende-proteccion-civil-llamado-de-personas-en-riesgo-por-lluvias\/#primaryimage"},"thumbnailUrl":"https:\/\/fuentesfidedignas.com.mx\/wp-content\/uploads\/2021\/09\/IMG-20210904-WA0001.jpg","articleSection":["NOTICIAS LOCALES"],"inLanguage":"es","potentialAction":[{"@type":"CommentAction","name":"Comment","target":["https:\/\/fuentesfidedignas.com.mx\/index.php\/2021\/09\/04\/atiende-proteccion-civil-llamado-de-personas-en-riesgo-por-lluvias\/#respond"]}]},{"@type":"WebPage","@id":"https:\/\/fuentesfidedignas.com.mx\/index.php\/2021\/09\/04\/atiende-proteccion-civil-llamado-de-personas-en-riesgo-por-lluvias\/","url":"https:\/\/fuentesfidedignas.com.mx\/index.php\/2021\/09\/04\/atiende-proteccion-civil-llamado-de-personas-en-riesgo-por-lluvias\/","name":"Atiende Protecci\u00f3n Civil llamado de personas en riesgo por lluvias - Fuentes Fidedignas","isPartOf":{"@id":"https:\/\/fuentesfidedignas.com.mx\/#website"},"primaryImageOfPage":{"@id":"https:\/\/fuentesfidedignas.com.mx\/index.php\/2021\/09\/04\/atiende-proteccion-civil-llamado-de-personas-en-riesgo-por-lluvias\/#primaryimage"},"image":{"@id":"https:\/\/fuentesfidedignas.com.mx\/index.php\/2021\/09\/04\/atiende-proteccion-civil-llamado-de-personas-en-riesgo-por-lluvias\/#primaryimage"},"thumbnailUrl":"https:\/\/fuentesfidedignas.com.mx\/wp-content\/uploads\/2021\/09\/IMG-20210904-WA0001.jpg","datePublished":"2021-09-04T17:34:53+00:00","dateModified":"2021-09-04T17:34:54+00:00","breadcrumb":{"@id":"https:\/\/fuentesfidedignas.com.mx\/index.php\/2021\/09\/04\/atiende-proteccion-civil-llamado-de-personas-en-riesgo-por-lluvias\/#breadcrumb"},"inLanguage":"es","potentialAction":[{"@type":"ReadAction","target":["https:\/\/fuentesfidedignas.com.mx\/index.php\/2021\/09\/04\/atiende-proteccion-civil-llamado-de-personas-en-riesgo-por-lluvias\/"]}]},{"@type":"ImageObject","inLanguage":"es","@id":"https:\/\/fuentesfidedignas.com.mx\/index.php\/2021\/09\/04\/atiende-proteccion-civil-llamado-de-personas-en-riesgo-por-lluvias\/#primaryimage","url":"https:\/\/fuentesfidedignas.com.mx\/wp-content\/uploads\/2021\/09\/IMG-20210904-WA0001.jpg","contentUrl":"https:\/\/fuentesfidedignas.com.mx\/wp-content\/uploads\/2021\/09\/IMG-20210904-WA0001.jpg","width":1280,"height":960},{"@type":"BreadcrumbList","@id":"https:\/\/fuentesfidedignas.com.mx\/index.php\/2021\/09\/04\/atiende-proteccion-civil-llamado-de-personas-en-riesgo-por-lluvias\/#breadcrumb","itemListElement":[{"@type":"ListItem","position":1,"name":"Inicio","item":"https:\/\/fuentesfidedignas.com.mx\/"},{"@type":"ListItem","position":2,"name":"Atiende Protecci\u00f3n Civil llamado de personas en riesgo por lluvias"}]},{"@type":"WebSite","@id":"https:\/\/fuentesfidedignas.com.mx\/#website","url":"https:\/\/fuentesfidedignas.com.mx\/","name":"Fuentes Fidedignas","description":"Otro sitio realizado con WordPress","publisher":{"@id":"https:\/\/fuentesfidedignas.com.mx\/#organization"},"potentialAction":[{"@type":"SearchAction","target":{"@type":"EntryPoint","urlTemplate":"https:\/\/fuentesfidedignas.com.mx\/?s={search_term_string}"},"query-input":{"@type":"PropertyValueSpecification","valueRequired":true,"valueName":"search_term_string"}}],"inLanguage":"es"},{"@type":"Organization","@id":"https:\/\/fuentesfidedignas.com.mx\/#organization","name":"Fuentes Fidedignas","url":"https:\/\/fuentesfidedignas.com.mx\/","logo":{"@type":"ImageObject","inLanguage":"es","@id":"https:\/\/fuentesfidedignas.com.mx\/#\/schema\/logo\/image\/","url":"https:\/\/fuentesfidedignas.com.mx\/wp-content\/uploads\/2021\/04\/logo-retina.png","contentUrl":"https:\/\/fuentesfidedignas.com.mx\/wp-content\/uploads\/2021\/04\/logo-retina.png","width":280,"height":51,"caption":"Fuentes Fidedignas"},"image":{"@id":"https:\/\/fuentesfidedignas.com.mx\/#\/schema\/logo\/image\/"},"sameAs":["https:\/\/www.facebook.com\/Fuentes-Fidedignas-368234489921644","https:\/\/x.com\/fidedignas"]},{"@type":"Person","@id":"https:\/\/fuentesfidedignas.com.mx\/#\/schema\/person\/331be9283d37198e2acd5750279085b0","name":"Redacci\u00f3n","image":{"@type":"ImageObject","inLanguage":"es","@id":"https:\/\/secure.gravatar.com\/avatar\/f6d8782c11d12b2d4ad3fbb6931aeab5309937a4d6cd2fc9cfaa28a6396a5aec?s=96&d=mm&r=g","url":"https:\/\/secure.gravatar.com\/avatar\/f6d8782c11d12b2d4ad3fbb6931aeab5309937a4d6cd2fc9cfaa28a6396a5aec?s=96&d=mm&r=g","contentUrl":"https:\/\/secure.gravatar.com\/avatar\/f6d8782c11d12b2d4ad3fbb6931aeab5309937a4d6cd2fc9cfaa28a6396a5aec?s=96&d=mm&r=g","caption":"Redacci\u00f3n"},"url":"https:\/\/fuentesfidedignas.com.mx\/index.php\/author\/redaccion\/"}]}},"_links":{"self":[{"href":"https:\/\/fuentesfidedignas.com.mx\/index.php\/wp-json\/wp\/v2\/posts\/11749","targetHints":{"allow":["GET"]}}],"collection":[{"href":"https:\/\/fuentesfidedignas.com.mx\/index.php\/wp-json\/wp\/v2\/posts"}],"about":[{"href":"https:\/\/fuentesfidedignas.com.mx\/index.php\/wp-json\/wp\/v2\/types\/post"}],"author":[{"embeddable":true,"href":"https:\/\/fuentesfidedignas.com.mx\/index.php\/wp-json\/wp\/v2\/users\/4"}],"replies":[{"embeddable":true,"href":"https:\/\/fuentesfidedignas.com.mx\/index.php\/wp-json\/wp\/v2\/comments?post=11749"}],"version-history":[{"count":1,"href":"https:\/\/fuentesfidedignas.com.mx\/index.php\/wp-json\/wp\/v2\/posts\/11749\/revisions"}],"predecessor-version":[{"id":11751,"href":"https:\/\/fuentesfidedignas.com.mx\/index.php\/wp-json\/wp\/v2\/posts\/11749\/revisions\/11751"}],"wp:featuredmedia":[{"embeddable":true,"href":"https:\/\/fuentesfidedignas.com.mx\/index.php\/wp-json\/wp\/v2\/media\/11750"}],"wp:attachment":[{"href":"https:\/\/fuentesfidedignas.com.mx\/index.php\/wp-json\/wp\/v2\/media?parent=11749"}],"wp:term":[{"taxonomy":"category","embeddable":true,"href":"https:\/\/fuentesfidedignas.com.mx\/index.php\/wp-json\/wp\/v2\/categories?post=11749"},{"taxonomy":"post_tag","embeddable":true,"href":"https:\/\/fuentesfidedignas.com.mx\/index.php\/wp-json\/wp\/v2\/tags?post=11749"}],"curies":[{"name":"wp","href":"https:\/\/api.w.org\/{rel}","templated":true}]}}