{"id":117486,"date":"2025-09-17T11:37:51","date_gmt":"2025-09-17T18:37:51","guid":{"rendered":"https:\/\/fuentesfidedignas.com.mx\/?p=117486"},"modified":"2025-09-17T14:01:43","modified_gmt":"2025-09-17T21:01:43","slug":"gobierno-busca-acelerar-extradicion-de-presunto-lider-de-la-barredora","status":"publish","type":"post","link":"https:\/\/fuentesfidedignas.com.mx\/index.php\/2025\/09\/17\/gobierno-busca-acelerar-extradicion-de-presunto-lider-de-la-barredora\/","title":{"rendered":"Gobierno busca acelerar extradici\u00f3n de presunto l\u00edder de \u2018La Barredora\u2019"},"content":{"rendered":"\n<p><strong><em>La presidenta Sheinbaum espera que se pueda concluir pronto el proceso para que el exsecretario de Seguridad de Tabasco, Hern\u00e1n Berm\u00fadez, pueda tener su juicio en M\u00e9xico.<\/em><\/strong><\/p>\n\n\n\n<p>El Gobierno de M\u00e9xico inform\u00f3 este mi\u00e9rcoles que busca acelerar la extradici\u00f3n de Hern\u00e1n Berm\u00fadez Requena, presunto l\u00edder del grupo criminal La Barredora, vinculado al C\u00e1rtel Jalisco Nueva Generaci\u00f3n (CJNG), y quien permanece detenido en Paraguay tras rechazar someterse a una extradici\u00f3n simplificada.<\/p>\n\n\n\n<p>\u201cS\u00ed, lo est\u00e1 viendo canciller\u00eda para que pueda acelerarse la extradici\u00f3n\u201d, se\u00f1al\u00f3 la presidenta Claudia Sheinbaum, al ser cuestionada sobre el caso durante la ma\u00f1anera.<\/p>\n\n\n\n<p>La titular del ejecutivo se\u00f1al\u00f3 que su Gobierno est\u00e1 esperando que se pueda concluir pronto el proceso de extradici\u00f3n para que el ex secretario de Seguridad de Tabasco pueda tener su juicio en M\u00e9xico.<\/p>\n\n\n\n<p>Destac\u00f3 el trabajo del Centro Nacional de Inteligencia para detener a Berm\u00fadez Requena, quien fue arrestado el pasado 12 de septiembre en Paraguay, y quien contaba con una orden de aprehensi\u00f3n otorgada en febrero pasado por los delitos de asociaci\u00f3n delictuosa, extorsi\u00f3n y secuestro expr\u00e9s en el estado de Tabasco.<\/p>\n\n\n\n<p>Sheinbaum afirm\u00f3 que se est\u00e1 reuniendo toda la informaci\u00f3n para esclarecer el caso del Berm\u00fadez Requena, quien estuvo en el cargo durante la gesti\u00f3n del entonces gobernador del estado Ad\u00e1n Augusto L\u00f3pez.<\/p>\n\n\n\n<p>La mandataria apunt\u00f3 que ser\u00e1 la Fiscal\u00eda General de la Rep\u00fablica (FGR) la que realice la investigaci\u00f3n, para ahondar sobre sus supuestos v\u00ednculos con la delincuencia organizada y c\u00f3mo se involucr\u00f3 con el CJNG.<\/p>\n\n\n\n<p>\u201cLa idea es que venga aqu\u00ed y que aqu\u00ed declare, y que se esclarezca todo, pero lo importante es la cero impunidad. Eso es muy importante. No importa si fue el secretario de seguridad de un gobernador que fue de Morena, cero impunidad\u201d, enfatiz\u00f3.<\/p>\n\n\n\n<p><strong>Investigaciones desde el 2024<\/strong><br>El pasado 22 de julio, el secretario de Seguridad y Protecci\u00f3n Ciudadana, Omar Garc\u00eda Harfuch confirm\u00f3 que pesaba una orden de aprehensi\u00f3n y ficha roja de la Interpol contra Berm\u00fadez Requena, quien era investigado desde 2024 por sus v\u00ednculos con el crimen organizado.<\/p>\n\n\n\n<p>Ese mismo d\u00eda, Sheinbaum inform\u00f3 en su rueda de prensa matutina, que desde octubre de 2024 el Gobierno federal hab\u00eda estado cooperando con el estado de Tabasco en la investigaci\u00f3n del exfuncionario.<\/p>\n\n\n\n<p>Seg\u00fan la informaci\u00f3n de inteligencia, Berm\u00fadez Requena habr\u00eda tenido v\u00ednculos con criminales desde 1999.<\/p>\n\n\n\n<p>Con los se\u00f1alamientos en su contra por haber sido su \u201cjefe\u201d, el senador Ad\u00e1n Augusto tuvo que enfrentar las primeras acusaciones de que \u00e9l sab\u00eda todos los movimientos de Berm\u00fadez Requena y la oposici\u00f3n le acus\u00f3 de ser \u201csu Garc\u00eda Luna\u201d, en referencia al exsecretario de Seguridad, ahora preso en Estados Unidos por narcotr\u00e1fico, del expresidente Felipe Calder\u00f3n.<\/p>\n","protected":false},"excerpt":{"rendered":"<p>La presidenta Sheinbaum espera que se pueda concluir pronto el proceso para que el exsecretario de Seguridad de Tabasco, Hern\u00e1n Berm\u00fadez, pueda tener su juicio en M\u00e9xico. El Gobierno de M\u00e9xico inform\u00f3 este mi\u00e9rcoles que busca acelerar la extradici\u00f3n de Hern\u00e1n Berm\u00fadez Requena, presunto l\u00edder del grupo criminal La Barredora, vinculado al C\u00e1rtel Jalisco Nueva [&hellip;]<\/p>\n","protected":false},"author":22,"featured_media":117251,"comment_status":"open","ping_status":"open","sticky":false,"template":"","format":"standard","meta":{"tdm_status":"","tdm_grid_status":"","footnotes":""},"categories":[1],"tags":[],"class_list":{"0":"post-117486","1":"post","2":"type-post","3":"status-publish","4":"format-standard","5":"has-post-thumbnail","7":"category-sin-categoria"},"yoast_head":"<!-- This site is optimized with the Yoast SEO plugin v27.5 - https:\/\/yoast.com\/product\/yoast-seo-wordpress\/ -->\n<title>Gobierno busca acelerar extradici\u00f3n de presunto l\u00edder de \u2018La Barredora\u2019 - Fuentes Fidedignas<\/title>\n<meta name=\"robots\" content=\"index, follow, max-snippet:-1, max-image-preview:large, max-video-preview:-1\" \/>\n<link rel=\"canonical\" href=\"https:\/\/fuentesfidedignas.com.mx\/index.php\/2025\/09\/17\/gobierno-busca-acelerar-extradicion-de-presunto-lider-de-la-barredora\/\" \/>\n<meta property=\"og:locale\" content=\"es_MX\" \/>\n<meta property=\"og:type\" content=\"article\" \/>\n<meta property=\"og:title\" content=\"Gobierno busca acelerar extradici\u00f3n de presunto l\u00edder de \u2018La Barredora\u2019 - Fuentes Fidedignas\" \/>\n<meta property=\"og:description\" content=\"La presidenta Sheinbaum espera que se pueda concluir pronto el proceso para que el exsecretario de Seguridad de Tabasco, Hern\u00e1n Berm\u00fadez, pueda tener su juicio en M\u00e9xico. El Gobierno de M\u00e9xico inform\u00f3 este mi\u00e9rcoles que busca acelerar la extradici\u00f3n de Hern\u00e1n Berm\u00fadez Requena, presunto l\u00edder del grupo criminal La Barredora, vinculado al C\u00e1rtel Jalisco Nueva [&hellip;]\" \/>\n<meta property=\"og:url\" content=\"https:\/\/fuentesfidedignas.com.mx\/index.php\/2025\/09\/17\/gobierno-busca-acelerar-extradicion-de-presunto-lider-de-la-barredora\/\" \/>\n<meta property=\"og:site_name\" content=\"Fuentes Fidedignas\" \/>\n<meta property=\"article:publisher\" content=\"https:\/\/www.facebook.com\/Fuentes-Fidedignas-368234489921644\" \/>\n<meta property=\"article:published_time\" content=\"2025-09-17T18:37:51+00:00\" \/>\n<meta property=\"article:modified_time\" content=\"2025-09-17T21:01:43+00:00\" \/>\n<meta property=\"og:image\" content=\"https:\/\/fuentesfidedignas.com.mx\/wp-content\/uploads\/2025\/09\/img_8716.jpg\" \/>\n\t<meta property=\"og:image:width\" content=\"600\" \/>\n\t<meta property=\"og:image:height\" content=\"337\" \/>\n\t<meta property=\"og:image:type\" content=\"image\/jpeg\" \/>\n<meta name=\"author\" content=\"EFE\" \/>\n<meta name=\"twitter:card\" content=\"summary_large_image\" \/>\n<meta name=\"twitter:creator\" content=\"@fidedignas\" \/>\n<meta name=\"twitter:site\" content=\"@fidedignas\" \/>\n<meta name=\"twitter:label1\" content=\"Escrito por\" \/>\n\t<meta name=\"twitter:data1\" content=\"EFE\" \/>\n\t<meta name=\"twitter:label2\" content=\"Tiempo de lectura\" \/>\n\t<meta name=\"twitter:data2\" content=\"3 minutos\" \/>\n<script type=\"application\/ld+json\" class=\"yoast-schema-graph\">{\"@context\":\"https:\\\/\\\/schema.org\",\"@graph\":[{\"@type\":\"Article\",\"@id\":\"https:\\\/\\\/fuentesfidedignas.com.mx\\\/index.php\\\/2025\\\/09\\\/17\\\/gobierno-busca-acelerar-extradicion-de-presunto-lider-de-la-barredora\\\/#article\",\"isPartOf\":{\"@id\":\"https:\\\/\\\/fuentesfidedignas.com.mx\\\/index.php\\\/2025\\\/09\\\/17\\\/gobierno-busca-acelerar-extradicion-de-presunto-lider-de-la-barredora\\\/\"},\"author\":{\"name\":\"EFE\",\"@id\":\"https:\\\/\\\/fuentesfidedignas.com.mx\\\/#\\\/schema\\\/person\\\/0d44615087b5a626d5d3f13afe31ac41\"},\"headline\":\"Gobierno busca acelerar extradici\u00f3n de presunto l\u00edder de \u2018La Barredora\u2019\",\"datePublished\":\"2025-09-17T18:37:51+00:00\",\"dateModified\":\"2025-09-17T21:01:43+00:00\",\"mainEntityOfPage\":{\"@id\":\"https:\\\/\\\/fuentesfidedignas.com.mx\\\/index.php\\\/2025\\\/09\\\/17\\\/gobierno-busca-acelerar-extradicion-de-presunto-lider-de-la-barredora\\\/\"},\"wordCount\":501,\"commentCount\":0,\"publisher\":{\"@id\":\"https:\\\/\\\/fuentesfidedignas.com.mx\\\/#organization\"},\"image\":{\"@id\":\"https:\\\/\\\/fuentesfidedignas.com.mx\\\/index.php\\\/2025\\\/09\\\/17\\\/gobierno-busca-acelerar-extradicion-de-presunto-lider-de-la-barredora\\\/#primaryimage\"},\"thumbnailUrl\":\"https:\\\/\\\/fuentesfidedignas.com.mx\\\/wp-content\\\/uploads\\\/2025\\\/09\\\/img_8716.jpg\",\"inLanguage\":\"es\",\"potentialAction\":[{\"@type\":\"CommentAction\",\"name\":\"Comment\",\"target\":[\"https:\\\/\\\/fuentesfidedignas.com.mx\\\/index.php\\\/2025\\\/09\\\/17\\\/gobierno-busca-acelerar-extradicion-de-presunto-lider-de-la-barredora\\\/#respond\"]}]},{\"@type\":\"WebPage\",\"@id\":\"https:\\\/\\\/fuentesfidedignas.com.mx\\\/index.php\\\/2025\\\/09\\\/17\\\/gobierno-busca-acelerar-extradicion-de-presunto-lider-de-la-barredora\\\/\",\"url\":\"https:\\\/\\\/fuentesfidedignas.com.mx\\\/index.php\\\/2025\\\/09\\\/17\\\/gobierno-busca-acelerar-extradicion-de-presunto-lider-de-la-barredora\\\/\",\"name\":\"Gobierno busca acelerar extradici\u00f3n de presunto l\u00edder de \u2018La Barredora\u2019 - Fuentes Fidedignas\",\"isPartOf\":{\"@id\":\"https:\\\/\\\/fuentesfidedignas.com.mx\\\/#website\"},\"primaryImageOfPage\":{\"@id\":\"https:\\\/\\\/fuentesfidedignas.com.mx\\\/index.php\\\/2025\\\/09\\\/17\\\/gobierno-busca-acelerar-extradicion-de-presunto-lider-de-la-barredora\\\/#primaryimage\"},\"image\":{\"@id\":\"https:\\\/\\\/fuentesfidedignas.com.mx\\\/index.php\\\/2025\\\/09\\\/17\\\/gobierno-busca-acelerar-extradicion-de-presunto-lider-de-la-barredora\\\/#primaryimage\"},\"thumbnailUrl\":\"https:\\\/\\\/fuentesfidedignas.com.mx\\\/wp-content\\\/uploads\\\/2025\\\/09\\\/img_8716.jpg\",\"datePublished\":\"2025-09-17T18:37:51+00:00\",\"dateModified\":\"2025-09-17T21:01:43+00:00\",\"breadcrumb\":{\"@id\":\"https:\\\/\\\/fuentesfidedignas.com.mx\\\/index.php\\\/2025\\\/09\\\/17\\\/gobierno-busca-acelerar-extradicion-de-presunto-lider-de-la-barredora\\\/#breadcrumb\"},\"inLanguage\":\"es\",\"potentialAction\":[{\"@type\":\"ReadAction\",\"target\":[\"https:\\\/\\\/fuentesfidedignas.com.mx\\\/index.php\\\/2025\\\/09\\\/17\\\/gobierno-busca-acelerar-extradicion-de-presunto-lider-de-la-barredora\\\/\"]}]},{\"@type\":\"ImageObject\",\"inLanguage\":\"es\",\"@id\":\"https:\\\/\\\/fuentesfidedignas.com.mx\\\/index.php\\\/2025\\\/09\\\/17\\\/gobierno-busca-acelerar-extradicion-de-presunto-lider-de-la-barredora\\\/#primaryimage\",\"url\":\"https:\\\/\\\/fuentesfidedignas.com.mx\\\/wp-content\\\/uploads\\\/2025\\\/09\\\/img_8716.jpg\",\"contentUrl\":\"https:\\\/\\\/fuentesfidedignas.com.mx\\\/wp-content\\\/uploads\\\/2025\\\/09\\\/img_8716.jpg\",\"width\":600,\"height\":337},{\"@type\":\"BreadcrumbList\",\"@id\":\"https:\\\/\\\/fuentesfidedignas.com.mx\\\/index.php\\\/2025\\\/09\\\/17\\\/gobierno-busca-acelerar-extradicion-de-presunto-lider-de-la-barredora\\\/#breadcrumb\",\"itemListElement\":[{\"@type\":\"ListItem\",\"position\":1,\"name\":\"Inicio\",\"item\":\"https:\\\/\\\/fuentesfidedignas.com.mx\\\/\"},{\"@type\":\"ListItem\",\"position\":2,\"name\":\"Gobierno busca acelerar extradici\u00f3n de presunto l\u00edder de \u2018La Barredora\u2019\"}]},{\"@type\":\"WebSite\",\"@id\":\"https:\\\/\\\/fuentesfidedignas.com.mx\\\/#website\",\"url\":\"https:\\\/\\\/fuentesfidedignas.com.mx\\\/\",\"name\":\"Fuentes Fidedignas\",\"description\":\"Otro sitio realizado con WordPress\",\"publisher\":{\"@id\":\"https:\\\/\\\/fuentesfidedignas.com.mx\\\/#organization\"},\"potentialAction\":[{\"@type\":\"SearchAction\",\"target\":{\"@type\":\"EntryPoint\",\"urlTemplate\":\"https:\\\/\\\/fuentesfidedignas.com.mx\\\/?s={search_term_string}\"},\"query-input\":{\"@type\":\"PropertyValueSpecification\",\"valueRequired\":true,\"valueName\":\"search_term_string\"}}],\"inLanguage\":\"es\"},{\"@type\":\"Organization\",\"@id\":\"https:\\\/\\\/fuentesfidedignas.com.mx\\\/#organization\",\"name\":\"Fuentes Fidedignas\",\"url\":\"https:\\\/\\\/fuentesfidedignas.com.mx\\\/\",\"logo\":{\"@type\":\"ImageObject\",\"inLanguage\":\"es\",\"@id\":\"https:\\\/\\\/fuentesfidedignas.com.mx\\\/#\\\/schema\\\/logo\\\/image\\\/\",\"url\":\"https:\\\/\\\/fuentesfidedignas.com.mx\\\/wp-content\\\/uploads\\\/2021\\\/04\\\/logo-retina.png\",\"contentUrl\":\"https:\\\/\\\/fuentesfidedignas.com.mx\\\/wp-content\\\/uploads\\\/2021\\\/04\\\/logo-retina.png\",\"width\":280,\"height\":51,\"caption\":\"Fuentes Fidedignas\"},\"image\":{\"@id\":\"https:\\\/\\\/fuentesfidedignas.com.mx\\\/#\\\/schema\\\/logo\\\/image\\\/\"},\"sameAs\":[\"https:\\\/\\\/www.facebook.com\\\/Fuentes-Fidedignas-368234489921644\",\"https:\\\/\\\/x.com\\\/fidedignas\"]},{\"@type\":\"Person\",\"@id\":\"https:\\\/\\\/fuentesfidedignas.com.mx\\\/#\\\/schema\\\/person\\\/0d44615087b5a626d5d3f13afe31ac41\",\"name\":\"EFE\",\"image\":{\"@type\":\"ImageObject\",\"inLanguage\":\"es\",\"@id\":\"https:\\\/\\\/secure.gravatar.com\\\/avatar\\\/7048c2d9b569d9bed55bb53ad23821e6e047aa66338fb6ea9868627bbb9f54e8?s=96&d=mm&r=g\",\"url\":\"https:\\\/\\\/secure.gravatar.com\\\/avatar\\\/7048c2d9b569d9bed55bb53ad23821e6e047aa66338fb6ea9868627bbb9f54e8?s=96&d=mm&r=g\",\"contentUrl\":\"https:\\\/\\\/secure.gravatar.com\\\/avatar\\\/7048c2d9b569d9bed55bb53ad23821e6e047aa66338fb6ea9868627bbb9f54e8?s=96&d=mm&r=g\",\"caption\":\"EFE\"},\"url\":\"https:\\\/\\\/fuentesfidedignas.com.mx\\\/index.php\\\/author\\\/efe\\\/\"}]}<\/script>\n<!-- \/ Yoast SEO plugin. -->","yoast_head_json":{"title":"Gobierno busca acelerar extradici\u00f3n de presunto l\u00edder de \u2018La Barredora\u2019 - Fuentes Fidedignas","robots":{"index":"index","follow":"follow","max-snippet":"max-snippet:-1","max-image-preview":"max-image-preview:large","max-video-preview":"max-video-preview:-1"},"canonical":"https:\/\/fuentesfidedignas.com.mx\/index.php\/2025\/09\/17\/gobierno-busca-acelerar-extradicion-de-presunto-lider-de-la-barredora\/","og_locale":"es_MX","og_type":"article","og_title":"Gobierno busca acelerar extradici\u00f3n de presunto l\u00edder de \u2018La Barredora\u2019 - Fuentes Fidedignas","og_description":"La presidenta Sheinbaum espera que se pueda concluir pronto el proceso para que el exsecretario de Seguridad de Tabasco, Hern\u00e1n Berm\u00fadez, pueda tener su juicio en M\u00e9xico. El Gobierno de M\u00e9xico inform\u00f3 este mi\u00e9rcoles que busca acelerar la extradici\u00f3n de Hern\u00e1n Berm\u00fadez Requena, presunto l\u00edder del grupo criminal La Barredora, vinculado al C\u00e1rtel Jalisco Nueva [&hellip;]","og_url":"https:\/\/fuentesfidedignas.com.mx\/index.php\/2025\/09\/17\/gobierno-busca-acelerar-extradicion-de-presunto-lider-de-la-barredora\/","og_site_name":"Fuentes Fidedignas","article_publisher":"https:\/\/www.facebook.com\/Fuentes-Fidedignas-368234489921644","article_published_time":"2025-09-17T18:37:51+00:00","article_modified_time":"2025-09-17T21:01:43+00:00","og_image":[{"width":600,"height":337,"url":"https:\/\/fuentesfidedignas.com.mx\/wp-content\/uploads\/2025\/09\/img_8716.jpg","type":"image\/jpeg"}],"author":"EFE","twitter_card":"summary_large_image","twitter_creator":"@fidedignas","twitter_site":"@fidedignas","twitter_misc":{"Escrito por":"EFE","Tiempo de lectura":"3 minutos"},"schema":{"@context":"https:\/\/schema.org","@graph":[{"@type":"Article","@id":"https:\/\/fuentesfidedignas.com.mx\/index.php\/2025\/09\/17\/gobierno-busca-acelerar-extradicion-de-presunto-lider-de-la-barredora\/#article","isPartOf":{"@id":"https:\/\/fuentesfidedignas.com.mx\/index.php\/2025\/09\/17\/gobierno-busca-acelerar-extradicion-de-presunto-lider-de-la-barredora\/"},"author":{"name":"EFE","@id":"https:\/\/fuentesfidedignas.com.mx\/#\/schema\/person\/0d44615087b5a626d5d3f13afe31ac41"},"headline":"Gobierno busca acelerar extradici\u00f3n de presunto l\u00edder de \u2018La Barredora\u2019","datePublished":"2025-09-17T18:37:51+00:00","dateModified":"2025-09-17T21:01:43+00:00","mainEntityOfPage":{"@id":"https:\/\/fuentesfidedignas.com.mx\/index.php\/2025\/09\/17\/gobierno-busca-acelerar-extradicion-de-presunto-lider-de-la-barredora\/"},"wordCount":501,"commentCount":0,"publisher":{"@id":"https:\/\/fuentesfidedignas.com.mx\/#organization"},"image":{"@id":"https:\/\/fuentesfidedignas.com.mx\/index.php\/2025\/09\/17\/gobierno-busca-acelerar-extradicion-de-presunto-lider-de-la-barredora\/#primaryimage"},"thumbnailUrl":"https:\/\/fuentesfidedignas.com.mx\/wp-content\/uploads\/2025\/09\/img_8716.jpg","inLanguage":"es","potentialAction":[{"@type":"CommentAction","name":"Comment","target":["https:\/\/fuentesfidedignas.com.mx\/index.php\/2025\/09\/17\/gobierno-busca-acelerar-extradicion-de-presunto-lider-de-la-barredora\/#respond"]}]},{"@type":"WebPage","@id":"https:\/\/fuentesfidedignas.com.mx\/index.php\/2025\/09\/17\/gobierno-busca-acelerar-extradicion-de-presunto-lider-de-la-barredora\/","url":"https:\/\/fuentesfidedignas.com.mx\/index.php\/2025\/09\/17\/gobierno-busca-acelerar-extradicion-de-presunto-lider-de-la-barredora\/","name":"Gobierno busca acelerar extradici\u00f3n de presunto l\u00edder de \u2018La Barredora\u2019 - Fuentes Fidedignas","isPartOf":{"@id":"https:\/\/fuentesfidedignas.com.mx\/#website"},"primaryImageOfPage":{"@id":"https:\/\/fuentesfidedignas.com.mx\/index.php\/2025\/09\/17\/gobierno-busca-acelerar-extradicion-de-presunto-lider-de-la-barredora\/#primaryimage"},"image":{"@id":"https:\/\/fuentesfidedignas.com.mx\/index.php\/2025\/09\/17\/gobierno-busca-acelerar-extradicion-de-presunto-lider-de-la-barredora\/#primaryimage"},"thumbnailUrl":"https:\/\/fuentesfidedignas.com.mx\/wp-content\/uploads\/2025\/09\/img_8716.jpg","datePublished":"2025-09-17T18:37:51+00:00","dateModified":"2025-09-17T21:01:43+00:00","breadcrumb":{"@id":"https:\/\/fuentesfidedignas.com.mx\/index.php\/2025\/09\/17\/gobierno-busca-acelerar-extradicion-de-presunto-lider-de-la-barredora\/#breadcrumb"},"inLanguage":"es","potentialAction":[{"@type":"ReadAction","target":["https:\/\/fuentesfidedignas.com.mx\/index.php\/2025\/09\/17\/gobierno-busca-acelerar-extradicion-de-presunto-lider-de-la-barredora\/"]}]},{"@type":"ImageObject","inLanguage":"es","@id":"https:\/\/fuentesfidedignas.com.mx\/index.php\/2025\/09\/17\/gobierno-busca-acelerar-extradicion-de-presunto-lider-de-la-barredora\/#primaryimage","url":"https:\/\/fuentesfidedignas.com.mx\/wp-content\/uploads\/2025\/09\/img_8716.jpg","contentUrl":"https:\/\/fuentesfidedignas.com.mx\/wp-content\/uploads\/2025\/09\/img_8716.jpg","width":600,"height":337},{"@type":"BreadcrumbList","@id":"https:\/\/fuentesfidedignas.com.mx\/index.php\/2025\/09\/17\/gobierno-busca-acelerar-extradicion-de-presunto-lider-de-la-barredora\/#breadcrumb","itemListElement":[{"@type":"ListItem","position":1,"name":"Inicio","item":"https:\/\/fuentesfidedignas.com.mx\/"},{"@type":"ListItem","position":2,"name":"Gobierno busca acelerar extradici\u00f3n de presunto l\u00edder de \u2018La Barredora\u2019"}]},{"@type":"WebSite","@id":"https:\/\/fuentesfidedignas.com.mx\/#website","url":"https:\/\/fuentesfidedignas.com.mx\/","name":"Fuentes Fidedignas","description":"Otro sitio realizado con WordPress","publisher":{"@id":"https:\/\/fuentesfidedignas.com.mx\/#organization"},"potentialAction":[{"@type":"SearchAction","target":{"@type":"EntryPoint","urlTemplate":"https:\/\/fuentesfidedignas.com.mx\/?s={search_term_string}"},"query-input":{"@type":"PropertyValueSpecification","valueRequired":true,"valueName":"search_term_string"}}],"inLanguage":"es"},{"@type":"Organization","@id":"https:\/\/fuentesfidedignas.com.mx\/#organization","name":"Fuentes Fidedignas","url":"https:\/\/fuentesfidedignas.com.mx\/","logo":{"@type":"ImageObject","inLanguage":"es","@id":"https:\/\/fuentesfidedignas.com.mx\/#\/schema\/logo\/image\/","url":"https:\/\/fuentesfidedignas.com.mx\/wp-content\/uploads\/2021\/04\/logo-retina.png","contentUrl":"https:\/\/fuentesfidedignas.com.mx\/wp-content\/uploads\/2021\/04\/logo-retina.png","width":280,"height":51,"caption":"Fuentes Fidedignas"},"image":{"@id":"https:\/\/fuentesfidedignas.com.mx\/#\/schema\/logo\/image\/"},"sameAs":["https:\/\/www.facebook.com\/Fuentes-Fidedignas-368234489921644","https:\/\/x.com\/fidedignas"]},{"@type":"Person","@id":"https:\/\/fuentesfidedignas.com.mx\/#\/schema\/person\/0d44615087b5a626d5d3f13afe31ac41","name":"EFE","image":{"@type":"ImageObject","inLanguage":"es","@id":"https:\/\/secure.gravatar.com\/avatar\/7048c2d9b569d9bed55bb53ad23821e6e047aa66338fb6ea9868627bbb9f54e8?s=96&d=mm&r=g","url":"https:\/\/secure.gravatar.com\/avatar\/7048c2d9b569d9bed55bb53ad23821e6e047aa66338fb6ea9868627bbb9f54e8?s=96&d=mm&r=g","contentUrl":"https:\/\/secure.gravatar.com\/avatar\/7048c2d9b569d9bed55bb53ad23821e6e047aa66338fb6ea9868627bbb9f54e8?s=96&d=mm&r=g","caption":"EFE"},"url":"https:\/\/fuentesfidedignas.com.mx\/index.php\/author\/efe\/"}]}},"_links":{"self":[{"href":"https:\/\/fuentesfidedignas.com.mx\/index.php\/wp-json\/wp\/v2\/posts\/117486","targetHints":{"allow":["GET"]}}],"collection":[{"href":"https:\/\/fuentesfidedignas.com.mx\/index.php\/wp-json\/wp\/v2\/posts"}],"about":[{"href":"https:\/\/fuentesfidedignas.com.mx\/index.php\/wp-json\/wp\/v2\/types\/post"}],"author":[{"embeddable":true,"href":"https:\/\/fuentesfidedignas.com.mx\/index.php\/wp-json\/wp\/v2\/users\/22"}],"replies":[{"embeddable":true,"href":"https:\/\/fuentesfidedignas.com.mx\/index.php\/wp-json\/wp\/v2\/comments?post=117486"}],"version-history":[{"count":1,"href":"https:\/\/fuentesfidedignas.com.mx\/index.php\/wp-json\/wp\/v2\/posts\/117486\/revisions"}],"predecessor-version":[{"id":117487,"href":"https:\/\/fuentesfidedignas.com.mx\/index.php\/wp-json\/wp\/v2\/posts\/117486\/revisions\/117487"}],"wp:featuredmedia":[{"embeddable":true,"href":"https:\/\/fuentesfidedignas.com.mx\/index.php\/wp-json\/wp\/v2\/media\/117251"}],"wp:attachment":[{"href":"https:\/\/fuentesfidedignas.com.mx\/index.php\/wp-json\/wp\/v2\/media?parent=117486"}],"wp:term":[{"taxonomy":"category","embeddable":true,"href":"https:\/\/fuentesfidedignas.com.mx\/index.php\/wp-json\/wp\/v2\/categories?post=117486"},{"taxonomy":"post_tag","embeddable":true,"href":"https:\/\/fuentesfidedignas.com.mx\/index.php\/wp-json\/wp\/v2\/tags?post=117486"}],"curies":[{"name":"wp","href":"https:\/\/api.w.org\/{rel}","templated":true}]}}