{"id":117470,"date":"2025-09-17T10:01:42","date_gmt":"2025-09-17T17:01:42","guid":{"rendered":"https:\/\/fuentesfidedignas.com.mx\/?p=117470"},"modified":"2025-09-17T10:01:42","modified_gmt":"2025-09-17T17:01:42","slug":"muere-el-chofer-de-pipa-que-exploto-en-puente-la-concordia-iztapalapa","status":"publish","type":"post","link":"https:\/\/fuentesfidedignas.com.mx\/index.php\/2025\/09\/17\/muere-el-chofer-de-pipa-que-exploto-en-puente-la-concordia-iztapalapa\/","title":{"rendered":"Muere el chofer de pipa que explot\u00f3 en Puente la Concordia, Iztapalapa"},"content":{"rendered":"\n<p><\/p>\n\n\n\n<p><strong><em>La cifra de fallecidos por la explosi\u00f3n de la pipa en Iztapalapa se elev\u00f3 a 19; entre ellos, el conductor de la unidad, Fernando Soto<\/em><\/strong><\/p>\n\n\n\n<p>El chofer de la pipa que explot\u00f3 en el Puente de la Concordia, en Iztapalapa, Ciudad de M\u00e9xico, falleci\u00f3 la noche del 16 de septiembre. Fernando Soto Mungu\u00eda luch\u00f3 por su vida tras sufrir graves quemaduras. Con su muerte, suman 19 v\u00edctimas fatales.<\/p>\n\n\n\n<p>La Secretar\u00eda de Salud de la Ciudad de M\u00e9xico confirm\u00f3 el fallecimiento de Fernando Soto Mungu\u00eda, conductor de la pipa de gas LP que explot\u00f3 el pasado 10 de septiembre en el Puente de la Concordia, ubicado en la alcald\u00eda Iztapalapa, Ciudad de M\u00e9xico. Con esta p\u00e9rdida, el tr\u00e1gico saldo del incidente asciende a 19 personas fallecidas y m\u00e1s de 90 heridos.<\/p>\n\n\n\n<p><strong>Fernando, de 34 a\u00f1os<\/strong>, fue identificado como el conductor del veh\u00edculo siniestrado, propiedad de la empresa Transportadora Silza, parte del Grupo Tomza.<\/p>\n\n\n\n<p>Luego del accidente, fue atendido inicialmente en un hospital del Estado de M\u00e9xico, y m\u00e1s tarde trasladado al Hospital de Traumatolog\u00eda y Ortopedia \u201cDr. Victorio de la Fuente Narv\u00e1ez\u201d (IMSS), mejor conocido como&nbsp;<strong>Hospital Magdalena de las Salinas<\/strong>, donde permaneci\u00f3 internado en estado cr\u00edtico hasta la noche del 16 de septiembre, cuando su coraz\u00f3n dej\u00f3 de latir.<\/p>\n\n\n\n<h2 class=\"wp-block-heading\"><strong>AL\u00c9JENSE DE LA PIPA VA A EXPLOTAR<\/strong><\/h2>\n\n\n\n<p>Seg\u00fan las primeras versiones, que no han sido confirmadas por las autoridades, tras volcar, Fernando Soto habr\u00eda gritado a las personas que se&nbsp;<strong>alejaran, porque la pipa iba a estallar.<\/strong><\/p>\n\n\n\n<p>El 11 de septiembre, un d\u00eda despu\u00e9s del siniestro, las autoridades informaron que el conductor se encontraba&nbsp;<strong>CUSTODIADO<\/strong>, aunque no detenido.<\/p>\n\n\n\n<p>En su momento, la fiscal general de Justicia capitalina, Bertha Mar\u00eda Alcalde Luj\u00e1n, precis\u00f3 que los delitos que podr\u00edan imputarse en este caso son&nbsp;<strong>Homicidio Culposo, Lesiones Culposas y Da\u00f1o a La Propiedad<\/strong>, debido a los destrozos ocasionados a veh\u00edculos y al entorno urbano.<\/p>\n\n\n\n<h2 class=\"wp-block-heading\"><strong>\u00bfQui\u00e9n era Fernando Soto?<\/strong><\/h2>\n\n\n\n<p>De acuerdo con informaci\u00f3n recabada por vecinos y redes, Fernando era padre de familia y el principal sost\u00e9n de su hogar. Trabajaba largas jornadas como operador de pipa para garantizar un mejor futuro a su esposa e hijos. El d\u00eda del accidente, regresaba de visitar a un cliente cuando el pesado veh\u00edculo volc\u00f3 y derram\u00f3 gas LP, lo que desencaden\u00f3 una explosi\u00f3n devastadora y una onda expansiva que afect\u00f3 a decenas de personas.<\/p>\n\n\n\n<p>Desde el momento de su hospitalizaci\u00f3n, familiares de Fernando se turnaron para acompa\u00f1arlo.<\/p>\n\n\n\n<h3 class=\"wp-block-heading\"><strong>La tragedia en el Puente de la Concordia<\/strong><\/h3>\n\n\n\n<p>El accidente, ocurrido en la intersecci\u00f3n del Puente de la Concordia y la Calzada Ignacio Zaragoza, caus\u00f3 una de las mayores emergencias recientes en la CDMX. La explosi\u00f3n destruy\u00f3 veh\u00edculos, comercios y viviendas, y moviliz\u00f3 a m\u00e1s de 300 elementos de emergencia, entre param\u00e9dicos, bomberos y personal de Protecci\u00f3n Civil.<\/p>\n\n\n\n<h2 class=\"wp-block-heading\"><strong>EXCESO DE VELOCIDAD<\/strong><\/h2>\n\n\n\n<p>La Fiscal\u00eda capitalina mantiene como una de sus principales l\u00edneas de investigaci\u00f3n la velocidad con la que era conducida la pipa al momento del accidente, ocurrido en inmediaciones del Puente de la Concordia, cerca del paradero de Santa Marta.<\/p>\n\n\n\n<p>Las autoridades aseguran que se mantiene el contacto con la empresa Silza, para la atenci\u00f3n a las personas fallecidas, a las que resultaron lesionadas y a sus familias.<\/p>\n\n\n\n<p>La empresa inform\u00f3 el 11 de septiembre, que activ\u00f3 los protocolos de apoyo a las familias de las personas afectadas.<\/p>\n","protected":false},"excerpt":{"rendered":"<p>La cifra de fallecidos por la explosi\u00f3n de la pipa en Iztapalapa se elev\u00f3 a 19; entre ellos, el conductor de la unidad, Fernando Soto El chofer de la pipa que explot\u00f3 en el Puente de la Concordia, en Iztapalapa, Ciudad de M\u00e9xico, falleci\u00f3 la noche del 16 de septiembre. Fernando Soto Mungu\u00eda luch\u00f3 por [&hellip;]<\/p>\n","protected":false},"author":7,"featured_media":117469,"comment_status":"closed","ping_status":"open","sticky":false,"template":"","format":"standard","meta":{"tdm_status":"","tdm_grid_status":"","footnotes":""},"categories":[39],"tags":[],"class_list":{"0":"post-117470","1":"post","2":"type-post","3":"status-publish","4":"format-standard","5":"has-post-thumbnail","7":"category-noticias-nacionales"},"yoast_head":"<!-- This site is optimized with the Yoast SEO plugin v27.5 - https:\/\/yoast.com\/product\/yoast-seo-wordpress\/ -->\n<title>Muere el chofer de pipa que explot\u00f3 en Puente la Concordia, Iztapalapa - Fuentes Fidedignas<\/title>\n<meta name=\"robots\" content=\"index, follow, max-snippet:-1, max-image-preview:large, max-video-preview:-1\" \/>\n<link rel=\"canonical\" href=\"https:\/\/fuentesfidedignas.com.mx\/index.php\/2025\/09\/17\/muere-el-chofer-de-pipa-que-exploto-en-puente-la-concordia-iztapalapa\/\" \/>\n<meta property=\"og:locale\" content=\"es_MX\" \/>\n<meta property=\"og:type\" content=\"article\" \/>\n<meta property=\"og:title\" content=\"Muere el chofer de pipa que explot\u00f3 en Puente la Concordia, Iztapalapa - Fuentes Fidedignas\" \/>\n<meta property=\"og:description\" content=\"La cifra de fallecidos por la explosi\u00f3n de la pipa en Iztapalapa se elev\u00f3 a 19; entre ellos, el conductor de la unidad, Fernando Soto El chofer de la pipa que explot\u00f3 en el Puente de la Concordia, en Iztapalapa, Ciudad de M\u00e9xico, falleci\u00f3 la noche del 16 de septiembre. Fernando Soto Mungu\u00eda luch\u00f3 por [&hellip;]\" \/>\n<meta property=\"og:url\" content=\"https:\/\/fuentesfidedignas.com.mx\/index.php\/2025\/09\/17\/muere-el-chofer-de-pipa-que-exploto-en-puente-la-concordia-iztapalapa\/\" \/>\n<meta property=\"og:site_name\" content=\"Fuentes Fidedignas\" \/>\n<meta property=\"article:publisher\" content=\"https:\/\/www.facebook.com\/Fuentes-Fidedignas-368234489921644\" \/>\n<meta property=\"article:published_time\" content=\"2025-09-17T17:01:42+00:00\" \/>\n<meta property=\"og:image\" content=\"https:\/\/fuentesfidedignas.com.mx\/wp-content\/uploads\/2025\/09\/img_9279.jpg\" \/>\n\t<meta property=\"og:image:width\" content=\"380\" \/>\n\t<meta property=\"og:image:height\" content=\"308\" \/>\n\t<meta property=\"og:image:type\" content=\"image\/jpeg\" \/>\n<meta name=\"author\" content=\"Exc\u00e9lsior\" \/>\n<meta name=\"twitter:card\" content=\"summary_large_image\" \/>\n<meta name=\"twitter:creator\" content=\"@fidedignas\" \/>\n<meta name=\"twitter:site\" content=\"@fidedignas\" \/>\n<meta name=\"twitter:label1\" content=\"Escrito por\" \/>\n\t<meta name=\"twitter:data1\" content=\"Exc\u00e9lsior\" \/>\n\t<meta name=\"twitter:label2\" content=\"Tiempo de lectura\" \/>\n\t<meta name=\"twitter:data2\" content=\"3 minutos\" \/>\n<script type=\"application\/ld+json\" class=\"yoast-schema-graph\">{\"@context\":\"https:\\\/\\\/schema.org\",\"@graph\":[{\"@type\":\"Article\",\"@id\":\"https:\\\/\\\/fuentesfidedignas.com.mx\\\/index.php\\\/2025\\\/09\\\/17\\\/muere-el-chofer-de-pipa-que-exploto-en-puente-la-concordia-iztapalapa\\\/#article\",\"isPartOf\":{\"@id\":\"https:\\\/\\\/fuentesfidedignas.com.mx\\\/index.php\\\/2025\\\/09\\\/17\\\/muere-el-chofer-de-pipa-que-exploto-en-puente-la-concordia-iztapalapa\\\/\"},\"author\":{\"name\":\"Exc\u00e9lsior\",\"@id\":\"https:\\\/\\\/fuentesfidedignas.com.mx\\\/#\\\/schema\\\/person\\\/ec4edd1fbf5efa3e44fce34fe2787780\"},\"headline\":\"Muere el chofer de pipa que explot\u00f3 en Puente la Concordia, Iztapalapa\",\"datePublished\":\"2025-09-17T17:01:42+00:00\",\"mainEntityOfPage\":{\"@id\":\"https:\\\/\\\/fuentesfidedignas.com.mx\\\/index.php\\\/2025\\\/09\\\/17\\\/muere-el-chofer-de-pipa-que-exploto-en-puente-la-concordia-iztapalapa\\\/\"},\"wordCount\":602,\"publisher\":{\"@id\":\"https:\\\/\\\/fuentesfidedignas.com.mx\\\/#organization\"},\"image\":{\"@id\":\"https:\\\/\\\/fuentesfidedignas.com.mx\\\/index.php\\\/2025\\\/09\\\/17\\\/muere-el-chofer-de-pipa-que-exploto-en-puente-la-concordia-iztapalapa\\\/#primaryimage\"},\"thumbnailUrl\":\"https:\\\/\\\/fuentesfidedignas.com.mx\\\/wp-content\\\/uploads\\\/2025\\\/09\\\/img_9279.jpg\",\"articleSection\":[\"NOTICIAS NACIONALES\"],\"inLanguage\":\"es\"},{\"@type\":\"WebPage\",\"@id\":\"https:\\\/\\\/fuentesfidedignas.com.mx\\\/index.php\\\/2025\\\/09\\\/17\\\/muere-el-chofer-de-pipa-que-exploto-en-puente-la-concordia-iztapalapa\\\/\",\"url\":\"https:\\\/\\\/fuentesfidedignas.com.mx\\\/index.php\\\/2025\\\/09\\\/17\\\/muere-el-chofer-de-pipa-que-exploto-en-puente-la-concordia-iztapalapa\\\/\",\"name\":\"Muere el chofer de pipa que explot\u00f3 en Puente la Concordia, Iztapalapa - Fuentes Fidedignas\",\"isPartOf\":{\"@id\":\"https:\\\/\\\/fuentesfidedignas.com.mx\\\/#website\"},\"primaryImageOfPage\":{\"@id\":\"https:\\\/\\\/fuentesfidedignas.com.mx\\\/index.php\\\/2025\\\/09\\\/17\\\/muere-el-chofer-de-pipa-que-exploto-en-puente-la-concordia-iztapalapa\\\/#primaryimage\"},\"image\":{\"@id\":\"https:\\\/\\\/fuentesfidedignas.com.mx\\\/index.php\\\/2025\\\/09\\\/17\\\/muere-el-chofer-de-pipa-que-exploto-en-puente-la-concordia-iztapalapa\\\/#primaryimage\"},\"thumbnailUrl\":\"https:\\\/\\\/fuentesfidedignas.com.mx\\\/wp-content\\\/uploads\\\/2025\\\/09\\\/img_9279.jpg\",\"datePublished\":\"2025-09-17T17:01:42+00:00\",\"breadcrumb\":{\"@id\":\"https:\\\/\\\/fuentesfidedignas.com.mx\\\/index.php\\\/2025\\\/09\\\/17\\\/muere-el-chofer-de-pipa-que-exploto-en-puente-la-concordia-iztapalapa\\\/#breadcrumb\"},\"inLanguage\":\"es\",\"potentialAction\":[{\"@type\":\"ReadAction\",\"target\":[\"https:\\\/\\\/fuentesfidedignas.com.mx\\\/index.php\\\/2025\\\/09\\\/17\\\/muere-el-chofer-de-pipa-que-exploto-en-puente-la-concordia-iztapalapa\\\/\"]}]},{\"@type\":\"ImageObject\",\"inLanguage\":\"es\",\"@id\":\"https:\\\/\\\/fuentesfidedignas.com.mx\\\/index.php\\\/2025\\\/09\\\/17\\\/muere-el-chofer-de-pipa-que-exploto-en-puente-la-concordia-iztapalapa\\\/#primaryimage\",\"url\":\"https:\\\/\\\/fuentesfidedignas.com.mx\\\/wp-content\\\/uploads\\\/2025\\\/09\\\/img_9279.jpg\",\"contentUrl\":\"https:\\\/\\\/fuentesfidedignas.com.mx\\\/wp-content\\\/uploads\\\/2025\\\/09\\\/img_9279.jpg\",\"width\":380,\"height\":308},{\"@type\":\"BreadcrumbList\",\"@id\":\"https:\\\/\\\/fuentesfidedignas.com.mx\\\/index.php\\\/2025\\\/09\\\/17\\\/muere-el-chofer-de-pipa-que-exploto-en-puente-la-concordia-iztapalapa\\\/#breadcrumb\",\"itemListElement\":[{\"@type\":\"ListItem\",\"position\":1,\"name\":\"Inicio\",\"item\":\"https:\\\/\\\/fuentesfidedignas.com.mx\\\/\"},{\"@type\":\"ListItem\",\"position\":2,\"name\":\"Muere el chofer de pipa que explot\u00f3 en Puente la Concordia, Iztapalapa\"}]},{\"@type\":\"WebSite\",\"@id\":\"https:\\\/\\\/fuentesfidedignas.com.mx\\\/#website\",\"url\":\"https:\\\/\\\/fuentesfidedignas.com.mx\\\/\",\"name\":\"Fuentes Fidedignas\",\"description\":\"Otro sitio realizado con WordPress\",\"publisher\":{\"@id\":\"https:\\\/\\\/fuentesfidedignas.com.mx\\\/#organization\"},\"potentialAction\":[{\"@type\":\"SearchAction\",\"target\":{\"@type\":\"EntryPoint\",\"urlTemplate\":\"https:\\\/\\\/fuentesfidedignas.com.mx\\\/?s={search_term_string}\"},\"query-input\":{\"@type\":\"PropertyValueSpecification\",\"valueRequired\":true,\"valueName\":\"search_term_string\"}}],\"inLanguage\":\"es\"},{\"@type\":\"Organization\",\"@id\":\"https:\\\/\\\/fuentesfidedignas.com.mx\\\/#organization\",\"name\":\"Fuentes Fidedignas\",\"url\":\"https:\\\/\\\/fuentesfidedignas.com.mx\\\/\",\"logo\":{\"@type\":\"ImageObject\",\"inLanguage\":\"es\",\"@id\":\"https:\\\/\\\/fuentesfidedignas.com.mx\\\/#\\\/schema\\\/logo\\\/image\\\/\",\"url\":\"https:\\\/\\\/fuentesfidedignas.com.mx\\\/wp-content\\\/uploads\\\/2021\\\/04\\\/logo-retina.png\",\"contentUrl\":\"https:\\\/\\\/fuentesfidedignas.com.mx\\\/wp-content\\\/uploads\\\/2021\\\/04\\\/logo-retina.png\",\"width\":280,\"height\":51,\"caption\":\"Fuentes Fidedignas\"},\"image\":{\"@id\":\"https:\\\/\\\/fuentesfidedignas.com.mx\\\/#\\\/schema\\\/logo\\\/image\\\/\"},\"sameAs\":[\"https:\\\/\\\/www.facebook.com\\\/Fuentes-Fidedignas-368234489921644\",\"https:\\\/\\\/x.com\\\/fidedignas\"]},{\"@type\":\"Person\",\"@id\":\"https:\\\/\\\/fuentesfidedignas.com.mx\\\/#\\\/schema\\\/person\\\/ec4edd1fbf5efa3e44fce34fe2787780\",\"name\":\"Exc\u00e9lsior\",\"image\":{\"@type\":\"ImageObject\",\"inLanguage\":\"es\",\"@id\":\"https:\\\/\\\/secure.gravatar.com\\\/avatar\\\/4b7ee9206b48be08447852b3f0814dbc7c0f3b51541b164f1464a2725614020b?s=96&d=mm&r=g\",\"url\":\"https:\\\/\\\/secure.gravatar.com\\\/avatar\\\/4b7ee9206b48be08447852b3f0814dbc7c0f3b51541b164f1464a2725614020b?s=96&d=mm&r=g\",\"contentUrl\":\"https:\\\/\\\/secure.gravatar.com\\\/avatar\\\/4b7ee9206b48be08447852b3f0814dbc7c0f3b51541b164f1464a2725614020b?s=96&d=mm&r=g\",\"caption\":\"Exc\u00e9lsior\"},\"url\":\"https:\\\/\\\/fuentesfidedignas.com.mx\\\/index.php\\\/author\\\/excelsior\\\/\"}]}<\/script>\n<!-- \/ Yoast SEO plugin. -->","yoast_head_json":{"title":"Muere el chofer de pipa que explot\u00f3 en Puente la Concordia, Iztapalapa - Fuentes Fidedignas","robots":{"index":"index","follow":"follow","max-snippet":"max-snippet:-1","max-image-preview":"max-image-preview:large","max-video-preview":"max-video-preview:-1"},"canonical":"https:\/\/fuentesfidedignas.com.mx\/index.php\/2025\/09\/17\/muere-el-chofer-de-pipa-que-exploto-en-puente-la-concordia-iztapalapa\/","og_locale":"es_MX","og_type":"article","og_title":"Muere el chofer de pipa que explot\u00f3 en Puente la Concordia, Iztapalapa - Fuentes Fidedignas","og_description":"La cifra de fallecidos por la explosi\u00f3n de la pipa en Iztapalapa se elev\u00f3 a 19; entre ellos, el conductor de la unidad, Fernando Soto El chofer de la pipa que explot\u00f3 en el Puente de la Concordia, en Iztapalapa, Ciudad de M\u00e9xico, falleci\u00f3 la noche del 16 de septiembre. Fernando Soto Mungu\u00eda luch\u00f3 por [&hellip;]","og_url":"https:\/\/fuentesfidedignas.com.mx\/index.php\/2025\/09\/17\/muere-el-chofer-de-pipa-que-exploto-en-puente-la-concordia-iztapalapa\/","og_site_name":"Fuentes Fidedignas","article_publisher":"https:\/\/www.facebook.com\/Fuentes-Fidedignas-368234489921644","article_published_time":"2025-09-17T17:01:42+00:00","og_image":[{"width":380,"height":308,"url":"https:\/\/fuentesfidedignas.com.mx\/wp-content\/uploads\/2025\/09\/img_9279.jpg","type":"image\/jpeg"}],"author":"Exc\u00e9lsior","twitter_card":"summary_large_image","twitter_creator":"@fidedignas","twitter_site":"@fidedignas","twitter_misc":{"Escrito por":"Exc\u00e9lsior","Tiempo de lectura":"3 minutos"},"schema":{"@context":"https:\/\/schema.org","@graph":[{"@type":"Article","@id":"https:\/\/fuentesfidedignas.com.mx\/index.php\/2025\/09\/17\/muere-el-chofer-de-pipa-que-exploto-en-puente-la-concordia-iztapalapa\/#article","isPartOf":{"@id":"https:\/\/fuentesfidedignas.com.mx\/index.php\/2025\/09\/17\/muere-el-chofer-de-pipa-que-exploto-en-puente-la-concordia-iztapalapa\/"},"author":{"name":"Exc\u00e9lsior","@id":"https:\/\/fuentesfidedignas.com.mx\/#\/schema\/person\/ec4edd1fbf5efa3e44fce34fe2787780"},"headline":"Muere el chofer de pipa que explot\u00f3 en Puente la Concordia, Iztapalapa","datePublished":"2025-09-17T17:01:42+00:00","mainEntityOfPage":{"@id":"https:\/\/fuentesfidedignas.com.mx\/index.php\/2025\/09\/17\/muere-el-chofer-de-pipa-que-exploto-en-puente-la-concordia-iztapalapa\/"},"wordCount":602,"publisher":{"@id":"https:\/\/fuentesfidedignas.com.mx\/#organization"},"image":{"@id":"https:\/\/fuentesfidedignas.com.mx\/index.php\/2025\/09\/17\/muere-el-chofer-de-pipa-que-exploto-en-puente-la-concordia-iztapalapa\/#primaryimage"},"thumbnailUrl":"https:\/\/fuentesfidedignas.com.mx\/wp-content\/uploads\/2025\/09\/img_9279.jpg","articleSection":["NOTICIAS NACIONALES"],"inLanguage":"es"},{"@type":"WebPage","@id":"https:\/\/fuentesfidedignas.com.mx\/index.php\/2025\/09\/17\/muere-el-chofer-de-pipa-que-exploto-en-puente-la-concordia-iztapalapa\/","url":"https:\/\/fuentesfidedignas.com.mx\/index.php\/2025\/09\/17\/muere-el-chofer-de-pipa-que-exploto-en-puente-la-concordia-iztapalapa\/","name":"Muere el chofer de pipa que explot\u00f3 en Puente la Concordia, Iztapalapa - Fuentes Fidedignas","isPartOf":{"@id":"https:\/\/fuentesfidedignas.com.mx\/#website"},"primaryImageOfPage":{"@id":"https:\/\/fuentesfidedignas.com.mx\/index.php\/2025\/09\/17\/muere-el-chofer-de-pipa-que-exploto-en-puente-la-concordia-iztapalapa\/#primaryimage"},"image":{"@id":"https:\/\/fuentesfidedignas.com.mx\/index.php\/2025\/09\/17\/muere-el-chofer-de-pipa-que-exploto-en-puente-la-concordia-iztapalapa\/#primaryimage"},"thumbnailUrl":"https:\/\/fuentesfidedignas.com.mx\/wp-content\/uploads\/2025\/09\/img_9279.jpg","datePublished":"2025-09-17T17:01:42+00:00","breadcrumb":{"@id":"https:\/\/fuentesfidedignas.com.mx\/index.php\/2025\/09\/17\/muere-el-chofer-de-pipa-que-exploto-en-puente-la-concordia-iztapalapa\/#breadcrumb"},"inLanguage":"es","potentialAction":[{"@type":"ReadAction","target":["https:\/\/fuentesfidedignas.com.mx\/index.php\/2025\/09\/17\/muere-el-chofer-de-pipa-que-exploto-en-puente-la-concordia-iztapalapa\/"]}]},{"@type":"ImageObject","inLanguage":"es","@id":"https:\/\/fuentesfidedignas.com.mx\/index.php\/2025\/09\/17\/muere-el-chofer-de-pipa-que-exploto-en-puente-la-concordia-iztapalapa\/#primaryimage","url":"https:\/\/fuentesfidedignas.com.mx\/wp-content\/uploads\/2025\/09\/img_9279.jpg","contentUrl":"https:\/\/fuentesfidedignas.com.mx\/wp-content\/uploads\/2025\/09\/img_9279.jpg","width":380,"height":308},{"@type":"BreadcrumbList","@id":"https:\/\/fuentesfidedignas.com.mx\/index.php\/2025\/09\/17\/muere-el-chofer-de-pipa-que-exploto-en-puente-la-concordia-iztapalapa\/#breadcrumb","itemListElement":[{"@type":"ListItem","position":1,"name":"Inicio","item":"https:\/\/fuentesfidedignas.com.mx\/"},{"@type":"ListItem","position":2,"name":"Muere el chofer de pipa que explot\u00f3 en Puente la Concordia, Iztapalapa"}]},{"@type":"WebSite","@id":"https:\/\/fuentesfidedignas.com.mx\/#website","url":"https:\/\/fuentesfidedignas.com.mx\/","name":"Fuentes Fidedignas","description":"Otro sitio realizado con WordPress","publisher":{"@id":"https:\/\/fuentesfidedignas.com.mx\/#organization"},"potentialAction":[{"@type":"SearchAction","target":{"@type":"EntryPoint","urlTemplate":"https:\/\/fuentesfidedignas.com.mx\/?s={search_term_string}"},"query-input":{"@type":"PropertyValueSpecification","valueRequired":true,"valueName":"search_term_string"}}],"inLanguage":"es"},{"@type":"Organization","@id":"https:\/\/fuentesfidedignas.com.mx\/#organization","name":"Fuentes Fidedignas","url":"https:\/\/fuentesfidedignas.com.mx\/","logo":{"@type":"ImageObject","inLanguage":"es","@id":"https:\/\/fuentesfidedignas.com.mx\/#\/schema\/logo\/image\/","url":"https:\/\/fuentesfidedignas.com.mx\/wp-content\/uploads\/2021\/04\/logo-retina.png","contentUrl":"https:\/\/fuentesfidedignas.com.mx\/wp-content\/uploads\/2021\/04\/logo-retina.png","width":280,"height":51,"caption":"Fuentes Fidedignas"},"image":{"@id":"https:\/\/fuentesfidedignas.com.mx\/#\/schema\/logo\/image\/"},"sameAs":["https:\/\/www.facebook.com\/Fuentes-Fidedignas-368234489921644","https:\/\/x.com\/fidedignas"]},{"@type":"Person","@id":"https:\/\/fuentesfidedignas.com.mx\/#\/schema\/person\/ec4edd1fbf5efa3e44fce34fe2787780","name":"Exc\u00e9lsior","image":{"@type":"ImageObject","inLanguage":"es","@id":"https:\/\/secure.gravatar.com\/avatar\/4b7ee9206b48be08447852b3f0814dbc7c0f3b51541b164f1464a2725614020b?s=96&d=mm&r=g","url":"https:\/\/secure.gravatar.com\/avatar\/4b7ee9206b48be08447852b3f0814dbc7c0f3b51541b164f1464a2725614020b?s=96&d=mm&r=g","contentUrl":"https:\/\/secure.gravatar.com\/avatar\/4b7ee9206b48be08447852b3f0814dbc7c0f3b51541b164f1464a2725614020b?s=96&d=mm&r=g","caption":"Exc\u00e9lsior"},"url":"https:\/\/fuentesfidedignas.com.mx\/index.php\/author\/excelsior\/"}]}},"_links":{"self":[{"href":"https:\/\/fuentesfidedignas.com.mx\/index.php\/wp-json\/wp\/v2\/posts\/117470","targetHints":{"allow":["GET"]}}],"collection":[{"href":"https:\/\/fuentesfidedignas.com.mx\/index.php\/wp-json\/wp\/v2\/posts"}],"about":[{"href":"https:\/\/fuentesfidedignas.com.mx\/index.php\/wp-json\/wp\/v2\/types\/post"}],"author":[{"embeddable":true,"href":"https:\/\/fuentesfidedignas.com.mx\/index.php\/wp-json\/wp\/v2\/users\/7"}],"replies":[{"embeddable":true,"href":"https:\/\/fuentesfidedignas.com.mx\/index.php\/wp-json\/wp\/v2\/comments?post=117470"}],"version-history":[{"count":1,"href":"https:\/\/fuentesfidedignas.com.mx\/index.php\/wp-json\/wp\/v2\/posts\/117470\/revisions"}],"predecessor-version":[{"id":117471,"href":"https:\/\/fuentesfidedignas.com.mx\/index.php\/wp-json\/wp\/v2\/posts\/117470\/revisions\/117471"}],"wp:featuredmedia":[{"embeddable":true,"href":"https:\/\/fuentesfidedignas.com.mx\/index.php\/wp-json\/wp\/v2\/media\/117469"}],"wp:attachment":[{"href":"https:\/\/fuentesfidedignas.com.mx\/index.php\/wp-json\/wp\/v2\/media?parent=117470"}],"wp:term":[{"taxonomy":"category","embeddable":true,"href":"https:\/\/fuentesfidedignas.com.mx\/index.php\/wp-json\/wp\/v2\/categories?post=117470"},{"taxonomy":"post_tag","embeddable":true,"href":"https:\/\/fuentesfidedignas.com.mx\/index.php\/wp-json\/wp\/v2\/tags?post=117470"}],"curies":[{"name":"wp","href":"https:\/\/api.w.org\/{rel}","templated":true}]}}