{"id":11737,"date":"2021-09-04T08:56:38","date_gmt":"2021-09-04T15:56:38","guid":{"rendered":"https:\/\/fuentesfidedignas.com.mx\/?p=11737"},"modified":"2021-09-04T09:02:39","modified_gmt":"2021-09-04T16:02:39","slug":"detenido-presunto-feminicida-de-karen","status":"publish","type":"post","link":"https:\/\/fuentesfidedignas.com.mx\/index.php\/2021\/09\/04\/detenido-presunto-feminicida-de-karen\/","title":{"rendered":"Detenido el presunto feminicida de Karen"},"content":{"rendered":"\n<p><strong><em>La Fiscal\u00eda de Sinaloa cumpliment\u00f3 orden de aprehensi\u00f3n y est\u00e1 en espera de programaci\u00f3n de audiencia inicial para formulaci\u00f3n de imputaci\u00f3n<\/em><\/strong><\/p>\n\n\n\n<p>Culiac\u00e1n Sin.- La Fiscal\u00eda de Sinaloa cumpliment\u00f3 una orden de aprehensi\u00f3n en contra de Carlos \u201cM\u201d como presunto responsable del feminicidio cometido en contra de Karen Ayelen, jovencita localizada sin vida en el sector La Lima, en la ciudad de Culiac\u00e1n.<\/p>\n\n\n\n<p>Hasta este momento procesal, al indiciado se le atribuye la privaci\u00f3n de la vida en contra de la adolescente, con base en los datos de prueba acreditados e integrados en la carpeta de investigaci\u00f3n iniciada por la agencia del Ministerio P\u00fablico Especializada en Violencia Contra las Mujeres.<\/p>\n\n\n\n<p>Fue la ma\u00f1ana de este pasado jueves 2 de septiembre cuando el cuerpo sin vida de la menor fue localizado a un costado del pante\u00f3n del sector La Lima, mismo que posteriormente fue identificado como Karen Ayelen.<\/p>\n\n\n\n<p>Mediante la realizaci\u00f3n de los primeros actos de investigaci\u00f3n se logr\u00f3 obtener datos de prueba que llevaron a identificar a Carlos \u201cM\u201d como el presunto responsable de la desaparici\u00f3n y feminicidio de la adolescente, quien falleci\u00f3 a consecuencia de asfixia.<\/p>\n\n\n\n<p>Reunida la evidencia, el Ministerio P\u00fablico judicializ\u00f3 la carpeta de investigaci\u00f3n para obtener la orden de aprehensi\u00f3n, misma que fue cumplimentada hace unos momentos, para de inmediato poner al indiciado a disposici\u00f3n de la autoridad jurisdiccional, en espera de programaci\u00f3n de audiencia inicial para formulaci\u00f3n de imputaci\u00f3n.<\/p>\n\n\n\n<p>Este organismo constitucional aut\u00f3nomo considera prudente aclarar, que en lo que corresponde a la informaci\u00f3n oficial sobre integraci\u00f3n y avances de carpetas de investigaci\u00f3n, as\u00ed como la detenci\u00f3n de personas presuntas responsables de delitos, solo puede emitirse desde el despacho del titular de esta Fiscal\u00eda del Estado y\/o a trav\u00e9s de la Unidad de Comunicaci\u00f3n y Divulgaci\u00f3n Social.<\/p>\n\n\n\n<p>Bajo esta precisi\u00f3n, cualquier informaci\u00f3n publicada con anterioridad sobre esta investigaci\u00f3n por el delito de feminicidio, y atribuida a la instituci\u00f3n por algunos medios, carece de toda veracidad y credibilidad.<\/p>\n\n\n\n<p>Los agentes del Ministerio P\u00fablico, peritos y polic\u00edas de investigaci\u00f3n de la Fiscal\u00eda General del Estado de Sinaloa, mantienen el compromiso de integrar carpetas de investigaci\u00f3n en estricto respeto del marco jur\u00eddico correspondiente, para as\u00ed garantizar procesos cuyo resultado sea la obtenci\u00f3n de sentencias condenatorias en contra de los responsables de delitos.<\/p>\n","protected":false},"excerpt":{"rendered":"<p>La Fiscal\u00eda de Sinaloa cumpliment\u00f3 orden de aprehensi\u00f3n y est\u00e1 en espera de programaci\u00f3n de audiencia inicial para formulaci\u00f3n de imputaci\u00f3n Culiac\u00e1n Sin.- La Fiscal\u00eda de Sinaloa cumpliment\u00f3 una orden de aprehensi\u00f3n en contra de Carlos \u201cM\u201d como presunto responsable del feminicidio cometido en contra de Karen Ayelen, jovencita localizada sin vida en el sector [&hellip;]<\/p>\n","protected":false},"author":4,"featured_media":11738,"comment_status":"open","ping_status":"open","sticky":false,"template":"","format":"standard","meta":{"tdm_status":"","tdm_grid_status":"","footnotes":""},"categories":[38],"tags":[],"class_list":{"0":"post-11737","1":"post","2":"type-post","3":"status-publish","4":"format-standard","5":"has-post-thumbnail","7":"category-noticias-locales"},"yoast_head":"<!-- This site is optimized with the Yoast SEO plugin v27.5 - https:\/\/yoast.com\/product\/yoast-seo-wordpress\/ -->\n<title>Detenido el presunto feminicida de Karen - Fuentes Fidedignas<\/title>\n<meta name=\"robots\" content=\"index, follow, max-snippet:-1, max-image-preview:large, max-video-preview:-1\" \/>\n<link rel=\"canonical\" href=\"https:\/\/fuentesfidedignas.com.mx\/index.php\/2021\/09\/04\/detenido-presunto-feminicida-de-karen\/\" \/>\n<meta property=\"og:locale\" content=\"es_MX\" \/>\n<meta property=\"og:type\" content=\"article\" \/>\n<meta property=\"og:title\" content=\"Detenido el presunto feminicida de Karen - Fuentes Fidedignas\" \/>\n<meta property=\"og:description\" content=\"La Fiscal\u00eda de Sinaloa cumpliment\u00f3 orden de aprehensi\u00f3n y est\u00e1 en espera de programaci\u00f3n de audiencia inicial para formulaci\u00f3n de imputaci\u00f3n Culiac\u00e1n Sin.- La Fiscal\u00eda de Sinaloa cumpliment\u00f3 una orden de aprehensi\u00f3n en contra de Carlos \u201cM\u201d como presunto responsable del feminicidio cometido en contra de Karen Ayelen, jovencita localizada sin vida en el sector [&hellip;]\" \/>\n<meta property=\"og:url\" content=\"https:\/\/fuentesfidedignas.com.mx\/index.php\/2021\/09\/04\/detenido-presunto-feminicida-de-karen\/\" \/>\n<meta property=\"og:site_name\" content=\"Fuentes Fidedignas\" \/>\n<meta property=\"article:publisher\" content=\"https:\/\/www.facebook.com\/Fuentes-Fidedignas-368234489921644\" \/>\n<meta property=\"article:published_time\" content=\"2021-09-04T15:56:38+00:00\" \/>\n<meta property=\"article:modified_time\" content=\"2021-09-04T16:02:39+00:00\" \/>\n<meta property=\"og:image\" content=\"https:\/\/fuentesfidedignas.com.mx\/wp-content\/uploads\/2021\/09\/images-34.jpeg\" \/>\n\t<meta property=\"og:image:width\" content=\"651\" \/>\n\t<meta property=\"og:image:height\" content=\"400\" \/>\n\t<meta property=\"og:image:type\" content=\"image\/jpeg\" \/>\n<meta name=\"author\" content=\"Redacci\u00f3n\" \/>\n<meta name=\"twitter:card\" content=\"summary_large_image\" \/>\n<meta name=\"twitter:creator\" content=\"@fidedignas\" \/>\n<meta name=\"twitter:site\" content=\"@fidedignas\" \/>\n<meta name=\"twitter:label1\" content=\"Escrito por\" \/>\n\t<meta name=\"twitter:data1\" content=\"Redacci\u00f3n\" \/>\n\t<meta name=\"twitter:label2\" content=\"Tiempo de lectura\" \/>\n\t<meta name=\"twitter:data2\" content=\"2 minutos\" \/>\n<script type=\"application\/ld+json\" class=\"yoast-schema-graph\">{\"@context\":\"https:\\\/\\\/schema.org\",\"@graph\":[{\"@type\":\"Article\",\"@id\":\"https:\\\/\\\/fuentesfidedignas.com.mx\\\/index.php\\\/2021\\\/09\\\/04\\\/detenido-presunto-feminicida-de-karen\\\/#article\",\"isPartOf\":{\"@id\":\"https:\\\/\\\/fuentesfidedignas.com.mx\\\/index.php\\\/2021\\\/09\\\/04\\\/detenido-presunto-feminicida-de-karen\\\/\"},\"author\":{\"name\":\"Redacci\u00f3n\",\"@id\":\"https:\\\/\\\/fuentesfidedignas.com.mx\\\/#\\\/schema\\\/person\\\/331be9283d37198e2acd5750279085b0\"},\"headline\":\"Detenido el presunto feminicida de Karen\",\"datePublished\":\"2021-09-04T15:56:38+00:00\",\"dateModified\":\"2021-09-04T16:02:39+00:00\",\"mainEntityOfPage\":{\"@id\":\"https:\\\/\\\/fuentesfidedignas.com.mx\\\/index.php\\\/2021\\\/09\\\/04\\\/detenido-presunto-feminicida-de-karen\\\/\"},\"wordCount\":424,\"commentCount\":0,\"publisher\":{\"@id\":\"https:\\\/\\\/fuentesfidedignas.com.mx\\\/#organization\"},\"image\":{\"@id\":\"https:\\\/\\\/fuentesfidedignas.com.mx\\\/index.php\\\/2021\\\/09\\\/04\\\/detenido-presunto-feminicida-de-karen\\\/#primaryimage\"},\"thumbnailUrl\":\"https:\\\/\\\/fuentesfidedignas.com.mx\\\/wp-content\\\/uploads\\\/2021\\\/09\\\/images-34.jpeg\",\"articleSection\":[\"NOTICIAS LOCALES\"],\"inLanguage\":\"es\",\"potentialAction\":[{\"@type\":\"CommentAction\",\"name\":\"Comment\",\"target\":[\"https:\\\/\\\/fuentesfidedignas.com.mx\\\/index.php\\\/2021\\\/09\\\/04\\\/detenido-presunto-feminicida-de-karen\\\/#respond\"]}]},{\"@type\":\"WebPage\",\"@id\":\"https:\\\/\\\/fuentesfidedignas.com.mx\\\/index.php\\\/2021\\\/09\\\/04\\\/detenido-presunto-feminicida-de-karen\\\/\",\"url\":\"https:\\\/\\\/fuentesfidedignas.com.mx\\\/index.php\\\/2021\\\/09\\\/04\\\/detenido-presunto-feminicida-de-karen\\\/\",\"name\":\"Detenido el presunto feminicida de Karen - Fuentes Fidedignas\",\"isPartOf\":{\"@id\":\"https:\\\/\\\/fuentesfidedignas.com.mx\\\/#website\"},\"primaryImageOfPage\":{\"@id\":\"https:\\\/\\\/fuentesfidedignas.com.mx\\\/index.php\\\/2021\\\/09\\\/04\\\/detenido-presunto-feminicida-de-karen\\\/#primaryimage\"},\"image\":{\"@id\":\"https:\\\/\\\/fuentesfidedignas.com.mx\\\/index.php\\\/2021\\\/09\\\/04\\\/detenido-presunto-feminicida-de-karen\\\/#primaryimage\"},\"thumbnailUrl\":\"https:\\\/\\\/fuentesfidedignas.com.mx\\\/wp-content\\\/uploads\\\/2021\\\/09\\\/images-34.jpeg\",\"datePublished\":\"2021-09-04T15:56:38+00:00\",\"dateModified\":\"2021-09-04T16:02:39+00:00\",\"breadcrumb\":{\"@id\":\"https:\\\/\\\/fuentesfidedignas.com.mx\\\/index.php\\\/2021\\\/09\\\/04\\\/detenido-presunto-feminicida-de-karen\\\/#breadcrumb\"},\"inLanguage\":\"es\",\"potentialAction\":[{\"@type\":\"ReadAction\",\"target\":[\"https:\\\/\\\/fuentesfidedignas.com.mx\\\/index.php\\\/2021\\\/09\\\/04\\\/detenido-presunto-feminicida-de-karen\\\/\"]}]},{\"@type\":\"ImageObject\",\"inLanguage\":\"es\",\"@id\":\"https:\\\/\\\/fuentesfidedignas.com.mx\\\/index.php\\\/2021\\\/09\\\/04\\\/detenido-presunto-feminicida-de-karen\\\/#primaryimage\",\"url\":\"https:\\\/\\\/fuentesfidedignas.com.mx\\\/wp-content\\\/uploads\\\/2021\\\/09\\\/images-34.jpeg\",\"contentUrl\":\"https:\\\/\\\/fuentesfidedignas.com.mx\\\/wp-content\\\/uploads\\\/2021\\\/09\\\/images-34.jpeg\",\"width\":651,\"height\":400},{\"@type\":\"BreadcrumbList\",\"@id\":\"https:\\\/\\\/fuentesfidedignas.com.mx\\\/index.php\\\/2021\\\/09\\\/04\\\/detenido-presunto-feminicida-de-karen\\\/#breadcrumb\",\"itemListElement\":[{\"@type\":\"ListItem\",\"position\":1,\"name\":\"Inicio\",\"item\":\"https:\\\/\\\/fuentesfidedignas.com.mx\\\/\"},{\"@type\":\"ListItem\",\"position\":2,\"name\":\"Detenido el presunto feminicida de Karen\"}]},{\"@type\":\"WebSite\",\"@id\":\"https:\\\/\\\/fuentesfidedignas.com.mx\\\/#website\",\"url\":\"https:\\\/\\\/fuentesfidedignas.com.mx\\\/\",\"name\":\"Fuentes Fidedignas\",\"description\":\"Otro sitio realizado con WordPress\",\"publisher\":{\"@id\":\"https:\\\/\\\/fuentesfidedignas.com.mx\\\/#organization\"},\"potentialAction\":[{\"@type\":\"SearchAction\",\"target\":{\"@type\":\"EntryPoint\",\"urlTemplate\":\"https:\\\/\\\/fuentesfidedignas.com.mx\\\/?s={search_term_string}\"},\"query-input\":{\"@type\":\"PropertyValueSpecification\",\"valueRequired\":true,\"valueName\":\"search_term_string\"}}],\"inLanguage\":\"es\"},{\"@type\":\"Organization\",\"@id\":\"https:\\\/\\\/fuentesfidedignas.com.mx\\\/#organization\",\"name\":\"Fuentes Fidedignas\",\"url\":\"https:\\\/\\\/fuentesfidedignas.com.mx\\\/\",\"logo\":{\"@type\":\"ImageObject\",\"inLanguage\":\"es\",\"@id\":\"https:\\\/\\\/fuentesfidedignas.com.mx\\\/#\\\/schema\\\/logo\\\/image\\\/\",\"url\":\"https:\\\/\\\/fuentesfidedignas.com.mx\\\/wp-content\\\/uploads\\\/2021\\\/04\\\/logo-retina.png\",\"contentUrl\":\"https:\\\/\\\/fuentesfidedignas.com.mx\\\/wp-content\\\/uploads\\\/2021\\\/04\\\/logo-retina.png\",\"width\":280,\"height\":51,\"caption\":\"Fuentes Fidedignas\"},\"image\":{\"@id\":\"https:\\\/\\\/fuentesfidedignas.com.mx\\\/#\\\/schema\\\/logo\\\/image\\\/\"},\"sameAs\":[\"https:\\\/\\\/www.facebook.com\\\/Fuentes-Fidedignas-368234489921644\",\"https:\\\/\\\/x.com\\\/fidedignas\"]},{\"@type\":\"Person\",\"@id\":\"https:\\\/\\\/fuentesfidedignas.com.mx\\\/#\\\/schema\\\/person\\\/331be9283d37198e2acd5750279085b0\",\"name\":\"Redacci\u00f3n\",\"image\":{\"@type\":\"ImageObject\",\"inLanguage\":\"es\",\"@id\":\"https:\\\/\\\/secure.gravatar.com\\\/avatar\\\/f6d8782c11d12b2d4ad3fbb6931aeab5309937a4d6cd2fc9cfaa28a6396a5aec?s=96&d=mm&r=g\",\"url\":\"https:\\\/\\\/secure.gravatar.com\\\/avatar\\\/f6d8782c11d12b2d4ad3fbb6931aeab5309937a4d6cd2fc9cfaa28a6396a5aec?s=96&d=mm&r=g\",\"contentUrl\":\"https:\\\/\\\/secure.gravatar.com\\\/avatar\\\/f6d8782c11d12b2d4ad3fbb6931aeab5309937a4d6cd2fc9cfaa28a6396a5aec?s=96&d=mm&r=g\",\"caption\":\"Redacci\u00f3n\"},\"url\":\"https:\\\/\\\/fuentesfidedignas.com.mx\\\/index.php\\\/author\\\/redaccion\\\/\"}]}<\/script>\n<!-- \/ Yoast SEO plugin. -->","yoast_head_json":{"title":"Detenido el presunto feminicida de Karen - Fuentes Fidedignas","robots":{"index":"index","follow":"follow","max-snippet":"max-snippet:-1","max-image-preview":"max-image-preview:large","max-video-preview":"max-video-preview:-1"},"canonical":"https:\/\/fuentesfidedignas.com.mx\/index.php\/2021\/09\/04\/detenido-presunto-feminicida-de-karen\/","og_locale":"es_MX","og_type":"article","og_title":"Detenido el presunto feminicida de Karen - Fuentes Fidedignas","og_description":"La Fiscal\u00eda de Sinaloa cumpliment\u00f3 orden de aprehensi\u00f3n y est\u00e1 en espera de programaci\u00f3n de audiencia inicial para formulaci\u00f3n de imputaci\u00f3n Culiac\u00e1n Sin.- La Fiscal\u00eda de Sinaloa cumpliment\u00f3 una orden de aprehensi\u00f3n en contra de Carlos \u201cM\u201d como presunto responsable del feminicidio cometido en contra de Karen Ayelen, jovencita localizada sin vida en el sector [&hellip;]","og_url":"https:\/\/fuentesfidedignas.com.mx\/index.php\/2021\/09\/04\/detenido-presunto-feminicida-de-karen\/","og_site_name":"Fuentes Fidedignas","article_publisher":"https:\/\/www.facebook.com\/Fuentes-Fidedignas-368234489921644","article_published_time":"2021-09-04T15:56:38+00:00","article_modified_time":"2021-09-04T16:02:39+00:00","og_image":[{"width":651,"height":400,"url":"https:\/\/fuentesfidedignas.com.mx\/wp-content\/uploads\/2021\/09\/images-34.jpeg","type":"image\/jpeg"}],"author":"Redacci\u00f3n","twitter_card":"summary_large_image","twitter_creator":"@fidedignas","twitter_site":"@fidedignas","twitter_misc":{"Escrito por":"Redacci\u00f3n","Tiempo de lectura":"2 minutos"},"schema":{"@context":"https:\/\/schema.org","@graph":[{"@type":"Article","@id":"https:\/\/fuentesfidedignas.com.mx\/index.php\/2021\/09\/04\/detenido-presunto-feminicida-de-karen\/#article","isPartOf":{"@id":"https:\/\/fuentesfidedignas.com.mx\/index.php\/2021\/09\/04\/detenido-presunto-feminicida-de-karen\/"},"author":{"name":"Redacci\u00f3n","@id":"https:\/\/fuentesfidedignas.com.mx\/#\/schema\/person\/331be9283d37198e2acd5750279085b0"},"headline":"Detenido el presunto feminicida de Karen","datePublished":"2021-09-04T15:56:38+00:00","dateModified":"2021-09-04T16:02:39+00:00","mainEntityOfPage":{"@id":"https:\/\/fuentesfidedignas.com.mx\/index.php\/2021\/09\/04\/detenido-presunto-feminicida-de-karen\/"},"wordCount":424,"commentCount":0,"publisher":{"@id":"https:\/\/fuentesfidedignas.com.mx\/#organization"},"image":{"@id":"https:\/\/fuentesfidedignas.com.mx\/index.php\/2021\/09\/04\/detenido-presunto-feminicida-de-karen\/#primaryimage"},"thumbnailUrl":"https:\/\/fuentesfidedignas.com.mx\/wp-content\/uploads\/2021\/09\/images-34.jpeg","articleSection":["NOTICIAS LOCALES"],"inLanguage":"es","potentialAction":[{"@type":"CommentAction","name":"Comment","target":["https:\/\/fuentesfidedignas.com.mx\/index.php\/2021\/09\/04\/detenido-presunto-feminicida-de-karen\/#respond"]}]},{"@type":"WebPage","@id":"https:\/\/fuentesfidedignas.com.mx\/index.php\/2021\/09\/04\/detenido-presunto-feminicida-de-karen\/","url":"https:\/\/fuentesfidedignas.com.mx\/index.php\/2021\/09\/04\/detenido-presunto-feminicida-de-karen\/","name":"Detenido el presunto feminicida de Karen - Fuentes Fidedignas","isPartOf":{"@id":"https:\/\/fuentesfidedignas.com.mx\/#website"},"primaryImageOfPage":{"@id":"https:\/\/fuentesfidedignas.com.mx\/index.php\/2021\/09\/04\/detenido-presunto-feminicida-de-karen\/#primaryimage"},"image":{"@id":"https:\/\/fuentesfidedignas.com.mx\/index.php\/2021\/09\/04\/detenido-presunto-feminicida-de-karen\/#primaryimage"},"thumbnailUrl":"https:\/\/fuentesfidedignas.com.mx\/wp-content\/uploads\/2021\/09\/images-34.jpeg","datePublished":"2021-09-04T15:56:38+00:00","dateModified":"2021-09-04T16:02:39+00:00","breadcrumb":{"@id":"https:\/\/fuentesfidedignas.com.mx\/index.php\/2021\/09\/04\/detenido-presunto-feminicida-de-karen\/#breadcrumb"},"inLanguage":"es","potentialAction":[{"@type":"ReadAction","target":["https:\/\/fuentesfidedignas.com.mx\/index.php\/2021\/09\/04\/detenido-presunto-feminicida-de-karen\/"]}]},{"@type":"ImageObject","inLanguage":"es","@id":"https:\/\/fuentesfidedignas.com.mx\/index.php\/2021\/09\/04\/detenido-presunto-feminicida-de-karen\/#primaryimage","url":"https:\/\/fuentesfidedignas.com.mx\/wp-content\/uploads\/2021\/09\/images-34.jpeg","contentUrl":"https:\/\/fuentesfidedignas.com.mx\/wp-content\/uploads\/2021\/09\/images-34.jpeg","width":651,"height":400},{"@type":"BreadcrumbList","@id":"https:\/\/fuentesfidedignas.com.mx\/index.php\/2021\/09\/04\/detenido-presunto-feminicida-de-karen\/#breadcrumb","itemListElement":[{"@type":"ListItem","position":1,"name":"Inicio","item":"https:\/\/fuentesfidedignas.com.mx\/"},{"@type":"ListItem","position":2,"name":"Detenido el presunto feminicida de Karen"}]},{"@type":"WebSite","@id":"https:\/\/fuentesfidedignas.com.mx\/#website","url":"https:\/\/fuentesfidedignas.com.mx\/","name":"Fuentes Fidedignas","description":"Otro sitio realizado con WordPress","publisher":{"@id":"https:\/\/fuentesfidedignas.com.mx\/#organization"},"potentialAction":[{"@type":"SearchAction","target":{"@type":"EntryPoint","urlTemplate":"https:\/\/fuentesfidedignas.com.mx\/?s={search_term_string}"},"query-input":{"@type":"PropertyValueSpecification","valueRequired":true,"valueName":"search_term_string"}}],"inLanguage":"es"},{"@type":"Organization","@id":"https:\/\/fuentesfidedignas.com.mx\/#organization","name":"Fuentes Fidedignas","url":"https:\/\/fuentesfidedignas.com.mx\/","logo":{"@type":"ImageObject","inLanguage":"es","@id":"https:\/\/fuentesfidedignas.com.mx\/#\/schema\/logo\/image\/","url":"https:\/\/fuentesfidedignas.com.mx\/wp-content\/uploads\/2021\/04\/logo-retina.png","contentUrl":"https:\/\/fuentesfidedignas.com.mx\/wp-content\/uploads\/2021\/04\/logo-retina.png","width":280,"height":51,"caption":"Fuentes Fidedignas"},"image":{"@id":"https:\/\/fuentesfidedignas.com.mx\/#\/schema\/logo\/image\/"},"sameAs":["https:\/\/www.facebook.com\/Fuentes-Fidedignas-368234489921644","https:\/\/x.com\/fidedignas"]},{"@type":"Person","@id":"https:\/\/fuentesfidedignas.com.mx\/#\/schema\/person\/331be9283d37198e2acd5750279085b0","name":"Redacci\u00f3n","image":{"@type":"ImageObject","inLanguage":"es","@id":"https:\/\/secure.gravatar.com\/avatar\/f6d8782c11d12b2d4ad3fbb6931aeab5309937a4d6cd2fc9cfaa28a6396a5aec?s=96&d=mm&r=g","url":"https:\/\/secure.gravatar.com\/avatar\/f6d8782c11d12b2d4ad3fbb6931aeab5309937a4d6cd2fc9cfaa28a6396a5aec?s=96&d=mm&r=g","contentUrl":"https:\/\/secure.gravatar.com\/avatar\/f6d8782c11d12b2d4ad3fbb6931aeab5309937a4d6cd2fc9cfaa28a6396a5aec?s=96&d=mm&r=g","caption":"Redacci\u00f3n"},"url":"https:\/\/fuentesfidedignas.com.mx\/index.php\/author\/redaccion\/"}]}},"_links":{"self":[{"href":"https:\/\/fuentesfidedignas.com.mx\/index.php\/wp-json\/wp\/v2\/posts\/11737","targetHints":{"allow":["GET"]}}],"collection":[{"href":"https:\/\/fuentesfidedignas.com.mx\/index.php\/wp-json\/wp\/v2\/posts"}],"about":[{"href":"https:\/\/fuentesfidedignas.com.mx\/index.php\/wp-json\/wp\/v2\/types\/post"}],"author":[{"embeddable":true,"href":"https:\/\/fuentesfidedignas.com.mx\/index.php\/wp-json\/wp\/v2\/users\/4"}],"replies":[{"embeddable":true,"href":"https:\/\/fuentesfidedignas.com.mx\/index.php\/wp-json\/wp\/v2\/comments?post=11737"}],"version-history":[{"count":2,"href":"https:\/\/fuentesfidedignas.com.mx\/index.php\/wp-json\/wp\/v2\/posts\/11737\/revisions"}],"predecessor-version":[{"id":11740,"href":"https:\/\/fuentesfidedignas.com.mx\/index.php\/wp-json\/wp\/v2\/posts\/11737\/revisions\/11740"}],"wp:featuredmedia":[{"embeddable":true,"href":"https:\/\/fuentesfidedignas.com.mx\/index.php\/wp-json\/wp\/v2\/media\/11738"}],"wp:attachment":[{"href":"https:\/\/fuentesfidedignas.com.mx\/index.php\/wp-json\/wp\/v2\/media?parent=11737"}],"wp:term":[{"taxonomy":"category","embeddable":true,"href":"https:\/\/fuentesfidedignas.com.mx\/index.php\/wp-json\/wp\/v2\/categories?post=11737"},{"taxonomy":"post_tag","embeddable":true,"href":"https:\/\/fuentesfidedignas.com.mx\/index.php\/wp-json\/wp\/v2\/tags?post=11737"}],"curies":[{"name":"wp","href":"https:\/\/api.w.org\/{rel}","templated":true}]}}