{"id":117205,"date":"2025-09-13T04:29:00","date_gmt":"2025-09-13T11:29:00","guid":{"rendered":"https:\/\/fuentesfidedignas.com.mx\/?p=117205"},"modified":"2025-09-12T12:34:49","modified_gmt":"2025-09-12T19:34:49","slug":"un-cangrejo-en-la-oreja-el-impactante-video-del-nino-que-termino-en-el-hospital","status":"publish","type":"post","link":"https:\/\/fuentesfidedignas.com.mx\/index.php\/2025\/09\/13\/un-cangrejo-en-la-oreja-el-impactante-video-del-nino-que-termino-en-el-hospital\/","title":{"rendered":"\u00bfUn cangrejo en la oreja? El impactante video del ni\u00f1o que termin\u00f3 en el hospital"},"content":{"rendered":"\n<p><strong><em>El hijo de Kitzia Mitre termin\u00f3 en el hospital tras tener un cangrejo en la oreja. El ins\u00f3lito video caus\u00f3 sorpresa y se volvi\u00f3 viral.<\/em><\/strong><\/p>\n\n\n\n<p>Un nuevo e inesperado &#8220;miedo desbloqueado&#8221; se volvi\u00f3 viral en redes sociales, luego de que Kitzia Mitre, conocida socialit\u00e9 y empresaria, compartiera un video impactante en el que su hijo Pedro aparece en una camilla de hospital\u2026 con un cangrejo dentro de la oreja.<\/p>\n\n\n\n<p>La escena, que r\u00e1pidamente gener\u00f3 revuelo entre usuarios por lo improbable del suceso, muestra al peque\u00f1o visiblemente inc\u00f3modo mientras una doctora se prepara para retirar al animal con unas pinzas. En medio del procedimiento, su madre lo consuela dici\u00e9ndole que le apriete la mano con fuerza, que mantenga la calma y que ser\u00e1 r\u00e1pido.<\/p>\n\n\n\n<p>El momento m\u00e1s sorprendente del video ocurre cuando, con gran precisi\u00f3n, la doctora logra extraer el cangrejo del o\u00eddo del ni\u00f1o. A pesar del dolor y la incomodidad, el peque\u00f1o Pedro expres\u00f3 preocupaci\u00f3n por el bienestar del crust\u00e1ceo. Su madre lo tranquiliz\u00f3 diciendo que no pasaba nada y que no deb\u00eda preocuparse por el animal.<\/p>\n\n\n\n<blockquote class=\"tiktok-embed\" cite=\"https:\/\/www.tiktok.com\/@kitziamitre\/video\/7547516796119698696\" data-video-id=\"7547516796119698696\" style=\"max-width: 605px;min-width: 325px;\" > <section> <a target=\"_blank\" title=\"@kitziamitre\" href=\"https:\/\/www.tiktok.com\/@kitziamitre?refer=embed\">@kitziamitre<\/a> De los creadores de: me pic\u00f3 una abejita\u2026 llega un nuevo miedo desbloqueado\u2026 se meti\u00f3 un cangrejo \ud83e\udd80 en la oreja \ud83d\udc42 de Pedro\u2026 es muy improbable que algo as\u00ed pase pero le pas\u00f3 \u2026 <a title=\"uncangrejoenmioreja\" target=\"_blank\" href=\"https:\/\/www.tiktok.com\/tag\/uncangrejoenmioreja?refer=embed\">#UnCangrejoEnMiOreja<\/a> <a title=\"pobrepedro\" target=\"_blank\" href=\"https:\/\/www.tiktok.com\/tag\/pobrepedro?refer=embed\">#PobrePedro<\/a> <a title=\"todossomospedro\" target=\"_blank\" href=\"https:\/\/www.tiktok.com\/tag\/todossomospedro?refer=embed\">#TodosSomosPedro<\/a> <a target=\"_blank\" title=\"\u266c original sound - Kitzia Mitre\" href=\"https:\/\/www.tiktok.com\/music\/original-sound-7547516882007280385?refer=embed\">\u266c original sound &#8211; Kitzia Mitre<\/a> <\/section> <\/blockquote> <script async src=\"https:\/\/www.tiktok.com\/embed.js\"><\/script>\n\n\n\n<p>Tras la extracci\u00f3n, se escucha a Kitzia sorprendida preguntando: \u201c\u00bf\u00a1C\u00f3mo es posible que tuvieras eso en la oreja!?\u201d<\/p>\n\n\n\n<p>El clip, que fue publicado con la frase: &#8220;De los creadores de &#8216;me pic\u00f3 una abeja&#8217;, llega un nuevo miedo desbloqueado: \u2018me meti\u00f3 un cangrejo en la oreja\u2019&#8221;, desat\u00f3 una oleada de comentarios y teor\u00edas en redes sociales. Muchos usuarios no pueden entender c\u00f3mo un cangrejo pudo llegar hasta el o\u00eddo del menor, algo que parece casi imposible.<\/p>\n\n\n\n<p>Hasta el momento, no se han dado detalles de c\u00f3mo ocurri\u00f3 el incidente, pero el caso ha captado la atenci\u00f3n por lo inusual y lo viral del contenido<\/p>\n","protected":false},"excerpt":{"rendered":"<p>El hijo de Kitzia Mitre termin\u00f3 en el hospital tras tener un cangrejo en la oreja. El ins\u00f3lito video caus\u00f3 sorpresa y se volvi\u00f3 viral. Un nuevo e inesperado &#8220;miedo desbloqueado&#8221; se volvi\u00f3 viral en redes sociales, luego de que Kitzia Mitre, conocida socialit\u00e9 y empresaria, compartiera un video impactante en el que su hijo [&hellip;]<\/p>\n","protected":false},"author":7,"featured_media":117206,"comment_status":"open","ping_status":"open","sticky":false,"template":"","format":"standard","meta":{"tdm_status":"","tdm_grid_status":"","footnotes":""},"categories":[40],"tags":[],"class_list":{"0":"post-117205","1":"post","2":"type-post","3":"status-publish","4":"format-standard","5":"has-post-thumbnail","7":"category-las-asombrosas"},"yoast_head":"<!-- This site is optimized with the Yoast SEO plugin v27.5 - https:\/\/yoast.com\/product\/yoast-seo-wordpress\/ -->\n<title>\u00bfUn cangrejo en la oreja? El impactante video del ni\u00f1o que termin\u00f3 en el hospital - Fuentes Fidedignas<\/title>\n<meta name=\"robots\" content=\"index, follow, max-snippet:-1, max-image-preview:large, max-video-preview:-1\" \/>\n<link rel=\"canonical\" href=\"https:\/\/fuentesfidedignas.com.mx\/index.php\/2025\/09\/13\/un-cangrejo-en-la-oreja-el-impactante-video-del-nino-que-termino-en-el-hospital\/\" \/>\n<meta property=\"og:locale\" content=\"es_MX\" \/>\n<meta property=\"og:type\" content=\"article\" \/>\n<meta property=\"og:title\" content=\"\u00bfUn cangrejo en la oreja? El impactante video del ni\u00f1o que termin\u00f3 en el hospital - Fuentes Fidedignas\" \/>\n<meta property=\"og:description\" content=\"El hijo de Kitzia Mitre termin\u00f3 en el hospital tras tener un cangrejo en la oreja. El ins\u00f3lito video caus\u00f3 sorpresa y se volvi\u00f3 viral. Un nuevo e inesperado &#8220;miedo desbloqueado&#8221; se volvi\u00f3 viral en redes sociales, luego de que Kitzia Mitre, conocida socialit\u00e9 y empresaria, compartiera un video impactante en el que su hijo [&hellip;]\" \/>\n<meta property=\"og:url\" content=\"https:\/\/fuentesfidedignas.com.mx\/index.php\/2025\/09\/13\/un-cangrejo-en-la-oreja-el-impactante-video-del-nino-que-termino-en-el-hospital\/\" \/>\n<meta property=\"og:site_name\" content=\"Fuentes Fidedignas\" \/>\n<meta property=\"article:publisher\" content=\"https:\/\/www.facebook.com\/Fuentes-Fidedignas-368234489921644\" \/>\n<meta property=\"article:published_time\" content=\"2025-09-13T11:29:00+00:00\" \/>\n<meta property=\"og:image\" content=\"https:\/\/fuentesfidedignas.com.mx\/wp-content\/uploads\/2025\/09\/cangrejo-en-oreja.jpg\" \/>\n\t<meta property=\"og:image:width\" content=\"500\" \/>\n\t<meta property=\"og:image:height\" content=\"341\" \/>\n\t<meta property=\"og:image:type\" content=\"image\/jpeg\" \/>\n<meta name=\"author\" content=\"Exc\u00e9lsior\" \/>\n<meta name=\"twitter:card\" content=\"summary_large_image\" \/>\n<meta name=\"twitter:creator\" content=\"@fidedignas\" \/>\n<meta name=\"twitter:site\" content=\"@fidedignas\" \/>\n<meta name=\"twitter:label1\" content=\"Escrito por\" \/>\n\t<meta name=\"twitter:data1\" content=\"Exc\u00e9lsior\" \/>\n\t<meta name=\"twitter:label2\" content=\"Tiempo de lectura\" \/>\n\t<meta name=\"twitter:data2\" content=\"2 minutos\" \/>\n<script type=\"application\/ld+json\" class=\"yoast-schema-graph\">{\"@context\":\"https:\\\/\\\/schema.org\",\"@graph\":[{\"@type\":\"Article\",\"@id\":\"https:\\\/\\\/fuentesfidedignas.com.mx\\\/index.php\\\/2025\\\/09\\\/13\\\/un-cangrejo-en-la-oreja-el-impactante-video-del-nino-que-termino-en-el-hospital\\\/#article\",\"isPartOf\":{\"@id\":\"https:\\\/\\\/fuentesfidedignas.com.mx\\\/index.php\\\/2025\\\/09\\\/13\\\/un-cangrejo-en-la-oreja-el-impactante-video-del-nino-que-termino-en-el-hospital\\\/\"},\"author\":{\"name\":\"Exc\u00e9lsior\",\"@id\":\"https:\\\/\\\/fuentesfidedignas.com.mx\\\/#\\\/schema\\\/person\\\/ec4edd1fbf5efa3e44fce34fe2787780\"},\"headline\":\"\u00bfUn cangrejo en la oreja? El impactante video del ni\u00f1o que termin\u00f3 en el hospital\",\"datePublished\":\"2025-09-13T11:29:00+00:00\",\"mainEntityOfPage\":{\"@id\":\"https:\\\/\\\/fuentesfidedignas.com.mx\\\/index.php\\\/2025\\\/09\\\/13\\\/un-cangrejo-en-la-oreja-el-impactante-video-del-nino-que-termino-en-el-hospital\\\/\"},\"wordCount\":360,\"commentCount\":0,\"publisher\":{\"@id\":\"https:\\\/\\\/fuentesfidedignas.com.mx\\\/#organization\"},\"image\":{\"@id\":\"https:\\\/\\\/fuentesfidedignas.com.mx\\\/index.php\\\/2025\\\/09\\\/13\\\/un-cangrejo-en-la-oreja-el-impactante-video-del-nino-que-termino-en-el-hospital\\\/#primaryimage\"},\"thumbnailUrl\":\"https:\\\/\\\/fuentesfidedignas.com.mx\\\/wp-content\\\/uploads\\\/2025\\\/09\\\/cangrejo-en-oreja.jpg\",\"articleSection\":[\"LAS ASOMBROSAS\"],\"inLanguage\":\"es\",\"potentialAction\":[{\"@type\":\"CommentAction\",\"name\":\"Comment\",\"target\":[\"https:\\\/\\\/fuentesfidedignas.com.mx\\\/index.php\\\/2025\\\/09\\\/13\\\/un-cangrejo-en-la-oreja-el-impactante-video-del-nino-que-termino-en-el-hospital\\\/#respond\"]}]},{\"@type\":\"WebPage\",\"@id\":\"https:\\\/\\\/fuentesfidedignas.com.mx\\\/index.php\\\/2025\\\/09\\\/13\\\/un-cangrejo-en-la-oreja-el-impactante-video-del-nino-que-termino-en-el-hospital\\\/\",\"url\":\"https:\\\/\\\/fuentesfidedignas.com.mx\\\/index.php\\\/2025\\\/09\\\/13\\\/un-cangrejo-en-la-oreja-el-impactante-video-del-nino-que-termino-en-el-hospital\\\/\",\"name\":\"\u00bfUn cangrejo en la oreja? El impactante video del ni\u00f1o que termin\u00f3 en el hospital - Fuentes Fidedignas\",\"isPartOf\":{\"@id\":\"https:\\\/\\\/fuentesfidedignas.com.mx\\\/#website\"},\"primaryImageOfPage\":{\"@id\":\"https:\\\/\\\/fuentesfidedignas.com.mx\\\/index.php\\\/2025\\\/09\\\/13\\\/un-cangrejo-en-la-oreja-el-impactante-video-del-nino-que-termino-en-el-hospital\\\/#primaryimage\"},\"image\":{\"@id\":\"https:\\\/\\\/fuentesfidedignas.com.mx\\\/index.php\\\/2025\\\/09\\\/13\\\/un-cangrejo-en-la-oreja-el-impactante-video-del-nino-que-termino-en-el-hospital\\\/#primaryimage\"},\"thumbnailUrl\":\"https:\\\/\\\/fuentesfidedignas.com.mx\\\/wp-content\\\/uploads\\\/2025\\\/09\\\/cangrejo-en-oreja.jpg\",\"datePublished\":\"2025-09-13T11:29:00+00:00\",\"breadcrumb\":{\"@id\":\"https:\\\/\\\/fuentesfidedignas.com.mx\\\/index.php\\\/2025\\\/09\\\/13\\\/un-cangrejo-en-la-oreja-el-impactante-video-del-nino-que-termino-en-el-hospital\\\/#breadcrumb\"},\"inLanguage\":\"es\",\"potentialAction\":[{\"@type\":\"ReadAction\",\"target\":[\"https:\\\/\\\/fuentesfidedignas.com.mx\\\/index.php\\\/2025\\\/09\\\/13\\\/un-cangrejo-en-la-oreja-el-impactante-video-del-nino-que-termino-en-el-hospital\\\/\"]}]},{\"@type\":\"ImageObject\",\"inLanguage\":\"es\",\"@id\":\"https:\\\/\\\/fuentesfidedignas.com.mx\\\/index.php\\\/2025\\\/09\\\/13\\\/un-cangrejo-en-la-oreja-el-impactante-video-del-nino-que-termino-en-el-hospital\\\/#primaryimage\",\"url\":\"https:\\\/\\\/fuentesfidedignas.com.mx\\\/wp-content\\\/uploads\\\/2025\\\/09\\\/cangrejo-en-oreja.jpg\",\"contentUrl\":\"https:\\\/\\\/fuentesfidedignas.com.mx\\\/wp-content\\\/uploads\\\/2025\\\/09\\\/cangrejo-en-oreja.jpg\",\"width\":500,\"height\":341},{\"@type\":\"BreadcrumbList\",\"@id\":\"https:\\\/\\\/fuentesfidedignas.com.mx\\\/index.php\\\/2025\\\/09\\\/13\\\/un-cangrejo-en-la-oreja-el-impactante-video-del-nino-que-termino-en-el-hospital\\\/#breadcrumb\",\"itemListElement\":[{\"@type\":\"ListItem\",\"position\":1,\"name\":\"Inicio\",\"item\":\"https:\\\/\\\/fuentesfidedignas.com.mx\\\/\"},{\"@type\":\"ListItem\",\"position\":2,\"name\":\"\u00bfUn cangrejo en la oreja? El impactante video del ni\u00f1o que termin\u00f3 en el hospital\"}]},{\"@type\":\"WebSite\",\"@id\":\"https:\\\/\\\/fuentesfidedignas.com.mx\\\/#website\",\"url\":\"https:\\\/\\\/fuentesfidedignas.com.mx\\\/\",\"name\":\"Fuentes Fidedignas\",\"description\":\"Otro sitio realizado con WordPress\",\"publisher\":{\"@id\":\"https:\\\/\\\/fuentesfidedignas.com.mx\\\/#organization\"},\"potentialAction\":[{\"@type\":\"SearchAction\",\"target\":{\"@type\":\"EntryPoint\",\"urlTemplate\":\"https:\\\/\\\/fuentesfidedignas.com.mx\\\/?s={search_term_string}\"},\"query-input\":{\"@type\":\"PropertyValueSpecification\",\"valueRequired\":true,\"valueName\":\"search_term_string\"}}],\"inLanguage\":\"es\"},{\"@type\":\"Organization\",\"@id\":\"https:\\\/\\\/fuentesfidedignas.com.mx\\\/#organization\",\"name\":\"Fuentes Fidedignas\",\"url\":\"https:\\\/\\\/fuentesfidedignas.com.mx\\\/\",\"logo\":{\"@type\":\"ImageObject\",\"inLanguage\":\"es\",\"@id\":\"https:\\\/\\\/fuentesfidedignas.com.mx\\\/#\\\/schema\\\/logo\\\/image\\\/\",\"url\":\"https:\\\/\\\/fuentesfidedignas.com.mx\\\/wp-content\\\/uploads\\\/2021\\\/04\\\/logo-retina.png\",\"contentUrl\":\"https:\\\/\\\/fuentesfidedignas.com.mx\\\/wp-content\\\/uploads\\\/2021\\\/04\\\/logo-retina.png\",\"width\":280,\"height\":51,\"caption\":\"Fuentes Fidedignas\"},\"image\":{\"@id\":\"https:\\\/\\\/fuentesfidedignas.com.mx\\\/#\\\/schema\\\/logo\\\/image\\\/\"},\"sameAs\":[\"https:\\\/\\\/www.facebook.com\\\/Fuentes-Fidedignas-368234489921644\",\"https:\\\/\\\/x.com\\\/fidedignas\"]},{\"@type\":\"Person\",\"@id\":\"https:\\\/\\\/fuentesfidedignas.com.mx\\\/#\\\/schema\\\/person\\\/ec4edd1fbf5efa3e44fce34fe2787780\",\"name\":\"Exc\u00e9lsior\",\"image\":{\"@type\":\"ImageObject\",\"inLanguage\":\"es\",\"@id\":\"https:\\\/\\\/secure.gravatar.com\\\/avatar\\\/4b7ee9206b48be08447852b3f0814dbc7c0f3b51541b164f1464a2725614020b?s=96&d=mm&r=g\",\"url\":\"https:\\\/\\\/secure.gravatar.com\\\/avatar\\\/4b7ee9206b48be08447852b3f0814dbc7c0f3b51541b164f1464a2725614020b?s=96&d=mm&r=g\",\"contentUrl\":\"https:\\\/\\\/secure.gravatar.com\\\/avatar\\\/4b7ee9206b48be08447852b3f0814dbc7c0f3b51541b164f1464a2725614020b?s=96&d=mm&r=g\",\"caption\":\"Exc\u00e9lsior\"},\"url\":\"https:\\\/\\\/fuentesfidedignas.com.mx\\\/index.php\\\/author\\\/excelsior\\\/\"}]}<\/script>\n<!-- \/ Yoast SEO plugin. -->","yoast_head_json":{"title":"\u00bfUn cangrejo en la oreja? El impactante video del ni\u00f1o que termin\u00f3 en el hospital - Fuentes Fidedignas","robots":{"index":"index","follow":"follow","max-snippet":"max-snippet:-1","max-image-preview":"max-image-preview:large","max-video-preview":"max-video-preview:-1"},"canonical":"https:\/\/fuentesfidedignas.com.mx\/index.php\/2025\/09\/13\/un-cangrejo-en-la-oreja-el-impactante-video-del-nino-que-termino-en-el-hospital\/","og_locale":"es_MX","og_type":"article","og_title":"\u00bfUn cangrejo en la oreja? El impactante video del ni\u00f1o que termin\u00f3 en el hospital - Fuentes Fidedignas","og_description":"El hijo de Kitzia Mitre termin\u00f3 en el hospital tras tener un cangrejo en la oreja. El ins\u00f3lito video caus\u00f3 sorpresa y se volvi\u00f3 viral. Un nuevo e inesperado &#8220;miedo desbloqueado&#8221; se volvi\u00f3 viral en redes sociales, luego de que Kitzia Mitre, conocida socialit\u00e9 y empresaria, compartiera un video impactante en el que su hijo [&hellip;]","og_url":"https:\/\/fuentesfidedignas.com.mx\/index.php\/2025\/09\/13\/un-cangrejo-en-la-oreja-el-impactante-video-del-nino-que-termino-en-el-hospital\/","og_site_name":"Fuentes Fidedignas","article_publisher":"https:\/\/www.facebook.com\/Fuentes-Fidedignas-368234489921644","article_published_time":"2025-09-13T11:29:00+00:00","og_image":[{"width":500,"height":341,"url":"https:\/\/fuentesfidedignas.com.mx\/wp-content\/uploads\/2025\/09\/cangrejo-en-oreja.jpg","type":"image\/jpeg"}],"author":"Exc\u00e9lsior","twitter_card":"summary_large_image","twitter_creator":"@fidedignas","twitter_site":"@fidedignas","twitter_misc":{"Escrito por":"Exc\u00e9lsior","Tiempo de lectura":"2 minutos"},"schema":{"@context":"https:\/\/schema.org","@graph":[{"@type":"Article","@id":"https:\/\/fuentesfidedignas.com.mx\/index.php\/2025\/09\/13\/un-cangrejo-en-la-oreja-el-impactante-video-del-nino-que-termino-en-el-hospital\/#article","isPartOf":{"@id":"https:\/\/fuentesfidedignas.com.mx\/index.php\/2025\/09\/13\/un-cangrejo-en-la-oreja-el-impactante-video-del-nino-que-termino-en-el-hospital\/"},"author":{"name":"Exc\u00e9lsior","@id":"https:\/\/fuentesfidedignas.com.mx\/#\/schema\/person\/ec4edd1fbf5efa3e44fce34fe2787780"},"headline":"\u00bfUn cangrejo en la oreja? El impactante video del ni\u00f1o que termin\u00f3 en el hospital","datePublished":"2025-09-13T11:29:00+00:00","mainEntityOfPage":{"@id":"https:\/\/fuentesfidedignas.com.mx\/index.php\/2025\/09\/13\/un-cangrejo-en-la-oreja-el-impactante-video-del-nino-que-termino-en-el-hospital\/"},"wordCount":360,"commentCount":0,"publisher":{"@id":"https:\/\/fuentesfidedignas.com.mx\/#organization"},"image":{"@id":"https:\/\/fuentesfidedignas.com.mx\/index.php\/2025\/09\/13\/un-cangrejo-en-la-oreja-el-impactante-video-del-nino-que-termino-en-el-hospital\/#primaryimage"},"thumbnailUrl":"https:\/\/fuentesfidedignas.com.mx\/wp-content\/uploads\/2025\/09\/cangrejo-en-oreja.jpg","articleSection":["LAS ASOMBROSAS"],"inLanguage":"es","potentialAction":[{"@type":"CommentAction","name":"Comment","target":["https:\/\/fuentesfidedignas.com.mx\/index.php\/2025\/09\/13\/un-cangrejo-en-la-oreja-el-impactante-video-del-nino-que-termino-en-el-hospital\/#respond"]}]},{"@type":"WebPage","@id":"https:\/\/fuentesfidedignas.com.mx\/index.php\/2025\/09\/13\/un-cangrejo-en-la-oreja-el-impactante-video-del-nino-que-termino-en-el-hospital\/","url":"https:\/\/fuentesfidedignas.com.mx\/index.php\/2025\/09\/13\/un-cangrejo-en-la-oreja-el-impactante-video-del-nino-que-termino-en-el-hospital\/","name":"\u00bfUn cangrejo en la oreja? El impactante video del ni\u00f1o que termin\u00f3 en el hospital - Fuentes Fidedignas","isPartOf":{"@id":"https:\/\/fuentesfidedignas.com.mx\/#website"},"primaryImageOfPage":{"@id":"https:\/\/fuentesfidedignas.com.mx\/index.php\/2025\/09\/13\/un-cangrejo-en-la-oreja-el-impactante-video-del-nino-que-termino-en-el-hospital\/#primaryimage"},"image":{"@id":"https:\/\/fuentesfidedignas.com.mx\/index.php\/2025\/09\/13\/un-cangrejo-en-la-oreja-el-impactante-video-del-nino-que-termino-en-el-hospital\/#primaryimage"},"thumbnailUrl":"https:\/\/fuentesfidedignas.com.mx\/wp-content\/uploads\/2025\/09\/cangrejo-en-oreja.jpg","datePublished":"2025-09-13T11:29:00+00:00","breadcrumb":{"@id":"https:\/\/fuentesfidedignas.com.mx\/index.php\/2025\/09\/13\/un-cangrejo-en-la-oreja-el-impactante-video-del-nino-que-termino-en-el-hospital\/#breadcrumb"},"inLanguage":"es","potentialAction":[{"@type":"ReadAction","target":["https:\/\/fuentesfidedignas.com.mx\/index.php\/2025\/09\/13\/un-cangrejo-en-la-oreja-el-impactante-video-del-nino-que-termino-en-el-hospital\/"]}]},{"@type":"ImageObject","inLanguage":"es","@id":"https:\/\/fuentesfidedignas.com.mx\/index.php\/2025\/09\/13\/un-cangrejo-en-la-oreja-el-impactante-video-del-nino-que-termino-en-el-hospital\/#primaryimage","url":"https:\/\/fuentesfidedignas.com.mx\/wp-content\/uploads\/2025\/09\/cangrejo-en-oreja.jpg","contentUrl":"https:\/\/fuentesfidedignas.com.mx\/wp-content\/uploads\/2025\/09\/cangrejo-en-oreja.jpg","width":500,"height":341},{"@type":"BreadcrumbList","@id":"https:\/\/fuentesfidedignas.com.mx\/index.php\/2025\/09\/13\/un-cangrejo-en-la-oreja-el-impactante-video-del-nino-que-termino-en-el-hospital\/#breadcrumb","itemListElement":[{"@type":"ListItem","position":1,"name":"Inicio","item":"https:\/\/fuentesfidedignas.com.mx\/"},{"@type":"ListItem","position":2,"name":"\u00bfUn cangrejo en la oreja? El impactante video del ni\u00f1o que termin\u00f3 en el hospital"}]},{"@type":"WebSite","@id":"https:\/\/fuentesfidedignas.com.mx\/#website","url":"https:\/\/fuentesfidedignas.com.mx\/","name":"Fuentes Fidedignas","description":"Otro sitio realizado con WordPress","publisher":{"@id":"https:\/\/fuentesfidedignas.com.mx\/#organization"},"potentialAction":[{"@type":"SearchAction","target":{"@type":"EntryPoint","urlTemplate":"https:\/\/fuentesfidedignas.com.mx\/?s={search_term_string}"},"query-input":{"@type":"PropertyValueSpecification","valueRequired":true,"valueName":"search_term_string"}}],"inLanguage":"es"},{"@type":"Organization","@id":"https:\/\/fuentesfidedignas.com.mx\/#organization","name":"Fuentes Fidedignas","url":"https:\/\/fuentesfidedignas.com.mx\/","logo":{"@type":"ImageObject","inLanguage":"es","@id":"https:\/\/fuentesfidedignas.com.mx\/#\/schema\/logo\/image\/","url":"https:\/\/fuentesfidedignas.com.mx\/wp-content\/uploads\/2021\/04\/logo-retina.png","contentUrl":"https:\/\/fuentesfidedignas.com.mx\/wp-content\/uploads\/2021\/04\/logo-retina.png","width":280,"height":51,"caption":"Fuentes Fidedignas"},"image":{"@id":"https:\/\/fuentesfidedignas.com.mx\/#\/schema\/logo\/image\/"},"sameAs":["https:\/\/www.facebook.com\/Fuentes-Fidedignas-368234489921644","https:\/\/x.com\/fidedignas"]},{"@type":"Person","@id":"https:\/\/fuentesfidedignas.com.mx\/#\/schema\/person\/ec4edd1fbf5efa3e44fce34fe2787780","name":"Exc\u00e9lsior","image":{"@type":"ImageObject","inLanguage":"es","@id":"https:\/\/secure.gravatar.com\/avatar\/4b7ee9206b48be08447852b3f0814dbc7c0f3b51541b164f1464a2725614020b?s=96&d=mm&r=g","url":"https:\/\/secure.gravatar.com\/avatar\/4b7ee9206b48be08447852b3f0814dbc7c0f3b51541b164f1464a2725614020b?s=96&d=mm&r=g","contentUrl":"https:\/\/secure.gravatar.com\/avatar\/4b7ee9206b48be08447852b3f0814dbc7c0f3b51541b164f1464a2725614020b?s=96&d=mm&r=g","caption":"Exc\u00e9lsior"},"url":"https:\/\/fuentesfidedignas.com.mx\/index.php\/author\/excelsior\/"}]}},"_links":{"self":[{"href":"https:\/\/fuentesfidedignas.com.mx\/index.php\/wp-json\/wp\/v2\/posts\/117205","targetHints":{"allow":["GET"]}}],"collection":[{"href":"https:\/\/fuentesfidedignas.com.mx\/index.php\/wp-json\/wp\/v2\/posts"}],"about":[{"href":"https:\/\/fuentesfidedignas.com.mx\/index.php\/wp-json\/wp\/v2\/types\/post"}],"author":[{"embeddable":true,"href":"https:\/\/fuentesfidedignas.com.mx\/index.php\/wp-json\/wp\/v2\/users\/7"}],"replies":[{"embeddable":true,"href":"https:\/\/fuentesfidedignas.com.mx\/index.php\/wp-json\/wp\/v2\/comments?post=117205"}],"version-history":[{"count":1,"href":"https:\/\/fuentesfidedignas.com.mx\/index.php\/wp-json\/wp\/v2\/posts\/117205\/revisions"}],"predecessor-version":[{"id":117207,"href":"https:\/\/fuentesfidedignas.com.mx\/index.php\/wp-json\/wp\/v2\/posts\/117205\/revisions\/117207"}],"wp:featuredmedia":[{"embeddable":true,"href":"https:\/\/fuentesfidedignas.com.mx\/index.php\/wp-json\/wp\/v2\/media\/117206"}],"wp:attachment":[{"href":"https:\/\/fuentesfidedignas.com.mx\/index.php\/wp-json\/wp\/v2\/media?parent=117205"}],"wp:term":[{"taxonomy":"category","embeddable":true,"href":"https:\/\/fuentesfidedignas.com.mx\/index.php\/wp-json\/wp\/v2\/categories?post=117205"},{"taxonomy":"post_tag","embeddable":true,"href":"https:\/\/fuentesfidedignas.com.mx\/index.php\/wp-json\/wp\/v2\/tags?post=117205"}],"curies":[{"name":"wp","href":"https:\/\/api.w.org\/{rel}","templated":true}]}}