{"id":117147,"date":"2025-09-12T02:57:00","date_gmt":"2025-09-12T09:57:00","guid":{"rendered":"https:\/\/fuentesfidedignas.com.mx\/?p=117147"},"modified":"2025-09-11T15:14:33","modified_gmt":"2025-09-11T22:14:33","slug":"mujer-convive-mas-de-un-ano-con-el-cadaver-de-su-madre-en-italia","status":"publish","type":"post","link":"https:\/\/fuentesfidedignas.com.mx\/index.php\/2025\/09\/12\/mujer-convive-mas-de-un-ano-con-el-cadaver-de-su-madre-en-italia\/","title":{"rendered":"Mujer convive m\u00e1s de un a\u00f1o con el cad\u00e1ver de su madre en Italia"},"content":{"rendered":"\n<p><br><em><strong>Las primeras investigaciones apuntan a que la mujer, una empleada p\u00fablica de 60 a\u00f1os, habr\u00eda seguido cobrando la pensi\u00f3n de su madre<\/strong><\/em><\/p>\n\n\n\n<p>Medios italianos dieron a conocer el caso de una mujer que convivi\u00f3 durante m\u00e1s de un a\u00f1o con el cad\u00e1ver de su madre.<\/p>\n\n\n\n<p>De acuerdo con la informaci\u00f3n presentada por las fuentes, la Polic\u00eda de ese pa\u00eds dio con el cuerpo momificado de una mujer de m\u00e1s de 100 a\u00f1os, que hab\u00eda sido ocultado por su hija en su domicilio, sin notificar el fallecimiento.<\/p>\n\n\n\n<p>El cad\u00e1ver fue hallado en la cama, cubierto con varias mantas, despu\u00e9s de que este mi\u00e9rcoles el otro hijo de la mujer alertara de que llevaba varios d\u00edas sin poder contactar con su hermana y de que algunos vecinos del edificio llevaran tiempo denunciando el fuerte y persistente hedor que se desprend\u00eda del apartamento.<\/p>\n\n\n\n<p>El cuerpo de Francesca Pettinato, nacida en 1923, se encontraba en avanzado estado de descomposici\u00f3n, mientras que en la otra habitaci\u00f3n estaba su hija, que no ofreci\u00f3 resistencia ni una explicaci\u00f3n clara, aunque declar\u00f3 que la muerte de su madre ocurri\u00f3 en septiembre de 2024, dos meses despu\u00e9s de cumplir 101 a\u00f1os, por causas naturales.<\/p>\n\n\n\n<p>Seg\u00fan algunos medios, las primeras investigaciones apuntan a que la mujer, una empleada p\u00fablica de 60 a\u00f1os, habr\u00eda seguido cobrando la pensi\u00f3n de su madre y solicitado permisos laborales para cuidarla cuando ya hab\u00eda fallecido.<\/p>\n","protected":false},"excerpt":{"rendered":"<p>Las primeras investigaciones apuntan a que la mujer, una empleada p\u00fablica de 60 a\u00f1os, habr\u00eda seguido cobrando la pensi\u00f3n de su madre Medios italianos dieron a conocer el caso de una mujer que convivi\u00f3 durante m\u00e1s de un a\u00f1o con el cad\u00e1ver de su madre. De acuerdo con la informaci\u00f3n presentada por las fuentes, la [&hellip;]<\/p>\n","protected":false},"author":57,"featured_media":61351,"comment_status":"open","ping_status":"open","sticky":false,"template":"","format":"standard","meta":{"tdm_status":"","tdm_grid_status":"","footnotes":""},"categories":[40,1],"tags":[],"class_list":{"0":"post-117147","1":"post","2":"type-post","3":"status-publish","4":"format-standard","5":"has-post-thumbnail","7":"category-las-asombrosas","8":"category-sin-categoria"},"yoast_head":"<!-- This site is optimized with the Yoast SEO plugin v27.5 - https:\/\/yoast.com\/product\/yoast-seo-wordpress\/ -->\n<title>Mujer convive m\u00e1s de un a\u00f1o con el cad\u00e1ver de su madre en Italia - Fuentes Fidedignas<\/title>\n<meta name=\"robots\" content=\"index, follow, max-snippet:-1, max-image-preview:large, max-video-preview:-1\" \/>\n<link rel=\"canonical\" href=\"https:\/\/fuentesfidedignas.com.mx\/index.php\/2025\/09\/12\/mujer-convive-mas-de-un-ano-con-el-cadaver-de-su-madre-en-italia\/\" \/>\n<meta property=\"og:locale\" content=\"es_MX\" \/>\n<meta property=\"og:type\" content=\"article\" \/>\n<meta property=\"og:title\" content=\"Mujer convive m\u00e1s de un a\u00f1o con el cad\u00e1ver de su madre en Italia - Fuentes Fidedignas\" \/>\n<meta property=\"og:description\" content=\"Las primeras investigaciones apuntan a que la mujer, una empleada p\u00fablica de 60 a\u00f1os, habr\u00eda seguido cobrando la pensi\u00f3n de su madre Medios italianos dieron a conocer el caso de una mujer que convivi\u00f3 durante m\u00e1s de un a\u00f1o con el cad\u00e1ver de su madre. De acuerdo con la informaci\u00f3n presentada por las fuentes, la [&hellip;]\" \/>\n<meta property=\"og:url\" content=\"https:\/\/fuentesfidedignas.com.mx\/index.php\/2025\/09\/12\/mujer-convive-mas-de-un-ano-con-el-cadaver-de-su-madre-en-italia\/\" \/>\n<meta property=\"og:site_name\" content=\"Fuentes Fidedignas\" \/>\n<meta property=\"article:publisher\" content=\"https:\/\/www.facebook.com\/Fuentes-Fidedignas-368234489921644\" \/>\n<meta property=\"article:published_time\" content=\"2025-09-12T09:57:00+00:00\" \/>\n<meta property=\"og:image\" content=\"https:\/\/fuentesfidedignas.com.mx\/wp-content\/uploads\/2023\/10\/PATRULLAS.jpg\" \/>\n\t<meta property=\"og:image:width\" content=\"800\" \/>\n\t<meta property=\"og:image:height\" content=\"600\" \/>\n\t<meta property=\"og:image:type\" content=\"image\/jpeg\" \/>\n<meta name=\"author\" content=\"Informador\" \/>\n<meta name=\"twitter:card\" content=\"summary_large_image\" \/>\n<meta name=\"twitter:creator\" content=\"@fidedignas\" \/>\n<meta name=\"twitter:site\" content=\"@fidedignas\" \/>\n<meta name=\"twitter:label1\" content=\"Escrito por\" \/>\n\t<meta name=\"twitter:data1\" content=\"Informador\" \/>\n\t<meta name=\"twitter:label2\" content=\"Tiempo de lectura\" \/>\n\t<meta name=\"twitter:data2\" content=\"2 minutos\" \/>\n<script type=\"application\/ld+json\" class=\"yoast-schema-graph\">{\"@context\":\"https:\\\/\\\/schema.org\",\"@graph\":[{\"@type\":\"Article\",\"@id\":\"https:\\\/\\\/fuentesfidedignas.com.mx\\\/index.php\\\/2025\\\/09\\\/12\\\/mujer-convive-mas-de-un-ano-con-el-cadaver-de-su-madre-en-italia\\\/#article\",\"isPartOf\":{\"@id\":\"https:\\\/\\\/fuentesfidedignas.com.mx\\\/index.php\\\/2025\\\/09\\\/12\\\/mujer-convive-mas-de-un-ano-con-el-cadaver-de-su-madre-en-italia\\\/\"},\"author\":{\"name\":\"Informador\",\"@id\":\"https:\\\/\\\/fuentesfidedignas.com.mx\\\/#\\\/schema\\\/person\\\/e8086b60a53aa35cbcec560401d45e4f\"},\"headline\":\"Mujer convive m\u00e1s de un a\u00f1o con el cad\u00e1ver de su madre en Italia\",\"datePublished\":\"2025-09-12T09:57:00+00:00\",\"mainEntityOfPage\":{\"@id\":\"https:\\\/\\\/fuentesfidedignas.com.mx\\\/index.php\\\/2025\\\/09\\\/12\\\/mujer-convive-mas-de-un-ano-con-el-cadaver-de-su-madre-en-italia\\\/\"},\"wordCount\":270,\"commentCount\":0,\"publisher\":{\"@id\":\"https:\\\/\\\/fuentesfidedignas.com.mx\\\/#organization\"},\"image\":{\"@id\":\"https:\\\/\\\/fuentesfidedignas.com.mx\\\/index.php\\\/2025\\\/09\\\/12\\\/mujer-convive-mas-de-un-ano-con-el-cadaver-de-su-madre-en-italia\\\/#primaryimage\"},\"thumbnailUrl\":\"https:\\\/\\\/fuentesfidedignas.com.mx\\\/wp-content\\\/uploads\\\/2023\\\/10\\\/PATRULLAS.jpg\",\"articleSection\":[\"LAS ASOMBROSAS\"],\"inLanguage\":\"es\",\"potentialAction\":[{\"@type\":\"CommentAction\",\"name\":\"Comment\",\"target\":[\"https:\\\/\\\/fuentesfidedignas.com.mx\\\/index.php\\\/2025\\\/09\\\/12\\\/mujer-convive-mas-de-un-ano-con-el-cadaver-de-su-madre-en-italia\\\/#respond\"]}]},{\"@type\":\"WebPage\",\"@id\":\"https:\\\/\\\/fuentesfidedignas.com.mx\\\/index.php\\\/2025\\\/09\\\/12\\\/mujer-convive-mas-de-un-ano-con-el-cadaver-de-su-madre-en-italia\\\/\",\"url\":\"https:\\\/\\\/fuentesfidedignas.com.mx\\\/index.php\\\/2025\\\/09\\\/12\\\/mujer-convive-mas-de-un-ano-con-el-cadaver-de-su-madre-en-italia\\\/\",\"name\":\"Mujer convive m\u00e1s de un a\u00f1o con el cad\u00e1ver de su madre en Italia - Fuentes Fidedignas\",\"isPartOf\":{\"@id\":\"https:\\\/\\\/fuentesfidedignas.com.mx\\\/#website\"},\"primaryImageOfPage\":{\"@id\":\"https:\\\/\\\/fuentesfidedignas.com.mx\\\/index.php\\\/2025\\\/09\\\/12\\\/mujer-convive-mas-de-un-ano-con-el-cadaver-de-su-madre-en-italia\\\/#primaryimage\"},\"image\":{\"@id\":\"https:\\\/\\\/fuentesfidedignas.com.mx\\\/index.php\\\/2025\\\/09\\\/12\\\/mujer-convive-mas-de-un-ano-con-el-cadaver-de-su-madre-en-italia\\\/#primaryimage\"},\"thumbnailUrl\":\"https:\\\/\\\/fuentesfidedignas.com.mx\\\/wp-content\\\/uploads\\\/2023\\\/10\\\/PATRULLAS.jpg\",\"datePublished\":\"2025-09-12T09:57:00+00:00\",\"breadcrumb\":{\"@id\":\"https:\\\/\\\/fuentesfidedignas.com.mx\\\/index.php\\\/2025\\\/09\\\/12\\\/mujer-convive-mas-de-un-ano-con-el-cadaver-de-su-madre-en-italia\\\/#breadcrumb\"},\"inLanguage\":\"es\",\"potentialAction\":[{\"@type\":\"ReadAction\",\"target\":[\"https:\\\/\\\/fuentesfidedignas.com.mx\\\/index.php\\\/2025\\\/09\\\/12\\\/mujer-convive-mas-de-un-ano-con-el-cadaver-de-su-madre-en-italia\\\/\"]}]},{\"@type\":\"ImageObject\",\"inLanguage\":\"es\",\"@id\":\"https:\\\/\\\/fuentesfidedignas.com.mx\\\/index.php\\\/2025\\\/09\\\/12\\\/mujer-convive-mas-de-un-ano-con-el-cadaver-de-su-madre-en-italia\\\/#primaryimage\",\"url\":\"https:\\\/\\\/fuentesfidedignas.com.mx\\\/wp-content\\\/uploads\\\/2023\\\/10\\\/PATRULLAS.jpg\",\"contentUrl\":\"https:\\\/\\\/fuentesfidedignas.com.mx\\\/wp-content\\\/uploads\\\/2023\\\/10\\\/PATRULLAS.jpg\",\"width\":800,\"height\":600},{\"@type\":\"BreadcrumbList\",\"@id\":\"https:\\\/\\\/fuentesfidedignas.com.mx\\\/index.php\\\/2025\\\/09\\\/12\\\/mujer-convive-mas-de-un-ano-con-el-cadaver-de-su-madre-en-italia\\\/#breadcrumb\",\"itemListElement\":[{\"@type\":\"ListItem\",\"position\":1,\"name\":\"Inicio\",\"item\":\"https:\\\/\\\/fuentesfidedignas.com.mx\\\/\"},{\"@type\":\"ListItem\",\"position\":2,\"name\":\"Mujer convive m\u00e1s de un a\u00f1o con el cad\u00e1ver de su madre en Italia\"}]},{\"@type\":\"WebSite\",\"@id\":\"https:\\\/\\\/fuentesfidedignas.com.mx\\\/#website\",\"url\":\"https:\\\/\\\/fuentesfidedignas.com.mx\\\/\",\"name\":\"Fuentes Fidedignas\",\"description\":\"Otro sitio realizado con WordPress\",\"publisher\":{\"@id\":\"https:\\\/\\\/fuentesfidedignas.com.mx\\\/#organization\"},\"potentialAction\":[{\"@type\":\"SearchAction\",\"target\":{\"@type\":\"EntryPoint\",\"urlTemplate\":\"https:\\\/\\\/fuentesfidedignas.com.mx\\\/?s={search_term_string}\"},\"query-input\":{\"@type\":\"PropertyValueSpecification\",\"valueRequired\":true,\"valueName\":\"search_term_string\"}}],\"inLanguage\":\"es\"},{\"@type\":\"Organization\",\"@id\":\"https:\\\/\\\/fuentesfidedignas.com.mx\\\/#organization\",\"name\":\"Fuentes Fidedignas\",\"url\":\"https:\\\/\\\/fuentesfidedignas.com.mx\\\/\",\"logo\":{\"@type\":\"ImageObject\",\"inLanguage\":\"es\",\"@id\":\"https:\\\/\\\/fuentesfidedignas.com.mx\\\/#\\\/schema\\\/logo\\\/image\\\/\",\"url\":\"https:\\\/\\\/fuentesfidedignas.com.mx\\\/wp-content\\\/uploads\\\/2021\\\/04\\\/logo-retina.png\",\"contentUrl\":\"https:\\\/\\\/fuentesfidedignas.com.mx\\\/wp-content\\\/uploads\\\/2021\\\/04\\\/logo-retina.png\",\"width\":280,\"height\":51,\"caption\":\"Fuentes Fidedignas\"},\"image\":{\"@id\":\"https:\\\/\\\/fuentesfidedignas.com.mx\\\/#\\\/schema\\\/logo\\\/image\\\/\"},\"sameAs\":[\"https:\\\/\\\/www.facebook.com\\\/Fuentes-Fidedignas-368234489921644\",\"https:\\\/\\\/x.com\\\/fidedignas\"]},{\"@type\":\"Person\",\"@id\":\"https:\\\/\\\/fuentesfidedignas.com.mx\\\/#\\\/schema\\\/person\\\/e8086b60a53aa35cbcec560401d45e4f\",\"name\":\"Informador\",\"image\":{\"@type\":\"ImageObject\",\"inLanguage\":\"es\",\"@id\":\"https:\\\/\\\/secure.gravatar.com\\\/avatar\\\/5edeacb7d70fb8525dce3f53a2fb61c6e731826a7db7ae0fe142f08846968b35?s=96&d=mm&r=g\",\"url\":\"https:\\\/\\\/secure.gravatar.com\\\/avatar\\\/5edeacb7d70fb8525dce3f53a2fb61c6e731826a7db7ae0fe142f08846968b35?s=96&d=mm&r=g\",\"contentUrl\":\"https:\\\/\\\/secure.gravatar.com\\\/avatar\\\/5edeacb7d70fb8525dce3f53a2fb61c6e731826a7db7ae0fe142f08846968b35?s=96&d=mm&r=g\",\"caption\":\"Informador\"},\"url\":\"https:\\\/\\\/fuentesfidedignas.com.mx\\\/index.php\\\/author\\\/informador\\\/\"}]}<\/script>\n<!-- \/ Yoast SEO plugin. -->","yoast_head_json":{"title":"Mujer convive m\u00e1s de un a\u00f1o con el cad\u00e1ver de su madre en Italia - Fuentes Fidedignas","robots":{"index":"index","follow":"follow","max-snippet":"max-snippet:-1","max-image-preview":"max-image-preview:large","max-video-preview":"max-video-preview:-1"},"canonical":"https:\/\/fuentesfidedignas.com.mx\/index.php\/2025\/09\/12\/mujer-convive-mas-de-un-ano-con-el-cadaver-de-su-madre-en-italia\/","og_locale":"es_MX","og_type":"article","og_title":"Mujer convive m\u00e1s de un a\u00f1o con el cad\u00e1ver de su madre en Italia - Fuentes Fidedignas","og_description":"Las primeras investigaciones apuntan a que la mujer, una empleada p\u00fablica de 60 a\u00f1os, habr\u00eda seguido cobrando la pensi\u00f3n de su madre Medios italianos dieron a conocer el caso de una mujer que convivi\u00f3 durante m\u00e1s de un a\u00f1o con el cad\u00e1ver de su madre. De acuerdo con la informaci\u00f3n presentada por las fuentes, la [&hellip;]","og_url":"https:\/\/fuentesfidedignas.com.mx\/index.php\/2025\/09\/12\/mujer-convive-mas-de-un-ano-con-el-cadaver-de-su-madre-en-italia\/","og_site_name":"Fuentes Fidedignas","article_publisher":"https:\/\/www.facebook.com\/Fuentes-Fidedignas-368234489921644","article_published_time":"2025-09-12T09:57:00+00:00","og_image":[{"width":800,"height":600,"url":"https:\/\/fuentesfidedignas.com.mx\/wp-content\/uploads\/2023\/10\/PATRULLAS.jpg","type":"image\/jpeg"}],"author":"Informador","twitter_card":"summary_large_image","twitter_creator":"@fidedignas","twitter_site":"@fidedignas","twitter_misc":{"Escrito por":"Informador","Tiempo de lectura":"2 minutos"},"schema":{"@context":"https:\/\/schema.org","@graph":[{"@type":"Article","@id":"https:\/\/fuentesfidedignas.com.mx\/index.php\/2025\/09\/12\/mujer-convive-mas-de-un-ano-con-el-cadaver-de-su-madre-en-italia\/#article","isPartOf":{"@id":"https:\/\/fuentesfidedignas.com.mx\/index.php\/2025\/09\/12\/mujer-convive-mas-de-un-ano-con-el-cadaver-de-su-madre-en-italia\/"},"author":{"name":"Informador","@id":"https:\/\/fuentesfidedignas.com.mx\/#\/schema\/person\/e8086b60a53aa35cbcec560401d45e4f"},"headline":"Mujer convive m\u00e1s de un a\u00f1o con el cad\u00e1ver de su madre en Italia","datePublished":"2025-09-12T09:57:00+00:00","mainEntityOfPage":{"@id":"https:\/\/fuentesfidedignas.com.mx\/index.php\/2025\/09\/12\/mujer-convive-mas-de-un-ano-con-el-cadaver-de-su-madre-en-italia\/"},"wordCount":270,"commentCount":0,"publisher":{"@id":"https:\/\/fuentesfidedignas.com.mx\/#organization"},"image":{"@id":"https:\/\/fuentesfidedignas.com.mx\/index.php\/2025\/09\/12\/mujer-convive-mas-de-un-ano-con-el-cadaver-de-su-madre-en-italia\/#primaryimage"},"thumbnailUrl":"https:\/\/fuentesfidedignas.com.mx\/wp-content\/uploads\/2023\/10\/PATRULLAS.jpg","articleSection":["LAS ASOMBROSAS"],"inLanguage":"es","potentialAction":[{"@type":"CommentAction","name":"Comment","target":["https:\/\/fuentesfidedignas.com.mx\/index.php\/2025\/09\/12\/mujer-convive-mas-de-un-ano-con-el-cadaver-de-su-madre-en-italia\/#respond"]}]},{"@type":"WebPage","@id":"https:\/\/fuentesfidedignas.com.mx\/index.php\/2025\/09\/12\/mujer-convive-mas-de-un-ano-con-el-cadaver-de-su-madre-en-italia\/","url":"https:\/\/fuentesfidedignas.com.mx\/index.php\/2025\/09\/12\/mujer-convive-mas-de-un-ano-con-el-cadaver-de-su-madre-en-italia\/","name":"Mujer convive m\u00e1s de un a\u00f1o con el cad\u00e1ver de su madre en Italia - Fuentes Fidedignas","isPartOf":{"@id":"https:\/\/fuentesfidedignas.com.mx\/#website"},"primaryImageOfPage":{"@id":"https:\/\/fuentesfidedignas.com.mx\/index.php\/2025\/09\/12\/mujer-convive-mas-de-un-ano-con-el-cadaver-de-su-madre-en-italia\/#primaryimage"},"image":{"@id":"https:\/\/fuentesfidedignas.com.mx\/index.php\/2025\/09\/12\/mujer-convive-mas-de-un-ano-con-el-cadaver-de-su-madre-en-italia\/#primaryimage"},"thumbnailUrl":"https:\/\/fuentesfidedignas.com.mx\/wp-content\/uploads\/2023\/10\/PATRULLAS.jpg","datePublished":"2025-09-12T09:57:00+00:00","breadcrumb":{"@id":"https:\/\/fuentesfidedignas.com.mx\/index.php\/2025\/09\/12\/mujer-convive-mas-de-un-ano-con-el-cadaver-de-su-madre-en-italia\/#breadcrumb"},"inLanguage":"es","potentialAction":[{"@type":"ReadAction","target":["https:\/\/fuentesfidedignas.com.mx\/index.php\/2025\/09\/12\/mujer-convive-mas-de-un-ano-con-el-cadaver-de-su-madre-en-italia\/"]}]},{"@type":"ImageObject","inLanguage":"es","@id":"https:\/\/fuentesfidedignas.com.mx\/index.php\/2025\/09\/12\/mujer-convive-mas-de-un-ano-con-el-cadaver-de-su-madre-en-italia\/#primaryimage","url":"https:\/\/fuentesfidedignas.com.mx\/wp-content\/uploads\/2023\/10\/PATRULLAS.jpg","contentUrl":"https:\/\/fuentesfidedignas.com.mx\/wp-content\/uploads\/2023\/10\/PATRULLAS.jpg","width":800,"height":600},{"@type":"BreadcrumbList","@id":"https:\/\/fuentesfidedignas.com.mx\/index.php\/2025\/09\/12\/mujer-convive-mas-de-un-ano-con-el-cadaver-de-su-madre-en-italia\/#breadcrumb","itemListElement":[{"@type":"ListItem","position":1,"name":"Inicio","item":"https:\/\/fuentesfidedignas.com.mx\/"},{"@type":"ListItem","position":2,"name":"Mujer convive m\u00e1s de un a\u00f1o con el cad\u00e1ver de su madre en Italia"}]},{"@type":"WebSite","@id":"https:\/\/fuentesfidedignas.com.mx\/#website","url":"https:\/\/fuentesfidedignas.com.mx\/","name":"Fuentes Fidedignas","description":"Otro sitio realizado con WordPress","publisher":{"@id":"https:\/\/fuentesfidedignas.com.mx\/#organization"},"potentialAction":[{"@type":"SearchAction","target":{"@type":"EntryPoint","urlTemplate":"https:\/\/fuentesfidedignas.com.mx\/?s={search_term_string}"},"query-input":{"@type":"PropertyValueSpecification","valueRequired":true,"valueName":"search_term_string"}}],"inLanguage":"es"},{"@type":"Organization","@id":"https:\/\/fuentesfidedignas.com.mx\/#organization","name":"Fuentes Fidedignas","url":"https:\/\/fuentesfidedignas.com.mx\/","logo":{"@type":"ImageObject","inLanguage":"es","@id":"https:\/\/fuentesfidedignas.com.mx\/#\/schema\/logo\/image\/","url":"https:\/\/fuentesfidedignas.com.mx\/wp-content\/uploads\/2021\/04\/logo-retina.png","contentUrl":"https:\/\/fuentesfidedignas.com.mx\/wp-content\/uploads\/2021\/04\/logo-retina.png","width":280,"height":51,"caption":"Fuentes Fidedignas"},"image":{"@id":"https:\/\/fuentesfidedignas.com.mx\/#\/schema\/logo\/image\/"},"sameAs":["https:\/\/www.facebook.com\/Fuentes-Fidedignas-368234489921644","https:\/\/x.com\/fidedignas"]},{"@type":"Person","@id":"https:\/\/fuentesfidedignas.com.mx\/#\/schema\/person\/e8086b60a53aa35cbcec560401d45e4f","name":"Informador","image":{"@type":"ImageObject","inLanguage":"es","@id":"https:\/\/secure.gravatar.com\/avatar\/5edeacb7d70fb8525dce3f53a2fb61c6e731826a7db7ae0fe142f08846968b35?s=96&d=mm&r=g","url":"https:\/\/secure.gravatar.com\/avatar\/5edeacb7d70fb8525dce3f53a2fb61c6e731826a7db7ae0fe142f08846968b35?s=96&d=mm&r=g","contentUrl":"https:\/\/secure.gravatar.com\/avatar\/5edeacb7d70fb8525dce3f53a2fb61c6e731826a7db7ae0fe142f08846968b35?s=96&d=mm&r=g","caption":"Informador"},"url":"https:\/\/fuentesfidedignas.com.mx\/index.php\/author\/informador\/"}]}},"_links":{"self":[{"href":"https:\/\/fuentesfidedignas.com.mx\/index.php\/wp-json\/wp\/v2\/posts\/117147","targetHints":{"allow":["GET"]}}],"collection":[{"href":"https:\/\/fuentesfidedignas.com.mx\/index.php\/wp-json\/wp\/v2\/posts"}],"about":[{"href":"https:\/\/fuentesfidedignas.com.mx\/index.php\/wp-json\/wp\/v2\/types\/post"}],"author":[{"embeddable":true,"href":"https:\/\/fuentesfidedignas.com.mx\/index.php\/wp-json\/wp\/v2\/users\/57"}],"replies":[{"embeddable":true,"href":"https:\/\/fuentesfidedignas.com.mx\/index.php\/wp-json\/wp\/v2\/comments?post=117147"}],"version-history":[{"count":1,"href":"https:\/\/fuentesfidedignas.com.mx\/index.php\/wp-json\/wp\/v2\/posts\/117147\/revisions"}],"predecessor-version":[{"id":117150,"href":"https:\/\/fuentesfidedignas.com.mx\/index.php\/wp-json\/wp\/v2\/posts\/117147\/revisions\/117150"}],"wp:featuredmedia":[{"embeddable":true,"href":"https:\/\/fuentesfidedignas.com.mx\/index.php\/wp-json\/wp\/v2\/media\/61351"}],"wp:attachment":[{"href":"https:\/\/fuentesfidedignas.com.mx\/index.php\/wp-json\/wp\/v2\/media?parent=117147"}],"wp:term":[{"taxonomy":"category","embeddable":true,"href":"https:\/\/fuentesfidedignas.com.mx\/index.php\/wp-json\/wp\/v2\/categories?post=117147"},{"taxonomy":"post_tag","embeddable":true,"href":"https:\/\/fuentesfidedignas.com.mx\/index.php\/wp-json\/wp\/v2\/tags?post=117147"}],"curies":[{"name":"wp","href":"https:\/\/api.w.org\/{rel}","templated":true}]}}