{"id":117104,"date":"2025-09-11T07:41:08","date_gmt":"2025-09-11T14:41:08","guid":{"rendered":"https:\/\/fuentesfidedignas.com.mx\/?p=117104"},"modified":"2025-09-11T07:41:08","modified_gmt":"2025-09-11T14:41:08","slug":"medicos-confirman-la-temida-resaca-de-dos-dias-es-real-pero-se-puede-prevenir","status":"publish","type":"post","link":"https:\/\/fuentesfidedignas.com.mx\/index.php\/2025\/09\/11\/medicos-confirman-la-temida-resaca-de-dos-dias-es-real-pero-se-puede-prevenir\/","title":{"rendered":"M\u00e9dicos confirman: la temida &#8216;resaca de dos d\u00edas&#8217; es real, pero se puede prevenir"},"content":{"rendered":"\n<p><strong><em><br>El profesor Joris Vester afirma que existen 47 s\u00edntomas propios de este fen\u00f3meno, que incluyen apat\u00eda, sensibilidad a la luz e incluso pensamientos suicidas<\/em><\/strong><\/p>\n\n\n\n<p>Para muchas personas despu\u00e9s de los 30 a\u00f1os, una noche de juerga no solo arruinan los planes para el d\u00eda siguiente, sino que los problemas estomacales, dolores de cabeza, visi\u00f3n borrosa y ansiedad pueden prolongarse durante dos d\u00edas o m\u00e1s, recoge Daily Mail citando m\u00e9dicos expertos en el tema.<\/p>\n\n\n\n<p>El fen\u00f3meno, denominado &#8216;resaca de dos d\u00edas&#8217;, ha sido experimentado por muchas personas mayores, algunos lo pueden padecer durante varios d\u00edas o semanas, con la resaca m\u00e1s larga registrada durando m\u00e1s de un mes.<\/p>\n\n\n\n<p>El profesor Joris Vester, que dirige un grupo de investigaci\u00f3n sobre la resaca en la Universidad de Utrecht en Pa\u00edses Bajos, sostiene que la gravedad de la resaca tiene poco que ver con la tolerancia al alcohol y m\u00e1s con factores relacionados con el estilo de vida, como el ejercicio y el sue\u00f1o.<\/p>\n\n\n\n<p>Asimismo, Vester afirma que, aunque muchas personas experimentan los s\u00edntomas t\u00edpicos de la resaca cl\u00e1sica como dolor de cabeza, n\u00e1useas y deshidrataci\u00f3n, existen&nbsp;<strong>47 caracter\u00edsticas<\/strong>&nbsp;mucho m\u00e1s complejas propias de este fen\u00f3meno, que incluyen apat\u00eda, sensibilidad a la luz e incluso pensamientos suicidas. &nbsp;<\/p>\n\n\n\n<p>Sam Royle, profesor experto en resacas de la Universidad de Salford (Reino Unido), explica que, a medida que envejecemos, nuestro sistema inmunol\u00f3gico&nbsp;<strong>se vuelve menos eficaz<\/strong>&nbsp;y nos volvemos m\u00e1s sensibles a la inflamaci\u00f3n, lo que podr\u00eda explicar las resacas m\u00e1s graves y prolongadas. Asimismo, la funci\u00f3n hep\u00e1tica, que se deteriora con la edad, podr\u00eda explicar por qu\u00e9 las resacas empeoran, pues el h\u00edgado se vuelve menos eficiente a la hora de descomponer el alcohol a medida que el cuerpo envejece, causando una mayor duraci\u00f3n de la exposici\u00f3n al alcohol.<\/p>\n\n\n\n<p>Seg\u00fan la profesora Ann-Katherine Stock, neurocient\u00edfica de la Universidad Tecnol\u00f3gica de Dresde (Alemania), aunque&nbsp;<strong>no se pueda evitar por completo<\/strong>&nbsp;sufrir de resacas si se bebe alcohol, mantenerse hidratado puede ayudar a prevenir los dolores de cabeza asociados a ella. Asimismo, una rutina de ejercicio regular, y un buen habito de sue\u00f1o tambi\u00e9n pueden ayudar a reducir los efectos negativos de la resaca.<\/p>\n","protected":false},"excerpt":{"rendered":"<p>El profesor Joris Vester afirma que existen 47 s\u00edntomas propios de este fen\u00f3meno, que incluyen apat\u00eda, sensibilidad a la luz e incluso pensamientos suicidas Para muchas personas despu\u00e9s de los 30 a\u00f1os, una noche de juerga no solo arruinan los planes para el d\u00eda siguiente, sino que los problemas estomacales, dolores de cabeza, visi\u00f3n borrosa [&hellip;]<\/p>\n","protected":false},"author":38,"featured_media":117103,"comment_status":"closed","ping_status":"open","sticky":false,"template":"","format":"standard","meta":{"tdm_status":"","tdm_grid_status":"","footnotes":""},"categories":[40],"tags":[],"class_list":{"0":"post-117104","1":"post","2":"type-post","3":"status-publish","4":"format-standard","5":"has-post-thumbnail","7":"category-las-asombrosas"},"yoast_head":"<!-- This site is optimized with the Yoast SEO plugin v27.5 - https:\/\/yoast.com\/product\/yoast-seo-wordpress\/ -->\n<title>M\u00e9dicos confirman: la temida &#039;resaca de dos d\u00edas&#039; es real, pero se puede prevenir - Fuentes Fidedignas<\/title>\n<meta name=\"robots\" content=\"index, follow, max-snippet:-1, max-image-preview:large, max-video-preview:-1\" \/>\n<link rel=\"canonical\" href=\"https:\/\/fuentesfidedignas.com.mx\/index.php\/2025\/09\/11\/medicos-confirman-la-temida-resaca-de-dos-dias-es-real-pero-se-puede-prevenir\/\" \/>\n<meta property=\"og:locale\" content=\"es_MX\" \/>\n<meta property=\"og:type\" content=\"article\" \/>\n<meta property=\"og:title\" content=\"M\u00e9dicos confirman: la temida &#039;resaca de dos d\u00edas&#039; es real, pero se puede prevenir - Fuentes Fidedignas\" \/>\n<meta property=\"og:description\" content=\"El profesor Joris Vester afirma que existen 47 s\u00edntomas propios de este fen\u00f3meno, que incluyen apat\u00eda, sensibilidad a la luz e incluso pensamientos suicidas Para muchas personas despu\u00e9s de los 30 a\u00f1os, una noche de juerga no solo arruinan los planes para el d\u00eda siguiente, sino que los problemas estomacales, dolores de cabeza, visi\u00f3n borrosa [&hellip;]\" \/>\n<meta property=\"og:url\" content=\"https:\/\/fuentesfidedignas.com.mx\/index.php\/2025\/09\/11\/medicos-confirman-la-temida-resaca-de-dos-dias-es-real-pero-se-puede-prevenir\/\" \/>\n<meta property=\"og:site_name\" content=\"Fuentes Fidedignas\" \/>\n<meta property=\"article:publisher\" content=\"https:\/\/www.facebook.com\/Fuentes-Fidedignas-368234489921644\" \/>\n<meta property=\"article:published_time\" content=\"2025-09-11T14:41:08+00:00\" \/>\n<meta property=\"og:image\" content=\"https:\/\/fuentesfidedignas.com.mx\/wp-content\/uploads\/2025\/09\/img_8532.jpg\" \/>\n\t<meta property=\"og:image:width\" content=\"1104\" \/>\n\t<meta property=\"og:image:height\" content=\"622\" \/>\n\t<meta property=\"og:image:type\" content=\"image\/jpeg\" \/>\n<meta name=\"author\" content=\"Actualidad RT\" \/>\n<meta name=\"twitter:card\" content=\"summary_large_image\" \/>\n<meta name=\"twitter:creator\" content=\"@fidedignas\" \/>\n<meta name=\"twitter:site\" content=\"@fidedignas\" \/>\n<meta name=\"twitter:label1\" content=\"Escrito por\" \/>\n\t<meta name=\"twitter:data1\" content=\"Actualidad RT\" \/>\n\t<meta name=\"twitter:label2\" content=\"Tiempo de lectura\" \/>\n\t<meta name=\"twitter:data2\" content=\"2 minutos\" \/>\n<script type=\"application\/ld+json\" class=\"yoast-schema-graph\">{\"@context\":\"https:\\\/\\\/schema.org\",\"@graph\":[{\"@type\":\"Article\",\"@id\":\"https:\\\/\\\/fuentesfidedignas.com.mx\\\/index.php\\\/2025\\\/09\\\/11\\\/medicos-confirman-la-temida-resaca-de-dos-dias-es-real-pero-se-puede-prevenir\\\/#article\",\"isPartOf\":{\"@id\":\"https:\\\/\\\/fuentesfidedignas.com.mx\\\/index.php\\\/2025\\\/09\\\/11\\\/medicos-confirman-la-temida-resaca-de-dos-dias-es-real-pero-se-puede-prevenir\\\/\"},\"author\":{\"name\":\"Actualidad RT\",\"@id\":\"https:\\\/\\\/fuentesfidedignas.com.mx\\\/#\\\/schema\\\/person\\\/eade03a5d4a96f9b557ac266e3d63718\"},\"headline\":\"M\u00e9dicos confirman: la temida &#8216;resaca de dos d\u00edas&#8217; es real, pero se puede prevenir\",\"datePublished\":\"2025-09-11T14:41:08+00:00\",\"mainEntityOfPage\":{\"@id\":\"https:\\\/\\\/fuentesfidedignas.com.mx\\\/index.php\\\/2025\\\/09\\\/11\\\/medicos-confirman-la-temida-resaca-de-dos-dias-es-real-pero-se-puede-prevenir\\\/\"},\"wordCount\":420,\"publisher\":{\"@id\":\"https:\\\/\\\/fuentesfidedignas.com.mx\\\/#organization\"},\"image\":{\"@id\":\"https:\\\/\\\/fuentesfidedignas.com.mx\\\/index.php\\\/2025\\\/09\\\/11\\\/medicos-confirman-la-temida-resaca-de-dos-dias-es-real-pero-se-puede-prevenir\\\/#primaryimage\"},\"thumbnailUrl\":\"https:\\\/\\\/fuentesfidedignas.com.mx\\\/wp-content\\\/uploads\\\/2025\\\/09\\\/img_8532.jpg\",\"articleSection\":[\"LAS ASOMBROSAS\"],\"inLanguage\":\"es\"},{\"@type\":\"WebPage\",\"@id\":\"https:\\\/\\\/fuentesfidedignas.com.mx\\\/index.php\\\/2025\\\/09\\\/11\\\/medicos-confirman-la-temida-resaca-de-dos-dias-es-real-pero-se-puede-prevenir\\\/\",\"url\":\"https:\\\/\\\/fuentesfidedignas.com.mx\\\/index.php\\\/2025\\\/09\\\/11\\\/medicos-confirman-la-temida-resaca-de-dos-dias-es-real-pero-se-puede-prevenir\\\/\",\"name\":\"M\u00e9dicos confirman: la temida 'resaca de dos d\u00edas' es real, pero se puede prevenir - Fuentes Fidedignas\",\"isPartOf\":{\"@id\":\"https:\\\/\\\/fuentesfidedignas.com.mx\\\/#website\"},\"primaryImageOfPage\":{\"@id\":\"https:\\\/\\\/fuentesfidedignas.com.mx\\\/index.php\\\/2025\\\/09\\\/11\\\/medicos-confirman-la-temida-resaca-de-dos-dias-es-real-pero-se-puede-prevenir\\\/#primaryimage\"},\"image\":{\"@id\":\"https:\\\/\\\/fuentesfidedignas.com.mx\\\/index.php\\\/2025\\\/09\\\/11\\\/medicos-confirman-la-temida-resaca-de-dos-dias-es-real-pero-se-puede-prevenir\\\/#primaryimage\"},\"thumbnailUrl\":\"https:\\\/\\\/fuentesfidedignas.com.mx\\\/wp-content\\\/uploads\\\/2025\\\/09\\\/img_8532.jpg\",\"datePublished\":\"2025-09-11T14:41:08+00:00\",\"breadcrumb\":{\"@id\":\"https:\\\/\\\/fuentesfidedignas.com.mx\\\/index.php\\\/2025\\\/09\\\/11\\\/medicos-confirman-la-temida-resaca-de-dos-dias-es-real-pero-se-puede-prevenir\\\/#breadcrumb\"},\"inLanguage\":\"es\",\"potentialAction\":[{\"@type\":\"ReadAction\",\"target\":[\"https:\\\/\\\/fuentesfidedignas.com.mx\\\/index.php\\\/2025\\\/09\\\/11\\\/medicos-confirman-la-temida-resaca-de-dos-dias-es-real-pero-se-puede-prevenir\\\/\"]}]},{\"@type\":\"ImageObject\",\"inLanguage\":\"es\",\"@id\":\"https:\\\/\\\/fuentesfidedignas.com.mx\\\/index.php\\\/2025\\\/09\\\/11\\\/medicos-confirman-la-temida-resaca-de-dos-dias-es-real-pero-se-puede-prevenir\\\/#primaryimage\",\"url\":\"https:\\\/\\\/fuentesfidedignas.com.mx\\\/wp-content\\\/uploads\\\/2025\\\/09\\\/img_8532.jpg\",\"contentUrl\":\"https:\\\/\\\/fuentesfidedignas.com.mx\\\/wp-content\\\/uploads\\\/2025\\\/09\\\/img_8532.jpg\",\"width\":1104,\"height\":622},{\"@type\":\"BreadcrumbList\",\"@id\":\"https:\\\/\\\/fuentesfidedignas.com.mx\\\/index.php\\\/2025\\\/09\\\/11\\\/medicos-confirman-la-temida-resaca-de-dos-dias-es-real-pero-se-puede-prevenir\\\/#breadcrumb\",\"itemListElement\":[{\"@type\":\"ListItem\",\"position\":1,\"name\":\"Inicio\",\"item\":\"https:\\\/\\\/fuentesfidedignas.com.mx\\\/\"},{\"@type\":\"ListItem\",\"position\":2,\"name\":\"M\u00e9dicos confirman: la temida &#8216;resaca de dos d\u00edas&#8217; es real, pero se puede prevenir\"}]},{\"@type\":\"WebSite\",\"@id\":\"https:\\\/\\\/fuentesfidedignas.com.mx\\\/#website\",\"url\":\"https:\\\/\\\/fuentesfidedignas.com.mx\\\/\",\"name\":\"Fuentes Fidedignas\",\"description\":\"Otro sitio realizado con WordPress\",\"publisher\":{\"@id\":\"https:\\\/\\\/fuentesfidedignas.com.mx\\\/#organization\"},\"potentialAction\":[{\"@type\":\"SearchAction\",\"target\":{\"@type\":\"EntryPoint\",\"urlTemplate\":\"https:\\\/\\\/fuentesfidedignas.com.mx\\\/?s={search_term_string}\"},\"query-input\":{\"@type\":\"PropertyValueSpecification\",\"valueRequired\":true,\"valueName\":\"search_term_string\"}}],\"inLanguage\":\"es\"},{\"@type\":\"Organization\",\"@id\":\"https:\\\/\\\/fuentesfidedignas.com.mx\\\/#organization\",\"name\":\"Fuentes Fidedignas\",\"url\":\"https:\\\/\\\/fuentesfidedignas.com.mx\\\/\",\"logo\":{\"@type\":\"ImageObject\",\"inLanguage\":\"es\",\"@id\":\"https:\\\/\\\/fuentesfidedignas.com.mx\\\/#\\\/schema\\\/logo\\\/image\\\/\",\"url\":\"https:\\\/\\\/fuentesfidedignas.com.mx\\\/wp-content\\\/uploads\\\/2021\\\/04\\\/logo-retina.png\",\"contentUrl\":\"https:\\\/\\\/fuentesfidedignas.com.mx\\\/wp-content\\\/uploads\\\/2021\\\/04\\\/logo-retina.png\",\"width\":280,\"height\":51,\"caption\":\"Fuentes Fidedignas\"},\"image\":{\"@id\":\"https:\\\/\\\/fuentesfidedignas.com.mx\\\/#\\\/schema\\\/logo\\\/image\\\/\"},\"sameAs\":[\"https:\\\/\\\/www.facebook.com\\\/Fuentes-Fidedignas-368234489921644\",\"https:\\\/\\\/x.com\\\/fidedignas\"]},{\"@type\":\"Person\",\"@id\":\"https:\\\/\\\/fuentesfidedignas.com.mx\\\/#\\\/schema\\\/person\\\/eade03a5d4a96f9b557ac266e3d63718\",\"name\":\"Actualidad RT\",\"image\":{\"@type\":\"ImageObject\",\"inLanguage\":\"es\",\"@id\":\"https:\\\/\\\/secure.gravatar.com\\\/avatar\\\/443e88260a6a7111cf83d7014ab1894f91a4053ffd4e9da37d79effad3a35c81?s=96&d=mm&r=g\",\"url\":\"https:\\\/\\\/secure.gravatar.com\\\/avatar\\\/443e88260a6a7111cf83d7014ab1894f91a4053ffd4e9da37d79effad3a35c81?s=96&d=mm&r=g\",\"contentUrl\":\"https:\\\/\\\/secure.gravatar.com\\\/avatar\\\/443e88260a6a7111cf83d7014ab1894f91a4053ffd4e9da37d79effad3a35c81?s=96&d=mm&r=g\",\"caption\":\"Actualidad RT\"},\"url\":\"https:\\\/\\\/fuentesfidedignas.com.mx\\\/index.php\\\/author\\\/actualidad\\\/\"}]}<\/script>\n<!-- \/ Yoast SEO plugin. -->","yoast_head_json":{"title":"M\u00e9dicos confirman: la temida 'resaca de dos d\u00edas' es real, pero se puede prevenir - Fuentes Fidedignas","robots":{"index":"index","follow":"follow","max-snippet":"max-snippet:-1","max-image-preview":"max-image-preview:large","max-video-preview":"max-video-preview:-1"},"canonical":"https:\/\/fuentesfidedignas.com.mx\/index.php\/2025\/09\/11\/medicos-confirman-la-temida-resaca-de-dos-dias-es-real-pero-se-puede-prevenir\/","og_locale":"es_MX","og_type":"article","og_title":"M\u00e9dicos confirman: la temida 'resaca de dos d\u00edas' es real, pero se puede prevenir - Fuentes Fidedignas","og_description":"El profesor Joris Vester afirma que existen 47 s\u00edntomas propios de este fen\u00f3meno, que incluyen apat\u00eda, sensibilidad a la luz e incluso pensamientos suicidas Para muchas personas despu\u00e9s de los 30 a\u00f1os, una noche de juerga no solo arruinan los planes para el d\u00eda siguiente, sino que los problemas estomacales, dolores de cabeza, visi\u00f3n borrosa [&hellip;]","og_url":"https:\/\/fuentesfidedignas.com.mx\/index.php\/2025\/09\/11\/medicos-confirman-la-temida-resaca-de-dos-dias-es-real-pero-se-puede-prevenir\/","og_site_name":"Fuentes Fidedignas","article_publisher":"https:\/\/www.facebook.com\/Fuentes-Fidedignas-368234489921644","article_published_time":"2025-09-11T14:41:08+00:00","og_image":[{"width":1104,"height":622,"url":"https:\/\/fuentesfidedignas.com.mx\/wp-content\/uploads\/2025\/09\/img_8532.jpg","type":"image\/jpeg"}],"author":"Actualidad RT","twitter_card":"summary_large_image","twitter_creator":"@fidedignas","twitter_site":"@fidedignas","twitter_misc":{"Escrito por":"Actualidad RT","Tiempo de lectura":"2 minutos"},"schema":{"@context":"https:\/\/schema.org","@graph":[{"@type":"Article","@id":"https:\/\/fuentesfidedignas.com.mx\/index.php\/2025\/09\/11\/medicos-confirman-la-temida-resaca-de-dos-dias-es-real-pero-se-puede-prevenir\/#article","isPartOf":{"@id":"https:\/\/fuentesfidedignas.com.mx\/index.php\/2025\/09\/11\/medicos-confirman-la-temida-resaca-de-dos-dias-es-real-pero-se-puede-prevenir\/"},"author":{"name":"Actualidad RT","@id":"https:\/\/fuentesfidedignas.com.mx\/#\/schema\/person\/eade03a5d4a96f9b557ac266e3d63718"},"headline":"M\u00e9dicos confirman: la temida &#8216;resaca de dos d\u00edas&#8217; es real, pero se puede prevenir","datePublished":"2025-09-11T14:41:08+00:00","mainEntityOfPage":{"@id":"https:\/\/fuentesfidedignas.com.mx\/index.php\/2025\/09\/11\/medicos-confirman-la-temida-resaca-de-dos-dias-es-real-pero-se-puede-prevenir\/"},"wordCount":420,"publisher":{"@id":"https:\/\/fuentesfidedignas.com.mx\/#organization"},"image":{"@id":"https:\/\/fuentesfidedignas.com.mx\/index.php\/2025\/09\/11\/medicos-confirman-la-temida-resaca-de-dos-dias-es-real-pero-se-puede-prevenir\/#primaryimage"},"thumbnailUrl":"https:\/\/fuentesfidedignas.com.mx\/wp-content\/uploads\/2025\/09\/img_8532.jpg","articleSection":["LAS ASOMBROSAS"],"inLanguage":"es"},{"@type":"WebPage","@id":"https:\/\/fuentesfidedignas.com.mx\/index.php\/2025\/09\/11\/medicos-confirman-la-temida-resaca-de-dos-dias-es-real-pero-se-puede-prevenir\/","url":"https:\/\/fuentesfidedignas.com.mx\/index.php\/2025\/09\/11\/medicos-confirman-la-temida-resaca-de-dos-dias-es-real-pero-se-puede-prevenir\/","name":"M\u00e9dicos confirman: la temida 'resaca de dos d\u00edas' es real, pero se puede prevenir - Fuentes Fidedignas","isPartOf":{"@id":"https:\/\/fuentesfidedignas.com.mx\/#website"},"primaryImageOfPage":{"@id":"https:\/\/fuentesfidedignas.com.mx\/index.php\/2025\/09\/11\/medicos-confirman-la-temida-resaca-de-dos-dias-es-real-pero-se-puede-prevenir\/#primaryimage"},"image":{"@id":"https:\/\/fuentesfidedignas.com.mx\/index.php\/2025\/09\/11\/medicos-confirman-la-temida-resaca-de-dos-dias-es-real-pero-se-puede-prevenir\/#primaryimage"},"thumbnailUrl":"https:\/\/fuentesfidedignas.com.mx\/wp-content\/uploads\/2025\/09\/img_8532.jpg","datePublished":"2025-09-11T14:41:08+00:00","breadcrumb":{"@id":"https:\/\/fuentesfidedignas.com.mx\/index.php\/2025\/09\/11\/medicos-confirman-la-temida-resaca-de-dos-dias-es-real-pero-se-puede-prevenir\/#breadcrumb"},"inLanguage":"es","potentialAction":[{"@type":"ReadAction","target":["https:\/\/fuentesfidedignas.com.mx\/index.php\/2025\/09\/11\/medicos-confirman-la-temida-resaca-de-dos-dias-es-real-pero-se-puede-prevenir\/"]}]},{"@type":"ImageObject","inLanguage":"es","@id":"https:\/\/fuentesfidedignas.com.mx\/index.php\/2025\/09\/11\/medicos-confirman-la-temida-resaca-de-dos-dias-es-real-pero-se-puede-prevenir\/#primaryimage","url":"https:\/\/fuentesfidedignas.com.mx\/wp-content\/uploads\/2025\/09\/img_8532.jpg","contentUrl":"https:\/\/fuentesfidedignas.com.mx\/wp-content\/uploads\/2025\/09\/img_8532.jpg","width":1104,"height":622},{"@type":"BreadcrumbList","@id":"https:\/\/fuentesfidedignas.com.mx\/index.php\/2025\/09\/11\/medicos-confirman-la-temida-resaca-de-dos-dias-es-real-pero-se-puede-prevenir\/#breadcrumb","itemListElement":[{"@type":"ListItem","position":1,"name":"Inicio","item":"https:\/\/fuentesfidedignas.com.mx\/"},{"@type":"ListItem","position":2,"name":"M\u00e9dicos confirman: la temida &#8216;resaca de dos d\u00edas&#8217; es real, pero se puede prevenir"}]},{"@type":"WebSite","@id":"https:\/\/fuentesfidedignas.com.mx\/#website","url":"https:\/\/fuentesfidedignas.com.mx\/","name":"Fuentes Fidedignas","description":"Otro sitio realizado con WordPress","publisher":{"@id":"https:\/\/fuentesfidedignas.com.mx\/#organization"},"potentialAction":[{"@type":"SearchAction","target":{"@type":"EntryPoint","urlTemplate":"https:\/\/fuentesfidedignas.com.mx\/?s={search_term_string}"},"query-input":{"@type":"PropertyValueSpecification","valueRequired":true,"valueName":"search_term_string"}}],"inLanguage":"es"},{"@type":"Organization","@id":"https:\/\/fuentesfidedignas.com.mx\/#organization","name":"Fuentes Fidedignas","url":"https:\/\/fuentesfidedignas.com.mx\/","logo":{"@type":"ImageObject","inLanguage":"es","@id":"https:\/\/fuentesfidedignas.com.mx\/#\/schema\/logo\/image\/","url":"https:\/\/fuentesfidedignas.com.mx\/wp-content\/uploads\/2021\/04\/logo-retina.png","contentUrl":"https:\/\/fuentesfidedignas.com.mx\/wp-content\/uploads\/2021\/04\/logo-retina.png","width":280,"height":51,"caption":"Fuentes Fidedignas"},"image":{"@id":"https:\/\/fuentesfidedignas.com.mx\/#\/schema\/logo\/image\/"},"sameAs":["https:\/\/www.facebook.com\/Fuentes-Fidedignas-368234489921644","https:\/\/x.com\/fidedignas"]},{"@type":"Person","@id":"https:\/\/fuentesfidedignas.com.mx\/#\/schema\/person\/eade03a5d4a96f9b557ac266e3d63718","name":"Actualidad RT","image":{"@type":"ImageObject","inLanguage":"es","@id":"https:\/\/secure.gravatar.com\/avatar\/443e88260a6a7111cf83d7014ab1894f91a4053ffd4e9da37d79effad3a35c81?s=96&d=mm&r=g","url":"https:\/\/secure.gravatar.com\/avatar\/443e88260a6a7111cf83d7014ab1894f91a4053ffd4e9da37d79effad3a35c81?s=96&d=mm&r=g","contentUrl":"https:\/\/secure.gravatar.com\/avatar\/443e88260a6a7111cf83d7014ab1894f91a4053ffd4e9da37d79effad3a35c81?s=96&d=mm&r=g","caption":"Actualidad RT"},"url":"https:\/\/fuentesfidedignas.com.mx\/index.php\/author\/actualidad\/"}]}},"_links":{"self":[{"href":"https:\/\/fuentesfidedignas.com.mx\/index.php\/wp-json\/wp\/v2\/posts\/117104","targetHints":{"allow":["GET"]}}],"collection":[{"href":"https:\/\/fuentesfidedignas.com.mx\/index.php\/wp-json\/wp\/v2\/posts"}],"about":[{"href":"https:\/\/fuentesfidedignas.com.mx\/index.php\/wp-json\/wp\/v2\/types\/post"}],"author":[{"embeddable":true,"href":"https:\/\/fuentesfidedignas.com.mx\/index.php\/wp-json\/wp\/v2\/users\/38"}],"replies":[{"embeddable":true,"href":"https:\/\/fuentesfidedignas.com.mx\/index.php\/wp-json\/wp\/v2\/comments?post=117104"}],"version-history":[{"count":1,"href":"https:\/\/fuentesfidedignas.com.mx\/index.php\/wp-json\/wp\/v2\/posts\/117104\/revisions"}],"predecessor-version":[{"id":117105,"href":"https:\/\/fuentesfidedignas.com.mx\/index.php\/wp-json\/wp\/v2\/posts\/117104\/revisions\/117105"}],"wp:featuredmedia":[{"embeddable":true,"href":"https:\/\/fuentesfidedignas.com.mx\/index.php\/wp-json\/wp\/v2\/media\/117103"}],"wp:attachment":[{"href":"https:\/\/fuentesfidedignas.com.mx\/index.php\/wp-json\/wp\/v2\/media?parent=117104"}],"wp:term":[{"taxonomy":"category","embeddable":true,"href":"https:\/\/fuentesfidedignas.com.mx\/index.php\/wp-json\/wp\/v2\/categories?post=117104"},{"taxonomy":"post_tag","embeddable":true,"href":"https:\/\/fuentesfidedignas.com.mx\/index.php\/wp-json\/wp\/v2\/tags?post=117104"}],"curies":[{"name":"wp","href":"https:\/\/api.w.org\/{rel}","templated":true}]}}