{"id":117045,"date":"2025-09-10T11:53:40","date_gmt":"2025-09-10T18:53:40","guid":{"rendered":"https:\/\/fuentesfidedignas.com.mx\/?p=117045"},"modified":"2025-09-10T15:29:45","modified_gmt":"2025-09-10T22:29:45","slug":"eua-investiga-a-morenistas-por-presuntos-nexos-con-rey-del-huachicol","status":"publish","type":"post","link":"https:\/\/fuentesfidedignas.com.mx\/index.php\/2025\/09\/10\/eua-investiga-a-morenistas-por-presuntos-nexos-con-rey-del-huachicol\/","title":{"rendered":"EU investiga a morenistas por presuntos nexos con \u201cRey del Huachicol\u201d"},"content":{"rendered":"\n<p><strong><em><strong>Los se\u00f1alamientos contra pol\u00edticos de Morena no cesan,<\/strong>\u00a0y es que todo indica que el gobierno estadounidense s\u00ed mantiene investigaciones en contra de pol\u00edticos por presuntos nexos con el crimen organizado para traficar huachicol.<\/em><\/strong><\/p>\n\n\n\n<p>El gobierno de Estados Unidos mantiene bajo investigaci\u00f3n a tres pol\u00edticos de Morena por sus presuntos v\u00ednculos con Sergio Carmona Angulo, conocido como \u201cEl Rey del Huachicol\u201d, asesinado en noviembre de 2021.<\/p>\n\n\n\n<p>De acuerdo con informaci\u00f3n revelada por el periodista Manuel L\u00f3pez San Mart\u00edn, autoridades estadounidenses documentaron un caso que involucra a una red transnacional de tr\u00e1fico ilegal de combustibles. Entre los nombres se\u00f1alados se encuentran Ad\u00e1n Augusto L\u00f3pez, actual coordinador de la bancada de Morena en el Senado; Andr\u00e9s Manuel L\u00f3pez Beltr\u00e1n, secretario de Organizaci\u00f3n de Morena e hijo del expresidente Andr\u00e9s Manuel L\u00f3pez Obrador; y Jos\u00e9 Ram\u00f3n G\u00f3mez Leal, senador tamaulipeco del mismo partido.<\/p>\n\n\n\n<p>Los se\u00f1alamientos provendr\u00edan del an\u00e1lisis de los tel\u00e9fonos celulares de Carmona, en los cuales se localizaron videos, fotograf\u00edas y conversaciones que dar\u00edan cuenta de la cercan\u00eda con los pol\u00edticos. En uno de los intercambios m\u00e1s comprometedores, reportado por el periodista H\u00e9ctor de Maule\u00f3n, Carmona y G\u00f3mez Leal discutieron viajes, reuniones internas y pagos presuntamente gestionados desde la Ciudad de M\u00e9xico.<\/p>\n\n\n\n<p>Tambi\u00e9n surgi\u00f3 el nombre de Horacio Garc\u00eda Rojas, identificado como operador de Carmona y actual subsecretario en el gobierno de Am\u00e9rico Villarreal en Tamaulipas. En los mensajes, G\u00f3mez Leal preguntaba si Garc\u00eda acompa\u00f1ar\u00eda a Carmona a un encuentro con el partido denominado como \u201cmoros\u201d. Otro texto lo muestra pidiendo al empresario acelerar un pago pendiente y alertando sobre presiones de un \u201calto mando\u201d.<\/p>\n\n\n\n<p>En las filtraciones aparece adem\u00e1s Arturo Garza Gonz\u00e1lez, actual delegado interno de la Fiscal\u00eda General de la Rep\u00fablica en Tamaulipas, como parte de los v\u00ednculos investigados. La informaci\u00f3n ha generado cuestionamientos sobre las posibles conexiones entre liderazgos de Morena y redes criminales, aunque hasta ahora ninguna autoridad mexicana ha confirmado la existencia de dichas indagatorias ni los pol\u00edticos mencionados han emitido postura oficial.<\/p>\n\n\n\n<p>De escalar el caso, se advierte un potencial escenario de fricciones diplom\u00e1ticas entre M\u00e9xico y Estados Unidos, en caso de que las agencias norteamericanas formalicen cargos o soliciten cooperaci\u00f3n internacional.<\/p>\n\n\n\n<blockquote class=\"twitter-tweet\"><p lang=\"en\" dir=\"ltr\">\ud83d\udd34Three Morena Politicians Under U.S. Investigation for Alleged Ties to \u2018The King of Huachicol\u2019 Sentinel Operation <a href=\"https:\/\/twitter.com\/hashtag\/tamaulipas?src=hash&amp;ref_src=twsrc%5Etfw\">#tamaulipas<\/a><br><br>Mexico City, September 9, 2025 \u2014 The United States government is reportedly investigating three Morena politicians for their alleged links to Sergio\u2026 <a href=\"https:\/\/t.co\/ZXeJQsnH4j\">pic.twitter.com\/ZXeJQsnH4j<\/a><\/p>&mdash; FEDERAL INVESTIGATION INTERNATIONAL (@internatio56662) <a href=\"https:\/\/twitter.com\/internatio56662\/status\/1965607451463696829?ref_src=twsrc%5Etfw\">September 10, 2025<\/a><\/blockquote> <script async src=\"https:\/\/platform.twitter.com\/widgets.js\" charset=\"utf-8\"><\/script>\n","protected":false},"excerpt":{"rendered":"<p>Los se\u00f1alamientos contra pol\u00edticos de Morena no cesan,\u00a0y es que todo indica que el gobierno estadounidense s\u00ed mantiene investigaciones en contra de pol\u00edticos por presuntos nexos con el crimen organizado para traficar huachicol. El gobierno de Estados Unidos mantiene bajo investigaci\u00f3n a tres pol\u00edticos de Morena por sus presuntos v\u00ednculos con Sergio Carmona Angulo, conocido [&hellip;]<\/p>\n","protected":false},"author":199,"featured_media":117047,"comment_status":"open","ping_status":"open","sticky":false,"template":"","format":"standard","meta":{"tdm_status":"","tdm_grid_status":"","footnotes":""},"categories":[39],"tags":[],"class_list":{"0":"post-117045","1":"post","2":"type-post","3":"status-publish","4":"format-standard","5":"has-post-thumbnail","7":"category-noticias-nacionales"},"yoast_head":"<!-- This site is optimized with the Yoast SEO plugin v27.5 - https:\/\/yoast.com\/product\/yoast-seo-wordpress\/ -->\n<title>EU investiga a morenistas por presuntos nexos con \u201cRey del Huachicol\u201d - Fuentes Fidedignas<\/title>\n<meta name=\"robots\" content=\"index, follow, max-snippet:-1, max-image-preview:large, max-video-preview:-1\" \/>\n<link rel=\"canonical\" href=\"https:\/\/fuentesfidedignas.com.mx\/index.php\/2025\/09\/10\/eua-investiga-a-morenistas-por-presuntos-nexos-con-rey-del-huachicol\/\" \/>\n<meta property=\"og:locale\" content=\"es_MX\" \/>\n<meta property=\"og:type\" content=\"article\" \/>\n<meta property=\"og:title\" content=\"EU investiga a morenistas por presuntos nexos con \u201cRey del Huachicol\u201d - Fuentes Fidedignas\" \/>\n<meta property=\"og:description\" content=\"Los se\u00f1alamientos contra pol\u00edticos de Morena no cesan,\u00a0y es que todo indica que el gobierno estadounidense s\u00ed mantiene investigaciones en contra de pol\u00edticos por presuntos nexos con el crimen organizado para traficar huachicol. El gobierno de Estados Unidos mantiene bajo investigaci\u00f3n a tres pol\u00edticos de Morena por sus presuntos v\u00ednculos con Sergio Carmona Angulo, conocido [&hellip;]\" \/>\n<meta property=\"og:url\" content=\"https:\/\/fuentesfidedignas.com.mx\/index.php\/2025\/09\/10\/eua-investiga-a-morenistas-por-presuntos-nexos-con-rey-del-huachicol\/\" \/>\n<meta property=\"og:site_name\" content=\"Fuentes Fidedignas\" \/>\n<meta property=\"article:publisher\" content=\"https:\/\/www.facebook.com\/Fuentes-Fidedignas-368234489921644\" \/>\n<meta property=\"article:published_time\" content=\"2025-09-10T18:53:40+00:00\" \/>\n<meta property=\"article:modified_time\" content=\"2025-09-10T22:29:45+00:00\" \/>\n<meta property=\"og:image\" content=\"https:\/\/fuentesfidedignas.com.mx\/wp-content\/uploads\/2025\/09\/adan_andy.jpeg\" \/>\n\t<meta property=\"og:image:width\" content=\"500\" \/>\n\t<meta property=\"og:image:height\" content=\"333\" \/>\n\t<meta property=\"og:image:type\" content=\"image\/jpeg\" \/>\n<meta name=\"author\" content=\"Cuesti\u00f3n de Pol\u00e9mica\" \/>\n<meta name=\"twitter:card\" content=\"summary_large_image\" \/>\n<meta name=\"twitter:creator\" content=\"@fidedignas\" \/>\n<meta name=\"twitter:site\" content=\"@fidedignas\" \/>\n<meta name=\"twitter:label1\" content=\"Escrito por\" \/>\n\t<meta name=\"twitter:data1\" content=\"Cuesti\u00f3n de Pol\u00e9mica\" \/>\n\t<meta name=\"twitter:label2\" content=\"Tiempo de lectura\" \/>\n\t<meta name=\"twitter:data2\" content=\"2 minutos\" \/>\n<script type=\"application\/ld+json\" class=\"yoast-schema-graph\">{\"@context\":\"https:\\\/\\\/schema.org\",\"@graph\":[{\"@type\":\"Article\",\"@id\":\"https:\\\/\\\/fuentesfidedignas.com.mx\\\/index.php\\\/2025\\\/09\\\/10\\\/eua-investiga-a-morenistas-por-presuntos-nexos-con-rey-del-huachicol\\\/#article\",\"isPartOf\":{\"@id\":\"https:\\\/\\\/fuentesfidedignas.com.mx\\\/index.php\\\/2025\\\/09\\\/10\\\/eua-investiga-a-morenistas-por-presuntos-nexos-con-rey-del-huachicol\\\/\"},\"author\":{\"name\":\"Cuesti\u00f3n de Pol\u00e9mica\",\"@id\":\"https:\\\/\\\/fuentesfidedignas.com.mx\\\/#\\\/schema\\\/person\\\/918fd83d39fcb0189c41e06c7ce4b519\"},\"headline\":\"EU investiga a morenistas por presuntos nexos con \u201cRey del Huachicol\u201d\",\"datePublished\":\"2025-09-10T18:53:40+00:00\",\"dateModified\":\"2025-09-10T22:29:45+00:00\",\"mainEntityOfPage\":{\"@id\":\"https:\\\/\\\/fuentesfidedignas.com.mx\\\/index.php\\\/2025\\\/09\\\/10\\\/eua-investiga-a-morenistas-por-presuntos-nexos-con-rey-del-huachicol\\\/\"},\"wordCount\":465,\"commentCount\":0,\"publisher\":{\"@id\":\"https:\\\/\\\/fuentesfidedignas.com.mx\\\/#organization\"},\"image\":{\"@id\":\"https:\\\/\\\/fuentesfidedignas.com.mx\\\/index.php\\\/2025\\\/09\\\/10\\\/eua-investiga-a-morenistas-por-presuntos-nexos-con-rey-del-huachicol\\\/#primaryimage\"},\"thumbnailUrl\":\"https:\\\/\\\/fuentesfidedignas.com.mx\\\/wp-content\\\/uploads\\\/2025\\\/09\\\/adan_andy.jpeg\",\"articleSection\":[\"NOTICIAS NACIONALES\"],\"inLanguage\":\"es\",\"potentialAction\":[{\"@type\":\"CommentAction\",\"name\":\"Comment\",\"target\":[\"https:\\\/\\\/fuentesfidedignas.com.mx\\\/index.php\\\/2025\\\/09\\\/10\\\/eua-investiga-a-morenistas-por-presuntos-nexos-con-rey-del-huachicol\\\/#respond\"]}]},{\"@type\":\"WebPage\",\"@id\":\"https:\\\/\\\/fuentesfidedignas.com.mx\\\/index.php\\\/2025\\\/09\\\/10\\\/eua-investiga-a-morenistas-por-presuntos-nexos-con-rey-del-huachicol\\\/\",\"url\":\"https:\\\/\\\/fuentesfidedignas.com.mx\\\/index.php\\\/2025\\\/09\\\/10\\\/eua-investiga-a-morenistas-por-presuntos-nexos-con-rey-del-huachicol\\\/\",\"name\":\"EU investiga a morenistas por presuntos nexos con \u201cRey del Huachicol\u201d - Fuentes Fidedignas\",\"isPartOf\":{\"@id\":\"https:\\\/\\\/fuentesfidedignas.com.mx\\\/#website\"},\"primaryImageOfPage\":{\"@id\":\"https:\\\/\\\/fuentesfidedignas.com.mx\\\/index.php\\\/2025\\\/09\\\/10\\\/eua-investiga-a-morenistas-por-presuntos-nexos-con-rey-del-huachicol\\\/#primaryimage\"},\"image\":{\"@id\":\"https:\\\/\\\/fuentesfidedignas.com.mx\\\/index.php\\\/2025\\\/09\\\/10\\\/eua-investiga-a-morenistas-por-presuntos-nexos-con-rey-del-huachicol\\\/#primaryimage\"},\"thumbnailUrl\":\"https:\\\/\\\/fuentesfidedignas.com.mx\\\/wp-content\\\/uploads\\\/2025\\\/09\\\/adan_andy.jpeg\",\"datePublished\":\"2025-09-10T18:53:40+00:00\",\"dateModified\":\"2025-09-10T22:29:45+00:00\",\"breadcrumb\":{\"@id\":\"https:\\\/\\\/fuentesfidedignas.com.mx\\\/index.php\\\/2025\\\/09\\\/10\\\/eua-investiga-a-morenistas-por-presuntos-nexos-con-rey-del-huachicol\\\/#breadcrumb\"},\"inLanguage\":\"es\",\"potentialAction\":[{\"@type\":\"ReadAction\",\"target\":[\"https:\\\/\\\/fuentesfidedignas.com.mx\\\/index.php\\\/2025\\\/09\\\/10\\\/eua-investiga-a-morenistas-por-presuntos-nexos-con-rey-del-huachicol\\\/\"]}]},{\"@type\":\"ImageObject\",\"inLanguage\":\"es\",\"@id\":\"https:\\\/\\\/fuentesfidedignas.com.mx\\\/index.php\\\/2025\\\/09\\\/10\\\/eua-investiga-a-morenistas-por-presuntos-nexos-con-rey-del-huachicol\\\/#primaryimage\",\"url\":\"https:\\\/\\\/fuentesfidedignas.com.mx\\\/wp-content\\\/uploads\\\/2025\\\/09\\\/adan_andy.jpeg\",\"contentUrl\":\"https:\\\/\\\/fuentesfidedignas.com.mx\\\/wp-content\\\/uploads\\\/2025\\\/09\\\/adan_andy.jpeg\",\"width\":500,\"height\":333},{\"@type\":\"BreadcrumbList\",\"@id\":\"https:\\\/\\\/fuentesfidedignas.com.mx\\\/index.php\\\/2025\\\/09\\\/10\\\/eua-investiga-a-morenistas-por-presuntos-nexos-con-rey-del-huachicol\\\/#breadcrumb\",\"itemListElement\":[{\"@type\":\"ListItem\",\"position\":1,\"name\":\"Inicio\",\"item\":\"https:\\\/\\\/fuentesfidedignas.com.mx\\\/\"},{\"@type\":\"ListItem\",\"position\":2,\"name\":\"EU investiga a morenistas por presuntos nexos con \u201cRey del Huachicol\u201d\"}]},{\"@type\":\"WebSite\",\"@id\":\"https:\\\/\\\/fuentesfidedignas.com.mx\\\/#website\",\"url\":\"https:\\\/\\\/fuentesfidedignas.com.mx\\\/\",\"name\":\"Fuentes Fidedignas\",\"description\":\"Otro sitio realizado con WordPress\",\"publisher\":{\"@id\":\"https:\\\/\\\/fuentesfidedignas.com.mx\\\/#organization\"},\"potentialAction\":[{\"@type\":\"SearchAction\",\"target\":{\"@type\":\"EntryPoint\",\"urlTemplate\":\"https:\\\/\\\/fuentesfidedignas.com.mx\\\/?s={search_term_string}\"},\"query-input\":{\"@type\":\"PropertyValueSpecification\",\"valueRequired\":true,\"valueName\":\"search_term_string\"}}],\"inLanguage\":\"es\"},{\"@type\":\"Organization\",\"@id\":\"https:\\\/\\\/fuentesfidedignas.com.mx\\\/#organization\",\"name\":\"Fuentes Fidedignas\",\"url\":\"https:\\\/\\\/fuentesfidedignas.com.mx\\\/\",\"logo\":{\"@type\":\"ImageObject\",\"inLanguage\":\"es\",\"@id\":\"https:\\\/\\\/fuentesfidedignas.com.mx\\\/#\\\/schema\\\/logo\\\/image\\\/\",\"url\":\"https:\\\/\\\/fuentesfidedignas.com.mx\\\/wp-content\\\/uploads\\\/2021\\\/04\\\/logo-retina.png\",\"contentUrl\":\"https:\\\/\\\/fuentesfidedignas.com.mx\\\/wp-content\\\/uploads\\\/2021\\\/04\\\/logo-retina.png\",\"width\":280,\"height\":51,\"caption\":\"Fuentes Fidedignas\"},\"image\":{\"@id\":\"https:\\\/\\\/fuentesfidedignas.com.mx\\\/#\\\/schema\\\/logo\\\/image\\\/\"},\"sameAs\":[\"https:\\\/\\\/www.facebook.com\\\/Fuentes-Fidedignas-368234489921644\",\"https:\\\/\\\/x.com\\\/fidedignas\"]},{\"@type\":\"Person\",\"@id\":\"https:\\\/\\\/fuentesfidedignas.com.mx\\\/#\\\/schema\\\/person\\\/918fd83d39fcb0189c41e06c7ce4b519\",\"name\":\"Cuesti\u00f3n de Pol\u00e9mica\",\"image\":{\"@type\":\"ImageObject\",\"inLanguage\":\"es\",\"@id\":\"https:\\\/\\\/secure.gravatar.com\\\/avatar\\\/12ab4d68f5914a3526944eafc05e3c1ab9f40d20f88b451ed0460b784d5538f0?s=96&d=mm&r=g\",\"url\":\"https:\\\/\\\/secure.gravatar.com\\\/avatar\\\/12ab4d68f5914a3526944eafc05e3c1ab9f40d20f88b451ed0460b784d5538f0?s=96&d=mm&r=g\",\"contentUrl\":\"https:\\\/\\\/secure.gravatar.com\\\/avatar\\\/12ab4d68f5914a3526944eafc05e3c1ab9f40d20f88b451ed0460b784d5538f0?s=96&d=mm&r=g\",\"caption\":\"Cuesti\u00f3n de Pol\u00e9mica\"},\"url\":\"https:\\\/\\\/fuentesfidedignas.com.mx\\\/index.php\\\/author\\\/cuestionde\\\/\"}]}<\/script>\n<!-- \/ Yoast SEO plugin. -->","yoast_head_json":{"title":"EU investiga a morenistas por presuntos nexos con \u201cRey del Huachicol\u201d - Fuentes Fidedignas","robots":{"index":"index","follow":"follow","max-snippet":"max-snippet:-1","max-image-preview":"max-image-preview:large","max-video-preview":"max-video-preview:-1"},"canonical":"https:\/\/fuentesfidedignas.com.mx\/index.php\/2025\/09\/10\/eua-investiga-a-morenistas-por-presuntos-nexos-con-rey-del-huachicol\/","og_locale":"es_MX","og_type":"article","og_title":"EU investiga a morenistas por presuntos nexos con \u201cRey del Huachicol\u201d - Fuentes Fidedignas","og_description":"Los se\u00f1alamientos contra pol\u00edticos de Morena no cesan,\u00a0y es que todo indica que el gobierno estadounidense s\u00ed mantiene investigaciones en contra de pol\u00edticos por presuntos nexos con el crimen organizado para traficar huachicol. El gobierno de Estados Unidos mantiene bajo investigaci\u00f3n a tres pol\u00edticos de Morena por sus presuntos v\u00ednculos con Sergio Carmona Angulo, conocido [&hellip;]","og_url":"https:\/\/fuentesfidedignas.com.mx\/index.php\/2025\/09\/10\/eua-investiga-a-morenistas-por-presuntos-nexos-con-rey-del-huachicol\/","og_site_name":"Fuentes Fidedignas","article_publisher":"https:\/\/www.facebook.com\/Fuentes-Fidedignas-368234489921644","article_published_time":"2025-09-10T18:53:40+00:00","article_modified_time":"2025-09-10T22:29:45+00:00","og_image":[{"width":500,"height":333,"url":"https:\/\/fuentesfidedignas.com.mx\/wp-content\/uploads\/2025\/09\/adan_andy.jpeg","type":"image\/jpeg"}],"author":"Cuesti\u00f3n de Pol\u00e9mica","twitter_card":"summary_large_image","twitter_creator":"@fidedignas","twitter_site":"@fidedignas","twitter_misc":{"Escrito por":"Cuesti\u00f3n de Pol\u00e9mica","Tiempo de lectura":"2 minutos"},"schema":{"@context":"https:\/\/schema.org","@graph":[{"@type":"Article","@id":"https:\/\/fuentesfidedignas.com.mx\/index.php\/2025\/09\/10\/eua-investiga-a-morenistas-por-presuntos-nexos-con-rey-del-huachicol\/#article","isPartOf":{"@id":"https:\/\/fuentesfidedignas.com.mx\/index.php\/2025\/09\/10\/eua-investiga-a-morenistas-por-presuntos-nexos-con-rey-del-huachicol\/"},"author":{"name":"Cuesti\u00f3n de Pol\u00e9mica","@id":"https:\/\/fuentesfidedignas.com.mx\/#\/schema\/person\/918fd83d39fcb0189c41e06c7ce4b519"},"headline":"EU investiga a morenistas por presuntos nexos con \u201cRey del Huachicol\u201d","datePublished":"2025-09-10T18:53:40+00:00","dateModified":"2025-09-10T22:29:45+00:00","mainEntityOfPage":{"@id":"https:\/\/fuentesfidedignas.com.mx\/index.php\/2025\/09\/10\/eua-investiga-a-morenistas-por-presuntos-nexos-con-rey-del-huachicol\/"},"wordCount":465,"commentCount":0,"publisher":{"@id":"https:\/\/fuentesfidedignas.com.mx\/#organization"},"image":{"@id":"https:\/\/fuentesfidedignas.com.mx\/index.php\/2025\/09\/10\/eua-investiga-a-morenistas-por-presuntos-nexos-con-rey-del-huachicol\/#primaryimage"},"thumbnailUrl":"https:\/\/fuentesfidedignas.com.mx\/wp-content\/uploads\/2025\/09\/adan_andy.jpeg","articleSection":["NOTICIAS NACIONALES"],"inLanguage":"es","potentialAction":[{"@type":"CommentAction","name":"Comment","target":["https:\/\/fuentesfidedignas.com.mx\/index.php\/2025\/09\/10\/eua-investiga-a-morenistas-por-presuntos-nexos-con-rey-del-huachicol\/#respond"]}]},{"@type":"WebPage","@id":"https:\/\/fuentesfidedignas.com.mx\/index.php\/2025\/09\/10\/eua-investiga-a-morenistas-por-presuntos-nexos-con-rey-del-huachicol\/","url":"https:\/\/fuentesfidedignas.com.mx\/index.php\/2025\/09\/10\/eua-investiga-a-morenistas-por-presuntos-nexos-con-rey-del-huachicol\/","name":"EU investiga a morenistas por presuntos nexos con \u201cRey del Huachicol\u201d - Fuentes Fidedignas","isPartOf":{"@id":"https:\/\/fuentesfidedignas.com.mx\/#website"},"primaryImageOfPage":{"@id":"https:\/\/fuentesfidedignas.com.mx\/index.php\/2025\/09\/10\/eua-investiga-a-morenistas-por-presuntos-nexos-con-rey-del-huachicol\/#primaryimage"},"image":{"@id":"https:\/\/fuentesfidedignas.com.mx\/index.php\/2025\/09\/10\/eua-investiga-a-morenistas-por-presuntos-nexos-con-rey-del-huachicol\/#primaryimage"},"thumbnailUrl":"https:\/\/fuentesfidedignas.com.mx\/wp-content\/uploads\/2025\/09\/adan_andy.jpeg","datePublished":"2025-09-10T18:53:40+00:00","dateModified":"2025-09-10T22:29:45+00:00","breadcrumb":{"@id":"https:\/\/fuentesfidedignas.com.mx\/index.php\/2025\/09\/10\/eua-investiga-a-morenistas-por-presuntos-nexos-con-rey-del-huachicol\/#breadcrumb"},"inLanguage":"es","potentialAction":[{"@type":"ReadAction","target":["https:\/\/fuentesfidedignas.com.mx\/index.php\/2025\/09\/10\/eua-investiga-a-morenistas-por-presuntos-nexos-con-rey-del-huachicol\/"]}]},{"@type":"ImageObject","inLanguage":"es","@id":"https:\/\/fuentesfidedignas.com.mx\/index.php\/2025\/09\/10\/eua-investiga-a-morenistas-por-presuntos-nexos-con-rey-del-huachicol\/#primaryimage","url":"https:\/\/fuentesfidedignas.com.mx\/wp-content\/uploads\/2025\/09\/adan_andy.jpeg","contentUrl":"https:\/\/fuentesfidedignas.com.mx\/wp-content\/uploads\/2025\/09\/adan_andy.jpeg","width":500,"height":333},{"@type":"BreadcrumbList","@id":"https:\/\/fuentesfidedignas.com.mx\/index.php\/2025\/09\/10\/eua-investiga-a-morenistas-por-presuntos-nexos-con-rey-del-huachicol\/#breadcrumb","itemListElement":[{"@type":"ListItem","position":1,"name":"Inicio","item":"https:\/\/fuentesfidedignas.com.mx\/"},{"@type":"ListItem","position":2,"name":"EU investiga a morenistas por presuntos nexos con \u201cRey del Huachicol\u201d"}]},{"@type":"WebSite","@id":"https:\/\/fuentesfidedignas.com.mx\/#website","url":"https:\/\/fuentesfidedignas.com.mx\/","name":"Fuentes Fidedignas","description":"Otro sitio realizado con WordPress","publisher":{"@id":"https:\/\/fuentesfidedignas.com.mx\/#organization"},"potentialAction":[{"@type":"SearchAction","target":{"@type":"EntryPoint","urlTemplate":"https:\/\/fuentesfidedignas.com.mx\/?s={search_term_string}"},"query-input":{"@type":"PropertyValueSpecification","valueRequired":true,"valueName":"search_term_string"}}],"inLanguage":"es"},{"@type":"Organization","@id":"https:\/\/fuentesfidedignas.com.mx\/#organization","name":"Fuentes Fidedignas","url":"https:\/\/fuentesfidedignas.com.mx\/","logo":{"@type":"ImageObject","inLanguage":"es","@id":"https:\/\/fuentesfidedignas.com.mx\/#\/schema\/logo\/image\/","url":"https:\/\/fuentesfidedignas.com.mx\/wp-content\/uploads\/2021\/04\/logo-retina.png","contentUrl":"https:\/\/fuentesfidedignas.com.mx\/wp-content\/uploads\/2021\/04\/logo-retina.png","width":280,"height":51,"caption":"Fuentes Fidedignas"},"image":{"@id":"https:\/\/fuentesfidedignas.com.mx\/#\/schema\/logo\/image\/"},"sameAs":["https:\/\/www.facebook.com\/Fuentes-Fidedignas-368234489921644","https:\/\/x.com\/fidedignas"]},{"@type":"Person","@id":"https:\/\/fuentesfidedignas.com.mx\/#\/schema\/person\/918fd83d39fcb0189c41e06c7ce4b519","name":"Cuesti\u00f3n de Pol\u00e9mica","image":{"@type":"ImageObject","inLanguage":"es","@id":"https:\/\/secure.gravatar.com\/avatar\/12ab4d68f5914a3526944eafc05e3c1ab9f40d20f88b451ed0460b784d5538f0?s=96&d=mm&r=g","url":"https:\/\/secure.gravatar.com\/avatar\/12ab4d68f5914a3526944eafc05e3c1ab9f40d20f88b451ed0460b784d5538f0?s=96&d=mm&r=g","contentUrl":"https:\/\/secure.gravatar.com\/avatar\/12ab4d68f5914a3526944eafc05e3c1ab9f40d20f88b451ed0460b784d5538f0?s=96&d=mm&r=g","caption":"Cuesti\u00f3n de Pol\u00e9mica"},"url":"https:\/\/fuentesfidedignas.com.mx\/index.php\/author\/cuestionde\/"}]}},"_links":{"self":[{"href":"https:\/\/fuentesfidedignas.com.mx\/index.php\/wp-json\/wp\/v2\/posts\/117045","targetHints":{"allow":["GET"]}}],"collection":[{"href":"https:\/\/fuentesfidedignas.com.mx\/index.php\/wp-json\/wp\/v2\/posts"}],"about":[{"href":"https:\/\/fuentesfidedignas.com.mx\/index.php\/wp-json\/wp\/v2\/types\/post"}],"author":[{"embeddable":true,"href":"https:\/\/fuentesfidedignas.com.mx\/index.php\/wp-json\/wp\/v2\/users\/199"}],"replies":[{"embeddable":true,"href":"https:\/\/fuentesfidedignas.com.mx\/index.php\/wp-json\/wp\/v2\/comments?post=117045"}],"version-history":[{"count":2,"href":"https:\/\/fuentesfidedignas.com.mx\/index.php\/wp-json\/wp\/v2\/posts\/117045\/revisions"}],"predecessor-version":[{"id":117079,"href":"https:\/\/fuentesfidedignas.com.mx\/index.php\/wp-json\/wp\/v2\/posts\/117045\/revisions\/117079"}],"wp:featuredmedia":[{"embeddable":true,"href":"https:\/\/fuentesfidedignas.com.mx\/index.php\/wp-json\/wp\/v2\/media\/117047"}],"wp:attachment":[{"href":"https:\/\/fuentesfidedignas.com.mx\/index.php\/wp-json\/wp\/v2\/media?parent=117045"}],"wp:term":[{"taxonomy":"category","embeddable":true,"href":"https:\/\/fuentesfidedignas.com.mx\/index.php\/wp-json\/wp\/v2\/categories?post=117045"},{"taxonomy":"post_tag","embeddable":true,"href":"https:\/\/fuentesfidedignas.com.mx\/index.php\/wp-json\/wp\/v2\/tags?post=117045"}],"curies":[{"name":"wp","href":"https:\/\/api.w.org\/{rel}","templated":true}]}}