{"id":116785,"date":"2025-09-06T10:43:21","date_gmt":"2025-09-06T17:43:21","guid":{"rendered":"https:\/\/fuentesfidedignas.com.mx\/?p=116785"},"modified":"2025-09-06T10:43:26","modified_gmt":"2025-09-06T17:43:26","slug":"oms-levanta-la-emergencia-sanitaria-internacional-por-viruela-del-mono-ante-el-descenso-de-casos","status":"publish","type":"post","link":"https:\/\/fuentesfidedignas.com.mx\/index.php\/2025\/09\/06\/oms-levanta-la-emergencia-sanitaria-internacional-por-viruela-del-mono-ante-el-descenso-de-casos\/","title":{"rendered":"OMS levanta la emergencia sanitaria internacional por viruela del mono ante el descenso de casos"},"content":{"rendered":"\n<p><\/p>\n\n\n\n<p><strong><em>El director general de la Organizaci\u00f3n Mundial de la Salud (OMS) levant\u00f3 la emergencia sanitaria internacional por viruela del mono<\/em><\/strong><\/p>\n\n\n\n<p>El director general de la\u00a0<strong>Organizaci\u00f3n Mundial de la Salud<\/strong>\u00a0(<strong>OMS<\/strong>),\u00a0<strong>Tedros Adhanom Ghebreyesus<\/strong>, anunci\u00f3 el\u00a0<strong>levantamiento<\/strong>\u00a0de la\u00a0<strong>emergencia sanitaria internacional<\/strong>\u00a0por la\u00a0<strong>viruela del mono<\/strong>\u00a0(<strong>mpox<\/strong>). declarada desde agosto del pasado a\u00f1o, ante el descenso de casos en pa\u00edses especialmente afectados como la Rep\u00fablica Democr\u00e1tica del Congo, Burundi, Sierra Leona y Uganda.<\/p>\n\n\n\n<p>&#8220;Un comit\u00e9 se ha reunido cada tres meses para evaluar la epidemia, este jueves lo hizo de nuevo, me aconsej\u00f3 dejar de considerarla una emergencia internacional y he aceptado la recomendaci\u00f3n\u201d, indic\u00f3 en rueda de prensa.<\/p>\n\n\n\n<p>Era la segunda emergencia internacional por esta enfermedad que hab\u00eda declarado la OMS, tras la decretada entre 2022 y 2023, en aquel caso con numerosos casos tambi\u00e9n en pa\u00edses europeos y americanos, mientras que esta vez los brotes se circunscribieron sobre todo a naciones africanas.<\/p>\n\n\n\n<p>En 2024 se confirmaron al menos 18 mil casos de las distintas variantes de la enfermedad, este a\u00f1o la cifra se eleva a 31 mil, y los casos mortales superan los 200.<\/p>\n\n\n\n<p>Unos 29 mil casos y 28 muertes desde 2024 se han producido en la Rep\u00fablica Democr\u00e1tica del Congo, y otros pa\u00edses afectados han sido Uganda (casi cocho mil contagios y 50 muertos) o Sierra Leona (cinco mil 200 positivos, 56 muertes).<\/p>\n\n\n\n<p>Tedros afirm\u00f3 que el levantamiento de la emergencia \u201cno significa que la amenaza haya terminado ni que nuestra respuesta vaya a detenerse\u201d, y record\u00f3 que la Uni\u00f3n Africana, a trav\u00e9s de sus Centros para el Control y la Prevenci\u00f3n de Enfermedades (CDC), mantiene la alerta continental.<\/p>\n\n\n\n<p>\u201cLa posibilidad de nuevos repuntes y brotes persiste, lo que requiere mantener la capacidad de respuesta activa y esfuerzos continuos para proteger a los grupos m\u00e1s vulnerables, en particular ni\u00f1os y personas que viven con VIH\u201d, asegur\u00f3 el experto et\u00edope.<\/p>\n\n\n\n<p>Pese a ello, afirm\u00f3 el jefe de la agencia sanitaria de la OMS, en los \u00faltimos a\u00f1os se ha avanzado en el conocimiento de los factores causantes de los brotes de viruela s\u00edmica y la capacidad de respuesta, que ha incluido la distribuci\u00f3n de hasta seis millones de vacunas contra el virus.<\/p>\n\n\n\n<p>Tedros tambi\u00e9n subray\u00f3 que la OMS mantiene determinadas recomendaciones para la prevenci\u00f3n de esta enfermedad al menos hasta agosto de 2026.<\/p>\n\n\n\n<p>Teniendo en cuenta las dos emergencias sanitarias, desde 2022 hasta la actualidad se han confirmado en el mundo m\u00e1s de 150 mil casos de viruela del mono, con al menos 377 muertes.<\/p>\n\n\n\n<p><\/p>\n","protected":false},"excerpt":{"rendered":"<p>El director general de la Organizaci\u00f3n Mundial de la Salud (OMS) levant\u00f3 la emergencia sanitaria internacional por viruela del mono El director general de la\u00a0Organizaci\u00f3n Mundial de la Salud\u00a0(OMS),\u00a0Tedros Adhanom Ghebreyesus, anunci\u00f3 el\u00a0levantamiento\u00a0de la\u00a0emergencia sanitaria internacional\u00a0por la\u00a0viruela del mono\u00a0(mpox). declarada desde agosto del pasado a\u00f1o, ante el descenso de casos en pa\u00edses especialmente afectados como [&hellip;]<\/p>\n","protected":false},"author":22,"featured_media":89596,"comment_status":"open","ping_status":"open","sticky":false,"template":"","format":"standard","meta":{"tdm_status":"","tdm_grid_status":"","footnotes":""},"categories":[39],"tags":[],"class_list":{"0":"post-116785","1":"post","2":"type-post","3":"status-publish","4":"format-standard","5":"has-post-thumbnail","7":"category-noticias-nacionales"},"yoast_head":"<!-- This site is optimized with the Yoast SEO plugin v27.5 - https:\/\/yoast.com\/product\/yoast-seo-wordpress\/ -->\n<title>OMS levanta la emergencia sanitaria internacional por viruela del mono ante el descenso de casos - Fuentes Fidedignas<\/title>\n<meta name=\"robots\" content=\"index, follow, max-snippet:-1, max-image-preview:large, max-video-preview:-1\" \/>\n<link rel=\"canonical\" href=\"https:\/\/fuentesfidedignas.com.mx\/index.php\/2025\/09\/06\/oms-levanta-la-emergencia-sanitaria-internacional-por-viruela-del-mono-ante-el-descenso-de-casos\/\" \/>\n<meta property=\"og:locale\" content=\"es_MX\" \/>\n<meta property=\"og:type\" content=\"article\" \/>\n<meta property=\"og:title\" content=\"OMS levanta la emergencia sanitaria internacional por viruela del mono ante el descenso de casos - Fuentes Fidedignas\" \/>\n<meta property=\"og:description\" content=\"El director general de la Organizaci\u00f3n Mundial de la Salud (OMS) levant\u00f3 la emergencia sanitaria internacional por viruela del mono El director general de la\u00a0Organizaci\u00f3n Mundial de la Salud\u00a0(OMS),\u00a0Tedros Adhanom Ghebreyesus, anunci\u00f3 el\u00a0levantamiento\u00a0de la\u00a0emergencia sanitaria internacional\u00a0por la\u00a0viruela del mono\u00a0(mpox). declarada desde agosto del pasado a\u00f1o, ante el descenso de casos en pa\u00edses especialmente afectados como [&hellip;]\" \/>\n<meta property=\"og:url\" content=\"https:\/\/fuentesfidedignas.com.mx\/index.php\/2025\/09\/06\/oms-levanta-la-emergencia-sanitaria-internacional-por-viruela-del-mono-ante-el-descenso-de-casos\/\" \/>\n<meta property=\"og:site_name\" content=\"Fuentes Fidedignas\" \/>\n<meta property=\"article:publisher\" content=\"https:\/\/www.facebook.com\/Fuentes-Fidedignas-368234489921644\" \/>\n<meta property=\"article:published_time\" content=\"2025-09-06T17:43:21+00:00\" \/>\n<meta property=\"article:modified_time\" content=\"2025-09-06T17:43:26+00:00\" \/>\n<meta property=\"og:image\" content=\"https:\/\/fuentesfidedignas.com.mx\/wp-content\/uploads\/2024\/08\/persona-infectada-viruela-mono_98.jpg\" \/>\n\t<meta property=\"og:image:width\" content=\"650\" \/>\n\t<meta property=\"og:image:height\" content=\"365\" \/>\n\t<meta property=\"og:image:type\" content=\"image\/jpeg\" \/>\n<meta name=\"author\" content=\"EFE\" \/>\n<meta name=\"twitter:card\" content=\"summary_large_image\" \/>\n<meta name=\"twitter:creator\" content=\"@fidedignas\" \/>\n<meta name=\"twitter:site\" content=\"@fidedignas\" \/>\n<meta name=\"twitter:label1\" content=\"Escrito por\" \/>\n\t<meta name=\"twitter:data1\" content=\"EFE\" \/>\n\t<meta name=\"twitter:label2\" content=\"Tiempo de lectura\" \/>\n\t<meta name=\"twitter:data2\" content=\"3 minutos\" \/>\n<script type=\"application\/ld+json\" class=\"yoast-schema-graph\">{\"@context\":\"https:\\\/\\\/schema.org\",\"@graph\":[{\"@type\":\"Article\",\"@id\":\"https:\\\/\\\/fuentesfidedignas.com.mx\\\/index.php\\\/2025\\\/09\\\/06\\\/oms-levanta-la-emergencia-sanitaria-internacional-por-viruela-del-mono-ante-el-descenso-de-casos\\\/#article\",\"isPartOf\":{\"@id\":\"https:\\\/\\\/fuentesfidedignas.com.mx\\\/index.php\\\/2025\\\/09\\\/06\\\/oms-levanta-la-emergencia-sanitaria-internacional-por-viruela-del-mono-ante-el-descenso-de-casos\\\/\"},\"author\":{\"name\":\"EFE\",\"@id\":\"https:\\\/\\\/fuentesfidedignas.com.mx\\\/#\\\/schema\\\/person\\\/0d44615087b5a626d5d3f13afe31ac41\"},\"headline\":\"OMS levanta la emergencia sanitaria internacional por viruela del mono ante el descenso de casos\",\"datePublished\":\"2025-09-06T17:43:21+00:00\",\"dateModified\":\"2025-09-06T17:43:26+00:00\",\"mainEntityOfPage\":{\"@id\":\"https:\\\/\\\/fuentesfidedignas.com.mx\\\/index.php\\\/2025\\\/09\\\/06\\\/oms-levanta-la-emergencia-sanitaria-internacional-por-viruela-del-mono-ante-el-descenso-de-casos\\\/\"},\"wordCount\":444,\"commentCount\":0,\"publisher\":{\"@id\":\"https:\\\/\\\/fuentesfidedignas.com.mx\\\/#organization\"},\"image\":{\"@id\":\"https:\\\/\\\/fuentesfidedignas.com.mx\\\/index.php\\\/2025\\\/09\\\/06\\\/oms-levanta-la-emergencia-sanitaria-internacional-por-viruela-del-mono-ante-el-descenso-de-casos\\\/#primaryimage\"},\"thumbnailUrl\":\"https:\\\/\\\/fuentesfidedignas.com.mx\\\/wp-content\\\/uploads\\\/2024\\\/08\\\/persona-infectada-viruela-mono_98.jpg\",\"articleSection\":[\"NOTICIAS NACIONALES\"],\"inLanguage\":\"es\",\"potentialAction\":[{\"@type\":\"CommentAction\",\"name\":\"Comment\",\"target\":[\"https:\\\/\\\/fuentesfidedignas.com.mx\\\/index.php\\\/2025\\\/09\\\/06\\\/oms-levanta-la-emergencia-sanitaria-internacional-por-viruela-del-mono-ante-el-descenso-de-casos\\\/#respond\"]}]},{\"@type\":\"WebPage\",\"@id\":\"https:\\\/\\\/fuentesfidedignas.com.mx\\\/index.php\\\/2025\\\/09\\\/06\\\/oms-levanta-la-emergencia-sanitaria-internacional-por-viruela-del-mono-ante-el-descenso-de-casos\\\/\",\"url\":\"https:\\\/\\\/fuentesfidedignas.com.mx\\\/index.php\\\/2025\\\/09\\\/06\\\/oms-levanta-la-emergencia-sanitaria-internacional-por-viruela-del-mono-ante-el-descenso-de-casos\\\/\",\"name\":\"OMS levanta la emergencia sanitaria internacional por viruela del mono ante el descenso de casos - Fuentes Fidedignas\",\"isPartOf\":{\"@id\":\"https:\\\/\\\/fuentesfidedignas.com.mx\\\/#website\"},\"primaryImageOfPage\":{\"@id\":\"https:\\\/\\\/fuentesfidedignas.com.mx\\\/index.php\\\/2025\\\/09\\\/06\\\/oms-levanta-la-emergencia-sanitaria-internacional-por-viruela-del-mono-ante-el-descenso-de-casos\\\/#primaryimage\"},\"image\":{\"@id\":\"https:\\\/\\\/fuentesfidedignas.com.mx\\\/index.php\\\/2025\\\/09\\\/06\\\/oms-levanta-la-emergencia-sanitaria-internacional-por-viruela-del-mono-ante-el-descenso-de-casos\\\/#primaryimage\"},\"thumbnailUrl\":\"https:\\\/\\\/fuentesfidedignas.com.mx\\\/wp-content\\\/uploads\\\/2024\\\/08\\\/persona-infectada-viruela-mono_98.jpg\",\"datePublished\":\"2025-09-06T17:43:21+00:00\",\"dateModified\":\"2025-09-06T17:43:26+00:00\",\"breadcrumb\":{\"@id\":\"https:\\\/\\\/fuentesfidedignas.com.mx\\\/index.php\\\/2025\\\/09\\\/06\\\/oms-levanta-la-emergencia-sanitaria-internacional-por-viruela-del-mono-ante-el-descenso-de-casos\\\/#breadcrumb\"},\"inLanguage\":\"es\",\"potentialAction\":[{\"@type\":\"ReadAction\",\"target\":[\"https:\\\/\\\/fuentesfidedignas.com.mx\\\/index.php\\\/2025\\\/09\\\/06\\\/oms-levanta-la-emergencia-sanitaria-internacional-por-viruela-del-mono-ante-el-descenso-de-casos\\\/\"]}]},{\"@type\":\"ImageObject\",\"inLanguage\":\"es\",\"@id\":\"https:\\\/\\\/fuentesfidedignas.com.mx\\\/index.php\\\/2025\\\/09\\\/06\\\/oms-levanta-la-emergencia-sanitaria-internacional-por-viruela-del-mono-ante-el-descenso-de-casos\\\/#primaryimage\",\"url\":\"https:\\\/\\\/fuentesfidedignas.com.mx\\\/wp-content\\\/uploads\\\/2024\\\/08\\\/persona-infectada-viruela-mono_98.jpg\",\"contentUrl\":\"https:\\\/\\\/fuentesfidedignas.com.mx\\\/wp-content\\\/uploads\\\/2024\\\/08\\\/persona-infectada-viruela-mono_98.jpg\",\"width\":650,\"height\":365},{\"@type\":\"BreadcrumbList\",\"@id\":\"https:\\\/\\\/fuentesfidedignas.com.mx\\\/index.php\\\/2025\\\/09\\\/06\\\/oms-levanta-la-emergencia-sanitaria-internacional-por-viruela-del-mono-ante-el-descenso-de-casos\\\/#breadcrumb\",\"itemListElement\":[{\"@type\":\"ListItem\",\"position\":1,\"name\":\"Inicio\",\"item\":\"https:\\\/\\\/fuentesfidedignas.com.mx\\\/\"},{\"@type\":\"ListItem\",\"position\":2,\"name\":\"OMS levanta la emergencia sanitaria internacional por viruela del mono ante el descenso de casos\"}]},{\"@type\":\"WebSite\",\"@id\":\"https:\\\/\\\/fuentesfidedignas.com.mx\\\/#website\",\"url\":\"https:\\\/\\\/fuentesfidedignas.com.mx\\\/\",\"name\":\"Fuentes Fidedignas\",\"description\":\"Otro sitio realizado con WordPress\",\"publisher\":{\"@id\":\"https:\\\/\\\/fuentesfidedignas.com.mx\\\/#organization\"},\"potentialAction\":[{\"@type\":\"SearchAction\",\"target\":{\"@type\":\"EntryPoint\",\"urlTemplate\":\"https:\\\/\\\/fuentesfidedignas.com.mx\\\/?s={search_term_string}\"},\"query-input\":{\"@type\":\"PropertyValueSpecification\",\"valueRequired\":true,\"valueName\":\"search_term_string\"}}],\"inLanguage\":\"es\"},{\"@type\":\"Organization\",\"@id\":\"https:\\\/\\\/fuentesfidedignas.com.mx\\\/#organization\",\"name\":\"Fuentes Fidedignas\",\"url\":\"https:\\\/\\\/fuentesfidedignas.com.mx\\\/\",\"logo\":{\"@type\":\"ImageObject\",\"inLanguage\":\"es\",\"@id\":\"https:\\\/\\\/fuentesfidedignas.com.mx\\\/#\\\/schema\\\/logo\\\/image\\\/\",\"url\":\"https:\\\/\\\/fuentesfidedignas.com.mx\\\/wp-content\\\/uploads\\\/2021\\\/04\\\/logo-retina.png\",\"contentUrl\":\"https:\\\/\\\/fuentesfidedignas.com.mx\\\/wp-content\\\/uploads\\\/2021\\\/04\\\/logo-retina.png\",\"width\":280,\"height\":51,\"caption\":\"Fuentes Fidedignas\"},\"image\":{\"@id\":\"https:\\\/\\\/fuentesfidedignas.com.mx\\\/#\\\/schema\\\/logo\\\/image\\\/\"},\"sameAs\":[\"https:\\\/\\\/www.facebook.com\\\/Fuentes-Fidedignas-368234489921644\",\"https:\\\/\\\/x.com\\\/fidedignas\"]},{\"@type\":\"Person\",\"@id\":\"https:\\\/\\\/fuentesfidedignas.com.mx\\\/#\\\/schema\\\/person\\\/0d44615087b5a626d5d3f13afe31ac41\",\"name\":\"EFE\",\"image\":{\"@type\":\"ImageObject\",\"inLanguage\":\"es\",\"@id\":\"https:\\\/\\\/secure.gravatar.com\\\/avatar\\\/7048c2d9b569d9bed55bb53ad23821e6e047aa66338fb6ea9868627bbb9f54e8?s=96&d=mm&r=g\",\"url\":\"https:\\\/\\\/secure.gravatar.com\\\/avatar\\\/7048c2d9b569d9bed55bb53ad23821e6e047aa66338fb6ea9868627bbb9f54e8?s=96&d=mm&r=g\",\"contentUrl\":\"https:\\\/\\\/secure.gravatar.com\\\/avatar\\\/7048c2d9b569d9bed55bb53ad23821e6e047aa66338fb6ea9868627bbb9f54e8?s=96&d=mm&r=g\",\"caption\":\"EFE\"},\"url\":\"https:\\\/\\\/fuentesfidedignas.com.mx\\\/index.php\\\/author\\\/efe\\\/\"}]}<\/script>\n<!-- \/ Yoast SEO plugin. -->","yoast_head_json":{"title":"OMS levanta la emergencia sanitaria internacional por viruela del mono ante el descenso de casos - Fuentes Fidedignas","robots":{"index":"index","follow":"follow","max-snippet":"max-snippet:-1","max-image-preview":"max-image-preview:large","max-video-preview":"max-video-preview:-1"},"canonical":"https:\/\/fuentesfidedignas.com.mx\/index.php\/2025\/09\/06\/oms-levanta-la-emergencia-sanitaria-internacional-por-viruela-del-mono-ante-el-descenso-de-casos\/","og_locale":"es_MX","og_type":"article","og_title":"OMS levanta la emergencia sanitaria internacional por viruela del mono ante el descenso de casos - Fuentes Fidedignas","og_description":"El director general de la Organizaci\u00f3n Mundial de la Salud (OMS) levant\u00f3 la emergencia sanitaria internacional por viruela del mono El director general de la\u00a0Organizaci\u00f3n Mundial de la Salud\u00a0(OMS),\u00a0Tedros Adhanom Ghebreyesus, anunci\u00f3 el\u00a0levantamiento\u00a0de la\u00a0emergencia sanitaria internacional\u00a0por la\u00a0viruela del mono\u00a0(mpox). declarada desde agosto del pasado a\u00f1o, ante el descenso de casos en pa\u00edses especialmente afectados como [&hellip;]","og_url":"https:\/\/fuentesfidedignas.com.mx\/index.php\/2025\/09\/06\/oms-levanta-la-emergencia-sanitaria-internacional-por-viruela-del-mono-ante-el-descenso-de-casos\/","og_site_name":"Fuentes Fidedignas","article_publisher":"https:\/\/www.facebook.com\/Fuentes-Fidedignas-368234489921644","article_published_time":"2025-09-06T17:43:21+00:00","article_modified_time":"2025-09-06T17:43:26+00:00","og_image":[{"width":650,"height":365,"url":"https:\/\/fuentesfidedignas.com.mx\/wp-content\/uploads\/2024\/08\/persona-infectada-viruela-mono_98.jpg","type":"image\/jpeg"}],"author":"EFE","twitter_card":"summary_large_image","twitter_creator":"@fidedignas","twitter_site":"@fidedignas","twitter_misc":{"Escrito por":"EFE","Tiempo de lectura":"3 minutos"},"schema":{"@context":"https:\/\/schema.org","@graph":[{"@type":"Article","@id":"https:\/\/fuentesfidedignas.com.mx\/index.php\/2025\/09\/06\/oms-levanta-la-emergencia-sanitaria-internacional-por-viruela-del-mono-ante-el-descenso-de-casos\/#article","isPartOf":{"@id":"https:\/\/fuentesfidedignas.com.mx\/index.php\/2025\/09\/06\/oms-levanta-la-emergencia-sanitaria-internacional-por-viruela-del-mono-ante-el-descenso-de-casos\/"},"author":{"name":"EFE","@id":"https:\/\/fuentesfidedignas.com.mx\/#\/schema\/person\/0d44615087b5a626d5d3f13afe31ac41"},"headline":"OMS levanta la emergencia sanitaria internacional por viruela del mono ante el descenso de casos","datePublished":"2025-09-06T17:43:21+00:00","dateModified":"2025-09-06T17:43:26+00:00","mainEntityOfPage":{"@id":"https:\/\/fuentesfidedignas.com.mx\/index.php\/2025\/09\/06\/oms-levanta-la-emergencia-sanitaria-internacional-por-viruela-del-mono-ante-el-descenso-de-casos\/"},"wordCount":444,"commentCount":0,"publisher":{"@id":"https:\/\/fuentesfidedignas.com.mx\/#organization"},"image":{"@id":"https:\/\/fuentesfidedignas.com.mx\/index.php\/2025\/09\/06\/oms-levanta-la-emergencia-sanitaria-internacional-por-viruela-del-mono-ante-el-descenso-de-casos\/#primaryimage"},"thumbnailUrl":"https:\/\/fuentesfidedignas.com.mx\/wp-content\/uploads\/2024\/08\/persona-infectada-viruela-mono_98.jpg","articleSection":["NOTICIAS NACIONALES"],"inLanguage":"es","potentialAction":[{"@type":"CommentAction","name":"Comment","target":["https:\/\/fuentesfidedignas.com.mx\/index.php\/2025\/09\/06\/oms-levanta-la-emergencia-sanitaria-internacional-por-viruela-del-mono-ante-el-descenso-de-casos\/#respond"]}]},{"@type":"WebPage","@id":"https:\/\/fuentesfidedignas.com.mx\/index.php\/2025\/09\/06\/oms-levanta-la-emergencia-sanitaria-internacional-por-viruela-del-mono-ante-el-descenso-de-casos\/","url":"https:\/\/fuentesfidedignas.com.mx\/index.php\/2025\/09\/06\/oms-levanta-la-emergencia-sanitaria-internacional-por-viruela-del-mono-ante-el-descenso-de-casos\/","name":"OMS levanta la emergencia sanitaria internacional por viruela del mono ante el descenso de casos - Fuentes Fidedignas","isPartOf":{"@id":"https:\/\/fuentesfidedignas.com.mx\/#website"},"primaryImageOfPage":{"@id":"https:\/\/fuentesfidedignas.com.mx\/index.php\/2025\/09\/06\/oms-levanta-la-emergencia-sanitaria-internacional-por-viruela-del-mono-ante-el-descenso-de-casos\/#primaryimage"},"image":{"@id":"https:\/\/fuentesfidedignas.com.mx\/index.php\/2025\/09\/06\/oms-levanta-la-emergencia-sanitaria-internacional-por-viruela-del-mono-ante-el-descenso-de-casos\/#primaryimage"},"thumbnailUrl":"https:\/\/fuentesfidedignas.com.mx\/wp-content\/uploads\/2024\/08\/persona-infectada-viruela-mono_98.jpg","datePublished":"2025-09-06T17:43:21+00:00","dateModified":"2025-09-06T17:43:26+00:00","breadcrumb":{"@id":"https:\/\/fuentesfidedignas.com.mx\/index.php\/2025\/09\/06\/oms-levanta-la-emergencia-sanitaria-internacional-por-viruela-del-mono-ante-el-descenso-de-casos\/#breadcrumb"},"inLanguage":"es","potentialAction":[{"@type":"ReadAction","target":["https:\/\/fuentesfidedignas.com.mx\/index.php\/2025\/09\/06\/oms-levanta-la-emergencia-sanitaria-internacional-por-viruela-del-mono-ante-el-descenso-de-casos\/"]}]},{"@type":"ImageObject","inLanguage":"es","@id":"https:\/\/fuentesfidedignas.com.mx\/index.php\/2025\/09\/06\/oms-levanta-la-emergencia-sanitaria-internacional-por-viruela-del-mono-ante-el-descenso-de-casos\/#primaryimage","url":"https:\/\/fuentesfidedignas.com.mx\/wp-content\/uploads\/2024\/08\/persona-infectada-viruela-mono_98.jpg","contentUrl":"https:\/\/fuentesfidedignas.com.mx\/wp-content\/uploads\/2024\/08\/persona-infectada-viruela-mono_98.jpg","width":650,"height":365},{"@type":"BreadcrumbList","@id":"https:\/\/fuentesfidedignas.com.mx\/index.php\/2025\/09\/06\/oms-levanta-la-emergencia-sanitaria-internacional-por-viruela-del-mono-ante-el-descenso-de-casos\/#breadcrumb","itemListElement":[{"@type":"ListItem","position":1,"name":"Inicio","item":"https:\/\/fuentesfidedignas.com.mx\/"},{"@type":"ListItem","position":2,"name":"OMS levanta la emergencia sanitaria internacional por viruela del mono ante el descenso de casos"}]},{"@type":"WebSite","@id":"https:\/\/fuentesfidedignas.com.mx\/#website","url":"https:\/\/fuentesfidedignas.com.mx\/","name":"Fuentes Fidedignas","description":"Otro sitio realizado con WordPress","publisher":{"@id":"https:\/\/fuentesfidedignas.com.mx\/#organization"},"potentialAction":[{"@type":"SearchAction","target":{"@type":"EntryPoint","urlTemplate":"https:\/\/fuentesfidedignas.com.mx\/?s={search_term_string}"},"query-input":{"@type":"PropertyValueSpecification","valueRequired":true,"valueName":"search_term_string"}}],"inLanguage":"es"},{"@type":"Organization","@id":"https:\/\/fuentesfidedignas.com.mx\/#organization","name":"Fuentes Fidedignas","url":"https:\/\/fuentesfidedignas.com.mx\/","logo":{"@type":"ImageObject","inLanguage":"es","@id":"https:\/\/fuentesfidedignas.com.mx\/#\/schema\/logo\/image\/","url":"https:\/\/fuentesfidedignas.com.mx\/wp-content\/uploads\/2021\/04\/logo-retina.png","contentUrl":"https:\/\/fuentesfidedignas.com.mx\/wp-content\/uploads\/2021\/04\/logo-retina.png","width":280,"height":51,"caption":"Fuentes Fidedignas"},"image":{"@id":"https:\/\/fuentesfidedignas.com.mx\/#\/schema\/logo\/image\/"},"sameAs":["https:\/\/www.facebook.com\/Fuentes-Fidedignas-368234489921644","https:\/\/x.com\/fidedignas"]},{"@type":"Person","@id":"https:\/\/fuentesfidedignas.com.mx\/#\/schema\/person\/0d44615087b5a626d5d3f13afe31ac41","name":"EFE","image":{"@type":"ImageObject","inLanguage":"es","@id":"https:\/\/secure.gravatar.com\/avatar\/7048c2d9b569d9bed55bb53ad23821e6e047aa66338fb6ea9868627bbb9f54e8?s=96&d=mm&r=g","url":"https:\/\/secure.gravatar.com\/avatar\/7048c2d9b569d9bed55bb53ad23821e6e047aa66338fb6ea9868627bbb9f54e8?s=96&d=mm&r=g","contentUrl":"https:\/\/secure.gravatar.com\/avatar\/7048c2d9b569d9bed55bb53ad23821e6e047aa66338fb6ea9868627bbb9f54e8?s=96&d=mm&r=g","caption":"EFE"},"url":"https:\/\/fuentesfidedignas.com.mx\/index.php\/author\/efe\/"}]}},"_links":{"self":[{"href":"https:\/\/fuentesfidedignas.com.mx\/index.php\/wp-json\/wp\/v2\/posts\/116785","targetHints":{"allow":["GET"]}}],"collection":[{"href":"https:\/\/fuentesfidedignas.com.mx\/index.php\/wp-json\/wp\/v2\/posts"}],"about":[{"href":"https:\/\/fuentesfidedignas.com.mx\/index.php\/wp-json\/wp\/v2\/types\/post"}],"author":[{"embeddable":true,"href":"https:\/\/fuentesfidedignas.com.mx\/index.php\/wp-json\/wp\/v2\/users\/22"}],"replies":[{"embeddable":true,"href":"https:\/\/fuentesfidedignas.com.mx\/index.php\/wp-json\/wp\/v2\/comments?post=116785"}],"version-history":[{"count":1,"href":"https:\/\/fuentesfidedignas.com.mx\/index.php\/wp-json\/wp\/v2\/posts\/116785\/revisions"}],"predecessor-version":[{"id":116786,"href":"https:\/\/fuentesfidedignas.com.mx\/index.php\/wp-json\/wp\/v2\/posts\/116785\/revisions\/116786"}],"wp:featuredmedia":[{"embeddable":true,"href":"https:\/\/fuentesfidedignas.com.mx\/index.php\/wp-json\/wp\/v2\/media\/89596"}],"wp:attachment":[{"href":"https:\/\/fuentesfidedignas.com.mx\/index.php\/wp-json\/wp\/v2\/media?parent=116785"}],"wp:term":[{"taxonomy":"category","embeddable":true,"href":"https:\/\/fuentesfidedignas.com.mx\/index.php\/wp-json\/wp\/v2\/categories?post=116785"},{"taxonomy":"post_tag","embeddable":true,"href":"https:\/\/fuentesfidedignas.com.mx\/index.php\/wp-json\/wp\/v2\/tags?post=116785"}],"curies":[{"name":"wp","href":"https:\/\/api.w.org\/{rel}","templated":true}]}}