{"id":116729,"date":"2025-09-05T13:44:04","date_gmt":"2025-09-05T20:44:04","guid":{"rendered":"https:\/\/fuentesfidedignas.com.mx\/?p=116729"},"modified":"2025-09-05T13:44:10","modified_gmt":"2025-09-05T20:44:10","slug":"detiene-unesa-a-juan-n-por-homicidio-calificado-en-grado-de-tentativa","status":"publish","type":"post","link":"https:\/\/fuentesfidedignas.com.mx\/index.php\/2025\/09\/05\/detiene-unesa-a-juan-n-por-homicidio-calificado-en-grado-de-tentativa\/","title":{"rendered":"Detiene UNESA a Juan \u201cN\u201d por homicidio calificado en grado de tentativa"},"content":{"rendered":"\n<p><strong><em> Actualmente se encuentra recluido en el Centro Penitenciario de Aguaruto, en Culiac\u00e1n.<\/em><\/strong><\/p>\n\n\n\n<p>Angostura, Sin.\u2013 La Fiscal\u00eda General del Estado de Sinaloa, a trav\u00e9s de la Unidad Especializada en Aprehensiones (UNESA), ejecut\u00f3 una orden de aprehensi\u00f3n emitida por un Juez en contra de Juan \u201cN\u201d, de 33 a\u00f1os, por su presunta responsabilidad en el delito de homicidio calificado en grado de tentativa.<\/p>\n\n\n\n<p>De acuerdo con los datos de prueba recabados, los hechos ocurrieron en julio de 2025, cuando la v\u00edctima fue agredida presuntamente con un arma blanca mientras se encontraba en su domicilio en Guam\u00fachil, municipio de Salvador Alvarado. Cabe se\u00f1alar que, en septiembre de 2022, la misma persona ya hab\u00eda sufrido una agresi\u00f3n con arma de fuego, en la que tambi\u00e9n se\u00f1al\u00f3 como probable responsable a Juan \u201cN\u201d.<\/p>\n\n\n\n<p>La aprehensi\u00f3n fue cumplimentada por elementos de la UNESA, quienes pusieron al detenido a disposici\u00f3n del Juzgado de Primera Instancia de Control y Enjuiciamiento Penal de la Regi\u00f3n Centro Norte, donde enfrentar\u00e1 el proceso legal. Actualmente se encuentra recluido en el Centro Penitenciario de Aguaruto, en Culiac\u00e1n.<\/p>\n","protected":false},"excerpt":{"rendered":"<p>Actualmente se encuentra recluido en el Centro Penitenciario de Aguaruto, en Culiac\u00e1n. Angostura, Sin.\u2013 La Fiscal\u00eda General del Estado de Sinaloa, a trav\u00e9s de la Unidad Especializada en Aprehensiones (UNESA), ejecut\u00f3 una orden de aprehensi\u00f3n emitida por un Juez en contra de Juan \u201cN\u201d, de 33 a\u00f1os, por su presunta responsabilidad en el delito de [&hellip;]<\/p>\n","protected":false},"author":4,"featured_media":116730,"comment_status":"open","ping_status":"open","sticky":false,"template":"","format":"standard","meta":{"tdm_status":"","tdm_grid_status":"","footnotes":""},"categories":[38],"tags":[],"class_list":{"0":"post-116729","1":"post","2":"type-post","3":"status-publish","4":"format-standard","5":"has-post-thumbnail","7":"category-noticias-locales"},"yoast_head":"<!-- This site is optimized with the Yoast SEO plugin v27.5 - https:\/\/yoast.com\/product\/yoast-seo-wordpress\/ -->\n<title>Detiene UNESA a Juan \u201cN\u201d por homicidio calificado en grado de tentativa - Fuentes Fidedignas<\/title>\n<meta name=\"robots\" content=\"index, follow, max-snippet:-1, max-image-preview:large, max-video-preview:-1\" \/>\n<link rel=\"canonical\" href=\"https:\/\/fuentesfidedignas.com.mx\/index.php\/2025\/09\/05\/detiene-unesa-a-juan-n-por-homicidio-calificado-en-grado-de-tentativa\/\" \/>\n<meta property=\"og:locale\" content=\"es_MX\" \/>\n<meta property=\"og:type\" content=\"article\" \/>\n<meta property=\"og:title\" content=\"Detiene UNESA a Juan \u201cN\u201d por homicidio calificado en grado de tentativa - Fuentes Fidedignas\" \/>\n<meta property=\"og:description\" content=\"Actualmente se encuentra recluido en el Centro Penitenciario de Aguaruto, en Culiac\u00e1n. Angostura, Sin.\u2013 La Fiscal\u00eda General del Estado de Sinaloa, a trav\u00e9s de la Unidad Especializada en Aprehensiones (UNESA), ejecut\u00f3 una orden de aprehensi\u00f3n emitida por un Juez en contra de Juan \u201cN\u201d, de 33 a\u00f1os, por su presunta responsabilidad en el delito de [&hellip;]\" \/>\n<meta property=\"og:url\" content=\"https:\/\/fuentesfidedignas.com.mx\/index.php\/2025\/09\/05\/detiene-unesa-a-juan-n-por-homicidio-calificado-en-grado-de-tentativa\/\" \/>\n<meta property=\"og:site_name\" content=\"Fuentes Fidedignas\" \/>\n<meta property=\"article:publisher\" content=\"https:\/\/www.facebook.com\/Fuentes-Fidedignas-368234489921644\" \/>\n<meta property=\"article:published_time\" content=\"2025-09-05T20:44:04+00:00\" \/>\n<meta property=\"article:modified_time\" content=\"2025-09-05T20:44:10+00:00\" \/>\n<meta property=\"og:image\" content=\"https:\/\/fuentesfidedignas.com.mx\/wp-content\/uploads\/2025\/09\/WhatsApp-Image-2025-09-05-at-1.04.06-PM.jpeg\" \/>\n\t<meta property=\"og:image:width\" content=\"500\" \/>\n\t<meta property=\"og:image:height\" content=\"301\" \/>\n\t<meta property=\"og:image:type\" content=\"image\/jpeg\" \/>\n<meta name=\"author\" content=\"Redacci\u00f3n\" \/>\n<meta name=\"twitter:card\" content=\"summary_large_image\" \/>\n<meta name=\"twitter:creator\" content=\"@fidedignas\" \/>\n<meta name=\"twitter:site\" content=\"@fidedignas\" \/>\n<meta name=\"twitter:label1\" content=\"Escrito por\" \/>\n\t<meta name=\"twitter:data1\" content=\"Redacci\u00f3n\" \/>\n\t<meta name=\"twitter:label2\" content=\"Tiempo de lectura\" \/>\n\t<meta name=\"twitter:data2\" content=\"2 minutos\" \/>\n<script type=\"application\/ld+json\" class=\"yoast-schema-graph\">{\"@context\":\"https:\\\/\\\/schema.org\",\"@graph\":[{\"@type\":\"Article\",\"@id\":\"https:\\\/\\\/fuentesfidedignas.com.mx\\\/index.php\\\/2025\\\/09\\\/05\\\/detiene-unesa-a-juan-n-por-homicidio-calificado-en-grado-de-tentativa\\\/#article\",\"isPartOf\":{\"@id\":\"https:\\\/\\\/fuentesfidedignas.com.mx\\\/index.php\\\/2025\\\/09\\\/05\\\/detiene-unesa-a-juan-n-por-homicidio-calificado-en-grado-de-tentativa\\\/\"},\"author\":{\"name\":\"Redacci\u00f3n\",\"@id\":\"https:\\\/\\\/fuentesfidedignas.com.mx\\\/#\\\/schema\\\/person\\\/331be9283d37198e2acd5750279085b0\"},\"headline\":\"Detiene UNESA a Juan \u201cN\u201d por homicidio calificado en grado de tentativa\",\"datePublished\":\"2025-09-05T20:44:04+00:00\",\"dateModified\":\"2025-09-05T20:44:10+00:00\",\"mainEntityOfPage\":{\"@id\":\"https:\\\/\\\/fuentesfidedignas.com.mx\\\/index.php\\\/2025\\\/09\\\/05\\\/detiene-unesa-a-juan-n-por-homicidio-calificado-en-grado-de-tentativa\\\/\"},\"wordCount\":200,\"commentCount\":0,\"publisher\":{\"@id\":\"https:\\\/\\\/fuentesfidedignas.com.mx\\\/#organization\"},\"image\":{\"@id\":\"https:\\\/\\\/fuentesfidedignas.com.mx\\\/index.php\\\/2025\\\/09\\\/05\\\/detiene-unesa-a-juan-n-por-homicidio-calificado-en-grado-de-tentativa\\\/#primaryimage\"},\"thumbnailUrl\":\"https:\\\/\\\/fuentesfidedignas.com.mx\\\/wp-content\\\/uploads\\\/2025\\\/09\\\/WhatsApp-Image-2025-09-05-at-1.04.06-PM.jpeg\",\"articleSection\":[\"NOTICIAS LOCALES\"],\"inLanguage\":\"es\",\"potentialAction\":[{\"@type\":\"CommentAction\",\"name\":\"Comment\",\"target\":[\"https:\\\/\\\/fuentesfidedignas.com.mx\\\/index.php\\\/2025\\\/09\\\/05\\\/detiene-unesa-a-juan-n-por-homicidio-calificado-en-grado-de-tentativa\\\/#respond\"]}]},{\"@type\":\"WebPage\",\"@id\":\"https:\\\/\\\/fuentesfidedignas.com.mx\\\/index.php\\\/2025\\\/09\\\/05\\\/detiene-unesa-a-juan-n-por-homicidio-calificado-en-grado-de-tentativa\\\/\",\"url\":\"https:\\\/\\\/fuentesfidedignas.com.mx\\\/index.php\\\/2025\\\/09\\\/05\\\/detiene-unesa-a-juan-n-por-homicidio-calificado-en-grado-de-tentativa\\\/\",\"name\":\"Detiene UNESA a Juan \u201cN\u201d por homicidio calificado en grado de tentativa - Fuentes Fidedignas\",\"isPartOf\":{\"@id\":\"https:\\\/\\\/fuentesfidedignas.com.mx\\\/#website\"},\"primaryImageOfPage\":{\"@id\":\"https:\\\/\\\/fuentesfidedignas.com.mx\\\/index.php\\\/2025\\\/09\\\/05\\\/detiene-unesa-a-juan-n-por-homicidio-calificado-en-grado-de-tentativa\\\/#primaryimage\"},\"image\":{\"@id\":\"https:\\\/\\\/fuentesfidedignas.com.mx\\\/index.php\\\/2025\\\/09\\\/05\\\/detiene-unesa-a-juan-n-por-homicidio-calificado-en-grado-de-tentativa\\\/#primaryimage\"},\"thumbnailUrl\":\"https:\\\/\\\/fuentesfidedignas.com.mx\\\/wp-content\\\/uploads\\\/2025\\\/09\\\/WhatsApp-Image-2025-09-05-at-1.04.06-PM.jpeg\",\"datePublished\":\"2025-09-05T20:44:04+00:00\",\"dateModified\":\"2025-09-05T20:44:10+00:00\",\"breadcrumb\":{\"@id\":\"https:\\\/\\\/fuentesfidedignas.com.mx\\\/index.php\\\/2025\\\/09\\\/05\\\/detiene-unesa-a-juan-n-por-homicidio-calificado-en-grado-de-tentativa\\\/#breadcrumb\"},\"inLanguage\":\"es\",\"potentialAction\":[{\"@type\":\"ReadAction\",\"target\":[\"https:\\\/\\\/fuentesfidedignas.com.mx\\\/index.php\\\/2025\\\/09\\\/05\\\/detiene-unesa-a-juan-n-por-homicidio-calificado-en-grado-de-tentativa\\\/\"]}]},{\"@type\":\"ImageObject\",\"inLanguage\":\"es\",\"@id\":\"https:\\\/\\\/fuentesfidedignas.com.mx\\\/index.php\\\/2025\\\/09\\\/05\\\/detiene-unesa-a-juan-n-por-homicidio-calificado-en-grado-de-tentativa\\\/#primaryimage\",\"url\":\"https:\\\/\\\/fuentesfidedignas.com.mx\\\/wp-content\\\/uploads\\\/2025\\\/09\\\/WhatsApp-Image-2025-09-05-at-1.04.06-PM.jpeg\",\"contentUrl\":\"https:\\\/\\\/fuentesfidedignas.com.mx\\\/wp-content\\\/uploads\\\/2025\\\/09\\\/WhatsApp-Image-2025-09-05-at-1.04.06-PM.jpeg\",\"width\":500,\"height\":301},{\"@type\":\"BreadcrumbList\",\"@id\":\"https:\\\/\\\/fuentesfidedignas.com.mx\\\/index.php\\\/2025\\\/09\\\/05\\\/detiene-unesa-a-juan-n-por-homicidio-calificado-en-grado-de-tentativa\\\/#breadcrumb\",\"itemListElement\":[{\"@type\":\"ListItem\",\"position\":1,\"name\":\"Inicio\",\"item\":\"https:\\\/\\\/fuentesfidedignas.com.mx\\\/\"},{\"@type\":\"ListItem\",\"position\":2,\"name\":\"Detiene UNESA a Juan \u201cN\u201d por homicidio calificado en grado de tentativa\"}]},{\"@type\":\"WebSite\",\"@id\":\"https:\\\/\\\/fuentesfidedignas.com.mx\\\/#website\",\"url\":\"https:\\\/\\\/fuentesfidedignas.com.mx\\\/\",\"name\":\"Fuentes Fidedignas\",\"description\":\"Otro sitio realizado con WordPress\",\"publisher\":{\"@id\":\"https:\\\/\\\/fuentesfidedignas.com.mx\\\/#organization\"},\"potentialAction\":[{\"@type\":\"SearchAction\",\"target\":{\"@type\":\"EntryPoint\",\"urlTemplate\":\"https:\\\/\\\/fuentesfidedignas.com.mx\\\/?s={search_term_string}\"},\"query-input\":{\"@type\":\"PropertyValueSpecification\",\"valueRequired\":true,\"valueName\":\"search_term_string\"}}],\"inLanguage\":\"es\"},{\"@type\":\"Organization\",\"@id\":\"https:\\\/\\\/fuentesfidedignas.com.mx\\\/#organization\",\"name\":\"Fuentes Fidedignas\",\"url\":\"https:\\\/\\\/fuentesfidedignas.com.mx\\\/\",\"logo\":{\"@type\":\"ImageObject\",\"inLanguage\":\"es\",\"@id\":\"https:\\\/\\\/fuentesfidedignas.com.mx\\\/#\\\/schema\\\/logo\\\/image\\\/\",\"url\":\"https:\\\/\\\/fuentesfidedignas.com.mx\\\/wp-content\\\/uploads\\\/2021\\\/04\\\/logo-retina.png\",\"contentUrl\":\"https:\\\/\\\/fuentesfidedignas.com.mx\\\/wp-content\\\/uploads\\\/2021\\\/04\\\/logo-retina.png\",\"width\":280,\"height\":51,\"caption\":\"Fuentes Fidedignas\"},\"image\":{\"@id\":\"https:\\\/\\\/fuentesfidedignas.com.mx\\\/#\\\/schema\\\/logo\\\/image\\\/\"},\"sameAs\":[\"https:\\\/\\\/www.facebook.com\\\/Fuentes-Fidedignas-368234489921644\",\"https:\\\/\\\/x.com\\\/fidedignas\"]},{\"@type\":\"Person\",\"@id\":\"https:\\\/\\\/fuentesfidedignas.com.mx\\\/#\\\/schema\\\/person\\\/331be9283d37198e2acd5750279085b0\",\"name\":\"Redacci\u00f3n\",\"image\":{\"@type\":\"ImageObject\",\"inLanguage\":\"es\",\"@id\":\"https:\\\/\\\/secure.gravatar.com\\\/avatar\\\/f6d8782c11d12b2d4ad3fbb6931aeab5309937a4d6cd2fc9cfaa28a6396a5aec?s=96&d=mm&r=g\",\"url\":\"https:\\\/\\\/secure.gravatar.com\\\/avatar\\\/f6d8782c11d12b2d4ad3fbb6931aeab5309937a4d6cd2fc9cfaa28a6396a5aec?s=96&d=mm&r=g\",\"contentUrl\":\"https:\\\/\\\/secure.gravatar.com\\\/avatar\\\/f6d8782c11d12b2d4ad3fbb6931aeab5309937a4d6cd2fc9cfaa28a6396a5aec?s=96&d=mm&r=g\",\"caption\":\"Redacci\u00f3n\"},\"url\":\"https:\\\/\\\/fuentesfidedignas.com.mx\\\/index.php\\\/author\\\/redaccion\\\/\"}]}<\/script>\n<!-- \/ Yoast SEO plugin. -->","yoast_head_json":{"title":"Detiene UNESA a Juan \u201cN\u201d por homicidio calificado en grado de tentativa - Fuentes Fidedignas","robots":{"index":"index","follow":"follow","max-snippet":"max-snippet:-1","max-image-preview":"max-image-preview:large","max-video-preview":"max-video-preview:-1"},"canonical":"https:\/\/fuentesfidedignas.com.mx\/index.php\/2025\/09\/05\/detiene-unesa-a-juan-n-por-homicidio-calificado-en-grado-de-tentativa\/","og_locale":"es_MX","og_type":"article","og_title":"Detiene UNESA a Juan \u201cN\u201d por homicidio calificado en grado de tentativa - Fuentes Fidedignas","og_description":"Actualmente se encuentra recluido en el Centro Penitenciario de Aguaruto, en Culiac\u00e1n. Angostura, Sin.\u2013 La Fiscal\u00eda General del Estado de Sinaloa, a trav\u00e9s de la Unidad Especializada en Aprehensiones (UNESA), ejecut\u00f3 una orden de aprehensi\u00f3n emitida por un Juez en contra de Juan \u201cN\u201d, de 33 a\u00f1os, por su presunta responsabilidad en el delito de [&hellip;]","og_url":"https:\/\/fuentesfidedignas.com.mx\/index.php\/2025\/09\/05\/detiene-unesa-a-juan-n-por-homicidio-calificado-en-grado-de-tentativa\/","og_site_name":"Fuentes Fidedignas","article_publisher":"https:\/\/www.facebook.com\/Fuentes-Fidedignas-368234489921644","article_published_time":"2025-09-05T20:44:04+00:00","article_modified_time":"2025-09-05T20:44:10+00:00","og_image":[{"width":500,"height":301,"url":"https:\/\/fuentesfidedignas.com.mx\/wp-content\/uploads\/2025\/09\/WhatsApp-Image-2025-09-05-at-1.04.06-PM.jpeg","type":"image\/jpeg"}],"author":"Redacci\u00f3n","twitter_card":"summary_large_image","twitter_creator":"@fidedignas","twitter_site":"@fidedignas","twitter_misc":{"Escrito por":"Redacci\u00f3n","Tiempo de lectura":"2 minutos"},"schema":{"@context":"https:\/\/schema.org","@graph":[{"@type":"Article","@id":"https:\/\/fuentesfidedignas.com.mx\/index.php\/2025\/09\/05\/detiene-unesa-a-juan-n-por-homicidio-calificado-en-grado-de-tentativa\/#article","isPartOf":{"@id":"https:\/\/fuentesfidedignas.com.mx\/index.php\/2025\/09\/05\/detiene-unesa-a-juan-n-por-homicidio-calificado-en-grado-de-tentativa\/"},"author":{"name":"Redacci\u00f3n","@id":"https:\/\/fuentesfidedignas.com.mx\/#\/schema\/person\/331be9283d37198e2acd5750279085b0"},"headline":"Detiene UNESA a Juan \u201cN\u201d por homicidio calificado en grado de tentativa","datePublished":"2025-09-05T20:44:04+00:00","dateModified":"2025-09-05T20:44:10+00:00","mainEntityOfPage":{"@id":"https:\/\/fuentesfidedignas.com.mx\/index.php\/2025\/09\/05\/detiene-unesa-a-juan-n-por-homicidio-calificado-en-grado-de-tentativa\/"},"wordCount":200,"commentCount":0,"publisher":{"@id":"https:\/\/fuentesfidedignas.com.mx\/#organization"},"image":{"@id":"https:\/\/fuentesfidedignas.com.mx\/index.php\/2025\/09\/05\/detiene-unesa-a-juan-n-por-homicidio-calificado-en-grado-de-tentativa\/#primaryimage"},"thumbnailUrl":"https:\/\/fuentesfidedignas.com.mx\/wp-content\/uploads\/2025\/09\/WhatsApp-Image-2025-09-05-at-1.04.06-PM.jpeg","articleSection":["NOTICIAS LOCALES"],"inLanguage":"es","potentialAction":[{"@type":"CommentAction","name":"Comment","target":["https:\/\/fuentesfidedignas.com.mx\/index.php\/2025\/09\/05\/detiene-unesa-a-juan-n-por-homicidio-calificado-en-grado-de-tentativa\/#respond"]}]},{"@type":"WebPage","@id":"https:\/\/fuentesfidedignas.com.mx\/index.php\/2025\/09\/05\/detiene-unesa-a-juan-n-por-homicidio-calificado-en-grado-de-tentativa\/","url":"https:\/\/fuentesfidedignas.com.mx\/index.php\/2025\/09\/05\/detiene-unesa-a-juan-n-por-homicidio-calificado-en-grado-de-tentativa\/","name":"Detiene UNESA a Juan \u201cN\u201d por homicidio calificado en grado de tentativa - Fuentes Fidedignas","isPartOf":{"@id":"https:\/\/fuentesfidedignas.com.mx\/#website"},"primaryImageOfPage":{"@id":"https:\/\/fuentesfidedignas.com.mx\/index.php\/2025\/09\/05\/detiene-unesa-a-juan-n-por-homicidio-calificado-en-grado-de-tentativa\/#primaryimage"},"image":{"@id":"https:\/\/fuentesfidedignas.com.mx\/index.php\/2025\/09\/05\/detiene-unesa-a-juan-n-por-homicidio-calificado-en-grado-de-tentativa\/#primaryimage"},"thumbnailUrl":"https:\/\/fuentesfidedignas.com.mx\/wp-content\/uploads\/2025\/09\/WhatsApp-Image-2025-09-05-at-1.04.06-PM.jpeg","datePublished":"2025-09-05T20:44:04+00:00","dateModified":"2025-09-05T20:44:10+00:00","breadcrumb":{"@id":"https:\/\/fuentesfidedignas.com.mx\/index.php\/2025\/09\/05\/detiene-unesa-a-juan-n-por-homicidio-calificado-en-grado-de-tentativa\/#breadcrumb"},"inLanguage":"es","potentialAction":[{"@type":"ReadAction","target":["https:\/\/fuentesfidedignas.com.mx\/index.php\/2025\/09\/05\/detiene-unesa-a-juan-n-por-homicidio-calificado-en-grado-de-tentativa\/"]}]},{"@type":"ImageObject","inLanguage":"es","@id":"https:\/\/fuentesfidedignas.com.mx\/index.php\/2025\/09\/05\/detiene-unesa-a-juan-n-por-homicidio-calificado-en-grado-de-tentativa\/#primaryimage","url":"https:\/\/fuentesfidedignas.com.mx\/wp-content\/uploads\/2025\/09\/WhatsApp-Image-2025-09-05-at-1.04.06-PM.jpeg","contentUrl":"https:\/\/fuentesfidedignas.com.mx\/wp-content\/uploads\/2025\/09\/WhatsApp-Image-2025-09-05-at-1.04.06-PM.jpeg","width":500,"height":301},{"@type":"BreadcrumbList","@id":"https:\/\/fuentesfidedignas.com.mx\/index.php\/2025\/09\/05\/detiene-unesa-a-juan-n-por-homicidio-calificado-en-grado-de-tentativa\/#breadcrumb","itemListElement":[{"@type":"ListItem","position":1,"name":"Inicio","item":"https:\/\/fuentesfidedignas.com.mx\/"},{"@type":"ListItem","position":2,"name":"Detiene UNESA a Juan \u201cN\u201d por homicidio calificado en grado de tentativa"}]},{"@type":"WebSite","@id":"https:\/\/fuentesfidedignas.com.mx\/#website","url":"https:\/\/fuentesfidedignas.com.mx\/","name":"Fuentes Fidedignas","description":"Otro sitio realizado con WordPress","publisher":{"@id":"https:\/\/fuentesfidedignas.com.mx\/#organization"},"potentialAction":[{"@type":"SearchAction","target":{"@type":"EntryPoint","urlTemplate":"https:\/\/fuentesfidedignas.com.mx\/?s={search_term_string}"},"query-input":{"@type":"PropertyValueSpecification","valueRequired":true,"valueName":"search_term_string"}}],"inLanguage":"es"},{"@type":"Organization","@id":"https:\/\/fuentesfidedignas.com.mx\/#organization","name":"Fuentes Fidedignas","url":"https:\/\/fuentesfidedignas.com.mx\/","logo":{"@type":"ImageObject","inLanguage":"es","@id":"https:\/\/fuentesfidedignas.com.mx\/#\/schema\/logo\/image\/","url":"https:\/\/fuentesfidedignas.com.mx\/wp-content\/uploads\/2021\/04\/logo-retina.png","contentUrl":"https:\/\/fuentesfidedignas.com.mx\/wp-content\/uploads\/2021\/04\/logo-retina.png","width":280,"height":51,"caption":"Fuentes Fidedignas"},"image":{"@id":"https:\/\/fuentesfidedignas.com.mx\/#\/schema\/logo\/image\/"},"sameAs":["https:\/\/www.facebook.com\/Fuentes-Fidedignas-368234489921644","https:\/\/x.com\/fidedignas"]},{"@type":"Person","@id":"https:\/\/fuentesfidedignas.com.mx\/#\/schema\/person\/331be9283d37198e2acd5750279085b0","name":"Redacci\u00f3n","image":{"@type":"ImageObject","inLanguage":"es","@id":"https:\/\/secure.gravatar.com\/avatar\/f6d8782c11d12b2d4ad3fbb6931aeab5309937a4d6cd2fc9cfaa28a6396a5aec?s=96&d=mm&r=g","url":"https:\/\/secure.gravatar.com\/avatar\/f6d8782c11d12b2d4ad3fbb6931aeab5309937a4d6cd2fc9cfaa28a6396a5aec?s=96&d=mm&r=g","contentUrl":"https:\/\/secure.gravatar.com\/avatar\/f6d8782c11d12b2d4ad3fbb6931aeab5309937a4d6cd2fc9cfaa28a6396a5aec?s=96&d=mm&r=g","caption":"Redacci\u00f3n"},"url":"https:\/\/fuentesfidedignas.com.mx\/index.php\/author\/redaccion\/"}]}},"_links":{"self":[{"href":"https:\/\/fuentesfidedignas.com.mx\/index.php\/wp-json\/wp\/v2\/posts\/116729","targetHints":{"allow":["GET"]}}],"collection":[{"href":"https:\/\/fuentesfidedignas.com.mx\/index.php\/wp-json\/wp\/v2\/posts"}],"about":[{"href":"https:\/\/fuentesfidedignas.com.mx\/index.php\/wp-json\/wp\/v2\/types\/post"}],"author":[{"embeddable":true,"href":"https:\/\/fuentesfidedignas.com.mx\/index.php\/wp-json\/wp\/v2\/users\/4"}],"replies":[{"embeddable":true,"href":"https:\/\/fuentesfidedignas.com.mx\/index.php\/wp-json\/wp\/v2\/comments?post=116729"}],"version-history":[{"count":1,"href":"https:\/\/fuentesfidedignas.com.mx\/index.php\/wp-json\/wp\/v2\/posts\/116729\/revisions"}],"predecessor-version":[{"id":116731,"href":"https:\/\/fuentesfidedignas.com.mx\/index.php\/wp-json\/wp\/v2\/posts\/116729\/revisions\/116731"}],"wp:featuredmedia":[{"embeddable":true,"href":"https:\/\/fuentesfidedignas.com.mx\/index.php\/wp-json\/wp\/v2\/media\/116730"}],"wp:attachment":[{"href":"https:\/\/fuentesfidedignas.com.mx\/index.php\/wp-json\/wp\/v2\/media?parent=116729"}],"wp:term":[{"taxonomy":"category","embeddable":true,"href":"https:\/\/fuentesfidedignas.com.mx\/index.php\/wp-json\/wp\/v2\/categories?post=116729"},{"taxonomy":"post_tag","embeddable":true,"href":"https:\/\/fuentesfidedignas.com.mx\/index.php\/wp-json\/wp\/v2\/tags?post=116729"}],"curies":[{"name":"wp","href":"https:\/\/api.w.org\/{rel}","templated":true}]}}