{"id":116693,"date":"2025-09-05T09:28:10","date_gmt":"2025-09-05T16:28:10","guid":{"rendered":"https:\/\/fuentesfidedignas.com.mx\/?p=116693"},"modified":"2025-09-05T09:28:16","modified_gmt":"2025-09-05T16:28:16","slug":"muertes-totales-caen-un-2-en-mexico-en-el-primer-trimestre-de-2025","status":"publish","type":"post","link":"https:\/\/fuentesfidedignas.com.mx\/index.php\/2025\/09\/05\/muertes-totales-caen-un-2-en-mexico-en-el-primer-trimestre-de-2025\/","title":{"rendered":"Muertes totales caen un 2% en M\u00e9xico en el primer trimestre de 2025"},"content":{"rendered":"\n<p><strong><em>Las muertes por todas las causas cayeron un 2% interanual en M\u00e9xico hasta un total de 211,894, aunque en cifras absolutas siguen por encima de los niveles prepandemia.<\/em><\/strong><\/p>\n\n\n\n<p>Las muertes por todas las causas cayeron un 2% interanual en M\u00e9xico hasta un total de 211,894, aunque en cifras absolutas siguen por encima de los niveles prepandemia, report\u00f3 este viernes el Instituto Nacional de Estad\u00edstica y Geograf\u00eda (Inegi).<\/p>\n\n\n\n<p>El dato de enero a marzo pasados es menor a los 213,339 fallecimientos reportados en el mismo periodo de 2024, pero mayor a las 202,556 de igual lapso de 2020, cuando la pandemia de Covid-19 lleg\u00f3 al pa\u00eds a finales de febrero.<\/p>\n\n\n\n<p>Por otro lado, la tasa de defunciones por cada 100,000 habitantes fue de 162.5 de enero a marzo de 2025, a\u00f1adi\u00f3 el Inegi.<\/p>\n\n\n\n<p>Este \u00edndice es menor al de 164.5 fallecimientos por cada 100,000 personas del mismo periodo de 2024 y el de 160.9 de igual lapso de 2020.<\/p>\n\n\n\n<p>Del total de defunciones, 55.6% fueron de hombres, 44.3% de mujeres y el resto de g\u00e9nero no precisado.<\/p>\n\n\n\n<p>\u201cEl porcentaje m\u00e1s alto de defunciones se present\u00f3 en personas mayores de 64 a\u00f1os, este ascendi\u00f3 a 59.7%\u201d, ahond\u00f3 el Inegi.<\/p>\n\n\n\n<p><strong>Muertes totales caen un 2% en M\u00e9xico en el primer trimestre de 2025<\/strong><br>Las entidades con las mayores tasas de defunciones registradas y ocurridas por cada 100,000 habitantes fueron Ciudad de M\u00e9xico (214.3), Colima (187.7), Morelos (180.4), Sonora (179.9) y Veracruz (178.9).<\/p>\n\n\n\n<p>En contraste, con los menores \u00edndices estuvieron Guerrero (78.7), Quintana Roo (109), Durango (111.2), Campeche (115.6) y Sinaloa (119.3).<\/p>\n\n\n\n<p>El instituto registr\u00f3 a los males card\u00edacos como la principal causa de muerte en M\u00e9xico, con 51,382 defunciones por esta causa.<\/p>\n\n\n\n<p>Entre las principales ya no figura el Covid-19, que en 2021 fue la mayor causa de muerte con 238,772 defunciones y en 2022 cay\u00f3 a la quinta posici\u00f3n, con 38,508.<\/p>\n\n\n\n<p>El segundo motivo es la diabetes (30,578) y el tercero son los tumores malignos (23,678), mientras que el cuarto fueron la influenza y neumon\u00eda (11,703) y el quinto las enfermedades del h\u00edgado (10,097)<\/p>\n\n\n\n<p>Tambi\u00e9n resalt\u00f3 que los homicidios se mantuvieron como la octava causa de muerte, con 7,133 registrados en los primeros tres meses de 2025.<\/p>\n\n\n\n<p>Las cifras que el Inegi analiz\u00f3 se obtuvieron mediante los certificados de defunci\u00f3n de las Oficial\u00edas del Registro Civil y los Servicios M\u00e9dicos Forenses. Se complement\u00f3 con las actas de defunci\u00f3n del Registro Civil y los cuadernos estad\u00edsticos proporcionados por las Agencias del Ministerio P\u00fablico.<\/p>\n","protected":false},"excerpt":{"rendered":"<p>Las muertes por todas las causas cayeron un 2% interanual en M\u00e9xico hasta un total de 211,894, aunque en cifras absolutas siguen por encima de los niveles prepandemia. Las muertes por todas las causas cayeron un 2% interanual en M\u00e9xico hasta un total de 211,894, aunque en cifras absolutas siguen por encima de los niveles [&hellip;]<\/p>\n","protected":false},"author":22,"featured_media":116694,"comment_status":"open","ping_status":"open","sticky":false,"template":"","format":"standard","meta":{"tdm_status":"","tdm_grid_status":"","footnotes":""},"categories":[39],"tags":[],"class_list":{"0":"post-116693","1":"post","2":"type-post","3":"status-publish","4":"format-standard","5":"has-post-thumbnail","7":"category-noticias-nacionales"},"yoast_head":"<!-- This site is optimized with the Yoast SEO plugin v27.5 - https:\/\/yoast.com\/product\/yoast-seo-wordpress\/ -->\n<title>Muertes totales caen un 2% en M\u00e9xico en el primer trimestre de 2025 - Fuentes Fidedignas<\/title>\n<meta name=\"robots\" content=\"index, follow, max-snippet:-1, max-image-preview:large, max-video-preview:-1\" \/>\n<link rel=\"canonical\" href=\"https:\/\/fuentesfidedignas.com.mx\/index.php\/2025\/09\/05\/muertes-totales-caen-un-2-en-mexico-en-el-primer-trimestre-de-2025\/\" \/>\n<meta property=\"og:locale\" content=\"es_MX\" \/>\n<meta property=\"og:type\" content=\"article\" \/>\n<meta property=\"og:title\" content=\"Muertes totales caen un 2% en M\u00e9xico en el primer trimestre de 2025 - Fuentes Fidedignas\" \/>\n<meta property=\"og:description\" content=\"Las muertes por todas las causas cayeron un 2% interanual en M\u00e9xico hasta un total de 211,894, aunque en cifras absolutas siguen por encima de los niveles prepandemia. Las muertes por todas las causas cayeron un 2% interanual en M\u00e9xico hasta un total de 211,894, aunque en cifras absolutas siguen por encima de los niveles [&hellip;]\" \/>\n<meta property=\"og:url\" content=\"https:\/\/fuentesfidedignas.com.mx\/index.php\/2025\/09\/05\/muertes-totales-caen-un-2-en-mexico-en-el-primer-trimestre-de-2025\/\" \/>\n<meta property=\"og:site_name\" content=\"Fuentes Fidedignas\" \/>\n<meta property=\"article:publisher\" content=\"https:\/\/www.facebook.com\/Fuentes-Fidedignas-368234489921644\" \/>\n<meta property=\"article:published_time\" content=\"2025-09-05T16:28:10+00:00\" \/>\n<meta property=\"article:modified_time\" content=\"2025-09-05T16:28:16+00:00\" \/>\n<meta property=\"og:image\" content=\"https:\/\/fuentesfidedignas.com.mx\/wp-content\/uploads\/2025\/09\/ciudadanos.jpg\" \/>\n\t<meta property=\"og:image:width\" content=\"500\" \/>\n\t<meta property=\"og:image:height\" content=\"275\" \/>\n\t<meta property=\"og:image:type\" content=\"image\/jpeg\" \/>\n<meta name=\"author\" content=\"EFE\" \/>\n<meta name=\"twitter:card\" content=\"summary_large_image\" \/>\n<meta name=\"twitter:creator\" content=\"@fidedignas\" \/>\n<meta name=\"twitter:site\" content=\"@fidedignas\" \/>\n<meta name=\"twitter:label1\" content=\"Escrito por\" \/>\n\t<meta name=\"twitter:data1\" content=\"EFE\" \/>\n\t<meta name=\"twitter:label2\" content=\"Tiempo de lectura\" \/>\n\t<meta name=\"twitter:data2\" content=\"3 minutos\" \/>\n<script type=\"application\/ld+json\" class=\"yoast-schema-graph\">{\"@context\":\"https:\\\/\\\/schema.org\",\"@graph\":[{\"@type\":\"Article\",\"@id\":\"https:\\\/\\\/fuentesfidedignas.com.mx\\\/index.php\\\/2025\\\/09\\\/05\\\/muertes-totales-caen-un-2-en-mexico-en-el-primer-trimestre-de-2025\\\/#article\",\"isPartOf\":{\"@id\":\"https:\\\/\\\/fuentesfidedignas.com.mx\\\/index.php\\\/2025\\\/09\\\/05\\\/muertes-totales-caen-un-2-en-mexico-en-el-primer-trimestre-de-2025\\\/\"},\"author\":{\"name\":\"EFE\",\"@id\":\"https:\\\/\\\/fuentesfidedignas.com.mx\\\/#\\\/schema\\\/person\\\/0d44615087b5a626d5d3f13afe31ac41\"},\"headline\":\"Muertes totales caen un 2% en M\u00e9xico en el primer trimestre de 2025\",\"datePublished\":\"2025-09-05T16:28:10+00:00\",\"dateModified\":\"2025-09-05T16:28:16+00:00\",\"mainEntityOfPage\":{\"@id\":\"https:\\\/\\\/fuentesfidedignas.com.mx\\\/index.php\\\/2025\\\/09\\\/05\\\/muertes-totales-caen-un-2-en-mexico-en-el-primer-trimestre-de-2025\\\/\"},\"wordCount\":401,\"commentCount\":0,\"publisher\":{\"@id\":\"https:\\\/\\\/fuentesfidedignas.com.mx\\\/#organization\"},\"image\":{\"@id\":\"https:\\\/\\\/fuentesfidedignas.com.mx\\\/index.php\\\/2025\\\/09\\\/05\\\/muertes-totales-caen-un-2-en-mexico-en-el-primer-trimestre-de-2025\\\/#primaryimage\"},\"thumbnailUrl\":\"https:\\\/\\\/fuentesfidedignas.com.mx\\\/wp-content\\\/uploads\\\/2025\\\/09\\\/ciudadanos.jpg\",\"articleSection\":[\"NOTICIAS NACIONALES\"],\"inLanguage\":\"es\",\"potentialAction\":[{\"@type\":\"CommentAction\",\"name\":\"Comment\",\"target\":[\"https:\\\/\\\/fuentesfidedignas.com.mx\\\/index.php\\\/2025\\\/09\\\/05\\\/muertes-totales-caen-un-2-en-mexico-en-el-primer-trimestre-de-2025\\\/#respond\"]}]},{\"@type\":\"WebPage\",\"@id\":\"https:\\\/\\\/fuentesfidedignas.com.mx\\\/index.php\\\/2025\\\/09\\\/05\\\/muertes-totales-caen-un-2-en-mexico-en-el-primer-trimestre-de-2025\\\/\",\"url\":\"https:\\\/\\\/fuentesfidedignas.com.mx\\\/index.php\\\/2025\\\/09\\\/05\\\/muertes-totales-caen-un-2-en-mexico-en-el-primer-trimestre-de-2025\\\/\",\"name\":\"Muertes totales caen un 2% en M\u00e9xico en el primer trimestre de 2025 - Fuentes Fidedignas\",\"isPartOf\":{\"@id\":\"https:\\\/\\\/fuentesfidedignas.com.mx\\\/#website\"},\"primaryImageOfPage\":{\"@id\":\"https:\\\/\\\/fuentesfidedignas.com.mx\\\/index.php\\\/2025\\\/09\\\/05\\\/muertes-totales-caen-un-2-en-mexico-en-el-primer-trimestre-de-2025\\\/#primaryimage\"},\"image\":{\"@id\":\"https:\\\/\\\/fuentesfidedignas.com.mx\\\/index.php\\\/2025\\\/09\\\/05\\\/muertes-totales-caen-un-2-en-mexico-en-el-primer-trimestre-de-2025\\\/#primaryimage\"},\"thumbnailUrl\":\"https:\\\/\\\/fuentesfidedignas.com.mx\\\/wp-content\\\/uploads\\\/2025\\\/09\\\/ciudadanos.jpg\",\"datePublished\":\"2025-09-05T16:28:10+00:00\",\"dateModified\":\"2025-09-05T16:28:16+00:00\",\"breadcrumb\":{\"@id\":\"https:\\\/\\\/fuentesfidedignas.com.mx\\\/index.php\\\/2025\\\/09\\\/05\\\/muertes-totales-caen-un-2-en-mexico-en-el-primer-trimestre-de-2025\\\/#breadcrumb\"},\"inLanguage\":\"es\",\"potentialAction\":[{\"@type\":\"ReadAction\",\"target\":[\"https:\\\/\\\/fuentesfidedignas.com.mx\\\/index.php\\\/2025\\\/09\\\/05\\\/muertes-totales-caen-un-2-en-mexico-en-el-primer-trimestre-de-2025\\\/\"]}]},{\"@type\":\"ImageObject\",\"inLanguage\":\"es\",\"@id\":\"https:\\\/\\\/fuentesfidedignas.com.mx\\\/index.php\\\/2025\\\/09\\\/05\\\/muertes-totales-caen-un-2-en-mexico-en-el-primer-trimestre-de-2025\\\/#primaryimage\",\"url\":\"https:\\\/\\\/fuentesfidedignas.com.mx\\\/wp-content\\\/uploads\\\/2025\\\/09\\\/ciudadanos.jpg\",\"contentUrl\":\"https:\\\/\\\/fuentesfidedignas.com.mx\\\/wp-content\\\/uploads\\\/2025\\\/09\\\/ciudadanos.jpg\",\"width\":500,\"height\":275},{\"@type\":\"BreadcrumbList\",\"@id\":\"https:\\\/\\\/fuentesfidedignas.com.mx\\\/index.php\\\/2025\\\/09\\\/05\\\/muertes-totales-caen-un-2-en-mexico-en-el-primer-trimestre-de-2025\\\/#breadcrumb\",\"itemListElement\":[{\"@type\":\"ListItem\",\"position\":1,\"name\":\"Inicio\",\"item\":\"https:\\\/\\\/fuentesfidedignas.com.mx\\\/\"},{\"@type\":\"ListItem\",\"position\":2,\"name\":\"Muertes totales caen un 2% en M\u00e9xico en el primer trimestre de 2025\"}]},{\"@type\":\"WebSite\",\"@id\":\"https:\\\/\\\/fuentesfidedignas.com.mx\\\/#website\",\"url\":\"https:\\\/\\\/fuentesfidedignas.com.mx\\\/\",\"name\":\"Fuentes Fidedignas\",\"description\":\"Otro sitio realizado con WordPress\",\"publisher\":{\"@id\":\"https:\\\/\\\/fuentesfidedignas.com.mx\\\/#organization\"},\"potentialAction\":[{\"@type\":\"SearchAction\",\"target\":{\"@type\":\"EntryPoint\",\"urlTemplate\":\"https:\\\/\\\/fuentesfidedignas.com.mx\\\/?s={search_term_string}\"},\"query-input\":{\"@type\":\"PropertyValueSpecification\",\"valueRequired\":true,\"valueName\":\"search_term_string\"}}],\"inLanguage\":\"es\"},{\"@type\":\"Organization\",\"@id\":\"https:\\\/\\\/fuentesfidedignas.com.mx\\\/#organization\",\"name\":\"Fuentes Fidedignas\",\"url\":\"https:\\\/\\\/fuentesfidedignas.com.mx\\\/\",\"logo\":{\"@type\":\"ImageObject\",\"inLanguage\":\"es\",\"@id\":\"https:\\\/\\\/fuentesfidedignas.com.mx\\\/#\\\/schema\\\/logo\\\/image\\\/\",\"url\":\"https:\\\/\\\/fuentesfidedignas.com.mx\\\/wp-content\\\/uploads\\\/2021\\\/04\\\/logo-retina.png\",\"contentUrl\":\"https:\\\/\\\/fuentesfidedignas.com.mx\\\/wp-content\\\/uploads\\\/2021\\\/04\\\/logo-retina.png\",\"width\":280,\"height\":51,\"caption\":\"Fuentes Fidedignas\"},\"image\":{\"@id\":\"https:\\\/\\\/fuentesfidedignas.com.mx\\\/#\\\/schema\\\/logo\\\/image\\\/\"},\"sameAs\":[\"https:\\\/\\\/www.facebook.com\\\/Fuentes-Fidedignas-368234489921644\",\"https:\\\/\\\/x.com\\\/fidedignas\"]},{\"@type\":\"Person\",\"@id\":\"https:\\\/\\\/fuentesfidedignas.com.mx\\\/#\\\/schema\\\/person\\\/0d44615087b5a626d5d3f13afe31ac41\",\"name\":\"EFE\",\"image\":{\"@type\":\"ImageObject\",\"inLanguage\":\"es\",\"@id\":\"https:\\\/\\\/secure.gravatar.com\\\/avatar\\\/7048c2d9b569d9bed55bb53ad23821e6e047aa66338fb6ea9868627bbb9f54e8?s=96&d=mm&r=g\",\"url\":\"https:\\\/\\\/secure.gravatar.com\\\/avatar\\\/7048c2d9b569d9bed55bb53ad23821e6e047aa66338fb6ea9868627bbb9f54e8?s=96&d=mm&r=g\",\"contentUrl\":\"https:\\\/\\\/secure.gravatar.com\\\/avatar\\\/7048c2d9b569d9bed55bb53ad23821e6e047aa66338fb6ea9868627bbb9f54e8?s=96&d=mm&r=g\",\"caption\":\"EFE\"},\"url\":\"https:\\\/\\\/fuentesfidedignas.com.mx\\\/index.php\\\/author\\\/efe\\\/\"}]}<\/script>\n<!-- \/ Yoast SEO plugin. -->","yoast_head_json":{"title":"Muertes totales caen un 2% en M\u00e9xico en el primer trimestre de 2025 - Fuentes Fidedignas","robots":{"index":"index","follow":"follow","max-snippet":"max-snippet:-1","max-image-preview":"max-image-preview:large","max-video-preview":"max-video-preview:-1"},"canonical":"https:\/\/fuentesfidedignas.com.mx\/index.php\/2025\/09\/05\/muertes-totales-caen-un-2-en-mexico-en-el-primer-trimestre-de-2025\/","og_locale":"es_MX","og_type":"article","og_title":"Muertes totales caen un 2% en M\u00e9xico en el primer trimestre de 2025 - Fuentes Fidedignas","og_description":"Las muertes por todas las causas cayeron un 2% interanual en M\u00e9xico hasta un total de 211,894, aunque en cifras absolutas siguen por encima de los niveles prepandemia. Las muertes por todas las causas cayeron un 2% interanual en M\u00e9xico hasta un total de 211,894, aunque en cifras absolutas siguen por encima de los niveles [&hellip;]","og_url":"https:\/\/fuentesfidedignas.com.mx\/index.php\/2025\/09\/05\/muertes-totales-caen-un-2-en-mexico-en-el-primer-trimestre-de-2025\/","og_site_name":"Fuentes Fidedignas","article_publisher":"https:\/\/www.facebook.com\/Fuentes-Fidedignas-368234489921644","article_published_time":"2025-09-05T16:28:10+00:00","article_modified_time":"2025-09-05T16:28:16+00:00","og_image":[{"width":500,"height":275,"url":"https:\/\/fuentesfidedignas.com.mx\/wp-content\/uploads\/2025\/09\/ciudadanos.jpg","type":"image\/jpeg"}],"author":"EFE","twitter_card":"summary_large_image","twitter_creator":"@fidedignas","twitter_site":"@fidedignas","twitter_misc":{"Escrito por":"EFE","Tiempo de lectura":"3 minutos"},"schema":{"@context":"https:\/\/schema.org","@graph":[{"@type":"Article","@id":"https:\/\/fuentesfidedignas.com.mx\/index.php\/2025\/09\/05\/muertes-totales-caen-un-2-en-mexico-en-el-primer-trimestre-de-2025\/#article","isPartOf":{"@id":"https:\/\/fuentesfidedignas.com.mx\/index.php\/2025\/09\/05\/muertes-totales-caen-un-2-en-mexico-en-el-primer-trimestre-de-2025\/"},"author":{"name":"EFE","@id":"https:\/\/fuentesfidedignas.com.mx\/#\/schema\/person\/0d44615087b5a626d5d3f13afe31ac41"},"headline":"Muertes totales caen un 2% en M\u00e9xico en el primer trimestre de 2025","datePublished":"2025-09-05T16:28:10+00:00","dateModified":"2025-09-05T16:28:16+00:00","mainEntityOfPage":{"@id":"https:\/\/fuentesfidedignas.com.mx\/index.php\/2025\/09\/05\/muertes-totales-caen-un-2-en-mexico-en-el-primer-trimestre-de-2025\/"},"wordCount":401,"commentCount":0,"publisher":{"@id":"https:\/\/fuentesfidedignas.com.mx\/#organization"},"image":{"@id":"https:\/\/fuentesfidedignas.com.mx\/index.php\/2025\/09\/05\/muertes-totales-caen-un-2-en-mexico-en-el-primer-trimestre-de-2025\/#primaryimage"},"thumbnailUrl":"https:\/\/fuentesfidedignas.com.mx\/wp-content\/uploads\/2025\/09\/ciudadanos.jpg","articleSection":["NOTICIAS NACIONALES"],"inLanguage":"es","potentialAction":[{"@type":"CommentAction","name":"Comment","target":["https:\/\/fuentesfidedignas.com.mx\/index.php\/2025\/09\/05\/muertes-totales-caen-un-2-en-mexico-en-el-primer-trimestre-de-2025\/#respond"]}]},{"@type":"WebPage","@id":"https:\/\/fuentesfidedignas.com.mx\/index.php\/2025\/09\/05\/muertes-totales-caen-un-2-en-mexico-en-el-primer-trimestre-de-2025\/","url":"https:\/\/fuentesfidedignas.com.mx\/index.php\/2025\/09\/05\/muertes-totales-caen-un-2-en-mexico-en-el-primer-trimestre-de-2025\/","name":"Muertes totales caen un 2% en M\u00e9xico en el primer trimestre de 2025 - Fuentes Fidedignas","isPartOf":{"@id":"https:\/\/fuentesfidedignas.com.mx\/#website"},"primaryImageOfPage":{"@id":"https:\/\/fuentesfidedignas.com.mx\/index.php\/2025\/09\/05\/muertes-totales-caen-un-2-en-mexico-en-el-primer-trimestre-de-2025\/#primaryimage"},"image":{"@id":"https:\/\/fuentesfidedignas.com.mx\/index.php\/2025\/09\/05\/muertes-totales-caen-un-2-en-mexico-en-el-primer-trimestre-de-2025\/#primaryimage"},"thumbnailUrl":"https:\/\/fuentesfidedignas.com.mx\/wp-content\/uploads\/2025\/09\/ciudadanos.jpg","datePublished":"2025-09-05T16:28:10+00:00","dateModified":"2025-09-05T16:28:16+00:00","breadcrumb":{"@id":"https:\/\/fuentesfidedignas.com.mx\/index.php\/2025\/09\/05\/muertes-totales-caen-un-2-en-mexico-en-el-primer-trimestre-de-2025\/#breadcrumb"},"inLanguage":"es","potentialAction":[{"@type":"ReadAction","target":["https:\/\/fuentesfidedignas.com.mx\/index.php\/2025\/09\/05\/muertes-totales-caen-un-2-en-mexico-en-el-primer-trimestre-de-2025\/"]}]},{"@type":"ImageObject","inLanguage":"es","@id":"https:\/\/fuentesfidedignas.com.mx\/index.php\/2025\/09\/05\/muertes-totales-caen-un-2-en-mexico-en-el-primer-trimestre-de-2025\/#primaryimage","url":"https:\/\/fuentesfidedignas.com.mx\/wp-content\/uploads\/2025\/09\/ciudadanos.jpg","contentUrl":"https:\/\/fuentesfidedignas.com.mx\/wp-content\/uploads\/2025\/09\/ciudadanos.jpg","width":500,"height":275},{"@type":"BreadcrumbList","@id":"https:\/\/fuentesfidedignas.com.mx\/index.php\/2025\/09\/05\/muertes-totales-caen-un-2-en-mexico-en-el-primer-trimestre-de-2025\/#breadcrumb","itemListElement":[{"@type":"ListItem","position":1,"name":"Inicio","item":"https:\/\/fuentesfidedignas.com.mx\/"},{"@type":"ListItem","position":2,"name":"Muertes totales caen un 2% en M\u00e9xico en el primer trimestre de 2025"}]},{"@type":"WebSite","@id":"https:\/\/fuentesfidedignas.com.mx\/#website","url":"https:\/\/fuentesfidedignas.com.mx\/","name":"Fuentes Fidedignas","description":"Otro sitio realizado con WordPress","publisher":{"@id":"https:\/\/fuentesfidedignas.com.mx\/#organization"},"potentialAction":[{"@type":"SearchAction","target":{"@type":"EntryPoint","urlTemplate":"https:\/\/fuentesfidedignas.com.mx\/?s={search_term_string}"},"query-input":{"@type":"PropertyValueSpecification","valueRequired":true,"valueName":"search_term_string"}}],"inLanguage":"es"},{"@type":"Organization","@id":"https:\/\/fuentesfidedignas.com.mx\/#organization","name":"Fuentes Fidedignas","url":"https:\/\/fuentesfidedignas.com.mx\/","logo":{"@type":"ImageObject","inLanguage":"es","@id":"https:\/\/fuentesfidedignas.com.mx\/#\/schema\/logo\/image\/","url":"https:\/\/fuentesfidedignas.com.mx\/wp-content\/uploads\/2021\/04\/logo-retina.png","contentUrl":"https:\/\/fuentesfidedignas.com.mx\/wp-content\/uploads\/2021\/04\/logo-retina.png","width":280,"height":51,"caption":"Fuentes Fidedignas"},"image":{"@id":"https:\/\/fuentesfidedignas.com.mx\/#\/schema\/logo\/image\/"},"sameAs":["https:\/\/www.facebook.com\/Fuentes-Fidedignas-368234489921644","https:\/\/x.com\/fidedignas"]},{"@type":"Person","@id":"https:\/\/fuentesfidedignas.com.mx\/#\/schema\/person\/0d44615087b5a626d5d3f13afe31ac41","name":"EFE","image":{"@type":"ImageObject","inLanguage":"es","@id":"https:\/\/secure.gravatar.com\/avatar\/7048c2d9b569d9bed55bb53ad23821e6e047aa66338fb6ea9868627bbb9f54e8?s=96&d=mm&r=g","url":"https:\/\/secure.gravatar.com\/avatar\/7048c2d9b569d9bed55bb53ad23821e6e047aa66338fb6ea9868627bbb9f54e8?s=96&d=mm&r=g","contentUrl":"https:\/\/secure.gravatar.com\/avatar\/7048c2d9b569d9bed55bb53ad23821e6e047aa66338fb6ea9868627bbb9f54e8?s=96&d=mm&r=g","caption":"EFE"},"url":"https:\/\/fuentesfidedignas.com.mx\/index.php\/author\/efe\/"}]}},"_links":{"self":[{"href":"https:\/\/fuentesfidedignas.com.mx\/index.php\/wp-json\/wp\/v2\/posts\/116693","targetHints":{"allow":["GET"]}}],"collection":[{"href":"https:\/\/fuentesfidedignas.com.mx\/index.php\/wp-json\/wp\/v2\/posts"}],"about":[{"href":"https:\/\/fuentesfidedignas.com.mx\/index.php\/wp-json\/wp\/v2\/types\/post"}],"author":[{"embeddable":true,"href":"https:\/\/fuentesfidedignas.com.mx\/index.php\/wp-json\/wp\/v2\/users\/22"}],"replies":[{"embeddable":true,"href":"https:\/\/fuentesfidedignas.com.mx\/index.php\/wp-json\/wp\/v2\/comments?post=116693"}],"version-history":[{"count":1,"href":"https:\/\/fuentesfidedignas.com.mx\/index.php\/wp-json\/wp\/v2\/posts\/116693\/revisions"}],"predecessor-version":[{"id":116695,"href":"https:\/\/fuentesfidedignas.com.mx\/index.php\/wp-json\/wp\/v2\/posts\/116693\/revisions\/116695"}],"wp:featuredmedia":[{"embeddable":true,"href":"https:\/\/fuentesfidedignas.com.mx\/index.php\/wp-json\/wp\/v2\/media\/116694"}],"wp:attachment":[{"href":"https:\/\/fuentesfidedignas.com.mx\/index.php\/wp-json\/wp\/v2\/media?parent=116693"}],"wp:term":[{"taxonomy":"category","embeddable":true,"href":"https:\/\/fuentesfidedignas.com.mx\/index.php\/wp-json\/wp\/v2\/categories?post=116693"},{"taxonomy":"post_tag","embeddable":true,"href":"https:\/\/fuentesfidedignas.com.mx\/index.php\/wp-json\/wp\/v2\/tags?post=116693"}],"curies":[{"name":"wp","href":"https:\/\/api.w.org\/{rel}","templated":true}]}}